{"id":36507,"date":"2017-10-15T10:01:05","date_gmt":"2017-10-15T13:01:05","guid":{"rendered":"http:\/\/patagoniambiental.com.ar\/info\/?p=36507"},"modified":"2017-10-15T10:01:05","modified_gmt":"2017-10-15T13:01:05","slug":"el-balseiro-recibio-a-los-becarios-de-ensenanza-media-2017","status":"publish","type":"post","link":"https:\/\/patagoniambiental.com.ar\/info\/el-balseiro-recibio-a-los-becarios-de-ensenanza-media-2017\/","title":{"rendered":"El Balseiro recibi\u00f3 a los becarios de Ense\u00f1anza Media 2017"},"content":{"rendered":"<article>\n<div class=\"content an-animate enter-down an-delay-100 au-target\">\n<div class=\"intro\">\n<p>BARILOCHE.- En esta edici\u00f3n, los estudiantes premiados viajaron desde diez provincias de Argentina. Del 9 al 13 de octubre, estuvieron en el Instituto Balseiro y el Centro At\u00f3mico Bariloche donde conocieron a cient\u00edficos y tecn\u00f3logos que trabajan en sus distintos laboratorios. Entre otras actividades m\u00e1s, escucharon charlas y visitaron el reactor escuela RA-6 e INVAP. Como broche final, visitar\u00e1n la Isla Victoria.<\/p>\n<\/div>\n<p>El 16\u00ba concurso nacional de monograf\u00edas del Instituto Balseiro tuvo como tema las energ\u00edas renovables. Los 15 estudiantes ganadores y dos docentes tutores de ese certamen fueron premiados con becas para visitar durante una semana el campus de este instituto en la ciudad de Bariloche. El Balseiro es una instituci\u00f3n de educaci\u00f3n p\u00fablica y gratuita dependiente de la Comisi\u00f3n Nacional de Energ\u00eda At\u00f3mica (CNEA) y la Universidad Nacional de Cuyo (UNCuyo).<br \/>\nEn esta ocasi\u00f3n, en el concurso compitieron 574 monograf\u00edas de 273 escuelas. Los estudiantes premiados con la \u201cBeca Instituto Balseiro para alumnos de escuelas de ense\u00f1anza media\u201d viajaron desde las siguientes diez provincias: Buenos Aires, Chubut, C\u00f3rdoba, Entre R\u00edos, Jujuy, La Rioja, Mendoza, Neuqu\u00e9n, San Luis y Santa Fe. Adem\u00e1s, hubo representantes de la Ciudad Aut\u00f3noma de Buenos Aires (CABA).<\/p>\n<p>Las becas de este programa cubren los gastos de traslado, alojamiento y alimentaci\u00f3n de todos los ganadores del concurso de monograf\u00edas. Las actividades incluyeron la realizaci\u00f3n de experimentos, visitas a laboratorios y asistencia a seminarios.<\/p>\n<p><strong>Un cronograma \u00abapretado\u00bb<\/strong><\/p>\n<p>El primer d\u00eda de la semana, los becarios escucharon charlas sobre la f\u00edsica cu\u00e1ntica, la historia del Instituto Balseiro y la astrobiolog\u00eda. Ese mismo d\u00eda visitaron la empresa INVAP. El martes y el mi\u00e9rcoles por la ma\u00f1ana, especialistas en energ\u00edas renovables compartieron sus conocimientos con el grupo; y por la tarde, pudieron participar en experimentos en los laboratorios del Centro At\u00f3mico Bariloche y escucharon charlas sobre levitaci\u00f3n magn\u00e9tica y relatividad general.<\/p>\n<p>El jueves visitaron al luthier Ra\u00fal P\u00e9rez, realizaron experimentos y estuvieron en el Laboratorio de F\u00edsica Experimental del Balseiro, donde compartieron una clase con los estudiantes de la Licenciatura en F\u00edsica. El viernes, tuvieron la opci\u00f3n de asistir a una clase de Mec\u00e1nica Cu\u00e1ntica. Ese mismo d\u00eda visitaron el reactor escuela RA-6 y por la tarde se hizo la ceremonia de cierre con la entrega de diplomas.<\/p>\n<p>\u201cLos chicos tambi\u00e9n conocieron las facilidades de microscop\u00eda electr\u00f3nica del CAB y el Centro de Radioterapia que est\u00e1 por inaugurarse aqu\u00ed. Este s\u00e1bado, como broche final, realizar\u00e1n una excursi\u00f3n a la Isla Victoria y al Bosque de arrayanes, que son maravillas del parque nacional Nahuel Huapi\u201d, cont\u00f3 Alejandro Butera, integrante de la comisi\u00f3n organizadora de este programa. Y agreg\u00f3: \u201cNuestro objetivo es acercar a los j\u00f3venes a nuestro instituto, y que conozcan de primera fuente a cient\u00edficos y tecn\u00f3logos\u201d. Adem\u00e1s, agradeci\u00f3 a la CNEA, la UNCuyo y la empresa INVAP, que financian la actividad; y a la Municipalidad de Bariloche y la empresa Espacio SA, que donaron la excursi\u00f3n a la Isla Victoria.<\/p>\n<p>Mar\u00eda Cristina Haug, de 18 a\u00f1os de edad, viaj\u00f3 desde San Mart\u00edn de los Andes, Neuqu\u00e9n, para vivenciar esta oportunidad. \u201cFue una experiencia positiva y muy intensa, que en tan solo una semana me mostr\u00f3 una nueva perspectiva del conocimiento cient\u00edfico en relaci\u00f3n con temas actuales. Me relacion\u00e9 con j\u00f3venes curiosos y apasionados por el mundo que los rodea\u201d, cont\u00f3 la estudiante, que piensa estudiar bioingenier\u00eda. Y agreg\u00f3 lo que m\u00e1s le gust\u00f3 fue conocer el Balseiro puertas adentro, a sus docentes y becarios adem\u00e1s de hacer nuevos amigos que perdurar\u00e1n para toda la vida.<\/p>\n<p>Joaqu\u00edn Robador, tambi\u00e9n de 18 a\u00f1os, es oriundo de Chilecito, La Rioja. \u201cEsta beca fue la mejor experiencia que tuve en toda mi vida. Aprend\u00ed much\u00edsimas cosas que ni siquiera imaginaba que exist\u00edan y aprend\u00ed a relacionarme con otros chicos de distintos puntos del pa\u00eds\u201d, cont\u00f3 el becario. Dijo que lo que m\u00e1s le gust\u00f3 fue aprender sobre mec\u00e1nica cu\u00e1ntica y rayos c\u00f3smicos. Quiere estudiar Ingenier\u00eda en Telecomunicaciones en el Balseiro, despu\u00e9s de hacer el ciclo b\u00e1sico en La Rioja y rendir el examen de ingreso en este instituto. \u201cEs un camino duro, pero como me ense\u00f1aron ac\u00e1 es todo cuesti\u00f3n de actitud\u201d.<\/p>\n<p>La convocatoria 2018 de este programa de becas del Instituto Balseiro se abrir\u00e1 nuevamente a principios de marzo, con el comienzo del ciclo lectivo. Para conocer m\u00e1s sobre este programa de becas, saber de qu\u00e9 escuelas son los becarios 2017 y leer todas las monograf\u00edas finalistas, se puede ingresar a www.ib.edu.ar\/becaib.<\/p>\n<p>El Instituto Balseiro (IB) es una instituci\u00f3n de ense\u00f1anza universitaria p\u00fablica y gratuita que tiene como objetivo formar profesionales de alto nivel. Fue creado por la Comisi\u00f3n Nacional de Energ\u00eda At\u00f3mica (CNEA) y la Universidad Nacional de Cuyo (UNCuyo) en abril de 1955. Los ingresantes reciben becas completas otorgadas por la CNEA, que garantizan una dedicaci\u00f3n exclusiva al estudio, en el entorno de investigaci\u00f3n cient\u00edfica y desarrollo tecnol\u00f3gico del Centro At\u00f3mico Bariloche (CAB).<\/p>\n<p>En sus aulas se dictan las carreras de grado de Licenciatura en F\u00edsica, Ingenier\u00eda Nuclear, Ingenier\u00eda Mec\u00e1nica e Ingenier\u00eda en Telecomunicaciones. El IB tambi\u00e9n ofrece la posibilidad de completar una formaci\u00f3n de posgrado mediante las Maestr\u00edas en Ciencias F\u00edsicas, F\u00edsica M\u00e9dica e Ingenier\u00eda; y los Doctorados en F\u00edsica, Ingenier\u00eda Nuclear y Ciencias de la Ingenier\u00eda. Su oferta acad\u00e9mica se completa con la Especializaci\u00f3n en Aplicaciones Tecnol\u00f3gicas de la Energ\u00eda Nuclear. El Instituto Balseiro est\u00e1 en las redes sociales: Facebook.com\/InstitutoBalseiro; Twitter: @IBalseiro; Instagram: institutobalseiro.<\/p>\n<p><strong>Becarios 2017<\/strong><\/p>\n<p>Los becarios de 2017 son: Martina Alfaro Rodr\u00edguez (CABA), Santiago Aranguri D\u00edaz (CABA), Emma Barbosa (Lago Puelo, Chubut), Roc\u00edo Besana (Lavallol, Buenos Aires), Franco Caballero Farf\u00e1n (San Salvador de Jujuy, Jujuy), Trinidad Fanucci (Godoy, Santa Fe), Mar\u00eda Cristina Haug (San Mart\u00edn de los Andes, Neuqu\u00e9n) y Mar\u00eda Clara Miserendino (R\u00edo Ceballos, C\u00f3rdoba).<\/p>\n<p>Completan la lista: Julia Molina (San Luis capital), Gonzalo Padilla Lumelli (Mendoza capital), Joaqu\u00edn Robador (Chilecito, La Rioja), Delfina Rodr\u00edguez Juiz (CABA), DaianaSchemberger (Paraje Tacuaras, Entre R\u00edos), Santiago Thome Andueza (La Plata, Buenos Aires), Mar\u00eda Cecilia Zbrun (Rafaela, Santa Fe). Las escuelas a las que pertenecen se pueden consultar en www.ib.edu.ar\/becaib.<\/p>\n<p>El Comit\u00e9 Organizador de la \u201cBeca IB para alumnos de ense\u00f1anza media\u201d est\u00e1 integrado por: Sergio Su\u00e1rez, Natalia Cuello, Gonzalo Rumi, Franco Mangussi, Fabricio Brollo, Fabiana Laguna, Andrea Bellver y Alejandro Butera. M\u00e1s informaci\u00f3n, en: www.ib.edu.ar\/becaib\/ o www.facebook.com\/BecaIB.<\/p>\n<p>Fuente:\u00a0\u00a0https:\/\/www.bariloche2000.com\/noticias\/leer\/el-balseiro-recibio-a-los-becarios-de-ensenanza-media-2017\/110132<\/p>\n<\/div>\n<\/article>\n<div class=\"articleTools\">\n<div class=\"comment\"><\/div>\n<\/div>\n","protected":false},"excerpt":{"rendered":"<p>BARILOCHE.- En esta edici\u00f3n, los estudiantes premiados viajaron desde diez provincias de Argentina. Del 9 al 13 de octubre, estuvieron [&hellip;]<\/p>\n","protected":false},"author":2,"featured_media":36508,"comment_status":"open","ping_status":"open","sticky":false,"template":"","format":"standard","meta":{"site-sidebar-layout":"default","site-content-layout":"","ast-site-content-layout":"default","site-content-style":"default","site-sidebar-style":"default","ast-global-header-display":"","ast-banner-title-visibility":"","ast-main-header-display":"","ast-hfb-above-header-display":"","ast-hfb-below-header-display":"","ast-hfb-mobile-header-display":"","site-post-title":"","ast-breadcrumbs-content":"","ast-featured-img":"","footer-sml-layout":"","ast-disable-related-posts":"","theme-transparent-header-meta":"","adv-header-id-meta":"","stick-header-meta":"","header-above-stick-meta":"","header-main-stick-meta":"","header-below-stick-meta":"","astra-migrate-meta-layouts":"default","ast-page-background-enabled":"default","ast-page-background-meta":{"desktop":{"background-color":"var(--ast-global-color-5)","background-image":"","background-repeat":"repeat","background-position":"center center","background-size":"auto","background-attachment":"scroll","background-type":"","background-media":"","overlay-type":"","overlay-color":"","overlay-opacity":"","overlay-gradient":""},"tablet":{"background-color":"","background-image":"","background-repeat":"repeat","background-position":"center center","background-size":"auto","background-attachment":"scroll","background-type":"","background-media":"","overlay-type":"","overlay-color":"","overlay-opacity":"","overlay-gradient":""},"mobile":{"background-color":"","background-image":"","background-repeat":"repeat","background-position":"center center","background-size":"auto","background-attachment":"scroll","background-type":"","background-media":"","overlay-type":"","overlay-color":"","overlay-opacity":"","overlay-gradient":""}},"ast-content-background-meta":{"desktop":{"background-color":"var(--ast-global-color-4)","background-image":"","background-repeat":"repeat","background-position":"center center","background-size":"auto","background-attachment":"scroll","background-type":"","background-media":"","overlay-type":"","overlay-color":"","overlay-opacity":"","overlay-gradient":""},"tablet":{"background-color":"var(--ast-global-color-4)","background-image":"","background-repeat":"repeat","background-position":"center center","background-size":"auto","background-attachment":"scroll","background-type":"","background-media":"","overlay-type":"","overlay-color":"","overlay-opacity":"","overlay-gradient":""},"mobile":{"background-color":"var(--ast-global-color-4)","background-image":"","background-repeat":"repeat","background-position":"center center","background-size":"auto","background-attachment":"scroll","background-type":"","background-media":"","overlay-type":"","overlay-color":"","overlay-opacity":"","overlay-gradient":""}},"footnotes":""},"categories":[16,1,10],"tags":[],"class_list":["post-36507","post","type-post","status-publish","format-standard","has-post-thumbnail","hentry","category-municipales","category-noticias","category-rotador"],"yoast_head":"<!-- This site is optimized with the Yoast SEO Premium plugin v23.0 (Yoast SEO v27.4) - https:\/\/yoast.com\/product\/yoast-seo-premium-wordpress\/ -->\n<title>El Balseiro recibi\u00f3 a los becarios de Ense\u00f1anza Media 2017<\/title>\n<meta name=\"robots\" content=\"index, follow, max-snippet:-1, max-image-preview:large, max-video-preview:-1\" \/>\n<link rel=\"canonical\" href=\"https:\/\/patagoniambiental.com.ar\/info\/el-balseiro-recibio-a-los-becarios-de-ensenanza-media-2017\/\" \/>\n<meta property=\"og:locale\" content=\"es_ES\" \/>\n<meta property=\"og:type\" content=\"article\" \/>\n<meta property=\"og:title\" content=\"El Balseiro recibi\u00f3 a los becarios de Ense\u00f1anza Media 2017\" \/>\n<meta property=\"og:description\" content=\"BARILOCHE.- En esta edici\u00f3n, los estudiantes premiados viajaron desde diez provincias de Argentina. Del 9 al 13 de octubre, estuvieron [&hellip;]\" \/>\n<meta property=\"og:url\" content=\"https:\/\/patagoniambiental.com.ar\/info\/el-balseiro-recibio-a-los-becarios-de-ensenanza-media-2017\/\" \/>\n<meta property=\"og:site_name\" content=\"Patagonia Ambiental\" \/>\n<meta property=\"article:publisher\" content=\"https:\/\/www.facebook.com\/patagonia.ambiental\" \/>\n<meta property=\"article:author\" content=\"https:\/\/www.facebook.com\/share\/1C1V8Gv9BX\/?mibextid=qi2Omg\" \/>\n<meta property=\"article:published_time\" content=\"2017-10-15T13:01:05+00:00\" \/>\n<meta property=\"og:image\" content=\"https:\/\/patagoniambiental.com.ar\/info\/wp-content\/uploads\/2017\/10\/balseiro1.jpg\" \/>\n\t<meta property=\"og:image:width\" content=\"800\" \/>\n\t<meta property=\"og:image:height\" content=\"533\" \/>\n\t<meta property=\"og:image:type\" content=\"image\/jpeg\" \/>\n<meta name=\"author\" content=\"Patagonia Ambiental\" \/>\n<meta name=\"twitter:card\" content=\"summary_large_image\" \/>\n<meta name=\"twitter:creator\" content=\"@PatAmb\" \/>\n<meta name=\"twitter:site\" content=\"@PatAmb\" \/>\n<script type=\"application\/ld+json\" class=\"yoast-schema-graph\">{\"@context\":\"https:\\\/\\\/schema.org\",\"@graph\":[{\"@type\":\"Article\",\"@id\":\"https:\\\/\\\/patagoniambiental.com.ar\\\/info\\\/el-balseiro-recibio-a-los-becarios-de-ensenanza-media-2017\\\/#article\",\"isPartOf\":{\"@id\":\"https:\\\/\\\/patagoniambiental.com.ar\\\/info\\\/el-balseiro-recibio-a-los-becarios-de-ensenanza-media-2017\\\/\"},\"author\":{\"name\":\"Patagonia Ambiental\",\"@id\":\"https:\\\/\\\/patagoniambiental.com.ar\\\/info\\\/#\\\/schema\\\/person\\\/db12bff64bbcbf6a253710bf0ea37b5d\"},\"headline\":\"El Balseiro recibi\u00f3 a los becarios de Ense\u00f1anza Media 2017\",\"datePublished\":\"2017-10-15T13:01:05+00:00\",\"mainEntityOfPage\":{\"@id\":\"https:\\\/\\\/patagoniambiental.com.ar\\\/info\\\/el-balseiro-recibio-a-los-becarios-de-ensenanza-media-2017\\\/\"},\"wordCount\":1185,\"commentCount\":0,\"publisher\":{\"@id\":\"https:\\\/\\\/patagoniambiental.com.ar\\\/info\\\/#organization\"},\"image\":{\"@id\":\"https:\\\/\\\/patagoniambiental.com.ar\\\/info\\\/el-balseiro-recibio-a-los-becarios-de-ensenanza-media-2017\\\/#primaryimage\"},\"thumbnailUrl\":\"https:\\\/\\\/patagoniambiental.com.ar\\\/info\\\/wp-content\\\/uploads\\\/2017\\\/10\\\/balseiro1.jpg\",\"articleSection\":[\"Municipales\",\"Noticias\",\"Rotador\"],\"inLanguage\":\"es\",\"potentialAction\":[{\"@type\":\"CommentAction\",\"name\":\"Comment\",\"target\":[\"https:\\\/\\\/patagoniambiental.com.ar\\\/info\\\/el-balseiro-recibio-a-los-becarios-de-ensenanza-media-2017\\\/#respond\"]}]},{\"@type\":\"WebPage\",\"@id\":\"https:\\\/\\\/patagoniambiental.com.ar\\\/info\\\/el-balseiro-recibio-a-los-becarios-de-ensenanza-media-2017\\\/\",\"url\":\"https:\\\/\\\/patagoniambiental.com.ar\\\/info\\\/el-balseiro-recibio-a-los-becarios-de-ensenanza-media-2017\\\/\",\"name\":\"El Balseiro recibi\u00f3 a los becarios de Ense\u00f1anza Media 2017\",\"isPartOf\":{\"@id\":\"https:\\\/\\\/patagoniambiental.com.ar\\\/info\\\/#website\"},\"primaryImageOfPage\":{\"@id\":\"https:\\\/\\\/patagoniambiental.com.ar\\\/info\\\/el-balseiro-recibio-a-los-becarios-de-ensenanza-media-2017\\\/#primaryimage\"},\"image\":{\"@id\":\"https:\\\/\\\/patagoniambiental.com.ar\\\/info\\\/el-balseiro-recibio-a-los-becarios-de-ensenanza-media-2017\\\/#primaryimage\"},\"thumbnailUrl\":\"https:\\\/\\\/patagoniambiental.com.ar\\\/info\\\/wp-content\\\/uploads\\\/2017\\\/10\\\/balseiro1.jpg\",\"datePublished\":\"2017-10-15T13:01:05+00:00\",\"breadcrumb\":{\"@id\":\"https:\\\/\\\/patagoniambiental.com.ar\\\/info\\\/el-balseiro-recibio-a-los-becarios-de-ensenanza-media-2017\\\/#breadcrumb\"},\"inLanguage\":\"es\",\"potentialAction\":[{\"@type\":\"ReadAction\",\"target\":[\"https:\\\/\\\/patagoniambiental.com.ar\\\/info\\\/el-balseiro-recibio-a-los-becarios-de-ensenanza-media-2017\\\/\"]}]},{\"@type\":\"ImageObject\",\"inLanguage\":\"es\",\"@id\":\"https:\\\/\\\/patagoniambiental.com.ar\\\/info\\\/el-balseiro-recibio-a-los-becarios-de-ensenanza-media-2017\\\/#primaryimage\",\"url\":\"https:\\\/\\\/patagoniambiental.com.ar\\\/info\\\/wp-content\\\/uploads\\\/2017\\\/10\\\/balseiro1.jpg\",\"contentUrl\":\"https:\\\/\\\/patagoniambiental.com.ar\\\/info\\\/wp-content\\\/uploads\\\/2017\\\/10\\\/balseiro1.jpg\",\"width\":800,\"height\":533},{\"@type\":\"BreadcrumbList\",\"@id\":\"https:\\\/\\\/patagoniambiental.com.ar\\\/info\\\/el-balseiro-recibio-a-los-becarios-de-ensenanza-media-2017\\\/#breadcrumb\",\"itemListElement\":[{\"@type\":\"ListItem\",\"position\":1,\"name\":\"Inicio\",\"item\":\"https:\\\/\\\/patagoniambiental.com.ar\\\/info\\\/\"},{\"@type\":\"ListItem\",\"position\":2,\"name\":\"El Balseiro recibi\u00f3 a los becarios de Ense\u00f1anza Media 2017\"}]},{\"@type\":\"WebSite\",\"@id\":\"https:\\\/\\\/patagoniambiental.com.ar\\\/info\\\/#website\",\"url\":\"https:\\\/\\\/patagoniambiental.com.ar\\\/info\\\/\",\"name\":\"Patagonia Ambiental\",\"description\":\"Monitoreo y an\u00e1lisis de la situaci\u00f3n geopol\u00edtica en el mundo y su implicancia en la Patagonia\",\"publisher\":{\"@id\":\"https:\\\/\\\/patagoniambiental.com.ar\\\/info\\\/#organization\"},\"potentialAction\":[{\"@type\":\"SearchAction\",\"target\":{\"@type\":\"EntryPoint\",\"urlTemplate\":\"https:\\\/\\\/patagoniambiental.com.ar\\\/info\\\/?s={search_term_string}\"},\"query-input\":{\"@type\":\"PropertyValueSpecification\",\"valueRequired\":true,\"valueName\":\"search_term_string\"}}],\"inLanguage\":\"es\"},{\"@type\":\"Organization\",\"@id\":\"https:\\\/\\\/patagoniambiental.com.ar\\\/info\\\/#organization\",\"name\":\"Patagonia Ambiental\",\"url\":\"https:\\\/\\\/patagoniambiental.com.ar\\\/info\\\/\",\"logo\":{\"@type\":\"ImageObject\",\"inLanguage\":\"es\",\"@id\":\"https:\\\/\\\/patagoniambiental.com.ar\\\/info\\\/#\\\/schema\\\/logo\\\/image\\\/\",\"url\":\"https:\\\/\\\/patagoniambiental.com.ar\\\/info\\\/wp-content\\\/uploads\\\/2025\\\/05\\\/LOGO-PATAGONIA-AMBIENTAL.png\",\"contentUrl\":\"https:\\\/\\\/patagoniambiental.com.ar\\\/info\\\/wp-content\\\/uploads\\\/2025\\\/05\\\/LOGO-PATAGONIA-AMBIENTAL.png\",\"width\":433,\"height\":250,\"caption\":\"Patagonia Ambiental\"},\"image\":{\"@id\":\"https:\\\/\\\/patagoniambiental.com.ar\\\/info\\\/#\\\/schema\\\/logo\\\/image\\\/\"},\"sameAs\":[\"https:\\\/\\\/www.facebook.com\\\/patagonia.ambiental\",\"https:\\\/\\\/x.com\\\/PatAmb\"]},{\"@type\":\"Person\",\"@id\":\"https:\\\/\\\/patagoniambiental.com.ar\\\/info\\\/#\\\/schema\\\/person\\\/db12bff64bbcbf6a253710bf0ea37b5d\",\"name\":\"Patagonia Ambiental\",\"description\":\"Andr\u00e9s Nievas T\u00e9cnico en manejo ambiental, consultor Ambiental y escritor para medios locales e internacionales sobre temas de geopolitica y medio ambiente.\",\"sameAs\":[\"http:\\\/\\\/www.patagoniambiental.com.ar\",\"https:\\\/\\\/www.facebook.com\\\/share\\\/1C1V8Gv9BX\\\/?mibextid=qi2Omg\",\"@patagoniambiental\",\"https:\\\/\\\/youtube.com\\\/@patagoniaambiental2023?si=BLt58t0wuXquxlYZ\"]}]}<\/script>\n<!-- \/ Yoast SEO Premium plugin. -->","yoast_head_json":{"title":"El Balseiro recibi\u00f3 a los becarios de Ense\u00f1anza Media 2017","robots":{"index":"index","follow":"follow","max-snippet":"max-snippet:-1","max-image-preview":"max-image-preview:large","max-video-preview":"max-video-preview:-1"},"canonical":"https:\/\/patagoniambiental.com.ar\/info\/el-balseiro-recibio-a-los-becarios-de-ensenanza-media-2017\/","og_locale":"es_ES","og_type":"article","og_title":"El Balseiro recibi\u00f3 a los becarios de Ense\u00f1anza Media 2017","og_description":"BARILOCHE.- En esta edici\u00f3n, los estudiantes premiados viajaron desde diez provincias de Argentina. Del 9 al 13 de octubre, estuvieron [&hellip;]","og_url":"https:\/\/patagoniambiental.com.ar\/info\/el-balseiro-recibio-a-los-becarios-de-ensenanza-media-2017\/","og_site_name":"Patagonia Ambiental","article_publisher":"https:\/\/www.facebook.com\/patagonia.ambiental","article_author":"https:\/\/www.facebook.com\/share\/1C1V8Gv9BX\/?mibextid=qi2Omg","article_published_time":"2017-10-15T13:01:05+00:00","og_image":[{"width":800,"height":533,"url":"https:\/\/patagoniambiental.com.ar\/info\/wp-content\/uploads\/2017\/10\/balseiro1.jpg","type":"image\/jpeg"}],"author":"Patagonia Ambiental","twitter_card":"summary_large_image","twitter_creator":"@PatAmb","twitter_site":"@PatAmb","schema":{"@context":"https:\/\/schema.org","@graph":[{"@type":"Article","@id":"https:\/\/patagoniambiental.com.ar\/info\/el-balseiro-recibio-a-los-becarios-de-ensenanza-media-2017\/#article","isPartOf":{"@id":"https:\/\/patagoniambiental.com.ar\/info\/el-balseiro-recibio-a-los-becarios-de-ensenanza-media-2017\/"},"author":{"name":"Patagonia Ambiental","@id":"https:\/\/patagoniambiental.com.ar\/info\/#\/schema\/person\/db12bff64bbcbf6a253710bf0ea37b5d"},"headline":"El Balseiro recibi\u00f3 a los becarios de Ense\u00f1anza Media 2017","datePublished":"2017-10-15T13:01:05+00:00","mainEntityOfPage":{"@id":"https:\/\/patagoniambiental.com.ar\/info\/el-balseiro-recibio-a-los-becarios-de-ensenanza-media-2017\/"},"wordCount":1185,"commentCount":0,"publisher":{"@id":"https:\/\/patagoniambiental.com.ar\/info\/#organization"},"image":{"@id":"https:\/\/patagoniambiental.com.ar\/info\/el-balseiro-recibio-a-los-becarios-de-ensenanza-media-2017\/#primaryimage"},"thumbnailUrl":"https:\/\/patagoniambiental.com.ar\/info\/wp-content\/uploads\/2017\/10\/balseiro1.jpg","articleSection":["Municipales","Noticias","Rotador"],"inLanguage":"es","potentialAction":[{"@type":"CommentAction","name":"Comment","target":["https:\/\/patagoniambiental.com.ar\/info\/el-balseiro-recibio-a-los-becarios-de-ensenanza-media-2017\/#respond"]}]},{"@type":"WebPage","@id":"https:\/\/patagoniambiental.com.ar\/info\/el-balseiro-recibio-a-los-becarios-de-ensenanza-media-2017\/","url":"https:\/\/patagoniambiental.com.ar\/info\/el-balseiro-recibio-a-los-becarios-de-ensenanza-media-2017\/","name":"El Balseiro recibi\u00f3 a los becarios de Ense\u00f1anza Media 2017","isPartOf":{"@id":"https:\/\/patagoniambiental.com.ar\/info\/#website"},"primaryImageOfPage":{"@id":"https:\/\/patagoniambiental.com.ar\/info\/el-balseiro-recibio-a-los-becarios-de-ensenanza-media-2017\/#primaryimage"},"image":{"@id":"https:\/\/patagoniambiental.com.ar\/info\/el-balseiro-recibio-a-los-becarios-de-ensenanza-media-2017\/#primaryimage"},"thumbnailUrl":"https:\/\/patagoniambiental.com.ar\/info\/wp-content\/uploads\/2017\/10\/balseiro1.jpg","datePublished":"2017-10-15T13:01:05+00:00","breadcrumb":{"@id":"https:\/\/patagoniambiental.com.ar\/info\/el-balseiro-recibio-a-los-becarios-de-ensenanza-media-2017\/#breadcrumb"},"inLanguage":"es","potentialAction":[{"@type":"ReadAction","target":["https:\/\/patagoniambiental.com.ar\/info\/el-balseiro-recibio-a-los-becarios-de-ensenanza-media-2017\/"]}]},{"@type":"ImageObject","inLanguage":"es","@id":"https:\/\/patagoniambiental.com.ar\/info\/el-balseiro-recibio-a-los-becarios-de-ensenanza-media-2017\/#primaryimage","url":"https:\/\/patagoniambiental.com.ar\/info\/wp-content\/uploads\/2017\/10\/balseiro1.jpg","contentUrl":"https:\/\/patagoniambiental.com.ar\/info\/wp-content\/uploads\/2017\/10\/balseiro1.jpg","width":800,"height":533},{"@type":"BreadcrumbList","@id":"https:\/\/patagoniambiental.com.ar\/info\/el-balseiro-recibio-a-los-becarios-de-ensenanza-media-2017\/#breadcrumb","itemListElement":[{"@type":"ListItem","position":1,"name":"Inicio","item":"https:\/\/patagoniambiental.com.ar\/info\/"},{"@type":"ListItem","position":2,"name":"El Balseiro recibi\u00f3 a los becarios de Ense\u00f1anza Media 2017"}]},{"@type":"WebSite","@id":"https:\/\/patagoniambiental.com.ar\/info\/#website","url":"https:\/\/patagoniambiental.com.ar\/info\/","name":"Patagonia Ambiental","description":"Monitoreo y an\u00e1lisis de la situaci\u00f3n geopol\u00edtica en el mundo y su implicancia en la Patagonia","publisher":{"@id":"https:\/\/patagoniambiental.com.ar\/info\/#organization"},"potentialAction":[{"@type":"SearchAction","target":{"@type":"EntryPoint","urlTemplate":"https:\/\/patagoniambiental.com.ar\/info\/?s={search_term_string}"},"query-input":{"@type":"PropertyValueSpecification","valueRequired":true,"valueName":"search_term_string"}}],"inLanguage":"es"},{"@type":"Organization","@id":"https:\/\/patagoniambiental.com.ar\/info\/#organization","name":"Patagonia Ambiental","url":"https:\/\/patagoniambiental.com.ar\/info\/","logo":{"@type":"ImageObject","inLanguage":"es","@id":"https:\/\/patagoniambiental.com.ar\/info\/#\/schema\/logo\/image\/","url":"https:\/\/patagoniambiental.com.ar\/info\/wp-content\/uploads\/2025\/05\/LOGO-PATAGONIA-AMBIENTAL.png","contentUrl":"https:\/\/patagoniambiental.com.ar\/info\/wp-content\/uploads\/2025\/05\/LOGO-PATAGONIA-AMBIENTAL.png","width":433,"height":250,"caption":"Patagonia Ambiental"},"image":{"@id":"https:\/\/patagoniambiental.com.ar\/info\/#\/schema\/logo\/image\/"},"sameAs":["https:\/\/www.facebook.com\/patagonia.ambiental","https:\/\/x.com\/PatAmb"]},{"@type":"Person","@id":"https:\/\/patagoniambiental.com.ar\/info\/#\/schema\/person\/db12bff64bbcbf6a253710bf0ea37b5d","name":"Patagonia Ambiental","description":"Andr\u00e9s Nievas T\u00e9cnico en manejo ambiental, consultor Ambiental y escritor para medios locales e internacionales sobre temas de geopolitica y medio ambiente.","sameAs":["http:\/\/www.patagoniambiental.com.ar","https:\/\/www.facebook.com\/share\/1C1V8Gv9BX\/?mibextid=qi2Omg","@patagoniambiental","https:\/\/youtube.com\/@patagoniaambiental2023?si=BLt58t0wuXquxlYZ"]}]}},"_links":{"self":[{"href":"https:\/\/patagoniambiental.com.ar\/info\/wp-json\/wp\/v2\/posts\/36507","targetHints":{"allow":["GET"]}}],"collection":[{"href":"https:\/\/patagoniambiental.com.ar\/info\/wp-json\/wp\/v2\/posts"}],"about":[{"href":"https:\/\/patagoniambiental.com.ar\/info\/wp-json\/wp\/v2\/types\/post"}],"author":[{"embeddable":true,"href":"https:\/\/patagoniambiental.com.ar\/info\/wp-json\/wp\/v2\/users\/2"}],"replies":[{"embeddable":true,"href":"https:\/\/patagoniambiental.com.ar\/info\/wp-json\/wp\/v2\/comments?post=36507"}],"version-history":[{"count":0,"href":"https:\/\/patagoniambiental.com.ar\/info\/wp-json\/wp\/v2\/posts\/36507\/revisions"}],"wp:featuredmedia":[{"embeddable":true,"href":"https:\/\/patagoniambiental.com.ar\/info\/wp-json\/wp\/v2\/media\/36508"}],"wp:attachment":[{"href":"https:\/\/patagoniambiental.com.ar\/info\/wp-json\/wp\/v2\/media?parent=36507"}],"wp:term":[{"taxonomy":"category","embeddable":true,"href":"https:\/\/patagoniambiental.com.ar\/info\/wp-json\/wp\/v2\/categories?post=36507"},{"taxonomy":"post_tag","embeddable":true,"href":"https:\/\/patagoniambiental.com.ar\/info\/wp-json\/wp\/v2\/tags?post=36507"}],"curies":[{"name":"wp","href":"https:\/\/api.w.org\/{rel}","templated":true}]}}