{"id":36519,"date":"2017-10-16T09:13:25","date_gmt":"2017-10-16T12:13:25","guid":{"rendered":"http:\/\/patagoniambiental.com.ar\/info\/?p=36519"},"modified":"2017-10-16T09:13:25","modified_gmt":"2017-10-16T12:13:25","slug":"para-potenciar-las-energias-renovables-se-deben-mejorar-las-redes-electricas","status":"publish","type":"post","link":"https:\/\/patagoniambiental.com.ar\/info\/para-potenciar-las-energias-renovables-se-deben-mejorar-las-redes-electricas\/","title":{"rendered":"\u00abPara potenciar las energ\u00edas renovables, se deben mejorar las redes el\u00e9ctricas\u00bb"},"content":{"rendered":"<p>Por el crecimiento demogr\u00e1fico y la mayor demanda, se buscan alternativas ante la saturaci\u00f3n del sistema energ\u00e9tico actual en todo el pa\u00eds. Esto gener\u00f3 que se empiecen a crear condiciones favorables para la explotaci\u00f3n de las energ\u00edas renovables (e\u00f3lica, solar, hidroel\u00e9ctrica, biocombustible, etc). Ante este panorama el ministro de Servicios P\u00fablicos, Guillermo Dalla Lasta, advirti\u00f3 que Catamarca tiene una gran potencia para explotar energ\u00edas renovables, pero antes se deben mejorar las l\u00edneas energ\u00e9ticas. Desde el organismo se present\u00f3 un proyecto ambicioso para hacer un interconectado a trav\u00e9s de La Rioja-Chumbicha y el oeste provincial.<\/p>\n<p>Dalla Lasta coment\u00f3 que ser\u00eda de gran importancia esta obra de una l\u00ednea de alta tensi\u00f3n de 500 Kv (ver p\u00e1gina 19) sobre la cual ya se viene trabajando desde hace 5 a\u00f1os. \u201cCon esa l\u00ednea no solo nos permitir\u00eda mejorar el servicio p\u00fablico, tambi\u00e9n impulsar proyectos productivos, mineros y tur\u00edsticos\u201d, dijo con optimismo.<\/p>\n<div class=\"teads-inread\">\n<div>\n<div class=\"teads-ui-components-credits\">Catamarca ya cuenta con 3 proyectos que est\u00e1n avanzando, aunque ya ocupan toda la capacidad de las l\u00edneas, por eso no se puede explotar m\u00e1s. Estos generar\u00e1n energ\u00eda a trav\u00e9s de paneles solares fotovoltaicos, y ya fueron adjudicados a trav\u00e9s del programa nacional Renovar. Actualmente empezaron la primera etapa de desarrollo y se ubican en Fiambal\u00e1 (donde se generar\u00e1n 11 MVA), Tinogasta (15 MVA) y Saujil (22 MVA). El funcionario explic\u00f3 que el cableado actual permite extraer o incorporar solo 90 megavatios (MW), ya que por lo obsoleto de las l\u00edneas, y su falta de mantenimiento, no se puede utilizar m\u00e1s.<\/div>\n<\/div>\n<\/div>\n<p>El ministro cont\u00f3 que ya hubo varios inversores interesados que se acercaron para conocer las posibilidades de desarrollo de estas nuevas fuentes de energ\u00eda. Tambi\u00e9n dijo que Catamarca tiene la posibilidad de incluir 1.300 Mw. al interconectado. \u201cCon las redes actuales no podemos sacar m\u00e1s de 100 Mw, ser\u00eda imposible\u201d, admiti\u00f3.<\/p>\n<p>El ministro confes\u00f3 que Catamarca es muy buscada para el desarrollo de paneles fotovoltaicos por su luminiscencia, la baja temperatura ambiente que permite que el panel trabaje al 95%, y \u201cporque ac\u00e1 les damos apoyo a trav\u00e9s del asesoramiento y el apoyo log\u00edstico para que inviertan\u201d.<\/p>\n<p>Las inversiones que ya est\u00e1n son de la empresa \u201c360 energy\u201d, mientras que hay conversaciones con otros inversores, aunque todos solicitan confidencialidad.<\/p>\n<p>\u201cEl inter\u00e9s de la provincia es porque cuando esas empresas se instalen de alg\u00fan modo se van a tener que generar redes de transporte de energ\u00eda que nosotros necesitamos para desarrollarnos, y a su vez cada emprendimiento de eso dan 150 fuentes de trabajo\u201d, afirm\u00f3, y se lament\u00f3 porque \u201csi Catamarca tuviera las redes de energ\u00eda desarrolladas, tendr\u00edamos otro panorama\u201d, pronostic\u00f3.<\/p>\n<p>Fuente\u00a0http:\/\/www.elancasti.com.ar\/info-gral\/2017\/10\/15\/para-potenciar-energias-renovables-deben-mejorar-redes-electricas-350070.html<\/p>\n","protected":false},"excerpt":{"rendered":"<p>Por el crecimiento demogr\u00e1fico y la mayor demanda, se buscan alternativas ante la saturaci\u00f3n del sistema energ\u00e9tico actual en todo [&hellip;]<\/p>\n","protected":false},"author":2,"featured_media":36520,"comment_status":"open","ping_status":"open","sticky":false,"template":"","format":"standard","meta":{"site-sidebar-layout":"default","site-content-layout":"","ast-site-content-layout":"default","site-content-style":"default","site-sidebar-style":"default","ast-global-header-display":"","ast-banner-title-visibility":"","ast-main-header-display":"","ast-hfb-above-header-display":"","ast-hfb-below-header-display":"","ast-hfb-mobile-header-display":"","site-post-title":"","ast-breadcrumbs-content":"","ast-featured-img":"","footer-sml-layout":"","ast-disable-related-posts":"","theme-transparent-header-meta":"","adv-header-id-meta":"","stick-header-meta":"","header-above-stick-meta":"","header-main-stick-meta":"","header-below-stick-meta":"","astra-migrate-meta-layouts":"default","ast-page-background-enabled":"default","ast-page-background-meta":{"desktop":{"background-color":"var(--ast-global-color-5)","background-image":"","background-repeat":"repeat","background-position":"center center","background-size":"auto","background-attachment":"scroll","background-type":"","background-media":"","overlay-type":"","overlay-color":"","overlay-opacity":"","overlay-gradient":""},"tablet":{"background-color":"","background-image":"","background-repeat":"repeat","background-position":"center center","background-size":"auto","background-attachment":"scroll","background-type":"","background-media":"","overlay-type":"","overlay-color":"","overlay-opacity":"","overlay-gradient":""},"mobile":{"background-color":"","background-image":"","background-repeat":"repeat","background-position":"center center","background-size":"auto","background-attachment":"scroll","background-type":"","background-media":"","overlay-type":"","overlay-color":"","overlay-opacity":"","overlay-gradient":""}},"ast-content-background-meta":{"desktop":{"background-color":"var(--ast-global-color-4)","background-image":"","background-repeat":"repeat","background-position":"center center","background-size":"auto","background-attachment":"scroll","background-type":"","background-media":"","overlay-type":"","overlay-color":"","overlay-opacity":"","overlay-gradient":""},"tablet":{"background-color":"var(--ast-global-color-4)","background-image":"","background-repeat":"repeat","background-position":"center center","background-size":"auto","background-attachment":"scroll","background-type":"","background-media":"","overlay-type":"","overlay-color":"","overlay-opacity":"","overlay-gradient":""},"mobile":{"background-color":"var(--ast-global-color-4)","background-image":"","background-repeat":"repeat","background-position":"center center","background-size":"auto","background-attachment":"scroll","background-type":"","background-media":"","overlay-type":"","overlay-color":"","overlay-opacity":"","overlay-gradient":""}},"footnotes":""},"categories":[1],"tags":[],"class_list":["post-36519","post","type-post","status-publish","format-standard","has-post-thumbnail","hentry","category-noticias"],"yoast_head":"<!-- This site is optimized with the Yoast SEO Premium plugin v23.0 (Yoast SEO v27.5) - https:\/\/yoast.com\/product\/yoast-seo-premium-wordpress\/ -->\n<title>&quot;Para potenciar las energ\u00edas renovables, se deben mejorar las redes el\u00e9ctricas&quot;<\/title>\n<meta name=\"robots\" content=\"index, follow, max-snippet:-1, max-image-preview:large, max-video-preview:-1\" \/>\n<link rel=\"canonical\" href=\"https:\/\/patagoniambiental.com.ar\/info\/para-potenciar-las-energias-renovables-se-deben-mejorar-las-redes-electricas\/\" \/>\n<meta property=\"og:locale\" content=\"es_ES\" \/>\n<meta property=\"og:type\" content=\"article\" \/>\n<meta property=\"og:title\" content=\"&quot;Para potenciar las energ\u00edas renovables, se deben mejorar las redes el\u00e9ctricas&quot;\" \/>\n<meta property=\"og:description\" content=\"Por el crecimiento demogr\u00e1fico y la mayor demanda, se buscan alternativas ante la saturaci\u00f3n del sistema energ\u00e9tico actual en todo [&hellip;]\" \/>\n<meta property=\"og:url\" content=\"https:\/\/patagoniambiental.com.ar\/info\/para-potenciar-las-energias-renovables-se-deben-mejorar-las-redes-electricas\/\" \/>\n<meta property=\"og:site_name\" content=\"Patagonia Ambiental\" \/>\n<meta property=\"article:publisher\" content=\"https:\/\/www.facebook.com\/patagonia.ambiental\" \/>\n<meta property=\"article:author\" content=\"https:\/\/www.facebook.com\/share\/1C1V8Gv9BX\/?mibextid=qi2Omg\" \/>\n<meta property=\"article:published_time\" content=\"2017-10-16T12:13:25+00:00\" \/>\n<meta property=\"og:image\" content=\"https:\/\/patagoniambiental.com.ar\/info\/wp-content\/uploads\/2017\/10\/guillermo-della.jpg\" \/>\n\t<meta property=\"og:image:width\" content=\"999\" \/>\n\t<meta property=\"og:image:height\" content=\"666\" \/>\n\t<meta property=\"og:image:type\" content=\"image\/jpeg\" \/>\n<meta name=\"author\" content=\"Patagonia Ambiental\" \/>\n<meta name=\"twitter:card\" content=\"summary_large_image\" \/>\n<meta name=\"twitter:creator\" content=\"@PatAmb\" \/>\n<meta name=\"twitter:site\" content=\"@PatAmb\" \/>\n<script type=\"application\/ld+json\" class=\"yoast-schema-graph\">{\"@context\":\"https:\\\/\\\/schema.org\",\"@graph\":[{\"@type\":\"Article\",\"@id\":\"https:\\\/\\\/patagoniambiental.com.ar\\\/info\\\/para-potenciar-las-energias-renovables-se-deben-mejorar-las-redes-electricas\\\/#article\",\"isPartOf\":{\"@id\":\"https:\\\/\\\/patagoniambiental.com.ar\\\/info\\\/para-potenciar-las-energias-renovables-se-deben-mejorar-las-redes-electricas\\\/\"},\"author\":{\"name\":\"Patagonia Ambiental\",\"@id\":\"https:\\\/\\\/patagoniambiental.com.ar\\\/info\\\/#\\\/schema\\\/person\\\/db12bff64bbcbf6a253710bf0ea37b5d\"},\"headline\":\"\u00abPara potenciar las energ\u00edas renovables, se deben mejorar las redes el\u00e9ctricas\u00bb\",\"datePublished\":\"2017-10-16T12:13:25+00:00\",\"mainEntityOfPage\":{\"@id\":\"https:\\\/\\\/patagoniambiental.com.ar\\\/info\\\/para-potenciar-las-energias-renovables-se-deben-mejorar-las-redes-electricas\\\/\"},\"wordCount\":483,\"commentCount\":0,\"publisher\":{\"@id\":\"https:\\\/\\\/patagoniambiental.com.ar\\\/info\\\/#organization\"},\"image\":{\"@id\":\"https:\\\/\\\/patagoniambiental.com.ar\\\/info\\\/para-potenciar-las-energias-renovables-se-deben-mejorar-las-redes-electricas\\\/#primaryimage\"},\"thumbnailUrl\":\"https:\\\/\\\/patagoniambiental.com.ar\\\/info\\\/wp-content\\\/uploads\\\/2017\\\/10\\\/guillermo-della.jpg\",\"articleSection\":[\"Noticias\"],\"inLanguage\":\"es\",\"potentialAction\":[{\"@type\":\"CommentAction\",\"name\":\"Comment\",\"target\":[\"https:\\\/\\\/patagoniambiental.com.ar\\\/info\\\/para-potenciar-las-energias-renovables-se-deben-mejorar-las-redes-electricas\\\/#respond\"]}]},{\"@type\":\"WebPage\",\"@id\":\"https:\\\/\\\/patagoniambiental.com.ar\\\/info\\\/para-potenciar-las-energias-renovables-se-deben-mejorar-las-redes-electricas\\\/\",\"url\":\"https:\\\/\\\/patagoniambiental.com.ar\\\/info\\\/para-potenciar-las-energias-renovables-se-deben-mejorar-las-redes-electricas\\\/\",\"name\":\"\\\"Para potenciar las energ\u00edas renovables, se deben mejorar las redes el\u00e9ctricas\\\"\",\"isPartOf\":{\"@id\":\"https:\\\/\\\/patagoniambiental.com.ar\\\/info\\\/#website\"},\"primaryImageOfPage\":{\"@id\":\"https:\\\/\\\/patagoniambiental.com.ar\\\/info\\\/para-potenciar-las-energias-renovables-se-deben-mejorar-las-redes-electricas\\\/#primaryimage\"},\"image\":{\"@id\":\"https:\\\/\\\/patagoniambiental.com.ar\\\/info\\\/para-potenciar-las-energias-renovables-se-deben-mejorar-las-redes-electricas\\\/#primaryimage\"},\"thumbnailUrl\":\"https:\\\/\\\/patagoniambiental.com.ar\\\/info\\\/wp-content\\\/uploads\\\/2017\\\/10\\\/guillermo-della.jpg\",\"datePublished\":\"2017-10-16T12:13:25+00:00\",\"breadcrumb\":{\"@id\":\"https:\\\/\\\/patagoniambiental.com.ar\\\/info\\\/para-potenciar-las-energias-renovables-se-deben-mejorar-las-redes-electricas\\\/#breadcrumb\"},\"inLanguage\":\"es\",\"potentialAction\":[{\"@type\":\"ReadAction\",\"target\":[\"https:\\\/\\\/patagoniambiental.com.ar\\\/info\\\/para-potenciar-las-energias-renovables-se-deben-mejorar-las-redes-electricas\\\/\"]}]},{\"@type\":\"ImageObject\",\"inLanguage\":\"es\",\"@id\":\"https:\\\/\\\/patagoniambiental.com.ar\\\/info\\\/para-potenciar-las-energias-renovables-se-deben-mejorar-las-redes-electricas\\\/#primaryimage\",\"url\":\"https:\\\/\\\/patagoniambiental.com.ar\\\/info\\\/wp-content\\\/uploads\\\/2017\\\/10\\\/guillermo-della.jpg\",\"contentUrl\":\"https:\\\/\\\/patagoniambiental.com.ar\\\/info\\\/wp-content\\\/uploads\\\/2017\\\/10\\\/guillermo-della.jpg\",\"width\":900,\"height\":600},{\"@type\":\"BreadcrumbList\",\"@id\":\"https:\\\/\\\/patagoniambiental.com.ar\\\/info\\\/para-potenciar-las-energias-renovables-se-deben-mejorar-las-redes-electricas\\\/#breadcrumb\",\"itemListElement\":[{\"@type\":\"ListItem\",\"position\":1,\"name\":\"Inicio\",\"item\":\"https:\\\/\\\/patagoniambiental.com.ar\\\/info\\\/\"},{\"@type\":\"ListItem\",\"position\":2,\"name\":\"\u00abPara potenciar las energ\u00edas renovables, se deben mejorar las redes el\u00e9ctricas\u00bb\"}]},{\"@type\":\"WebSite\",\"@id\":\"https:\\\/\\\/patagoniambiental.com.ar\\\/info\\\/#website\",\"url\":\"https:\\\/\\\/patagoniambiental.com.ar\\\/info\\\/\",\"name\":\"Patagonia Ambiental\",\"description\":\"Monitoreo y an\u00e1lisis de la situaci\u00f3n geopol\u00edtica en el mundo y su implicancia en la Patagonia\",\"publisher\":{\"@id\":\"https:\\\/\\\/patagoniambiental.com.ar\\\/info\\\/#organization\"},\"potentialAction\":[{\"@type\":\"SearchAction\",\"target\":{\"@type\":\"EntryPoint\",\"urlTemplate\":\"https:\\\/\\\/patagoniambiental.com.ar\\\/info\\\/?s={search_term_string}\"},\"query-input\":{\"@type\":\"PropertyValueSpecification\",\"valueRequired\":true,\"valueName\":\"search_term_string\"}}],\"inLanguage\":\"es\"},{\"@type\":\"Organization\",\"@id\":\"https:\\\/\\\/patagoniambiental.com.ar\\\/info\\\/#organization\",\"name\":\"Patagonia Ambiental\",\"url\":\"https:\\\/\\\/patagoniambiental.com.ar\\\/info\\\/\",\"logo\":{\"@type\":\"ImageObject\",\"inLanguage\":\"es\",\"@id\":\"https:\\\/\\\/patagoniambiental.com.ar\\\/info\\\/#\\\/schema\\\/logo\\\/image\\\/\",\"url\":\"https:\\\/\\\/patagoniambiental.com.ar\\\/info\\\/wp-content\\\/uploads\\\/2025\\\/05\\\/LOGO-PATAGONIA-AMBIENTAL.png\",\"contentUrl\":\"https:\\\/\\\/patagoniambiental.com.ar\\\/info\\\/wp-content\\\/uploads\\\/2025\\\/05\\\/LOGO-PATAGONIA-AMBIENTAL.png\",\"width\":433,\"height\":250,\"caption\":\"Patagonia Ambiental\"},\"image\":{\"@id\":\"https:\\\/\\\/patagoniambiental.com.ar\\\/info\\\/#\\\/schema\\\/logo\\\/image\\\/\"},\"sameAs\":[\"https:\\\/\\\/www.facebook.com\\\/patagonia.ambiental\",\"https:\\\/\\\/x.com\\\/PatAmb\"]},{\"@type\":\"Person\",\"@id\":\"https:\\\/\\\/patagoniambiental.com.ar\\\/info\\\/#\\\/schema\\\/person\\\/db12bff64bbcbf6a253710bf0ea37b5d\",\"name\":\"Patagonia Ambiental\",\"description\":\"Andr\u00e9s Nievas T\u00e9cnico en manejo ambiental, consultor Ambiental y escritor para medios locales e internacionales sobre temas de geopolitica y medio ambiente.\",\"sameAs\":[\"http:\\\/\\\/www.patagoniambiental.com.ar\",\"https:\\\/\\\/www.facebook.com\\\/share\\\/1C1V8Gv9BX\\\/?mibextid=qi2Omg\",\"@patagoniambiental\",\"https:\\\/\\\/youtube.com\\\/@patagoniaambiental2023?si=BLt58t0wuXquxlYZ\"]}]}<\/script>\n<!-- \/ Yoast SEO Premium plugin. -->","yoast_head_json":{"title":"\"Para potenciar las energ\u00edas renovables, se deben mejorar las redes el\u00e9ctricas\"","robots":{"index":"index","follow":"follow","max-snippet":"max-snippet:-1","max-image-preview":"max-image-preview:large","max-video-preview":"max-video-preview:-1"},"canonical":"https:\/\/patagoniambiental.com.ar\/info\/para-potenciar-las-energias-renovables-se-deben-mejorar-las-redes-electricas\/","og_locale":"es_ES","og_type":"article","og_title":"\"Para potenciar las energ\u00edas renovables, se deben mejorar las redes el\u00e9ctricas\"","og_description":"Por el crecimiento demogr\u00e1fico y la mayor demanda, se buscan alternativas ante la saturaci\u00f3n del sistema energ\u00e9tico actual en todo [&hellip;]","og_url":"https:\/\/patagoniambiental.com.ar\/info\/para-potenciar-las-energias-renovables-se-deben-mejorar-las-redes-electricas\/","og_site_name":"Patagonia Ambiental","article_publisher":"https:\/\/www.facebook.com\/patagonia.ambiental","article_author":"https:\/\/www.facebook.com\/share\/1C1V8Gv9BX\/?mibextid=qi2Omg","article_published_time":"2017-10-16T12:13:25+00:00","og_image":[{"width":999,"height":666,"url":"https:\/\/patagoniambiental.com.ar\/info\/wp-content\/uploads\/2017\/10\/guillermo-della.jpg","type":"image\/jpeg"}],"author":"Patagonia Ambiental","twitter_card":"summary_large_image","twitter_creator":"@PatAmb","twitter_site":"@PatAmb","schema":{"@context":"https:\/\/schema.org","@graph":[{"@type":"Article","@id":"https:\/\/patagoniambiental.com.ar\/info\/para-potenciar-las-energias-renovables-se-deben-mejorar-las-redes-electricas\/#article","isPartOf":{"@id":"https:\/\/patagoniambiental.com.ar\/info\/para-potenciar-las-energias-renovables-se-deben-mejorar-las-redes-electricas\/"},"author":{"name":"Patagonia Ambiental","@id":"https:\/\/patagoniambiental.com.ar\/info\/#\/schema\/person\/db12bff64bbcbf6a253710bf0ea37b5d"},"headline":"\u00abPara potenciar las energ\u00edas renovables, se deben mejorar las redes el\u00e9ctricas\u00bb","datePublished":"2017-10-16T12:13:25+00:00","mainEntityOfPage":{"@id":"https:\/\/patagoniambiental.com.ar\/info\/para-potenciar-las-energias-renovables-se-deben-mejorar-las-redes-electricas\/"},"wordCount":483,"commentCount":0,"publisher":{"@id":"https:\/\/patagoniambiental.com.ar\/info\/#organization"},"image":{"@id":"https:\/\/patagoniambiental.com.ar\/info\/para-potenciar-las-energias-renovables-se-deben-mejorar-las-redes-electricas\/#primaryimage"},"thumbnailUrl":"https:\/\/patagoniambiental.com.ar\/info\/wp-content\/uploads\/2017\/10\/guillermo-della.jpg","articleSection":["Noticias"],"inLanguage":"es","potentialAction":[{"@type":"CommentAction","name":"Comment","target":["https:\/\/patagoniambiental.com.ar\/info\/para-potenciar-las-energias-renovables-se-deben-mejorar-las-redes-electricas\/#respond"]}]},{"@type":"WebPage","@id":"https:\/\/patagoniambiental.com.ar\/info\/para-potenciar-las-energias-renovables-se-deben-mejorar-las-redes-electricas\/","url":"https:\/\/patagoniambiental.com.ar\/info\/para-potenciar-las-energias-renovables-se-deben-mejorar-las-redes-electricas\/","name":"\"Para potenciar las energ\u00edas renovables, se deben mejorar las redes el\u00e9ctricas\"","isPartOf":{"@id":"https:\/\/patagoniambiental.com.ar\/info\/#website"},"primaryImageOfPage":{"@id":"https:\/\/patagoniambiental.com.ar\/info\/para-potenciar-las-energias-renovables-se-deben-mejorar-las-redes-electricas\/#primaryimage"},"image":{"@id":"https:\/\/patagoniambiental.com.ar\/info\/para-potenciar-las-energias-renovables-se-deben-mejorar-las-redes-electricas\/#primaryimage"},"thumbnailUrl":"https:\/\/patagoniambiental.com.ar\/info\/wp-content\/uploads\/2017\/10\/guillermo-della.jpg","datePublished":"2017-10-16T12:13:25+00:00","breadcrumb":{"@id":"https:\/\/patagoniambiental.com.ar\/info\/para-potenciar-las-energias-renovables-se-deben-mejorar-las-redes-electricas\/#breadcrumb"},"inLanguage":"es","potentialAction":[{"@type":"ReadAction","target":["https:\/\/patagoniambiental.com.ar\/info\/para-potenciar-las-energias-renovables-se-deben-mejorar-las-redes-electricas\/"]}]},{"@type":"ImageObject","inLanguage":"es","@id":"https:\/\/patagoniambiental.com.ar\/info\/para-potenciar-las-energias-renovables-se-deben-mejorar-las-redes-electricas\/#primaryimage","url":"https:\/\/patagoniambiental.com.ar\/info\/wp-content\/uploads\/2017\/10\/guillermo-della.jpg","contentUrl":"https:\/\/patagoniambiental.com.ar\/info\/wp-content\/uploads\/2017\/10\/guillermo-della.jpg","width":900,"height":600},{"@type":"BreadcrumbList","@id":"https:\/\/patagoniambiental.com.ar\/info\/para-potenciar-las-energias-renovables-se-deben-mejorar-las-redes-electricas\/#breadcrumb","itemListElement":[{"@type":"ListItem","position":1,"name":"Inicio","item":"https:\/\/patagoniambiental.com.ar\/info\/"},{"@type":"ListItem","position":2,"name":"\u00abPara potenciar las energ\u00edas renovables, se deben mejorar las redes el\u00e9ctricas\u00bb"}]},{"@type":"WebSite","@id":"https:\/\/patagoniambiental.com.ar\/info\/#website","url":"https:\/\/patagoniambiental.com.ar\/info\/","name":"Patagonia Ambiental","description":"Monitoreo y an\u00e1lisis de la situaci\u00f3n geopol\u00edtica en el mundo y su implicancia en la Patagonia","publisher":{"@id":"https:\/\/patagoniambiental.com.ar\/info\/#organization"},"potentialAction":[{"@type":"SearchAction","target":{"@type":"EntryPoint","urlTemplate":"https:\/\/patagoniambiental.com.ar\/info\/?s={search_term_string}"},"query-input":{"@type":"PropertyValueSpecification","valueRequired":true,"valueName":"search_term_string"}}],"inLanguage":"es"},{"@type":"Organization","@id":"https:\/\/patagoniambiental.com.ar\/info\/#organization","name":"Patagonia Ambiental","url":"https:\/\/patagoniambiental.com.ar\/info\/","logo":{"@type":"ImageObject","inLanguage":"es","@id":"https:\/\/patagoniambiental.com.ar\/info\/#\/schema\/logo\/image\/","url":"https:\/\/patagoniambiental.com.ar\/info\/wp-content\/uploads\/2025\/05\/LOGO-PATAGONIA-AMBIENTAL.png","contentUrl":"https:\/\/patagoniambiental.com.ar\/info\/wp-content\/uploads\/2025\/05\/LOGO-PATAGONIA-AMBIENTAL.png","width":433,"height":250,"caption":"Patagonia Ambiental"},"image":{"@id":"https:\/\/patagoniambiental.com.ar\/info\/#\/schema\/logo\/image\/"},"sameAs":["https:\/\/www.facebook.com\/patagonia.ambiental","https:\/\/x.com\/PatAmb"]},{"@type":"Person","@id":"https:\/\/patagoniambiental.com.ar\/info\/#\/schema\/person\/db12bff64bbcbf6a253710bf0ea37b5d","name":"Patagonia Ambiental","description":"Andr\u00e9s Nievas T\u00e9cnico en manejo ambiental, consultor Ambiental y escritor para medios locales e internacionales sobre temas de geopolitica y medio ambiente.","sameAs":["http:\/\/www.patagoniambiental.com.ar","https:\/\/www.facebook.com\/share\/1C1V8Gv9BX\/?mibextid=qi2Omg","@patagoniambiental","https:\/\/youtube.com\/@patagoniaambiental2023?si=BLt58t0wuXquxlYZ"]}]}},"_links":{"self":[{"href":"https:\/\/patagoniambiental.com.ar\/info\/wp-json\/wp\/v2\/posts\/36519","targetHints":{"allow":["GET"]}}],"collection":[{"href":"https:\/\/patagoniambiental.com.ar\/info\/wp-json\/wp\/v2\/posts"}],"about":[{"href":"https:\/\/patagoniambiental.com.ar\/info\/wp-json\/wp\/v2\/types\/post"}],"author":[{"embeddable":true,"href":"https:\/\/patagoniambiental.com.ar\/info\/wp-json\/wp\/v2\/users\/2"}],"replies":[{"embeddable":true,"href":"https:\/\/patagoniambiental.com.ar\/info\/wp-json\/wp\/v2\/comments?post=36519"}],"version-history":[{"count":0,"href":"https:\/\/patagoniambiental.com.ar\/info\/wp-json\/wp\/v2\/posts\/36519\/revisions"}],"wp:featuredmedia":[{"embeddable":true,"href":"https:\/\/patagoniambiental.com.ar\/info\/wp-json\/wp\/v2\/media\/36520"}],"wp:attachment":[{"href":"https:\/\/patagoniambiental.com.ar\/info\/wp-json\/wp\/v2\/media?parent=36519"}],"wp:term":[{"taxonomy":"category","embeddable":true,"href":"https:\/\/patagoniambiental.com.ar\/info\/wp-json\/wp\/v2\/categories?post=36519"},{"taxonomy":"post_tag","embeddable":true,"href":"https:\/\/patagoniambiental.com.ar\/info\/wp-json\/wp\/v2\/tags?post=36519"}],"curies":[{"name":"wp","href":"https:\/\/api.w.org\/{rel}","templated":true}]}}