{"id":36540,"date":"2017-10-16T09:37:35","date_gmt":"2017-10-16T12:37:35","guid":{"rendered":"http:\/\/patagoniambiental.com.ar\/info\/?p=36540"},"modified":"2017-10-16T09:37:35","modified_gmt":"2017-10-16T12:37:35","slug":"chile-rechazan-resolucion-que-dejan-sin-mar-al-futuro-parque-nacional-kawesqar","status":"publish","type":"post","link":"https:\/\/patagoniambiental.com.ar\/info\/chile-rechazan-resolucion-que-dejan-sin-mar-al-futuro-parque-nacional-kawesqar\/","title":{"rendered":"Chile: Rechazan resoluci\u00f3n que dejan sin mar al futuro Parque Nacional Kawesqar"},"content":{"rendered":"<p>CHILE.- En abril, el Consejo de Ministros decidi\u00f3 que las aguas marinas adyacentes al futuro Parque Nacional quedar\u00edan sin protecci\u00f3n ambiental. Comunidades y ambientalistas est\u00e1n en alerta ante una\u00a0eventualinvasi\u00f3n de la industria salmonera en el territorio mar\u00edtimo, que podr\u00eda terminar con pr\u00e1cticas ancestrales de la cultura kawesqar.<\/p>\n<p>\u201cEl mar es parte importante del territorio kawesqar. Lo denominamos maritorio. Si se entiende de manera integral, somos un pueblo descendiente de canoeros n\u00f3mades, entonces, el mar es parte propia de la cosmovisi\u00f3n del Pueblo Kawesqar. De ah\u00ed sale la subsistencia; la pesca, caza, y recolecci\u00f3n; lo espiritual y lo energ\u00e9tico\u2026 el Pueblo Kawesqar no es nada sin mar\u201d.<\/p>\n<p>As\u00ed describe Leticia Caro, miembro de la comunidad Grupos Familiares Kawesqar N\u00f3mades del Mar, la posici\u00f3n que ocupa el mar en la cosmovisi\u00f3n de su pueblo.<\/p>\n<p>Hoy resurge con m\u00e1s fuerza aquella perspectiva, debido al proyecto de un futuro Parque Nacional, iniciativa que contempla la recategorizaci\u00f3n y amplificaci\u00f3n de la Reserva Forestal Alacalufes (regi\u00f3n de Magallanes), aunque con una gran omisi\u00f3n: el nuevo parque nacional solo abarcar\u00eda la porci\u00f3n terrestre del \u00e1rea, dejando sin protecci\u00f3n la zona mar\u00edtima adyacente, seg\u00fan defini\u00f3 el Consejo de Ministros para la Sustentabilidad en sesi\u00f3n extraordinaria del pasado 10 de abril.<\/p>\n<p>\u201cNo queremos parque sin mar\u201d, reafirma Leticia Caro y agrega que \u201cel pueblo kawesqar estar\u00e1 de acuerdo con la ampliaci\u00f3n y reclasificaci\u00f3n de la reserva solo si se incorporan las aguas interiores y exteriores y bajo la modalidad de \u00c1reas Marinas Costeras Protegidas de M\u00faltiple Uso (AMCP \u2013 MU)\u201d, como ocurre en Rapa Nui con una superficie mar\u00edtima de 720 mil km2.<\/p>\n<p><strong>Mar y tierra: \u00bfSistemas aislados?<\/strong><\/p>\n<p>El director ejecutivo de Ecoc\u00e9anos, Juan Carlos C\u00e1rdenas, tambi\u00e9n critica la resoluci\u00f3n de la instancia interministerial. En di\u00e1logo con\u00a0<em>El Ciudadano<\/em>, afirma que \u201ces una decisi\u00f3n que es absolutamente atentatoria en relaci\u00f3n con la integridad de la conservaci\u00f3n de los parques nacionales en \u00e1rea patag\u00f3nica, porque no reconoce el v\u00ednculo que hay entre los ecosistemas<\/p>\n<p>C\u00e1rdenas explica que \u201chay una serie de especies, mam\u00edferos y aves marinas, que se reproducen en tierra y se alimentan en el mar, entonces, ser\u00eda una contradicci\u00f3n que se desprotegiera la porci\u00f3n terrestre del parque y, sin embargo, en el \u00e1rea marina no tuviesen esa protecci\u00f3n, me refiero a los lobos marinos, que se reproducen en tierra, en los roquer\u00edos, pero se alimentan y cr\u00edan en el \u00e1rea marina\u201d.<\/p>\n<p>El m\u00e9dico veterinario indica adem\u00e1s que la decisi\u00f3n de los ministros de Medio Ambiente, Hacienda, Econom\u00eda, Bienes Nacionales y Agricultura entra en contradicci\u00f3n con acuerdos y tratados internacionales \u2013como el Convenio sobre Diversidad Biol\u00f3gica (1992)\u2013 y con la \u201clegislaci\u00f3n nacional que protege los derechos de los pueblos ind\u00edgenas, de acceso y uso de los espacios marino-costeros\u201d.<\/p>\n<p>Sin embargo, sus sospechas radican en la influencia que la industria salmonera podr\u00eda estar ejerciendo para\u00a0explotar\u00a0las aguas marinas que el Pueblo Kawesqar pide proteger.<\/p>\n<p><strong>Sospechas sobre la industria salmonera<\/strong><\/p>\n<p>Para Juan Carlos C\u00e1rdenas, la eliminaci\u00f3n de la porci\u00f3n marina del proyecto obedece \u201ca la presi\u00f3n de la industria salmonera, a trav\u00e9s del Ministerio de Econom\u00eda y del Ministerio de Hacienda, para que esas \u00e1reas riqu\u00edsimas queden a disposici\u00f3n del proceso de expansi\u00f3n de la industria salmonera en Magallanes. Hay 251 solicitudes de nuevas concesiones salmoneras en el \u00e1rea en que se ubicar\u00e1 el futuro Parque Nacional Kawesqar\u201d.<\/p>\n<p>A esas solicitudes habr\u00eda que a\u00f1adir que, de acuerdo a un\u00a0<a href=\"http:\/\/www.subpesca.cl\/portal\/619\/w3-article-81329.html\">listado elaborado por la Subsecretar\u00eda de Pesca para septiembre de 2017<\/a>, en la regi\u00f3n de Magallanes existen 125 concesiones de acuicultura de salm\u00f3nidos.<\/p>\n<p>Adem\u00e1s, en 2015 la\u00a0Corporaci\u00f3n\u00a0de Fomento de la Producci\u00f3n (Corfo) lanz\u00f3 el\u00a0<a href=\"http:\/\/www.agendaproductividad.cl\/wp-content\/uploads\/sites\/22\/2014\/10\/Programa-Estrat%C3%A9gico-Mesoregional.-Salmonicultura-Sustentable.pdf\">Programa Estrat\u00e9gico Mesoregional \u201cSalm\u00f3n Sustentable\u201d<\/a>, iniciativa que fija como meta para Chile una producci\u00f3n salmonera de 1,2 millones de toneladas para el a\u00f1o 2030.<\/p>\n<p>&nbsp;<\/p>\n<p>C\u00e1rdenas comenta que el aumento de la producci\u00f3n de salmones tendr\u00e1 sustento \u201cfundamentalmente en la regi\u00f3n de Magallanes y que ahora, de aqu\u00ed al 2022, est\u00e1n triplicando las producciones que tienen. Han pasado de 10 mil toneladas a comienzos de d\u00e9cada, y el 2022 van a estar produciendo 140 mil toneladas. Es decir, hay un proceso de expansi\u00f3n brutal en Magallanes, al igual que lo hicieron en Chilo\u00e9 hace dos d\u00e9cadas\u201d.<\/p>\n<p>El director ejecutivo de Ecoc\u00e9anos identifica otra\u00a0arista\u00a0relacionada al papel jugado por Hacienda en las definiciones sobre el proyecto. En el acta del Consejo de Ministros se establece \u201cque los l\u00edmites del Parque Nacional se circunscriben estrictamente a la porci\u00f3n terrestre del \u00e1rea. La cartograf\u00eda respectiva ser\u00e1 trabajada en una comisi\u00f3n\u00a0calificada\u00a0por los Ministerios de Bienes Nacionales, Medio Ambiente, Hacienda y Econom\u00eda\u201d.<\/p>\n<p>\u201cEs decir, es una decisi\u00f3n que ya est\u00e1 tomada desde un comienzo y se tienen dos impactos: el primero es condicionar el proceso de consulta ind\u00edgena, a lo cual el Estado\u00a0estaba\u00a0obligado de realizar con el pueblo kawesqar, ya que firm\u00f3 el convenio 169 el a\u00f1o 2008. Por otro lado, de los ocho parques nacionales que contempla esta red, al \u00fanico que le extraen el \u00e1rea marina-costera es a la del parque nacional donde est\u00e1 el pueblo kawesqar\u201d, plantea.<\/p>\n<p><strong>Mar expuesto<\/strong><\/p>\n<p>El pasado 22 de septiembre, la comunidad Kawesqar envi\u00f3 una carta a la Presidenta Michelle Bachelet alert\u00e1ndola sobre los efectos que generar\u00eda la exclusi\u00f3n de la zona marina del Parque Nacional Alacalufes, nombre adem\u00e1s cuestionado, puesto que alude a una denominaci\u00f3n peyorativa utilizada para referirse al pueblo canoero.<\/p>\n<p>En esa carta, los miembros del Pueblo Kawesqar advert\u00edan que \u201cde no abstenerse la cortoplacista medida de los exministros de Econom\u00eda y Hacienda [NdR: se refer\u00edan a Luis Felipe C\u00e9spedes y Rodrigo Vald\u00e9s], vamos a tener la gran paradoja de que nuestro Pueblo canoero, surcador de canales y fiordos, no disponga de espacios marinos para seguir existiendo\u201d.<\/p>\n<p>En esta l\u00ednea, Juan Carlos C\u00e1rdenas sit\u00faa a la industria salmonera como uno de los actores fundamentales en la destrucci\u00f3n del territorio reclamado por los kawesqar, debido a los perjuicios que genera su actividad.<\/p>\n<p>\u201cLos centros de cultivo se caracterizan por las altas densidades de peces en las balsas\u00a0jaulas\u00a0y la\u00a0emisi\u00f3n\u00a0diaria de toneladas de fecas de salm\u00f3n y del alimento que no es consumido y que cae al fondo marino. Eso genera procesos de eutroficaci\u00f3n, es decir, agotamiento del ox\u00edgeno\u00a0disuelto\u00a0en el agua, porque ese ox\u00edgeno se utiliza para descomponer la materia org\u00e1nica que ah\u00ed se va introduciendo\u201d.<\/p>\n<p>El m\u00e9dico veterinario explica que dicho proceso es la base para contaminaci\u00f3n por nitr\u00f3geno y f\u00f3sforo. El primero \u2013dice C\u00e1rdenas\u2013 \u201ces el elemento que gatilla los procesos de la denominada marea roja, que ya vimos sus efectos el a\u00f1o pasado en Chilo\u00e9\u201d.<\/p>\n<p>Adicionalmente, \u201cMagallanes es un \u00e1rea que naturalmente ha tenido problemas de marea roja por los temas del cambio\u00a0clim\u00e1tico, entonces, si se le incorpora sobre 300 nuevas concesiones, eso significa que se generan las condiciones para que se empiecen a desarrollar peri\u00f3dicos cuadros de bloom algales, que tiene un efecto\u00a0devastador\u00a0sobre el medio ambiente\u201d, argumenta el director ejecutivo de Ecoc\u00e9anos.<\/p>\n<p><strong>Genocidio cultural<\/strong><\/p>\n<p>La destrucci\u00f3n del entorno natural tambi\u00e9n tiene una traducci\u00f3n en t\u00e9rminos culturales, en virtud de la posici\u00f3n que ocupa el mar en el quehacer cotidiano de los kawesqar.<\/p>\n<p>Aquella preocupaci\u00f3n fue abordada en la consulta ind\u00edgena que tuvo lugar a principios de octubre y en la que 11 comunidades plantearon sus observaciones respecto del proyecto de Parque Nacional.<\/p>\n<p>En la instancia decidieron que deb\u00edan ser incorporados al plan de manejo del \u00e1rea, estableciendo actividades no permitidas (acuicultura industrial intensiva de especies ex\u00f3ticas, faenas vinculadas a la miner\u00eda e hidrocarburos, entre otros) y otras permitidas (turismo de base comunitaria, la pesca y casa de subsistencia, pesca artesanal de peque\u00f1a\u00a0escala, recolecci\u00f3n de recursos bent\u00f3nicos y especies vegetales, y acuicultura de peque\u00f1a\u00a0escala, de car\u00e1cter comunitario, que contemple solo especie nativas).<\/p>\n<p>Para Leticia Caro, perteneciente a la comunidad Grupos Familiares Kawesqar N\u00f3mades del Mar, la resoluci\u00f3n del Consejo de Ministros \u201cclaramente es un genocidio cultural. La finalizaci\u00f3n del proceso de exterminio de las culturas patag\u00f3nicas australes, porque con esta medida se mutila, una vez m\u00e1s, lo que es la cultura kawesqar, con la visi\u00f3n ancestral que posee\u201d.<\/p>\n<p>\u201cSi bien es cierto, nos hacen una consulta ind\u00edgena para tratar este tema del parque, se vulnera directamente nuestra pertinencia cultural frente a lo que es el maritorio. Ellos, previo a la consulta, hab\u00edan decidido por nuestro maritorio, entonces, la consulta en s\u00ed no tiene ning\u00fan sentido\u201d, a\u00f1ade.<\/p>\n<p>Juan Carlos C\u00e1rdenas de Ecoc\u00e9anos piensa que el proceso institucional que se ha dado a la fecha \u201cdemuestra que el Estado chileno continua con su pol\u00edtica hist\u00f3rica de genocidio cultural y de asimilaci\u00f3n. El parque nacional va a tener a los kawesqar como una especie de figura ex\u00f3tica, destinada a vender artesan\u00edas. El sistema ambiental es racista, ya que le aplica todas estas medidas especialmente a los pueblos originarios: mapuche, lafkenche, huilliche, kawesqar\u201d.<\/p>\n<p>Por ahora, la definici\u00f3n est\u00e1 en manos de la Presidenta Bachelet. \u201cEn la consulta misma, el Ministerio de Bienes Nacionales se comprometi\u00f3 a elevar nuestra solicitud a la Presidenta, sin pasar por el Consejo de Ministros. Cuando nos entregan la s\u00edntesis de la consulta, no vemos por ninguna parte la resoluci\u00f3n donde se deriva esta consulta a la Presidenta\u201d, aclara Leticia Caro.<\/p>\n<p>&nbsp;<\/p>\n<p>El llamado de las comunidades, en tanto, apunta a su presencia en el territorio por miles de a\u00f1os, a pesar del genocidio que sufrieron y que fue avalado por estancieros, empresarios ovejeros y el propio Estado.<\/p>\n<p>\u201cLos kawesqar existimos hace 6000 a\u00f1os. El Estado chileno debe comprender que somos sus aliados en la defensa y conservaci\u00f3n de los territorios marinos australes. Si desaparecemos como cultura ancestral, luego nos seguir\u00e1n las ballenas, delfines, nutrias y lobos marinos, entre otros, as\u00ed como los pr\u00edstinos ecosistemas marinos de la Patagonia y Ant\u00e1rtica\u201d, manifestaron las comunidades a la Presidenta, en la carta entregada en septiembre.<\/p>\n<p>Autor: Felipe Menares Velasquez\u00a0 \u00a0<a href=\"http:\/\/www.elciudadano.cl\/\">www.elciudadano.cl<\/a><\/p>\n<p>http:\/\/www.itvpatagonia.com\/noticias\/rechazan-resolucion-que-deja-sin-mar-al-futuro-parque-nacional-kawesqar\/<\/p>\n","protected":false},"excerpt":{"rendered":"<p>CHILE.- En abril, el Consejo de Ministros decidi\u00f3 que las aguas marinas adyacentes al futuro Parque Nacional quedar\u00edan sin protecci\u00f3n [&hellip;]<\/p>\n","protected":false},"author":2,"featured_media":36541,"comment_status":"open","ping_status":"open","sticky":false,"template":"","format":"standard","meta":{"site-sidebar-layout":"default","site-content-layout":"","ast-site-content-layout":"default","site-content-style":"default","site-sidebar-style":"default","ast-global-header-display":"","ast-banner-title-visibility":"","ast-main-header-display":"","ast-hfb-above-header-display":"","ast-hfb-below-header-display":"","ast-hfb-mobile-header-display":"","site-post-title":"","ast-breadcrumbs-content":"","ast-featured-img":"","footer-sml-layout":"","ast-disable-related-posts":"","theme-transparent-header-meta":"","adv-header-id-meta":"","stick-header-meta":"","header-above-stick-meta":"","header-main-stick-meta":"","header-below-stick-meta":"","astra-migrate-meta-layouts":"default","ast-page-background-enabled":"default","ast-page-background-meta":{"desktop":{"background-color":"var(--ast-global-color-5)","background-image":"","background-repeat":"repeat","background-position":"center center","background-size":"auto","background-attachment":"scroll","background-type":"","background-media":"","overlay-type":"","overlay-color":"","overlay-opacity":"","overlay-gradient":""},"tablet":{"background-color":"","background-image":"","background-repeat":"repeat","background-position":"center center","background-size":"auto","background-attachment":"scroll","background-type":"","background-media":"","overlay-type":"","overlay-color":"","overlay-opacity":"","overlay-gradient":""},"mobile":{"background-color":"","background-image":"","background-repeat":"repeat","background-position":"center center","background-size":"auto","background-attachment":"scroll","background-type":"","background-media":"","overlay-type":"","overlay-color":"","overlay-opacity":"","overlay-gradient":""}},"ast-content-background-meta":{"desktop":{"background-color":"var(--ast-global-color-4)","background-image":"","background-repeat":"repeat","background-position":"center center","background-size":"auto","background-attachment":"scroll","background-type":"","background-media":"","overlay-type":"","overlay-color":"","overlay-opacity":"","overlay-gradient":""},"tablet":{"background-color":"var(--ast-global-color-4)","background-image":"","background-repeat":"repeat","background-position":"center center","background-size":"auto","background-attachment":"scroll","background-type":"","background-media":"","overlay-type":"","overlay-color":"","overlay-opacity":"","overlay-gradient":""},"mobile":{"background-color":"var(--ast-global-color-4)","background-image":"","background-repeat":"repeat","background-position":"center center","background-size":"auto","background-attachment":"scroll","background-type":"","background-media":"","overlay-type":"","overlay-color":"","overlay-opacity":"","overlay-gradient":""}},"footnotes":""},"categories":[23,1],"tags":[],"class_list":["post-36540","post","type-post","status-publish","format-standard","has-post-thumbnail","hentry","category-internacionales","category-noticias"],"yoast_head":"<!-- This site is optimized with the Yoast SEO Premium plugin v23.0 (Yoast SEO v27.4) - https:\/\/yoast.com\/product\/yoast-seo-premium-wordpress\/ -->\n<title>Chile: Rechazan resoluci\u00f3n que dejan sin mar al futuro Parque Nacional Kawesqar<\/title>\n<meta name=\"robots\" content=\"index, follow, max-snippet:-1, max-image-preview:large, max-video-preview:-1\" \/>\n<link rel=\"canonical\" href=\"https:\/\/patagoniambiental.com.ar\/info\/chile-rechazan-resolucion-que-dejan-sin-mar-al-futuro-parque-nacional-kawesqar\/\" \/>\n<meta property=\"og:locale\" content=\"es_ES\" \/>\n<meta property=\"og:type\" content=\"article\" \/>\n<meta property=\"og:title\" content=\"Chile: Rechazan resoluci\u00f3n que dejan sin mar al futuro Parque Nacional Kawesqar\" \/>\n<meta property=\"og:description\" content=\"CHILE.- En abril, el Consejo de Ministros decidi\u00f3 que las aguas marinas adyacentes al futuro Parque Nacional quedar\u00edan sin protecci\u00f3n [&hellip;]\" \/>\n<meta property=\"og:url\" content=\"https:\/\/patagoniambiental.com.ar\/info\/chile-rechazan-resolucion-que-dejan-sin-mar-al-futuro-parque-nacional-kawesqar\/\" \/>\n<meta property=\"og:site_name\" content=\"Patagonia Ambiental\" \/>\n<meta property=\"article:publisher\" content=\"https:\/\/www.facebook.com\/patagonia.ambiental\" \/>\n<meta property=\"article:author\" content=\"https:\/\/www.facebook.com\/share\/1C1V8Gv9BX\/?mibextid=qi2Omg\" \/>\n<meta property=\"article:published_time\" content=\"2017-10-16T12:37:35+00:00\" \/>\n<meta property=\"og:image\" content=\"https:\/\/patagoniambiental.com.ar\/info\/wp-content\/uploads\/2017\/10\/parque-chile.jpg\" \/>\n\t<meta property=\"og:image:width\" content=\"730\" \/>\n\t<meta property=\"og:image:height\" content=\"420\" \/>\n\t<meta property=\"og:image:type\" content=\"image\/jpeg\" \/>\n<meta name=\"author\" content=\"Patagonia Ambiental\" \/>\n<meta name=\"twitter:card\" content=\"summary_large_image\" \/>\n<meta name=\"twitter:creator\" content=\"@PatAmb\" \/>\n<meta name=\"twitter:site\" content=\"@PatAmb\" \/>\n<script type=\"application\/ld+json\" class=\"yoast-schema-graph\">{\"@context\":\"https:\\\/\\\/schema.org\",\"@graph\":[{\"@type\":\"Article\",\"@id\":\"https:\\\/\\\/patagoniambiental.com.ar\\\/info\\\/chile-rechazan-resolucion-que-dejan-sin-mar-al-futuro-parque-nacional-kawesqar\\\/#article\",\"isPartOf\":{\"@id\":\"https:\\\/\\\/patagoniambiental.com.ar\\\/info\\\/chile-rechazan-resolucion-que-dejan-sin-mar-al-futuro-parque-nacional-kawesqar\\\/\"},\"author\":{\"name\":\"Patagonia Ambiental\",\"@id\":\"https:\\\/\\\/patagoniambiental.com.ar\\\/info\\\/#\\\/schema\\\/person\\\/db12bff64bbcbf6a253710bf0ea37b5d\"},\"headline\":\"Chile: Rechazan resoluci\u00f3n que dejan sin mar al futuro Parque Nacional Kawesqar\",\"datePublished\":\"2017-10-16T12:37:35+00:00\",\"mainEntityOfPage\":{\"@id\":\"https:\\\/\\\/patagoniambiental.com.ar\\\/info\\\/chile-rechazan-resolucion-que-dejan-sin-mar-al-futuro-parque-nacional-kawesqar\\\/\"},\"wordCount\":1790,\"commentCount\":0,\"publisher\":{\"@id\":\"https:\\\/\\\/patagoniambiental.com.ar\\\/info\\\/#organization\"},\"image\":{\"@id\":\"https:\\\/\\\/patagoniambiental.com.ar\\\/info\\\/chile-rechazan-resolucion-que-dejan-sin-mar-al-futuro-parque-nacional-kawesqar\\\/#primaryimage\"},\"thumbnailUrl\":\"https:\\\/\\\/patagoniambiental.com.ar\\\/info\\\/wp-content\\\/uploads\\\/2017\\\/10\\\/parque-chile.jpg\",\"articleSection\":[\"Internacionales\",\"Noticias\"],\"inLanguage\":\"es\",\"potentialAction\":[{\"@type\":\"CommentAction\",\"name\":\"Comment\",\"target\":[\"https:\\\/\\\/patagoniambiental.com.ar\\\/info\\\/chile-rechazan-resolucion-que-dejan-sin-mar-al-futuro-parque-nacional-kawesqar\\\/#respond\"]}]},{\"@type\":\"WebPage\",\"@id\":\"https:\\\/\\\/patagoniambiental.com.ar\\\/info\\\/chile-rechazan-resolucion-que-dejan-sin-mar-al-futuro-parque-nacional-kawesqar\\\/\",\"url\":\"https:\\\/\\\/patagoniambiental.com.ar\\\/info\\\/chile-rechazan-resolucion-que-dejan-sin-mar-al-futuro-parque-nacional-kawesqar\\\/\",\"name\":\"Chile: Rechazan resoluci\u00f3n que dejan sin mar al futuro Parque Nacional Kawesqar\",\"isPartOf\":{\"@id\":\"https:\\\/\\\/patagoniambiental.com.ar\\\/info\\\/#website\"},\"primaryImageOfPage\":{\"@id\":\"https:\\\/\\\/patagoniambiental.com.ar\\\/info\\\/chile-rechazan-resolucion-que-dejan-sin-mar-al-futuro-parque-nacional-kawesqar\\\/#primaryimage\"},\"image\":{\"@id\":\"https:\\\/\\\/patagoniambiental.com.ar\\\/info\\\/chile-rechazan-resolucion-que-dejan-sin-mar-al-futuro-parque-nacional-kawesqar\\\/#primaryimage\"},\"thumbnailUrl\":\"https:\\\/\\\/patagoniambiental.com.ar\\\/info\\\/wp-content\\\/uploads\\\/2017\\\/10\\\/parque-chile.jpg\",\"datePublished\":\"2017-10-16T12:37:35+00:00\",\"breadcrumb\":{\"@id\":\"https:\\\/\\\/patagoniambiental.com.ar\\\/info\\\/chile-rechazan-resolucion-que-dejan-sin-mar-al-futuro-parque-nacional-kawesqar\\\/#breadcrumb\"},\"inLanguage\":\"es\",\"potentialAction\":[{\"@type\":\"ReadAction\",\"target\":[\"https:\\\/\\\/patagoniambiental.com.ar\\\/info\\\/chile-rechazan-resolucion-que-dejan-sin-mar-al-futuro-parque-nacional-kawesqar\\\/\"]}]},{\"@type\":\"ImageObject\",\"inLanguage\":\"es\",\"@id\":\"https:\\\/\\\/patagoniambiental.com.ar\\\/info\\\/chile-rechazan-resolucion-que-dejan-sin-mar-al-futuro-parque-nacional-kawesqar\\\/#primaryimage\",\"url\":\"https:\\\/\\\/patagoniambiental.com.ar\\\/info\\\/wp-content\\\/uploads\\\/2017\\\/10\\\/parque-chile.jpg\",\"contentUrl\":\"https:\\\/\\\/patagoniambiental.com.ar\\\/info\\\/wp-content\\\/uploads\\\/2017\\\/10\\\/parque-chile.jpg\",\"width\":730,\"height\":420},{\"@type\":\"BreadcrumbList\",\"@id\":\"https:\\\/\\\/patagoniambiental.com.ar\\\/info\\\/chile-rechazan-resolucion-que-dejan-sin-mar-al-futuro-parque-nacional-kawesqar\\\/#breadcrumb\",\"itemListElement\":[{\"@type\":\"ListItem\",\"position\":1,\"name\":\"Inicio\",\"item\":\"https:\\\/\\\/patagoniambiental.com.ar\\\/info\\\/\"},{\"@type\":\"ListItem\",\"position\":2,\"name\":\"Chile: Rechazan resoluci\u00f3n que dejan sin mar al futuro Parque Nacional Kawesqar\"}]},{\"@type\":\"WebSite\",\"@id\":\"https:\\\/\\\/patagoniambiental.com.ar\\\/info\\\/#website\",\"url\":\"https:\\\/\\\/patagoniambiental.com.ar\\\/info\\\/\",\"name\":\"Patagonia Ambiental\",\"description\":\"Monitoreo y an\u00e1lisis de la situaci\u00f3n geopol\u00edtica en el mundo y su implicancia en la Patagonia\",\"publisher\":{\"@id\":\"https:\\\/\\\/patagoniambiental.com.ar\\\/info\\\/#organization\"},\"potentialAction\":[{\"@type\":\"SearchAction\",\"target\":{\"@type\":\"EntryPoint\",\"urlTemplate\":\"https:\\\/\\\/patagoniambiental.com.ar\\\/info\\\/?s={search_term_string}\"},\"query-input\":{\"@type\":\"PropertyValueSpecification\",\"valueRequired\":true,\"valueName\":\"search_term_string\"}}],\"inLanguage\":\"es\"},{\"@type\":\"Organization\",\"@id\":\"https:\\\/\\\/patagoniambiental.com.ar\\\/info\\\/#organization\",\"name\":\"Patagonia Ambiental\",\"url\":\"https:\\\/\\\/patagoniambiental.com.ar\\\/info\\\/\",\"logo\":{\"@type\":\"ImageObject\",\"inLanguage\":\"es\",\"@id\":\"https:\\\/\\\/patagoniambiental.com.ar\\\/info\\\/#\\\/schema\\\/logo\\\/image\\\/\",\"url\":\"https:\\\/\\\/patagoniambiental.com.ar\\\/info\\\/wp-content\\\/uploads\\\/2025\\\/05\\\/LOGO-PATAGONIA-AMBIENTAL.png\",\"contentUrl\":\"https:\\\/\\\/patagoniambiental.com.ar\\\/info\\\/wp-content\\\/uploads\\\/2025\\\/05\\\/LOGO-PATAGONIA-AMBIENTAL.png\",\"width\":433,\"height\":250,\"caption\":\"Patagonia Ambiental\"},\"image\":{\"@id\":\"https:\\\/\\\/patagoniambiental.com.ar\\\/info\\\/#\\\/schema\\\/logo\\\/image\\\/\"},\"sameAs\":[\"https:\\\/\\\/www.facebook.com\\\/patagonia.ambiental\",\"https:\\\/\\\/x.com\\\/PatAmb\"]},{\"@type\":\"Person\",\"@id\":\"https:\\\/\\\/patagoniambiental.com.ar\\\/info\\\/#\\\/schema\\\/person\\\/db12bff64bbcbf6a253710bf0ea37b5d\",\"name\":\"Patagonia Ambiental\",\"description\":\"Andr\u00e9s Nievas T\u00e9cnico en manejo ambiental, consultor Ambiental y escritor para medios locales e internacionales sobre temas de geopolitica y medio ambiente.\",\"sameAs\":[\"http:\\\/\\\/www.patagoniambiental.com.ar\",\"https:\\\/\\\/www.facebook.com\\\/share\\\/1C1V8Gv9BX\\\/?mibextid=qi2Omg\",\"@patagoniambiental\",\"https:\\\/\\\/youtube.com\\\/@patagoniaambiental2023?si=BLt58t0wuXquxlYZ\"]}]}<\/script>\n<!-- \/ Yoast SEO Premium plugin. -->","yoast_head_json":{"title":"Chile: Rechazan resoluci\u00f3n que dejan sin mar al futuro Parque Nacional Kawesqar","robots":{"index":"index","follow":"follow","max-snippet":"max-snippet:-1","max-image-preview":"max-image-preview:large","max-video-preview":"max-video-preview:-1"},"canonical":"https:\/\/patagoniambiental.com.ar\/info\/chile-rechazan-resolucion-que-dejan-sin-mar-al-futuro-parque-nacional-kawesqar\/","og_locale":"es_ES","og_type":"article","og_title":"Chile: Rechazan resoluci\u00f3n que dejan sin mar al futuro Parque Nacional Kawesqar","og_description":"CHILE.- En abril, el Consejo de Ministros decidi\u00f3 que las aguas marinas adyacentes al futuro Parque Nacional quedar\u00edan sin protecci\u00f3n [&hellip;]","og_url":"https:\/\/patagoniambiental.com.ar\/info\/chile-rechazan-resolucion-que-dejan-sin-mar-al-futuro-parque-nacional-kawesqar\/","og_site_name":"Patagonia Ambiental","article_publisher":"https:\/\/www.facebook.com\/patagonia.ambiental","article_author":"https:\/\/www.facebook.com\/share\/1C1V8Gv9BX\/?mibextid=qi2Omg","article_published_time":"2017-10-16T12:37:35+00:00","og_image":[{"width":730,"height":420,"url":"https:\/\/patagoniambiental.com.ar\/info\/wp-content\/uploads\/2017\/10\/parque-chile.jpg","type":"image\/jpeg"}],"author":"Patagonia Ambiental","twitter_card":"summary_large_image","twitter_creator":"@PatAmb","twitter_site":"@PatAmb","schema":{"@context":"https:\/\/schema.org","@graph":[{"@type":"Article","@id":"https:\/\/patagoniambiental.com.ar\/info\/chile-rechazan-resolucion-que-dejan-sin-mar-al-futuro-parque-nacional-kawesqar\/#article","isPartOf":{"@id":"https:\/\/patagoniambiental.com.ar\/info\/chile-rechazan-resolucion-que-dejan-sin-mar-al-futuro-parque-nacional-kawesqar\/"},"author":{"name":"Patagonia Ambiental","@id":"https:\/\/patagoniambiental.com.ar\/info\/#\/schema\/person\/db12bff64bbcbf6a253710bf0ea37b5d"},"headline":"Chile: Rechazan resoluci\u00f3n que dejan sin mar al futuro Parque Nacional Kawesqar","datePublished":"2017-10-16T12:37:35+00:00","mainEntityOfPage":{"@id":"https:\/\/patagoniambiental.com.ar\/info\/chile-rechazan-resolucion-que-dejan-sin-mar-al-futuro-parque-nacional-kawesqar\/"},"wordCount":1790,"commentCount":0,"publisher":{"@id":"https:\/\/patagoniambiental.com.ar\/info\/#organization"},"image":{"@id":"https:\/\/patagoniambiental.com.ar\/info\/chile-rechazan-resolucion-que-dejan-sin-mar-al-futuro-parque-nacional-kawesqar\/#primaryimage"},"thumbnailUrl":"https:\/\/patagoniambiental.com.ar\/info\/wp-content\/uploads\/2017\/10\/parque-chile.jpg","articleSection":["Internacionales","Noticias"],"inLanguage":"es","potentialAction":[{"@type":"CommentAction","name":"Comment","target":["https:\/\/patagoniambiental.com.ar\/info\/chile-rechazan-resolucion-que-dejan-sin-mar-al-futuro-parque-nacional-kawesqar\/#respond"]}]},{"@type":"WebPage","@id":"https:\/\/patagoniambiental.com.ar\/info\/chile-rechazan-resolucion-que-dejan-sin-mar-al-futuro-parque-nacional-kawesqar\/","url":"https:\/\/patagoniambiental.com.ar\/info\/chile-rechazan-resolucion-que-dejan-sin-mar-al-futuro-parque-nacional-kawesqar\/","name":"Chile: Rechazan resoluci\u00f3n que dejan sin mar al futuro Parque Nacional Kawesqar","isPartOf":{"@id":"https:\/\/patagoniambiental.com.ar\/info\/#website"},"primaryImageOfPage":{"@id":"https:\/\/patagoniambiental.com.ar\/info\/chile-rechazan-resolucion-que-dejan-sin-mar-al-futuro-parque-nacional-kawesqar\/#primaryimage"},"image":{"@id":"https:\/\/patagoniambiental.com.ar\/info\/chile-rechazan-resolucion-que-dejan-sin-mar-al-futuro-parque-nacional-kawesqar\/#primaryimage"},"thumbnailUrl":"https:\/\/patagoniambiental.com.ar\/info\/wp-content\/uploads\/2017\/10\/parque-chile.jpg","datePublished":"2017-10-16T12:37:35+00:00","breadcrumb":{"@id":"https:\/\/patagoniambiental.com.ar\/info\/chile-rechazan-resolucion-que-dejan-sin-mar-al-futuro-parque-nacional-kawesqar\/#breadcrumb"},"inLanguage":"es","potentialAction":[{"@type":"ReadAction","target":["https:\/\/patagoniambiental.com.ar\/info\/chile-rechazan-resolucion-que-dejan-sin-mar-al-futuro-parque-nacional-kawesqar\/"]}]},{"@type":"ImageObject","inLanguage":"es","@id":"https:\/\/patagoniambiental.com.ar\/info\/chile-rechazan-resolucion-que-dejan-sin-mar-al-futuro-parque-nacional-kawesqar\/#primaryimage","url":"https:\/\/patagoniambiental.com.ar\/info\/wp-content\/uploads\/2017\/10\/parque-chile.jpg","contentUrl":"https:\/\/patagoniambiental.com.ar\/info\/wp-content\/uploads\/2017\/10\/parque-chile.jpg","width":730,"height":420},{"@type":"BreadcrumbList","@id":"https:\/\/patagoniambiental.com.ar\/info\/chile-rechazan-resolucion-que-dejan-sin-mar-al-futuro-parque-nacional-kawesqar\/#breadcrumb","itemListElement":[{"@type":"ListItem","position":1,"name":"Inicio","item":"https:\/\/patagoniambiental.com.ar\/info\/"},{"@type":"ListItem","position":2,"name":"Chile: Rechazan resoluci\u00f3n que dejan sin mar al futuro Parque Nacional Kawesqar"}]},{"@type":"WebSite","@id":"https:\/\/patagoniambiental.com.ar\/info\/#website","url":"https:\/\/patagoniambiental.com.ar\/info\/","name":"Patagonia Ambiental","description":"Monitoreo y an\u00e1lisis de la situaci\u00f3n geopol\u00edtica en el mundo y su implicancia en la Patagonia","publisher":{"@id":"https:\/\/patagoniambiental.com.ar\/info\/#organization"},"potentialAction":[{"@type":"SearchAction","target":{"@type":"EntryPoint","urlTemplate":"https:\/\/patagoniambiental.com.ar\/info\/?s={search_term_string}"},"query-input":{"@type":"PropertyValueSpecification","valueRequired":true,"valueName":"search_term_string"}}],"inLanguage":"es"},{"@type":"Organization","@id":"https:\/\/patagoniambiental.com.ar\/info\/#organization","name":"Patagonia Ambiental","url":"https:\/\/patagoniambiental.com.ar\/info\/","logo":{"@type":"ImageObject","inLanguage":"es","@id":"https:\/\/patagoniambiental.com.ar\/info\/#\/schema\/logo\/image\/","url":"https:\/\/patagoniambiental.com.ar\/info\/wp-content\/uploads\/2025\/05\/LOGO-PATAGONIA-AMBIENTAL.png","contentUrl":"https:\/\/patagoniambiental.com.ar\/info\/wp-content\/uploads\/2025\/05\/LOGO-PATAGONIA-AMBIENTAL.png","width":433,"height":250,"caption":"Patagonia Ambiental"},"image":{"@id":"https:\/\/patagoniambiental.com.ar\/info\/#\/schema\/logo\/image\/"},"sameAs":["https:\/\/www.facebook.com\/patagonia.ambiental","https:\/\/x.com\/PatAmb"]},{"@type":"Person","@id":"https:\/\/patagoniambiental.com.ar\/info\/#\/schema\/person\/db12bff64bbcbf6a253710bf0ea37b5d","name":"Patagonia Ambiental","description":"Andr\u00e9s Nievas T\u00e9cnico en manejo ambiental, consultor Ambiental y escritor para medios locales e internacionales sobre temas de geopolitica y medio ambiente.","sameAs":["http:\/\/www.patagoniambiental.com.ar","https:\/\/www.facebook.com\/share\/1C1V8Gv9BX\/?mibextid=qi2Omg","@patagoniambiental","https:\/\/youtube.com\/@patagoniaambiental2023?si=BLt58t0wuXquxlYZ"]}]}},"_links":{"self":[{"href":"https:\/\/patagoniambiental.com.ar\/info\/wp-json\/wp\/v2\/posts\/36540","targetHints":{"allow":["GET"]}}],"collection":[{"href":"https:\/\/patagoniambiental.com.ar\/info\/wp-json\/wp\/v2\/posts"}],"about":[{"href":"https:\/\/patagoniambiental.com.ar\/info\/wp-json\/wp\/v2\/types\/post"}],"author":[{"embeddable":true,"href":"https:\/\/patagoniambiental.com.ar\/info\/wp-json\/wp\/v2\/users\/2"}],"replies":[{"embeddable":true,"href":"https:\/\/patagoniambiental.com.ar\/info\/wp-json\/wp\/v2\/comments?post=36540"}],"version-history":[{"count":0,"href":"https:\/\/patagoniambiental.com.ar\/info\/wp-json\/wp\/v2\/posts\/36540\/revisions"}],"wp:featuredmedia":[{"embeddable":true,"href":"https:\/\/patagoniambiental.com.ar\/info\/wp-json\/wp\/v2\/media\/36541"}],"wp:attachment":[{"href":"https:\/\/patagoniambiental.com.ar\/info\/wp-json\/wp\/v2\/media?parent=36540"}],"wp:term":[{"taxonomy":"category","embeddable":true,"href":"https:\/\/patagoniambiental.com.ar\/info\/wp-json\/wp\/v2\/categories?post=36540"},{"taxonomy":"post_tag","embeddable":true,"href":"https:\/\/patagoniambiental.com.ar\/info\/wp-json\/wp\/v2\/tags?post=36540"}],"curies":[{"name":"wp","href":"https:\/\/api.w.org\/{rel}","templated":true}]}}