{"id":36610,"date":"2017-10-17T19:00:07","date_gmt":"2017-10-17T22:00:07","guid":{"rendered":"http:\/\/patagoniambiental.com.ar\/info\/?p=36610"},"modified":"2017-10-17T12:00:34","modified_gmt":"2017-10-17T15:00:34","slug":"dirigentes-mapuches-de-bio-bio-viajan-a-santiago-para-exigir-plurinacionalidad-al-gobierno","status":"publish","type":"post","link":"https:\/\/patagoniambiental.com.ar\/info\/dirigentes-mapuches-de-bio-bio-viajan-a-santiago-para-exigir-plurinacionalidad-al-gobierno\/","title":{"rendered":"Dirigentes mapuches de B\u00edo B\u00edo viajan a Santiago para exigir plurinacionalidad al Gobierno"},"content":{"rendered":"<div class=\"imgDestacada img-video-nota overflow-hidden\"><\/div>\n<div id=\"datos-autor\" class=\"info\">\n<div>Regi\u00f3n del Bio Bio.-Dirigentes mapuches se reunir\u00e1n con el Gobierno\u00a0<strong>esta semana en Santiago<\/strong>\u00a0para analizar las propuestas de la consulta ind\u00edgena y comprometer\u00a0<strong>el env\u00edo de un proyecto de ley antes del t\u00e9rmino de la actual administraci\u00f3n<\/strong>.<\/div>\n<\/div>\n<p><!--more--><\/p>\n<p><i>Publicado por<\/i>\u00a0Alejandro Alarc\u00f3n<\/p>\n<div id=\"datos-autor\" class=\"info\">\n<i>La Informaci\u00f3n es de<\/i><\/p>\n<div>Jorge Monares<\/div>\n<\/div>\n<div class=\"contenido-nota\">\n<p>Juan Pichilen, presidente del Consejo Futa Traw\u00fcn del Bajo B\u00edo B\u00edo, participar\u00e1 en esta actividad para expresar entre otros temas, que un eventual triunfo de Sebasti\u00e1n Pi\u00f1era\u00a0<strong>har\u00e1 retroceder las iniciativas propuestas<\/strong>.<\/p>\n<p>El proceso de consulta ind\u00edgena comenz\u00f3 en 2016 y estableci\u00f3\u00a0<strong>dos grandes planteamientos<\/strong>\u00a0como el\u00a0<strong>reconocimiento constitucional<\/strong>\u00a0a los pueblos originarios y\u00a0<strong>garantizar la representaci\u00f3n pol\u00edtica<\/strong>.<\/p>\n<p>Para el dirigente mapuche, el tema de la plurinacionalidad\u00a0<strong>no est\u00e1 recogida en la consulta ind\u00edgena<\/strong>, por lo cual considera necesario incorporarla en Chile, de acuerdo a los dict\u00e1menes internacionales de organismos pro autonom\u00eda de las etnias.<\/p>\n<p>La visi\u00f3n fue compartida por el werk\u00e9n moluche de Mulch\u00e9n, Jos\u00e9 Escalona, quien dijo que si no se resuelve este asunto\u00a0<strong>seguir\u00e1n dando vueltas en lo mismo<\/strong>.<\/p>\n<p>Escalona tambi\u00e9n reconoci\u00f3 que esta materia\u00a0<strong>no est\u00e1 siendo considerada por el Gobierno<\/strong>, pero que s\u00ed lo est\u00e1n exigiendo las bases de las agrupaciones mapuches.<\/p>\n<p>Fuente:\u00a0http:\/\/www.biobiochile.cl\/noticias\/nacional\/region-del-bio-bio\/2017\/10\/16\/dirigentes-mapuches-de-bio-bio-viajan-a-santiago-para-exigir-plurinacionalidad-al-gobierno.shtml<\/p>\n<\/div>\n","protected":false},"excerpt":{"rendered":"<p>Regi\u00f3n del Bio Bio.-Dirigentes mapuches se reunir\u00e1n con el Gobierno\u00a0esta semana en Santiago\u00a0para analizar las propuestas de la consulta ind\u00edgena [&hellip;]<\/p>\n","protected":false},"author":2,"featured_media":36612,"comment_status":"open","ping_status":"open","sticky":false,"template":"","format":"standard","meta":{"site-sidebar-layout":"default","site-content-layout":"","ast-site-content-layout":"default","site-content-style":"default","site-sidebar-style":"default","ast-global-header-display":"","ast-banner-title-visibility":"","ast-main-header-display":"","ast-hfb-above-header-display":"","ast-hfb-below-header-display":"","ast-hfb-mobile-header-display":"","site-post-title":"","ast-breadcrumbs-content":"","ast-featured-img":"","footer-sml-layout":"","ast-disable-related-posts":"","theme-transparent-header-meta":"","adv-header-id-meta":"","stick-header-meta":"","header-above-stick-meta":"","header-main-stick-meta":"","header-below-stick-meta":"","astra-migrate-meta-layouts":"default","ast-page-background-enabled":"default","ast-page-background-meta":{"desktop":{"background-color":"var(--ast-global-color-5)","background-image":"","background-repeat":"repeat","background-position":"center center","background-size":"auto","background-attachment":"scroll","background-type":"","background-media":"","overlay-type":"","overlay-color":"","overlay-opacity":"","overlay-gradient":""},"tablet":{"background-color":"","background-image":"","background-repeat":"repeat","background-position":"center center","background-size":"auto","background-attachment":"scroll","background-type":"","background-media":"","overlay-type":"","overlay-color":"","overlay-opacity":"","overlay-gradient":""},"mobile":{"background-color":"","background-image":"","background-repeat":"repeat","background-position":"center center","background-size":"auto","background-attachment":"scroll","background-type":"","background-media":"","overlay-type":"","overlay-color":"","overlay-opacity":"","overlay-gradient":""}},"ast-content-background-meta":{"desktop":{"background-color":"var(--ast-global-color-4)","background-image":"","background-repeat":"repeat","background-position":"center center","background-size":"auto","background-attachment":"scroll","background-type":"","background-media":"","overlay-type":"","overlay-color":"","overlay-opacity":"","overlay-gradient":""},"tablet":{"background-color":"var(--ast-global-color-4)","background-image":"","background-repeat":"repeat","background-position":"center center","background-size":"auto","background-attachment":"scroll","background-type":"","background-media":"","overlay-type":"","overlay-color":"","overlay-opacity":"","overlay-gradient":""},"mobile":{"background-color":"var(--ast-global-color-4)","background-image":"","background-repeat":"repeat","background-position":"center center","background-size":"auto","background-attachment":"scroll","background-type":"","background-media":"","overlay-type":"","overlay-color":"","overlay-opacity":"","overlay-gradient":""}},"footnotes":""},"categories":[23,1],"tags":[],"class_list":["post-36610","post","type-post","status-publish","format-standard","has-post-thumbnail","hentry","category-internacionales","category-noticias"],"yoast_head":"<!-- This site is optimized with the Yoast SEO Premium plugin v23.0 (Yoast SEO v27.4) - https:\/\/yoast.com\/product\/yoast-seo-premium-wordpress\/ -->\n<title>Dirigentes mapuches de B\u00edo B\u00edo viajan a Santiago para exigir plurinacionalidad al Gobierno<\/title>\n<meta name=\"robots\" content=\"index, follow, max-snippet:-1, max-image-preview:large, max-video-preview:-1\" \/>\n<link rel=\"canonical\" href=\"https:\/\/patagoniambiental.com.ar\/info\/dirigentes-mapuches-de-bio-bio-viajan-a-santiago-para-exigir-plurinacionalidad-al-gobierno\/\" \/>\n<meta property=\"og:locale\" content=\"es_ES\" \/>\n<meta property=\"og:type\" content=\"article\" \/>\n<meta property=\"og:title\" content=\"Dirigentes mapuches de B\u00edo B\u00edo viajan a Santiago para exigir plurinacionalidad al Gobierno\" \/>\n<meta property=\"og:description\" content=\"Regi\u00f3n del Bio Bio.-Dirigentes mapuches se reunir\u00e1n con el Gobierno\u00a0esta semana en Santiago\u00a0para analizar las propuestas de la consulta ind\u00edgena [&hellip;]\" \/>\n<meta property=\"og:url\" content=\"https:\/\/patagoniambiental.com.ar\/info\/dirigentes-mapuches-de-bio-bio-viajan-a-santiago-para-exigir-plurinacionalidad-al-gobierno\/\" \/>\n<meta property=\"og:site_name\" content=\"Patagonia Ambiental\" \/>\n<meta property=\"article:publisher\" content=\"https:\/\/www.facebook.com\/patagonia.ambiental\" \/>\n<meta property=\"article:author\" content=\"https:\/\/www.facebook.com\/share\/1C1V8Gv9BX\/?mibextid=qi2Omg\" \/>\n<meta property=\"article:published_time\" content=\"2017-10-17T22:00:07+00:00\" \/>\n<meta property=\"og:image\" content=\"https:\/\/patagoniambiental.com.ar\/info\/wp-content\/uploads\/2017\/10\/Sin-t\u00edtulo-8.jpg\" \/>\n\t<meta property=\"og:image:width\" content=\"735\" \/>\n\t<meta property=\"og:image:height\" content=\"350\" \/>\n\t<meta property=\"og:image:type\" content=\"image\/jpeg\" \/>\n<meta name=\"author\" content=\"Patagonia Ambiental\" \/>\n<meta name=\"twitter:card\" content=\"summary_large_image\" \/>\n<meta name=\"twitter:creator\" content=\"@PatAmb\" \/>\n<meta name=\"twitter:site\" content=\"@PatAmb\" \/>\n<script type=\"application\/ld+json\" class=\"yoast-schema-graph\">{\"@context\":\"https:\\\/\\\/schema.org\",\"@graph\":[{\"@type\":\"Article\",\"@id\":\"https:\\\/\\\/patagoniambiental.com.ar\\\/info\\\/dirigentes-mapuches-de-bio-bio-viajan-a-santiago-para-exigir-plurinacionalidad-al-gobierno\\\/#article\",\"isPartOf\":{\"@id\":\"https:\\\/\\\/patagoniambiental.com.ar\\\/info\\\/dirigentes-mapuches-de-bio-bio-viajan-a-santiago-para-exigir-plurinacionalidad-al-gobierno\\\/\"},\"author\":{\"name\":\"Patagonia Ambiental\",\"@id\":\"https:\\\/\\\/patagoniambiental.com.ar\\\/info\\\/#\\\/schema\\\/person\\\/db12bff64bbcbf6a253710bf0ea37b5d\"},\"headline\":\"Dirigentes mapuches de B\u00edo B\u00edo viajan a Santiago para exigir plurinacionalidad al Gobierno\",\"datePublished\":\"2017-10-17T22:00:07+00:00\",\"mainEntityOfPage\":{\"@id\":\"https:\\\/\\\/patagoniambiental.com.ar\\\/info\\\/dirigentes-mapuches-de-bio-bio-viajan-a-santiago-para-exigir-plurinacionalidad-al-gobierno\\\/\"},\"wordCount\":245,\"commentCount\":0,\"publisher\":{\"@id\":\"https:\\\/\\\/patagoniambiental.com.ar\\\/info\\\/#organization\"},\"image\":{\"@id\":\"https:\\\/\\\/patagoniambiental.com.ar\\\/info\\\/dirigentes-mapuches-de-bio-bio-viajan-a-santiago-para-exigir-plurinacionalidad-al-gobierno\\\/#primaryimage\"},\"thumbnailUrl\":\"https:\\\/\\\/patagoniambiental.com.ar\\\/info\\\/wp-content\\\/uploads\\\/2017\\\/10\\\/Sin-t\u00edtulo-8.jpg\",\"articleSection\":[\"Internacionales\",\"Noticias\"],\"inLanguage\":\"es\",\"potentialAction\":[{\"@type\":\"CommentAction\",\"name\":\"Comment\",\"target\":[\"https:\\\/\\\/patagoniambiental.com.ar\\\/info\\\/dirigentes-mapuches-de-bio-bio-viajan-a-santiago-para-exigir-plurinacionalidad-al-gobierno\\\/#respond\"]}]},{\"@type\":\"WebPage\",\"@id\":\"https:\\\/\\\/patagoniambiental.com.ar\\\/info\\\/dirigentes-mapuches-de-bio-bio-viajan-a-santiago-para-exigir-plurinacionalidad-al-gobierno\\\/\",\"url\":\"https:\\\/\\\/patagoniambiental.com.ar\\\/info\\\/dirigentes-mapuches-de-bio-bio-viajan-a-santiago-para-exigir-plurinacionalidad-al-gobierno\\\/\",\"name\":\"Dirigentes mapuches de B\u00edo B\u00edo viajan a Santiago para exigir plurinacionalidad al Gobierno\",\"isPartOf\":{\"@id\":\"https:\\\/\\\/patagoniambiental.com.ar\\\/info\\\/#website\"},\"primaryImageOfPage\":{\"@id\":\"https:\\\/\\\/patagoniambiental.com.ar\\\/info\\\/dirigentes-mapuches-de-bio-bio-viajan-a-santiago-para-exigir-plurinacionalidad-al-gobierno\\\/#primaryimage\"},\"image\":{\"@id\":\"https:\\\/\\\/patagoniambiental.com.ar\\\/info\\\/dirigentes-mapuches-de-bio-bio-viajan-a-santiago-para-exigir-plurinacionalidad-al-gobierno\\\/#primaryimage\"},\"thumbnailUrl\":\"https:\\\/\\\/patagoniambiental.com.ar\\\/info\\\/wp-content\\\/uploads\\\/2017\\\/10\\\/Sin-t\u00edtulo-8.jpg\",\"datePublished\":\"2017-10-17T22:00:07+00:00\",\"breadcrumb\":{\"@id\":\"https:\\\/\\\/patagoniambiental.com.ar\\\/info\\\/dirigentes-mapuches-de-bio-bio-viajan-a-santiago-para-exigir-plurinacionalidad-al-gobierno\\\/#breadcrumb\"},\"inLanguage\":\"es\",\"potentialAction\":[{\"@type\":\"ReadAction\",\"target\":[\"https:\\\/\\\/patagoniambiental.com.ar\\\/info\\\/dirigentes-mapuches-de-bio-bio-viajan-a-santiago-para-exigir-plurinacionalidad-al-gobierno\\\/\"]}]},{\"@type\":\"ImageObject\",\"inLanguage\":\"es\",\"@id\":\"https:\\\/\\\/patagoniambiental.com.ar\\\/info\\\/dirigentes-mapuches-de-bio-bio-viajan-a-santiago-para-exigir-plurinacionalidad-al-gobierno\\\/#primaryimage\",\"url\":\"https:\\\/\\\/patagoniambiental.com.ar\\\/info\\\/wp-content\\\/uploads\\\/2017\\\/10\\\/Sin-t\u00edtulo-8.jpg\",\"contentUrl\":\"https:\\\/\\\/patagoniambiental.com.ar\\\/info\\\/wp-content\\\/uploads\\\/2017\\\/10\\\/Sin-t\u00edtulo-8.jpg\",\"width\":735,\"height\":350},{\"@type\":\"BreadcrumbList\",\"@id\":\"https:\\\/\\\/patagoniambiental.com.ar\\\/info\\\/dirigentes-mapuches-de-bio-bio-viajan-a-santiago-para-exigir-plurinacionalidad-al-gobierno\\\/#breadcrumb\",\"itemListElement\":[{\"@type\":\"ListItem\",\"position\":1,\"name\":\"Inicio\",\"item\":\"https:\\\/\\\/patagoniambiental.com.ar\\\/info\\\/\"},{\"@type\":\"ListItem\",\"position\":2,\"name\":\"Dirigentes mapuches de B\u00edo B\u00edo viajan a Santiago para exigir plurinacionalidad al Gobierno\"}]},{\"@type\":\"WebSite\",\"@id\":\"https:\\\/\\\/patagoniambiental.com.ar\\\/info\\\/#website\",\"url\":\"https:\\\/\\\/patagoniambiental.com.ar\\\/info\\\/\",\"name\":\"Patagonia Ambiental\",\"description\":\"Monitoreo y an\u00e1lisis de la situaci\u00f3n geopol\u00edtica en el mundo y su implicancia en la Patagonia\",\"publisher\":{\"@id\":\"https:\\\/\\\/patagoniambiental.com.ar\\\/info\\\/#organization\"},\"potentialAction\":[{\"@type\":\"SearchAction\",\"target\":{\"@type\":\"EntryPoint\",\"urlTemplate\":\"https:\\\/\\\/patagoniambiental.com.ar\\\/info\\\/?s={search_term_string}\"},\"query-input\":{\"@type\":\"PropertyValueSpecification\",\"valueRequired\":true,\"valueName\":\"search_term_string\"}}],\"inLanguage\":\"es\"},{\"@type\":\"Organization\",\"@id\":\"https:\\\/\\\/patagoniambiental.com.ar\\\/info\\\/#organization\",\"name\":\"Patagonia Ambiental\",\"url\":\"https:\\\/\\\/patagoniambiental.com.ar\\\/info\\\/\",\"logo\":{\"@type\":\"ImageObject\",\"inLanguage\":\"es\",\"@id\":\"https:\\\/\\\/patagoniambiental.com.ar\\\/info\\\/#\\\/schema\\\/logo\\\/image\\\/\",\"url\":\"https:\\\/\\\/patagoniambiental.com.ar\\\/info\\\/wp-content\\\/uploads\\\/2025\\\/05\\\/LOGO-PATAGONIA-AMBIENTAL.png\",\"contentUrl\":\"https:\\\/\\\/patagoniambiental.com.ar\\\/info\\\/wp-content\\\/uploads\\\/2025\\\/05\\\/LOGO-PATAGONIA-AMBIENTAL.png\",\"width\":433,\"height\":250,\"caption\":\"Patagonia Ambiental\"},\"image\":{\"@id\":\"https:\\\/\\\/patagoniambiental.com.ar\\\/info\\\/#\\\/schema\\\/logo\\\/image\\\/\"},\"sameAs\":[\"https:\\\/\\\/www.facebook.com\\\/patagonia.ambiental\",\"https:\\\/\\\/x.com\\\/PatAmb\"]},{\"@type\":\"Person\",\"@id\":\"https:\\\/\\\/patagoniambiental.com.ar\\\/info\\\/#\\\/schema\\\/person\\\/db12bff64bbcbf6a253710bf0ea37b5d\",\"name\":\"Patagonia Ambiental\",\"description\":\"Andr\u00e9s Nievas T\u00e9cnico en manejo ambiental, consultor Ambiental y escritor para medios locales e internacionales sobre temas de geopolitica y medio ambiente.\",\"sameAs\":[\"http:\\\/\\\/www.patagoniambiental.com.ar\",\"https:\\\/\\\/www.facebook.com\\\/share\\\/1C1V8Gv9BX\\\/?mibextid=qi2Omg\",\"@patagoniambiental\",\"https:\\\/\\\/youtube.com\\\/@patagoniaambiental2023?si=BLt58t0wuXquxlYZ\"]}]}<\/script>\n<!-- \/ Yoast SEO Premium plugin. -->","yoast_head_json":{"title":"Dirigentes mapuches de B\u00edo B\u00edo viajan a Santiago para exigir plurinacionalidad al Gobierno","robots":{"index":"index","follow":"follow","max-snippet":"max-snippet:-1","max-image-preview":"max-image-preview:large","max-video-preview":"max-video-preview:-1"},"canonical":"https:\/\/patagoniambiental.com.ar\/info\/dirigentes-mapuches-de-bio-bio-viajan-a-santiago-para-exigir-plurinacionalidad-al-gobierno\/","og_locale":"es_ES","og_type":"article","og_title":"Dirigentes mapuches de B\u00edo B\u00edo viajan a Santiago para exigir plurinacionalidad al Gobierno","og_description":"Regi\u00f3n del Bio Bio.-Dirigentes mapuches se reunir\u00e1n con el Gobierno\u00a0esta semana en Santiago\u00a0para analizar las propuestas de la consulta ind\u00edgena [&hellip;]","og_url":"https:\/\/patagoniambiental.com.ar\/info\/dirigentes-mapuches-de-bio-bio-viajan-a-santiago-para-exigir-plurinacionalidad-al-gobierno\/","og_site_name":"Patagonia Ambiental","article_publisher":"https:\/\/www.facebook.com\/patagonia.ambiental","article_author":"https:\/\/www.facebook.com\/share\/1C1V8Gv9BX\/?mibextid=qi2Omg","article_published_time":"2017-10-17T22:00:07+00:00","og_image":[{"width":735,"height":350,"url":"https:\/\/patagoniambiental.com.ar\/info\/wp-content\/uploads\/2017\/10\/Sin-t\u00edtulo-8.jpg","type":"image\/jpeg"}],"author":"Patagonia Ambiental","twitter_card":"summary_large_image","twitter_creator":"@PatAmb","twitter_site":"@PatAmb","schema":{"@context":"https:\/\/schema.org","@graph":[{"@type":"Article","@id":"https:\/\/patagoniambiental.com.ar\/info\/dirigentes-mapuches-de-bio-bio-viajan-a-santiago-para-exigir-plurinacionalidad-al-gobierno\/#article","isPartOf":{"@id":"https:\/\/patagoniambiental.com.ar\/info\/dirigentes-mapuches-de-bio-bio-viajan-a-santiago-para-exigir-plurinacionalidad-al-gobierno\/"},"author":{"name":"Patagonia Ambiental","@id":"https:\/\/patagoniambiental.com.ar\/info\/#\/schema\/person\/db12bff64bbcbf6a253710bf0ea37b5d"},"headline":"Dirigentes mapuches de B\u00edo B\u00edo viajan a Santiago para exigir plurinacionalidad al Gobierno","datePublished":"2017-10-17T22:00:07+00:00","mainEntityOfPage":{"@id":"https:\/\/patagoniambiental.com.ar\/info\/dirigentes-mapuches-de-bio-bio-viajan-a-santiago-para-exigir-plurinacionalidad-al-gobierno\/"},"wordCount":245,"commentCount":0,"publisher":{"@id":"https:\/\/patagoniambiental.com.ar\/info\/#organization"},"image":{"@id":"https:\/\/patagoniambiental.com.ar\/info\/dirigentes-mapuches-de-bio-bio-viajan-a-santiago-para-exigir-plurinacionalidad-al-gobierno\/#primaryimage"},"thumbnailUrl":"https:\/\/patagoniambiental.com.ar\/info\/wp-content\/uploads\/2017\/10\/Sin-t\u00edtulo-8.jpg","articleSection":["Internacionales","Noticias"],"inLanguage":"es","potentialAction":[{"@type":"CommentAction","name":"Comment","target":["https:\/\/patagoniambiental.com.ar\/info\/dirigentes-mapuches-de-bio-bio-viajan-a-santiago-para-exigir-plurinacionalidad-al-gobierno\/#respond"]}]},{"@type":"WebPage","@id":"https:\/\/patagoniambiental.com.ar\/info\/dirigentes-mapuches-de-bio-bio-viajan-a-santiago-para-exigir-plurinacionalidad-al-gobierno\/","url":"https:\/\/patagoniambiental.com.ar\/info\/dirigentes-mapuches-de-bio-bio-viajan-a-santiago-para-exigir-plurinacionalidad-al-gobierno\/","name":"Dirigentes mapuches de B\u00edo B\u00edo viajan a Santiago para exigir plurinacionalidad al Gobierno","isPartOf":{"@id":"https:\/\/patagoniambiental.com.ar\/info\/#website"},"primaryImageOfPage":{"@id":"https:\/\/patagoniambiental.com.ar\/info\/dirigentes-mapuches-de-bio-bio-viajan-a-santiago-para-exigir-plurinacionalidad-al-gobierno\/#primaryimage"},"image":{"@id":"https:\/\/patagoniambiental.com.ar\/info\/dirigentes-mapuches-de-bio-bio-viajan-a-santiago-para-exigir-plurinacionalidad-al-gobierno\/#primaryimage"},"thumbnailUrl":"https:\/\/patagoniambiental.com.ar\/info\/wp-content\/uploads\/2017\/10\/Sin-t\u00edtulo-8.jpg","datePublished":"2017-10-17T22:00:07+00:00","breadcrumb":{"@id":"https:\/\/patagoniambiental.com.ar\/info\/dirigentes-mapuches-de-bio-bio-viajan-a-santiago-para-exigir-plurinacionalidad-al-gobierno\/#breadcrumb"},"inLanguage":"es","potentialAction":[{"@type":"ReadAction","target":["https:\/\/patagoniambiental.com.ar\/info\/dirigentes-mapuches-de-bio-bio-viajan-a-santiago-para-exigir-plurinacionalidad-al-gobierno\/"]}]},{"@type":"ImageObject","inLanguage":"es","@id":"https:\/\/patagoniambiental.com.ar\/info\/dirigentes-mapuches-de-bio-bio-viajan-a-santiago-para-exigir-plurinacionalidad-al-gobierno\/#primaryimage","url":"https:\/\/patagoniambiental.com.ar\/info\/wp-content\/uploads\/2017\/10\/Sin-t\u00edtulo-8.jpg","contentUrl":"https:\/\/patagoniambiental.com.ar\/info\/wp-content\/uploads\/2017\/10\/Sin-t\u00edtulo-8.jpg","width":735,"height":350},{"@type":"BreadcrumbList","@id":"https:\/\/patagoniambiental.com.ar\/info\/dirigentes-mapuches-de-bio-bio-viajan-a-santiago-para-exigir-plurinacionalidad-al-gobierno\/#breadcrumb","itemListElement":[{"@type":"ListItem","position":1,"name":"Inicio","item":"https:\/\/patagoniambiental.com.ar\/info\/"},{"@type":"ListItem","position":2,"name":"Dirigentes mapuches de B\u00edo B\u00edo viajan a Santiago para exigir plurinacionalidad al Gobierno"}]},{"@type":"WebSite","@id":"https:\/\/patagoniambiental.com.ar\/info\/#website","url":"https:\/\/patagoniambiental.com.ar\/info\/","name":"Patagonia Ambiental","description":"Monitoreo y an\u00e1lisis de la situaci\u00f3n geopol\u00edtica en el mundo y su implicancia en la Patagonia","publisher":{"@id":"https:\/\/patagoniambiental.com.ar\/info\/#organization"},"potentialAction":[{"@type":"SearchAction","target":{"@type":"EntryPoint","urlTemplate":"https:\/\/patagoniambiental.com.ar\/info\/?s={search_term_string}"},"query-input":{"@type":"PropertyValueSpecification","valueRequired":true,"valueName":"search_term_string"}}],"inLanguage":"es"},{"@type":"Organization","@id":"https:\/\/patagoniambiental.com.ar\/info\/#organization","name":"Patagonia Ambiental","url":"https:\/\/patagoniambiental.com.ar\/info\/","logo":{"@type":"ImageObject","inLanguage":"es","@id":"https:\/\/patagoniambiental.com.ar\/info\/#\/schema\/logo\/image\/","url":"https:\/\/patagoniambiental.com.ar\/info\/wp-content\/uploads\/2025\/05\/LOGO-PATAGONIA-AMBIENTAL.png","contentUrl":"https:\/\/patagoniambiental.com.ar\/info\/wp-content\/uploads\/2025\/05\/LOGO-PATAGONIA-AMBIENTAL.png","width":433,"height":250,"caption":"Patagonia Ambiental"},"image":{"@id":"https:\/\/patagoniambiental.com.ar\/info\/#\/schema\/logo\/image\/"},"sameAs":["https:\/\/www.facebook.com\/patagonia.ambiental","https:\/\/x.com\/PatAmb"]},{"@type":"Person","@id":"https:\/\/patagoniambiental.com.ar\/info\/#\/schema\/person\/db12bff64bbcbf6a253710bf0ea37b5d","name":"Patagonia Ambiental","description":"Andr\u00e9s Nievas T\u00e9cnico en manejo ambiental, consultor Ambiental y escritor para medios locales e internacionales sobre temas de geopolitica y medio ambiente.","sameAs":["http:\/\/www.patagoniambiental.com.ar","https:\/\/www.facebook.com\/share\/1C1V8Gv9BX\/?mibextid=qi2Omg","@patagoniambiental","https:\/\/youtube.com\/@patagoniaambiental2023?si=BLt58t0wuXquxlYZ"]}]}},"_links":{"self":[{"href":"https:\/\/patagoniambiental.com.ar\/info\/wp-json\/wp\/v2\/posts\/36610","targetHints":{"allow":["GET"]}}],"collection":[{"href":"https:\/\/patagoniambiental.com.ar\/info\/wp-json\/wp\/v2\/posts"}],"about":[{"href":"https:\/\/patagoniambiental.com.ar\/info\/wp-json\/wp\/v2\/types\/post"}],"author":[{"embeddable":true,"href":"https:\/\/patagoniambiental.com.ar\/info\/wp-json\/wp\/v2\/users\/2"}],"replies":[{"embeddable":true,"href":"https:\/\/patagoniambiental.com.ar\/info\/wp-json\/wp\/v2\/comments?post=36610"}],"version-history":[{"count":0,"href":"https:\/\/patagoniambiental.com.ar\/info\/wp-json\/wp\/v2\/posts\/36610\/revisions"}],"wp:featuredmedia":[{"embeddable":true,"href":"https:\/\/patagoniambiental.com.ar\/info\/wp-json\/wp\/v2\/media\/36612"}],"wp:attachment":[{"href":"https:\/\/patagoniambiental.com.ar\/info\/wp-json\/wp\/v2\/media?parent=36610"}],"wp:term":[{"taxonomy":"category","embeddable":true,"href":"https:\/\/patagoniambiental.com.ar\/info\/wp-json\/wp\/v2\/categories?post=36610"},{"taxonomy":"post_tag","embeddable":true,"href":"https:\/\/patagoniambiental.com.ar\/info\/wp-json\/wp\/v2\/tags?post=36610"}],"curies":[{"name":"wp","href":"https:\/\/api.w.org\/{rel}","templated":true}]}}