{"id":36614,"date":"2017-10-17T19:00:04","date_gmt":"2017-10-17T22:00:04","guid":{"rendered":"http:\/\/patagoniambiental.com.ar\/info\/?p=36614"},"modified":"2017-10-17T12:06:06","modified_gmt":"2017-10-17T15:06:06","slug":"programa-de-gestion-integral-de-residuos-solidos-urbanos-zara-se-reunio-con-el-ministro-de-ambiente-y-desarrollo-sustentable-de-la-nacion","status":"publish","type":"post","link":"https:\/\/patagoniambiental.com.ar\/info\/programa-de-gestion-integral-de-residuos-solidos-urbanos-zara-se-reunio-con-el-ministro-de-ambiente-y-desarrollo-sustentable-de-la-nacion\/","title":{"rendered":"Programa de\u00a0Gesti\u00f3n Integral de Residuos S\u00f3lidos Urbanos: Zara se reuni\u00f3 con el Ministro de Ambiente y Desarrollo Sustentable de la Naci\u00f3n"},"content":{"rendered":"<div>\n<p class=\"x_gmail-xxmsonormal\" align=\"center\">\n<p class=\"x_gmail-xxmsonormal\">Patagones.-El intendente, Jos\u00e9 Luis Zara, la subsecretaria de Desarrollo Econ\u00f3mico, Eloise Gaido y el subsecretario de Planificaci\u00f3n y Patrimonio Hist\u00f3rico, Juan Carlos Ricca, se reunieron ayer en la ciudad de Viedma con el Ministro de Ambiente y Desarrollo Sustentable de la Naci\u00f3n, Sergio Bergman, para consolidar el programa de Gesti\u00f3n Integral de Residuos S\u00f3lidos Urbanos \u2013GIRSU-.<!--more--><\/p>\n<p class=\"x_gmail-xxmsonormal\">Sobre el encuentro con el ministro, Zara remarc\u00f3: \u201ces muy importante debido a que Patagones plante\u00f3 la necesidad de realizar el traslado del basural municipal y comenzar a trabajar un protocolo para el reciclaje de los residuos. El ministro nos asegur\u00f3 el acompa\u00f1amiento de Naci\u00f3n \u00a0para poder realizar el proyecto debido a que no contamos con los recursos necesarios\u201d.<\/p>\n<p class=\"x_gmail-xxmsonormal\">Asimismo, remarco que en el distrito se trabaja \u201cpara el traslado del basural y la confecci\u00f3n de un protocolo en etapas para la disposici\u00f3n final de los residuos. Junto con el municipio de Viedma, Patagones elabora la conformaci\u00f3n de consorcios para la separaci\u00f3n en origen del residuo y la capacitaci\u00f3n en los barrios\u201d.<\/p>\n<p class=\"x_gmail-xxmsonormal\">\u201cEs un avance muy importante para el futuro del distrito y para la eliminaci\u00f3n de los basurales a cielo abierto. Tenemos que ir hacia ese objetivo. Sin dudas, tener el GIRSU en Viedma nos beneficia\u201d, precis\u00f3 Zara.<\/p>\n<p class=\"x_gmail-xxmsonormal\">Finalmente, el jefe comunal destac\u00f3 que la concientizaci\u00f3n y las campa\u00f1as \u201cson primordiales para que la comunidad sepa la importancia de la separaci\u00f3n de residuos, conformando un trabajo entre el Estado municipal y la comunidad\u201d.<\/p>\n<p class=\"x_gmail-xxmsonormal\">Cabe mencionar que el Ministerio de Ambiente y Desarrollo Sustentable de la Naci\u00f3n adjudic\u00f3 a la Municipalidad de Viedma la obra del proyecto GIRSU que consiste en la construcci\u00f3n de un centro de disposici\u00f3n final, una planta de separaci\u00f3n para la gesti\u00f3n de residuos y la remediaci\u00f3n del basural a cielo abierto existente.<\/p>\n<p class=\"x_gmail-xxmsonormal\">El objetivo del programa GIRSU, es aumentar la cobertura y eficiencia de la recolecci\u00f3n, mejorar paulatinamente los niveles de recuperaci\u00f3n de materiales para su posterior reciclado, asegurar la adecuada disposici\u00f3n final de los Residuos S\u00f3lidos Urbanos, y eliminar los basurales a cielo abierto y sus riesgos asociados.<\/p>\n<p class=\"x_gmail-xxmsonormal\">Participaron del encuentro, el intendente de Viedma, Jos\u00e9 Luis Foulkes, \u00a0el comisionado de Fomento de San Javier, Javier Garavaglia, la secretaria de Ambiente y Desarrollo Sustentable de R\u00edo Negro, Dina Lina Migani y el diputado Sergio Wisky.<\/p>\n<\/div>\n<p>&nbsp;<\/p>\n<div class=\"x_gmail_signature\">\n<div dir=\"ltr\">\n<div>\n<div dir=\"ltr\">\n<div>\n<div dir=\"ltr\">\n<div>\n<div dir=\"ltr\">\n<div>\n<div dir=\"ltr\">\n<div><span style=\"font-size: small;\">\u00a0<\/span><\/div>\n<div><span style=\"font-size: small;\">Fuente: Direcci\u00f3n de Comunicaci\u00f3n Institucional<br \/>\n<\/span><\/div>\n<div><b><span style=\"font-size: small;\">MUNICIPALIDAD DE PATAGONES<\/span><\/b><\/div>\n<\/div>\n<\/div>\n<\/div>\n<\/div>\n<\/div>\n<\/div>\n<\/div>\n<\/div>\n<\/div>\n<\/div>\n","protected":false},"excerpt":{"rendered":"<p>Patagones.-El intendente, Jos\u00e9 Luis Zara, la subsecretaria de Desarrollo Econ\u00f3mico, Eloise Gaido y el subsecretario de Planificaci\u00f3n y Patrimonio Hist\u00f3rico, [&hellip;]<\/p>\n","protected":false},"author":2,"featured_media":36618,"comment_status":"open","ping_status":"open","sticky":false,"template":"","format":"standard","meta":{"site-sidebar-layout":"default","site-content-layout":"","ast-site-content-layout":"default","site-content-style":"default","site-sidebar-style":"default","ast-global-header-display":"","ast-banner-title-visibility":"","ast-main-header-display":"","ast-hfb-above-header-display":"","ast-hfb-below-header-display":"","ast-hfb-mobile-header-display":"","site-post-title":"","ast-breadcrumbs-content":"","ast-featured-img":"","footer-sml-layout":"","ast-disable-related-posts":"","theme-transparent-header-meta":"","adv-header-id-meta":"","stick-header-meta":"","header-above-stick-meta":"","header-main-stick-meta":"","header-below-stick-meta":"","astra-migrate-meta-layouts":"default","ast-page-background-enabled":"default","ast-page-background-meta":{"desktop":{"background-color":"var(--ast-global-color-5)","background-image":"","background-repeat":"repeat","background-position":"center center","background-size":"auto","background-attachment":"scroll","background-type":"","background-media":"","overlay-type":"","overlay-color":"","overlay-opacity":"","overlay-gradient":""},"tablet":{"background-color":"","background-image":"","background-repeat":"repeat","background-position":"center center","background-size":"auto","background-attachment":"scroll","background-type":"","background-media":"","overlay-type":"","overlay-color":"","overlay-opacity":"","overlay-gradient":""},"mobile":{"background-color":"","background-image":"","background-repeat":"repeat","background-position":"center center","background-size":"auto","background-attachment":"scroll","background-type":"","background-media":"","overlay-type":"","overlay-color":"","overlay-opacity":"","overlay-gradient":""}},"ast-content-background-meta":{"desktop":{"background-color":"var(--ast-global-color-4)","background-image":"","background-repeat":"repeat","background-position":"center center","background-size":"auto","background-attachment":"scroll","background-type":"","background-media":"","overlay-type":"","overlay-color":"","overlay-opacity":"","overlay-gradient":""},"tablet":{"background-color":"var(--ast-global-color-4)","background-image":"","background-repeat":"repeat","background-position":"center center","background-size":"auto","background-attachment":"scroll","background-type":"","background-media":"","overlay-type":"","overlay-color":"","overlay-opacity":"","overlay-gradient":""},"mobile":{"background-color":"var(--ast-global-color-4)","background-image":"","background-repeat":"repeat","background-position":"center center","background-size":"auto","background-attachment":"scroll","background-type":"","background-media":"","overlay-type":"","overlay-color":"","overlay-opacity":"","overlay-gradient":""}},"footnotes":""},"categories":[16,1],"tags":[],"class_list":["post-36614","post","type-post","status-publish","format-standard","has-post-thumbnail","hentry","category-municipales","category-noticias"],"yoast_head":"<!-- This site is optimized with the Yoast SEO Premium plugin v23.0 (Yoast SEO v27.4) - https:\/\/yoast.com\/product\/yoast-seo-premium-wordpress\/ -->\n<title>Programa de\u00a0Gesti\u00f3n Integral de Residuos S\u00f3lidos Urbanos: Zara se reuni\u00f3 con el Ministro de Ambiente y Desarrollo Sustentable de la Naci\u00f3n<\/title>\n<meta name=\"robots\" content=\"index, follow, max-snippet:-1, max-image-preview:large, max-video-preview:-1\" \/>\n<link rel=\"canonical\" href=\"https:\/\/patagoniambiental.com.ar\/info\/programa-de-gestion-integral-de-residuos-solidos-urbanos-zara-se-reunio-con-el-ministro-de-ambiente-y-desarrollo-sustentable-de-la-nacion\/\" \/>\n<meta property=\"og:locale\" content=\"es_ES\" \/>\n<meta property=\"og:type\" content=\"article\" \/>\n<meta property=\"og:title\" content=\"Programa de\u00a0Gesti\u00f3n Integral de Residuos S\u00f3lidos Urbanos: Zara se reuni\u00f3 con el Ministro de Ambiente y Desarrollo Sustentable de la Naci\u00f3n\" \/>\n<meta property=\"og:description\" content=\"Patagones.-El intendente, Jos\u00e9 Luis Zara, la subsecretaria de Desarrollo Econ\u00f3mico, Eloise Gaido y el subsecretario de Planificaci\u00f3n y Patrimonio Hist\u00f3rico, [&hellip;]\" \/>\n<meta property=\"og:url\" content=\"https:\/\/patagoniambiental.com.ar\/info\/programa-de-gestion-integral-de-residuos-solidos-urbanos-zara-se-reunio-con-el-ministro-de-ambiente-y-desarrollo-sustentable-de-la-nacion\/\" \/>\n<meta property=\"og:site_name\" content=\"Patagonia Ambiental\" \/>\n<meta property=\"article:publisher\" content=\"https:\/\/www.facebook.com\/patagonia.ambiental\" \/>\n<meta property=\"article:author\" content=\"https:\/\/www.facebook.com\/share\/1C1V8Gv9BX\/?mibextid=qi2Omg\" \/>\n<meta property=\"article:published_time\" content=\"2017-10-17T22:00:04+00:00\" \/>\n<meta property=\"og:image\" content=\"https:\/\/patagoniambiental.com.ar\/info\/wp-content\/uploads\/2017\/10\/IMG-20171016-WA0008.jpg\" \/>\n\t<meta property=\"og:image:width\" content=\"1280\" \/>\n\t<meta property=\"og:image:height\" content=\"720\" \/>\n\t<meta property=\"og:image:type\" content=\"image\/jpeg\" \/>\n<meta name=\"author\" content=\"Patagonia Ambiental\" \/>\n<meta name=\"twitter:card\" content=\"summary_large_image\" \/>\n<meta name=\"twitter:creator\" content=\"@PatAmb\" \/>\n<meta name=\"twitter:site\" content=\"@PatAmb\" \/>\n<script type=\"application\/ld+json\" class=\"yoast-schema-graph\">{\"@context\":\"https:\\\/\\\/schema.org\",\"@graph\":[{\"@type\":\"Article\",\"@id\":\"https:\\\/\\\/patagoniambiental.com.ar\\\/info\\\/programa-de-gestion-integral-de-residuos-solidos-urbanos-zara-se-reunio-con-el-ministro-de-ambiente-y-desarrollo-sustentable-de-la-nacion\\\/#article\",\"isPartOf\":{\"@id\":\"https:\\\/\\\/patagoniambiental.com.ar\\\/info\\\/programa-de-gestion-integral-de-residuos-solidos-urbanos-zara-se-reunio-con-el-ministro-de-ambiente-y-desarrollo-sustentable-de-la-nacion\\\/\"},\"author\":{\"name\":\"Patagonia Ambiental\",\"@id\":\"https:\\\/\\\/patagoniambiental.com.ar\\\/info\\\/#\\\/schema\\\/person\\\/db12bff64bbcbf6a253710bf0ea37b5d\"},\"headline\":\"Programa de\u00a0Gesti\u00f3n Integral de Residuos S\u00f3lidos Urbanos: Zara se reuni\u00f3 con el Ministro de Ambiente y Desarrollo Sustentable de la Naci\u00f3n\",\"datePublished\":\"2017-10-17T22:00:04+00:00\",\"mainEntityOfPage\":{\"@id\":\"https:\\\/\\\/patagoniambiental.com.ar\\\/info\\\/programa-de-gestion-integral-de-residuos-solidos-urbanos-zara-se-reunio-con-el-ministro-de-ambiente-y-desarrollo-sustentable-de-la-nacion\\\/\"},\"wordCount\":442,\"commentCount\":0,\"publisher\":{\"@id\":\"https:\\\/\\\/patagoniambiental.com.ar\\\/info\\\/#organization\"},\"image\":{\"@id\":\"https:\\\/\\\/patagoniambiental.com.ar\\\/info\\\/programa-de-gestion-integral-de-residuos-solidos-urbanos-zara-se-reunio-con-el-ministro-de-ambiente-y-desarrollo-sustentable-de-la-nacion\\\/#primaryimage\"},\"thumbnailUrl\":\"https:\\\/\\\/patagoniambiental.com.ar\\\/info\\\/wp-content\\\/uploads\\\/2017\\\/10\\\/IMG-20171016-WA0008.jpg\",\"articleSection\":[\"Municipales\",\"Noticias\"],\"inLanguage\":\"es\",\"potentialAction\":[{\"@type\":\"CommentAction\",\"name\":\"Comment\",\"target\":[\"https:\\\/\\\/patagoniambiental.com.ar\\\/info\\\/programa-de-gestion-integral-de-residuos-solidos-urbanos-zara-se-reunio-con-el-ministro-de-ambiente-y-desarrollo-sustentable-de-la-nacion\\\/#respond\"]}]},{\"@type\":\"WebPage\",\"@id\":\"https:\\\/\\\/patagoniambiental.com.ar\\\/info\\\/programa-de-gestion-integral-de-residuos-solidos-urbanos-zara-se-reunio-con-el-ministro-de-ambiente-y-desarrollo-sustentable-de-la-nacion\\\/\",\"url\":\"https:\\\/\\\/patagoniambiental.com.ar\\\/info\\\/programa-de-gestion-integral-de-residuos-solidos-urbanos-zara-se-reunio-con-el-ministro-de-ambiente-y-desarrollo-sustentable-de-la-nacion\\\/\",\"name\":\"Programa de\u00a0Gesti\u00f3n Integral de Residuos S\u00f3lidos Urbanos: Zara se reuni\u00f3 con el Ministro de Ambiente y Desarrollo Sustentable de la Naci\u00f3n\",\"isPartOf\":{\"@id\":\"https:\\\/\\\/patagoniambiental.com.ar\\\/info\\\/#website\"},\"primaryImageOfPage\":{\"@id\":\"https:\\\/\\\/patagoniambiental.com.ar\\\/info\\\/programa-de-gestion-integral-de-residuos-solidos-urbanos-zara-se-reunio-con-el-ministro-de-ambiente-y-desarrollo-sustentable-de-la-nacion\\\/#primaryimage\"},\"image\":{\"@id\":\"https:\\\/\\\/patagoniambiental.com.ar\\\/info\\\/programa-de-gestion-integral-de-residuos-solidos-urbanos-zara-se-reunio-con-el-ministro-de-ambiente-y-desarrollo-sustentable-de-la-nacion\\\/#primaryimage\"},\"thumbnailUrl\":\"https:\\\/\\\/patagoniambiental.com.ar\\\/info\\\/wp-content\\\/uploads\\\/2017\\\/10\\\/IMG-20171016-WA0008.jpg\",\"datePublished\":\"2017-10-17T22:00:04+00:00\",\"breadcrumb\":{\"@id\":\"https:\\\/\\\/patagoniambiental.com.ar\\\/info\\\/programa-de-gestion-integral-de-residuos-solidos-urbanos-zara-se-reunio-con-el-ministro-de-ambiente-y-desarrollo-sustentable-de-la-nacion\\\/#breadcrumb\"},\"inLanguage\":\"es\",\"potentialAction\":[{\"@type\":\"ReadAction\",\"target\":[\"https:\\\/\\\/patagoniambiental.com.ar\\\/info\\\/programa-de-gestion-integral-de-residuos-solidos-urbanos-zara-se-reunio-con-el-ministro-de-ambiente-y-desarrollo-sustentable-de-la-nacion\\\/\"]}]},{\"@type\":\"ImageObject\",\"inLanguage\":\"es\",\"@id\":\"https:\\\/\\\/patagoniambiental.com.ar\\\/info\\\/programa-de-gestion-integral-de-residuos-solidos-urbanos-zara-se-reunio-con-el-ministro-de-ambiente-y-desarrollo-sustentable-de-la-nacion\\\/#primaryimage\",\"url\":\"https:\\\/\\\/patagoniambiental.com.ar\\\/info\\\/wp-content\\\/uploads\\\/2017\\\/10\\\/IMG-20171016-WA0008.jpg\",\"contentUrl\":\"https:\\\/\\\/patagoniambiental.com.ar\\\/info\\\/wp-content\\\/uploads\\\/2017\\\/10\\\/IMG-20171016-WA0008.jpg\",\"width\":1067,\"height\":600},{\"@type\":\"BreadcrumbList\",\"@id\":\"https:\\\/\\\/patagoniambiental.com.ar\\\/info\\\/programa-de-gestion-integral-de-residuos-solidos-urbanos-zara-se-reunio-con-el-ministro-de-ambiente-y-desarrollo-sustentable-de-la-nacion\\\/#breadcrumb\",\"itemListElement\":[{\"@type\":\"ListItem\",\"position\":1,\"name\":\"Inicio\",\"item\":\"https:\\\/\\\/patagoniambiental.com.ar\\\/info\\\/\"},{\"@type\":\"ListItem\",\"position\":2,\"name\":\"Programa de\u00a0Gesti\u00f3n Integral de Residuos S\u00f3lidos Urbanos: Zara se reuni\u00f3 con el Ministro de Ambiente y Desarrollo Sustentable de la Naci\u00f3n\"}]},{\"@type\":\"WebSite\",\"@id\":\"https:\\\/\\\/patagoniambiental.com.ar\\\/info\\\/#website\",\"url\":\"https:\\\/\\\/patagoniambiental.com.ar\\\/info\\\/\",\"name\":\"Patagonia Ambiental\",\"description\":\"Monitoreo y an\u00e1lisis de la situaci\u00f3n geopol\u00edtica en el mundo y su implicancia en la Patagonia\",\"publisher\":{\"@id\":\"https:\\\/\\\/patagoniambiental.com.ar\\\/info\\\/#organization\"},\"potentialAction\":[{\"@type\":\"SearchAction\",\"target\":{\"@type\":\"EntryPoint\",\"urlTemplate\":\"https:\\\/\\\/patagoniambiental.com.ar\\\/info\\\/?s={search_term_string}\"},\"query-input\":{\"@type\":\"PropertyValueSpecification\",\"valueRequired\":true,\"valueName\":\"search_term_string\"}}],\"inLanguage\":\"es\"},{\"@type\":\"Organization\",\"@id\":\"https:\\\/\\\/patagoniambiental.com.ar\\\/info\\\/#organization\",\"name\":\"Patagonia Ambiental\",\"url\":\"https:\\\/\\\/patagoniambiental.com.ar\\\/info\\\/\",\"logo\":{\"@type\":\"ImageObject\",\"inLanguage\":\"es\",\"@id\":\"https:\\\/\\\/patagoniambiental.com.ar\\\/info\\\/#\\\/schema\\\/logo\\\/image\\\/\",\"url\":\"https:\\\/\\\/patagoniambiental.com.ar\\\/info\\\/wp-content\\\/uploads\\\/2025\\\/05\\\/LOGO-PATAGONIA-AMBIENTAL.png\",\"contentUrl\":\"https:\\\/\\\/patagoniambiental.com.ar\\\/info\\\/wp-content\\\/uploads\\\/2025\\\/05\\\/LOGO-PATAGONIA-AMBIENTAL.png\",\"width\":433,\"height\":250,\"caption\":\"Patagonia Ambiental\"},\"image\":{\"@id\":\"https:\\\/\\\/patagoniambiental.com.ar\\\/info\\\/#\\\/schema\\\/logo\\\/image\\\/\"},\"sameAs\":[\"https:\\\/\\\/www.facebook.com\\\/patagonia.ambiental\",\"https:\\\/\\\/x.com\\\/PatAmb\"]},{\"@type\":\"Person\",\"@id\":\"https:\\\/\\\/patagoniambiental.com.ar\\\/info\\\/#\\\/schema\\\/person\\\/db12bff64bbcbf6a253710bf0ea37b5d\",\"name\":\"Patagonia Ambiental\",\"description\":\"Andr\u00e9s Nievas T\u00e9cnico en manejo ambiental, consultor Ambiental y escritor para medios locales e internacionales sobre temas de geopolitica y medio ambiente.\",\"sameAs\":[\"http:\\\/\\\/www.patagoniambiental.com.ar\",\"https:\\\/\\\/www.facebook.com\\\/share\\\/1C1V8Gv9BX\\\/?mibextid=qi2Omg\",\"@patagoniambiental\",\"https:\\\/\\\/youtube.com\\\/@patagoniaambiental2023?si=BLt58t0wuXquxlYZ\"]}]}<\/script>\n<!-- \/ Yoast SEO Premium plugin. -->","yoast_head_json":{"title":"Programa de\u00a0Gesti\u00f3n Integral de Residuos S\u00f3lidos Urbanos: Zara se reuni\u00f3 con el Ministro de Ambiente y Desarrollo Sustentable de la Naci\u00f3n","robots":{"index":"index","follow":"follow","max-snippet":"max-snippet:-1","max-image-preview":"max-image-preview:large","max-video-preview":"max-video-preview:-1"},"canonical":"https:\/\/patagoniambiental.com.ar\/info\/programa-de-gestion-integral-de-residuos-solidos-urbanos-zara-se-reunio-con-el-ministro-de-ambiente-y-desarrollo-sustentable-de-la-nacion\/","og_locale":"es_ES","og_type":"article","og_title":"Programa de\u00a0Gesti\u00f3n Integral de Residuos S\u00f3lidos Urbanos: Zara se reuni\u00f3 con el Ministro de Ambiente y Desarrollo Sustentable de la Naci\u00f3n","og_description":"Patagones.-El intendente, Jos\u00e9 Luis Zara, la subsecretaria de Desarrollo Econ\u00f3mico, Eloise Gaido y el subsecretario de Planificaci\u00f3n y Patrimonio Hist\u00f3rico, [&hellip;]","og_url":"https:\/\/patagoniambiental.com.ar\/info\/programa-de-gestion-integral-de-residuos-solidos-urbanos-zara-se-reunio-con-el-ministro-de-ambiente-y-desarrollo-sustentable-de-la-nacion\/","og_site_name":"Patagonia Ambiental","article_publisher":"https:\/\/www.facebook.com\/patagonia.ambiental","article_author":"https:\/\/www.facebook.com\/share\/1C1V8Gv9BX\/?mibextid=qi2Omg","article_published_time":"2017-10-17T22:00:04+00:00","og_image":[{"width":1280,"height":720,"url":"https:\/\/patagoniambiental.com.ar\/info\/wp-content\/uploads\/2017\/10\/IMG-20171016-WA0008.jpg","type":"image\/jpeg"}],"author":"Patagonia Ambiental","twitter_card":"summary_large_image","twitter_creator":"@PatAmb","twitter_site":"@PatAmb","schema":{"@context":"https:\/\/schema.org","@graph":[{"@type":"Article","@id":"https:\/\/patagoniambiental.com.ar\/info\/programa-de-gestion-integral-de-residuos-solidos-urbanos-zara-se-reunio-con-el-ministro-de-ambiente-y-desarrollo-sustentable-de-la-nacion\/#article","isPartOf":{"@id":"https:\/\/patagoniambiental.com.ar\/info\/programa-de-gestion-integral-de-residuos-solidos-urbanos-zara-se-reunio-con-el-ministro-de-ambiente-y-desarrollo-sustentable-de-la-nacion\/"},"author":{"name":"Patagonia Ambiental","@id":"https:\/\/patagoniambiental.com.ar\/info\/#\/schema\/person\/db12bff64bbcbf6a253710bf0ea37b5d"},"headline":"Programa de\u00a0Gesti\u00f3n Integral de Residuos S\u00f3lidos Urbanos: Zara se reuni\u00f3 con el Ministro de Ambiente y Desarrollo Sustentable de la Naci\u00f3n","datePublished":"2017-10-17T22:00:04+00:00","mainEntityOfPage":{"@id":"https:\/\/patagoniambiental.com.ar\/info\/programa-de-gestion-integral-de-residuos-solidos-urbanos-zara-se-reunio-con-el-ministro-de-ambiente-y-desarrollo-sustentable-de-la-nacion\/"},"wordCount":442,"commentCount":0,"publisher":{"@id":"https:\/\/patagoniambiental.com.ar\/info\/#organization"},"image":{"@id":"https:\/\/patagoniambiental.com.ar\/info\/programa-de-gestion-integral-de-residuos-solidos-urbanos-zara-se-reunio-con-el-ministro-de-ambiente-y-desarrollo-sustentable-de-la-nacion\/#primaryimage"},"thumbnailUrl":"https:\/\/patagoniambiental.com.ar\/info\/wp-content\/uploads\/2017\/10\/IMG-20171016-WA0008.jpg","articleSection":["Municipales","Noticias"],"inLanguage":"es","potentialAction":[{"@type":"CommentAction","name":"Comment","target":["https:\/\/patagoniambiental.com.ar\/info\/programa-de-gestion-integral-de-residuos-solidos-urbanos-zara-se-reunio-con-el-ministro-de-ambiente-y-desarrollo-sustentable-de-la-nacion\/#respond"]}]},{"@type":"WebPage","@id":"https:\/\/patagoniambiental.com.ar\/info\/programa-de-gestion-integral-de-residuos-solidos-urbanos-zara-se-reunio-con-el-ministro-de-ambiente-y-desarrollo-sustentable-de-la-nacion\/","url":"https:\/\/patagoniambiental.com.ar\/info\/programa-de-gestion-integral-de-residuos-solidos-urbanos-zara-se-reunio-con-el-ministro-de-ambiente-y-desarrollo-sustentable-de-la-nacion\/","name":"Programa de\u00a0Gesti\u00f3n Integral de Residuos S\u00f3lidos Urbanos: Zara se reuni\u00f3 con el Ministro de Ambiente y Desarrollo Sustentable de la Naci\u00f3n","isPartOf":{"@id":"https:\/\/patagoniambiental.com.ar\/info\/#website"},"primaryImageOfPage":{"@id":"https:\/\/patagoniambiental.com.ar\/info\/programa-de-gestion-integral-de-residuos-solidos-urbanos-zara-se-reunio-con-el-ministro-de-ambiente-y-desarrollo-sustentable-de-la-nacion\/#primaryimage"},"image":{"@id":"https:\/\/patagoniambiental.com.ar\/info\/programa-de-gestion-integral-de-residuos-solidos-urbanos-zara-se-reunio-con-el-ministro-de-ambiente-y-desarrollo-sustentable-de-la-nacion\/#primaryimage"},"thumbnailUrl":"https:\/\/patagoniambiental.com.ar\/info\/wp-content\/uploads\/2017\/10\/IMG-20171016-WA0008.jpg","datePublished":"2017-10-17T22:00:04+00:00","breadcrumb":{"@id":"https:\/\/patagoniambiental.com.ar\/info\/programa-de-gestion-integral-de-residuos-solidos-urbanos-zara-se-reunio-con-el-ministro-de-ambiente-y-desarrollo-sustentable-de-la-nacion\/#breadcrumb"},"inLanguage":"es","potentialAction":[{"@type":"ReadAction","target":["https:\/\/patagoniambiental.com.ar\/info\/programa-de-gestion-integral-de-residuos-solidos-urbanos-zara-se-reunio-con-el-ministro-de-ambiente-y-desarrollo-sustentable-de-la-nacion\/"]}]},{"@type":"ImageObject","inLanguage":"es","@id":"https:\/\/patagoniambiental.com.ar\/info\/programa-de-gestion-integral-de-residuos-solidos-urbanos-zara-se-reunio-con-el-ministro-de-ambiente-y-desarrollo-sustentable-de-la-nacion\/#primaryimage","url":"https:\/\/patagoniambiental.com.ar\/info\/wp-content\/uploads\/2017\/10\/IMG-20171016-WA0008.jpg","contentUrl":"https:\/\/patagoniambiental.com.ar\/info\/wp-content\/uploads\/2017\/10\/IMG-20171016-WA0008.jpg","width":1067,"height":600},{"@type":"BreadcrumbList","@id":"https:\/\/patagoniambiental.com.ar\/info\/programa-de-gestion-integral-de-residuos-solidos-urbanos-zara-se-reunio-con-el-ministro-de-ambiente-y-desarrollo-sustentable-de-la-nacion\/#breadcrumb","itemListElement":[{"@type":"ListItem","position":1,"name":"Inicio","item":"https:\/\/patagoniambiental.com.ar\/info\/"},{"@type":"ListItem","position":2,"name":"Programa de\u00a0Gesti\u00f3n Integral de Residuos S\u00f3lidos Urbanos: Zara se reuni\u00f3 con el Ministro de Ambiente y Desarrollo Sustentable de la Naci\u00f3n"}]},{"@type":"WebSite","@id":"https:\/\/patagoniambiental.com.ar\/info\/#website","url":"https:\/\/patagoniambiental.com.ar\/info\/","name":"Patagonia Ambiental","description":"Monitoreo y an\u00e1lisis de la situaci\u00f3n geopol\u00edtica en el mundo y su implicancia en la Patagonia","publisher":{"@id":"https:\/\/patagoniambiental.com.ar\/info\/#organization"},"potentialAction":[{"@type":"SearchAction","target":{"@type":"EntryPoint","urlTemplate":"https:\/\/patagoniambiental.com.ar\/info\/?s={search_term_string}"},"query-input":{"@type":"PropertyValueSpecification","valueRequired":true,"valueName":"search_term_string"}}],"inLanguage":"es"},{"@type":"Organization","@id":"https:\/\/patagoniambiental.com.ar\/info\/#organization","name":"Patagonia Ambiental","url":"https:\/\/patagoniambiental.com.ar\/info\/","logo":{"@type":"ImageObject","inLanguage":"es","@id":"https:\/\/patagoniambiental.com.ar\/info\/#\/schema\/logo\/image\/","url":"https:\/\/patagoniambiental.com.ar\/info\/wp-content\/uploads\/2025\/05\/LOGO-PATAGONIA-AMBIENTAL.png","contentUrl":"https:\/\/patagoniambiental.com.ar\/info\/wp-content\/uploads\/2025\/05\/LOGO-PATAGONIA-AMBIENTAL.png","width":433,"height":250,"caption":"Patagonia Ambiental"},"image":{"@id":"https:\/\/patagoniambiental.com.ar\/info\/#\/schema\/logo\/image\/"},"sameAs":["https:\/\/www.facebook.com\/patagonia.ambiental","https:\/\/x.com\/PatAmb"]},{"@type":"Person","@id":"https:\/\/patagoniambiental.com.ar\/info\/#\/schema\/person\/db12bff64bbcbf6a253710bf0ea37b5d","name":"Patagonia Ambiental","description":"Andr\u00e9s Nievas T\u00e9cnico en manejo ambiental, consultor Ambiental y escritor para medios locales e internacionales sobre temas de geopolitica y medio ambiente.","sameAs":["http:\/\/www.patagoniambiental.com.ar","https:\/\/www.facebook.com\/share\/1C1V8Gv9BX\/?mibextid=qi2Omg","@patagoniambiental","https:\/\/youtube.com\/@patagoniaambiental2023?si=BLt58t0wuXquxlYZ"]}]}},"_links":{"self":[{"href":"https:\/\/patagoniambiental.com.ar\/info\/wp-json\/wp\/v2\/posts\/36614","targetHints":{"allow":["GET"]}}],"collection":[{"href":"https:\/\/patagoniambiental.com.ar\/info\/wp-json\/wp\/v2\/posts"}],"about":[{"href":"https:\/\/patagoniambiental.com.ar\/info\/wp-json\/wp\/v2\/types\/post"}],"author":[{"embeddable":true,"href":"https:\/\/patagoniambiental.com.ar\/info\/wp-json\/wp\/v2\/users\/2"}],"replies":[{"embeddable":true,"href":"https:\/\/patagoniambiental.com.ar\/info\/wp-json\/wp\/v2\/comments?post=36614"}],"version-history":[{"count":0,"href":"https:\/\/patagoniambiental.com.ar\/info\/wp-json\/wp\/v2\/posts\/36614\/revisions"}],"wp:featuredmedia":[{"embeddable":true,"href":"https:\/\/patagoniambiental.com.ar\/info\/wp-json\/wp\/v2\/media\/36618"}],"wp:attachment":[{"href":"https:\/\/patagoniambiental.com.ar\/info\/wp-json\/wp\/v2\/media?parent=36614"}],"wp:term":[{"taxonomy":"category","embeddable":true,"href":"https:\/\/patagoniambiental.com.ar\/info\/wp-json\/wp\/v2\/categories?post=36614"},{"taxonomy":"post_tag","embeddable":true,"href":"https:\/\/patagoniambiental.com.ar\/info\/wp-json\/wp\/v2\/tags?post=36614"}],"curies":[{"name":"wp","href":"https:\/\/api.w.org\/{rel}","templated":true}]}}