{"id":36676,"date":"2017-10-18T19:00:45","date_gmt":"2017-10-18T22:00:45","guid":{"rendered":"http:\/\/patagoniambiental.com.ar\/info\/?p=36676"},"modified":"2017-10-18T09:43:34","modified_gmt":"2017-10-18T12:43:34","slug":"seria-llevado-a-cabo-el-ano-que-viene-para-el-aniversario-de-la-ciudad-un-ambicioso-proyecto-preve-plantar-cien-mil-arboles-en-puerto-madryn","status":"publish","type":"post","link":"https:\/\/patagoniambiental.com.ar\/info\/seria-llevado-a-cabo-el-ano-que-viene-para-el-aniversario-de-la-ciudad-un-ambicioso-proyecto-preve-plantar-cien-mil-arboles-en-puerto-madryn\/","title":{"rendered":"SER\u00cdA LLEVADO A CABO EL A\u00d1O QUE VIENE PARA EL ANIVERSARIO DE LA CIUDAD  Un ambicioso proyecto prev\u00e9 plantar \u201ccien mil \u00e1rboles\u201d en Puerto Madryn"},"content":{"rendered":"<div class=\"the-content-meta\">Puerto Madryn.-La presidenta del Concejo Deliberante, Xenia Gabella, se reuni\u00f3 con representantes de la organizaci\u00f3n \u201cConsenso Verde\u201d, quienes presentaron un anteproyecto que propone la plantaci\u00f3n de cien mil \u00e1rboles con el objetivo de generar conciencia sobre la importancia de proteger la vegetaci\u00f3n existente, as\u00ed como la flora aut\u00f3ctona.<\/div>\n<div class=\"post-content\">\n<p><!--more--><\/p>\n<p><img decoding=\"async\" class=\"size-full wp-image-145790 alignleft\" src=\"https:\/\/i2.wp.com\/www.eldiariodemadryn.com\/wp-content\/uploads\/2017\/10\/1-283.jpg?resize=400%2C225\" alt=\"\" data-attachment-id=\"145790\" data-permalink=\"http:\/\/www.eldiariodemadryn.com\/2017\/10\/un-ambicioso-proyecto-preve-plantar-cien-mil-arboles-en-puerto-madryn\/1-5868\/\" data-orig-file=\"https:\/\/i2.wp.com\/www.eldiariodemadryn.com\/wp-content\/uploads\/2017\/10\/1-283.jpg?fit=400%2C225\" data-orig-size=\"400,225\" data-comments-opened=\"1\" data-image-meta=\"{&quot;aperture&quot;:&quot;3.2&quot;,&quot;credit&quot;:&quot;&quot;,&quot;camera&quot;:&quot;Canon EOS 400D DIGITAL&quot;,&quot;caption&quot;:&quot;&quot;,&quot;created_timestamp&quot;:&quot;1250956825&quot;,&quot;copyright&quot;:&quot;&quot;,&quot;focal_length&quot;:&quot;50&quot;,&quot;iso&quot;:&quot;100&quot;,&quot;shutter_speed&quot;:&quot;0.008&quot;,&quot;title&quot;:&quot;&quot;,&quot;orientation&quot;:&quot;1&quot;}\" data-image-title=\"\" data-image-description=\"\" data-medium-file=\"https:\/\/i2.wp.com\/www.eldiariodemadryn.com\/wp-content\/uploads\/2017\/10\/1-283.jpg?fit=400%2C225\" data-large-file=\"https:\/\/i2.wp.com\/www.eldiariodemadryn.com\/wp-content\/uploads\/2017\/10\/1-283.jpg?fit=400%2C225\" data-recalc-dims=\"1\" \/><\/p>\n<\/div>\n<p>&nbsp;<\/p>\n<p>&nbsp;<\/p>\n<div class=\"post-content\">\n<p>\u201cLa intenci\u00f3n no es solamente revitalizar el paisaje y embellecer la ciudad, sino tambi\u00e9n colaborar con la conservaci\u00f3n del medio ambiente; por ello, enviamos la iniciativa a Comisi\u00f3n, para que los ediles la analicen y confirmen su factibilidad\u201d, indic\u00f3.<br \/>\n\u201cConsenso Verde\u201d est\u00e1 conformada por un grupo de organizaciones civiles y vecinos que tienen la intenci\u00f3n de embellecer la ciudad mediante la incorporaci\u00f3n de arbolado urbano, respetando a las especies que se adapten al suelo patag\u00f3nico, el cual tiene condiciones clim\u00e1ticas extremas.<br \/>\n\u201cConversando con los integrantes, coincidimos que es vital que nuestros ciudadanos colaboren con la preservaci\u00f3n y cuidado, por ejemplo, de la playa, las veredas o las plazas\u201d, explic\u00f3 Gabella. En este sentido, se pretende vincular a los vecinos a trav\u00e9s de diversas actividades por medio de las Juntas Vecinales y Asociaciones Civiles.<\/p>\n<p><strong>Iniciativa verde<\/strong><\/p>\n<p>En principio, se estipula realizar una prueba piloto con mil ejemplares de Acacia blanca, Fresno americano y Laurel de jard\u00edn. Si se concreta con \u00e9xito, el a\u00f1o pr\u00f3ximo, se plantar\u00e1n cien mil en el aniversario de Puerto Madryn.<br \/>\nCabe mencionar que los \u00e1rboles resguardan el sol, brindan alimento y refugio para insectos y aves, evitan la erosi\u00f3n del viento, hacen m\u00e1s lenta la escorrent\u00eda del agua frente a posibles inundaciones, absorben polvo en suspensi\u00f3n y generan ox\u00edgeno.<br \/>\nLa iniciativa busca no s\u00f3lo generar conciencia respecto del cuidado y la preservaci\u00f3n del medio ambiente, sino tambi\u00e9n embellecer una ciudad de la cual, muchos de sus espacios, han atravesado las consecuencias de un acelerado crecimiento demogr\u00e1fico durante los \u00faltimos a\u00f1os, con las particularidades que ello conlleva.<br \/>\nUn estudio del Conicet realizado en 2014 indica que, desde 1970 hasta los \u00faltimos tres a\u00f1os, la poblaci\u00f3n de la ciudad aument\u00f3 14 veces; el relevamiento, realizado por el investigador Sergio Kaminker, sostiene que el \u201cboom\u201d de crecimiento de la ciudad tuvo lugar en la d\u00e9cada del 70 con el inicio de las operaciones de la firma Aluar, hecho que hizo que varias familias se trasladar a Puerto Madryn y se asentaran definitivamente en la ciudad.<br \/>\nEn este contexto, de tener \u201cluz verde\u201d la iniciativa, el pr\u00f3ximo a\u00f1o, para el nuevo aniversario de Puerto Madryn, se plantar\u00edan unos 100 mil \u00e1rboles en distintos sectores de la ciudad.<br \/>\nUn proyecto similar tuvo lugar en 2012, en el marco del D\u00eda Mundial del Medio Ambiente, donde se plantaron unos 1.000 ejemplares de \u00e1rboles del tipo \u201cAcacia bola\u201d en diferentes zonas de la ciudad.<\/p>\n<p><strong>\u00c1rboles, cambio clim\u00e1tico y emisi\u00f3n de CO2<\/strong><\/p>\n<p>Por otra parte, en lo que refiere al cambio clim\u00e1tico, un estudio de 2017 elaborado por \u201cThe Nature Conservancy\u201d (organizaci\u00f3n internacional sin fines de lucro) afirma que \u201ccada a\u00f1o, cerca de tres millones de personas mueren en el mundo debido a la contaminaci\u00f3n atmosf\u00e9rica\u201d y que\u201dla tendencia indica que esta cifra deber\u00eda ir en aumento pues se espera que para el 2050, el 80 por ciento de la poblaci\u00f3n del planeta habite en ciudades\u201d, por lo cual sugiere que la plantaci\u00f3n de \u00e1rboles en grandes ciudades \u201cpodr\u00eda mejorar la salud de decenas de millones de personas, al reducir los \u00edndices de poluci\u00f3n y enfriar en alire en las calles urbanas\u201d, agregando que \u201clos \u00e1rboles pueden tener un impacto local significativo en los niveles de contaminaci\u00f3n y en la temperatura; pueden salvar vidas y son igual de eficientes que las soluciones m\u00e1s tradicionales, como colocar depuradores en chimeneas o pintar techos de color blanco\u201d.<br \/>\nEn esta l\u00ednea, hay quienes afirman que plantar \u00e1rboles ya no servir\u00eda como estrategia para reducir el efecto del cambio clim\u00e1tico en el mundo; por ejemplo, la investigaci\u00f3n realizada por el Instituto de Investigaci\u00f3n del Impacto Clim\u00e1tico de Potsdam (PIK), que sugiere que \u201ccon tan altas concentraciones de CO2 en la atm\u00f3sfera, el tama\u00f1o de las plantaciones para absorberlas tendr\u00edan que ser tan grandes que eliminar\u00edan un tercio de los ecosistemas del planeta\u201d, agregando que \u201ctambi\u00e9n, desaparecer\u00edan una cuarta parte de la extensiones agr\u00edcolas dedicadas a los cultivos, que se transformar\u00edan en grandes reservas de biomasa; el efecto sobre la alimentaci\u00f3n de la poblaci\u00f3n mundial ser\u00eda catastr\u00f3fico\u201d.<br \/>\nSin embargo, \u201cel crecimiento de la biomasa en sitios bien seleccionados, con un importante incremento del riego y la fertilizaci\u00f3n servir\u00eda para apoyar las pol\u00edticas de reducci\u00f3n de emisiones de CO2, hasta lograr que el clima no aumente m\u00e1s de dos grados Celsius, como se ha establecido en el Acuerdo Clim\u00e1tico de Par\u00eds\u201d, a\u00f1ade el estudio.<\/p>\n<p>Fuente: El Diario de Madryn<\/p>\n<\/div>\n","protected":false},"excerpt":{"rendered":"<p>Puerto Madryn.-La presidenta del Concejo Deliberante, Xenia Gabella, se reuni\u00f3 con representantes de la organizaci\u00f3n \u201cConsenso Verde\u201d, quienes presentaron un [&hellip;]<\/p>\n","protected":false},"author":2,"featured_media":36677,"comment_status":"open","ping_status":"open","sticky":false,"template":"","format":"standard","meta":{"site-sidebar-layout":"default","site-content-layout":"","ast-site-content-layout":"default","site-content-style":"default","site-sidebar-style":"default","ast-global-header-display":"","ast-banner-title-visibility":"","ast-main-header-display":"","ast-hfb-above-header-display":"","ast-hfb-below-header-display":"","ast-hfb-mobile-header-display":"","site-post-title":"","ast-breadcrumbs-content":"","ast-featured-img":"","footer-sml-layout":"","ast-disable-related-posts":"","theme-transparent-header-meta":"","adv-header-id-meta":"","stick-header-meta":"","header-above-stick-meta":"","header-main-stick-meta":"","header-below-stick-meta":"","astra-migrate-meta-layouts":"default","ast-page-background-enabled":"default","ast-page-background-meta":{"desktop":{"background-color":"var(--ast-global-color-5)","background-image":"","background-repeat":"repeat","background-position":"center center","background-size":"auto","background-attachment":"scroll","background-type":"","background-media":"","overlay-type":"","overlay-color":"","overlay-opacity":"","overlay-gradient":""},"tablet":{"background-color":"","background-image":"","background-repeat":"repeat","background-position":"center center","background-size":"auto","background-attachment":"scroll","background-type":"","background-media":"","overlay-type":"","overlay-color":"","overlay-opacity":"","overlay-gradient":""},"mobile":{"background-color":"","background-image":"","background-repeat":"repeat","background-position":"center center","background-size":"auto","background-attachment":"scroll","background-type":"","background-media":"","overlay-type":"","overlay-color":"","overlay-opacity":"","overlay-gradient":""}},"ast-content-background-meta":{"desktop":{"background-color":"var(--ast-global-color-4)","background-image":"","background-repeat":"repeat","background-position":"center center","background-size":"auto","background-attachment":"scroll","background-type":"","background-media":"","overlay-type":"","overlay-color":"","overlay-opacity":"","overlay-gradient":""},"tablet":{"background-color":"var(--ast-global-color-4)","background-image":"","background-repeat":"repeat","background-position":"center center","background-size":"auto","background-attachment":"scroll","background-type":"","background-media":"","overlay-type":"","overlay-color":"","overlay-opacity":"","overlay-gradient":""},"mobile":{"background-color":"var(--ast-global-color-4)","background-image":"","background-repeat":"repeat","background-position":"center center","background-size":"auto","background-attachment":"scroll","background-type":"","background-media":"","overlay-type":"","overlay-color":"","overlay-opacity":"","overlay-gradient":""}},"footnotes":""},"categories":[16,1],"tags":[],"class_list":["post-36676","post","type-post","status-publish","format-standard","has-post-thumbnail","hentry","category-municipales","category-noticias"],"yoast_head":"<!-- This site is optimized with the Yoast SEO Premium plugin v23.0 (Yoast SEO v27.4) - https:\/\/yoast.com\/product\/yoast-seo-premium-wordpress\/ -->\n<title>SER\u00cdA LLEVADO A CABO EL A\u00d1O QUE VIENE PARA EL ANIVERSARIO DE LA CIUDAD Un ambicioso proyecto prev\u00e9 plantar \u201ccien mil \u00e1rboles\u201d en Puerto Madryn<\/title>\n<meta name=\"robots\" content=\"index, follow, max-snippet:-1, max-image-preview:large, max-video-preview:-1\" \/>\n<link rel=\"canonical\" href=\"https:\/\/patagoniambiental.com.ar\/info\/seria-llevado-a-cabo-el-ano-que-viene-para-el-aniversario-de-la-ciudad-un-ambicioso-proyecto-preve-plantar-cien-mil-arboles-en-puerto-madryn\/\" \/>\n<meta property=\"og:locale\" content=\"es_ES\" \/>\n<meta property=\"og:type\" content=\"article\" \/>\n<meta property=\"og:title\" content=\"SER\u00cdA LLEVADO A CABO EL A\u00d1O QUE VIENE PARA EL ANIVERSARIO DE LA CIUDAD Un ambicioso proyecto prev\u00e9 plantar \u201ccien mil \u00e1rboles\u201d en Puerto Madryn\" \/>\n<meta property=\"og:description\" content=\"Puerto Madryn.-La presidenta del Concejo Deliberante, Xenia Gabella, se reuni\u00f3 con representantes de la organizaci\u00f3n \u201cConsenso Verde\u201d, quienes presentaron un [&hellip;]\" \/>\n<meta property=\"og:url\" content=\"https:\/\/patagoniambiental.com.ar\/info\/seria-llevado-a-cabo-el-ano-que-viene-para-el-aniversario-de-la-ciudad-un-ambicioso-proyecto-preve-plantar-cien-mil-arboles-en-puerto-madryn\/\" \/>\n<meta property=\"og:site_name\" content=\"Patagonia Ambiental\" \/>\n<meta property=\"article:publisher\" content=\"https:\/\/www.facebook.com\/patagonia.ambiental\" \/>\n<meta property=\"article:author\" content=\"https:\/\/www.facebook.com\/share\/1C1V8Gv9BX\/?mibextid=qi2Omg\" \/>\n<meta property=\"article:published_time\" content=\"2017-10-18T22:00:45+00:00\" \/>\n<meta property=\"og:image\" content=\"https:\/\/patagoniambiental.com.ar\/info\/wp-content\/uploads\/2017\/10\/Sin-t\u00edtulo-9.jpg\" \/>\n\t<meta property=\"og:image:width\" content=\"362\" \/>\n\t<meta property=\"og:image:height\" content=\"201\" \/>\n\t<meta property=\"og:image:type\" content=\"image\/jpeg\" \/>\n<meta name=\"author\" content=\"Patagonia Ambiental\" \/>\n<meta name=\"twitter:card\" content=\"summary_large_image\" \/>\n<meta name=\"twitter:creator\" content=\"@PatAmb\" \/>\n<meta name=\"twitter:site\" content=\"@PatAmb\" \/>\n<script type=\"application\/ld+json\" class=\"yoast-schema-graph\">{\"@context\":\"https:\\\/\\\/schema.org\",\"@graph\":[{\"@type\":\"Article\",\"@id\":\"https:\\\/\\\/patagoniambiental.com.ar\\\/info\\\/seria-llevado-a-cabo-el-ano-que-viene-para-el-aniversario-de-la-ciudad-un-ambicioso-proyecto-preve-plantar-cien-mil-arboles-en-puerto-madryn\\\/#article\",\"isPartOf\":{\"@id\":\"https:\\\/\\\/patagoniambiental.com.ar\\\/info\\\/seria-llevado-a-cabo-el-ano-que-viene-para-el-aniversario-de-la-ciudad-un-ambicioso-proyecto-preve-plantar-cien-mil-arboles-en-puerto-madryn\\\/\"},\"author\":{\"name\":\"Patagonia Ambiental\",\"@id\":\"https:\\\/\\\/patagoniambiental.com.ar\\\/info\\\/#\\\/schema\\\/person\\\/db12bff64bbcbf6a253710bf0ea37b5d\"},\"headline\":\"SER\u00cdA LLEVADO A CABO EL A\u00d1O QUE VIENE PARA EL ANIVERSARIO DE LA CIUDAD Un ambicioso proyecto prev\u00e9 plantar \u201ccien mil \u00e1rboles\u201d en Puerto Madryn\",\"datePublished\":\"2017-10-18T22:00:45+00:00\",\"mainEntityOfPage\":{\"@id\":\"https:\\\/\\\/patagoniambiental.com.ar\\\/info\\\/seria-llevado-a-cabo-el-ano-que-viene-para-el-aniversario-de-la-ciudad-un-ambicioso-proyecto-preve-plantar-cien-mil-arboles-en-puerto-madryn\\\/\"},\"wordCount\":872,\"commentCount\":0,\"publisher\":{\"@id\":\"https:\\\/\\\/patagoniambiental.com.ar\\\/info\\\/#organization\"},\"image\":{\"@id\":\"https:\\\/\\\/patagoniambiental.com.ar\\\/info\\\/seria-llevado-a-cabo-el-ano-que-viene-para-el-aniversario-de-la-ciudad-un-ambicioso-proyecto-preve-plantar-cien-mil-arboles-en-puerto-madryn\\\/#primaryimage\"},\"thumbnailUrl\":\"https:\\\/\\\/patagoniambiental.com.ar\\\/info\\\/wp-content\\\/uploads\\\/2017\\\/10\\\/Sin-t\u00edtulo-9.jpg\",\"articleSection\":[\"Municipales\",\"Noticias\"],\"inLanguage\":\"es\",\"potentialAction\":[{\"@type\":\"CommentAction\",\"name\":\"Comment\",\"target\":[\"https:\\\/\\\/patagoniambiental.com.ar\\\/info\\\/seria-llevado-a-cabo-el-ano-que-viene-para-el-aniversario-de-la-ciudad-un-ambicioso-proyecto-preve-plantar-cien-mil-arboles-en-puerto-madryn\\\/#respond\"]}]},{\"@type\":\"WebPage\",\"@id\":\"https:\\\/\\\/patagoniambiental.com.ar\\\/info\\\/seria-llevado-a-cabo-el-ano-que-viene-para-el-aniversario-de-la-ciudad-un-ambicioso-proyecto-preve-plantar-cien-mil-arboles-en-puerto-madryn\\\/\",\"url\":\"https:\\\/\\\/patagoniambiental.com.ar\\\/info\\\/seria-llevado-a-cabo-el-ano-que-viene-para-el-aniversario-de-la-ciudad-un-ambicioso-proyecto-preve-plantar-cien-mil-arboles-en-puerto-madryn\\\/\",\"name\":\"SER\u00cdA LLEVADO A CABO EL A\u00d1O QUE VIENE PARA EL ANIVERSARIO DE LA CIUDAD Un ambicioso proyecto prev\u00e9 plantar \u201ccien mil \u00e1rboles\u201d en Puerto Madryn\",\"isPartOf\":{\"@id\":\"https:\\\/\\\/patagoniambiental.com.ar\\\/info\\\/#website\"},\"primaryImageOfPage\":{\"@id\":\"https:\\\/\\\/patagoniambiental.com.ar\\\/info\\\/seria-llevado-a-cabo-el-ano-que-viene-para-el-aniversario-de-la-ciudad-un-ambicioso-proyecto-preve-plantar-cien-mil-arboles-en-puerto-madryn\\\/#primaryimage\"},\"image\":{\"@id\":\"https:\\\/\\\/patagoniambiental.com.ar\\\/info\\\/seria-llevado-a-cabo-el-ano-que-viene-para-el-aniversario-de-la-ciudad-un-ambicioso-proyecto-preve-plantar-cien-mil-arboles-en-puerto-madryn\\\/#primaryimage\"},\"thumbnailUrl\":\"https:\\\/\\\/patagoniambiental.com.ar\\\/info\\\/wp-content\\\/uploads\\\/2017\\\/10\\\/Sin-t\u00edtulo-9.jpg\",\"datePublished\":\"2017-10-18T22:00:45+00:00\",\"breadcrumb\":{\"@id\":\"https:\\\/\\\/patagoniambiental.com.ar\\\/info\\\/seria-llevado-a-cabo-el-ano-que-viene-para-el-aniversario-de-la-ciudad-un-ambicioso-proyecto-preve-plantar-cien-mil-arboles-en-puerto-madryn\\\/#breadcrumb\"},\"inLanguage\":\"es\",\"potentialAction\":[{\"@type\":\"ReadAction\",\"target\":[\"https:\\\/\\\/patagoniambiental.com.ar\\\/info\\\/seria-llevado-a-cabo-el-ano-que-viene-para-el-aniversario-de-la-ciudad-un-ambicioso-proyecto-preve-plantar-cien-mil-arboles-en-puerto-madryn\\\/\"]}]},{\"@type\":\"ImageObject\",\"inLanguage\":\"es\",\"@id\":\"https:\\\/\\\/patagoniambiental.com.ar\\\/info\\\/seria-llevado-a-cabo-el-ano-que-viene-para-el-aniversario-de-la-ciudad-un-ambicioso-proyecto-preve-plantar-cien-mil-arboles-en-puerto-madryn\\\/#primaryimage\",\"url\":\"https:\\\/\\\/patagoniambiental.com.ar\\\/info\\\/wp-content\\\/uploads\\\/2017\\\/10\\\/Sin-t\u00edtulo-9.jpg\",\"contentUrl\":\"https:\\\/\\\/patagoniambiental.com.ar\\\/info\\\/wp-content\\\/uploads\\\/2017\\\/10\\\/Sin-t\u00edtulo-9.jpg\",\"width\":362,\"height\":201},{\"@type\":\"BreadcrumbList\",\"@id\":\"https:\\\/\\\/patagoniambiental.com.ar\\\/info\\\/seria-llevado-a-cabo-el-ano-que-viene-para-el-aniversario-de-la-ciudad-un-ambicioso-proyecto-preve-plantar-cien-mil-arboles-en-puerto-madryn\\\/#breadcrumb\",\"itemListElement\":[{\"@type\":\"ListItem\",\"position\":1,\"name\":\"Inicio\",\"item\":\"https:\\\/\\\/patagoniambiental.com.ar\\\/info\\\/\"},{\"@type\":\"ListItem\",\"position\":2,\"name\":\"SER\u00cdA LLEVADO A CABO EL A\u00d1O QUE VIENE PARA EL ANIVERSARIO DE LA CIUDAD Un ambicioso proyecto prev\u00e9 plantar \u201ccien mil \u00e1rboles\u201d en Puerto Madryn\"}]},{\"@type\":\"WebSite\",\"@id\":\"https:\\\/\\\/patagoniambiental.com.ar\\\/info\\\/#website\",\"url\":\"https:\\\/\\\/patagoniambiental.com.ar\\\/info\\\/\",\"name\":\"Patagonia Ambiental\",\"description\":\"Monitoreo y an\u00e1lisis de la situaci\u00f3n geopol\u00edtica en el mundo y su implicancia en la Patagonia\",\"publisher\":{\"@id\":\"https:\\\/\\\/patagoniambiental.com.ar\\\/info\\\/#organization\"},\"potentialAction\":[{\"@type\":\"SearchAction\",\"target\":{\"@type\":\"EntryPoint\",\"urlTemplate\":\"https:\\\/\\\/patagoniambiental.com.ar\\\/info\\\/?s={search_term_string}\"},\"query-input\":{\"@type\":\"PropertyValueSpecification\",\"valueRequired\":true,\"valueName\":\"search_term_string\"}}],\"inLanguage\":\"es\"},{\"@type\":\"Organization\",\"@id\":\"https:\\\/\\\/patagoniambiental.com.ar\\\/info\\\/#organization\",\"name\":\"Patagonia Ambiental\",\"url\":\"https:\\\/\\\/patagoniambiental.com.ar\\\/info\\\/\",\"logo\":{\"@type\":\"ImageObject\",\"inLanguage\":\"es\",\"@id\":\"https:\\\/\\\/patagoniambiental.com.ar\\\/info\\\/#\\\/schema\\\/logo\\\/image\\\/\",\"url\":\"https:\\\/\\\/patagoniambiental.com.ar\\\/info\\\/wp-content\\\/uploads\\\/2025\\\/05\\\/LOGO-PATAGONIA-AMBIENTAL.png\",\"contentUrl\":\"https:\\\/\\\/patagoniambiental.com.ar\\\/info\\\/wp-content\\\/uploads\\\/2025\\\/05\\\/LOGO-PATAGONIA-AMBIENTAL.png\",\"width\":433,\"height\":250,\"caption\":\"Patagonia Ambiental\"},\"image\":{\"@id\":\"https:\\\/\\\/patagoniambiental.com.ar\\\/info\\\/#\\\/schema\\\/logo\\\/image\\\/\"},\"sameAs\":[\"https:\\\/\\\/www.facebook.com\\\/patagonia.ambiental\",\"https:\\\/\\\/x.com\\\/PatAmb\"]},{\"@type\":\"Person\",\"@id\":\"https:\\\/\\\/patagoniambiental.com.ar\\\/info\\\/#\\\/schema\\\/person\\\/db12bff64bbcbf6a253710bf0ea37b5d\",\"name\":\"Patagonia Ambiental\",\"description\":\"Andr\u00e9s Nievas T\u00e9cnico en manejo ambiental, consultor Ambiental y escritor para medios locales e internacionales sobre temas de geopolitica y medio ambiente.\",\"sameAs\":[\"http:\\\/\\\/www.patagoniambiental.com.ar\",\"https:\\\/\\\/www.facebook.com\\\/share\\\/1C1V8Gv9BX\\\/?mibextid=qi2Omg\",\"@patagoniambiental\",\"https:\\\/\\\/youtube.com\\\/@patagoniaambiental2023?si=BLt58t0wuXquxlYZ\"]}]}<\/script>\n<!-- \/ Yoast SEO Premium plugin. -->","yoast_head_json":{"title":"SER\u00cdA LLEVADO A CABO EL A\u00d1O QUE VIENE PARA EL ANIVERSARIO DE LA CIUDAD Un ambicioso proyecto prev\u00e9 plantar \u201ccien mil \u00e1rboles\u201d en Puerto Madryn","robots":{"index":"index","follow":"follow","max-snippet":"max-snippet:-1","max-image-preview":"max-image-preview:large","max-video-preview":"max-video-preview:-1"},"canonical":"https:\/\/patagoniambiental.com.ar\/info\/seria-llevado-a-cabo-el-ano-que-viene-para-el-aniversario-de-la-ciudad-un-ambicioso-proyecto-preve-plantar-cien-mil-arboles-en-puerto-madryn\/","og_locale":"es_ES","og_type":"article","og_title":"SER\u00cdA LLEVADO A CABO EL A\u00d1O QUE VIENE PARA EL ANIVERSARIO DE LA CIUDAD Un ambicioso proyecto prev\u00e9 plantar \u201ccien mil \u00e1rboles\u201d en Puerto Madryn","og_description":"Puerto Madryn.-La presidenta del Concejo Deliberante, Xenia Gabella, se reuni\u00f3 con representantes de la organizaci\u00f3n \u201cConsenso Verde\u201d, quienes presentaron un [&hellip;]","og_url":"https:\/\/patagoniambiental.com.ar\/info\/seria-llevado-a-cabo-el-ano-que-viene-para-el-aniversario-de-la-ciudad-un-ambicioso-proyecto-preve-plantar-cien-mil-arboles-en-puerto-madryn\/","og_site_name":"Patagonia Ambiental","article_publisher":"https:\/\/www.facebook.com\/patagonia.ambiental","article_author":"https:\/\/www.facebook.com\/share\/1C1V8Gv9BX\/?mibextid=qi2Omg","article_published_time":"2017-10-18T22:00:45+00:00","og_image":[{"width":362,"height":201,"url":"https:\/\/patagoniambiental.com.ar\/info\/wp-content\/uploads\/2017\/10\/Sin-t\u00edtulo-9.jpg","type":"image\/jpeg"}],"author":"Patagonia Ambiental","twitter_card":"summary_large_image","twitter_creator":"@PatAmb","twitter_site":"@PatAmb","schema":{"@context":"https:\/\/schema.org","@graph":[{"@type":"Article","@id":"https:\/\/patagoniambiental.com.ar\/info\/seria-llevado-a-cabo-el-ano-que-viene-para-el-aniversario-de-la-ciudad-un-ambicioso-proyecto-preve-plantar-cien-mil-arboles-en-puerto-madryn\/#article","isPartOf":{"@id":"https:\/\/patagoniambiental.com.ar\/info\/seria-llevado-a-cabo-el-ano-que-viene-para-el-aniversario-de-la-ciudad-un-ambicioso-proyecto-preve-plantar-cien-mil-arboles-en-puerto-madryn\/"},"author":{"name":"Patagonia Ambiental","@id":"https:\/\/patagoniambiental.com.ar\/info\/#\/schema\/person\/db12bff64bbcbf6a253710bf0ea37b5d"},"headline":"SER\u00cdA LLEVADO A CABO EL A\u00d1O QUE VIENE PARA EL ANIVERSARIO DE LA CIUDAD Un ambicioso proyecto prev\u00e9 plantar \u201ccien mil \u00e1rboles\u201d en Puerto Madryn","datePublished":"2017-10-18T22:00:45+00:00","mainEntityOfPage":{"@id":"https:\/\/patagoniambiental.com.ar\/info\/seria-llevado-a-cabo-el-ano-que-viene-para-el-aniversario-de-la-ciudad-un-ambicioso-proyecto-preve-plantar-cien-mil-arboles-en-puerto-madryn\/"},"wordCount":872,"commentCount":0,"publisher":{"@id":"https:\/\/patagoniambiental.com.ar\/info\/#organization"},"image":{"@id":"https:\/\/patagoniambiental.com.ar\/info\/seria-llevado-a-cabo-el-ano-que-viene-para-el-aniversario-de-la-ciudad-un-ambicioso-proyecto-preve-plantar-cien-mil-arboles-en-puerto-madryn\/#primaryimage"},"thumbnailUrl":"https:\/\/patagoniambiental.com.ar\/info\/wp-content\/uploads\/2017\/10\/Sin-t\u00edtulo-9.jpg","articleSection":["Municipales","Noticias"],"inLanguage":"es","potentialAction":[{"@type":"CommentAction","name":"Comment","target":["https:\/\/patagoniambiental.com.ar\/info\/seria-llevado-a-cabo-el-ano-que-viene-para-el-aniversario-de-la-ciudad-un-ambicioso-proyecto-preve-plantar-cien-mil-arboles-en-puerto-madryn\/#respond"]}]},{"@type":"WebPage","@id":"https:\/\/patagoniambiental.com.ar\/info\/seria-llevado-a-cabo-el-ano-que-viene-para-el-aniversario-de-la-ciudad-un-ambicioso-proyecto-preve-plantar-cien-mil-arboles-en-puerto-madryn\/","url":"https:\/\/patagoniambiental.com.ar\/info\/seria-llevado-a-cabo-el-ano-que-viene-para-el-aniversario-de-la-ciudad-un-ambicioso-proyecto-preve-plantar-cien-mil-arboles-en-puerto-madryn\/","name":"SER\u00cdA LLEVADO A CABO EL A\u00d1O QUE VIENE PARA EL ANIVERSARIO DE LA CIUDAD Un ambicioso proyecto prev\u00e9 plantar \u201ccien mil \u00e1rboles\u201d en Puerto Madryn","isPartOf":{"@id":"https:\/\/patagoniambiental.com.ar\/info\/#website"},"primaryImageOfPage":{"@id":"https:\/\/patagoniambiental.com.ar\/info\/seria-llevado-a-cabo-el-ano-que-viene-para-el-aniversario-de-la-ciudad-un-ambicioso-proyecto-preve-plantar-cien-mil-arboles-en-puerto-madryn\/#primaryimage"},"image":{"@id":"https:\/\/patagoniambiental.com.ar\/info\/seria-llevado-a-cabo-el-ano-que-viene-para-el-aniversario-de-la-ciudad-un-ambicioso-proyecto-preve-plantar-cien-mil-arboles-en-puerto-madryn\/#primaryimage"},"thumbnailUrl":"https:\/\/patagoniambiental.com.ar\/info\/wp-content\/uploads\/2017\/10\/Sin-t\u00edtulo-9.jpg","datePublished":"2017-10-18T22:00:45+00:00","breadcrumb":{"@id":"https:\/\/patagoniambiental.com.ar\/info\/seria-llevado-a-cabo-el-ano-que-viene-para-el-aniversario-de-la-ciudad-un-ambicioso-proyecto-preve-plantar-cien-mil-arboles-en-puerto-madryn\/#breadcrumb"},"inLanguage":"es","potentialAction":[{"@type":"ReadAction","target":["https:\/\/patagoniambiental.com.ar\/info\/seria-llevado-a-cabo-el-ano-que-viene-para-el-aniversario-de-la-ciudad-un-ambicioso-proyecto-preve-plantar-cien-mil-arboles-en-puerto-madryn\/"]}]},{"@type":"ImageObject","inLanguage":"es","@id":"https:\/\/patagoniambiental.com.ar\/info\/seria-llevado-a-cabo-el-ano-que-viene-para-el-aniversario-de-la-ciudad-un-ambicioso-proyecto-preve-plantar-cien-mil-arboles-en-puerto-madryn\/#primaryimage","url":"https:\/\/patagoniambiental.com.ar\/info\/wp-content\/uploads\/2017\/10\/Sin-t\u00edtulo-9.jpg","contentUrl":"https:\/\/patagoniambiental.com.ar\/info\/wp-content\/uploads\/2017\/10\/Sin-t\u00edtulo-9.jpg","width":362,"height":201},{"@type":"BreadcrumbList","@id":"https:\/\/patagoniambiental.com.ar\/info\/seria-llevado-a-cabo-el-ano-que-viene-para-el-aniversario-de-la-ciudad-un-ambicioso-proyecto-preve-plantar-cien-mil-arboles-en-puerto-madryn\/#breadcrumb","itemListElement":[{"@type":"ListItem","position":1,"name":"Inicio","item":"https:\/\/patagoniambiental.com.ar\/info\/"},{"@type":"ListItem","position":2,"name":"SER\u00cdA LLEVADO A CABO EL A\u00d1O QUE VIENE PARA EL ANIVERSARIO DE LA CIUDAD Un ambicioso proyecto prev\u00e9 plantar \u201ccien mil \u00e1rboles\u201d en Puerto Madryn"}]},{"@type":"WebSite","@id":"https:\/\/patagoniambiental.com.ar\/info\/#website","url":"https:\/\/patagoniambiental.com.ar\/info\/","name":"Patagonia Ambiental","description":"Monitoreo y an\u00e1lisis de la situaci\u00f3n geopol\u00edtica en el mundo y su implicancia en la Patagonia","publisher":{"@id":"https:\/\/patagoniambiental.com.ar\/info\/#organization"},"potentialAction":[{"@type":"SearchAction","target":{"@type":"EntryPoint","urlTemplate":"https:\/\/patagoniambiental.com.ar\/info\/?s={search_term_string}"},"query-input":{"@type":"PropertyValueSpecification","valueRequired":true,"valueName":"search_term_string"}}],"inLanguage":"es"},{"@type":"Organization","@id":"https:\/\/patagoniambiental.com.ar\/info\/#organization","name":"Patagonia Ambiental","url":"https:\/\/patagoniambiental.com.ar\/info\/","logo":{"@type":"ImageObject","inLanguage":"es","@id":"https:\/\/patagoniambiental.com.ar\/info\/#\/schema\/logo\/image\/","url":"https:\/\/patagoniambiental.com.ar\/info\/wp-content\/uploads\/2025\/05\/LOGO-PATAGONIA-AMBIENTAL.png","contentUrl":"https:\/\/patagoniambiental.com.ar\/info\/wp-content\/uploads\/2025\/05\/LOGO-PATAGONIA-AMBIENTAL.png","width":433,"height":250,"caption":"Patagonia Ambiental"},"image":{"@id":"https:\/\/patagoniambiental.com.ar\/info\/#\/schema\/logo\/image\/"},"sameAs":["https:\/\/www.facebook.com\/patagonia.ambiental","https:\/\/x.com\/PatAmb"]},{"@type":"Person","@id":"https:\/\/patagoniambiental.com.ar\/info\/#\/schema\/person\/db12bff64bbcbf6a253710bf0ea37b5d","name":"Patagonia Ambiental","description":"Andr\u00e9s Nievas T\u00e9cnico en manejo ambiental, consultor Ambiental y escritor para medios locales e internacionales sobre temas de geopolitica y medio ambiente.","sameAs":["http:\/\/www.patagoniambiental.com.ar","https:\/\/www.facebook.com\/share\/1C1V8Gv9BX\/?mibextid=qi2Omg","@patagoniambiental","https:\/\/youtube.com\/@patagoniaambiental2023?si=BLt58t0wuXquxlYZ"]}]}},"_links":{"self":[{"href":"https:\/\/patagoniambiental.com.ar\/info\/wp-json\/wp\/v2\/posts\/36676","targetHints":{"allow":["GET"]}}],"collection":[{"href":"https:\/\/patagoniambiental.com.ar\/info\/wp-json\/wp\/v2\/posts"}],"about":[{"href":"https:\/\/patagoniambiental.com.ar\/info\/wp-json\/wp\/v2\/types\/post"}],"author":[{"embeddable":true,"href":"https:\/\/patagoniambiental.com.ar\/info\/wp-json\/wp\/v2\/users\/2"}],"replies":[{"embeddable":true,"href":"https:\/\/patagoniambiental.com.ar\/info\/wp-json\/wp\/v2\/comments?post=36676"}],"version-history":[{"count":0,"href":"https:\/\/patagoniambiental.com.ar\/info\/wp-json\/wp\/v2\/posts\/36676\/revisions"}],"wp:featuredmedia":[{"embeddable":true,"href":"https:\/\/patagoniambiental.com.ar\/info\/wp-json\/wp\/v2\/media\/36677"}],"wp:attachment":[{"href":"https:\/\/patagoniambiental.com.ar\/info\/wp-json\/wp\/v2\/media?parent=36676"}],"wp:term":[{"taxonomy":"category","embeddable":true,"href":"https:\/\/patagoniambiental.com.ar\/info\/wp-json\/wp\/v2\/categories?post=36676"},{"taxonomy":"post_tag","embeddable":true,"href":"https:\/\/patagoniambiental.com.ar\/info\/wp-json\/wp\/v2\/tags?post=36676"}],"curies":[{"name":"wp","href":"https:\/\/api.w.org\/{rel}","templated":true}]}}