{"id":36701,"date":"2017-10-18T19:00:37","date_gmt":"2017-10-18T22:00:37","guid":{"rendered":"http:\/\/patagoniambiental.com.ar\/info\/?p=36701"},"modified":"2017-10-18T13:05:25","modified_gmt":"2017-10-18T16:05:25","slug":"innovacion-y-emprendedurismo-proyectos-rionegrinos-fueron-premiados-en-innovar-2017","status":"publish","type":"post","link":"https:\/\/patagoniambiental.com.ar\/info\/innovacion-y-emprendedurismo-proyectos-rionegrinos-fueron-premiados-en-innovar-2017\/","title":{"rendered":"Innovaci\u00f3n y emprendedurismo  Proyectos rionegrinos fueron premiados en INNOVAR 2017"},"content":{"rendered":"<p class=\"x_MsoNormal\"><i>Viedma.-Cuatro proyectos rionegrinos ganaron entre m\u00e1s de 300 inscriptos de todo el pa\u00eds.<\/i><\/p>\n<p class=\"x_MsoNormal\"><!--more--><\/p>\n<p class=\"x_MsoNormal\">R\u00edo Negro fue protagonista en la 14ta edici\u00f3n del Concurso Nacional de Innovaciones, organizado por Naci\u00f3n. Cuatro de los proyectos presentados fueron ganadores entre m\u00e1s de 300 participantes de todo el pa\u00eds.<\/p>\n<p class=\"x_MsoNormal\">Adem\u00e1s, por iniciativa de la Secretar\u00eda de Ciencia y Tecnolog\u00eda dependiente del Ministerio de Econom\u00eda de la provincia, se incorpor\u00f3 una nueva categor\u00eda al concurso basada en dise\u00f1os con maderas exclusivas de la Patagonia.<\/p>\n<p class=\"x_MsoNormal\">La provincia de R\u00edo Negro jug\u00f3 un rol protag\u00f3nico en el Concurso Nacional de Innovaciones, organizado por el Ministerio de Ciencia, Tecnolog\u00eda e Innovaci\u00f3n Productiva de la Naci\u00f3n y promovido por el Gobierno de R\u00edo Negro a trav\u00e9s de la Secretar\u00eda de Ciencia y Tecnolog\u00eda.<\/p>\n<p class=\"x_MsoNormal\">Con m\u00e1s de 300 inscriptos, result\u00f3 ganador el Proyecto barilochense \u201cPo(n)derosa Tecnolog\u00eda Inclusiva\u201d, basado en el dise\u00f1o y desarrollo de un sistema constructivo de componentes de madera de pino Ponderosa, prefabricados y estandarizados, para edificios comunitarios y\/o residenciales en el marco de un circuito productivo interactoral que apalanque las econom\u00edas vulnerables. Adem\u00e1s resultaron seleccionados en esta categor\u00eda, Patagonia Archery, Molino de Cerales y Vanitori con bacha maciza de madera. Todos ellos rionegrinos y parte del Cat\u00e1logo INNOVAR 2017.<\/p>\n<p class=\"x_MsoNormal\">Tambi\u00e9n gan\u00f3 en las categor\u00edas Investigaci\u00f3n Aplicada con el proyecto Microradiograf\u00edas y dos\u00edmetros personales basados en detectores de imagen CMOS; en Innovaci\u00f3n en la Universidad con el proyecto VaFlo (Sistema de variaci\u00f3n de flotabilidad) del Instituto Balseiro de la UNC y en Micro, Peque\u00f1a y Medianas Empresas con la Estufa de acumulaci\u00f3n modular.<\/p>\n<p class=\"x_MsoNormal\">Este a\u00f1o, junto al Centro de Investigaci\u00f3n Forestal Andino Patag\u00f3nico, la Provincia impuls\u00f3 una nueva categor\u00eda en el INNOVAR, denominada \u201cDise\u00f1os con maderas de la Patagonia\u201d. Los proyectos deb\u00edan ser realizados con madera de lenga u otras especies nativas de los bosques patag\u00f3nicos, en combinaci\u00f3n o no con otros materiales y deb\u00edan transmitir la identidad local; fomentar la cooperaci\u00f3n entre la industria y la investigaci\u00f3n y potencie el desarrollo de nuevos mercados con productos innovadores y creativos, bajo una mirada sustentable de los bosques.<\/p>\n<p class=\"x_MsoNormal\">El objetivo del concurso nacional es estimular la transferencia de conocimientos y tecnolog\u00eda, aplicados a productos y\/o procesos que mejoren la calidad de vida de la sociedad y promover las innovaciones que diversifiquen la trama productiva del pa\u00eds.<\/p>\n<p class=\"x_MsoNormal\">Al respecto el Secretario de Ciencia y Tecnolog\u00eda de la provincia, Hugo Josserme expres\u00f3: \u201cEstamos muy satisfechos con la participaci\u00f3n de R\u00edo Negro en el INNOVAR 2017, resultado de un trabajo que se viene desarrollando desde hace tiempo en la provincia para el desarrollo y la generaci\u00f3n de nuevos emprendimientos y emprendedores en el sector cient\u00edfico tecnol\u00f3gico\u201d.<\/p>\n<p class=\"x_MsoNormal\">\u201cNuestra tarea es dise\u00f1ar y ejecutar pol\u00edticas orientadas a la integraci\u00f3n de esos recursos humanos en la generaci\u00f3n de innovaciones, como las que se presentan en INNOVAR,\u00a0\u00a0de modo que tengamos un impacto en el desarrollo productivo y\u00a0\u00a0en las condiciones de vida de los rionegrinos\u201d, concluy\u00f3.<\/p>\n<p>Fuente:<\/p>\n<p><b><span lang=\"ES-AR\">GOBIERNO DE R\u00cdO NEGRO<\/span><\/b><span lang=\"ES-AR\"><br \/>\nSecretar\u00eda de Medios<\/span><\/p>\n","protected":false},"excerpt":{"rendered":"<p>Viedma.-Cuatro proyectos rionegrinos ganaron entre m\u00e1s de 300 inscriptos de todo el pa\u00eds.<\/p>\n","protected":false},"author":2,"featured_media":36702,"comment_status":"open","ping_status":"open","sticky":false,"template":"","format":"standard","meta":{"site-sidebar-layout":"default","site-content-layout":"","ast-site-content-layout":"default","site-content-style":"default","site-sidebar-style":"default","ast-global-header-display":"","ast-banner-title-visibility":"","ast-main-header-display":"","ast-hfb-above-header-display":"","ast-hfb-below-header-display":"","ast-hfb-mobile-header-display":"","site-post-title":"","ast-breadcrumbs-content":"","ast-featured-img":"","footer-sml-layout":"","ast-disable-related-posts":"","theme-transparent-header-meta":"","adv-header-id-meta":"","stick-header-meta":"","header-above-stick-meta":"","header-main-stick-meta":"","header-below-stick-meta":"","astra-migrate-meta-layouts":"default","ast-page-background-enabled":"default","ast-page-background-meta":{"desktop":{"background-color":"var(--ast-global-color-5)","background-image":"","background-repeat":"repeat","background-position":"center center","background-size":"auto","background-attachment":"scroll","background-type":"","background-media":"","overlay-type":"","overlay-color":"","overlay-opacity":"","overlay-gradient":""},"tablet":{"background-color":"","background-image":"","background-repeat":"repeat","background-position":"center center","background-size":"auto","background-attachment":"scroll","background-type":"","background-media":"","overlay-type":"","overlay-color":"","overlay-opacity":"","overlay-gradient":""},"mobile":{"background-color":"","background-image":"","background-repeat":"repeat","background-position":"center center","background-size":"auto","background-attachment":"scroll","background-type":"","background-media":"","overlay-type":"","overlay-color":"","overlay-opacity":"","overlay-gradient":""}},"ast-content-background-meta":{"desktop":{"background-color":"var(--ast-global-color-4)","background-image":"","background-repeat":"repeat","background-position":"center center","background-size":"auto","background-attachment":"scroll","background-type":"","background-media":"","overlay-type":"","overlay-color":"","overlay-opacity":"","overlay-gradient":""},"tablet":{"background-color":"var(--ast-global-color-4)","background-image":"","background-repeat":"repeat","background-position":"center center","background-size":"auto","background-attachment":"scroll","background-type":"","background-media":"","overlay-type":"","overlay-color":"","overlay-opacity":"","overlay-gradient":""},"mobile":{"background-color":"var(--ast-global-color-4)","background-image":"","background-repeat":"repeat","background-position":"center center","background-size":"auto","background-attachment":"scroll","background-type":"","background-media":"","overlay-type":"","overlay-color":"","overlay-opacity":"","overlay-gradient":""}},"footnotes":""},"categories":[1,13,14],"tags":[],"class_list":["post-36701","post","type-post","status-publish","format-standard","has-post-thumbnail","hentry","category-noticias","category-provinciales","category-rio-negro"],"yoast_head":"<!-- This site is optimized with the Yoast SEO Premium plugin v23.0 (Yoast SEO v27.5) - https:\/\/yoast.com\/product\/yoast-seo-premium-wordpress\/ -->\n<title>Innovaci\u00f3n y emprendedurismo Proyectos rionegrinos fueron premiados en INNOVAR 2017<\/title>\n<meta name=\"robots\" content=\"index, follow, max-snippet:-1, max-image-preview:large, max-video-preview:-1\" \/>\n<link rel=\"canonical\" href=\"https:\/\/patagoniambiental.com.ar\/info\/innovacion-y-emprendedurismo-proyectos-rionegrinos-fueron-premiados-en-innovar-2017\/\" \/>\n<meta property=\"og:locale\" content=\"es_ES\" \/>\n<meta property=\"og:type\" content=\"article\" \/>\n<meta property=\"og:title\" content=\"Innovaci\u00f3n y emprendedurismo Proyectos rionegrinos fueron premiados en INNOVAR 2017\" \/>\n<meta property=\"og:description\" content=\"Viedma.-Cuatro proyectos rionegrinos ganaron entre m\u00e1s de 300 inscriptos de todo el pa\u00eds.\" \/>\n<meta property=\"og:url\" content=\"https:\/\/patagoniambiental.com.ar\/info\/innovacion-y-emprendedurismo-proyectos-rionegrinos-fueron-premiados-en-innovar-2017\/\" \/>\n<meta property=\"og:site_name\" content=\"Patagonia Ambiental\" \/>\n<meta property=\"article:publisher\" content=\"https:\/\/www.facebook.com\/patagonia.ambiental\" \/>\n<meta property=\"article:author\" content=\"https:\/\/www.facebook.com\/share\/1C1V8Gv9BX\/?mibextid=qi2Omg\" \/>\n<meta property=\"article:published_time\" content=\"2017-10-18T22:00:37+00:00\" \/>\n<meta property=\"og:image\" content=\"https:\/\/patagoniambiental.com.ar\/info\/wp-content\/uploads\/2017\/10\/00031182.jpg\" \/>\n\t<meta property=\"og:image:width\" content=\"924\" \/>\n\t<meta property=\"og:image:height\" content=\"616\" \/>\n\t<meta property=\"og:image:type\" content=\"image\/jpeg\" \/>\n<meta name=\"author\" content=\"Patagonia Ambiental\" \/>\n<meta name=\"twitter:card\" content=\"summary_large_image\" \/>\n<meta name=\"twitter:creator\" content=\"@PatAmb\" \/>\n<meta name=\"twitter:site\" content=\"@PatAmb\" \/>\n<script type=\"application\/ld+json\" class=\"yoast-schema-graph\">{\"@context\":\"https:\\\/\\\/schema.org\",\"@graph\":[{\"@type\":\"Article\",\"@id\":\"https:\\\/\\\/patagoniambiental.com.ar\\\/info\\\/innovacion-y-emprendedurismo-proyectos-rionegrinos-fueron-premiados-en-innovar-2017\\\/#article\",\"isPartOf\":{\"@id\":\"https:\\\/\\\/patagoniambiental.com.ar\\\/info\\\/innovacion-y-emprendedurismo-proyectos-rionegrinos-fueron-premiados-en-innovar-2017\\\/\"},\"author\":{\"name\":\"Patagonia Ambiental\",\"@id\":\"https:\\\/\\\/patagoniambiental.com.ar\\\/info\\\/#\\\/schema\\\/person\\\/db12bff64bbcbf6a253710bf0ea37b5d\"},\"headline\":\"Innovaci\u00f3n y emprendedurismo Proyectos rionegrinos fueron premiados en INNOVAR 2017\",\"datePublished\":\"2017-10-18T22:00:37+00:00\",\"mainEntityOfPage\":{\"@id\":\"https:\\\/\\\/patagoniambiental.com.ar\\\/info\\\/innovacion-y-emprendedurismo-proyectos-rionegrinos-fueron-premiados-en-innovar-2017\\\/\"},\"wordCount\":562,\"commentCount\":0,\"publisher\":{\"@id\":\"https:\\\/\\\/patagoniambiental.com.ar\\\/info\\\/#organization\"},\"image\":{\"@id\":\"https:\\\/\\\/patagoniambiental.com.ar\\\/info\\\/innovacion-y-emprendedurismo-proyectos-rionegrinos-fueron-premiados-en-innovar-2017\\\/#primaryimage\"},\"thumbnailUrl\":\"https:\\\/\\\/patagoniambiental.com.ar\\\/info\\\/wp-content\\\/uploads\\\/2017\\\/10\\\/00031182.jpg\",\"articleSection\":[\"Noticias\",\"Provinciales\",\"R\u00edo Negro\"],\"inLanguage\":\"es\",\"potentialAction\":[{\"@type\":\"CommentAction\",\"name\":\"Comment\",\"target\":[\"https:\\\/\\\/patagoniambiental.com.ar\\\/info\\\/innovacion-y-emprendedurismo-proyectos-rionegrinos-fueron-premiados-en-innovar-2017\\\/#respond\"]}]},{\"@type\":\"WebPage\",\"@id\":\"https:\\\/\\\/patagoniambiental.com.ar\\\/info\\\/innovacion-y-emprendedurismo-proyectos-rionegrinos-fueron-premiados-en-innovar-2017\\\/\",\"url\":\"https:\\\/\\\/patagoniambiental.com.ar\\\/info\\\/innovacion-y-emprendedurismo-proyectos-rionegrinos-fueron-premiados-en-innovar-2017\\\/\",\"name\":\"Innovaci\u00f3n y emprendedurismo Proyectos rionegrinos fueron premiados en INNOVAR 2017\",\"isPartOf\":{\"@id\":\"https:\\\/\\\/patagoniambiental.com.ar\\\/info\\\/#website\"},\"primaryImageOfPage\":{\"@id\":\"https:\\\/\\\/patagoniambiental.com.ar\\\/info\\\/innovacion-y-emprendedurismo-proyectos-rionegrinos-fueron-premiados-en-innovar-2017\\\/#primaryimage\"},\"image\":{\"@id\":\"https:\\\/\\\/patagoniambiental.com.ar\\\/info\\\/innovacion-y-emprendedurismo-proyectos-rionegrinos-fueron-premiados-en-innovar-2017\\\/#primaryimage\"},\"thumbnailUrl\":\"https:\\\/\\\/patagoniambiental.com.ar\\\/info\\\/wp-content\\\/uploads\\\/2017\\\/10\\\/00031182.jpg\",\"datePublished\":\"2017-10-18T22:00:37+00:00\",\"breadcrumb\":{\"@id\":\"https:\\\/\\\/patagoniambiental.com.ar\\\/info\\\/innovacion-y-emprendedurismo-proyectos-rionegrinos-fueron-premiados-en-innovar-2017\\\/#breadcrumb\"},\"inLanguage\":\"es\",\"potentialAction\":[{\"@type\":\"ReadAction\",\"target\":[\"https:\\\/\\\/patagoniambiental.com.ar\\\/info\\\/innovacion-y-emprendedurismo-proyectos-rionegrinos-fueron-premiados-en-innovar-2017\\\/\"]}]},{\"@type\":\"ImageObject\",\"inLanguage\":\"es\",\"@id\":\"https:\\\/\\\/patagoniambiental.com.ar\\\/info\\\/innovacion-y-emprendedurismo-proyectos-rionegrinos-fueron-premiados-en-innovar-2017\\\/#primaryimage\",\"url\":\"https:\\\/\\\/patagoniambiental.com.ar\\\/info\\\/wp-content\\\/uploads\\\/2017\\\/10\\\/00031182.jpg\",\"contentUrl\":\"https:\\\/\\\/patagoniambiental.com.ar\\\/info\\\/wp-content\\\/uploads\\\/2017\\\/10\\\/00031182.jpg\",\"width\":900,\"height\":600},{\"@type\":\"BreadcrumbList\",\"@id\":\"https:\\\/\\\/patagoniambiental.com.ar\\\/info\\\/innovacion-y-emprendedurismo-proyectos-rionegrinos-fueron-premiados-en-innovar-2017\\\/#breadcrumb\",\"itemListElement\":[{\"@type\":\"ListItem\",\"position\":1,\"name\":\"Inicio\",\"item\":\"https:\\\/\\\/patagoniambiental.com.ar\\\/info\\\/\"},{\"@type\":\"ListItem\",\"position\":2,\"name\":\"Innovaci\u00f3n y emprendedurismo Proyectos rionegrinos fueron premiados en INNOVAR 2017\"}]},{\"@type\":\"WebSite\",\"@id\":\"https:\\\/\\\/patagoniambiental.com.ar\\\/info\\\/#website\",\"url\":\"https:\\\/\\\/patagoniambiental.com.ar\\\/info\\\/\",\"name\":\"Patagonia Ambiental\",\"description\":\"Monitoreo y an\u00e1lisis de la situaci\u00f3n geopol\u00edtica en el mundo y su implicancia en la Patagonia\",\"publisher\":{\"@id\":\"https:\\\/\\\/patagoniambiental.com.ar\\\/info\\\/#organization\"},\"potentialAction\":[{\"@type\":\"SearchAction\",\"target\":{\"@type\":\"EntryPoint\",\"urlTemplate\":\"https:\\\/\\\/patagoniambiental.com.ar\\\/info\\\/?s={search_term_string}\"},\"query-input\":{\"@type\":\"PropertyValueSpecification\",\"valueRequired\":true,\"valueName\":\"search_term_string\"}}],\"inLanguage\":\"es\"},{\"@type\":\"Organization\",\"@id\":\"https:\\\/\\\/patagoniambiental.com.ar\\\/info\\\/#organization\",\"name\":\"Patagonia Ambiental\",\"url\":\"https:\\\/\\\/patagoniambiental.com.ar\\\/info\\\/\",\"logo\":{\"@type\":\"ImageObject\",\"inLanguage\":\"es\",\"@id\":\"https:\\\/\\\/patagoniambiental.com.ar\\\/info\\\/#\\\/schema\\\/logo\\\/image\\\/\",\"url\":\"https:\\\/\\\/patagoniambiental.com.ar\\\/info\\\/wp-content\\\/uploads\\\/2025\\\/05\\\/LOGO-PATAGONIA-AMBIENTAL.png\",\"contentUrl\":\"https:\\\/\\\/patagoniambiental.com.ar\\\/info\\\/wp-content\\\/uploads\\\/2025\\\/05\\\/LOGO-PATAGONIA-AMBIENTAL.png\",\"width\":433,\"height\":250,\"caption\":\"Patagonia Ambiental\"},\"image\":{\"@id\":\"https:\\\/\\\/patagoniambiental.com.ar\\\/info\\\/#\\\/schema\\\/logo\\\/image\\\/\"},\"sameAs\":[\"https:\\\/\\\/www.facebook.com\\\/patagonia.ambiental\",\"https:\\\/\\\/x.com\\\/PatAmb\"]},{\"@type\":\"Person\",\"@id\":\"https:\\\/\\\/patagoniambiental.com.ar\\\/info\\\/#\\\/schema\\\/person\\\/db12bff64bbcbf6a253710bf0ea37b5d\",\"name\":\"Patagonia Ambiental\",\"description\":\"Andr\u00e9s Nievas T\u00e9cnico en manejo ambiental, consultor Ambiental y escritor para medios locales e internacionales sobre temas de geopolitica y medio ambiente.\",\"sameAs\":[\"http:\\\/\\\/www.patagoniambiental.com.ar\",\"https:\\\/\\\/www.facebook.com\\\/share\\\/1C1V8Gv9BX\\\/?mibextid=qi2Omg\",\"@patagoniambiental\",\"https:\\\/\\\/youtube.com\\\/@patagoniaambiental2023?si=BLt58t0wuXquxlYZ\"]}]}<\/script>\n<!-- \/ Yoast SEO Premium plugin. -->","yoast_head_json":{"title":"Innovaci\u00f3n y emprendedurismo Proyectos rionegrinos fueron premiados en INNOVAR 2017","robots":{"index":"index","follow":"follow","max-snippet":"max-snippet:-1","max-image-preview":"max-image-preview:large","max-video-preview":"max-video-preview:-1"},"canonical":"https:\/\/patagoniambiental.com.ar\/info\/innovacion-y-emprendedurismo-proyectos-rionegrinos-fueron-premiados-en-innovar-2017\/","og_locale":"es_ES","og_type":"article","og_title":"Innovaci\u00f3n y emprendedurismo Proyectos rionegrinos fueron premiados en INNOVAR 2017","og_description":"Viedma.-Cuatro proyectos rionegrinos ganaron entre m\u00e1s de 300 inscriptos de todo el pa\u00eds.","og_url":"https:\/\/patagoniambiental.com.ar\/info\/innovacion-y-emprendedurismo-proyectos-rionegrinos-fueron-premiados-en-innovar-2017\/","og_site_name":"Patagonia Ambiental","article_publisher":"https:\/\/www.facebook.com\/patagonia.ambiental","article_author":"https:\/\/www.facebook.com\/share\/1C1V8Gv9BX\/?mibextid=qi2Omg","article_published_time":"2017-10-18T22:00:37+00:00","og_image":[{"width":924,"height":616,"url":"https:\/\/patagoniambiental.com.ar\/info\/wp-content\/uploads\/2017\/10\/00031182.jpg","type":"image\/jpeg"}],"author":"Patagonia Ambiental","twitter_card":"summary_large_image","twitter_creator":"@PatAmb","twitter_site":"@PatAmb","schema":{"@context":"https:\/\/schema.org","@graph":[{"@type":"Article","@id":"https:\/\/patagoniambiental.com.ar\/info\/innovacion-y-emprendedurismo-proyectos-rionegrinos-fueron-premiados-en-innovar-2017\/#article","isPartOf":{"@id":"https:\/\/patagoniambiental.com.ar\/info\/innovacion-y-emprendedurismo-proyectos-rionegrinos-fueron-premiados-en-innovar-2017\/"},"author":{"name":"Patagonia Ambiental","@id":"https:\/\/patagoniambiental.com.ar\/info\/#\/schema\/person\/db12bff64bbcbf6a253710bf0ea37b5d"},"headline":"Innovaci\u00f3n y emprendedurismo Proyectos rionegrinos fueron premiados en INNOVAR 2017","datePublished":"2017-10-18T22:00:37+00:00","mainEntityOfPage":{"@id":"https:\/\/patagoniambiental.com.ar\/info\/innovacion-y-emprendedurismo-proyectos-rionegrinos-fueron-premiados-en-innovar-2017\/"},"wordCount":562,"commentCount":0,"publisher":{"@id":"https:\/\/patagoniambiental.com.ar\/info\/#organization"},"image":{"@id":"https:\/\/patagoniambiental.com.ar\/info\/innovacion-y-emprendedurismo-proyectos-rionegrinos-fueron-premiados-en-innovar-2017\/#primaryimage"},"thumbnailUrl":"https:\/\/patagoniambiental.com.ar\/info\/wp-content\/uploads\/2017\/10\/00031182.jpg","articleSection":["Noticias","Provinciales","R\u00edo Negro"],"inLanguage":"es","potentialAction":[{"@type":"CommentAction","name":"Comment","target":["https:\/\/patagoniambiental.com.ar\/info\/innovacion-y-emprendedurismo-proyectos-rionegrinos-fueron-premiados-en-innovar-2017\/#respond"]}]},{"@type":"WebPage","@id":"https:\/\/patagoniambiental.com.ar\/info\/innovacion-y-emprendedurismo-proyectos-rionegrinos-fueron-premiados-en-innovar-2017\/","url":"https:\/\/patagoniambiental.com.ar\/info\/innovacion-y-emprendedurismo-proyectos-rionegrinos-fueron-premiados-en-innovar-2017\/","name":"Innovaci\u00f3n y emprendedurismo Proyectos rionegrinos fueron premiados en INNOVAR 2017","isPartOf":{"@id":"https:\/\/patagoniambiental.com.ar\/info\/#website"},"primaryImageOfPage":{"@id":"https:\/\/patagoniambiental.com.ar\/info\/innovacion-y-emprendedurismo-proyectos-rionegrinos-fueron-premiados-en-innovar-2017\/#primaryimage"},"image":{"@id":"https:\/\/patagoniambiental.com.ar\/info\/innovacion-y-emprendedurismo-proyectos-rionegrinos-fueron-premiados-en-innovar-2017\/#primaryimage"},"thumbnailUrl":"https:\/\/patagoniambiental.com.ar\/info\/wp-content\/uploads\/2017\/10\/00031182.jpg","datePublished":"2017-10-18T22:00:37+00:00","breadcrumb":{"@id":"https:\/\/patagoniambiental.com.ar\/info\/innovacion-y-emprendedurismo-proyectos-rionegrinos-fueron-premiados-en-innovar-2017\/#breadcrumb"},"inLanguage":"es","potentialAction":[{"@type":"ReadAction","target":["https:\/\/patagoniambiental.com.ar\/info\/innovacion-y-emprendedurismo-proyectos-rionegrinos-fueron-premiados-en-innovar-2017\/"]}]},{"@type":"ImageObject","inLanguage":"es","@id":"https:\/\/patagoniambiental.com.ar\/info\/innovacion-y-emprendedurismo-proyectos-rionegrinos-fueron-premiados-en-innovar-2017\/#primaryimage","url":"https:\/\/patagoniambiental.com.ar\/info\/wp-content\/uploads\/2017\/10\/00031182.jpg","contentUrl":"https:\/\/patagoniambiental.com.ar\/info\/wp-content\/uploads\/2017\/10\/00031182.jpg","width":900,"height":600},{"@type":"BreadcrumbList","@id":"https:\/\/patagoniambiental.com.ar\/info\/innovacion-y-emprendedurismo-proyectos-rionegrinos-fueron-premiados-en-innovar-2017\/#breadcrumb","itemListElement":[{"@type":"ListItem","position":1,"name":"Inicio","item":"https:\/\/patagoniambiental.com.ar\/info\/"},{"@type":"ListItem","position":2,"name":"Innovaci\u00f3n y emprendedurismo Proyectos rionegrinos fueron premiados en INNOVAR 2017"}]},{"@type":"WebSite","@id":"https:\/\/patagoniambiental.com.ar\/info\/#website","url":"https:\/\/patagoniambiental.com.ar\/info\/","name":"Patagonia Ambiental","description":"Monitoreo y an\u00e1lisis de la situaci\u00f3n geopol\u00edtica en el mundo y su implicancia en la Patagonia","publisher":{"@id":"https:\/\/patagoniambiental.com.ar\/info\/#organization"},"potentialAction":[{"@type":"SearchAction","target":{"@type":"EntryPoint","urlTemplate":"https:\/\/patagoniambiental.com.ar\/info\/?s={search_term_string}"},"query-input":{"@type":"PropertyValueSpecification","valueRequired":true,"valueName":"search_term_string"}}],"inLanguage":"es"},{"@type":"Organization","@id":"https:\/\/patagoniambiental.com.ar\/info\/#organization","name":"Patagonia Ambiental","url":"https:\/\/patagoniambiental.com.ar\/info\/","logo":{"@type":"ImageObject","inLanguage":"es","@id":"https:\/\/patagoniambiental.com.ar\/info\/#\/schema\/logo\/image\/","url":"https:\/\/patagoniambiental.com.ar\/info\/wp-content\/uploads\/2025\/05\/LOGO-PATAGONIA-AMBIENTAL.png","contentUrl":"https:\/\/patagoniambiental.com.ar\/info\/wp-content\/uploads\/2025\/05\/LOGO-PATAGONIA-AMBIENTAL.png","width":433,"height":250,"caption":"Patagonia Ambiental"},"image":{"@id":"https:\/\/patagoniambiental.com.ar\/info\/#\/schema\/logo\/image\/"},"sameAs":["https:\/\/www.facebook.com\/patagonia.ambiental","https:\/\/x.com\/PatAmb"]},{"@type":"Person","@id":"https:\/\/patagoniambiental.com.ar\/info\/#\/schema\/person\/db12bff64bbcbf6a253710bf0ea37b5d","name":"Patagonia Ambiental","description":"Andr\u00e9s Nievas T\u00e9cnico en manejo ambiental, consultor Ambiental y escritor para medios locales e internacionales sobre temas de geopolitica y medio ambiente.","sameAs":["http:\/\/www.patagoniambiental.com.ar","https:\/\/www.facebook.com\/share\/1C1V8Gv9BX\/?mibextid=qi2Omg","@patagoniambiental","https:\/\/youtube.com\/@patagoniaambiental2023?si=BLt58t0wuXquxlYZ"]}]}},"_links":{"self":[{"href":"https:\/\/patagoniambiental.com.ar\/info\/wp-json\/wp\/v2\/posts\/36701","targetHints":{"allow":["GET"]}}],"collection":[{"href":"https:\/\/patagoniambiental.com.ar\/info\/wp-json\/wp\/v2\/posts"}],"about":[{"href":"https:\/\/patagoniambiental.com.ar\/info\/wp-json\/wp\/v2\/types\/post"}],"author":[{"embeddable":true,"href":"https:\/\/patagoniambiental.com.ar\/info\/wp-json\/wp\/v2\/users\/2"}],"replies":[{"embeddable":true,"href":"https:\/\/patagoniambiental.com.ar\/info\/wp-json\/wp\/v2\/comments?post=36701"}],"version-history":[{"count":0,"href":"https:\/\/patagoniambiental.com.ar\/info\/wp-json\/wp\/v2\/posts\/36701\/revisions"}],"wp:featuredmedia":[{"embeddable":true,"href":"https:\/\/patagoniambiental.com.ar\/info\/wp-json\/wp\/v2\/media\/36702"}],"wp:attachment":[{"href":"https:\/\/patagoniambiental.com.ar\/info\/wp-json\/wp\/v2\/media?parent=36701"}],"wp:term":[{"taxonomy":"category","embeddable":true,"href":"https:\/\/patagoniambiental.com.ar\/info\/wp-json\/wp\/v2\/categories?post=36701"},{"taxonomy":"post_tag","embeddable":true,"href":"https:\/\/patagoniambiental.com.ar\/info\/wp-json\/wp\/v2\/tags?post=36701"}],"curies":[{"name":"wp","href":"https:\/\/api.w.org\/{rel}","templated":true}]}}