{"id":36731,"date":"2017-10-19T09:00:57","date_gmt":"2017-10-19T12:00:57","guid":{"rendered":"http:\/\/patagoniambiental.com.ar\/info\/?p=36731"},"modified":"2017-10-18T18:55:37","modified_gmt":"2017-10-18T21:55:37","slug":"santa-cruz-llevaron-adelante-trabajos-para-restaurar-el-bosque-nativo-de-mina-uno","status":"publish","type":"post","link":"https:\/\/patagoniambiental.com.ar\/info\/santa-cruz-llevaron-adelante-trabajos-para-restaurar-el-bosque-nativo-de-mina-uno\/","title":{"rendered":"Santa Cruz: Llevaron adelante trabajos para restaurar el bosque nativo de Mina Uno"},"content":{"rendered":"<div>\n<header>R\u00cdO TURBIO.- Participaron vecinos de Rio Turbio y 28 de Noviembre, personal del Municipio de Rio Turbio y del Consejo Agrario Provincial, como as\u00ed tambi\u00e9n\u00a0estudiantes de la carrera de ingenier\u00eda en Recursos Naturales de la UNPA. Consiste en la instalaci\u00f3n de 5 bosquetes, donde se plantaron aproximadamente 3.000 plantas de Lenga.\u00a0Colocaron carteler\u00eda explicativa y se prev\u00e9 para\u00a0noviembre\u00a0una jornada de capacitaci\u00f3n en la prevenci\u00f3n de incendios y sobre el adecuado uso recreativo de la zona.\u00a0<\/header>\n<\/div>\n<div>\n<div class=\"XXtextoNota clearfix\">\n<div align=\"justify\">\n<p>En el marco de la Ley de Bosques de la provincia de Santa Cruz, el Consejo Agrario Provincial (CAP) junto al municipio de Rio Turbio, llevaron a cabo tareas de restauraci\u00f3n del bosque nativo de la zona de Mina Uno.<\/p>\n<p>Participaron integrantes de la comunidad de Rio Turbio y 28 de Noviembre, personal de la Secretaria de Producci\u00f3n del municipio de Rio Turbio, t\u00e9cnicos de la delegaci\u00f3n local y de la direcci\u00f3n de bosques del CAP, adem\u00e1s de\u00a0un grupo de estudiantes de la carrera de ingenier\u00eda en Recursos Naturales de la UNPA.<\/p>\n<p>La principal causa de p\u00e9rdida de bosque nativo en la provincia, son los incendios forestales y la gran mayor\u00eda de \u00e9stos, ocurren por acci\u00f3n del hombre. La Lenga es la especie que naturalmente forma los bosques de los alrededores de Mina Uno, los cuales han sufrido incendios y por distintas razones la restauraci\u00f3n natural no ha tenido hasta hoy resultados importantes. Por este motivo, la provincia prioriz\u00f3 la \u201crestauraci\u00f3n activa\u201d de los bosques de esta zona.<\/p>\n<p>La restauraci\u00f3n activa planteada consiste en la instalaci\u00f3n de 5 bosquetes que permitir\u00e1n la instalaci\u00f3n del bosque, donde se plantaron aproximadamente 3.000 plantas de Lenga y como medida de protecci\u00f3n, se clausuraron mediante un cerramiento y la colocaci\u00f3n de alambre tejido, que permitir\u00e1 evitar el da\u00f1o de las plantas por parte de animales silvestres y domesticados. Estas acciones son muy importantes debido a que las especies instaladas en sus primeros estadios, son susceptibles a ser comidas o ramoneadas, principalmente por liebres y por otros herb\u00edvoros.<\/p>\n<p>Se coloc\u00f3 carteler\u00eda explicativa de la historia de los bosques de la zona y las tareas realizadas, y est\u00e1 previsto para el mes de noviembre, una jornada de capacitaci\u00f3n en la prevenci\u00f3n de incendios y sobre el adecuado uso recreativo de la zona.<\/p>\n<p>Fuente: Tiempo Sur<\/p>\n<p>&nbsp;<\/p>\n<\/div>\n<\/div>\n<div class=\"votes clearfix\"><\/div>\n<\/div>\n<div class=\"image\"><\/div>\n","protected":false},"excerpt":{"rendered":"<p>R\u00cdO TURBIO.- Participaron vecinos de Rio Turbio y 28 de Noviembre, personal del Municipio de Rio Turbio y del Consejo [&hellip;]<\/p>\n","protected":false},"author":2,"featured_media":36732,"comment_status":"open","ping_status":"open","sticky":false,"template":"","format":"standard","meta":{"site-sidebar-layout":"default","site-content-layout":"","ast-site-content-layout":"default","site-content-style":"default","site-sidebar-style":"default","ast-global-header-display":"","ast-banner-title-visibility":"","ast-main-header-display":"","ast-hfb-above-header-display":"","ast-hfb-below-header-display":"","ast-hfb-mobile-header-display":"","site-post-title":"","ast-breadcrumbs-content":"","ast-featured-img":"","footer-sml-layout":"","ast-disable-related-posts":"","theme-transparent-header-meta":"","adv-header-id-meta":"","stick-header-meta":"","header-above-stick-meta":"","header-main-stick-meta":"","header-below-stick-meta":"","astra-migrate-meta-layouts":"default","ast-page-background-enabled":"default","ast-page-background-meta":{"desktop":{"background-color":"var(--ast-global-color-5)","background-image":"","background-repeat":"repeat","background-position":"center center","background-size":"auto","background-attachment":"scroll","background-type":"","background-media":"","overlay-type":"","overlay-color":"","overlay-opacity":"","overlay-gradient":""},"tablet":{"background-color":"","background-image":"","background-repeat":"repeat","background-position":"center center","background-size":"auto","background-attachment":"scroll","background-type":"","background-media":"","overlay-type":"","overlay-color":"","overlay-opacity":"","overlay-gradient":""},"mobile":{"background-color":"","background-image":"","background-repeat":"repeat","background-position":"center center","background-size":"auto","background-attachment":"scroll","background-type":"","background-media":"","overlay-type":"","overlay-color":"","overlay-opacity":"","overlay-gradient":""}},"ast-content-background-meta":{"desktop":{"background-color":"var(--ast-global-color-4)","background-image":"","background-repeat":"repeat","background-position":"center center","background-size":"auto","background-attachment":"scroll","background-type":"","background-media":"","overlay-type":"","overlay-color":"","overlay-opacity":"","overlay-gradient":""},"tablet":{"background-color":"var(--ast-global-color-4)","background-image":"","background-repeat":"repeat","background-position":"center center","background-size":"auto","background-attachment":"scroll","background-type":"","background-media":"","overlay-type":"","overlay-color":"","overlay-opacity":"","overlay-gradient":""},"mobile":{"background-color":"var(--ast-global-color-4)","background-image":"","background-repeat":"repeat","background-position":"center center","background-size":"auto","background-attachment":"scroll","background-type":"","background-media":"","overlay-type":"","overlay-color":"","overlay-opacity":"","overlay-gradient":""}},"footnotes":""},"categories":[46,1],"tags":[],"class_list":["post-36731","post","type-post","status-publish","format-standard","has-post-thumbnail","hentry","category-municipios","category-noticias"],"yoast_head":"<!-- This site is optimized with the Yoast SEO Premium plugin v23.0 (Yoast SEO v27.5) - https:\/\/yoast.com\/product\/yoast-seo-premium-wordpress\/ -->\n<title>Santa Cruz: Llevaron adelante trabajos para restaurar el bosque nativo de Mina Uno<\/title>\n<meta name=\"robots\" content=\"index, follow, max-snippet:-1, max-image-preview:large, max-video-preview:-1\" \/>\n<link rel=\"canonical\" href=\"https:\/\/patagoniambiental.com.ar\/info\/santa-cruz-llevaron-adelante-trabajos-para-restaurar-el-bosque-nativo-de-mina-uno\/\" \/>\n<meta property=\"og:locale\" content=\"es_ES\" \/>\n<meta property=\"og:type\" content=\"article\" \/>\n<meta property=\"og:title\" content=\"Santa Cruz: Llevaron adelante trabajos para restaurar el bosque nativo de Mina Uno\" \/>\n<meta property=\"og:description\" content=\"R\u00cdO TURBIO.- Participaron vecinos de Rio Turbio y 28 de Noviembre, personal del Municipio de Rio Turbio y del Consejo [&hellip;]\" \/>\n<meta property=\"og:url\" content=\"https:\/\/patagoniambiental.com.ar\/info\/santa-cruz-llevaron-adelante-trabajos-para-restaurar-el-bosque-nativo-de-mina-uno\/\" \/>\n<meta property=\"og:site_name\" content=\"Patagonia Ambiental\" \/>\n<meta property=\"article:publisher\" content=\"https:\/\/www.facebook.com\/patagonia.ambiental\" \/>\n<meta property=\"article:author\" content=\"https:\/\/www.facebook.com\/share\/1C1V8Gv9BX\/?mibextid=qi2Omg\" \/>\n<meta property=\"article:published_time\" content=\"2017-10-19T12:00:57+00:00\" \/>\n<meta property=\"og:image\" content=\"https:\/\/patagoniambiental.com.ar\/info\/wp-content\/uploads\/2017\/10\/siembra-rio-turbio.jpg\" \/>\n\t<meta property=\"og:image:width\" content=\"555\" \/>\n\t<meta property=\"og:image:height\" content=\"312\" \/>\n\t<meta property=\"og:image:type\" content=\"image\/jpeg\" \/>\n<meta name=\"author\" content=\"Patagonia Ambiental\" \/>\n<meta name=\"twitter:card\" content=\"summary_large_image\" \/>\n<meta name=\"twitter:creator\" content=\"@PatAmb\" \/>\n<meta name=\"twitter:site\" content=\"@PatAmb\" \/>\n<script type=\"application\/ld+json\" class=\"yoast-schema-graph\">{\"@context\":\"https:\\\/\\\/schema.org\",\"@graph\":[{\"@type\":\"Article\",\"@id\":\"https:\\\/\\\/patagoniambiental.com.ar\\\/info\\\/santa-cruz-llevaron-adelante-trabajos-para-restaurar-el-bosque-nativo-de-mina-uno\\\/#article\",\"isPartOf\":{\"@id\":\"https:\\\/\\\/patagoniambiental.com.ar\\\/info\\\/santa-cruz-llevaron-adelante-trabajos-para-restaurar-el-bosque-nativo-de-mina-uno\\\/\"},\"author\":{\"name\":\"Patagonia Ambiental\",\"@id\":\"https:\\\/\\\/patagoniambiental.com.ar\\\/info\\\/#\\\/schema\\\/person\\\/db12bff64bbcbf6a253710bf0ea37b5d\"},\"headline\":\"Santa Cruz: Llevaron adelante trabajos para restaurar el bosque nativo de Mina Uno\",\"datePublished\":\"2017-10-19T12:00:57+00:00\",\"mainEntityOfPage\":{\"@id\":\"https:\\\/\\\/patagoniambiental.com.ar\\\/info\\\/santa-cruz-llevaron-adelante-trabajos-para-restaurar-el-bosque-nativo-de-mina-uno\\\/\"},\"wordCount\":417,\"commentCount\":0,\"publisher\":{\"@id\":\"https:\\\/\\\/patagoniambiental.com.ar\\\/info\\\/#organization\"},\"image\":{\"@id\":\"https:\\\/\\\/patagoniambiental.com.ar\\\/info\\\/santa-cruz-llevaron-adelante-trabajos-para-restaurar-el-bosque-nativo-de-mina-uno\\\/#primaryimage\"},\"thumbnailUrl\":\"https:\\\/\\\/patagoniambiental.com.ar\\\/info\\\/wp-content\\\/uploads\\\/2017\\\/10\\\/siembra-rio-turbio.jpg\",\"articleSection\":[\"Municipios\",\"Noticias\"],\"inLanguage\":\"es\",\"potentialAction\":[{\"@type\":\"CommentAction\",\"name\":\"Comment\",\"target\":[\"https:\\\/\\\/patagoniambiental.com.ar\\\/info\\\/santa-cruz-llevaron-adelante-trabajos-para-restaurar-el-bosque-nativo-de-mina-uno\\\/#respond\"]}]},{\"@type\":\"WebPage\",\"@id\":\"https:\\\/\\\/patagoniambiental.com.ar\\\/info\\\/santa-cruz-llevaron-adelante-trabajos-para-restaurar-el-bosque-nativo-de-mina-uno\\\/\",\"url\":\"https:\\\/\\\/patagoniambiental.com.ar\\\/info\\\/santa-cruz-llevaron-adelante-trabajos-para-restaurar-el-bosque-nativo-de-mina-uno\\\/\",\"name\":\"Santa Cruz: Llevaron adelante trabajos para restaurar el bosque nativo de Mina Uno\",\"isPartOf\":{\"@id\":\"https:\\\/\\\/patagoniambiental.com.ar\\\/info\\\/#website\"},\"primaryImageOfPage\":{\"@id\":\"https:\\\/\\\/patagoniambiental.com.ar\\\/info\\\/santa-cruz-llevaron-adelante-trabajos-para-restaurar-el-bosque-nativo-de-mina-uno\\\/#primaryimage\"},\"image\":{\"@id\":\"https:\\\/\\\/patagoniambiental.com.ar\\\/info\\\/santa-cruz-llevaron-adelante-trabajos-para-restaurar-el-bosque-nativo-de-mina-uno\\\/#primaryimage\"},\"thumbnailUrl\":\"https:\\\/\\\/patagoniambiental.com.ar\\\/info\\\/wp-content\\\/uploads\\\/2017\\\/10\\\/siembra-rio-turbio.jpg\",\"datePublished\":\"2017-10-19T12:00:57+00:00\",\"breadcrumb\":{\"@id\":\"https:\\\/\\\/patagoniambiental.com.ar\\\/info\\\/santa-cruz-llevaron-adelante-trabajos-para-restaurar-el-bosque-nativo-de-mina-uno\\\/#breadcrumb\"},\"inLanguage\":\"es\",\"potentialAction\":[{\"@type\":\"ReadAction\",\"target\":[\"https:\\\/\\\/patagoniambiental.com.ar\\\/info\\\/santa-cruz-llevaron-adelante-trabajos-para-restaurar-el-bosque-nativo-de-mina-uno\\\/\"]}]},{\"@type\":\"ImageObject\",\"inLanguage\":\"es\",\"@id\":\"https:\\\/\\\/patagoniambiental.com.ar\\\/info\\\/santa-cruz-llevaron-adelante-trabajos-para-restaurar-el-bosque-nativo-de-mina-uno\\\/#primaryimage\",\"url\":\"https:\\\/\\\/patagoniambiental.com.ar\\\/info\\\/wp-content\\\/uploads\\\/2017\\\/10\\\/siembra-rio-turbio.jpg\",\"contentUrl\":\"https:\\\/\\\/patagoniambiental.com.ar\\\/info\\\/wp-content\\\/uploads\\\/2017\\\/10\\\/siembra-rio-turbio.jpg\",\"width\":555,\"height\":312},{\"@type\":\"BreadcrumbList\",\"@id\":\"https:\\\/\\\/patagoniambiental.com.ar\\\/info\\\/santa-cruz-llevaron-adelante-trabajos-para-restaurar-el-bosque-nativo-de-mina-uno\\\/#breadcrumb\",\"itemListElement\":[{\"@type\":\"ListItem\",\"position\":1,\"name\":\"Inicio\",\"item\":\"https:\\\/\\\/patagoniambiental.com.ar\\\/info\\\/\"},{\"@type\":\"ListItem\",\"position\":2,\"name\":\"Santa Cruz: Llevaron adelante trabajos para restaurar el bosque nativo de Mina Uno\"}]},{\"@type\":\"WebSite\",\"@id\":\"https:\\\/\\\/patagoniambiental.com.ar\\\/info\\\/#website\",\"url\":\"https:\\\/\\\/patagoniambiental.com.ar\\\/info\\\/\",\"name\":\"Patagonia Ambiental\",\"description\":\"Monitoreo y an\u00e1lisis de la situaci\u00f3n geopol\u00edtica en el mundo y su implicancia en la Patagonia\",\"publisher\":{\"@id\":\"https:\\\/\\\/patagoniambiental.com.ar\\\/info\\\/#organization\"},\"potentialAction\":[{\"@type\":\"SearchAction\",\"target\":{\"@type\":\"EntryPoint\",\"urlTemplate\":\"https:\\\/\\\/patagoniambiental.com.ar\\\/info\\\/?s={search_term_string}\"},\"query-input\":{\"@type\":\"PropertyValueSpecification\",\"valueRequired\":true,\"valueName\":\"search_term_string\"}}],\"inLanguage\":\"es\"},{\"@type\":\"Organization\",\"@id\":\"https:\\\/\\\/patagoniambiental.com.ar\\\/info\\\/#organization\",\"name\":\"Patagonia Ambiental\",\"url\":\"https:\\\/\\\/patagoniambiental.com.ar\\\/info\\\/\",\"logo\":{\"@type\":\"ImageObject\",\"inLanguage\":\"es\",\"@id\":\"https:\\\/\\\/patagoniambiental.com.ar\\\/info\\\/#\\\/schema\\\/logo\\\/image\\\/\",\"url\":\"https:\\\/\\\/patagoniambiental.com.ar\\\/info\\\/wp-content\\\/uploads\\\/2025\\\/05\\\/LOGO-PATAGONIA-AMBIENTAL.png\",\"contentUrl\":\"https:\\\/\\\/patagoniambiental.com.ar\\\/info\\\/wp-content\\\/uploads\\\/2025\\\/05\\\/LOGO-PATAGONIA-AMBIENTAL.png\",\"width\":433,\"height\":250,\"caption\":\"Patagonia Ambiental\"},\"image\":{\"@id\":\"https:\\\/\\\/patagoniambiental.com.ar\\\/info\\\/#\\\/schema\\\/logo\\\/image\\\/\"},\"sameAs\":[\"https:\\\/\\\/www.facebook.com\\\/patagonia.ambiental\",\"https:\\\/\\\/x.com\\\/PatAmb\"]},{\"@type\":\"Person\",\"@id\":\"https:\\\/\\\/patagoniambiental.com.ar\\\/info\\\/#\\\/schema\\\/person\\\/db12bff64bbcbf6a253710bf0ea37b5d\",\"name\":\"Patagonia Ambiental\",\"description\":\"Andr\u00e9s Nievas T\u00e9cnico en manejo ambiental, consultor Ambiental y escritor para medios locales e internacionales sobre temas de geopolitica y medio ambiente.\",\"sameAs\":[\"http:\\\/\\\/www.patagoniambiental.com.ar\",\"https:\\\/\\\/www.facebook.com\\\/share\\\/1C1V8Gv9BX\\\/?mibextid=qi2Omg\",\"@patagoniambiental\",\"https:\\\/\\\/youtube.com\\\/@patagoniaambiental2023?si=BLt58t0wuXquxlYZ\"]}]}<\/script>\n<!-- \/ Yoast SEO Premium plugin. -->","yoast_head_json":{"title":"Santa Cruz: Llevaron adelante trabajos para restaurar el bosque nativo de Mina Uno","robots":{"index":"index","follow":"follow","max-snippet":"max-snippet:-1","max-image-preview":"max-image-preview:large","max-video-preview":"max-video-preview:-1"},"canonical":"https:\/\/patagoniambiental.com.ar\/info\/santa-cruz-llevaron-adelante-trabajos-para-restaurar-el-bosque-nativo-de-mina-uno\/","og_locale":"es_ES","og_type":"article","og_title":"Santa Cruz: Llevaron adelante trabajos para restaurar el bosque nativo de Mina Uno","og_description":"R\u00cdO TURBIO.- Participaron vecinos de Rio Turbio y 28 de Noviembre, personal del Municipio de Rio Turbio y del Consejo [&hellip;]","og_url":"https:\/\/patagoniambiental.com.ar\/info\/santa-cruz-llevaron-adelante-trabajos-para-restaurar-el-bosque-nativo-de-mina-uno\/","og_site_name":"Patagonia Ambiental","article_publisher":"https:\/\/www.facebook.com\/patagonia.ambiental","article_author":"https:\/\/www.facebook.com\/share\/1C1V8Gv9BX\/?mibextid=qi2Omg","article_published_time":"2017-10-19T12:00:57+00:00","og_image":[{"width":555,"height":312,"url":"https:\/\/patagoniambiental.com.ar\/info\/wp-content\/uploads\/2017\/10\/siembra-rio-turbio.jpg","type":"image\/jpeg"}],"author":"Patagonia Ambiental","twitter_card":"summary_large_image","twitter_creator":"@PatAmb","twitter_site":"@PatAmb","schema":{"@context":"https:\/\/schema.org","@graph":[{"@type":"Article","@id":"https:\/\/patagoniambiental.com.ar\/info\/santa-cruz-llevaron-adelante-trabajos-para-restaurar-el-bosque-nativo-de-mina-uno\/#article","isPartOf":{"@id":"https:\/\/patagoniambiental.com.ar\/info\/santa-cruz-llevaron-adelante-trabajos-para-restaurar-el-bosque-nativo-de-mina-uno\/"},"author":{"name":"Patagonia Ambiental","@id":"https:\/\/patagoniambiental.com.ar\/info\/#\/schema\/person\/db12bff64bbcbf6a253710bf0ea37b5d"},"headline":"Santa Cruz: Llevaron adelante trabajos para restaurar el bosque nativo de Mina Uno","datePublished":"2017-10-19T12:00:57+00:00","mainEntityOfPage":{"@id":"https:\/\/patagoniambiental.com.ar\/info\/santa-cruz-llevaron-adelante-trabajos-para-restaurar-el-bosque-nativo-de-mina-uno\/"},"wordCount":417,"commentCount":0,"publisher":{"@id":"https:\/\/patagoniambiental.com.ar\/info\/#organization"},"image":{"@id":"https:\/\/patagoniambiental.com.ar\/info\/santa-cruz-llevaron-adelante-trabajos-para-restaurar-el-bosque-nativo-de-mina-uno\/#primaryimage"},"thumbnailUrl":"https:\/\/patagoniambiental.com.ar\/info\/wp-content\/uploads\/2017\/10\/siembra-rio-turbio.jpg","articleSection":["Municipios","Noticias"],"inLanguage":"es","potentialAction":[{"@type":"CommentAction","name":"Comment","target":["https:\/\/patagoniambiental.com.ar\/info\/santa-cruz-llevaron-adelante-trabajos-para-restaurar-el-bosque-nativo-de-mina-uno\/#respond"]}]},{"@type":"WebPage","@id":"https:\/\/patagoniambiental.com.ar\/info\/santa-cruz-llevaron-adelante-trabajos-para-restaurar-el-bosque-nativo-de-mina-uno\/","url":"https:\/\/patagoniambiental.com.ar\/info\/santa-cruz-llevaron-adelante-trabajos-para-restaurar-el-bosque-nativo-de-mina-uno\/","name":"Santa Cruz: Llevaron adelante trabajos para restaurar el bosque nativo de Mina Uno","isPartOf":{"@id":"https:\/\/patagoniambiental.com.ar\/info\/#website"},"primaryImageOfPage":{"@id":"https:\/\/patagoniambiental.com.ar\/info\/santa-cruz-llevaron-adelante-trabajos-para-restaurar-el-bosque-nativo-de-mina-uno\/#primaryimage"},"image":{"@id":"https:\/\/patagoniambiental.com.ar\/info\/santa-cruz-llevaron-adelante-trabajos-para-restaurar-el-bosque-nativo-de-mina-uno\/#primaryimage"},"thumbnailUrl":"https:\/\/patagoniambiental.com.ar\/info\/wp-content\/uploads\/2017\/10\/siembra-rio-turbio.jpg","datePublished":"2017-10-19T12:00:57+00:00","breadcrumb":{"@id":"https:\/\/patagoniambiental.com.ar\/info\/santa-cruz-llevaron-adelante-trabajos-para-restaurar-el-bosque-nativo-de-mina-uno\/#breadcrumb"},"inLanguage":"es","potentialAction":[{"@type":"ReadAction","target":["https:\/\/patagoniambiental.com.ar\/info\/santa-cruz-llevaron-adelante-trabajos-para-restaurar-el-bosque-nativo-de-mina-uno\/"]}]},{"@type":"ImageObject","inLanguage":"es","@id":"https:\/\/patagoniambiental.com.ar\/info\/santa-cruz-llevaron-adelante-trabajos-para-restaurar-el-bosque-nativo-de-mina-uno\/#primaryimage","url":"https:\/\/patagoniambiental.com.ar\/info\/wp-content\/uploads\/2017\/10\/siembra-rio-turbio.jpg","contentUrl":"https:\/\/patagoniambiental.com.ar\/info\/wp-content\/uploads\/2017\/10\/siembra-rio-turbio.jpg","width":555,"height":312},{"@type":"BreadcrumbList","@id":"https:\/\/patagoniambiental.com.ar\/info\/santa-cruz-llevaron-adelante-trabajos-para-restaurar-el-bosque-nativo-de-mina-uno\/#breadcrumb","itemListElement":[{"@type":"ListItem","position":1,"name":"Inicio","item":"https:\/\/patagoniambiental.com.ar\/info\/"},{"@type":"ListItem","position":2,"name":"Santa Cruz: Llevaron adelante trabajos para restaurar el bosque nativo de Mina Uno"}]},{"@type":"WebSite","@id":"https:\/\/patagoniambiental.com.ar\/info\/#website","url":"https:\/\/patagoniambiental.com.ar\/info\/","name":"Patagonia Ambiental","description":"Monitoreo y an\u00e1lisis de la situaci\u00f3n geopol\u00edtica en el mundo y su implicancia en la Patagonia","publisher":{"@id":"https:\/\/patagoniambiental.com.ar\/info\/#organization"},"potentialAction":[{"@type":"SearchAction","target":{"@type":"EntryPoint","urlTemplate":"https:\/\/patagoniambiental.com.ar\/info\/?s={search_term_string}"},"query-input":{"@type":"PropertyValueSpecification","valueRequired":true,"valueName":"search_term_string"}}],"inLanguage":"es"},{"@type":"Organization","@id":"https:\/\/patagoniambiental.com.ar\/info\/#organization","name":"Patagonia Ambiental","url":"https:\/\/patagoniambiental.com.ar\/info\/","logo":{"@type":"ImageObject","inLanguage":"es","@id":"https:\/\/patagoniambiental.com.ar\/info\/#\/schema\/logo\/image\/","url":"https:\/\/patagoniambiental.com.ar\/info\/wp-content\/uploads\/2025\/05\/LOGO-PATAGONIA-AMBIENTAL.png","contentUrl":"https:\/\/patagoniambiental.com.ar\/info\/wp-content\/uploads\/2025\/05\/LOGO-PATAGONIA-AMBIENTAL.png","width":433,"height":250,"caption":"Patagonia Ambiental"},"image":{"@id":"https:\/\/patagoniambiental.com.ar\/info\/#\/schema\/logo\/image\/"},"sameAs":["https:\/\/www.facebook.com\/patagonia.ambiental","https:\/\/x.com\/PatAmb"]},{"@type":"Person","@id":"https:\/\/patagoniambiental.com.ar\/info\/#\/schema\/person\/db12bff64bbcbf6a253710bf0ea37b5d","name":"Patagonia Ambiental","description":"Andr\u00e9s Nievas T\u00e9cnico en manejo ambiental, consultor Ambiental y escritor para medios locales e internacionales sobre temas de geopolitica y medio ambiente.","sameAs":["http:\/\/www.patagoniambiental.com.ar","https:\/\/www.facebook.com\/share\/1C1V8Gv9BX\/?mibextid=qi2Omg","@patagoniambiental","https:\/\/youtube.com\/@patagoniaambiental2023?si=BLt58t0wuXquxlYZ"]}]}},"_links":{"self":[{"href":"https:\/\/patagoniambiental.com.ar\/info\/wp-json\/wp\/v2\/posts\/36731","targetHints":{"allow":["GET"]}}],"collection":[{"href":"https:\/\/patagoniambiental.com.ar\/info\/wp-json\/wp\/v2\/posts"}],"about":[{"href":"https:\/\/patagoniambiental.com.ar\/info\/wp-json\/wp\/v2\/types\/post"}],"author":[{"embeddable":true,"href":"https:\/\/patagoniambiental.com.ar\/info\/wp-json\/wp\/v2\/users\/2"}],"replies":[{"embeddable":true,"href":"https:\/\/patagoniambiental.com.ar\/info\/wp-json\/wp\/v2\/comments?post=36731"}],"version-history":[{"count":0,"href":"https:\/\/patagoniambiental.com.ar\/info\/wp-json\/wp\/v2\/posts\/36731\/revisions"}],"wp:featuredmedia":[{"embeddable":true,"href":"https:\/\/patagoniambiental.com.ar\/info\/wp-json\/wp\/v2\/media\/36732"}],"wp:attachment":[{"href":"https:\/\/patagoniambiental.com.ar\/info\/wp-json\/wp\/v2\/media?parent=36731"}],"wp:term":[{"taxonomy":"category","embeddable":true,"href":"https:\/\/patagoniambiental.com.ar\/info\/wp-json\/wp\/v2\/categories?post=36731"},{"taxonomy":"post_tag","embeddable":true,"href":"https:\/\/patagoniambiental.com.ar\/info\/wp-json\/wp\/v2\/tags?post=36731"}],"curies":[{"name":"wp","href":"https:\/\/api.w.org\/{rel}","templated":true}]}}