{"id":36750,"date":"2017-10-19T19:00:03","date_gmt":"2017-10-19T22:00:03","guid":{"rendered":"http:\/\/patagoniambiental.com.ar\/info\/?p=36750"},"modified":"2017-10-19T10:20:09","modified_gmt":"2017-10-19T13:20:09","slug":"trabajaran-en-la-zona-este-de-la-provincia-comenzo-el-entrenamiento-para-los-futuros-combatientes-del-splif-general-conesa","status":"publish","type":"post","link":"https:\/\/patagoniambiental.com.ar\/info\/trabajaran-en-la-zona-este-de-la-provincia-comenzo-el-entrenamiento-para-los-futuros-combatientes-del-splif-general-conesa\/","title":{"rendered":"Trabajar\u00e1n en la zona este de la provincia  Comenz\u00f3 el entrenamiento para los futuros combatientes del SPLIF General Conesa"},"content":{"rendered":"<p class=\"x_MsoNormal\"><i>General Conesa.-M\u00e1s de 30 j\u00f3venes, entre 18 y 25 a\u00f1os, comenzaron el martes su entrenamiento te\u00f3rico-pr\u00e1ctico para definir qui\u00e9nes ocupar\u00e1n los 21 espacios previstos, para incorporarse a la nueva sede del SPLIF como combatientes de incendios de campos y montes.<\/i><\/p>\n<p class=\"x_MsoNormal\"><!--more--><\/p>\n<p class=\"x_MsoNormal\">\u201cEl martes empezamos con las pruebas f\u00edsicas, y hoy seguimos con la teor\u00eda hasta el domingo que haremos la pr\u00e1ctica en un campo de la zona\u201d, explic\u00f3 el jefe de la Central SPLIF General Conesa, Jorge Chiriotti.<\/p>\n<p class=\"x_MsoNormal\">Los hombres y mujeres seleccionados se convertir\u00e1n en la primera camada capacitada por la fuerza profesional de combate de incendios, para trabajar en la zona este de la provincia.<\/p>\n<p class=\"x_MsoNormal\">\u201cYa tenemos las notas de Educaci\u00f3n F\u00edsica por desempe\u00f1o. Una vez que termine toda la capacitaci\u00f3n, este puntaje se van a promediar con el obtenido durante el te\u00f3rico-pr\u00e1ctico\u201d, agreg\u00f3 Chiriotti.<\/p>\n<p class=\"x_MsoNormal\">El SPLIF tambi\u00e9n incorporar\u00e1 un profesional, dos administrativos y un personal de apoyo, quienes tambi\u00e9n participan de la capacitaci\u00f3n para profundizar sus conocimientos sobre la tem\u00e1tica. L\u00f3gicamente \u201cla temporada que viene se prev\u00e9 incrementar el personal para continuar reforzando la lucha contra incendios en esta zona de la provincia\u201d.<\/p>\n<p class=\"x_MsoNormal\">El Jefe de Central tambi\u00e9n confirm\u00f3 que se iniciaron los tr\u00e1mites administrativos para la adquisici\u00f3n del equipamiento necesario como autobombas y camionetas, pero mientras esto se resuelve, \u201clas centrales de Bariloche y El Bols\u00f3n colaborar\u00e1n con equipamiento\u201d.<\/p>\n<p class=\"x_MsoNormal\">La temporada alta de ocurrencia de incendios comenzar\u00e1 el pr\u00f3ximo 1 de noviembre por lo que el SPLIF en su totalidad se est\u00e1n preparando para enfrentarla.<\/p>\n<p class=\"x_MsoNormal\">La Central de El Bols\u00f3n ya defini\u00f3 la incorporaci\u00f3n de 11 nuevos combatientes temporarios en distintas funciones y, Bariloche se encuentra en proceso de seleccionar ch\u00f3feres de veh\u00edculos pesados.<\/p>\n<p class=\"x_MsoNormal\">El SPLIF General Conesa funcionar\u00e1 en el edificio de la ex planta Flavors SA, inmueble que fue adquirido por el Gobierno provincial, a trav\u00e9s de una subasta p\u00fablica y tendr\u00e1 como zona de influencia los departamentos de Adolfo Alsina, General Conesa, Pichi Mahuida y parte de Avellaneda.<\/p>\n<p class=\"x_MsoNormal\">El objetivo principal planteado por el gobernador Alberto Weretilneck es instalar una brigada de combatientes profesionales, especialmente formados para operar con las particularidades que se presentan en la regi\u00f3n, en trabajo mancomunado con los Bomberos Voluntarios y Defensa Civil.<\/p>\n<p><b><span lang=\"ES-AR\">Fuente: GOBIERNO DE R\u00cdO NEGRO<\/span><\/b><span lang=\"ES-AR\"><br \/>\nSecretar\u00eda de Medios<\/span><\/p>\n","protected":false},"excerpt":{"rendered":"<p>General Conesa.-M\u00e1s de 30 j\u00f3venes, entre 18 y 25 a\u00f1os, comenzaron el martes su entrenamiento te\u00f3rico-pr\u00e1ctico para definir qui\u00e9nes ocupar\u00e1n [&hellip;]<\/p>\n","protected":false},"author":2,"featured_media":34471,"comment_status":"open","ping_status":"open","sticky":false,"template":"","format":"standard","meta":{"site-sidebar-layout":"default","site-content-layout":"","ast-site-content-layout":"default","site-content-style":"default","site-sidebar-style":"default","ast-global-header-display":"","ast-banner-title-visibility":"","ast-main-header-display":"","ast-hfb-above-header-display":"","ast-hfb-below-header-display":"","ast-hfb-mobile-header-display":"","site-post-title":"","ast-breadcrumbs-content":"","ast-featured-img":"","footer-sml-layout":"","ast-disable-related-posts":"","theme-transparent-header-meta":"","adv-header-id-meta":"","stick-header-meta":"","header-above-stick-meta":"","header-main-stick-meta":"","header-below-stick-meta":"","astra-migrate-meta-layouts":"default","ast-page-background-enabled":"default","ast-page-background-meta":{"desktop":{"background-color":"var(--ast-global-color-5)","background-image":"","background-repeat":"repeat","background-position":"center center","background-size":"auto","background-attachment":"scroll","background-type":"","background-media":"","overlay-type":"","overlay-color":"","overlay-opacity":"","overlay-gradient":""},"tablet":{"background-color":"","background-image":"","background-repeat":"repeat","background-position":"center center","background-size":"auto","background-attachment":"scroll","background-type":"","background-media":"","overlay-type":"","overlay-color":"","overlay-opacity":"","overlay-gradient":""},"mobile":{"background-color":"","background-image":"","background-repeat":"repeat","background-position":"center center","background-size":"auto","background-attachment":"scroll","background-type":"","background-media":"","overlay-type":"","overlay-color":"","overlay-opacity":"","overlay-gradient":""}},"ast-content-background-meta":{"desktop":{"background-color":"var(--ast-global-color-4)","background-image":"","background-repeat":"repeat","background-position":"center center","background-size":"auto","background-attachment":"scroll","background-type":"","background-media":"","overlay-type":"","overlay-color":"","overlay-opacity":"","overlay-gradient":""},"tablet":{"background-color":"var(--ast-global-color-4)","background-image":"","background-repeat":"repeat","background-position":"center center","background-size":"auto","background-attachment":"scroll","background-type":"","background-media":"","overlay-type":"","overlay-color":"","overlay-opacity":"","overlay-gradient":""},"mobile":{"background-color":"var(--ast-global-color-4)","background-image":"","background-repeat":"repeat","background-position":"center center","background-size":"auto","background-attachment":"scroll","background-type":"","background-media":"","overlay-type":"","overlay-color":"","overlay-opacity":"","overlay-gradient":""}},"footnotes":""},"categories":[1,13,14],"tags":[],"class_list":["post-36750","post","type-post","status-publish","format-standard","has-post-thumbnail","hentry","category-noticias","category-provinciales","category-rio-negro"],"yoast_head":"<!-- This site is optimized with the Yoast SEO Premium plugin v23.0 (Yoast SEO v27.5) - https:\/\/yoast.com\/product\/yoast-seo-premium-wordpress\/ -->\n<title>Trabajar\u00e1n en la zona este de la provincia Comenz\u00f3 el entrenamiento para los futuros combatientes del SPLIF General Conesa<\/title>\n<meta name=\"robots\" content=\"index, follow, max-snippet:-1, max-image-preview:large, max-video-preview:-1\" \/>\n<link rel=\"canonical\" href=\"https:\/\/patagoniambiental.com.ar\/info\/trabajaran-en-la-zona-este-de-la-provincia-comenzo-el-entrenamiento-para-los-futuros-combatientes-del-splif-general-conesa\/\" \/>\n<meta property=\"og:locale\" content=\"es_ES\" \/>\n<meta property=\"og:type\" content=\"article\" \/>\n<meta property=\"og:title\" content=\"Trabajar\u00e1n en la zona este de la provincia Comenz\u00f3 el entrenamiento para los futuros combatientes del SPLIF General Conesa\" \/>\n<meta property=\"og:description\" content=\"General Conesa.-M\u00e1s de 30 j\u00f3venes, entre 18 y 25 a\u00f1os, comenzaron el martes su entrenamiento te\u00f3rico-pr\u00e1ctico para definir qui\u00e9nes ocupar\u00e1n [&hellip;]\" \/>\n<meta property=\"og:url\" content=\"https:\/\/patagoniambiental.com.ar\/info\/trabajaran-en-la-zona-este-de-la-provincia-comenzo-el-entrenamiento-para-los-futuros-combatientes-del-splif-general-conesa\/\" \/>\n<meta property=\"og:site_name\" content=\"Patagonia Ambiental\" \/>\n<meta property=\"article:publisher\" content=\"https:\/\/www.facebook.com\/patagonia.ambiental\" \/>\n<meta property=\"article:author\" content=\"https:\/\/www.facebook.com\/share\/1C1V8Gv9BX\/?mibextid=qi2Omg\" \/>\n<meta property=\"article:published_time\" content=\"2017-10-19T22:00:03+00:00\" \/>\n<meta property=\"og:image\" content=\"https:\/\/patagoniambiental.com.ar\/info\/wp-content\/uploads\/2017\/09\/splif-bariloche.jpg\" \/>\n\t<meta property=\"og:image:width\" content=\"924\" \/>\n\t<meta property=\"og:image:height\" content=\"456\" \/>\n\t<meta property=\"og:image:type\" content=\"image\/jpeg\" \/>\n<meta name=\"author\" content=\"Patagonia Ambiental\" \/>\n<meta name=\"twitter:card\" content=\"summary_large_image\" \/>\n<meta name=\"twitter:creator\" content=\"@PatAmb\" \/>\n<meta name=\"twitter:site\" content=\"@PatAmb\" \/>\n<script type=\"application\/ld+json\" class=\"yoast-schema-graph\">{\"@context\":\"https:\\\/\\\/schema.org\",\"@graph\":[{\"@type\":\"Article\",\"@id\":\"https:\\\/\\\/patagoniambiental.com.ar\\\/info\\\/trabajaran-en-la-zona-este-de-la-provincia-comenzo-el-entrenamiento-para-los-futuros-combatientes-del-splif-general-conesa\\\/#article\",\"isPartOf\":{\"@id\":\"https:\\\/\\\/patagoniambiental.com.ar\\\/info\\\/trabajaran-en-la-zona-este-de-la-provincia-comenzo-el-entrenamiento-para-los-futuros-combatientes-del-splif-general-conesa\\\/\"},\"author\":{\"name\":\"Patagonia Ambiental\",\"@id\":\"https:\\\/\\\/patagoniambiental.com.ar\\\/info\\\/#\\\/schema\\\/person\\\/db12bff64bbcbf6a253710bf0ea37b5d\"},\"headline\":\"Trabajar\u00e1n en la zona este de la provincia Comenz\u00f3 el entrenamiento para los futuros combatientes del SPLIF General Conesa\",\"datePublished\":\"2017-10-19T22:00:03+00:00\",\"mainEntityOfPage\":{\"@id\":\"https:\\\/\\\/patagoniambiental.com.ar\\\/info\\\/trabajaran-en-la-zona-este-de-la-provincia-comenzo-el-entrenamiento-para-los-futuros-combatientes-del-splif-general-conesa\\\/\"},\"wordCount\":424,\"commentCount\":0,\"publisher\":{\"@id\":\"https:\\\/\\\/patagoniambiental.com.ar\\\/info\\\/#organization\"},\"image\":{\"@id\":\"https:\\\/\\\/patagoniambiental.com.ar\\\/info\\\/trabajaran-en-la-zona-este-de-la-provincia-comenzo-el-entrenamiento-para-los-futuros-combatientes-del-splif-general-conesa\\\/#primaryimage\"},\"thumbnailUrl\":\"https:\\\/\\\/patagoniambiental.com.ar\\\/info\\\/wp-content\\\/uploads\\\/2017\\\/09\\\/splif-bariloche.jpg\",\"articleSection\":[\"Noticias\",\"Provinciales\",\"R\u00edo Negro\"],\"inLanguage\":\"es\",\"potentialAction\":[{\"@type\":\"CommentAction\",\"name\":\"Comment\",\"target\":[\"https:\\\/\\\/patagoniambiental.com.ar\\\/info\\\/trabajaran-en-la-zona-este-de-la-provincia-comenzo-el-entrenamiento-para-los-futuros-combatientes-del-splif-general-conesa\\\/#respond\"]}]},{\"@type\":\"WebPage\",\"@id\":\"https:\\\/\\\/patagoniambiental.com.ar\\\/info\\\/trabajaran-en-la-zona-este-de-la-provincia-comenzo-el-entrenamiento-para-los-futuros-combatientes-del-splif-general-conesa\\\/\",\"url\":\"https:\\\/\\\/patagoniambiental.com.ar\\\/info\\\/trabajaran-en-la-zona-este-de-la-provincia-comenzo-el-entrenamiento-para-los-futuros-combatientes-del-splif-general-conesa\\\/\",\"name\":\"Trabajar\u00e1n en la zona este de la provincia Comenz\u00f3 el entrenamiento para los futuros combatientes del SPLIF General Conesa\",\"isPartOf\":{\"@id\":\"https:\\\/\\\/patagoniambiental.com.ar\\\/info\\\/#website\"},\"primaryImageOfPage\":{\"@id\":\"https:\\\/\\\/patagoniambiental.com.ar\\\/info\\\/trabajaran-en-la-zona-este-de-la-provincia-comenzo-el-entrenamiento-para-los-futuros-combatientes-del-splif-general-conesa\\\/#primaryimage\"},\"image\":{\"@id\":\"https:\\\/\\\/patagoniambiental.com.ar\\\/info\\\/trabajaran-en-la-zona-este-de-la-provincia-comenzo-el-entrenamiento-para-los-futuros-combatientes-del-splif-general-conesa\\\/#primaryimage\"},\"thumbnailUrl\":\"https:\\\/\\\/patagoniambiental.com.ar\\\/info\\\/wp-content\\\/uploads\\\/2017\\\/09\\\/splif-bariloche.jpg\",\"datePublished\":\"2017-10-19T22:00:03+00:00\",\"breadcrumb\":{\"@id\":\"https:\\\/\\\/patagoniambiental.com.ar\\\/info\\\/trabajaran-en-la-zona-este-de-la-provincia-comenzo-el-entrenamiento-para-los-futuros-combatientes-del-splif-general-conesa\\\/#breadcrumb\"},\"inLanguage\":\"es\",\"potentialAction\":[{\"@type\":\"ReadAction\",\"target\":[\"https:\\\/\\\/patagoniambiental.com.ar\\\/info\\\/trabajaran-en-la-zona-este-de-la-provincia-comenzo-el-entrenamiento-para-los-futuros-combatientes-del-splif-general-conesa\\\/\"]}]},{\"@type\":\"ImageObject\",\"inLanguage\":\"es\",\"@id\":\"https:\\\/\\\/patagoniambiental.com.ar\\\/info\\\/trabajaran-en-la-zona-este-de-la-provincia-comenzo-el-entrenamiento-para-los-futuros-combatientes-del-splif-general-conesa\\\/#primaryimage\",\"url\":\"https:\\\/\\\/patagoniambiental.com.ar\\\/info\\\/wp-content\\\/uploads\\\/2017\\\/09\\\/splif-bariloche.jpg\",\"contentUrl\":\"https:\\\/\\\/patagoniambiental.com.ar\\\/info\\\/wp-content\\\/uploads\\\/2017\\\/09\\\/splif-bariloche.jpg\",\"width\":924,\"height\":456},{\"@type\":\"BreadcrumbList\",\"@id\":\"https:\\\/\\\/patagoniambiental.com.ar\\\/info\\\/trabajaran-en-la-zona-este-de-la-provincia-comenzo-el-entrenamiento-para-los-futuros-combatientes-del-splif-general-conesa\\\/#breadcrumb\",\"itemListElement\":[{\"@type\":\"ListItem\",\"position\":1,\"name\":\"Inicio\",\"item\":\"https:\\\/\\\/patagoniambiental.com.ar\\\/info\\\/\"},{\"@type\":\"ListItem\",\"position\":2,\"name\":\"Trabajar\u00e1n en la zona este de la provincia Comenz\u00f3 el entrenamiento para los futuros combatientes del SPLIF General Conesa\"}]},{\"@type\":\"WebSite\",\"@id\":\"https:\\\/\\\/patagoniambiental.com.ar\\\/info\\\/#website\",\"url\":\"https:\\\/\\\/patagoniambiental.com.ar\\\/info\\\/\",\"name\":\"Patagonia Ambiental\",\"description\":\"Monitoreo y an\u00e1lisis de la situaci\u00f3n geopol\u00edtica en el mundo y su implicancia en la Patagonia\",\"publisher\":{\"@id\":\"https:\\\/\\\/patagoniambiental.com.ar\\\/info\\\/#organization\"},\"potentialAction\":[{\"@type\":\"SearchAction\",\"target\":{\"@type\":\"EntryPoint\",\"urlTemplate\":\"https:\\\/\\\/patagoniambiental.com.ar\\\/info\\\/?s={search_term_string}\"},\"query-input\":{\"@type\":\"PropertyValueSpecification\",\"valueRequired\":true,\"valueName\":\"search_term_string\"}}],\"inLanguage\":\"es\"},{\"@type\":\"Organization\",\"@id\":\"https:\\\/\\\/patagoniambiental.com.ar\\\/info\\\/#organization\",\"name\":\"Patagonia Ambiental\",\"url\":\"https:\\\/\\\/patagoniambiental.com.ar\\\/info\\\/\",\"logo\":{\"@type\":\"ImageObject\",\"inLanguage\":\"es\",\"@id\":\"https:\\\/\\\/patagoniambiental.com.ar\\\/info\\\/#\\\/schema\\\/logo\\\/image\\\/\",\"url\":\"https:\\\/\\\/patagoniambiental.com.ar\\\/info\\\/wp-content\\\/uploads\\\/2025\\\/05\\\/LOGO-PATAGONIA-AMBIENTAL.png\",\"contentUrl\":\"https:\\\/\\\/patagoniambiental.com.ar\\\/info\\\/wp-content\\\/uploads\\\/2025\\\/05\\\/LOGO-PATAGONIA-AMBIENTAL.png\",\"width\":433,\"height\":250,\"caption\":\"Patagonia Ambiental\"},\"image\":{\"@id\":\"https:\\\/\\\/patagoniambiental.com.ar\\\/info\\\/#\\\/schema\\\/logo\\\/image\\\/\"},\"sameAs\":[\"https:\\\/\\\/www.facebook.com\\\/patagonia.ambiental\",\"https:\\\/\\\/x.com\\\/PatAmb\"]},{\"@type\":\"Person\",\"@id\":\"https:\\\/\\\/patagoniambiental.com.ar\\\/info\\\/#\\\/schema\\\/person\\\/db12bff64bbcbf6a253710bf0ea37b5d\",\"name\":\"Patagonia Ambiental\",\"description\":\"Andr\u00e9s Nievas T\u00e9cnico en manejo ambiental, consultor Ambiental y escritor para medios locales e internacionales sobre temas de geopolitica y medio ambiente.\",\"sameAs\":[\"http:\\\/\\\/www.patagoniambiental.com.ar\",\"https:\\\/\\\/www.facebook.com\\\/share\\\/1C1V8Gv9BX\\\/?mibextid=qi2Omg\",\"@patagoniambiental\",\"https:\\\/\\\/youtube.com\\\/@patagoniaambiental2023?si=BLt58t0wuXquxlYZ\"]}]}<\/script>\n<!-- \/ Yoast SEO Premium plugin. -->","yoast_head_json":{"title":"Trabajar\u00e1n en la zona este de la provincia Comenz\u00f3 el entrenamiento para los futuros combatientes del SPLIF General Conesa","robots":{"index":"index","follow":"follow","max-snippet":"max-snippet:-1","max-image-preview":"max-image-preview:large","max-video-preview":"max-video-preview:-1"},"canonical":"https:\/\/patagoniambiental.com.ar\/info\/trabajaran-en-la-zona-este-de-la-provincia-comenzo-el-entrenamiento-para-los-futuros-combatientes-del-splif-general-conesa\/","og_locale":"es_ES","og_type":"article","og_title":"Trabajar\u00e1n en la zona este de la provincia Comenz\u00f3 el entrenamiento para los futuros combatientes del SPLIF General Conesa","og_description":"General Conesa.-M\u00e1s de 30 j\u00f3venes, entre 18 y 25 a\u00f1os, comenzaron el martes su entrenamiento te\u00f3rico-pr\u00e1ctico para definir qui\u00e9nes ocupar\u00e1n [&hellip;]","og_url":"https:\/\/patagoniambiental.com.ar\/info\/trabajaran-en-la-zona-este-de-la-provincia-comenzo-el-entrenamiento-para-los-futuros-combatientes-del-splif-general-conesa\/","og_site_name":"Patagonia Ambiental","article_publisher":"https:\/\/www.facebook.com\/patagonia.ambiental","article_author":"https:\/\/www.facebook.com\/share\/1C1V8Gv9BX\/?mibextid=qi2Omg","article_published_time":"2017-10-19T22:00:03+00:00","og_image":[{"width":924,"height":456,"url":"https:\/\/patagoniambiental.com.ar\/info\/wp-content\/uploads\/2017\/09\/splif-bariloche.jpg","type":"image\/jpeg"}],"author":"Patagonia Ambiental","twitter_card":"summary_large_image","twitter_creator":"@PatAmb","twitter_site":"@PatAmb","schema":{"@context":"https:\/\/schema.org","@graph":[{"@type":"Article","@id":"https:\/\/patagoniambiental.com.ar\/info\/trabajaran-en-la-zona-este-de-la-provincia-comenzo-el-entrenamiento-para-los-futuros-combatientes-del-splif-general-conesa\/#article","isPartOf":{"@id":"https:\/\/patagoniambiental.com.ar\/info\/trabajaran-en-la-zona-este-de-la-provincia-comenzo-el-entrenamiento-para-los-futuros-combatientes-del-splif-general-conesa\/"},"author":{"name":"Patagonia Ambiental","@id":"https:\/\/patagoniambiental.com.ar\/info\/#\/schema\/person\/db12bff64bbcbf6a253710bf0ea37b5d"},"headline":"Trabajar\u00e1n en la zona este de la provincia Comenz\u00f3 el entrenamiento para los futuros combatientes del SPLIF General Conesa","datePublished":"2017-10-19T22:00:03+00:00","mainEntityOfPage":{"@id":"https:\/\/patagoniambiental.com.ar\/info\/trabajaran-en-la-zona-este-de-la-provincia-comenzo-el-entrenamiento-para-los-futuros-combatientes-del-splif-general-conesa\/"},"wordCount":424,"commentCount":0,"publisher":{"@id":"https:\/\/patagoniambiental.com.ar\/info\/#organization"},"image":{"@id":"https:\/\/patagoniambiental.com.ar\/info\/trabajaran-en-la-zona-este-de-la-provincia-comenzo-el-entrenamiento-para-los-futuros-combatientes-del-splif-general-conesa\/#primaryimage"},"thumbnailUrl":"https:\/\/patagoniambiental.com.ar\/info\/wp-content\/uploads\/2017\/09\/splif-bariloche.jpg","articleSection":["Noticias","Provinciales","R\u00edo Negro"],"inLanguage":"es","potentialAction":[{"@type":"CommentAction","name":"Comment","target":["https:\/\/patagoniambiental.com.ar\/info\/trabajaran-en-la-zona-este-de-la-provincia-comenzo-el-entrenamiento-para-los-futuros-combatientes-del-splif-general-conesa\/#respond"]}]},{"@type":"WebPage","@id":"https:\/\/patagoniambiental.com.ar\/info\/trabajaran-en-la-zona-este-de-la-provincia-comenzo-el-entrenamiento-para-los-futuros-combatientes-del-splif-general-conesa\/","url":"https:\/\/patagoniambiental.com.ar\/info\/trabajaran-en-la-zona-este-de-la-provincia-comenzo-el-entrenamiento-para-los-futuros-combatientes-del-splif-general-conesa\/","name":"Trabajar\u00e1n en la zona este de la provincia Comenz\u00f3 el entrenamiento para los futuros combatientes del SPLIF General Conesa","isPartOf":{"@id":"https:\/\/patagoniambiental.com.ar\/info\/#website"},"primaryImageOfPage":{"@id":"https:\/\/patagoniambiental.com.ar\/info\/trabajaran-en-la-zona-este-de-la-provincia-comenzo-el-entrenamiento-para-los-futuros-combatientes-del-splif-general-conesa\/#primaryimage"},"image":{"@id":"https:\/\/patagoniambiental.com.ar\/info\/trabajaran-en-la-zona-este-de-la-provincia-comenzo-el-entrenamiento-para-los-futuros-combatientes-del-splif-general-conesa\/#primaryimage"},"thumbnailUrl":"https:\/\/patagoniambiental.com.ar\/info\/wp-content\/uploads\/2017\/09\/splif-bariloche.jpg","datePublished":"2017-10-19T22:00:03+00:00","breadcrumb":{"@id":"https:\/\/patagoniambiental.com.ar\/info\/trabajaran-en-la-zona-este-de-la-provincia-comenzo-el-entrenamiento-para-los-futuros-combatientes-del-splif-general-conesa\/#breadcrumb"},"inLanguage":"es","potentialAction":[{"@type":"ReadAction","target":["https:\/\/patagoniambiental.com.ar\/info\/trabajaran-en-la-zona-este-de-la-provincia-comenzo-el-entrenamiento-para-los-futuros-combatientes-del-splif-general-conesa\/"]}]},{"@type":"ImageObject","inLanguage":"es","@id":"https:\/\/patagoniambiental.com.ar\/info\/trabajaran-en-la-zona-este-de-la-provincia-comenzo-el-entrenamiento-para-los-futuros-combatientes-del-splif-general-conesa\/#primaryimage","url":"https:\/\/patagoniambiental.com.ar\/info\/wp-content\/uploads\/2017\/09\/splif-bariloche.jpg","contentUrl":"https:\/\/patagoniambiental.com.ar\/info\/wp-content\/uploads\/2017\/09\/splif-bariloche.jpg","width":924,"height":456},{"@type":"BreadcrumbList","@id":"https:\/\/patagoniambiental.com.ar\/info\/trabajaran-en-la-zona-este-de-la-provincia-comenzo-el-entrenamiento-para-los-futuros-combatientes-del-splif-general-conesa\/#breadcrumb","itemListElement":[{"@type":"ListItem","position":1,"name":"Inicio","item":"https:\/\/patagoniambiental.com.ar\/info\/"},{"@type":"ListItem","position":2,"name":"Trabajar\u00e1n en la zona este de la provincia Comenz\u00f3 el entrenamiento para los futuros combatientes del SPLIF General Conesa"}]},{"@type":"WebSite","@id":"https:\/\/patagoniambiental.com.ar\/info\/#website","url":"https:\/\/patagoniambiental.com.ar\/info\/","name":"Patagonia Ambiental","description":"Monitoreo y an\u00e1lisis de la situaci\u00f3n geopol\u00edtica en el mundo y su implicancia en la Patagonia","publisher":{"@id":"https:\/\/patagoniambiental.com.ar\/info\/#organization"},"potentialAction":[{"@type":"SearchAction","target":{"@type":"EntryPoint","urlTemplate":"https:\/\/patagoniambiental.com.ar\/info\/?s={search_term_string}"},"query-input":{"@type":"PropertyValueSpecification","valueRequired":true,"valueName":"search_term_string"}}],"inLanguage":"es"},{"@type":"Organization","@id":"https:\/\/patagoniambiental.com.ar\/info\/#organization","name":"Patagonia Ambiental","url":"https:\/\/patagoniambiental.com.ar\/info\/","logo":{"@type":"ImageObject","inLanguage":"es","@id":"https:\/\/patagoniambiental.com.ar\/info\/#\/schema\/logo\/image\/","url":"https:\/\/patagoniambiental.com.ar\/info\/wp-content\/uploads\/2025\/05\/LOGO-PATAGONIA-AMBIENTAL.png","contentUrl":"https:\/\/patagoniambiental.com.ar\/info\/wp-content\/uploads\/2025\/05\/LOGO-PATAGONIA-AMBIENTAL.png","width":433,"height":250,"caption":"Patagonia Ambiental"},"image":{"@id":"https:\/\/patagoniambiental.com.ar\/info\/#\/schema\/logo\/image\/"},"sameAs":["https:\/\/www.facebook.com\/patagonia.ambiental","https:\/\/x.com\/PatAmb"]},{"@type":"Person","@id":"https:\/\/patagoniambiental.com.ar\/info\/#\/schema\/person\/db12bff64bbcbf6a253710bf0ea37b5d","name":"Patagonia Ambiental","description":"Andr\u00e9s Nievas T\u00e9cnico en manejo ambiental, consultor Ambiental y escritor para medios locales e internacionales sobre temas de geopolitica y medio ambiente.","sameAs":["http:\/\/www.patagoniambiental.com.ar","https:\/\/www.facebook.com\/share\/1C1V8Gv9BX\/?mibextid=qi2Omg","@patagoniambiental","https:\/\/youtube.com\/@patagoniaambiental2023?si=BLt58t0wuXquxlYZ"]}]}},"_links":{"self":[{"href":"https:\/\/patagoniambiental.com.ar\/info\/wp-json\/wp\/v2\/posts\/36750","targetHints":{"allow":["GET"]}}],"collection":[{"href":"https:\/\/patagoniambiental.com.ar\/info\/wp-json\/wp\/v2\/posts"}],"about":[{"href":"https:\/\/patagoniambiental.com.ar\/info\/wp-json\/wp\/v2\/types\/post"}],"author":[{"embeddable":true,"href":"https:\/\/patagoniambiental.com.ar\/info\/wp-json\/wp\/v2\/users\/2"}],"replies":[{"embeddable":true,"href":"https:\/\/patagoniambiental.com.ar\/info\/wp-json\/wp\/v2\/comments?post=36750"}],"version-history":[{"count":0,"href":"https:\/\/patagoniambiental.com.ar\/info\/wp-json\/wp\/v2\/posts\/36750\/revisions"}],"wp:featuredmedia":[{"embeddable":true,"href":"https:\/\/patagoniambiental.com.ar\/info\/wp-json\/wp\/v2\/media\/34471"}],"wp:attachment":[{"href":"https:\/\/patagoniambiental.com.ar\/info\/wp-json\/wp\/v2\/media?parent=36750"}],"wp:term":[{"taxonomy":"category","embeddable":true,"href":"https:\/\/patagoniambiental.com.ar\/info\/wp-json\/wp\/v2\/categories?post=36750"},{"taxonomy":"post_tag","embeddable":true,"href":"https:\/\/patagoniambiental.com.ar\/info\/wp-json\/wp\/v2\/tags?post=36750"}],"curies":[{"name":"wp","href":"https:\/\/api.w.org\/{rel}","templated":true}]}}