{"id":36760,"date":"2017-10-19T09:00:33","date_gmt":"2017-10-19T12:00:33","guid":{"rendered":"http:\/\/patagoniambiental.com.ar\/info\/?p=36760"},"modified":"2017-10-19T11:34:06","modified_gmt":"2017-10-19T14:34:06","slug":"eco-gobierno-global-un-proyecto-que-busca-proteger-el-ambiente-y-preservar-el-planeta-a-futuro","status":"publish","type":"post","link":"https:\/\/patagoniambiental.com.ar\/info\/eco-gobierno-global-un-proyecto-que-busca-proteger-el-ambiente-y-preservar-el-planeta-a-futuro\/","title":{"rendered":"\u201cEco Gobierno Global\u201d, un proyecto que busca proteger el ambiente y preservar el planeta a futuro"},"content":{"rendered":"<div id=\"tituloPrincipal\"><\/div>\n<div id=\"bajada\">Comodoro Rivadavia.-A la redacci\u00f3n de Cr\u00f3nica lleg\u00f3 Javier Bustelos, quien ya hab\u00eda conversado en forma previa con este medio y contado sobre su propuesta de concientizaci\u00f3n ambiental.<\/div>\n<p><!--more--><\/p>\n<div><\/div>\n<div>El escritor rionegrino plante\u00f3 los lineamientos b\u00e1sicos de su proyecto e hizo fuerte hincapi\u00e9 en cuidar un planeta \u201cque es de todos\u201d, de los humanos y tambi\u00e9n de algo tan simple como un gorri\u00f3n. Ahora espera llegar hasta Alaska para recolectar firmas de adhesi\u00f3n a su idea y luego a la cumbre de Naciones Unidas en Nueva York.<\/div>\n<div id=\"extSocial\">\n<div class=\"social clearfix\">\n<div class=\"twitter social-horizontal\"><\/div>\n<div class=\"plusone social-horizontal\">\n<div id=\"plusone-div\"><a title=\"\" href=\"http:\/\/diariocronica.com.ar\/upload\/resources\/imagedb\/2692e4d4dac632191fa408cfdeecac3e\/638480933b1dba7e45d94cd399e163c3.jpg\" rel=\"prettyPhoto[mixed]\"><img decoding=\"async\" class=\"lazy\" src=\"http:\/\/diariocronica.com.ar\/cache\/630638480933b1dba7e45d94cd399e163c3.jpg\" \/><\/a><\/div>\n<\/div>\n<div class=\"facebook social-horizontal\">\n<div id=\"fb-root\"><\/div>\n<\/div>\n<\/div>\n<\/div>\n<div id=\"cuerpo\">\n<p>Hace a\u00f1os se dio el lujo de ir desde Madrid hasta Par\u00eds para presentar su proyecto y logr\u00f3 un gran \u00e9xito con la iniciativa. Ahora busca llegar desde Tierra del Fuego hasta Alaska y luego a Nueva York, en donde tiene intenciones de dialogar con la c\u00fapula directiva de la Organizaci\u00f3n de las Naciones Unidas. \u201cLo que pretendo es crear la primera autoridad global responsable de generar conciencia ambiental, que est\u00e9 financiada por humanistas, sin pol\u00edticos de por medio. Dentro de poco ya no va a haber nada, hoy el planeta est\u00e1 dividido, cada uno cuida su quinta y nada m\u00e1s, tenemos que entender que el planeta es de todos. Todo lo que pasa en un lugar repercute en otro, pensemos que somos la \u00fanica especie que destruye su propio h\u00e1bitat\u201d, sostuvo Bustelos al principio de la entrevista.<\/p>\n<p>Haciendo foco en las graves problem\u00e1ticas que est\u00e1 padeciendo el Planeta Tierra al d\u00eda de hoy, el ambientalista mencion\u00f3 que, en la actualidad nacen 280.000 personas por d\u00eda en el mundo, algo que a futuro traer\u00e1 graves problemas econ\u00f3micos para las distintas naciones. \u201cEn veinte a\u00f1os vamos a tener cincuenta nuevas Argentinas, van a haber 2.000 millones m\u00e1s de personas. Nadie piensa c\u00f3mo se le va a dar de comer a esa gente, d\u00f3nde van a poner escuelas o casas para ellos\u201d.<\/p>\n<p>El proyecto de Javier contempla la creaci\u00f3n de un gobierno que sea global y est\u00e9 encabezado por humanistas de todo el planeta. En total se tratar\u00eda de doce personas, dos por cada continente y uno por cada polo. La idea ser\u00eda hacer un diagn\u00f3stico certero sobre el estado del planeta y dedicar un capital de dinero a la preservaci\u00f3n de la Tierra. \u201cHay que mantener un planeta puro y lindo, dejarlo mejor o igual que cuando lo recibimos. El planeta est\u00e1 deterior\u00e1ndose a pasos agigantados\u201d, recalc\u00f3 el escritor rionegrino.<\/p>\n<p>\u201cPoniendo los recursos que equivalen al uno por ciento del PBI de cada ciudadano del mundo se re\u00fanen 2200 millones de d\u00f3lares por d\u00eda, con eso pod\u00e9s encarar cualquier pol\u00edtica de reforestaci\u00f3n, de control de r\u00edos, de lo que sea necesario. Yo propongo que los ciudadanos de todo el mundo pongan 30 centavos por d\u00eda para cuidar el planeta\u201d.<\/p>\n<p>Con su idea ya concretada, Javier Bustelo tiene la idea de llegar a la cumbre de Naciones Unidas en Nueva York. All\u00ed quiere presentar su proyecto y que el mismo sea evaluado por los altos mandos de la organizaci\u00f3n. \u201cMe bajar\u00e9 y me sentar\u00e9 con una mesita en las plazas para recolectar firmas. Mi objetivo es llegar a Nueva York y bajarme con los cuadernos llenos de firmas, despu\u00e9s que ellos hagan lo que les parezca\u201d, cerr\u00f3 el protagonista de \u201cEco Gobierno Global\u201d.<\/p>\n<p>Fuente:\u00a0http:\/\/diariocronica.com.ar\/179246-eco-gobierno-global-un-proyecto-que-busca-proteger-el-ambiente-y-preservar-el-planeta-a-futuro.html<\/p>\n<\/div>\n","protected":false},"excerpt":{"rendered":"<p>Comodoro Rivadavia.-A la redacci\u00f3n de Cr\u00f3nica lleg\u00f3 Javier Bustelos, quien ya hab\u00eda conversado en forma previa con este medio y [&hellip;]<\/p>\n","protected":false},"author":2,"featured_media":36761,"comment_status":"open","ping_status":"open","sticky":false,"template":"","format":"standard","meta":{"site-sidebar-layout":"default","site-content-layout":"","ast-site-content-layout":"default","site-content-style":"default","site-sidebar-style":"default","ast-global-header-display":"","ast-banner-title-visibility":"","ast-main-header-display":"","ast-hfb-above-header-display":"","ast-hfb-below-header-display":"","ast-hfb-mobile-header-display":"","site-post-title":"","ast-breadcrumbs-content":"","ast-featured-img":"","footer-sml-layout":"","ast-disable-related-posts":"","theme-transparent-header-meta":"","adv-header-id-meta":"","stick-header-meta":"","header-above-stick-meta":"","header-main-stick-meta":"","header-below-stick-meta":"","astra-migrate-meta-layouts":"default","ast-page-background-enabled":"default","ast-page-background-meta":{"desktop":{"background-color":"var(--ast-global-color-5)","background-image":"","background-repeat":"repeat","background-position":"center center","background-size":"auto","background-attachment":"scroll","background-type":"","background-media":"","overlay-type":"","overlay-color":"","overlay-opacity":"","overlay-gradient":""},"tablet":{"background-color":"","background-image":"","background-repeat":"repeat","background-position":"center center","background-size":"auto","background-attachment":"scroll","background-type":"","background-media":"","overlay-type":"","overlay-color":"","overlay-opacity":"","overlay-gradient":""},"mobile":{"background-color":"","background-image":"","background-repeat":"repeat","background-position":"center center","background-size":"auto","background-attachment":"scroll","background-type":"","background-media":"","overlay-type":"","overlay-color":"","overlay-opacity":"","overlay-gradient":""}},"ast-content-background-meta":{"desktop":{"background-color":"var(--ast-global-color-4)","background-image":"","background-repeat":"repeat","background-position":"center center","background-size":"auto","background-attachment":"scroll","background-type":"","background-media":"","overlay-type":"","overlay-color":"","overlay-opacity":"","overlay-gradient":""},"tablet":{"background-color":"var(--ast-global-color-4)","background-image":"","background-repeat":"repeat","background-position":"center center","background-size":"auto","background-attachment":"scroll","background-type":"","background-media":"","overlay-type":"","overlay-color":"","overlay-opacity":"","overlay-gradient":""},"mobile":{"background-color":"var(--ast-global-color-4)","background-image":"","background-repeat":"repeat","background-position":"center center","background-size":"auto","background-attachment":"scroll","background-type":"","background-media":"","overlay-type":"","overlay-color":"","overlay-opacity":"","overlay-gradient":""}},"footnotes":""},"categories":[23,1],"tags":[],"class_list":["post-36760","post","type-post","status-publish","format-standard","has-post-thumbnail","hentry","category-internacionales","category-noticias"],"yoast_head":"<!-- This site is optimized with the Yoast SEO Premium plugin v23.0 (Yoast SEO v27.4) - https:\/\/yoast.com\/product\/yoast-seo-premium-wordpress\/ -->\n<title>\u201cEco Gobierno Global\u201d, un proyecto que busca proteger el ambiente y preservar el planeta a futuro<\/title>\n<meta name=\"robots\" content=\"index, follow, max-snippet:-1, max-image-preview:large, max-video-preview:-1\" \/>\n<link rel=\"canonical\" href=\"https:\/\/patagoniambiental.com.ar\/info\/eco-gobierno-global-un-proyecto-que-busca-proteger-el-ambiente-y-preservar-el-planeta-a-futuro\/\" \/>\n<meta property=\"og:locale\" content=\"es_ES\" \/>\n<meta property=\"og:type\" content=\"article\" \/>\n<meta property=\"og:title\" content=\"\u201cEco Gobierno Global\u201d, un proyecto que busca proteger el ambiente y preservar el planeta a futuro\" \/>\n<meta property=\"og:description\" content=\"Comodoro Rivadavia.-A la redacci\u00f3n de Cr\u00f3nica lleg\u00f3 Javier Bustelos, quien ya hab\u00eda conversado en forma previa con este medio y [&hellip;]\" \/>\n<meta property=\"og:url\" content=\"https:\/\/patagoniambiental.com.ar\/info\/eco-gobierno-global-un-proyecto-que-busca-proteger-el-ambiente-y-preservar-el-planeta-a-futuro\/\" \/>\n<meta property=\"og:site_name\" content=\"Patagonia Ambiental\" \/>\n<meta property=\"article:publisher\" content=\"https:\/\/www.facebook.com\/patagonia.ambiental\" \/>\n<meta property=\"article:author\" content=\"https:\/\/www.facebook.com\/share\/1C1V8Gv9BX\/?mibextid=qi2Omg\" \/>\n<meta property=\"article:published_time\" content=\"2017-10-19T12:00:33+00:00\" \/>\n<meta property=\"article:modified_time\" content=\"2017-10-19T14:34:06+00:00\" \/>\n<meta property=\"og:image\" content=\"https:\/\/patagoniambiental.com.ar\/info\/wp-content\/uploads\/2017\/10\/630638480933b1dba7e45d94cd399e163c3.jpg\" \/>\n\t<meta property=\"og:image:width\" content=\"630\" \/>\n\t<meta property=\"og:image:height\" content=\"420\" \/>\n\t<meta property=\"og:image:type\" content=\"image\/jpeg\" \/>\n<meta name=\"author\" content=\"Patagonia Ambiental\" \/>\n<meta name=\"twitter:card\" content=\"summary_large_image\" \/>\n<meta name=\"twitter:creator\" content=\"@PatAmb\" \/>\n<meta name=\"twitter:site\" content=\"@PatAmb\" \/>\n<script type=\"application\/ld+json\" class=\"yoast-schema-graph\">{\"@context\":\"https:\\\/\\\/schema.org\",\"@graph\":[{\"@type\":\"Article\",\"@id\":\"https:\\\/\\\/patagoniambiental.com.ar\\\/info\\\/eco-gobierno-global-un-proyecto-que-busca-proteger-el-ambiente-y-preservar-el-planeta-a-futuro\\\/#article\",\"isPartOf\":{\"@id\":\"https:\\\/\\\/patagoniambiental.com.ar\\\/info\\\/eco-gobierno-global-un-proyecto-que-busca-proteger-el-ambiente-y-preservar-el-planeta-a-futuro\\\/\"},\"author\":{\"name\":\"Patagonia Ambiental\",\"@id\":\"https:\\\/\\\/patagoniambiental.com.ar\\\/info\\\/#\\\/schema\\\/person\\\/db12bff64bbcbf6a253710bf0ea37b5d\"},\"headline\":\"\u201cEco Gobierno Global\u201d, un proyecto que busca proteger el ambiente y preservar el planeta a futuro\",\"datePublished\":\"2017-10-19T12:00:33+00:00\",\"dateModified\":\"2017-10-19T14:34:06+00:00\",\"mainEntityOfPage\":{\"@id\":\"https:\\\/\\\/patagoniambiental.com.ar\\\/info\\\/eco-gobierno-global-un-proyecto-que-busca-proteger-el-ambiente-y-preservar-el-planeta-a-futuro\\\/\"},\"wordCount\":595,\"commentCount\":0,\"publisher\":{\"@id\":\"https:\\\/\\\/patagoniambiental.com.ar\\\/info\\\/#organization\"},\"image\":{\"@id\":\"https:\\\/\\\/patagoniambiental.com.ar\\\/info\\\/eco-gobierno-global-un-proyecto-que-busca-proteger-el-ambiente-y-preservar-el-planeta-a-futuro\\\/#primaryimage\"},\"thumbnailUrl\":\"https:\\\/\\\/patagoniambiental.com.ar\\\/info\\\/wp-content\\\/uploads\\\/2017\\\/10\\\/630638480933b1dba7e45d94cd399e163c3.jpg\",\"articleSection\":[\"Internacionales\",\"Noticias\"],\"inLanguage\":\"es\",\"potentialAction\":[{\"@type\":\"CommentAction\",\"name\":\"Comment\",\"target\":[\"https:\\\/\\\/patagoniambiental.com.ar\\\/info\\\/eco-gobierno-global-un-proyecto-que-busca-proteger-el-ambiente-y-preservar-el-planeta-a-futuro\\\/#respond\"]}]},{\"@type\":\"WebPage\",\"@id\":\"https:\\\/\\\/patagoniambiental.com.ar\\\/info\\\/eco-gobierno-global-un-proyecto-que-busca-proteger-el-ambiente-y-preservar-el-planeta-a-futuro\\\/\",\"url\":\"https:\\\/\\\/patagoniambiental.com.ar\\\/info\\\/eco-gobierno-global-un-proyecto-que-busca-proteger-el-ambiente-y-preservar-el-planeta-a-futuro\\\/\",\"name\":\"\u201cEco Gobierno Global\u201d, un proyecto que busca proteger el ambiente y preservar el planeta a futuro\",\"isPartOf\":{\"@id\":\"https:\\\/\\\/patagoniambiental.com.ar\\\/info\\\/#website\"},\"primaryImageOfPage\":{\"@id\":\"https:\\\/\\\/patagoniambiental.com.ar\\\/info\\\/eco-gobierno-global-un-proyecto-que-busca-proteger-el-ambiente-y-preservar-el-planeta-a-futuro\\\/#primaryimage\"},\"image\":{\"@id\":\"https:\\\/\\\/patagoniambiental.com.ar\\\/info\\\/eco-gobierno-global-un-proyecto-que-busca-proteger-el-ambiente-y-preservar-el-planeta-a-futuro\\\/#primaryimage\"},\"thumbnailUrl\":\"https:\\\/\\\/patagoniambiental.com.ar\\\/info\\\/wp-content\\\/uploads\\\/2017\\\/10\\\/630638480933b1dba7e45d94cd399e163c3.jpg\",\"datePublished\":\"2017-10-19T12:00:33+00:00\",\"dateModified\":\"2017-10-19T14:34:06+00:00\",\"breadcrumb\":{\"@id\":\"https:\\\/\\\/patagoniambiental.com.ar\\\/info\\\/eco-gobierno-global-un-proyecto-que-busca-proteger-el-ambiente-y-preservar-el-planeta-a-futuro\\\/#breadcrumb\"},\"inLanguage\":\"es\",\"potentialAction\":[{\"@type\":\"ReadAction\",\"target\":[\"https:\\\/\\\/patagoniambiental.com.ar\\\/info\\\/eco-gobierno-global-un-proyecto-que-busca-proteger-el-ambiente-y-preservar-el-planeta-a-futuro\\\/\"]}]},{\"@type\":\"ImageObject\",\"inLanguage\":\"es\",\"@id\":\"https:\\\/\\\/patagoniambiental.com.ar\\\/info\\\/eco-gobierno-global-un-proyecto-que-busca-proteger-el-ambiente-y-preservar-el-planeta-a-futuro\\\/#primaryimage\",\"url\":\"https:\\\/\\\/patagoniambiental.com.ar\\\/info\\\/wp-content\\\/uploads\\\/2017\\\/10\\\/630638480933b1dba7e45d94cd399e163c3.jpg\",\"contentUrl\":\"https:\\\/\\\/patagoniambiental.com.ar\\\/info\\\/wp-content\\\/uploads\\\/2017\\\/10\\\/630638480933b1dba7e45d94cd399e163c3.jpg\",\"width\":630,\"height\":420},{\"@type\":\"BreadcrumbList\",\"@id\":\"https:\\\/\\\/patagoniambiental.com.ar\\\/info\\\/eco-gobierno-global-un-proyecto-que-busca-proteger-el-ambiente-y-preservar-el-planeta-a-futuro\\\/#breadcrumb\",\"itemListElement\":[{\"@type\":\"ListItem\",\"position\":1,\"name\":\"Inicio\",\"item\":\"https:\\\/\\\/patagoniambiental.com.ar\\\/info\\\/\"},{\"@type\":\"ListItem\",\"position\":2,\"name\":\"\u201cEco Gobierno Global\u201d, un proyecto que busca proteger el ambiente y preservar el planeta a futuro\"}]},{\"@type\":\"WebSite\",\"@id\":\"https:\\\/\\\/patagoniambiental.com.ar\\\/info\\\/#website\",\"url\":\"https:\\\/\\\/patagoniambiental.com.ar\\\/info\\\/\",\"name\":\"Patagonia Ambiental\",\"description\":\"Monitoreo y an\u00e1lisis de la situaci\u00f3n geopol\u00edtica en el mundo y su implicancia en la Patagonia\",\"publisher\":{\"@id\":\"https:\\\/\\\/patagoniambiental.com.ar\\\/info\\\/#organization\"},\"potentialAction\":[{\"@type\":\"SearchAction\",\"target\":{\"@type\":\"EntryPoint\",\"urlTemplate\":\"https:\\\/\\\/patagoniambiental.com.ar\\\/info\\\/?s={search_term_string}\"},\"query-input\":{\"@type\":\"PropertyValueSpecification\",\"valueRequired\":true,\"valueName\":\"search_term_string\"}}],\"inLanguage\":\"es\"},{\"@type\":\"Organization\",\"@id\":\"https:\\\/\\\/patagoniambiental.com.ar\\\/info\\\/#organization\",\"name\":\"Patagonia Ambiental\",\"url\":\"https:\\\/\\\/patagoniambiental.com.ar\\\/info\\\/\",\"logo\":{\"@type\":\"ImageObject\",\"inLanguage\":\"es\",\"@id\":\"https:\\\/\\\/patagoniambiental.com.ar\\\/info\\\/#\\\/schema\\\/logo\\\/image\\\/\",\"url\":\"https:\\\/\\\/patagoniambiental.com.ar\\\/info\\\/wp-content\\\/uploads\\\/2025\\\/05\\\/LOGO-PATAGONIA-AMBIENTAL.png\",\"contentUrl\":\"https:\\\/\\\/patagoniambiental.com.ar\\\/info\\\/wp-content\\\/uploads\\\/2025\\\/05\\\/LOGO-PATAGONIA-AMBIENTAL.png\",\"width\":433,\"height\":250,\"caption\":\"Patagonia Ambiental\"},\"image\":{\"@id\":\"https:\\\/\\\/patagoniambiental.com.ar\\\/info\\\/#\\\/schema\\\/logo\\\/image\\\/\"},\"sameAs\":[\"https:\\\/\\\/www.facebook.com\\\/patagonia.ambiental\",\"https:\\\/\\\/x.com\\\/PatAmb\"]},{\"@type\":\"Person\",\"@id\":\"https:\\\/\\\/patagoniambiental.com.ar\\\/info\\\/#\\\/schema\\\/person\\\/db12bff64bbcbf6a253710bf0ea37b5d\",\"name\":\"Patagonia Ambiental\",\"description\":\"Andr\u00e9s Nievas T\u00e9cnico en manejo ambiental, consultor Ambiental y escritor para medios locales e internacionales sobre temas de geopolitica y medio ambiente.\",\"sameAs\":[\"http:\\\/\\\/www.patagoniambiental.com.ar\",\"https:\\\/\\\/www.facebook.com\\\/share\\\/1C1V8Gv9BX\\\/?mibextid=qi2Omg\",\"@patagoniambiental\",\"https:\\\/\\\/youtube.com\\\/@patagoniaambiental2023?si=BLt58t0wuXquxlYZ\"]}]}<\/script>\n<!-- \/ Yoast SEO Premium plugin. -->","yoast_head_json":{"title":"\u201cEco Gobierno Global\u201d, un proyecto que busca proteger el ambiente y preservar el planeta a futuro","robots":{"index":"index","follow":"follow","max-snippet":"max-snippet:-1","max-image-preview":"max-image-preview:large","max-video-preview":"max-video-preview:-1"},"canonical":"https:\/\/patagoniambiental.com.ar\/info\/eco-gobierno-global-un-proyecto-que-busca-proteger-el-ambiente-y-preservar-el-planeta-a-futuro\/","og_locale":"es_ES","og_type":"article","og_title":"\u201cEco Gobierno Global\u201d, un proyecto que busca proteger el ambiente y preservar el planeta a futuro","og_description":"Comodoro Rivadavia.-A la redacci\u00f3n de Cr\u00f3nica lleg\u00f3 Javier Bustelos, quien ya hab\u00eda conversado en forma previa con este medio y [&hellip;]","og_url":"https:\/\/patagoniambiental.com.ar\/info\/eco-gobierno-global-un-proyecto-que-busca-proteger-el-ambiente-y-preservar-el-planeta-a-futuro\/","og_site_name":"Patagonia Ambiental","article_publisher":"https:\/\/www.facebook.com\/patagonia.ambiental","article_author":"https:\/\/www.facebook.com\/share\/1C1V8Gv9BX\/?mibextid=qi2Omg","article_published_time":"2017-10-19T12:00:33+00:00","article_modified_time":"2017-10-19T14:34:06+00:00","og_image":[{"width":630,"height":420,"url":"https:\/\/patagoniambiental.com.ar\/info\/wp-content\/uploads\/2017\/10\/630638480933b1dba7e45d94cd399e163c3.jpg","type":"image\/jpeg"}],"author":"Patagonia Ambiental","twitter_card":"summary_large_image","twitter_creator":"@PatAmb","twitter_site":"@PatAmb","schema":{"@context":"https:\/\/schema.org","@graph":[{"@type":"Article","@id":"https:\/\/patagoniambiental.com.ar\/info\/eco-gobierno-global-un-proyecto-que-busca-proteger-el-ambiente-y-preservar-el-planeta-a-futuro\/#article","isPartOf":{"@id":"https:\/\/patagoniambiental.com.ar\/info\/eco-gobierno-global-un-proyecto-que-busca-proteger-el-ambiente-y-preservar-el-planeta-a-futuro\/"},"author":{"name":"Patagonia Ambiental","@id":"https:\/\/patagoniambiental.com.ar\/info\/#\/schema\/person\/db12bff64bbcbf6a253710bf0ea37b5d"},"headline":"\u201cEco Gobierno Global\u201d, un proyecto que busca proteger el ambiente y preservar el planeta a futuro","datePublished":"2017-10-19T12:00:33+00:00","dateModified":"2017-10-19T14:34:06+00:00","mainEntityOfPage":{"@id":"https:\/\/patagoniambiental.com.ar\/info\/eco-gobierno-global-un-proyecto-que-busca-proteger-el-ambiente-y-preservar-el-planeta-a-futuro\/"},"wordCount":595,"commentCount":0,"publisher":{"@id":"https:\/\/patagoniambiental.com.ar\/info\/#organization"},"image":{"@id":"https:\/\/patagoniambiental.com.ar\/info\/eco-gobierno-global-un-proyecto-que-busca-proteger-el-ambiente-y-preservar-el-planeta-a-futuro\/#primaryimage"},"thumbnailUrl":"https:\/\/patagoniambiental.com.ar\/info\/wp-content\/uploads\/2017\/10\/630638480933b1dba7e45d94cd399e163c3.jpg","articleSection":["Internacionales","Noticias"],"inLanguage":"es","potentialAction":[{"@type":"CommentAction","name":"Comment","target":["https:\/\/patagoniambiental.com.ar\/info\/eco-gobierno-global-un-proyecto-que-busca-proteger-el-ambiente-y-preservar-el-planeta-a-futuro\/#respond"]}]},{"@type":"WebPage","@id":"https:\/\/patagoniambiental.com.ar\/info\/eco-gobierno-global-un-proyecto-que-busca-proteger-el-ambiente-y-preservar-el-planeta-a-futuro\/","url":"https:\/\/patagoniambiental.com.ar\/info\/eco-gobierno-global-un-proyecto-que-busca-proteger-el-ambiente-y-preservar-el-planeta-a-futuro\/","name":"\u201cEco Gobierno Global\u201d, un proyecto que busca proteger el ambiente y preservar el planeta a futuro","isPartOf":{"@id":"https:\/\/patagoniambiental.com.ar\/info\/#website"},"primaryImageOfPage":{"@id":"https:\/\/patagoniambiental.com.ar\/info\/eco-gobierno-global-un-proyecto-que-busca-proteger-el-ambiente-y-preservar-el-planeta-a-futuro\/#primaryimage"},"image":{"@id":"https:\/\/patagoniambiental.com.ar\/info\/eco-gobierno-global-un-proyecto-que-busca-proteger-el-ambiente-y-preservar-el-planeta-a-futuro\/#primaryimage"},"thumbnailUrl":"https:\/\/patagoniambiental.com.ar\/info\/wp-content\/uploads\/2017\/10\/630638480933b1dba7e45d94cd399e163c3.jpg","datePublished":"2017-10-19T12:00:33+00:00","dateModified":"2017-10-19T14:34:06+00:00","breadcrumb":{"@id":"https:\/\/patagoniambiental.com.ar\/info\/eco-gobierno-global-un-proyecto-que-busca-proteger-el-ambiente-y-preservar-el-planeta-a-futuro\/#breadcrumb"},"inLanguage":"es","potentialAction":[{"@type":"ReadAction","target":["https:\/\/patagoniambiental.com.ar\/info\/eco-gobierno-global-un-proyecto-que-busca-proteger-el-ambiente-y-preservar-el-planeta-a-futuro\/"]}]},{"@type":"ImageObject","inLanguage":"es","@id":"https:\/\/patagoniambiental.com.ar\/info\/eco-gobierno-global-un-proyecto-que-busca-proteger-el-ambiente-y-preservar-el-planeta-a-futuro\/#primaryimage","url":"https:\/\/patagoniambiental.com.ar\/info\/wp-content\/uploads\/2017\/10\/630638480933b1dba7e45d94cd399e163c3.jpg","contentUrl":"https:\/\/patagoniambiental.com.ar\/info\/wp-content\/uploads\/2017\/10\/630638480933b1dba7e45d94cd399e163c3.jpg","width":630,"height":420},{"@type":"BreadcrumbList","@id":"https:\/\/patagoniambiental.com.ar\/info\/eco-gobierno-global-un-proyecto-que-busca-proteger-el-ambiente-y-preservar-el-planeta-a-futuro\/#breadcrumb","itemListElement":[{"@type":"ListItem","position":1,"name":"Inicio","item":"https:\/\/patagoniambiental.com.ar\/info\/"},{"@type":"ListItem","position":2,"name":"\u201cEco Gobierno Global\u201d, un proyecto que busca proteger el ambiente y preservar el planeta a futuro"}]},{"@type":"WebSite","@id":"https:\/\/patagoniambiental.com.ar\/info\/#website","url":"https:\/\/patagoniambiental.com.ar\/info\/","name":"Patagonia Ambiental","description":"Monitoreo y an\u00e1lisis de la situaci\u00f3n geopol\u00edtica en el mundo y su implicancia en la Patagonia","publisher":{"@id":"https:\/\/patagoniambiental.com.ar\/info\/#organization"},"potentialAction":[{"@type":"SearchAction","target":{"@type":"EntryPoint","urlTemplate":"https:\/\/patagoniambiental.com.ar\/info\/?s={search_term_string}"},"query-input":{"@type":"PropertyValueSpecification","valueRequired":true,"valueName":"search_term_string"}}],"inLanguage":"es"},{"@type":"Organization","@id":"https:\/\/patagoniambiental.com.ar\/info\/#organization","name":"Patagonia Ambiental","url":"https:\/\/patagoniambiental.com.ar\/info\/","logo":{"@type":"ImageObject","inLanguage":"es","@id":"https:\/\/patagoniambiental.com.ar\/info\/#\/schema\/logo\/image\/","url":"https:\/\/patagoniambiental.com.ar\/info\/wp-content\/uploads\/2025\/05\/LOGO-PATAGONIA-AMBIENTAL.png","contentUrl":"https:\/\/patagoniambiental.com.ar\/info\/wp-content\/uploads\/2025\/05\/LOGO-PATAGONIA-AMBIENTAL.png","width":433,"height":250,"caption":"Patagonia Ambiental"},"image":{"@id":"https:\/\/patagoniambiental.com.ar\/info\/#\/schema\/logo\/image\/"},"sameAs":["https:\/\/www.facebook.com\/patagonia.ambiental","https:\/\/x.com\/PatAmb"]},{"@type":"Person","@id":"https:\/\/patagoniambiental.com.ar\/info\/#\/schema\/person\/db12bff64bbcbf6a253710bf0ea37b5d","name":"Patagonia Ambiental","description":"Andr\u00e9s Nievas T\u00e9cnico en manejo ambiental, consultor Ambiental y escritor para medios locales e internacionales sobre temas de geopolitica y medio ambiente.","sameAs":["http:\/\/www.patagoniambiental.com.ar","https:\/\/www.facebook.com\/share\/1C1V8Gv9BX\/?mibextid=qi2Omg","@patagoniambiental","https:\/\/youtube.com\/@patagoniaambiental2023?si=BLt58t0wuXquxlYZ"]}]}},"_links":{"self":[{"href":"https:\/\/patagoniambiental.com.ar\/info\/wp-json\/wp\/v2\/posts\/36760","targetHints":{"allow":["GET"]}}],"collection":[{"href":"https:\/\/patagoniambiental.com.ar\/info\/wp-json\/wp\/v2\/posts"}],"about":[{"href":"https:\/\/patagoniambiental.com.ar\/info\/wp-json\/wp\/v2\/types\/post"}],"author":[{"embeddable":true,"href":"https:\/\/patagoniambiental.com.ar\/info\/wp-json\/wp\/v2\/users\/2"}],"replies":[{"embeddable":true,"href":"https:\/\/patagoniambiental.com.ar\/info\/wp-json\/wp\/v2\/comments?post=36760"}],"version-history":[{"count":0,"href":"https:\/\/patagoniambiental.com.ar\/info\/wp-json\/wp\/v2\/posts\/36760\/revisions"}],"wp:featuredmedia":[{"embeddable":true,"href":"https:\/\/patagoniambiental.com.ar\/info\/wp-json\/wp\/v2\/media\/36761"}],"wp:attachment":[{"href":"https:\/\/patagoniambiental.com.ar\/info\/wp-json\/wp\/v2\/media?parent=36760"}],"wp:term":[{"taxonomy":"category","embeddable":true,"href":"https:\/\/patagoniambiental.com.ar\/info\/wp-json\/wp\/v2\/categories?post=36760"},{"taxonomy":"post_tag","embeddable":true,"href":"https:\/\/patagoniambiental.com.ar\/info\/wp-json\/wp\/v2\/tags?post=36760"}],"curies":[{"name":"wp","href":"https:\/\/api.w.org\/{rel}","templated":true}]}}