{"id":36773,"date":"2017-10-20T19:00:49","date_gmt":"2017-10-20T22:00:49","guid":{"rendered":"http:\/\/patagoniambiental.com.ar\/info\/?p=36773"},"modified":"2017-10-19T18:43:22","modified_gmt":"2017-10-19T21:43:22","slug":"destacaron-la-finalizacion-de-la-obra-de-iluminacion-led-en-bahia-san-blas","status":"publish","type":"post","link":"https:\/\/patagoniambiental.com.ar\/info\/destacaron-la-finalizacion-de-la-obra-de-iluminacion-led-en-bahia-san-blas\/","title":{"rendered":"Destacaron la finalizaci\u00f3n de la obra de iluminaci\u00f3n led en Bah\u00eda San Blas"},"content":{"rendered":"<div class=\"_rp_l\" role=\"heading\" aria-level=\"2\">Bahia San Blas.-En las pr\u00f3ximas semanas finalizar\u00e1n los trabajos para dotar de nuevo alumbrado p\u00fablico a la villa balnearia de Bah\u00eda San Blas.<\/div>\n<div tabindex=\"-1\" role=\"list\" aria-label=\"Conversaci\u00f3n\">\n<div tabindex=\"-1\">\n<div tabindex=\"0\" aria-label=\"Contenidos del mensaje\" aria-selected=\"true\">\n<div class=\"_rp_f5\" tabindex=\"-1\" aria-label=\"Contenidos del mensaje expandidos\">\n<div class=\"_rp_R4 ms-border-color-neutralLight ShowConsesusSchedulingLink ShowReferenceAttachmentsLinks\" tabindex=\"-1\">\n<div class=\"_rp_45\">\n<div role=\"document\">\n<div id=\"Item.MessagePartBody\" class=\"_rp_T4\">\n<div id=\"Item.MessageUniqueBody\" class=\"_rp_U4 ms-font-weight-regular ms-font-color-neutralDark rpHighlightAllClass rpHighlightBodyClass\">\n<div class=\"rps_f511\">\n<div dir=\"ltr\">\n<div>\n<p class=\"x_MsoNormal\"><!--more--><\/p>\n<p class=\"x_MsoNormal\">La Municipalidad y la Cooperativa El\u00e9ctrica de la Bah\u00eda, firmaron en el mes de julio pasado, un \u00a0convenio para dotar de 300 nuevas luminarias led.<\/p>\n<p class=\"x_MsoNormal\">La obra implic\u00f3 una inversi\u00f3n de $ 2.100.000 y consisti\u00f3 en el recambio de luminarias led de la costanera, Av. 29, \u00a0calle 39; adem\u00e1s de la postaci\u00f3n de columnas.<\/p>\n<p class=\"x_MsoNormal\">Las luminarias beneficiaran a los pescadores, vecinos y turistas que se acerquen al lugar.<\/p>\n<p class=\"x_MsoNormal\">La empresa a cargo de los trabajos es la Cooperativa El\u00e9ctrica de Bah\u00eda San Blas, responsable de la distribuci\u00f3n de energ\u00eda en San Blas, Villa 7 de Marzo, Los Pocitos,\u00a0la zona rural de Jos\u00e9 \u00a0.B. Casas y Cardenal Cagliero.<\/p>\n<p class=\"x_MsoNormal\"><img decoding=\"async\" src=\"https:\/\/attachment.outlook.office.net\/owa\/a_nievas@hotmail.com\/service.svc\/s\/GetAttachmentThumbnail?id=AQMkADAwATE0YjMwLWIzMGQtZTU3MS0wMAItMDAKAEYAAAM3l6OsI%2FMvTbnbEMII1xIMBwBStxRWc9bPTJ6HE1aCiBiIAAACAQwAAABStxRWc9bPTJ6HE1aCiBiIAAEvgEy1AAAAARIAEAAokxX8alnDQb19vc6rl18F&amp;X-OWA-CANARY=SrpI8T73GkiUUUPIz3BKU-Dgll4KF9UYTxQ31A79fNGhk1zBfkEL3UQNVQbzm9obaIVXf_LghuU.&amp;token=eyJ0eXAiOiJKV1QiLCJhbGciOiJSUzI1NiIsIng1dCI6ImVuaDlCSnJWUFU1aWpWMXFqWmpWLWZMMmJjbyJ9.eyJ2ZXIiOiJFeGNoYW5nZS5DYWxsYmFjay5WMSIsImFwcGN0eHNlbmRlciI6Ik93YURvd25sb2FkQDg0ZGY5ZTdmLWU5ZjYtNDBhZi1iNDM1LWFhYWFhYWFhYWFhYSIsImFwcGN0eCI6IntcIm1zZXhjaHByb3RcIjpcIm93YVwiLFwicHJpbWFyeXNpZFwiOlwiUy0xLTI4MjctODQ3ODQtMzAwNDAzMjM2OVwiLFwicHVpZFwiOlwiMzY0MTQ3NTExMjU2NDMzXCIsXCJvaWRcIjpcIjAwMDE0YjMwLWIzMGQtZTU3MS0wMDAwLTAwMDAwMDAwMDAwMFwiLFwic2NvcGVcIjpcIk93YURvd25sb2FkXCJ9IiwiaXNzIjoiMDAwMDAwMDItMDAwMC0wZmYxLWNlMDAtMDAwMDAwMDAwMDAwQDg0ZGY5ZTdmLWU5ZjYtNDBhZi1iNDM1LWFhYWFhYWFhYWFhYSIsImF1ZCI6IjAwMDAwMDAyLTAwMDAtMGZmMS1jZTAwLTAwMDAwMDAwMDAwMC9hdHRhY2htZW50Lm91dGxvb2sub2ZmaWNlLm5ldEA4NGRmOWU3Zi1lOWY2LTQwYWYtYjQzNS1hYWFhYWFhYWFhYWEiLCJleHAiOjE1MDg0MjkxMTUsIm5iZiI6MTUwODQyODUxNX0.zQaxZAE3e7p2_HOdw7tx0NQTLySg9riE5yr2cSajJ2E0FIK5pXDvQRSbDg78CTxTmJPawJmAcqwa7vkNFJasP2JDeeZG6YGsMQ35wtCvl1Y5W0fK6nqZD7DyxR4ZN6s6ZMm_yAlJBhmbn6O3-rCga2S-GM9fFKxgQdpGhiixCGyFZy9fdWmZfmWPl0UHYheyZvbnEy8sjCK5-D7DW1kfZOULa3aM0l66-C5Y7cNpkyHoZLhZQ95t1-evawOuCJLZV1yoRqzELnW05UZd98JO4Gk9oRDAJX89hOxAd7n-Yt1K4hHyuKRv1MfIh5Ir74ltkRIJzbs_rgtcqNUFm8YO_A&amp;owa=outlook.live.com&amp;isc=1\" \/><\/p>\n<p class=\"x_MsoNormal\">El recambio de los equipos forma parte de un programa de reconversi\u00f3n lum\u00ednica que se implementa en todo el partido de Patagones.<\/p>\n<p class=\"x_MsoNormal\">El Delegado municipal, Ricardo Angos, resalt\u00f3 el impacto positivo que dej\u00f3 en los vecinos de la localidad, destacando la vista y la belleza que brindan los nuevos artefactos.<\/p>\n<p class=\"x_MsoNormal\">\u201cLas nuevas luminarias, generan un ahorro en el servicio, un menor mantenimiento e incorporan nueva tecnolog\u00eda. Adem\u00e1s, se ampl\u00eda los espacios iluminados, para jerarquizar las caracter\u00edsticas del balneario. Los trabajos concluir\u00e1n en aproximadamente 20 d\u00edas y podr\u00e1 ser disfrutada por aquellos vecinos y turistas que quieran realizar una caminata de noche por la costanera\u201d, subray\u00f3 Angos.<\/p>\n<\/div>\n<div class=\"x_gmail_signature\">\n<div dir=\"ltr\">\n<div>\n<div dir=\"ltr\">\n<div>\n<div dir=\"ltr\">\n<div>\n<div dir=\"ltr\">\n<div>\n<div dir=\"ltr\">\n<div><span style=\"font-size: small;\">\u00a0<\/span><\/div>\n<div><span style=\"font-size: small;\">\u00a0<\/span><\/div>\n<div><span style=\"font-size: small;\">\u00a0<\/span><\/div>\n<div><span style=\"font-size: small;\">Fuente: Direcci\u00f3n de Comunicaci\u00f3n Institucional<br \/>\n<\/span><\/div>\n<div><b><span style=\"font-size: small;\">MUNICIPALIDAD DE PATAGONES<\/span><\/b><\/div>\n<\/div>\n<\/div>\n<\/div>\n<\/div>\n<\/div>\n<\/div>\n<\/div>\n<\/div>\n<\/div>\n<\/div>\n<\/div>\n<\/div>\n<\/div>\n<\/div>\n<\/div>\n<\/div>\n<\/div>\n<\/div>\n<\/div>\n<\/div>\n<\/div>\n<p>&nbsp;<\/p>\n","protected":false},"excerpt":{"rendered":"<p>Bahia San Blas.-En las pr\u00f3ximas semanas finalizar\u00e1n los trabajos para dotar de nuevo alumbrado p\u00fablico a la villa balnearia de [&hellip;]<\/p>\n","protected":false},"author":2,"featured_media":36774,"comment_status":"open","ping_status":"open","sticky":false,"template":"","format":"standard","meta":{"site-sidebar-layout":"default","site-content-layout":"","ast-site-content-layout":"default","site-content-style":"default","site-sidebar-style":"default","ast-global-header-display":"","ast-banner-title-visibility":"","ast-main-header-display":"","ast-hfb-above-header-display":"","ast-hfb-below-header-display":"","ast-hfb-mobile-header-display":"","site-post-title":"","ast-breadcrumbs-content":"","ast-featured-img":"","footer-sml-layout":"","ast-disable-related-posts":"","theme-transparent-header-meta":"","adv-header-id-meta":"","stick-header-meta":"","header-above-stick-meta":"","header-main-stick-meta":"","header-below-stick-meta":"","astra-migrate-meta-layouts":"default","ast-page-background-enabled":"default","ast-page-background-meta":{"desktop":{"background-color":"var(--ast-global-color-5)","background-image":"","background-repeat":"repeat","background-position":"center center","background-size":"auto","background-attachment":"scroll","background-type":"","background-media":"","overlay-type":"","overlay-color":"","overlay-opacity":"","overlay-gradient":""},"tablet":{"background-color":"","background-image":"","background-repeat":"repeat","background-position":"center center","background-size":"auto","background-attachment":"scroll","background-type":"","background-media":"","overlay-type":"","overlay-color":"","overlay-opacity":"","overlay-gradient":""},"mobile":{"background-color":"","background-image":"","background-repeat":"repeat","background-position":"center center","background-size":"auto","background-attachment":"scroll","background-type":"","background-media":"","overlay-type":"","overlay-color":"","overlay-opacity":"","overlay-gradient":""}},"ast-content-background-meta":{"desktop":{"background-color":"var(--ast-global-color-4)","background-image":"","background-repeat":"repeat","background-position":"center center","background-size":"auto","background-attachment":"scroll","background-type":"","background-media":"","overlay-type":"","overlay-color":"","overlay-opacity":"","overlay-gradient":""},"tablet":{"background-color":"var(--ast-global-color-4)","background-image":"","background-repeat":"repeat","background-position":"center center","background-size":"auto","background-attachment":"scroll","background-type":"","background-media":"","overlay-type":"","overlay-color":"","overlay-opacity":"","overlay-gradient":""},"mobile":{"background-color":"var(--ast-global-color-4)","background-image":"","background-repeat":"repeat","background-position":"center center","background-size":"auto","background-attachment":"scroll","background-type":"","background-media":"","overlay-type":"","overlay-color":"","overlay-opacity":"","overlay-gradient":""}},"footnotes":""},"categories":[16,1],"tags":[],"class_list":["post-36773","post","type-post","status-publish","format-standard","has-post-thumbnail","hentry","category-municipales","category-noticias"],"yoast_head":"<!-- This site is optimized with the Yoast SEO Premium plugin v23.0 (Yoast SEO v27.4) - https:\/\/yoast.com\/product\/yoast-seo-premium-wordpress\/ -->\n<title>Destacaron la finalizaci\u00f3n de la obra de iluminaci\u00f3n led en Bah\u00eda San Blas<\/title>\n<meta name=\"robots\" content=\"index, follow, max-snippet:-1, max-image-preview:large, max-video-preview:-1\" \/>\n<link rel=\"canonical\" href=\"https:\/\/patagoniambiental.com.ar\/info\/destacaron-la-finalizacion-de-la-obra-de-iluminacion-led-en-bahia-san-blas\/\" \/>\n<meta property=\"og:locale\" content=\"es_ES\" \/>\n<meta property=\"og:type\" content=\"article\" \/>\n<meta property=\"og:title\" content=\"Destacaron la finalizaci\u00f3n de la obra de iluminaci\u00f3n led en Bah\u00eda San Blas\" \/>\n<meta property=\"og:description\" content=\"Bahia San Blas.-En las pr\u00f3ximas semanas finalizar\u00e1n los trabajos para dotar de nuevo alumbrado p\u00fablico a la villa balnearia de [&hellip;]\" \/>\n<meta property=\"og:url\" content=\"https:\/\/patagoniambiental.com.ar\/info\/destacaron-la-finalizacion-de-la-obra-de-iluminacion-led-en-bahia-san-blas\/\" \/>\n<meta property=\"og:site_name\" content=\"Patagonia Ambiental\" \/>\n<meta property=\"article:publisher\" content=\"https:\/\/www.facebook.com\/patagonia.ambiental\" \/>\n<meta property=\"article:author\" content=\"https:\/\/www.facebook.com\/share\/1C1V8Gv9BX\/?mibextid=qi2Omg\" \/>\n<meta property=\"article:published_time\" content=\"2017-10-20T22:00:49+00:00\" \/>\n<meta property=\"og:image\" content=\"https:\/\/patagoniambiental.com.ar\/info\/wp-content\/uploads\/2017\/10\/thumbnail_Luminarias-led-San-Blas-4.jpg\" \/>\n\t<meta property=\"og:image:width\" content=\"640\" \/>\n\t<meta property=\"og:image:height\" content=\"354\" \/>\n\t<meta property=\"og:image:type\" content=\"image\/jpeg\" \/>\n<meta name=\"author\" content=\"Patagonia Ambiental\" \/>\n<meta name=\"twitter:card\" content=\"summary_large_image\" \/>\n<meta name=\"twitter:creator\" content=\"@PatAmb\" \/>\n<meta name=\"twitter:site\" content=\"@PatAmb\" \/>\n<script type=\"application\/ld+json\" class=\"yoast-schema-graph\">{\"@context\":\"https:\\\/\\\/schema.org\",\"@graph\":[{\"@type\":\"Article\",\"@id\":\"https:\\\/\\\/patagoniambiental.com.ar\\\/info\\\/destacaron-la-finalizacion-de-la-obra-de-iluminacion-led-en-bahia-san-blas\\\/#article\",\"isPartOf\":{\"@id\":\"https:\\\/\\\/patagoniambiental.com.ar\\\/info\\\/destacaron-la-finalizacion-de-la-obra-de-iluminacion-led-en-bahia-san-blas\\\/\"},\"author\":{\"name\":\"Patagonia Ambiental\",\"@id\":\"https:\\\/\\\/patagoniambiental.com.ar\\\/info\\\/#\\\/schema\\\/person\\\/db12bff64bbcbf6a253710bf0ea37b5d\"},\"headline\":\"Destacaron la finalizaci\u00f3n de la obra de iluminaci\u00f3n led en Bah\u00eda San Blas\",\"datePublished\":\"2017-10-20T22:00:49+00:00\",\"mainEntityOfPage\":{\"@id\":\"https:\\\/\\\/patagoniambiental.com.ar\\\/info\\\/destacaron-la-finalizacion-de-la-obra-de-iluminacion-led-en-bahia-san-blas\\\/\"},\"wordCount\":279,\"commentCount\":0,\"publisher\":{\"@id\":\"https:\\\/\\\/patagoniambiental.com.ar\\\/info\\\/#organization\"},\"image\":{\"@id\":\"https:\\\/\\\/patagoniambiental.com.ar\\\/info\\\/destacaron-la-finalizacion-de-la-obra-de-iluminacion-led-en-bahia-san-blas\\\/#primaryimage\"},\"thumbnailUrl\":\"https:\\\/\\\/patagoniambiental.com.ar\\\/info\\\/wp-content\\\/uploads\\\/2017\\\/10\\\/thumbnail_Luminarias-led-San-Blas-4.jpg\",\"articleSection\":[\"Municipales\",\"Noticias\"],\"inLanguage\":\"es\",\"potentialAction\":[{\"@type\":\"CommentAction\",\"name\":\"Comment\",\"target\":[\"https:\\\/\\\/patagoniambiental.com.ar\\\/info\\\/destacaron-la-finalizacion-de-la-obra-de-iluminacion-led-en-bahia-san-blas\\\/#respond\"]}]},{\"@type\":\"WebPage\",\"@id\":\"https:\\\/\\\/patagoniambiental.com.ar\\\/info\\\/destacaron-la-finalizacion-de-la-obra-de-iluminacion-led-en-bahia-san-blas\\\/\",\"url\":\"https:\\\/\\\/patagoniambiental.com.ar\\\/info\\\/destacaron-la-finalizacion-de-la-obra-de-iluminacion-led-en-bahia-san-blas\\\/\",\"name\":\"Destacaron la finalizaci\u00f3n de la obra de iluminaci\u00f3n led en Bah\u00eda San Blas\",\"isPartOf\":{\"@id\":\"https:\\\/\\\/patagoniambiental.com.ar\\\/info\\\/#website\"},\"primaryImageOfPage\":{\"@id\":\"https:\\\/\\\/patagoniambiental.com.ar\\\/info\\\/destacaron-la-finalizacion-de-la-obra-de-iluminacion-led-en-bahia-san-blas\\\/#primaryimage\"},\"image\":{\"@id\":\"https:\\\/\\\/patagoniambiental.com.ar\\\/info\\\/destacaron-la-finalizacion-de-la-obra-de-iluminacion-led-en-bahia-san-blas\\\/#primaryimage\"},\"thumbnailUrl\":\"https:\\\/\\\/patagoniambiental.com.ar\\\/info\\\/wp-content\\\/uploads\\\/2017\\\/10\\\/thumbnail_Luminarias-led-San-Blas-4.jpg\",\"datePublished\":\"2017-10-20T22:00:49+00:00\",\"breadcrumb\":{\"@id\":\"https:\\\/\\\/patagoniambiental.com.ar\\\/info\\\/destacaron-la-finalizacion-de-la-obra-de-iluminacion-led-en-bahia-san-blas\\\/#breadcrumb\"},\"inLanguage\":\"es\",\"potentialAction\":[{\"@type\":\"ReadAction\",\"target\":[\"https:\\\/\\\/patagoniambiental.com.ar\\\/info\\\/destacaron-la-finalizacion-de-la-obra-de-iluminacion-led-en-bahia-san-blas\\\/\"]}]},{\"@type\":\"ImageObject\",\"inLanguage\":\"es\",\"@id\":\"https:\\\/\\\/patagoniambiental.com.ar\\\/info\\\/destacaron-la-finalizacion-de-la-obra-de-iluminacion-led-en-bahia-san-blas\\\/#primaryimage\",\"url\":\"https:\\\/\\\/patagoniambiental.com.ar\\\/info\\\/wp-content\\\/uploads\\\/2017\\\/10\\\/thumbnail_Luminarias-led-San-Blas-4.jpg\",\"contentUrl\":\"https:\\\/\\\/patagoniambiental.com.ar\\\/info\\\/wp-content\\\/uploads\\\/2017\\\/10\\\/thumbnail_Luminarias-led-San-Blas-4.jpg\",\"width\":640,\"height\":354},{\"@type\":\"BreadcrumbList\",\"@id\":\"https:\\\/\\\/patagoniambiental.com.ar\\\/info\\\/destacaron-la-finalizacion-de-la-obra-de-iluminacion-led-en-bahia-san-blas\\\/#breadcrumb\",\"itemListElement\":[{\"@type\":\"ListItem\",\"position\":1,\"name\":\"Inicio\",\"item\":\"https:\\\/\\\/patagoniambiental.com.ar\\\/info\\\/\"},{\"@type\":\"ListItem\",\"position\":2,\"name\":\"Destacaron la finalizaci\u00f3n de la obra de iluminaci\u00f3n led en Bah\u00eda San Blas\"}]},{\"@type\":\"WebSite\",\"@id\":\"https:\\\/\\\/patagoniambiental.com.ar\\\/info\\\/#website\",\"url\":\"https:\\\/\\\/patagoniambiental.com.ar\\\/info\\\/\",\"name\":\"Patagonia Ambiental\",\"description\":\"Monitoreo y an\u00e1lisis de la situaci\u00f3n geopol\u00edtica en el mundo y su implicancia en la Patagonia\",\"publisher\":{\"@id\":\"https:\\\/\\\/patagoniambiental.com.ar\\\/info\\\/#organization\"},\"potentialAction\":[{\"@type\":\"SearchAction\",\"target\":{\"@type\":\"EntryPoint\",\"urlTemplate\":\"https:\\\/\\\/patagoniambiental.com.ar\\\/info\\\/?s={search_term_string}\"},\"query-input\":{\"@type\":\"PropertyValueSpecification\",\"valueRequired\":true,\"valueName\":\"search_term_string\"}}],\"inLanguage\":\"es\"},{\"@type\":\"Organization\",\"@id\":\"https:\\\/\\\/patagoniambiental.com.ar\\\/info\\\/#organization\",\"name\":\"Patagonia Ambiental\",\"url\":\"https:\\\/\\\/patagoniambiental.com.ar\\\/info\\\/\",\"logo\":{\"@type\":\"ImageObject\",\"inLanguage\":\"es\",\"@id\":\"https:\\\/\\\/patagoniambiental.com.ar\\\/info\\\/#\\\/schema\\\/logo\\\/image\\\/\",\"url\":\"https:\\\/\\\/patagoniambiental.com.ar\\\/info\\\/wp-content\\\/uploads\\\/2025\\\/05\\\/LOGO-PATAGONIA-AMBIENTAL.png\",\"contentUrl\":\"https:\\\/\\\/patagoniambiental.com.ar\\\/info\\\/wp-content\\\/uploads\\\/2025\\\/05\\\/LOGO-PATAGONIA-AMBIENTAL.png\",\"width\":433,\"height\":250,\"caption\":\"Patagonia Ambiental\"},\"image\":{\"@id\":\"https:\\\/\\\/patagoniambiental.com.ar\\\/info\\\/#\\\/schema\\\/logo\\\/image\\\/\"},\"sameAs\":[\"https:\\\/\\\/www.facebook.com\\\/patagonia.ambiental\",\"https:\\\/\\\/x.com\\\/PatAmb\"]},{\"@type\":\"Person\",\"@id\":\"https:\\\/\\\/patagoniambiental.com.ar\\\/info\\\/#\\\/schema\\\/person\\\/db12bff64bbcbf6a253710bf0ea37b5d\",\"name\":\"Patagonia Ambiental\",\"description\":\"Andr\u00e9s Nievas T\u00e9cnico en manejo ambiental, consultor Ambiental y escritor para medios locales e internacionales sobre temas de geopolitica y medio ambiente.\",\"sameAs\":[\"http:\\\/\\\/www.patagoniambiental.com.ar\",\"https:\\\/\\\/www.facebook.com\\\/share\\\/1C1V8Gv9BX\\\/?mibextid=qi2Omg\",\"@patagoniambiental\",\"https:\\\/\\\/youtube.com\\\/@patagoniaambiental2023?si=BLt58t0wuXquxlYZ\"]}]}<\/script>\n<!-- \/ Yoast SEO Premium plugin. -->","yoast_head_json":{"title":"Destacaron la finalizaci\u00f3n de la obra de iluminaci\u00f3n led en Bah\u00eda San Blas","robots":{"index":"index","follow":"follow","max-snippet":"max-snippet:-1","max-image-preview":"max-image-preview:large","max-video-preview":"max-video-preview:-1"},"canonical":"https:\/\/patagoniambiental.com.ar\/info\/destacaron-la-finalizacion-de-la-obra-de-iluminacion-led-en-bahia-san-blas\/","og_locale":"es_ES","og_type":"article","og_title":"Destacaron la finalizaci\u00f3n de la obra de iluminaci\u00f3n led en Bah\u00eda San Blas","og_description":"Bahia San Blas.-En las pr\u00f3ximas semanas finalizar\u00e1n los trabajos para dotar de nuevo alumbrado p\u00fablico a la villa balnearia de [&hellip;]","og_url":"https:\/\/patagoniambiental.com.ar\/info\/destacaron-la-finalizacion-de-la-obra-de-iluminacion-led-en-bahia-san-blas\/","og_site_name":"Patagonia Ambiental","article_publisher":"https:\/\/www.facebook.com\/patagonia.ambiental","article_author":"https:\/\/www.facebook.com\/share\/1C1V8Gv9BX\/?mibextid=qi2Omg","article_published_time":"2017-10-20T22:00:49+00:00","og_image":[{"width":640,"height":354,"url":"https:\/\/patagoniambiental.com.ar\/info\/wp-content\/uploads\/2017\/10\/thumbnail_Luminarias-led-San-Blas-4.jpg","type":"image\/jpeg"}],"author":"Patagonia Ambiental","twitter_card":"summary_large_image","twitter_creator":"@PatAmb","twitter_site":"@PatAmb","schema":{"@context":"https:\/\/schema.org","@graph":[{"@type":"Article","@id":"https:\/\/patagoniambiental.com.ar\/info\/destacaron-la-finalizacion-de-la-obra-de-iluminacion-led-en-bahia-san-blas\/#article","isPartOf":{"@id":"https:\/\/patagoniambiental.com.ar\/info\/destacaron-la-finalizacion-de-la-obra-de-iluminacion-led-en-bahia-san-blas\/"},"author":{"name":"Patagonia Ambiental","@id":"https:\/\/patagoniambiental.com.ar\/info\/#\/schema\/person\/db12bff64bbcbf6a253710bf0ea37b5d"},"headline":"Destacaron la finalizaci\u00f3n de la obra de iluminaci\u00f3n led en Bah\u00eda San Blas","datePublished":"2017-10-20T22:00:49+00:00","mainEntityOfPage":{"@id":"https:\/\/patagoniambiental.com.ar\/info\/destacaron-la-finalizacion-de-la-obra-de-iluminacion-led-en-bahia-san-blas\/"},"wordCount":279,"commentCount":0,"publisher":{"@id":"https:\/\/patagoniambiental.com.ar\/info\/#organization"},"image":{"@id":"https:\/\/patagoniambiental.com.ar\/info\/destacaron-la-finalizacion-de-la-obra-de-iluminacion-led-en-bahia-san-blas\/#primaryimage"},"thumbnailUrl":"https:\/\/patagoniambiental.com.ar\/info\/wp-content\/uploads\/2017\/10\/thumbnail_Luminarias-led-San-Blas-4.jpg","articleSection":["Municipales","Noticias"],"inLanguage":"es","potentialAction":[{"@type":"CommentAction","name":"Comment","target":["https:\/\/patagoniambiental.com.ar\/info\/destacaron-la-finalizacion-de-la-obra-de-iluminacion-led-en-bahia-san-blas\/#respond"]}]},{"@type":"WebPage","@id":"https:\/\/patagoniambiental.com.ar\/info\/destacaron-la-finalizacion-de-la-obra-de-iluminacion-led-en-bahia-san-blas\/","url":"https:\/\/patagoniambiental.com.ar\/info\/destacaron-la-finalizacion-de-la-obra-de-iluminacion-led-en-bahia-san-blas\/","name":"Destacaron la finalizaci\u00f3n de la obra de iluminaci\u00f3n led en Bah\u00eda San Blas","isPartOf":{"@id":"https:\/\/patagoniambiental.com.ar\/info\/#website"},"primaryImageOfPage":{"@id":"https:\/\/patagoniambiental.com.ar\/info\/destacaron-la-finalizacion-de-la-obra-de-iluminacion-led-en-bahia-san-blas\/#primaryimage"},"image":{"@id":"https:\/\/patagoniambiental.com.ar\/info\/destacaron-la-finalizacion-de-la-obra-de-iluminacion-led-en-bahia-san-blas\/#primaryimage"},"thumbnailUrl":"https:\/\/patagoniambiental.com.ar\/info\/wp-content\/uploads\/2017\/10\/thumbnail_Luminarias-led-San-Blas-4.jpg","datePublished":"2017-10-20T22:00:49+00:00","breadcrumb":{"@id":"https:\/\/patagoniambiental.com.ar\/info\/destacaron-la-finalizacion-de-la-obra-de-iluminacion-led-en-bahia-san-blas\/#breadcrumb"},"inLanguage":"es","potentialAction":[{"@type":"ReadAction","target":["https:\/\/patagoniambiental.com.ar\/info\/destacaron-la-finalizacion-de-la-obra-de-iluminacion-led-en-bahia-san-blas\/"]}]},{"@type":"ImageObject","inLanguage":"es","@id":"https:\/\/patagoniambiental.com.ar\/info\/destacaron-la-finalizacion-de-la-obra-de-iluminacion-led-en-bahia-san-blas\/#primaryimage","url":"https:\/\/patagoniambiental.com.ar\/info\/wp-content\/uploads\/2017\/10\/thumbnail_Luminarias-led-San-Blas-4.jpg","contentUrl":"https:\/\/patagoniambiental.com.ar\/info\/wp-content\/uploads\/2017\/10\/thumbnail_Luminarias-led-San-Blas-4.jpg","width":640,"height":354},{"@type":"BreadcrumbList","@id":"https:\/\/patagoniambiental.com.ar\/info\/destacaron-la-finalizacion-de-la-obra-de-iluminacion-led-en-bahia-san-blas\/#breadcrumb","itemListElement":[{"@type":"ListItem","position":1,"name":"Inicio","item":"https:\/\/patagoniambiental.com.ar\/info\/"},{"@type":"ListItem","position":2,"name":"Destacaron la finalizaci\u00f3n de la obra de iluminaci\u00f3n led en Bah\u00eda San Blas"}]},{"@type":"WebSite","@id":"https:\/\/patagoniambiental.com.ar\/info\/#website","url":"https:\/\/patagoniambiental.com.ar\/info\/","name":"Patagonia Ambiental","description":"Monitoreo y an\u00e1lisis de la situaci\u00f3n geopol\u00edtica en el mundo y su implicancia en la Patagonia","publisher":{"@id":"https:\/\/patagoniambiental.com.ar\/info\/#organization"},"potentialAction":[{"@type":"SearchAction","target":{"@type":"EntryPoint","urlTemplate":"https:\/\/patagoniambiental.com.ar\/info\/?s={search_term_string}"},"query-input":{"@type":"PropertyValueSpecification","valueRequired":true,"valueName":"search_term_string"}}],"inLanguage":"es"},{"@type":"Organization","@id":"https:\/\/patagoniambiental.com.ar\/info\/#organization","name":"Patagonia Ambiental","url":"https:\/\/patagoniambiental.com.ar\/info\/","logo":{"@type":"ImageObject","inLanguage":"es","@id":"https:\/\/patagoniambiental.com.ar\/info\/#\/schema\/logo\/image\/","url":"https:\/\/patagoniambiental.com.ar\/info\/wp-content\/uploads\/2025\/05\/LOGO-PATAGONIA-AMBIENTAL.png","contentUrl":"https:\/\/patagoniambiental.com.ar\/info\/wp-content\/uploads\/2025\/05\/LOGO-PATAGONIA-AMBIENTAL.png","width":433,"height":250,"caption":"Patagonia Ambiental"},"image":{"@id":"https:\/\/patagoniambiental.com.ar\/info\/#\/schema\/logo\/image\/"},"sameAs":["https:\/\/www.facebook.com\/patagonia.ambiental","https:\/\/x.com\/PatAmb"]},{"@type":"Person","@id":"https:\/\/patagoniambiental.com.ar\/info\/#\/schema\/person\/db12bff64bbcbf6a253710bf0ea37b5d","name":"Patagonia Ambiental","description":"Andr\u00e9s Nievas T\u00e9cnico en manejo ambiental, consultor Ambiental y escritor para medios locales e internacionales sobre temas de geopolitica y medio ambiente.","sameAs":["http:\/\/www.patagoniambiental.com.ar","https:\/\/www.facebook.com\/share\/1C1V8Gv9BX\/?mibextid=qi2Omg","@patagoniambiental","https:\/\/youtube.com\/@patagoniaambiental2023?si=BLt58t0wuXquxlYZ"]}]}},"_links":{"self":[{"href":"https:\/\/patagoniambiental.com.ar\/info\/wp-json\/wp\/v2\/posts\/36773","targetHints":{"allow":["GET"]}}],"collection":[{"href":"https:\/\/patagoniambiental.com.ar\/info\/wp-json\/wp\/v2\/posts"}],"about":[{"href":"https:\/\/patagoniambiental.com.ar\/info\/wp-json\/wp\/v2\/types\/post"}],"author":[{"embeddable":true,"href":"https:\/\/patagoniambiental.com.ar\/info\/wp-json\/wp\/v2\/users\/2"}],"replies":[{"embeddable":true,"href":"https:\/\/patagoniambiental.com.ar\/info\/wp-json\/wp\/v2\/comments?post=36773"}],"version-history":[{"count":0,"href":"https:\/\/patagoniambiental.com.ar\/info\/wp-json\/wp\/v2\/posts\/36773\/revisions"}],"wp:featuredmedia":[{"embeddable":true,"href":"https:\/\/patagoniambiental.com.ar\/info\/wp-json\/wp\/v2\/media\/36774"}],"wp:attachment":[{"href":"https:\/\/patagoniambiental.com.ar\/info\/wp-json\/wp\/v2\/media?parent=36773"}],"wp:term":[{"taxonomy":"category","embeddable":true,"href":"https:\/\/patagoniambiental.com.ar\/info\/wp-json\/wp\/v2\/categories?post=36773"},{"taxonomy":"post_tag","embeddable":true,"href":"https:\/\/patagoniambiental.com.ar\/info\/wp-json\/wp\/v2\/tags?post=36773"}],"curies":[{"name":"wp","href":"https:\/\/api.w.org\/{rel}","templated":true}]}}