{"id":36820,"date":"2017-10-20T09:00:40","date_gmt":"2017-10-20T12:00:40","guid":{"rendered":"http:\/\/patagoniambiental.com.ar\/info\/?p=36820"},"modified":"2017-10-19T20:54:32","modified_gmt":"2017-10-19T23:54:32","slug":"lo-que-dejo-la-cumbre-de-economia-verde","status":"publish","type":"post","link":"https:\/\/patagoniambiental.com.ar\/info\/lo-que-dejo-la-cumbre-de-economia-verde\/","title":{"rendered":"Lo que dej\u00f3 la Cumbre de Econom\u00eda Verde"},"content":{"rendered":"<div class=\"col-1 pull-left\">\n<header>\n<div class=\"header-bottom\">\n<p>El segundo encuentro que uni\u00f3 a los negocios y la sustentabilidad, esta vez en C\u00f3rdoba, arroj\u00f3 como conclusi\u00f3n que ambos son compatibles. Lecciones de una reuni\u00f3n que cont\u00f3 con figuras de la talla de Barack Obama.<\/p>\n<\/div>\n<\/header>\n<div class=\"box-central clearfix\">\n<div class=\"content-left pull-left\">\n<p class=\"entry-share\">Si algo qued\u00f3 en claro en la II Cumbre de Econom\u00eda Verde que se realiz\u00f3 el 5 y 6 de octubre en la ciudad de C\u00f3rdoba, es que sustentabilidad y negocios son perfectamente compatibles. Durante el evento, del que participaron figuras internacionales como el ex presidente estadounidense Barack Obama, los premios Nobel de Econom\u00eda Eric Marskin y Edmund Phelps, y el activista Ndaba Mandela, titular de la ONG Africa Rising y nieto del l\u00edder sudafricano Nelson Mandela, se debatieron nuevos modelos econ\u00f3micos y de negocios con foco en la eficiencia, el uso de energ\u00edas renovables y el cuidado del ambiente.<\/p>\n<\/div>\n<div class=\"entry-body\">\n<div class=\"content-txt\">\n<p>El encuentro fue organizado por la Fundaci\u00f3n Advanced Leadership y el Gobierno cordob\u00e9s, y tuvo como prop\u00f3sito capacitar a 100 l\u00edderes locales provenientes de empresas, organizaciones de la sociedad civil y de la funci\u00f3n p\u00fablica, en la difusi\u00f3n e implementaci\u00f3n de la llamada \u00abeconom\u00eda circular\u00bb o \u00abbaja en carbono\u00bb, basada en las llamdas 4 R: reducci\u00f3n, reutilizaci\u00f3n, reciclado y revalorizaci\u00f3n de los recursos.<\/p>\n<p>En su mensaje de bienvenida a esta cumbre, Juan Verde, titular de Advanced Leadership m\u00e1s all\u00e1 de ser portador de un apellido premonitorio, destac\u00f3 que \u00abel argumento de que debemos elegir entre el crecimiento econ\u00f3mico y la sustentabilidad est\u00e1 perimido, y sostenerlo ser\u00eda equivalente a decir que no se puede abolir la esclavitud porque la econom\u00eda necesita mano de obra gratis\u00bb.<\/p>\n<p>Sin dudas, las palabras m\u00e1s esperadas de la cumbre fueron las de Barack Obama, quien comenz\u00f3 su discurso advirtiendo que \u00absomos la primera generaci\u00f3n en sufrir los efectos del cambio clim\u00e1tico, y la \u00faltima que puede hacer algo para frenarlo\u00bb.<\/p>\n<p>A diferencia de su sucesor en la Casa Blanca, Obama dio impulso durante su gesti\u00f3n a la firma del llamado Acuerdo de Par\u00eds, por el que 175 pa\u00edses y la Uni\u00f3n Europea se comprometieron a reducir sus emisiones de gases de invernadero (GEI) para evitar que la temperatura media global del planeta aumente por encima de los 2\u00b0C (l\u00edmite considerado peligroso para la supervivencia de las especies).<\/p>\n<p>Si bien Donald Trump dispuso que Estados Unidos se retirar\u00e1 de este acuerdo global, la mayor\u00eda de los Estados, ciudades y empresas mantienen sus compromisos, por lo que se cumplir\u00e1n las metas de reducci\u00f3n de emisiones.<\/p>\n<p>Ocurre que la evidencia cient\u00edfica sobre el Cambio Clim\u00e1tico es hoy abrumadora, y a ella se suman hoy datos econ\u00f3micos contundentes. Desde que se inici\u00f3 este siglo, hemos vivido los 17 a\u00f1os m\u00e1s calurosos de la historia, y m\u00e1s de 3.000 cient\u00edficos de 130 pa\u00edses integrantes del Panel Intergubernamental de Cambio Clim\u00e1tico (IPCC) coincidieron en se\u00f1alar que las actividades humanas est\u00e1n acelerando este proceso de aumento de las temperaturas medias, cambios en los r\u00e9gimenes de precipitaciones, suba del nivel de los oc\u00e9anos y mayor frecuencia de eventos clim\u00e1ticos extremos como huracanes y tsunamis.<\/p>\n<p>Al mismo tiempo, ya estamos en transici\u00f3n de un modelo econ\u00f3mico lineal a uno circular. Hoy hay m\u00e1s inversiones en energ\u00edas limpias que en convencionales, y la mayor parte de \u00e9stas provienen del sector privado.<\/p>\n<p>Los pa\u00edses que m\u00e1s est\u00e1n apostando a este nuevo modelo energ\u00e9tico est\u00e1n en las ant\u00edpodas ideol\u00f3gicas y son China y Alemania. El desarrollo tecnol\u00f3gico ha permitido que las energ\u00edas renovables, a\u00fan sin subsidios, sean hoy m\u00e1s econ\u00f3micas que las f\u00f3siles.<\/p>\n<p>Un pa\u00eds como la Argentina, con su extensi\u00f3n geogr\u00e1fica y diversidad de climas y territorios, tiene un inmenso potencial de generaci\u00f3n energ\u00e9tica en base al sol, al viento, el movimiento de los mares (energ\u00edas e\u00f3lica y undimotriz), el calor de la tierra (geot\u00e9rmica), o los residuos (biog\u00e1s, biomasa y biocombustibles de segunda generaci\u00f3n que no compiten con cultivos alimenticios).<\/p>\n<p>Si las inversiones hoy van hacia las energ\u00edas renovables y las tecnolog\u00edas sustentables, tambi\u00e9n es cierto que hoy los consumidores y trabajadores exigen a las empresas que sean responsables con el cuidado del ambiente y las personas. Seg\u00fan una encuesta global del Pew Research Institute, m\u00e1s de la mitad de los consumidores (52%) est\u00e1n dispuestos a castigar a un pol\u00edtico o producto que no tenga en cuenta al ambiente.<\/p>\n<\/div>\n<\/div>\n<\/div>\n<\/div>\n<aside class=\"col-3 pull-right\">\n<div class=\"content-banner\">\u00a0Fuente:\u00a0https:\/\/www.cronista.com\/responsabilidad\/Lo-que-dejo-la-Cumbre-de-Economia-Verde-20171019-0012.html<\/div>\n<\/aside>\n","protected":false},"excerpt":{"rendered":"<p>El segundo encuentro que uni\u00f3 a los negocios y la sustentabilidad, esta vez en C\u00f3rdoba, arroj\u00f3 como conclusi\u00f3n que ambos [&hellip;]<\/p>\n","protected":false},"author":2,"featured_media":0,"comment_status":"open","ping_status":"open","sticky":false,"template":"","format":"standard","meta":{"site-sidebar-layout":"default","site-content-layout":"","ast-site-content-layout":"default","site-content-style":"default","site-sidebar-style":"default","ast-global-header-display":"","ast-banner-title-visibility":"","ast-main-header-display":"","ast-hfb-above-header-display":"","ast-hfb-below-header-display":"","ast-hfb-mobile-header-display":"","site-post-title":"","ast-breadcrumbs-content":"","ast-featured-img":"","footer-sml-layout":"","ast-disable-related-posts":"","theme-transparent-header-meta":"","adv-header-id-meta":"","stick-header-meta":"","header-above-stick-meta":"","header-main-stick-meta":"","header-below-stick-meta":"","astra-migrate-meta-layouts":"default","ast-page-background-enabled":"default","ast-page-background-meta":{"desktop":{"background-color":"var(--ast-global-color-5)","background-image":"","background-repeat":"repeat","background-position":"center center","background-size":"auto","background-attachment":"scroll","background-type":"","background-media":"","overlay-type":"","overlay-color":"","overlay-opacity":"","overlay-gradient":""},"tablet":{"background-color":"","background-image":"","background-repeat":"repeat","background-position":"center center","background-size":"auto","background-attachment":"scroll","background-type":"","background-media":"","overlay-type":"","overlay-color":"","overlay-opacity":"","overlay-gradient":""},"mobile":{"background-color":"","background-image":"","background-repeat":"repeat","background-position":"center center","background-size":"auto","background-attachment":"scroll","background-type":"","background-media":"","overlay-type":"","overlay-color":"","overlay-opacity":"","overlay-gradient":""}},"ast-content-background-meta":{"desktop":{"background-color":"var(--ast-global-color-4)","background-image":"","background-repeat":"repeat","background-position":"center center","background-size":"auto","background-attachment":"scroll","background-type":"","background-media":"","overlay-type":"","overlay-color":"","overlay-opacity":"","overlay-gradient":""},"tablet":{"background-color":"var(--ast-global-color-4)","background-image":"","background-repeat":"repeat","background-position":"center center","background-size":"auto","background-attachment":"scroll","background-type":"","background-media":"","overlay-type":"","overlay-color":"","overlay-opacity":"","overlay-gradient":""},"mobile":{"background-color":"var(--ast-global-color-4)","background-image":"","background-repeat":"repeat","background-position":"center center","background-size":"auto","background-attachment":"scroll","background-type":"","background-media":"","overlay-type":"","overlay-color":"","overlay-opacity":"","overlay-gradient":""}},"footnotes":""},"categories":[1],"tags":[],"class_list":["post-36820","post","type-post","status-publish","format-standard","hentry","category-noticias"],"yoast_head":"<!-- This site is optimized with the Yoast SEO Premium plugin v23.0 (Yoast SEO v27.5) - https:\/\/yoast.com\/product\/yoast-seo-premium-wordpress\/ -->\n<title>Lo que dej\u00f3 la Cumbre de Econom\u00eda Verde<\/title>\n<meta name=\"robots\" content=\"index, follow, max-snippet:-1, max-image-preview:large, max-video-preview:-1\" \/>\n<link rel=\"canonical\" href=\"https:\/\/patagoniambiental.com.ar\/info\/lo-que-dejo-la-cumbre-de-economia-verde\/\" \/>\n<meta property=\"og:locale\" content=\"es_ES\" \/>\n<meta property=\"og:type\" content=\"article\" \/>\n<meta property=\"og:title\" content=\"Lo que dej\u00f3 la Cumbre de Econom\u00eda Verde\" \/>\n<meta property=\"og:description\" content=\"El segundo encuentro que uni\u00f3 a los negocios y la sustentabilidad, esta vez en C\u00f3rdoba, arroj\u00f3 como conclusi\u00f3n que ambos [&hellip;]\" \/>\n<meta property=\"og:url\" content=\"https:\/\/patagoniambiental.com.ar\/info\/lo-que-dejo-la-cumbre-de-economia-verde\/\" \/>\n<meta property=\"og:site_name\" content=\"Patagonia Ambiental\" \/>\n<meta property=\"article:publisher\" content=\"https:\/\/www.facebook.com\/patagonia.ambiental\" \/>\n<meta property=\"article:author\" content=\"https:\/\/www.facebook.com\/share\/1C1V8Gv9BX\/?mibextid=qi2Omg\" \/>\n<meta property=\"article:published_time\" content=\"2017-10-20T12:00:40+00:00\" \/>\n<meta name=\"author\" content=\"Patagonia Ambiental\" \/>\n<meta name=\"twitter:card\" content=\"summary_large_image\" \/>\n<meta name=\"twitter:creator\" content=\"@PatAmb\" \/>\n<meta name=\"twitter:site\" content=\"@PatAmb\" \/>\n<script type=\"application\/ld+json\" class=\"yoast-schema-graph\">{\"@context\":\"https:\\\/\\\/schema.org\",\"@graph\":[{\"@type\":\"Article\",\"@id\":\"https:\\\/\\\/patagoniambiental.com.ar\\\/info\\\/lo-que-dejo-la-cumbre-de-economia-verde\\\/#article\",\"isPartOf\":{\"@id\":\"https:\\\/\\\/patagoniambiental.com.ar\\\/info\\\/lo-que-dejo-la-cumbre-de-economia-verde\\\/\"},\"author\":{\"name\":\"Patagonia Ambiental\",\"@id\":\"https:\\\/\\\/patagoniambiental.com.ar\\\/info\\\/#\\\/schema\\\/person\\\/db12bff64bbcbf6a253710bf0ea37b5d\"},\"headline\":\"Lo que dej\u00f3 la Cumbre de Econom\u00eda Verde\",\"datePublished\":\"2017-10-20T12:00:40+00:00\",\"mainEntityOfPage\":{\"@id\":\"https:\\\/\\\/patagoniambiental.com.ar\\\/info\\\/lo-que-dejo-la-cumbre-de-economia-verde\\\/\"},\"wordCount\":792,\"commentCount\":0,\"publisher\":{\"@id\":\"https:\\\/\\\/patagoniambiental.com.ar\\\/info\\\/#organization\"},\"articleSection\":[\"Noticias\"],\"inLanguage\":\"es\",\"potentialAction\":[{\"@type\":\"CommentAction\",\"name\":\"Comment\",\"target\":[\"https:\\\/\\\/patagoniambiental.com.ar\\\/info\\\/lo-que-dejo-la-cumbre-de-economia-verde\\\/#respond\"]}]},{\"@type\":\"WebPage\",\"@id\":\"https:\\\/\\\/patagoniambiental.com.ar\\\/info\\\/lo-que-dejo-la-cumbre-de-economia-verde\\\/\",\"url\":\"https:\\\/\\\/patagoniambiental.com.ar\\\/info\\\/lo-que-dejo-la-cumbre-de-economia-verde\\\/\",\"name\":\"Lo que dej\u00f3 la Cumbre de Econom\u00eda Verde\",\"isPartOf\":{\"@id\":\"https:\\\/\\\/patagoniambiental.com.ar\\\/info\\\/#website\"},\"datePublished\":\"2017-10-20T12:00:40+00:00\",\"breadcrumb\":{\"@id\":\"https:\\\/\\\/patagoniambiental.com.ar\\\/info\\\/lo-que-dejo-la-cumbre-de-economia-verde\\\/#breadcrumb\"},\"inLanguage\":\"es\",\"potentialAction\":[{\"@type\":\"ReadAction\",\"target\":[\"https:\\\/\\\/patagoniambiental.com.ar\\\/info\\\/lo-que-dejo-la-cumbre-de-economia-verde\\\/\"]}]},{\"@type\":\"BreadcrumbList\",\"@id\":\"https:\\\/\\\/patagoniambiental.com.ar\\\/info\\\/lo-que-dejo-la-cumbre-de-economia-verde\\\/#breadcrumb\",\"itemListElement\":[{\"@type\":\"ListItem\",\"position\":1,\"name\":\"Inicio\",\"item\":\"https:\\\/\\\/patagoniambiental.com.ar\\\/info\\\/\"},{\"@type\":\"ListItem\",\"position\":2,\"name\":\"Lo que dej\u00f3 la Cumbre de Econom\u00eda Verde\"}]},{\"@type\":\"WebSite\",\"@id\":\"https:\\\/\\\/patagoniambiental.com.ar\\\/info\\\/#website\",\"url\":\"https:\\\/\\\/patagoniambiental.com.ar\\\/info\\\/\",\"name\":\"Patagonia Ambiental\",\"description\":\"Monitoreo y an\u00e1lisis de la situaci\u00f3n geopol\u00edtica en el mundo y su implicancia en la Patagonia\",\"publisher\":{\"@id\":\"https:\\\/\\\/patagoniambiental.com.ar\\\/info\\\/#organization\"},\"potentialAction\":[{\"@type\":\"SearchAction\",\"target\":{\"@type\":\"EntryPoint\",\"urlTemplate\":\"https:\\\/\\\/patagoniambiental.com.ar\\\/info\\\/?s={search_term_string}\"},\"query-input\":{\"@type\":\"PropertyValueSpecification\",\"valueRequired\":true,\"valueName\":\"search_term_string\"}}],\"inLanguage\":\"es\"},{\"@type\":\"Organization\",\"@id\":\"https:\\\/\\\/patagoniambiental.com.ar\\\/info\\\/#organization\",\"name\":\"Patagonia Ambiental\",\"url\":\"https:\\\/\\\/patagoniambiental.com.ar\\\/info\\\/\",\"logo\":{\"@type\":\"ImageObject\",\"inLanguage\":\"es\",\"@id\":\"https:\\\/\\\/patagoniambiental.com.ar\\\/info\\\/#\\\/schema\\\/logo\\\/image\\\/\",\"url\":\"https:\\\/\\\/patagoniambiental.com.ar\\\/info\\\/wp-content\\\/uploads\\\/2025\\\/05\\\/LOGO-PATAGONIA-AMBIENTAL.png\",\"contentUrl\":\"https:\\\/\\\/patagoniambiental.com.ar\\\/info\\\/wp-content\\\/uploads\\\/2025\\\/05\\\/LOGO-PATAGONIA-AMBIENTAL.png\",\"width\":433,\"height\":250,\"caption\":\"Patagonia Ambiental\"},\"image\":{\"@id\":\"https:\\\/\\\/patagoniambiental.com.ar\\\/info\\\/#\\\/schema\\\/logo\\\/image\\\/\"},\"sameAs\":[\"https:\\\/\\\/www.facebook.com\\\/patagonia.ambiental\",\"https:\\\/\\\/x.com\\\/PatAmb\"]},{\"@type\":\"Person\",\"@id\":\"https:\\\/\\\/patagoniambiental.com.ar\\\/info\\\/#\\\/schema\\\/person\\\/db12bff64bbcbf6a253710bf0ea37b5d\",\"name\":\"Patagonia Ambiental\",\"description\":\"Andr\u00e9s Nievas T\u00e9cnico en manejo ambiental, consultor Ambiental y escritor para medios locales e internacionales sobre temas de geopolitica y medio ambiente.\",\"sameAs\":[\"http:\\\/\\\/www.patagoniambiental.com.ar\",\"https:\\\/\\\/www.facebook.com\\\/share\\\/1C1V8Gv9BX\\\/?mibextid=qi2Omg\",\"@patagoniambiental\",\"https:\\\/\\\/youtube.com\\\/@patagoniaambiental2023?si=BLt58t0wuXquxlYZ\"]}]}<\/script>\n<!-- \/ Yoast SEO Premium plugin. -->","yoast_head_json":{"title":"Lo que dej\u00f3 la Cumbre de Econom\u00eda Verde","robots":{"index":"index","follow":"follow","max-snippet":"max-snippet:-1","max-image-preview":"max-image-preview:large","max-video-preview":"max-video-preview:-1"},"canonical":"https:\/\/patagoniambiental.com.ar\/info\/lo-que-dejo-la-cumbre-de-economia-verde\/","og_locale":"es_ES","og_type":"article","og_title":"Lo que dej\u00f3 la Cumbre de Econom\u00eda Verde","og_description":"El segundo encuentro que uni\u00f3 a los negocios y la sustentabilidad, esta vez en C\u00f3rdoba, arroj\u00f3 como conclusi\u00f3n que ambos [&hellip;]","og_url":"https:\/\/patagoniambiental.com.ar\/info\/lo-que-dejo-la-cumbre-de-economia-verde\/","og_site_name":"Patagonia Ambiental","article_publisher":"https:\/\/www.facebook.com\/patagonia.ambiental","article_author":"https:\/\/www.facebook.com\/share\/1C1V8Gv9BX\/?mibextid=qi2Omg","article_published_time":"2017-10-20T12:00:40+00:00","author":"Patagonia Ambiental","twitter_card":"summary_large_image","twitter_creator":"@PatAmb","twitter_site":"@PatAmb","schema":{"@context":"https:\/\/schema.org","@graph":[{"@type":"Article","@id":"https:\/\/patagoniambiental.com.ar\/info\/lo-que-dejo-la-cumbre-de-economia-verde\/#article","isPartOf":{"@id":"https:\/\/patagoniambiental.com.ar\/info\/lo-que-dejo-la-cumbre-de-economia-verde\/"},"author":{"name":"Patagonia Ambiental","@id":"https:\/\/patagoniambiental.com.ar\/info\/#\/schema\/person\/db12bff64bbcbf6a253710bf0ea37b5d"},"headline":"Lo que dej\u00f3 la Cumbre de Econom\u00eda Verde","datePublished":"2017-10-20T12:00:40+00:00","mainEntityOfPage":{"@id":"https:\/\/patagoniambiental.com.ar\/info\/lo-que-dejo-la-cumbre-de-economia-verde\/"},"wordCount":792,"commentCount":0,"publisher":{"@id":"https:\/\/patagoniambiental.com.ar\/info\/#organization"},"articleSection":["Noticias"],"inLanguage":"es","potentialAction":[{"@type":"CommentAction","name":"Comment","target":["https:\/\/patagoniambiental.com.ar\/info\/lo-que-dejo-la-cumbre-de-economia-verde\/#respond"]}]},{"@type":"WebPage","@id":"https:\/\/patagoniambiental.com.ar\/info\/lo-que-dejo-la-cumbre-de-economia-verde\/","url":"https:\/\/patagoniambiental.com.ar\/info\/lo-que-dejo-la-cumbre-de-economia-verde\/","name":"Lo que dej\u00f3 la Cumbre de Econom\u00eda Verde","isPartOf":{"@id":"https:\/\/patagoniambiental.com.ar\/info\/#website"},"datePublished":"2017-10-20T12:00:40+00:00","breadcrumb":{"@id":"https:\/\/patagoniambiental.com.ar\/info\/lo-que-dejo-la-cumbre-de-economia-verde\/#breadcrumb"},"inLanguage":"es","potentialAction":[{"@type":"ReadAction","target":["https:\/\/patagoniambiental.com.ar\/info\/lo-que-dejo-la-cumbre-de-economia-verde\/"]}]},{"@type":"BreadcrumbList","@id":"https:\/\/patagoniambiental.com.ar\/info\/lo-que-dejo-la-cumbre-de-economia-verde\/#breadcrumb","itemListElement":[{"@type":"ListItem","position":1,"name":"Inicio","item":"https:\/\/patagoniambiental.com.ar\/info\/"},{"@type":"ListItem","position":2,"name":"Lo que dej\u00f3 la Cumbre de Econom\u00eda Verde"}]},{"@type":"WebSite","@id":"https:\/\/patagoniambiental.com.ar\/info\/#website","url":"https:\/\/patagoniambiental.com.ar\/info\/","name":"Patagonia Ambiental","description":"Monitoreo y an\u00e1lisis de la situaci\u00f3n geopol\u00edtica en el mundo y su implicancia en la Patagonia","publisher":{"@id":"https:\/\/patagoniambiental.com.ar\/info\/#organization"},"potentialAction":[{"@type":"SearchAction","target":{"@type":"EntryPoint","urlTemplate":"https:\/\/patagoniambiental.com.ar\/info\/?s={search_term_string}"},"query-input":{"@type":"PropertyValueSpecification","valueRequired":true,"valueName":"search_term_string"}}],"inLanguage":"es"},{"@type":"Organization","@id":"https:\/\/patagoniambiental.com.ar\/info\/#organization","name":"Patagonia Ambiental","url":"https:\/\/patagoniambiental.com.ar\/info\/","logo":{"@type":"ImageObject","inLanguage":"es","@id":"https:\/\/patagoniambiental.com.ar\/info\/#\/schema\/logo\/image\/","url":"https:\/\/patagoniambiental.com.ar\/info\/wp-content\/uploads\/2025\/05\/LOGO-PATAGONIA-AMBIENTAL.png","contentUrl":"https:\/\/patagoniambiental.com.ar\/info\/wp-content\/uploads\/2025\/05\/LOGO-PATAGONIA-AMBIENTAL.png","width":433,"height":250,"caption":"Patagonia Ambiental"},"image":{"@id":"https:\/\/patagoniambiental.com.ar\/info\/#\/schema\/logo\/image\/"},"sameAs":["https:\/\/www.facebook.com\/patagonia.ambiental","https:\/\/x.com\/PatAmb"]},{"@type":"Person","@id":"https:\/\/patagoniambiental.com.ar\/info\/#\/schema\/person\/db12bff64bbcbf6a253710bf0ea37b5d","name":"Patagonia Ambiental","description":"Andr\u00e9s Nievas T\u00e9cnico en manejo ambiental, consultor Ambiental y escritor para medios locales e internacionales sobre temas de geopolitica y medio ambiente.","sameAs":["http:\/\/www.patagoniambiental.com.ar","https:\/\/www.facebook.com\/share\/1C1V8Gv9BX\/?mibextid=qi2Omg","@patagoniambiental","https:\/\/youtube.com\/@patagoniaambiental2023?si=BLt58t0wuXquxlYZ"]}]}},"_links":{"self":[{"href":"https:\/\/patagoniambiental.com.ar\/info\/wp-json\/wp\/v2\/posts\/36820","targetHints":{"allow":["GET"]}}],"collection":[{"href":"https:\/\/patagoniambiental.com.ar\/info\/wp-json\/wp\/v2\/posts"}],"about":[{"href":"https:\/\/patagoniambiental.com.ar\/info\/wp-json\/wp\/v2\/types\/post"}],"author":[{"embeddable":true,"href":"https:\/\/patagoniambiental.com.ar\/info\/wp-json\/wp\/v2\/users\/2"}],"replies":[{"embeddable":true,"href":"https:\/\/patagoniambiental.com.ar\/info\/wp-json\/wp\/v2\/comments?post=36820"}],"version-history":[{"count":0,"href":"https:\/\/patagoniambiental.com.ar\/info\/wp-json\/wp\/v2\/posts\/36820\/revisions"}],"wp:attachment":[{"href":"https:\/\/patagoniambiental.com.ar\/info\/wp-json\/wp\/v2\/media?parent=36820"}],"wp:term":[{"taxonomy":"category","embeddable":true,"href":"https:\/\/patagoniambiental.com.ar\/info\/wp-json\/wp\/v2\/categories?post=36820"},{"taxonomy":"post_tag","embeddable":true,"href":"https:\/\/patagoniambiental.com.ar\/info\/wp-json\/wp\/v2\/tags?post=36820"}],"curies":[{"name":"wp","href":"https:\/\/api.w.org\/{rel}","templated":true}]}}