{"id":36827,"date":"2017-10-20T09:00:35","date_gmt":"2017-10-20T12:00:35","guid":{"rendered":"http:\/\/patagoniambiental.com.ar\/info\/?p=36827"},"modified":"2017-10-19T21:06:09","modified_gmt":"2017-10-20T00:06:09","slug":"patagonia-en-llamas-intendente-de-esquel-ve-peligrar-turismo-por-protesta-mapuche-y-los-estancieros-exigen-seguridad","status":"publish","type":"post","link":"https:\/\/patagoniambiental.com.ar\/info\/patagonia-en-llamas-intendente-de-esquel-ve-peligrar-turismo-por-protesta-mapuche-y-los-estancieros-exigen-seguridad\/","title":{"rendered":"Patagonia en llamas: intendente de Esquel ve peligrar turismo por protesta mapuche y los estancieros exigen seguridad"},"content":{"rendered":"<div class=\"bajadanh\">ESQUEL.- Sergio Ongarato dialog\u00f3 con iProfesional y advirti\u00f3 que la situaci\u00f3n en torno al reclamo territorial genera incertidumbre en el empresariado. Reconoci\u00f3 reclamos de cara a nuevas inversiones. Sostuvo que la comunidad mapuche de la ciudad no participa de las protestas en Cushamen.Aut\u00e9ntico epicentro en todo lo referente al proceso judicial que sigue a la desaparici\u00f3n de Santiago Maldonado y, adem\u00e1s, vecina a las\u00a0<a href=\"http:\/\/www.iprofesional.com\/notas\/257236-combustibles-tierras-shale-gas-vaca-muerta-mapuches-El-megayacimiento-petrolero-Vaca-Muerta-nuevo-objetivo-en-la-reivindicacion-mapuche-por-tierras-ancestrales\" target=\"_blank\" rel=\"noopener\">tierras<\/a>que distintos grupos mapuches vienen reivindicando como propias, la ciudad de\u00a0<strong>Esquel<\/strong>, en la provincia de\u00a0<strong>Chubut<\/strong>, ha perdido su condici\u00f3n de destino ideal para turismo y la desconexi\u00f3n.<\/p>\n<p>En las \u00faltimas semanas, se ha transformado en un escenario de\u00a0<strong>tensiones\u00a0<\/strong>que genera\u00a0<strong>preocupaci\u00f3n\u00a0<\/strong>entre el\u00a0<strong>empresariado\u00a0<\/strong>local.<\/p>\n<p>A ojos de quienes dirigen los destinos de esta plaza patag\u00f3nica, las acciones que vienen acompa\u00f1ando el reclamo territorial no hacen m\u00e1s que\u00a0<strong>desalentar\u00a0<\/strong>el flujo de\u00a0<strong>visitantes<\/strong>.<\/p>\n<p>En paralelo, las sucesivas\u00a0<strong>ocupaciones\u00a0<\/strong>de\u00a0<strong>lotes\u00a0<\/strong>elevaron la queja de los\u00a0<strong>productores<\/strong>, que de un tiempo a esta parte comenzaron a exigir del Estado municipal nuevas pol\u00edticas que garanticen el\u00a0<strong>trabajo seguro\u00a0<\/strong>dentro de las estancias.<\/p>\n<p>El creciente malestar fue reconocido ante\u00a0<strong>iProfesional\u00a0<\/strong>por el propio Sergio Ongarato, actual\u00a0<strong>intendente\u00a0<\/strong>de\u00a0<strong>Esquel.\u00a0<\/strong><\/p>\n<p>\u00abEl incremento en los focos de tensiones est\u00e1\u00a0<strong>minando\u00a0<\/strong>el insumo b\u00e1sico de la actividad tur\u00edstica, que es la\u00a0<strong>tranquilidad<\/strong>\u00ab, apunt\u00f3.<\/p>\n<p>\u00abHay\u00a0<strong>preocupaci\u00f3n\u00a0<\/strong>en el sector tur\u00edstico de la ciudad porque la zona se est\u00e1 transformando en un\u00a0<strong>sitio\u00a0<\/strong>de\u00a0<strong>conflicto<\/strong>. Que tengamos tensiones sobre una ruta nacional que nos vincula con el Norte complica el panorama. Por supuesto que exigimos que se sepa todo sobre Santiago Maldonado, que nadie dude de eso. Pero esperamos por una\u00a0<strong>conflictividad\u00a0<\/strong>que\u00a0<strong>cese\u00a0<\/strong>lo antes posible\u00bb, expres\u00f3.<\/p>\n<p>Ongarato asegur\u00f3 que el\u00a0<strong>malestar\u00a0<\/strong>entre los empresarios dom\u00e9sticos va en\u00a0<strong>ascenso<\/strong>, y que la persistencia de la disputa en torno a la tierra en toda esa zona de\u00a0<strong>Chubut\u00a0<\/strong>\u00abse est\u00e1 volviendo un\u00a0<strong>foco\u00a0<\/strong>de\u00a0<strong>problemas\u00a0<\/strong>que pone en riesgo inversiones necesarias para la ciudad\u00bb.<\/p>\n<p>\u00abQue la afluencia de turistas baje por el motivo de los incidentes es algo que puede ocurrir. Nadie va de vacaciones a Siria, por ejemplo. Ya tenemos una situaci\u00f3n problem\u00e1tica con los peri\u00f3dicos cortes de rutas. Pero si se llega a dar una situaci\u00f3n similar en la zona del aeropuerto, entonces ah\u00ed s\u00ed ser\u00eda\u00a0<strong>dram\u00e1tico\u00a0<\/strong>para la\u00a0<strong>ciudad<\/strong>\u00ab, se sincer\u00f3 el mandatario comunal.<\/p>\n<p>El intendente expuso que, adem\u00e1s de la inquietud en el sector tur\u00edstico, distintos representantes de la\u00a0<strong>actividad agropecuaria<\/strong>\u00a0tambi\u00e9n le transmitieron su malestar por lo que viene ocurriendo con el\u00a0<strong>avance\u00a0<\/strong>de\u00a0<strong>grupos\u00a0<a href=\"http:\/\/www.iprofesional.com\/notas\/256262-tierras-petroleo-gobierno-esquel-vaca-muerta-intendentes-mapuches-maldonado-Esquel-punto-de-partida-en-la-ciudad-creen-que-la-toma-de-tierras-recien-arranca-y-que-los-mapuches-iran-por-mas\" target=\"_blank\" rel=\"noopener\">mapuches<\/a>\u00a0<\/strong>sobre\u00a0<a href=\"http:\/\/www.iprofesional.com\/notas\/257236-combustibles-tierras-shale-gas-vaca-muerta-mapuches-El-megayacimiento-petrolero-Vaca-Muerta-nuevo-objetivo-en-la-reivindicacion-mapuche-por-tierras-ancestrales\" target=\"_blank\" rel=\"noopener\">tierras<\/a>\u00a0que el Estado considera privadas.<\/p>\n<p>\u00abEl sector productivo est\u00e1 pidiendo continuamente un mayor acompa\u00f1amiento y que se le brinde protecci\u00f3n. Quieren\u00a0<strong>m\u00e1s seguridad\u00a0<\/strong>para los\u00a0<strong>puesteros<\/strong>. Los empresarios piden estar m\u00e1s tranquilos para poder\u00a0<strong>seguir invirtiendo\u00a0<\/strong>en sus establecimientos\u00bb, dijo.<\/p>\n<p>Sin embargo, el mandatario comunal se mostr\u00f3 desconcertado frente a los continuos conflictos que azotan a la ciudad:\u00a0\u00abLa verdad que no sabemos c\u00f3mo anticiparnos a los hechos que se denuncian en los campos.\u00a0<strong>No sabemos c\u00f3mo garantizar\u00a0<\/strong>la\u00a0<strong>seguridad\u00a0<\/strong>que se nos pide\u00bb.<\/p>\n<p><a class=\"fancybox\" title=\"\" href=\"http:\/\/www.iprofesional.com\/adjuntos\/jpg\/2017\/10\/449353.jpg\"><img decoding=\"async\" src=\"http:\/\/www.iprofesional.com\/adjuntos\/jpg\/2017\/10\/449353.jpg\" alt=\"\" \/><\/a><\/p>\n<p>Empresas del ramo como\u00a0<strong>Compa\u00f1\u00eda de\u00a0<a href=\"http:\/\/www.iprofesional.com\/notas\/257236-combustibles-tierras-shale-gas-vaca-muerta-mapuches-El-megayacimiento-petrolero-Vaca-Muerta-nuevo-objetivo-en-la-reivindicacion-mapuche-por-tierras-ancestrales\" target=\"_blank\" rel=\"noopener\">Tierras<\/a><\/strong>\u00a0-la firma que administra las propiedades del grupo Benetton en las provincias de Chubut y R\u00edo Negro-, llevan elevadas a la Justicia unas 50 denuncias de acciones violentas contra sus instalaciones por parte -seg\u00fan indican- de\u00a0<a href=\"http:\/\/www.iprofesional.com\/notas\/256262-tierras-petroleo-gobierno-esquel-vaca-muerta-intendentes-mapuches-maldonado-Esquel-punto-de-partida-en-la-ciudad-creen-que-la-toma-de-tierras-recien-arranca-y-que-los-mapuches-iran-por-mas\" target=\"_blank\" rel=\"noopener\">mapuches<\/a>.<\/p>\n<p><strong><span style=\"color: #333399\">Fuerzas desplegadas<\/span><\/strong><br \/>\nDurante el encuentro con este medio, Ongarato afirm\u00f3 que como consecuencia de la desaparici\u00f3n de Maldonado y los cruces con la comunidad mapuche del Pu Lof en resistencia de Cushamen, Esquel se ha transformado en un\u00a0<strong>basti\u00f3n\u00a0<\/strong>clave para numerosas\u00a0<strong>fuerzas<\/strong>\u00a0de\u00a0<strong>seguridad<\/strong>.<\/p>\n<p>Pero que, a contramano de lo que se pudiera suponer, la\u00a0<strong>municipalidad<\/strong>local tan s\u00f3lo es\u00a0<strong>testigo\u00a0<\/strong>de un\u00a0<strong>accionar\u00a0<\/strong>que el\u00a0<a href=\"http:\/\/www.iprofesional.com\/notas\/256586-salario-ministerio-ajuste-empleado-Gremios-desafian-la-nueva-meta-salarial-del-Gobierno-cual-es-el-piso-de-aumento-que-pretenden\" target=\"_blank\" rel=\"noopener\">Gobierno<\/a>\u00a0nacional promueve sin brindarle mayores detalles a la comunidad esquelense.<\/p>\n<p>\u00abNo hemos sido avisados de este despliegue. Tengo entendido que hay m\u00e1s de\u00a0<strong>400 efectivos<\/strong>\u00a0de la\u00a0<strong>Polic\u00eda Federal\u00a0<\/strong>instalados en la ciudad y tambi\u00e9n otras fuerzas especiales, pero a nosotros, la Municipalidad, no nos han participado de todo este movimiento. En su momento nos solicitaron la residencia deportiva como alojamiento para los gendarmes\u00bb, coment\u00f3 el mandatario.<\/p>\n<p>Seg\u00fan pudo saber\u00a0<strong>iProfesional\u00a0<\/strong>de fuentes cercanas al Ministerio de Seguridad, adem\u00e1s de los federales, en Esquel hoy se concentran:<\/p>\n<p>\u2022 Un\u00a0<strong>escuadr\u00f3n\u00a0<\/strong>de la\u00a0<strong>Guardia\u00a0<\/strong>de\u00a0<strong>Infanter\u00eda<\/strong>.<br \/>\n\u2022 Un refuerzo de\u00a0<strong>100 gendarmes.<\/strong><br \/>\n\u2022 Un pelot\u00f3n del Grupo Especial de Operaciones Policiales (<strong>GEOP<\/strong>).<br \/>\n\u2022 Dos unidades especiales de 50 hombres cada una de la\u00a0<strong>Prefectura<\/strong>.<br \/>\n\u2022 <strong>Fuerzas policiales\u00a0<\/strong>de esa ciudad.<\/p>\n<p>Por \u00faltimo, Ongarato marc\u00f3\u00a0<strong>diferencias\u00a0<\/strong>respecto de la situaci\u00f3n de la comunidad mapuche en\u00a0<strong>Esquel\u00a0<\/strong>y aquellos que integran el\u00a0<strong>Pu Lof\u00a0<\/strong>en resistencia de Cushamen. A su entender, sus habitantes\u00a0<strong>\u00abno son de ac\u00e1<\/strong>, como suelen decir\u00bb, por lo que \u00abel reclamo de\u00a0<a href=\"http:\/\/www.iprofesional.com\/notas\/257236-combustibles-tierras-shale-gas-vaca-muerta-mapuches-El-megayacimiento-petrolero-Vaca-Muerta-nuevo-objetivo-en-la-reivindicacion-mapuche-por-tierras-ancestrales\" target=\"_blank\" rel=\"noopener\">tierras<\/a>\u00a0nada tiene que ver con los mapuches de esta zona de Chubut\u00bb.<\/p>\n<p>\u00abEn\u00a0<strong>Esquel\u00a0<\/strong>tenemos dos\u00a0<strong>comunidades<\/strong><strong><a href=\"http:\/\/www.iprofesional.com\/notas\/256262-tierras-petroleo-gobierno-esquel-vaca-muerta-intendentes-mapuches-maldonado-Esquel-punto-de-partida-en-la-ciudad-creen-que-la-toma-de-tierras-recien-arranca-y-que-los-mapuches-iran-por-mas\" target=\"_blank\" rel=\"noopener\">mapuches<\/a>\u00a0reconocidas<\/strong>\u00a0y muchos de sus descendientes viven en la ciudad. No tuvimos ning\u00fan inconveniente al respecto porque se les han reconocido\u00a0<a href=\"http:\/\/www.iprofesional.com\/notas\/257236-combustibles-tierras-shale-gas-vaca-muerta-mapuches-El-megayacimiento-petrolero-Vaca-Muerta-nuevo-objetivo-en-la-reivindicacion-mapuche-por-tierras-ancestrales\" target=\"_blank\" rel=\"noopener\">tierras<\/a>\u00a0y dem\u00e1s. Esto que pasa ahora corresponde a grupos que no pertenecen a Esquel. Se dan situaciones a las que no estamos acostumbrados y eso prueba que son\u00a0<strong>promovidas\u00a0<\/strong>por personas de\u00a0<strong>afuera<\/strong>\u00ab, concluy\u00f3.<\/p>\n<p>Inquietud privada, incertidumbre productiva: nuevos componentes se suman a un escenario por dem\u00e1s de complejo e impredecible en el Sur.<\/p>\n<p>Todo esto, a dos meses de una desaparici\u00f3n que adem\u00e1s de visibilizar mucho m\u00e1s un reclamo territorial que ya suma a\u00f1os, ahora pone en\u00a0<strong>jaque\u00a0<\/strong>la\u00a0<strong>perspectiva<\/strong><strong>econ\u00f3mica\u00a0<\/strong>en uno de los rincones m\u00e1s cotizados de la\u00a0<strong>Patagonia\u00a0<\/strong>argentina.<\/p>\n<\/div>\n<p>Fuente:\u00a0http:\/\/www.iprofesional.com\/notas\/257422-tierras-gobierno-negociacion-intendentes-mapuches-ministerio-publico-fiscal-caso-maldonado-Patagonia-en-llamas-intendente-de-Esquel-ve-peligrar-turismo-por-protesta-mapuche-y-los-estancieros-exigen-seguridad?page_y=0<\/p>\n","protected":false},"excerpt":{"rendered":"<p>ESQUEL.- Sergio Ongarato dialog\u00f3 con iProfesional y advirti\u00f3 que la situaci\u00f3n en torno al reclamo territorial genera incertidumbre en el [&hellip;]<\/p>\n","protected":false},"author":2,"featured_media":36828,"comment_status":"open","ping_status":"open","sticky":false,"template":"","format":"standard","meta":{"site-sidebar-layout":"default","site-content-layout":"","ast-site-content-layout":"default","site-content-style":"default","site-sidebar-style":"default","ast-global-header-display":"","ast-banner-title-visibility":"","ast-main-header-display":"","ast-hfb-above-header-display":"","ast-hfb-below-header-display":"","ast-hfb-mobile-header-display":"","site-post-title":"","ast-breadcrumbs-content":"","ast-featured-img":"","footer-sml-layout":"","ast-disable-related-posts":"","theme-transparent-header-meta":"","adv-header-id-meta":"","stick-header-meta":"","header-above-stick-meta":"","header-main-stick-meta":"","header-below-stick-meta":"","astra-migrate-meta-layouts":"default","ast-page-background-enabled":"default","ast-page-background-meta":{"desktop":{"background-color":"var(--ast-global-color-5)","background-image":"","background-repeat":"repeat","background-position":"center center","background-size":"auto","background-attachment":"scroll","background-type":"","background-media":"","overlay-type":"","overlay-color":"","overlay-opacity":"","overlay-gradient":""},"tablet":{"background-color":"","background-image":"","background-repeat":"repeat","background-position":"center center","background-size":"auto","background-attachment":"scroll","background-type":"","background-media":"","overlay-type":"","overlay-color":"","overlay-opacity":"","overlay-gradient":""},"mobile":{"background-color":"","background-image":"","background-repeat":"repeat","background-position":"center center","background-size":"auto","background-attachment":"scroll","background-type":"","background-media":"","overlay-type":"","overlay-color":"","overlay-opacity":"","overlay-gradient":""}},"ast-content-background-meta":{"desktop":{"background-color":"var(--ast-global-color-4)","background-image":"","background-repeat":"repeat","background-position":"center center","background-size":"auto","background-attachment":"scroll","background-type":"","background-media":"","overlay-type":"","overlay-color":"","overlay-opacity":"","overlay-gradient":""},"tablet":{"background-color":"var(--ast-global-color-4)","background-image":"","background-repeat":"repeat","background-position":"center center","background-size":"auto","background-attachment":"scroll","background-type":"","background-media":"","overlay-type":"","overlay-color":"","overlay-opacity":"","overlay-gradient":""},"mobile":{"background-color":"var(--ast-global-color-4)","background-image":"","background-repeat":"repeat","background-position":"center center","background-size":"auto","background-attachment":"scroll","background-type":"","background-media":"","overlay-type":"","overlay-color":"","overlay-opacity":"","overlay-gradient":""}},"footnotes":""},"categories":[46,1],"tags":[],"class_list":["post-36827","post","type-post","status-publish","format-standard","has-post-thumbnail","hentry","category-municipios","category-noticias"],"yoast_head":"<!-- This site is optimized with the Yoast SEO Premium plugin v23.0 (Yoast SEO v27.5) - https:\/\/yoast.com\/product\/yoast-seo-premium-wordpress\/ -->\n<title>Patagonia en llamas: intendente de Esquel ve peligrar turismo por protesta mapuche y los estancieros exigen seguridad<\/title>\n<meta name=\"robots\" content=\"index, follow, max-snippet:-1, max-image-preview:large, max-video-preview:-1\" \/>\n<link rel=\"canonical\" href=\"https:\/\/patagoniambiental.com.ar\/info\/patagonia-en-llamas-intendente-de-esquel-ve-peligrar-turismo-por-protesta-mapuche-y-los-estancieros-exigen-seguridad\/\" \/>\n<meta property=\"og:locale\" content=\"es_ES\" \/>\n<meta property=\"og:type\" content=\"article\" \/>\n<meta property=\"og:title\" content=\"Patagonia en llamas: intendente de Esquel ve peligrar turismo por protesta mapuche y los estancieros exigen seguridad\" \/>\n<meta property=\"og:description\" content=\"ESQUEL.- Sergio Ongarato dialog\u00f3 con iProfesional y advirti\u00f3 que la situaci\u00f3n en torno al reclamo territorial genera incertidumbre en el [&hellip;]\" \/>\n<meta property=\"og:url\" content=\"https:\/\/patagoniambiental.com.ar\/info\/patagonia-en-llamas-intendente-de-esquel-ve-peligrar-turismo-por-protesta-mapuche-y-los-estancieros-exigen-seguridad\/\" \/>\n<meta property=\"og:site_name\" content=\"Patagonia Ambiental\" \/>\n<meta property=\"article:publisher\" content=\"https:\/\/www.facebook.com\/patagonia.ambiental\" \/>\n<meta property=\"article:author\" content=\"https:\/\/www.facebook.com\/share\/1C1V8Gv9BX\/?mibextid=qi2Omg\" \/>\n<meta property=\"article:published_time\" content=\"2017-10-20T12:00:35+00:00\" \/>\n<meta property=\"og:image\" content=\"https:\/\/patagoniambiental.com.ar\/info\/wp-content\/uploads\/2017\/10\/esquel-mapuche.jpg\" \/>\n\t<meta property=\"og:image:width\" content=\"630\" \/>\n\t<meta property=\"og:image:height\" content=\"460\" \/>\n\t<meta property=\"og:image:type\" content=\"image\/jpeg\" \/>\n<meta name=\"author\" content=\"Patagonia Ambiental\" \/>\n<meta name=\"twitter:card\" content=\"summary_large_image\" \/>\n<meta name=\"twitter:creator\" content=\"@PatAmb\" \/>\n<meta name=\"twitter:site\" content=\"@PatAmb\" \/>\n<script type=\"application\/ld+json\" class=\"yoast-schema-graph\">{\"@context\":\"https:\\\/\\\/schema.org\",\"@graph\":[{\"@type\":\"Article\",\"@id\":\"https:\\\/\\\/patagoniambiental.com.ar\\\/info\\\/patagonia-en-llamas-intendente-de-esquel-ve-peligrar-turismo-por-protesta-mapuche-y-los-estancieros-exigen-seguridad\\\/#article\",\"isPartOf\":{\"@id\":\"https:\\\/\\\/patagoniambiental.com.ar\\\/info\\\/patagonia-en-llamas-intendente-de-esquel-ve-peligrar-turismo-por-protesta-mapuche-y-los-estancieros-exigen-seguridad\\\/\"},\"author\":{\"name\":\"Patagonia Ambiental\",\"@id\":\"https:\\\/\\\/patagoniambiental.com.ar\\\/info\\\/#\\\/schema\\\/person\\\/db12bff64bbcbf6a253710bf0ea37b5d\"},\"headline\":\"Patagonia en llamas: intendente de Esquel ve peligrar turismo por protesta mapuche y los estancieros exigen seguridad\",\"datePublished\":\"2017-10-20T12:00:35+00:00\",\"mainEntityOfPage\":{\"@id\":\"https:\\\/\\\/patagoniambiental.com.ar\\\/info\\\/patagonia-en-llamas-intendente-de-esquel-ve-peligrar-turismo-por-protesta-mapuche-y-los-estancieros-exigen-seguridad\\\/\"},\"wordCount\":998,\"commentCount\":0,\"publisher\":{\"@id\":\"https:\\\/\\\/patagoniambiental.com.ar\\\/info\\\/#organization\"},\"image\":{\"@id\":\"https:\\\/\\\/patagoniambiental.com.ar\\\/info\\\/patagonia-en-llamas-intendente-de-esquel-ve-peligrar-turismo-por-protesta-mapuche-y-los-estancieros-exigen-seguridad\\\/#primaryimage\"},\"thumbnailUrl\":\"https:\\\/\\\/patagoniambiental.com.ar\\\/info\\\/wp-content\\\/uploads\\\/2017\\\/10\\\/esquel-mapuche.jpg\",\"articleSection\":[\"Municipios\",\"Noticias\"],\"inLanguage\":\"es\",\"potentialAction\":[{\"@type\":\"CommentAction\",\"name\":\"Comment\",\"target\":[\"https:\\\/\\\/patagoniambiental.com.ar\\\/info\\\/patagonia-en-llamas-intendente-de-esquel-ve-peligrar-turismo-por-protesta-mapuche-y-los-estancieros-exigen-seguridad\\\/#respond\"]}]},{\"@type\":\"WebPage\",\"@id\":\"https:\\\/\\\/patagoniambiental.com.ar\\\/info\\\/patagonia-en-llamas-intendente-de-esquel-ve-peligrar-turismo-por-protesta-mapuche-y-los-estancieros-exigen-seguridad\\\/\",\"url\":\"https:\\\/\\\/patagoniambiental.com.ar\\\/info\\\/patagonia-en-llamas-intendente-de-esquel-ve-peligrar-turismo-por-protesta-mapuche-y-los-estancieros-exigen-seguridad\\\/\",\"name\":\"Patagonia en llamas: intendente de Esquel ve peligrar turismo por protesta mapuche y los estancieros exigen seguridad\",\"isPartOf\":{\"@id\":\"https:\\\/\\\/patagoniambiental.com.ar\\\/info\\\/#website\"},\"primaryImageOfPage\":{\"@id\":\"https:\\\/\\\/patagoniambiental.com.ar\\\/info\\\/patagonia-en-llamas-intendente-de-esquel-ve-peligrar-turismo-por-protesta-mapuche-y-los-estancieros-exigen-seguridad\\\/#primaryimage\"},\"image\":{\"@id\":\"https:\\\/\\\/patagoniambiental.com.ar\\\/info\\\/patagonia-en-llamas-intendente-de-esquel-ve-peligrar-turismo-por-protesta-mapuche-y-los-estancieros-exigen-seguridad\\\/#primaryimage\"},\"thumbnailUrl\":\"https:\\\/\\\/patagoniambiental.com.ar\\\/info\\\/wp-content\\\/uploads\\\/2017\\\/10\\\/esquel-mapuche.jpg\",\"datePublished\":\"2017-10-20T12:00:35+00:00\",\"breadcrumb\":{\"@id\":\"https:\\\/\\\/patagoniambiental.com.ar\\\/info\\\/patagonia-en-llamas-intendente-de-esquel-ve-peligrar-turismo-por-protesta-mapuche-y-los-estancieros-exigen-seguridad\\\/#breadcrumb\"},\"inLanguage\":\"es\",\"potentialAction\":[{\"@type\":\"ReadAction\",\"target\":[\"https:\\\/\\\/patagoniambiental.com.ar\\\/info\\\/patagonia-en-llamas-intendente-de-esquel-ve-peligrar-turismo-por-protesta-mapuche-y-los-estancieros-exigen-seguridad\\\/\"]}]},{\"@type\":\"ImageObject\",\"inLanguage\":\"es\",\"@id\":\"https:\\\/\\\/patagoniambiental.com.ar\\\/info\\\/patagonia-en-llamas-intendente-de-esquel-ve-peligrar-turismo-por-protesta-mapuche-y-los-estancieros-exigen-seguridad\\\/#primaryimage\",\"url\":\"https:\\\/\\\/patagoniambiental.com.ar\\\/info\\\/wp-content\\\/uploads\\\/2017\\\/10\\\/esquel-mapuche.jpg\",\"contentUrl\":\"https:\\\/\\\/patagoniambiental.com.ar\\\/info\\\/wp-content\\\/uploads\\\/2017\\\/10\\\/esquel-mapuche.jpg\",\"width\":630,\"height\":460},{\"@type\":\"BreadcrumbList\",\"@id\":\"https:\\\/\\\/patagoniambiental.com.ar\\\/info\\\/patagonia-en-llamas-intendente-de-esquel-ve-peligrar-turismo-por-protesta-mapuche-y-los-estancieros-exigen-seguridad\\\/#breadcrumb\",\"itemListElement\":[{\"@type\":\"ListItem\",\"position\":1,\"name\":\"Inicio\",\"item\":\"https:\\\/\\\/patagoniambiental.com.ar\\\/info\\\/\"},{\"@type\":\"ListItem\",\"position\":2,\"name\":\"Patagonia en llamas: intendente de Esquel ve peligrar turismo por protesta mapuche y los estancieros exigen seguridad\"}]},{\"@type\":\"WebSite\",\"@id\":\"https:\\\/\\\/patagoniambiental.com.ar\\\/info\\\/#website\",\"url\":\"https:\\\/\\\/patagoniambiental.com.ar\\\/info\\\/\",\"name\":\"Patagonia Ambiental\",\"description\":\"Monitoreo y an\u00e1lisis de la situaci\u00f3n geopol\u00edtica en el mundo y su implicancia en la Patagonia\",\"publisher\":{\"@id\":\"https:\\\/\\\/patagoniambiental.com.ar\\\/info\\\/#organization\"},\"potentialAction\":[{\"@type\":\"SearchAction\",\"target\":{\"@type\":\"EntryPoint\",\"urlTemplate\":\"https:\\\/\\\/patagoniambiental.com.ar\\\/info\\\/?s={search_term_string}\"},\"query-input\":{\"@type\":\"PropertyValueSpecification\",\"valueRequired\":true,\"valueName\":\"search_term_string\"}}],\"inLanguage\":\"es\"},{\"@type\":\"Organization\",\"@id\":\"https:\\\/\\\/patagoniambiental.com.ar\\\/info\\\/#organization\",\"name\":\"Patagonia Ambiental\",\"url\":\"https:\\\/\\\/patagoniambiental.com.ar\\\/info\\\/\",\"logo\":{\"@type\":\"ImageObject\",\"inLanguage\":\"es\",\"@id\":\"https:\\\/\\\/patagoniambiental.com.ar\\\/info\\\/#\\\/schema\\\/logo\\\/image\\\/\",\"url\":\"https:\\\/\\\/patagoniambiental.com.ar\\\/info\\\/wp-content\\\/uploads\\\/2025\\\/05\\\/LOGO-PATAGONIA-AMBIENTAL.png\",\"contentUrl\":\"https:\\\/\\\/patagoniambiental.com.ar\\\/info\\\/wp-content\\\/uploads\\\/2025\\\/05\\\/LOGO-PATAGONIA-AMBIENTAL.png\",\"width\":433,\"height\":250,\"caption\":\"Patagonia Ambiental\"},\"image\":{\"@id\":\"https:\\\/\\\/patagoniambiental.com.ar\\\/info\\\/#\\\/schema\\\/logo\\\/image\\\/\"},\"sameAs\":[\"https:\\\/\\\/www.facebook.com\\\/patagonia.ambiental\",\"https:\\\/\\\/x.com\\\/PatAmb\"]},{\"@type\":\"Person\",\"@id\":\"https:\\\/\\\/patagoniambiental.com.ar\\\/info\\\/#\\\/schema\\\/person\\\/db12bff64bbcbf6a253710bf0ea37b5d\",\"name\":\"Patagonia Ambiental\",\"description\":\"Andr\u00e9s Nievas T\u00e9cnico en manejo ambiental, consultor Ambiental y escritor para medios locales e internacionales sobre temas de geopolitica y medio ambiente.\",\"sameAs\":[\"http:\\\/\\\/www.patagoniambiental.com.ar\",\"https:\\\/\\\/www.facebook.com\\\/share\\\/1C1V8Gv9BX\\\/?mibextid=qi2Omg\",\"@patagoniambiental\",\"https:\\\/\\\/youtube.com\\\/@patagoniaambiental2023?si=BLt58t0wuXquxlYZ\"]}]}<\/script>\n<!-- \/ Yoast SEO Premium plugin. -->","yoast_head_json":{"title":"Patagonia en llamas: intendente de Esquel ve peligrar turismo por protesta mapuche y los estancieros exigen seguridad","robots":{"index":"index","follow":"follow","max-snippet":"max-snippet:-1","max-image-preview":"max-image-preview:large","max-video-preview":"max-video-preview:-1"},"canonical":"https:\/\/patagoniambiental.com.ar\/info\/patagonia-en-llamas-intendente-de-esquel-ve-peligrar-turismo-por-protesta-mapuche-y-los-estancieros-exigen-seguridad\/","og_locale":"es_ES","og_type":"article","og_title":"Patagonia en llamas: intendente de Esquel ve peligrar turismo por protesta mapuche y los estancieros exigen seguridad","og_description":"ESQUEL.- Sergio Ongarato dialog\u00f3 con iProfesional y advirti\u00f3 que la situaci\u00f3n en torno al reclamo territorial genera incertidumbre en el [&hellip;]","og_url":"https:\/\/patagoniambiental.com.ar\/info\/patagonia-en-llamas-intendente-de-esquel-ve-peligrar-turismo-por-protesta-mapuche-y-los-estancieros-exigen-seguridad\/","og_site_name":"Patagonia Ambiental","article_publisher":"https:\/\/www.facebook.com\/patagonia.ambiental","article_author":"https:\/\/www.facebook.com\/share\/1C1V8Gv9BX\/?mibextid=qi2Omg","article_published_time":"2017-10-20T12:00:35+00:00","og_image":[{"width":630,"height":460,"url":"https:\/\/patagoniambiental.com.ar\/info\/wp-content\/uploads\/2017\/10\/esquel-mapuche.jpg","type":"image\/jpeg"}],"author":"Patagonia Ambiental","twitter_card":"summary_large_image","twitter_creator":"@PatAmb","twitter_site":"@PatAmb","schema":{"@context":"https:\/\/schema.org","@graph":[{"@type":"Article","@id":"https:\/\/patagoniambiental.com.ar\/info\/patagonia-en-llamas-intendente-de-esquel-ve-peligrar-turismo-por-protesta-mapuche-y-los-estancieros-exigen-seguridad\/#article","isPartOf":{"@id":"https:\/\/patagoniambiental.com.ar\/info\/patagonia-en-llamas-intendente-de-esquel-ve-peligrar-turismo-por-protesta-mapuche-y-los-estancieros-exigen-seguridad\/"},"author":{"name":"Patagonia Ambiental","@id":"https:\/\/patagoniambiental.com.ar\/info\/#\/schema\/person\/db12bff64bbcbf6a253710bf0ea37b5d"},"headline":"Patagonia en llamas: intendente de Esquel ve peligrar turismo por protesta mapuche y los estancieros exigen seguridad","datePublished":"2017-10-20T12:00:35+00:00","mainEntityOfPage":{"@id":"https:\/\/patagoniambiental.com.ar\/info\/patagonia-en-llamas-intendente-de-esquel-ve-peligrar-turismo-por-protesta-mapuche-y-los-estancieros-exigen-seguridad\/"},"wordCount":998,"commentCount":0,"publisher":{"@id":"https:\/\/patagoniambiental.com.ar\/info\/#organization"},"image":{"@id":"https:\/\/patagoniambiental.com.ar\/info\/patagonia-en-llamas-intendente-de-esquel-ve-peligrar-turismo-por-protesta-mapuche-y-los-estancieros-exigen-seguridad\/#primaryimage"},"thumbnailUrl":"https:\/\/patagoniambiental.com.ar\/info\/wp-content\/uploads\/2017\/10\/esquel-mapuche.jpg","articleSection":["Municipios","Noticias"],"inLanguage":"es","potentialAction":[{"@type":"CommentAction","name":"Comment","target":["https:\/\/patagoniambiental.com.ar\/info\/patagonia-en-llamas-intendente-de-esquel-ve-peligrar-turismo-por-protesta-mapuche-y-los-estancieros-exigen-seguridad\/#respond"]}]},{"@type":"WebPage","@id":"https:\/\/patagoniambiental.com.ar\/info\/patagonia-en-llamas-intendente-de-esquel-ve-peligrar-turismo-por-protesta-mapuche-y-los-estancieros-exigen-seguridad\/","url":"https:\/\/patagoniambiental.com.ar\/info\/patagonia-en-llamas-intendente-de-esquel-ve-peligrar-turismo-por-protesta-mapuche-y-los-estancieros-exigen-seguridad\/","name":"Patagonia en llamas: intendente de Esquel ve peligrar turismo por protesta mapuche y los estancieros exigen seguridad","isPartOf":{"@id":"https:\/\/patagoniambiental.com.ar\/info\/#website"},"primaryImageOfPage":{"@id":"https:\/\/patagoniambiental.com.ar\/info\/patagonia-en-llamas-intendente-de-esquel-ve-peligrar-turismo-por-protesta-mapuche-y-los-estancieros-exigen-seguridad\/#primaryimage"},"image":{"@id":"https:\/\/patagoniambiental.com.ar\/info\/patagonia-en-llamas-intendente-de-esquel-ve-peligrar-turismo-por-protesta-mapuche-y-los-estancieros-exigen-seguridad\/#primaryimage"},"thumbnailUrl":"https:\/\/patagoniambiental.com.ar\/info\/wp-content\/uploads\/2017\/10\/esquel-mapuche.jpg","datePublished":"2017-10-20T12:00:35+00:00","breadcrumb":{"@id":"https:\/\/patagoniambiental.com.ar\/info\/patagonia-en-llamas-intendente-de-esquel-ve-peligrar-turismo-por-protesta-mapuche-y-los-estancieros-exigen-seguridad\/#breadcrumb"},"inLanguage":"es","potentialAction":[{"@type":"ReadAction","target":["https:\/\/patagoniambiental.com.ar\/info\/patagonia-en-llamas-intendente-de-esquel-ve-peligrar-turismo-por-protesta-mapuche-y-los-estancieros-exigen-seguridad\/"]}]},{"@type":"ImageObject","inLanguage":"es","@id":"https:\/\/patagoniambiental.com.ar\/info\/patagonia-en-llamas-intendente-de-esquel-ve-peligrar-turismo-por-protesta-mapuche-y-los-estancieros-exigen-seguridad\/#primaryimage","url":"https:\/\/patagoniambiental.com.ar\/info\/wp-content\/uploads\/2017\/10\/esquel-mapuche.jpg","contentUrl":"https:\/\/patagoniambiental.com.ar\/info\/wp-content\/uploads\/2017\/10\/esquel-mapuche.jpg","width":630,"height":460},{"@type":"BreadcrumbList","@id":"https:\/\/patagoniambiental.com.ar\/info\/patagonia-en-llamas-intendente-de-esquel-ve-peligrar-turismo-por-protesta-mapuche-y-los-estancieros-exigen-seguridad\/#breadcrumb","itemListElement":[{"@type":"ListItem","position":1,"name":"Inicio","item":"https:\/\/patagoniambiental.com.ar\/info\/"},{"@type":"ListItem","position":2,"name":"Patagonia en llamas: intendente de Esquel ve peligrar turismo por protesta mapuche y los estancieros exigen seguridad"}]},{"@type":"WebSite","@id":"https:\/\/patagoniambiental.com.ar\/info\/#website","url":"https:\/\/patagoniambiental.com.ar\/info\/","name":"Patagonia Ambiental","description":"Monitoreo y an\u00e1lisis de la situaci\u00f3n geopol\u00edtica en el mundo y su implicancia en la Patagonia","publisher":{"@id":"https:\/\/patagoniambiental.com.ar\/info\/#organization"},"potentialAction":[{"@type":"SearchAction","target":{"@type":"EntryPoint","urlTemplate":"https:\/\/patagoniambiental.com.ar\/info\/?s={search_term_string}"},"query-input":{"@type":"PropertyValueSpecification","valueRequired":true,"valueName":"search_term_string"}}],"inLanguage":"es"},{"@type":"Organization","@id":"https:\/\/patagoniambiental.com.ar\/info\/#organization","name":"Patagonia Ambiental","url":"https:\/\/patagoniambiental.com.ar\/info\/","logo":{"@type":"ImageObject","inLanguage":"es","@id":"https:\/\/patagoniambiental.com.ar\/info\/#\/schema\/logo\/image\/","url":"https:\/\/patagoniambiental.com.ar\/info\/wp-content\/uploads\/2025\/05\/LOGO-PATAGONIA-AMBIENTAL.png","contentUrl":"https:\/\/patagoniambiental.com.ar\/info\/wp-content\/uploads\/2025\/05\/LOGO-PATAGONIA-AMBIENTAL.png","width":433,"height":250,"caption":"Patagonia Ambiental"},"image":{"@id":"https:\/\/patagoniambiental.com.ar\/info\/#\/schema\/logo\/image\/"},"sameAs":["https:\/\/www.facebook.com\/patagonia.ambiental","https:\/\/x.com\/PatAmb"]},{"@type":"Person","@id":"https:\/\/patagoniambiental.com.ar\/info\/#\/schema\/person\/db12bff64bbcbf6a253710bf0ea37b5d","name":"Patagonia Ambiental","description":"Andr\u00e9s Nievas T\u00e9cnico en manejo ambiental, consultor Ambiental y escritor para medios locales e internacionales sobre temas de geopolitica y medio ambiente.","sameAs":["http:\/\/www.patagoniambiental.com.ar","https:\/\/www.facebook.com\/share\/1C1V8Gv9BX\/?mibextid=qi2Omg","@patagoniambiental","https:\/\/youtube.com\/@patagoniaambiental2023?si=BLt58t0wuXquxlYZ"]}]}},"_links":{"self":[{"href":"https:\/\/patagoniambiental.com.ar\/info\/wp-json\/wp\/v2\/posts\/36827","targetHints":{"allow":["GET"]}}],"collection":[{"href":"https:\/\/patagoniambiental.com.ar\/info\/wp-json\/wp\/v2\/posts"}],"about":[{"href":"https:\/\/patagoniambiental.com.ar\/info\/wp-json\/wp\/v2\/types\/post"}],"author":[{"embeddable":true,"href":"https:\/\/patagoniambiental.com.ar\/info\/wp-json\/wp\/v2\/users\/2"}],"replies":[{"embeddable":true,"href":"https:\/\/patagoniambiental.com.ar\/info\/wp-json\/wp\/v2\/comments?post=36827"}],"version-history":[{"count":0,"href":"https:\/\/patagoniambiental.com.ar\/info\/wp-json\/wp\/v2\/posts\/36827\/revisions"}],"wp:featuredmedia":[{"embeddable":true,"href":"https:\/\/patagoniambiental.com.ar\/info\/wp-json\/wp\/v2\/media\/36828"}],"wp:attachment":[{"href":"https:\/\/patagoniambiental.com.ar\/info\/wp-json\/wp\/v2\/media?parent=36827"}],"wp:term":[{"taxonomy":"category","embeddable":true,"href":"https:\/\/patagoniambiental.com.ar\/info\/wp-json\/wp\/v2\/categories?post=36827"},{"taxonomy":"post_tag","embeddable":true,"href":"https:\/\/patagoniambiental.com.ar\/info\/wp-json\/wp\/v2\/tags?post=36827"}],"curies":[{"name":"wp","href":"https:\/\/api.w.org\/{rel}","templated":true}]}}