{"id":36843,"date":"2017-10-20T09:00:41","date_gmt":"2017-10-20T12:00:41","guid":{"rendered":"http:\/\/patagoniambiental.com.ar\/info\/?p=36843"},"modified":"2017-10-19T21:20:20","modified_gmt":"2017-10-20T00:20:20","slug":"trelew-prueban-si-el-agua-de-la-laguna-negra-sirve-para-riego","status":"publish","type":"post","link":"https:\/\/patagoniambiental.com.ar\/info\/trelew-prueban-si-el-agua-de-la-laguna-negra-sirve-para-riego\/","title":{"rendered":"Trelew: Prueban si el agua de la Laguna Negra sirve para riego"},"content":{"rendered":"<div>\n<div id=\"notapage_texto\" class=\"notapage_cuerpo\">\n<p>TRELEW.-\u00a0 el Ministro de Ambiente de la Provincia de Chubut, Ignacio Agulleiro, junto al intendente de la ciudad, Adri\u00e1n Maderna, realizaron\u00a0una recorrida por las inmediaciones de la Planta de Gesti\u00f3n integral de los Residuos S\u00f3lidos Urbanos (GIRSU), observando el trabajo realizado en el lugar, comprendido por la plantaci\u00f3n de 200 \u00e1rboles, de la especie eucalipto, que son regados con agua de la Laguna Negra.<\/p>\n<p>Se trata de una prueba piloto, que pretende comprobar la viabilidad de la utilizaci\u00f3n del agua de re\u00faso de la Laguna Negra para el riego de diversas especies forestales, con el objetivo de poder realizar, el a\u00f1o pr\u00f3ximo, el bombeo de agua del lugar para evitar que siga creciendo y afectando otros sectores.<\/p>\n<p><em><strong>\u201cEste ser\u00e1 un espacio importante, porque empieza una etapa relacionada con el cierre del basural, enmarc\u00e1ndonos en un punto limpio general, m\u00e1s la plantaci\u00f3n de \u00e1rboles que son regados con agua de re\u00faso de la Laguna Negra. Es un trabajo que se comenz\u00f3 hace varios meses y que ahora empieza a mostrar los primeros resultados<\/strong><\/em>\u201d, destac\u00f3 el Intendente Adri\u00e1n Maderna.<img decoding=\"async\" src=\"https:\/\/attachment.outlook.office.net\/owa\/fmelchubut90.1@hotmail.com\/service.svc\/s\/GetAttachmentThumbnail?id=AQMkADAwATY3ZmYAZS1jYwBmZC1mZDNmLTAwAi0wMAoARgAAA7qGbo8SXZRCspAK69VEUW0HAM8bCN87TS1AhJRhxWFI1qwAAAIBDAAAAM8bCN87TS1AhJRhxWFI1qwAAcuc1z0AAAABEgAQAC9RrIYMnR9LnduD6Zv%2Baow%3D&amp;thumbnailType=2&amp;X-OWA-CANARY=uJLX3VskEUKEv9lPGTBYUiACoOgyF9UYHXMUcB1wSOMHxehehW3PoBp-V_pRjPf3ajRwkbcRY6g.&amp;token=eyJ0eXAiOiJKV1QiLCJhbGciOiJSUzI1NiIsIng1dCI6ImVuaDlCSnJWUFU1aWpWMXFqWmpWLWZMMmJjbyJ9.eyJ2ZXIiOiJFeGNoYW5nZS5DYWxsYmFjay5WMSIsImFwcGN0eHNlbmRlciI6Ik93YURvd25sb2FkQDg0ZGY5ZTdmLWU5ZjYtNDBhZi1iNDM1LWFhYWFhYWFhYWFhYSIsImFwcGN0eCI6IntcIm1zZXhjaHByb3RcIjpcIm93YVwiLFwicHJpbWFyeXNpZFwiOlwiUy0xLTI4MjctNDI1OTgyLTM0MzkxOTc1MDNcIixcInB1aWRcIjpcIjE4Mjk1ODIxOTc4ODIxNzVcIixcIm9pZFwiOlwiMDAwNjdmZmUtY2NmZC1mZDNmLTAwMDAtMDAwMDAwMDAwMDAwXCIsXCJzY29wZVwiOlwiT3dhRG93bmxvYWRcIn0iLCJpc3MiOiIwMDAwMDAwMi0wMDAwLTBmZjEtY2UwMC0wMDAwMDAwMDAwMDBAODRkZjllN2YtZTlmNi00MGFmLWI0MzUtYWFhYWFhYWFhYWFhIiwiYXVkIjoiMDAwMDAwMDItMDAwMC0wZmYxLWNlMDAtMDAwMDAwMDAwMDAwL2F0dGFjaG1lbnQub3V0bG9vay5vZmZpY2UubmV0QDg0ZGY5ZTdmLWU5ZjYtNDBhZi1iNDM1LWFhYWFhYWFhYWFhYSIsImV4cCI6MTUwODQ0Njc2NSwibmJmIjoxNTA4NDQ2MTY1fQ.xbuQv3fX6mTo7zXy5f4cBzdZ84wtyO7OWWPdrT2Cy6bo8w_ObkfQpRVQfbf4StR3YYyHdpgICxGAb5sJ7Z7wro4MymamKoSABTx7gBd8yQTkx12JcHElvN5KiA2IzpckoMCj-zYWjecEsozUldyXs1ZGHDvIOk2UrAXGen5Gpn3ZVi2iSK8wUaOSSBkoZ_j4Tl9Wwdvi-RmKRe8y4C0pXL5Z0cVcZOsQgjA-gUCh2CfVRsmuaPQtbUZOMrAvNApxh8yraVXPdVWcbv_v2eQxl0BppINCEqFUrP-UDyQSbwj4ZJTpUQDx3S0noViurMmiNIPern5AvC3CAoQAy6hOAw&amp;owa=outlook.live.com&amp;isc=1\" \/><\/p>\n<p>Por su parte, Ignacio Agulleiro, Ministro de Ambiente de la Provincia de Chubut, destac\u00f3 la importancia de poder comprobar en la pr\u00e1ctica, luego de los estudios te\u00f3ricos realizados con el agua, que es viable su utilizaci\u00f3n, lo que permitir\u00e1 en el futuro comenzar a disminuir el tama\u00f1o o al menos no provocar el aumento afectando a otros sectores.<\/p>\n<p>\u201c<em><strong>Lo que estamos haciendo es trabajar en una prueba del agua de la laguna negra. Pretendemos utilizarla para riego, para desarrollos forestales, y estamos avanzando en el primer paso, que es probar como funciona. Hab\u00eda ciertas versiones o especulaciones de que no iba a servir porque era muy salina. Nosotros ya hicimos un estudio del agua, ya el agua demostr\u00f3 que se puede utilizar para riego. Y ahora estamos en la parte pr\u00e1ctica. Plantamos m\u00e1s de 200 eucaliptos, que vamos a regar tres veces por semana con agua de la laguna. El objetivo es, si esto funciona, tener despu\u00e9s una etapa de retiro de agua y bombeo desde la laguna para el riego de especies forestales, evitando as\u00ed que siga creciendo la laguna y darle un tratamiento especial como hacen en otras ciudades, utilizarla para riego sin que afecte a otros sectores\u201d,\u00a0<\/strong><\/em>se\u00f1al\u00f3 el funcionario provincial.<\/p>\n<\/div>\n<\/div>\n<p class=\"aclaracion_nota\">\n<p>Fuente. El Chubut<\/p>\n","protected":false},"excerpt":{"rendered":"<p>TRELEW.-\u00a0 el Ministro de Ambiente de la Provincia de Chubut, Ignacio Agulleiro, junto al intendente de la ciudad, Adri\u00e1n Maderna, [&hellip;]<\/p>\n","protected":false},"author":2,"featured_media":36844,"comment_status":"open","ping_status":"open","sticky":false,"template":"","format":"standard","meta":{"site-sidebar-layout":"default","site-content-layout":"","ast-site-content-layout":"default","site-content-style":"default","site-sidebar-style":"default","ast-global-header-display":"","ast-banner-title-visibility":"","ast-main-header-display":"","ast-hfb-above-header-display":"","ast-hfb-below-header-display":"","ast-hfb-mobile-header-display":"","site-post-title":"","ast-breadcrumbs-content":"","ast-featured-img":"","footer-sml-layout":"","ast-disable-related-posts":"","theme-transparent-header-meta":"","adv-header-id-meta":"","stick-header-meta":"","header-above-stick-meta":"","header-main-stick-meta":"","header-below-stick-meta":"","astra-migrate-meta-layouts":"default","ast-page-background-enabled":"default","ast-page-background-meta":{"desktop":{"background-color":"var(--ast-global-color-5)","background-image":"","background-repeat":"repeat","background-position":"center center","background-size":"auto","background-attachment":"scroll","background-type":"","background-media":"","overlay-type":"","overlay-color":"","overlay-opacity":"","overlay-gradient":""},"tablet":{"background-color":"","background-image":"","background-repeat":"repeat","background-position":"center center","background-size":"auto","background-attachment":"scroll","background-type":"","background-media":"","overlay-type":"","overlay-color":"","overlay-opacity":"","overlay-gradient":""},"mobile":{"background-color":"","background-image":"","background-repeat":"repeat","background-position":"center center","background-size":"auto","background-attachment":"scroll","background-type":"","background-media":"","overlay-type":"","overlay-color":"","overlay-opacity":"","overlay-gradient":""}},"ast-content-background-meta":{"desktop":{"background-color":"var(--ast-global-color-4)","background-image":"","background-repeat":"repeat","background-position":"center center","background-size":"auto","background-attachment":"scroll","background-type":"","background-media":"","overlay-type":"","overlay-color":"","overlay-opacity":"","overlay-gradient":""},"tablet":{"background-color":"var(--ast-global-color-4)","background-image":"","background-repeat":"repeat","background-position":"center center","background-size":"auto","background-attachment":"scroll","background-type":"","background-media":"","overlay-type":"","overlay-color":"","overlay-opacity":"","overlay-gradient":""},"mobile":{"background-color":"var(--ast-global-color-4)","background-image":"","background-repeat":"repeat","background-position":"center center","background-size":"auto","background-attachment":"scroll","background-type":"","background-media":"","overlay-type":"","overlay-color":"","overlay-opacity":"","overlay-gradient":""}},"footnotes":""},"categories":[46,1],"tags":[],"class_list":["post-36843","post","type-post","status-publish","format-standard","has-post-thumbnail","hentry","category-municipios","category-noticias"],"yoast_head":"<!-- This site is optimized with the Yoast SEO Premium plugin v23.0 (Yoast SEO v27.5) - https:\/\/yoast.com\/product\/yoast-seo-premium-wordpress\/ -->\n<title>Trelew: Prueban si el agua de la Laguna Negra sirve para riego<\/title>\n<meta name=\"robots\" content=\"index, follow, max-snippet:-1, max-image-preview:large, max-video-preview:-1\" \/>\n<link rel=\"canonical\" href=\"https:\/\/patagoniambiental.com.ar\/info\/trelew-prueban-si-el-agua-de-la-laguna-negra-sirve-para-riego\/\" \/>\n<meta property=\"og:locale\" content=\"es_ES\" \/>\n<meta property=\"og:type\" content=\"article\" \/>\n<meta property=\"og:title\" content=\"Trelew: Prueban si el agua de la Laguna Negra sirve para riego\" \/>\n<meta property=\"og:description\" content=\"TRELEW.-\u00a0 el Ministro de Ambiente de la Provincia de Chubut, Ignacio Agulleiro, junto al intendente de la ciudad, Adri\u00e1n Maderna, [&hellip;]\" \/>\n<meta property=\"og:url\" content=\"https:\/\/patagoniambiental.com.ar\/info\/trelew-prueban-si-el-agua-de-la-laguna-negra-sirve-para-riego\/\" \/>\n<meta property=\"og:site_name\" content=\"Patagonia Ambiental\" \/>\n<meta property=\"article:publisher\" content=\"https:\/\/www.facebook.com\/patagonia.ambiental\" \/>\n<meta property=\"article:author\" content=\"https:\/\/www.facebook.com\/share\/1C1V8Gv9BX\/?mibextid=qi2Omg\" \/>\n<meta property=\"article:published_time\" content=\"2017-10-20T12:00:41+00:00\" \/>\n<meta property=\"og:image\" content=\"https:\/\/patagoniambiental.com.ar\/info\/wp-content\/uploads\/2017\/10\/laguna-riego.jpg\" \/>\n\t<meta property=\"og:image:width\" content=\"1232\" \/>\n\t<meta property=\"og:image:height\" content=\"751\" \/>\n\t<meta property=\"og:image:type\" content=\"image\/jpeg\" \/>\n<meta name=\"author\" content=\"Patagonia Ambiental\" \/>\n<meta name=\"twitter:card\" content=\"summary_large_image\" \/>\n<meta name=\"twitter:creator\" content=\"@PatAmb\" \/>\n<meta name=\"twitter:site\" content=\"@PatAmb\" \/>\n<script type=\"application\/ld+json\" class=\"yoast-schema-graph\">{\"@context\":\"https:\\\/\\\/schema.org\",\"@graph\":[{\"@type\":\"Article\",\"@id\":\"https:\\\/\\\/patagoniambiental.com.ar\\\/info\\\/trelew-prueban-si-el-agua-de-la-laguna-negra-sirve-para-riego\\\/#article\",\"isPartOf\":{\"@id\":\"https:\\\/\\\/patagoniambiental.com.ar\\\/info\\\/trelew-prueban-si-el-agua-de-la-laguna-negra-sirve-para-riego\\\/\"},\"author\":{\"name\":\"Patagonia Ambiental\",\"@id\":\"https:\\\/\\\/patagoniambiental.com.ar\\\/info\\\/#\\\/schema\\\/person\\\/db12bff64bbcbf6a253710bf0ea37b5d\"},\"headline\":\"Trelew: Prueban si el agua de la Laguna Negra sirve para riego\",\"datePublished\":\"2017-10-20T12:00:41+00:00\",\"mainEntityOfPage\":{\"@id\":\"https:\\\/\\\/patagoniambiental.com.ar\\\/info\\\/trelew-prueban-si-el-agua-de-la-laguna-negra-sirve-para-riego\\\/\"},\"wordCount\":418,\"commentCount\":0,\"publisher\":{\"@id\":\"https:\\\/\\\/patagoniambiental.com.ar\\\/info\\\/#organization\"},\"image\":{\"@id\":\"https:\\\/\\\/patagoniambiental.com.ar\\\/info\\\/trelew-prueban-si-el-agua-de-la-laguna-negra-sirve-para-riego\\\/#primaryimage\"},\"thumbnailUrl\":\"https:\\\/\\\/patagoniambiental.com.ar\\\/info\\\/wp-content\\\/uploads\\\/2017\\\/10\\\/laguna-riego.jpg\",\"articleSection\":[\"Municipios\",\"Noticias\"],\"inLanguage\":\"es\",\"potentialAction\":[{\"@type\":\"CommentAction\",\"name\":\"Comment\",\"target\":[\"https:\\\/\\\/patagoniambiental.com.ar\\\/info\\\/trelew-prueban-si-el-agua-de-la-laguna-negra-sirve-para-riego\\\/#respond\"]}]},{\"@type\":\"WebPage\",\"@id\":\"https:\\\/\\\/patagoniambiental.com.ar\\\/info\\\/trelew-prueban-si-el-agua-de-la-laguna-negra-sirve-para-riego\\\/\",\"url\":\"https:\\\/\\\/patagoniambiental.com.ar\\\/info\\\/trelew-prueban-si-el-agua-de-la-laguna-negra-sirve-para-riego\\\/\",\"name\":\"Trelew: Prueban si el agua de la Laguna Negra sirve para riego\",\"isPartOf\":{\"@id\":\"https:\\\/\\\/patagoniambiental.com.ar\\\/info\\\/#website\"},\"primaryImageOfPage\":{\"@id\":\"https:\\\/\\\/patagoniambiental.com.ar\\\/info\\\/trelew-prueban-si-el-agua-de-la-laguna-negra-sirve-para-riego\\\/#primaryimage\"},\"image\":{\"@id\":\"https:\\\/\\\/patagoniambiental.com.ar\\\/info\\\/trelew-prueban-si-el-agua-de-la-laguna-negra-sirve-para-riego\\\/#primaryimage\"},\"thumbnailUrl\":\"https:\\\/\\\/patagoniambiental.com.ar\\\/info\\\/wp-content\\\/uploads\\\/2017\\\/10\\\/laguna-riego.jpg\",\"datePublished\":\"2017-10-20T12:00:41+00:00\",\"breadcrumb\":{\"@id\":\"https:\\\/\\\/patagoniambiental.com.ar\\\/info\\\/trelew-prueban-si-el-agua-de-la-laguna-negra-sirve-para-riego\\\/#breadcrumb\"},\"inLanguage\":\"es\",\"potentialAction\":[{\"@type\":\"ReadAction\",\"target\":[\"https:\\\/\\\/patagoniambiental.com.ar\\\/info\\\/trelew-prueban-si-el-agua-de-la-laguna-negra-sirve-para-riego\\\/\"]}]},{\"@type\":\"ImageObject\",\"inLanguage\":\"es\",\"@id\":\"https:\\\/\\\/patagoniambiental.com.ar\\\/info\\\/trelew-prueban-si-el-agua-de-la-laguna-negra-sirve-para-riego\\\/#primaryimage\",\"url\":\"https:\\\/\\\/patagoniambiental.com.ar\\\/info\\\/wp-content\\\/uploads\\\/2017\\\/10\\\/laguna-riego.jpg\",\"contentUrl\":\"https:\\\/\\\/patagoniambiental.com.ar\\\/info\\\/wp-content\\\/uploads\\\/2017\\\/10\\\/laguna-riego.jpg\",\"width\":984,\"height\":600},{\"@type\":\"BreadcrumbList\",\"@id\":\"https:\\\/\\\/patagoniambiental.com.ar\\\/info\\\/trelew-prueban-si-el-agua-de-la-laguna-negra-sirve-para-riego\\\/#breadcrumb\",\"itemListElement\":[{\"@type\":\"ListItem\",\"position\":1,\"name\":\"Inicio\",\"item\":\"https:\\\/\\\/patagoniambiental.com.ar\\\/info\\\/\"},{\"@type\":\"ListItem\",\"position\":2,\"name\":\"Trelew: Prueban si el agua de la Laguna Negra sirve para riego\"}]},{\"@type\":\"WebSite\",\"@id\":\"https:\\\/\\\/patagoniambiental.com.ar\\\/info\\\/#website\",\"url\":\"https:\\\/\\\/patagoniambiental.com.ar\\\/info\\\/\",\"name\":\"Patagonia Ambiental\",\"description\":\"Monitoreo y an\u00e1lisis de la situaci\u00f3n geopol\u00edtica en el mundo y su implicancia en la Patagonia\",\"publisher\":{\"@id\":\"https:\\\/\\\/patagoniambiental.com.ar\\\/info\\\/#organization\"},\"potentialAction\":[{\"@type\":\"SearchAction\",\"target\":{\"@type\":\"EntryPoint\",\"urlTemplate\":\"https:\\\/\\\/patagoniambiental.com.ar\\\/info\\\/?s={search_term_string}\"},\"query-input\":{\"@type\":\"PropertyValueSpecification\",\"valueRequired\":true,\"valueName\":\"search_term_string\"}}],\"inLanguage\":\"es\"},{\"@type\":\"Organization\",\"@id\":\"https:\\\/\\\/patagoniambiental.com.ar\\\/info\\\/#organization\",\"name\":\"Patagonia Ambiental\",\"url\":\"https:\\\/\\\/patagoniambiental.com.ar\\\/info\\\/\",\"logo\":{\"@type\":\"ImageObject\",\"inLanguage\":\"es\",\"@id\":\"https:\\\/\\\/patagoniambiental.com.ar\\\/info\\\/#\\\/schema\\\/logo\\\/image\\\/\",\"url\":\"https:\\\/\\\/patagoniambiental.com.ar\\\/info\\\/wp-content\\\/uploads\\\/2025\\\/05\\\/LOGO-PATAGONIA-AMBIENTAL.png\",\"contentUrl\":\"https:\\\/\\\/patagoniambiental.com.ar\\\/info\\\/wp-content\\\/uploads\\\/2025\\\/05\\\/LOGO-PATAGONIA-AMBIENTAL.png\",\"width\":433,\"height\":250,\"caption\":\"Patagonia Ambiental\"},\"image\":{\"@id\":\"https:\\\/\\\/patagoniambiental.com.ar\\\/info\\\/#\\\/schema\\\/logo\\\/image\\\/\"},\"sameAs\":[\"https:\\\/\\\/www.facebook.com\\\/patagonia.ambiental\",\"https:\\\/\\\/x.com\\\/PatAmb\"]},{\"@type\":\"Person\",\"@id\":\"https:\\\/\\\/patagoniambiental.com.ar\\\/info\\\/#\\\/schema\\\/person\\\/db12bff64bbcbf6a253710bf0ea37b5d\",\"name\":\"Patagonia Ambiental\",\"description\":\"Andr\u00e9s Nievas T\u00e9cnico en manejo ambiental, consultor Ambiental y escritor para medios locales e internacionales sobre temas de geopolitica y medio ambiente.\",\"sameAs\":[\"http:\\\/\\\/www.patagoniambiental.com.ar\",\"https:\\\/\\\/www.facebook.com\\\/share\\\/1C1V8Gv9BX\\\/?mibextid=qi2Omg\",\"@patagoniambiental\",\"https:\\\/\\\/youtube.com\\\/@patagoniaambiental2023?si=BLt58t0wuXquxlYZ\"]}]}<\/script>\n<!-- \/ Yoast SEO Premium plugin. -->","yoast_head_json":{"title":"Trelew: Prueban si el agua de la Laguna Negra sirve para riego","robots":{"index":"index","follow":"follow","max-snippet":"max-snippet:-1","max-image-preview":"max-image-preview:large","max-video-preview":"max-video-preview:-1"},"canonical":"https:\/\/patagoniambiental.com.ar\/info\/trelew-prueban-si-el-agua-de-la-laguna-negra-sirve-para-riego\/","og_locale":"es_ES","og_type":"article","og_title":"Trelew: Prueban si el agua de la Laguna Negra sirve para riego","og_description":"TRELEW.-\u00a0 el Ministro de Ambiente de la Provincia de Chubut, Ignacio Agulleiro, junto al intendente de la ciudad, Adri\u00e1n Maderna, [&hellip;]","og_url":"https:\/\/patagoniambiental.com.ar\/info\/trelew-prueban-si-el-agua-de-la-laguna-negra-sirve-para-riego\/","og_site_name":"Patagonia Ambiental","article_publisher":"https:\/\/www.facebook.com\/patagonia.ambiental","article_author":"https:\/\/www.facebook.com\/share\/1C1V8Gv9BX\/?mibextid=qi2Omg","article_published_time":"2017-10-20T12:00:41+00:00","og_image":[{"width":1232,"height":751,"url":"https:\/\/patagoniambiental.com.ar\/info\/wp-content\/uploads\/2017\/10\/laguna-riego.jpg","type":"image\/jpeg"}],"author":"Patagonia Ambiental","twitter_card":"summary_large_image","twitter_creator":"@PatAmb","twitter_site":"@PatAmb","schema":{"@context":"https:\/\/schema.org","@graph":[{"@type":"Article","@id":"https:\/\/patagoniambiental.com.ar\/info\/trelew-prueban-si-el-agua-de-la-laguna-negra-sirve-para-riego\/#article","isPartOf":{"@id":"https:\/\/patagoniambiental.com.ar\/info\/trelew-prueban-si-el-agua-de-la-laguna-negra-sirve-para-riego\/"},"author":{"name":"Patagonia Ambiental","@id":"https:\/\/patagoniambiental.com.ar\/info\/#\/schema\/person\/db12bff64bbcbf6a253710bf0ea37b5d"},"headline":"Trelew: Prueban si el agua de la Laguna Negra sirve para riego","datePublished":"2017-10-20T12:00:41+00:00","mainEntityOfPage":{"@id":"https:\/\/patagoniambiental.com.ar\/info\/trelew-prueban-si-el-agua-de-la-laguna-negra-sirve-para-riego\/"},"wordCount":418,"commentCount":0,"publisher":{"@id":"https:\/\/patagoniambiental.com.ar\/info\/#organization"},"image":{"@id":"https:\/\/patagoniambiental.com.ar\/info\/trelew-prueban-si-el-agua-de-la-laguna-negra-sirve-para-riego\/#primaryimage"},"thumbnailUrl":"https:\/\/patagoniambiental.com.ar\/info\/wp-content\/uploads\/2017\/10\/laguna-riego.jpg","articleSection":["Municipios","Noticias"],"inLanguage":"es","potentialAction":[{"@type":"CommentAction","name":"Comment","target":["https:\/\/patagoniambiental.com.ar\/info\/trelew-prueban-si-el-agua-de-la-laguna-negra-sirve-para-riego\/#respond"]}]},{"@type":"WebPage","@id":"https:\/\/patagoniambiental.com.ar\/info\/trelew-prueban-si-el-agua-de-la-laguna-negra-sirve-para-riego\/","url":"https:\/\/patagoniambiental.com.ar\/info\/trelew-prueban-si-el-agua-de-la-laguna-negra-sirve-para-riego\/","name":"Trelew: Prueban si el agua de la Laguna Negra sirve para riego","isPartOf":{"@id":"https:\/\/patagoniambiental.com.ar\/info\/#website"},"primaryImageOfPage":{"@id":"https:\/\/patagoniambiental.com.ar\/info\/trelew-prueban-si-el-agua-de-la-laguna-negra-sirve-para-riego\/#primaryimage"},"image":{"@id":"https:\/\/patagoniambiental.com.ar\/info\/trelew-prueban-si-el-agua-de-la-laguna-negra-sirve-para-riego\/#primaryimage"},"thumbnailUrl":"https:\/\/patagoniambiental.com.ar\/info\/wp-content\/uploads\/2017\/10\/laguna-riego.jpg","datePublished":"2017-10-20T12:00:41+00:00","breadcrumb":{"@id":"https:\/\/patagoniambiental.com.ar\/info\/trelew-prueban-si-el-agua-de-la-laguna-negra-sirve-para-riego\/#breadcrumb"},"inLanguage":"es","potentialAction":[{"@type":"ReadAction","target":["https:\/\/patagoniambiental.com.ar\/info\/trelew-prueban-si-el-agua-de-la-laguna-negra-sirve-para-riego\/"]}]},{"@type":"ImageObject","inLanguage":"es","@id":"https:\/\/patagoniambiental.com.ar\/info\/trelew-prueban-si-el-agua-de-la-laguna-negra-sirve-para-riego\/#primaryimage","url":"https:\/\/patagoniambiental.com.ar\/info\/wp-content\/uploads\/2017\/10\/laguna-riego.jpg","contentUrl":"https:\/\/patagoniambiental.com.ar\/info\/wp-content\/uploads\/2017\/10\/laguna-riego.jpg","width":984,"height":600},{"@type":"BreadcrumbList","@id":"https:\/\/patagoniambiental.com.ar\/info\/trelew-prueban-si-el-agua-de-la-laguna-negra-sirve-para-riego\/#breadcrumb","itemListElement":[{"@type":"ListItem","position":1,"name":"Inicio","item":"https:\/\/patagoniambiental.com.ar\/info\/"},{"@type":"ListItem","position":2,"name":"Trelew: Prueban si el agua de la Laguna Negra sirve para riego"}]},{"@type":"WebSite","@id":"https:\/\/patagoniambiental.com.ar\/info\/#website","url":"https:\/\/patagoniambiental.com.ar\/info\/","name":"Patagonia Ambiental","description":"Monitoreo y an\u00e1lisis de la situaci\u00f3n geopol\u00edtica en el mundo y su implicancia en la Patagonia","publisher":{"@id":"https:\/\/patagoniambiental.com.ar\/info\/#organization"},"potentialAction":[{"@type":"SearchAction","target":{"@type":"EntryPoint","urlTemplate":"https:\/\/patagoniambiental.com.ar\/info\/?s={search_term_string}"},"query-input":{"@type":"PropertyValueSpecification","valueRequired":true,"valueName":"search_term_string"}}],"inLanguage":"es"},{"@type":"Organization","@id":"https:\/\/patagoniambiental.com.ar\/info\/#organization","name":"Patagonia Ambiental","url":"https:\/\/patagoniambiental.com.ar\/info\/","logo":{"@type":"ImageObject","inLanguage":"es","@id":"https:\/\/patagoniambiental.com.ar\/info\/#\/schema\/logo\/image\/","url":"https:\/\/patagoniambiental.com.ar\/info\/wp-content\/uploads\/2025\/05\/LOGO-PATAGONIA-AMBIENTAL.png","contentUrl":"https:\/\/patagoniambiental.com.ar\/info\/wp-content\/uploads\/2025\/05\/LOGO-PATAGONIA-AMBIENTAL.png","width":433,"height":250,"caption":"Patagonia Ambiental"},"image":{"@id":"https:\/\/patagoniambiental.com.ar\/info\/#\/schema\/logo\/image\/"},"sameAs":["https:\/\/www.facebook.com\/patagonia.ambiental","https:\/\/x.com\/PatAmb"]},{"@type":"Person","@id":"https:\/\/patagoniambiental.com.ar\/info\/#\/schema\/person\/db12bff64bbcbf6a253710bf0ea37b5d","name":"Patagonia Ambiental","description":"Andr\u00e9s Nievas T\u00e9cnico en manejo ambiental, consultor Ambiental y escritor para medios locales e internacionales sobre temas de geopolitica y medio ambiente.","sameAs":["http:\/\/www.patagoniambiental.com.ar","https:\/\/www.facebook.com\/share\/1C1V8Gv9BX\/?mibextid=qi2Omg","@patagoniambiental","https:\/\/youtube.com\/@patagoniaambiental2023?si=BLt58t0wuXquxlYZ"]}]}},"_links":{"self":[{"href":"https:\/\/patagoniambiental.com.ar\/info\/wp-json\/wp\/v2\/posts\/36843","targetHints":{"allow":["GET"]}}],"collection":[{"href":"https:\/\/patagoniambiental.com.ar\/info\/wp-json\/wp\/v2\/posts"}],"about":[{"href":"https:\/\/patagoniambiental.com.ar\/info\/wp-json\/wp\/v2\/types\/post"}],"author":[{"embeddable":true,"href":"https:\/\/patagoniambiental.com.ar\/info\/wp-json\/wp\/v2\/users\/2"}],"replies":[{"embeddable":true,"href":"https:\/\/patagoniambiental.com.ar\/info\/wp-json\/wp\/v2\/comments?post=36843"}],"version-history":[{"count":0,"href":"https:\/\/patagoniambiental.com.ar\/info\/wp-json\/wp\/v2\/posts\/36843\/revisions"}],"wp:featuredmedia":[{"embeddable":true,"href":"https:\/\/patagoniambiental.com.ar\/info\/wp-json\/wp\/v2\/media\/36844"}],"wp:attachment":[{"href":"https:\/\/patagoniambiental.com.ar\/info\/wp-json\/wp\/v2\/media?parent=36843"}],"wp:term":[{"taxonomy":"category","embeddable":true,"href":"https:\/\/patagoniambiental.com.ar\/info\/wp-json\/wp\/v2\/categories?post=36843"},{"taxonomy":"post_tag","embeddable":true,"href":"https:\/\/patagoniambiental.com.ar\/info\/wp-json\/wp\/v2\/tags?post=36843"}],"curies":[{"name":"wp","href":"https:\/\/api.w.org\/{rel}","templated":true}]}}