{"id":36902,"date":"2017-10-20T09:00:54","date_gmt":"2017-10-20T12:00:54","guid":{"rendered":"http:\/\/patagoniambiental.com.ar\/info\/?p=36902"},"modified":"2017-10-20T17:02:41","modified_gmt":"2017-10-20T20:02:41","slug":"integrantes-de-agrupacion-mapuche-de-argentina-toman-municipalidad-del-sur-del-pais","status":"publish","type":"post","link":"https:\/\/patagoniambiental.com.ar\/info\/integrantes-de-agrupacion-mapuche-de-argentina-toman-municipalidad-del-sur-del-pais\/","title":{"rendered":"\u00a0Integrantes de agrupaci\u00f3n mapuche de Argentina toman municipalidad del sur del pa\u00eds"},"content":{"rendered":"<div class=\"ng-binding\" data-links-target=\"_blank\">Buenos Aires, 20 oct (Sputnik).- Integrantes de la agrupaci\u00f3n Resistencia Ancestral Mapuche (RAM) de Argentina ocuparon este viernes la sede de la municipalidad de la ciudad de El Bols\u00f3n (suroeste) exigiendo hablar con el intendente de esa localidad, informaron medios locales.<!--more--><\/p>\n<p>\u00abMiembros del RAM tomaron municipalidad de El Bols\u00f3n\u00bb, inform\u00f3 el canal Todo Noticias.<\/p>\n<p>Seg\u00fan varios medios, unos 50 integrantes de la agrupaci\u00f3n mapuche ocuparon el edificio y anunciaron que no se retirar\u00e1n hasta no hablar con el intendente Bruno Pogliano.<\/p>\n<p>\u00abVenimos a interpelarte por haber pedido mano dura a la Gendarmer\u00eda y al Gobierno nacional horas antes que Santiago Maldonado desaparezca\u00bb, manifestaron los mapuches mediante un comunicado que entregaron a la secretaria del intendente, inform\u00f3 el diario Clar\u00edn.<\/p>\n<p>Entre los ocupantes de la RAM se encontrar\u00eda Mat\u00edas Santana, quien declar\u00f3 ante la polic\u00eda haber presenciado c\u00f3mo la Gendarmer\u00eda se llevaba Maldonado en una camioneta.<\/p>\n<p>El martes fue hallado un cuerpo en el r\u00edo Chubut, cerca de donde desapareci\u00f3 Maldonado el 1 de agosto, mientras escapaba de una represi\u00f3n de la Gendarmer\u00eda contra una comunidad mapuche en la que se encontraba el joven.<\/p>\n<p>La autopsia para determinar si se trata o no del joven desaparecido comenz\u00f3 este viernes alrededor de las 9:30 hora local (12:30 GMT).<\/p>\n<p>Fuente: Sputnik<\/p><\/div>\n<p>&nbsp;<\/p>\n","protected":false},"excerpt":{"rendered":"<p>Buenos Aires, 20 oct (Sputnik).- Integrantes de la agrupaci\u00f3n Resistencia Ancestral Mapuche (RAM) de Argentina ocuparon este viernes la sede [&hellip;]<\/p>\n","protected":false},"author":2,"featured_media":36903,"comment_status":"open","ping_status":"open","sticky":false,"template":"","format":"standard","meta":{"site-sidebar-layout":"default","site-content-layout":"","ast-site-content-layout":"default","site-content-style":"default","site-sidebar-style":"default","ast-global-header-display":"","ast-banner-title-visibility":"","ast-main-header-display":"","ast-hfb-above-header-display":"","ast-hfb-below-header-display":"","ast-hfb-mobile-header-display":"","site-post-title":"","ast-breadcrumbs-content":"","ast-featured-img":"","footer-sml-layout":"","ast-disable-related-posts":"","theme-transparent-header-meta":"","adv-header-id-meta":"","stick-header-meta":"","header-above-stick-meta":"","header-main-stick-meta":"","header-below-stick-meta":"","astra-migrate-meta-layouts":"default","ast-page-background-enabled":"default","ast-page-background-meta":{"desktop":{"background-color":"var(--ast-global-color-5)","background-image":"","background-repeat":"repeat","background-position":"center center","background-size":"auto","background-attachment":"scroll","background-type":"","background-media":"","overlay-type":"","overlay-color":"","overlay-opacity":"","overlay-gradient":""},"tablet":{"background-color":"","background-image":"","background-repeat":"repeat","background-position":"center center","background-size":"auto","background-attachment":"scroll","background-type":"","background-media":"","overlay-type":"","overlay-color":"","overlay-opacity":"","overlay-gradient":""},"mobile":{"background-color":"","background-image":"","background-repeat":"repeat","background-position":"center center","background-size":"auto","background-attachment":"scroll","background-type":"","background-media":"","overlay-type":"","overlay-color":"","overlay-opacity":"","overlay-gradient":""}},"ast-content-background-meta":{"desktop":{"background-color":"var(--ast-global-color-4)","background-image":"","background-repeat":"repeat","background-position":"center center","background-size":"auto","background-attachment":"scroll","background-type":"","background-media":"","overlay-type":"","overlay-color":"","overlay-opacity":"","overlay-gradient":""},"tablet":{"background-color":"var(--ast-global-color-4)","background-image":"","background-repeat":"repeat","background-position":"center center","background-size":"auto","background-attachment":"scroll","background-type":"","background-media":"","overlay-type":"","overlay-color":"","overlay-opacity":"","overlay-gradient":""},"mobile":{"background-color":"var(--ast-global-color-4)","background-image":"","background-repeat":"repeat","background-position":"center center","background-size":"auto","background-attachment":"scroll","background-type":"","background-media":"","overlay-type":"","overlay-color":"","overlay-opacity":"","overlay-gradient":""}},"footnotes":""},"categories":[23,1],"tags":[],"class_list":["post-36902","post","type-post","status-publish","format-standard","has-post-thumbnail","hentry","category-internacionales","category-noticias"],"yoast_head":"<!-- This site is optimized with the Yoast SEO Premium plugin v23.0 (Yoast SEO v27.4) - https:\/\/yoast.com\/product\/yoast-seo-premium-wordpress\/ -->\n<title>\u00a0Integrantes de agrupaci\u00f3n mapuche de Argentina toman municipalidad del sur del pa\u00eds<\/title>\n<meta name=\"robots\" content=\"index, follow, max-snippet:-1, max-image-preview:large, max-video-preview:-1\" \/>\n<link rel=\"canonical\" href=\"https:\/\/patagoniambiental.com.ar\/info\/integrantes-de-agrupacion-mapuche-de-argentina-toman-municipalidad-del-sur-del-pais\/\" \/>\n<meta property=\"og:locale\" content=\"es_ES\" \/>\n<meta property=\"og:type\" content=\"article\" \/>\n<meta property=\"og:title\" content=\"\u00a0Integrantes de agrupaci\u00f3n mapuche de Argentina toman municipalidad del sur del pa\u00eds\" \/>\n<meta property=\"og:description\" content=\"Buenos Aires, 20 oct (Sputnik).- Integrantes de la agrupaci\u00f3n Resistencia Ancestral Mapuche (RAM) de Argentina ocuparon este viernes la sede [&hellip;]\" \/>\n<meta property=\"og:url\" content=\"https:\/\/patagoniambiental.com.ar\/info\/integrantes-de-agrupacion-mapuche-de-argentina-toman-municipalidad-del-sur-del-pais\/\" \/>\n<meta property=\"og:site_name\" content=\"Patagonia Ambiental\" \/>\n<meta property=\"article:publisher\" content=\"https:\/\/www.facebook.com\/patagonia.ambiental\" \/>\n<meta property=\"article:author\" content=\"https:\/\/www.facebook.com\/share\/1C1V8Gv9BX\/?mibextid=qi2Omg\" \/>\n<meta property=\"article:published_time\" content=\"2017-10-20T12:00:54+00:00\" \/>\n<meta property=\"article:modified_time\" content=\"2017-10-20T20:02:41+00:00\" \/>\n<meta property=\"og:image\" content=\"https:\/\/patagoniambiental.com.ar\/info\/wp-content\/uploads\/2017\/10\/Sin-t\u00edtulo-12.jpg\" \/>\n\t<meta property=\"og:image:width\" content=\"584\" \/>\n\t<meta property=\"og:image:height\" content=\"507\" \/>\n\t<meta property=\"og:image:type\" content=\"image\/jpeg\" \/>\n<meta name=\"author\" content=\"Patagonia Ambiental\" \/>\n<meta name=\"twitter:card\" content=\"summary_large_image\" \/>\n<meta name=\"twitter:creator\" content=\"@PatAmb\" \/>\n<meta name=\"twitter:site\" content=\"@PatAmb\" \/>\n<script type=\"application\/ld+json\" class=\"yoast-schema-graph\">{\"@context\":\"https:\\\/\\\/schema.org\",\"@graph\":[{\"@type\":\"Article\",\"@id\":\"https:\\\/\\\/patagoniambiental.com.ar\\\/info\\\/integrantes-de-agrupacion-mapuche-de-argentina-toman-municipalidad-del-sur-del-pais\\\/#article\",\"isPartOf\":{\"@id\":\"https:\\\/\\\/patagoniambiental.com.ar\\\/info\\\/integrantes-de-agrupacion-mapuche-de-argentina-toman-municipalidad-del-sur-del-pais\\\/\"},\"author\":{\"name\":\"Patagonia Ambiental\",\"@id\":\"https:\\\/\\\/patagoniambiental.com.ar\\\/info\\\/#\\\/schema\\\/person\\\/db12bff64bbcbf6a253710bf0ea37b5d\"},\"headline\":\"\u00a0Integrantes de agrupaci\u00f3n mapuche de Argentina toman municipalidad del sur del pa\u00eds\",\"datePublished\":\"2017-10-20T12:00:54+00:00\",\"dateModified\":\"2017-10-20T20:02:41+00:00\",\"mainEntityOfPage\":{\"@id\":\"https:\\\/\\\/patagoniambiental.com.ar\\\/info\\\/integrantes-de-agrupacion-mapuche-de-argentina-toman-municipalidad-del-sur-del-pais\\\/\"},\"wordCount\":235,\"commentCount\":0,\"publisher\":{\"@id\":\"https:\\\/\\\/patagoniambiental.com.ar\\\/info\\\/#organization\"},\"image\":{\"@id\":\"https:\\\/\\\/patagoniambiental.com.ar\\\/info\\\/integrantes-de-agrupacion-mapuche-de-argentina-toman-municipalidad-del-sur-del-pais\\\/#primaryimage\"},\"thumbnailUrl\":\"https:\\\/\\\/patagoniambiental.com.ar\\\/info\\\/wp-content\\\/uploads\\\/2017\\\/10\\\/Sin-t\u00edtulo-12.jpg\",\"articleSection\":[\"Internacionales\",\"Noticias\"],\"inLanguage\":\"es\",\"potentialAction\":[{\"@type\":\"CommentAction\",\"name\":\"Comment\",\"target\":[\"https:\\\/\\\/patagoniambiental.com.ar\\\/info\\\/integrantes-de-agrupacion-mapuche-de-argentina-toman-municipalidad-del-sur-del-pais\\\/#respond\"]}]},{\"@type\":\"WebPage\",\"@id\":\"https:\\\/\\\/patagoniambiental.com.ar\\\/info\\\/integrantes-de-agrupacion-mapuche-de-argentina-toman-municipalidad-del-sur-del-pais\\\/\",\"url\":\"https:\\\/\\\/patagoniambiental.com.ar\\\/info\\\/integrantes-de-agrupacion-mapuche-de-argentina-toman-municipalidad-del-sur-del-pais\\\/\",\"name\":\"\u00a0Integrantes de agrupaci\u00f3n mapuche de Argentina toman municipalidad del sur del pa\u00eds\",\"isPartOf\":{\"@id\":\"https:\\\/\\\/patagoniambiental.com.ar\\\/info\\\/#website\"},\"primaryImageOfPage\":{\"@id\":\"https:\\\/\\\/patagoniambiental.com.ar\\\/info\\\/integrantes-de-agrupacion-mapuche-de-argentina-toman-municipalidad-del-sur-del-pais\\\/#primaryimage\"},\"image\":{\"@id\":\"https:\\\/\\\/patagoniambiental.com.ar\\\/info\\\/integrantes-de-agrupacion-mapuche-de-argentina-toman-municipalidad-del-sur-del-pais\\\/#primaryimage\"},\"thumbnailUrl\":\"https:\\\/\\\/patagoniambiental.com.ar\\\/info\\\/wp-content\\\/uploads\\\/2017\\\/10\\\/Sin-t\u00edtulo-12.jpg\",\"datePublished\":\"2017-10-20T12:00:54+00:00\",\"dateModified\":\"2017-10-20T20:02:41+00:00\",\"breadcrumb\":{\"@id\":\"https:\\\/\\\/patagoniambiental.com.ar\\\/info\\\/integrantes-de-agrupacion-mapuche-de-argentina-toman-municipalidad-del-sur-del-pais\\\/#breadcrumb\"},\"inLanguage\":\"es\",\"potentialAction\":[{\"@type\":\"ReadAction\",\"target\":[\"https:\\\/\\\/patagoniambiental.com.ar\\\/info\\\/integrantes-de-agrupacion-mapuche-de-argentina-toman-municipalidad-del-sur-del-pais\\\/\"]}]},{\"@type\":\"ImageObject\",\"inLanguage\":\"es\",\"@id\":\"https:\\\/\\\/patagoniambiental.com.ar\\\/info\\\/integrantes-de-agrupacion-mapuche-de-argentina-toman-municipalidad-del-sur-del-pais\\\/#primaryimage\",\"url\":\"https:\\\/\\\/patagoniambiental.com.ar\\\/info\\\/wp-content\\\/uploads\\\/2017\\\/10\\\/Sin-t\u00edtulo-12.jpg\",\"contentUrl\":\"https:\\\/\\\/patagoniambiental.com.ar\\\/info\\\/wp-content\\\/uploads\\\/2017\\\/10\\\/Sin-t\u00edtulo-12.jpg\",\"width\":584,\"height\":507,\"caption\":\"https:\\\/\\\/www.infobae.com\\\/new-resizer\\\/Mgkxh7yC1_wMmLN95J-LC4bLhjo=\\\/600x0\\\/filters:quality(100)\\\/s3.amazonaws.com\\\/arc-wordpress-client-uploads\\\/infobae-wp\\\/wp-content\\\/uploads\\\/2017\\\/10\\\/20154352\\\/manifestacion-municipalidad-de-el-bolson-caso-maldonado-SF-9.jpg\"},{\"@type\":\"BreadcrumbList\",\"@id\":\"https:\\\/\\\/patagoniambiental.com.ar\\\/info\\\/integrantes-de-agrupacion-mapuche-de-argentina-toman-municipalidad-del-sur-del-pais\\\/#breadcrumb\",\"itemListElement\":[{\"@type\":\"ListItem\",\"position\":1,\"name\":\"Inicio\",\"item\":\"https:\\\/\\\/patagoniambiental.com.ar\\\/info\\\/\"},{\"@type\":\"ListItem\",\"position\":2,\"name\":\"\u00a0Integrantes de agrupaci\u00f3n mapuche de Argentina toman municipalidad del sur del pa\u00eds\"}]},{\"@type\":\"WebSite\",\"@id\":\"https:\\\/\\\/patagoniambiental.com.ar\\\/info\\\/#website\",\"url\":\"https:\\\/\\\/patagoniambiental.com.ar\\\/info\\\/\",\"name\":\"Patagonia Ambiental\",\"description\":\"Monitoreo y an\u00e1lisis de la situaci\u00f3n geopol\u00edtica en el mundo y su implicancia en la Patagonia\",\"publisher\":{\"@id\":\"https:\\\/\\\/patagoniambiental.com.ar\\\/info\\\/#organization\"},\"potentialAction\":[{\"@type\":\"SearchAction\",\"target\":{\"@type\":\"EntryPoint\",\"urlTemplate\":\"https:\\\/\\\/patagoniambiental.com.ar\\\/info\\\/?s={search_term_string}\"},\"query-input\":{\"@type\":\"PropertyValueSpecification\",\"valueRequired\":true,\"valueName\":\"search_term_string\"}}],\"inLanguage\":\"es\"},{\"@type\":\"Organization\",\"@id\":\"https:\\\/\\\/patagoniambiental.com.ar\\\/info\\\/#organization\",\"name\":\"Patagonia Ambiental\",\"url\":\"https:\\\/\\\/patagoniambiental.com.ar\\\/info\\\/\",\"logo\":{\"@type\":\"ImageObject\",\"inLanguage\":\"es\",\"@id\":\"https:\\\/\\\/patagoniambiental.com.ar\\\/info\\\/#\\\/schema\\\/logo\\\/image\\\/\",\"url\":\"https:\\\/\\\/patagoniambiental.com.ar\\\/info\\\/wp-content\\\/uploads\\\/2025\\\/05\\\/LOGO-PATAGONIA-AMBIENTAL.png\",\"contentUrl\":\"https:\\\/\\\/patagoniambiental.com.ar\\\/info\\\/wp-content\\\/uploads\\\/2025\\\/05\\\/LOGO-PATAGONIA-AMBIENTAL.png\",\"width\":433,\"height\":250,\"caption\":\"Patagonia Ambiental\"},\"image\":{\"@id\":\"https:\\\/\\\/patagoniambiental.com.ar\\\/info\\\/#\\\/schema\\\/logo\\\/image\\\/\"},\"sameAs\":[\"https:\\\/\\\/www.facebook.com\\\/patagonia.ambiental\",\"https:\\\/\\\/x.com\\\/PatAmb\"]},{\"@type\":\"Person\",\"@id\":\"https:\\\/\\\/patagoniambiental.com.ar\\\/info\\\/#\\\/schema\\\/person\\\/db12bff64bbcbf6a253710bf0ea37b5d\",\"name\":\"Patagonia Ambiental\",\"description\":\"Andr\u00e9s Nievas T\u00e9cnico en manejo ambiental, consultor Ambiental y escritor para medios locales e internacionales sobre temas de geopolitica y medio ambiente.\",\"sameAs\":[\"http:\\\/\\\/www.patagoniambiental.com.ar\",\"https:\\\/\\\/www.facebook.com\\\/share\\\/1C1V8Gv9BX\\\/?mibextid=qi2Omg\",\"@patagoniambiental\",\"https:\\\/\\\/youtube.com\\\/@patagoniaambiental2023?si=BLt58t0wuXquxlYZ\"]}]}<\/script>\n<!-- \/ Yoast SEO Premium plugin. -->","yoast_head_json":{"title":"\u00a0Integrantes de agrupaci\u00f3n mapuche de Argentina toman municipalidad del sur del pa\u00eds","robots":{"index":"index","follow":"follow","max-snippet":"max-snippet:-1","max-image-preview":"max-image-preview:large","max-video-preview":"max-video-preview:-1"},"canonical":"https:\/\/patagoniambiental.com.ar\/info\/integrantes-de-agrupacion-mapuche-de-argentina-toman-municipalidad-del-sur-del-pais\/","og_locale":"es_ES","og_type":"article","og_title":"\u00a0Integrantes de agrupaci\u00f3n mapuche de Argentina toman municipalidad del sur del pa\u00eds","og_description":"Buenos Aires, 20 oct (Sputnik).- Integrantes de la agrupaci\u00f3n Resistencia Ancestral Mapuche (RAM) de Argentina ocuparon este viernes la sede [&hellip;]","og_url":"https:\/\/patagoniambiental.com.ar\/info\/integrantes-de-agrupacion-mapuche-de-argentina-toman-municipalidad-del-sur-del-pais\/","og_site_name":"Patagonia Ambiental","article_publisher":"https:\/\/www.facebook.com\/patagonia.ambiental","article_author":"https:\/\/www.facebook.com\/share\/1C1V8Gv9BX\/?mibextid=qi2Omg","article_published_time":"2017-10-20T12:00:54+00:00","article_modified_time":"2017-10-20T20:02:41+00:00","og_image":[{"width":584,"height":507,"url":"https:\/\/patagoniambiental.com.ar\/info\/wp-content\/uploads\/2017\/10\/Sin-t\u00edtulo-12.jpg","type":"image\/jpeg"}],"author":"Patagonia Ambiental","twitter_card":"summary_large_image","twitter_creator":"@PatAmb","twitter_site":"@PatAmb","schema":{"@context":"https:\/\/schema.org","@graph":[{"@type":"Article","@id":"https:\/\/patagoniambiental.com.ar\/info\/integrantes-de-agrupacion-mapuche-de-argentina-toman-municipalidad-del-sur-del-pais\/#article","isPartOf":{"@id":"https:\/\/patagoniambiental.com.ar\/info\/integrantes-de-agrupacion-mapuche-de-argentina-toman-municipalidad-del-sur-del-pais\/"},"author":{"name":"Patagonia Ambiental","@id":"https:\/\/patagoniambiental.com.ar\/info\/#\/schema\/person\/db12bff64bbcbf6a253710bf0ea37b5d"},"headline":"\u00a0Integrantes de agrupaci\u00f3n mapuche de Argentina toman municipalidad del sur del pa\u00eds","datePublished":"2017-10-20T12:00:54+00:00","dateModified":"2017-10-20T20:02:41+00:00","mainEntityOfPage":{"@id":"https:\/\/patagoniambiental.com.ar\/info\/integrantes-de-agrupacion-mapuche-de-argentina-toman-municipalidad-del-sur-del-pais\/"},"wordCount":235,"commentCount":0,"publisher":{"@id":"https:\/\/patagoniambiental.com.ar\/info\/#organization"},"image":{"@id":"https:\/\/patagoniambiental.com.ar\/info\/integrantes-de-agrupacion-mapuche-de-argentina-toman-municipalidad-del-sur-del-pais\/#primaryimage"},"thumbnailUrl":"https:\/\/patagoniambiental.com.ar\/info\/wp-content\/uploads\/2017\/10\/Sin-t\u00edtulo-12.jpg","articleSection":["Internacionales","Noticias"],"inLanguage":"es","potentialAction":[{"@type":"CommentAction","name":"Comment","target":["https:\/\/patagoniambiental.com.ar\/info\/integrantes-de-agrupacion-mapuche-de-argentina-toman-municipalidad-del-sur-del-pais\/#respond"]}]},{"@type":"WebPage","@id":"https:\/\/patagoniambiental.com.ar\/info\/integrantes-de-agrupacion-mapuche-de-argentina-toman-municipalidad-del-sur-del-pais\/","url":"https:\/\/patagoniambiental.com.ar\/info\/integrantes-de-agrupacion-mapuche-de-argentina-toman-municipalidad-del-sur-del-pais\/","name":"\u00a0Integrantes de agrupaci\u00f3n mapuche de Argentina toman municipalidad del sur del pa\u00eds","isPartOf":{"@id":"https:\/\/patagoniambiental.com.ar\/info\/#website"},"primaryImageOfPage":{"@id":"https:\/\/patagoniambiental.com.ar\/info\/integrantes-de-agrupacion-mapuche-de-argentina-toman-municipalidad-del-sur-del-pais\/#primaryimage"},"image":{"@id":"https:\/\/patagoniambiental.com.ar\/info\/integrantes-de-agrupacion-mapuche-de-argentina-toman-municipalidad-del-sur-del-pais\/#primaryimage"},"thumbnailUrl":"https:\/\/patagoniambiental.com.ar\/info\/wp-content\/uploads\/2017\/10\/Sin-t\u00edtulo-12.jpg","datePublished":"2017-10-20T12:00:54+00:00","dateModified":"2017-10-20T20:02:41+00:00","breadcrumb":{"@id":"https:\/\/patagoniambiental.com.ar\/info\/integrantes-de-agrupacion-mapuche-de-argentina-toman-municipalidad-del-sur-del-pais\/#breadcrumb"},"inLanguage":"es","potentialAction":[{"@type":"ReadAction","target":["https:\/\/patagoniambiental.com.ar\/info\/integrantes-de-agrupacion-mapuche-de-argentina-toman-municipalidad-del-sur-del-pais\/"]}]},{"@type":"ImageObject","inLanguage":"es","@id":"https:\/\/patagoniambiental.com.ar\/info\/integrantes-de-agrupacion-mapuche-de-argentina-toman-municipalidad-del-sur-del-pais\/#primaryimage","url":"https:\/\/patagoniambiental.com.ar\/info\/wp-content\/uploads\/2017\/10\/Sin-t\u00edtulo-12.jpg","contentUrl":"https:\/\/patagoniambiental.com.ar\/info\/wp-content\/uploads\/2017\/10\/Sin-t\u00edtulo-12.jpg","width":584,"height":507,"caption":"https:\/\/www.infobae.com\/new-resizer\/Mgkxh7yC1_wMmLN95J-LC4bLhjo=\/600x0\/filters:quality(100)\/s3.amazonaws.com\/arc-wordpress-client-uploads\/infobae-wp\/wp-content\/uploads\/2017\/10\/20154352\/manifestacion-municipalidad-de-el-bolson-caso-maldonado-SF-9.jpg"},{"@type":"BreadcrumbList","@id":"https:\/\/patagoniambiental.com.ar\/info\/integrantes-de-agrupacion-mapuche-de-argentina-toman-municipalidad-del-sur-del-pais\/#breadcrumb","itemListElement":[{"@type":"ListItem","position":1,"name":"Inicio","item":"https:\/\/patagoniambiental.com.ar\/info\/"},{"@type":"ListItem","position":2,"name":"\u00a0Integrantes de agrupaci\u00f3n mapuche de Argentina toman municipalidad del sur del pa\u00eds"}]},{"@type":"WebSite","@id":"https:\/\/patagoniambiental.com.ar\/info\/#website","url":"https:\/\/patagoniambiental.com.ar\/info\/","name":"Patagonia Ambiental","description":"Monitoreo y an\u00e1lisis de la situaci\u00f3n geopol\u00edtica en el mundo y su implicancia en la Patagonia","publisher":{"@id":"https:\/\/patagoniambiental.com.ar\/info\/#organization"},"potentialAction":[{"@type":"SearchAction","target":{"@type":"EntryPoint","urlTemplate":"https:\/\/patagoniambiental.com.ar\/info\/?s={search_term_string}"},"query-input":{"@type":"PropertyValueSpecification","valueRequired":true,"valueName":"search_term_string"}}],"inLanguage":"es"},{"@type":"Organization","@id":"https:\/\/patagoniambiental.com.ar\/info\/#organization","name":"Patagonia Ambiental","url":"https:\/\/patagoniambiental.com.ar\/info\/","logo":{"@type":"ImageObject","inLanguage":"es","@id":"https:\/\/patagoniambiental.com.ar\/info\/#\/schema\/logo\/image\/","url":"https:\/\/patagoniambiental.com.ar\/info\/wp-content\/uploads\/2025\/05\/LOGO-PATAGONIA-AMBIENTAL.png","contentUrl":"https:\/\/patagoniambiental.com.ar\/info\/wp-content\/uploads\/2025\/05\/LOGO-PATAGONIA-AMBIENTAL.png","width":433,"height":250,"caption":"Patagonia Ambiental"},"image":{"@id":"https:\/\/patagoniambiental.com.ar\/info\/#\/schema\/logo\/image\/"},"sameAs":["https:\/\/www.facebook.com\/patagonia.ambiental","https:\/\/x.com\/PatAmb"]},{"@type":"Person","@id":"https:\/\/patagoniambiental.com.ar\/info\/#\/schema\/person\/db12bff64bbcbf6a253710bf0ea37b5d","name":"Patagonia Ambiental","description":"Andr\u00e9s Nievas T\u00e9cnico en manejo ambiental, consultor Ambiental y escritor para medios locales e internacionales sobre temas de geopolitica y medio ambiente.","sameAs":["http:\/\/www.patagoniambiental.com.ar","https:\/\/www.facebook.com\/share\/1C1V8Gv9BX\/?mibextid=qi2Omg","@patagoniambiental","https:\/\/youtube.com\/@patagoniaambiental2023?si=BLt58t0wuXquxlYZ"]}]}},"_links":{"self":[{"href":"https:\/\/patagoniambiental.com.ar\/info\/wp-json\/wp\/v2\/posts\/36902","targetHints":{"allow":["GET"]}}],"collection":[{"href":"https:\/\/patagoniambiental.com.ar\/info\/wp-json\/wp\/v2\/posts"}],"about":[{"href":"https:\/\/patagoniambiental.com.ar\/info\/wp-json\/wp\/v2\/types\/post"}],"author":[{"embeddable":true,"href":"https:\/\/patagoniambiental.com.ar\/info\/wp-json\/wp\/v2\/users\/2"}],"replies":[{"embeddable":true,"href":"https:\/\/patagoniambiental.com.ar\/info\/wp-json\/wp\/v2\/comments?post=36902"}],"version-history":[{"count":0,"href":"https:\/\/patagoniambiental.com.ar\/info\/wp-json\/wp\/v2\/posts\/36902\/revisions"}],"wp:featuredmedia":[{"embeddable":true,"href":"https:\/\/patagoniambiental.com.ar\/info\/wp-json\/wp\/v2\/media\/36903"}],"wp:attachment":[{"href":"https:\/\/patagoniambiental.com.ar\/info\/wp-json\/wp\/v2\/media?parent=36902"}],"wp:term":[{"taxonomy":"category","embeddable":true,"href":"https:\/\/patagoniambiental.com.ar\/info\/wp-json\/wp\/v2\/categories?post=36902"},{"taxonomy":"post_tag","embeddable":true,"href":"https:\/\/patagoniambiental.com.ar\/info\/wp-json\/wp\/v2\/tags?post=36902"}],"curies":[{"name":"wp","href":"https:\/\/api.w.org\/{rel}","templated":true}]}}