{"id":36943,"date":"2017-10-23T09:00:56","date_gmt":"2017-10-23T12:00:56","guid":{"rendered":"http:\/\/patagoniambiental.com.ar\/info\/?p=36943"},"modified":"2017-10-22T20:27:10","modified_gmt":"2017-10-22T23:27:10","slug":"en-mar-chiquita-instalaran-colectores-de-residuos-pesqueros","status":"publish","type":"post","link":"https:\/\/patagoniambiental.com.ar\/info\/en-mar-chiquita-instalaran-colectores-de-residuos-pesqueros\/","title":{"rendered":"En Mar Chiquita instalar\u00e1n colectores de residuos pesqueros"},"content":{"rendered":"<p>MAR CHIQUITA.- Desde principios de 2017, un grupo conformado por bi\u00f3logos y soci\u00f3logos, viene llevando adelante un monitoreo de residuos en varias de las playas de la Reserva de Bi\u00f3sfera Parque Atl\u00e1ntico Mar Chiquita, evaluando no s\u00f3lo residuos en superficie (aquellos que se ven) sino tambi\u00e9n en sedimento (aquellos que no se ven).<br \/>\nDe esta manera, el equipo del proyecto lleva m\u00e1s de un a\u00f1o de trabajo monitoreando los residuos de la Reserva para lograr como paso final la instalaci\u00f3n de 24 dispositivos especiales para los residuos provenientes de la pesca deportiva. Se trata de \u201ccolectores de monofilamentos\u201d y tienen como prop\u00f3sito colectar los residuos provenientes de la pesca como tanzas, l\u00edneas de pesca y anzuelos de descarte. El proyecto cuenta con el aval del Municipio de Mar Chiquita y est\u00e1 siendo acompa\u00f1ado por la Secretar\u00eda de Medio Ambiente local.<\/p>\n<p><strong>Buena respuesta<\/strong><\/p>\n<p>\u201cA diez d\u00edas de colocados los colectores el proyecto marcha muy bien. Tenemos muy buena respuesta de la comunidad de pescadores y vecinos del lugar\u201d, afirm\u00f3 Germ\u00e1n Garc\u00eda, investigador adjunto de CONICET Mar del Plata, agregando: \u201cColocamos 24 colectores que van por todo el paseo de los pescadores, desde atr\u00e1s del puesto policial hasta la boca de la laguna\u201d.<br \/>\nDurante esta nueva etapa de proyecto, los integrantes del mismo seguir\u00e1n monitoreando los residuos en las playas y en los nuevos colectores de residuos recientemente instalados. Tambi\u00e9n se seguir\u00e1 trabajando en conjunto con los actores claves del lugar para lograr la ejecuci\u00f3n con \u00e9xito de este programa de reducci\u00f3n de monofilamentos.<\/p>\n<p><strong>El caso de la gaviota cangrejera<\/strong><\/p>\n<p>\u201cUno de los desencadenantes de este proyecto fue la amenaza constante que est\u00e1 sufriendo una especie que visita las playas de Mar Chiquita durante su migraci\u00f3n invernal. Esta especie, conocida vulgarmente como Gaviota Cangrejera o de Olrog, se asocia a los pescadores deportivos haciendo uso del descarte y sub-productos de la pesca generado por los mismos e interaccionando negativamente con su arte de pesca\u201d, explica Garc\u00eda.<br \/>\nEsta interacci\u00f3n resulta muchas veces en la mutilaci\u00f3n de alguna de las extremidades o incluso la muerte de los individuos; las gaviotas suelen enredarse en l\u00edneas de pescas o ingerir anzuelos con carnadas los cuales son dejados por los pescadores sobre la arena o escolleras durante el armado de sus l\u00edneas.<br \/>\nEl investigador se\u00f1al\u00f3 que \u201ces por esto que se gener\u00f3 la idea de trabajar de manera interdisciplinaria con la comunidad de pescadores en un programa de manejo responsable de accesorios y l\u00edneas de pesca. La instalaci\u00f3n de los \u2018colectores de monofilamentos\u2019 est\u00e1 acompa\u00f1ada de se\u00f1al\u00e9tica y folleter\u00eda educativa para abordar el problema. De esta manera, buscamos mejorar la pr\u00e1ctica por parte de los pescadores, lo cual har\u00e1 reducir la cantidad de accesorios y l\u00edneas de pesca disponibles para las gaviotas en una de las principales \u00e1reas de alimentaci\u00f3n y descanso durante su migraci\u00f3n post reproductiva\u201d.<br \/>\nA trav\u00e9s de este programa de reducci\u00f3n de monofilamentos se busca poner un freno a la cantidad de tanzas que \u201cvuelan\u201d y se entierran por las playas de Mar Chiquita y en el fondo de la laguna. \u201cNo s\u00f3lo ser\u00e1 un beneficio para el medioambiente sino tambi\u00e9n para todos los usuarios, es una cuesti\u00f3n sanitaria. Si logramos frenar hoy el avance en la acumulaci\u00f3n de tanzas y restos de pescas en el fondo de la laguna podr\u00edamos darnos la posibilidad de pensar en limpiar lo que por decenas de a\u00f1os se viene acumulando en el fondo\u201d, agreg\u00f3 Garc\u00eda.<br \/>\nEl proyecto es dirigido por German Garc\u00eda y Juan Pablo Seco Pon, ambos pertenecientes al IIMyC, y cuenta con la colaboraci\u00f3n de Ariadna Gorostegui Valenti de la Facultad de Ciencias de la Salud y Maximiliano Hern\u00e1ndez, Mauro Bonavita, Valeria Pomponio, Francisco Zumpano, Mercedes Laurentxena, Melina Castano, Agustina Quadri Adrogu\u00e9 de la Facultad de Ciencias Exactas y Naturales de la Universidad Nacional de Mar del Plata.<\/p>\n<p>Fuente: CONICET<\/p>\n<div class=\"sharedaddy sd-sharing-enabled\"><\/div>\n","protected":false},"excerpt":{"rendered":"<p>MAR CHIQUITA.- Desde principios de 2017, un grupo conformado por bi\u00f3logos y soci\u00f3logos, viene llevando adelante un monitoreo de residuos [&hellip;]<\/p>\n","protected":false},"author":2,"featured_media":36944,"comment_status":"open","ping_status":"open","sticky":false,"template":"","format":"standard","meta":{"site-sidebar-layout":"default","site-content-layout":"","ast-site-content-layout":"default","site-content-style":"default","site-sidebar-style":"default","ast-global-header-display":"","ast-banner-title-visibility":"","ast-main-header-display":"","ast-hfb-above-header-display":"","ast-hfb-below-header-display":"","ast-hfb-mobile-header-display":"","site-post-title":"","ast-breadcrumbs-content":"","ast-featured-img":"","footer-sml-layout":"","ast-disable-related-posts":"","theme-transparent-header-meta":"","adv-header-id-meta":"","stick-header-meta":"","header-above-stick-meta":"","header-main-stick-meta":"","header-below-stick-meta":"","astra-migrate-meta-layouts":"default","ast-page-background-enabled":"default","ast-page-background-meta":{"desktop":{"background-color":"var(--ast-global-color-5)","background-image":"","background-repeat":"repeat","background-position":"center center","background-size":"auto","background-attachment":"scroll","background-type":"","background-media":"","overlay-type":"","overlay-color":"","overlay-opacity":"","overlay-gradient":""},"tablet":{"background-color":"","background-image":"","background-repeat":"repeat","background-position":"center center","background-size":"auto","background-attachment":"scroll","background-type":"","background-media":"","overlay-type":"","overlay-color":"","overlay-opacity":"","overlay-gradient":""},"mobile":{"background-color":"","background-image":"","background-repeat":"repeat","background-position":"center center","background-size":"auto","background-attachment":"scroll","background-type":"","background-media":"","overlay-type":"","overlay-color":"","overlay-opacity":"","overlay-gradient":""}},"ast-content-background-meta":{"desktop":{"background-color":"var(--ast-global-color-4)","background-image":"","background-repeat":"repeat","background-position":"center center","background-size":"auto","background-attachment":"scroll","background-type":"","background-media":"","overlay-type":"","overlay-color":"","overlay-opacity":"","overlay-gradient":""},"tablet":{"background-color":"var(--ast-global-color-4)","background-image":"","background-repeat":"repeat","background-position":"center center","background-size":"auto","background-attachment":"scroll","background-type":"","background-media":"","overlay-type":"","overlay-color":"","overlay-opacity":"","overlay-gradient":""},"mobile":{"background-color":"var(--ast-global-color-4)","background-image":"","background-repeat":"repeat","background-position":"center center","background-size":"auto","background-attachment":"scroll","background-type":"","background-media":"","overlay-type":"","overlay-color":"","overlay-opacity":"","overlay-gradient":""}},"footnotes":""},"categories":[16,1],"tags":[],"class_list":["post-36943","post","type-post","status-publish","format-standard","has-post-thumbnail","hentry","category-municipales","category-noticias"],"yoast_head":"<!-- This site is optimized with the Yoast SEO Premium plugin v23.0 (Yoast SEO v27.4) - https:\/\/yoast.com\/product\/yoast-seo-premium-wordpress\/ -->\n<title>En Mar Chiquita instalar\u00e1n colectores de residuos pesqueros<\/title>\n<meta name=\"robots\" content=\"index, follow, max-snippet:-1, max-image-preview:large, max-video-preview:-1\" \/>\n<link rel=\"canonical\" href=\"https:\/\/patagoniambiental.com.ar\/info\/en-mar-chiquita-instalaran-colectores-de-residuos-pesqueros\/\" \/>\n<meta property=\"og:locale\" content=\"es_ES\" \/>\n<meta property=\"og:type\" content=\"article\" \/>\n<meta property=\"og:title\" content=\"En Mar Chiquita instalar\u00e1n colectores de residuos pesqueros\" \/>\n<meta property=\"og:description\" content=\"MAR CHIQUITA.- Desde principios de 2017, un grupo conformado por bi\u00f3logos y soci\u00f3logos, viene llevando adelante un monitoreo de residuos [&hellip;]\" \/>\n<meta property=\"og:url\" content=\"https:\/\/patagoniambiental.com.ar\/info\/en-mar-chiquita-instalaran-colectores-de-residuos-pesqueros\/\" \/>\n<meta property=\"og:site_name\" content=\"Patagonia Ambiental\" \/>\n<meta property=\"article:publisher\" content=\"https:\/\/www.facebook.com\/patagonia.ambiental\" \/>\n<meta property=\"article:author\" content=\"https:\/\/www.facebook.com\/share\/1C1V8Gv9BX\/?mibextid=qi2Omg\" \/>\n<meta property=\"article:published_time\" content=\"2017-10-23T12:00:56+00:00\" \/>\n<meta property=\"og:image\" content=\"https:\/\/patagoniambiental.com.ar\/info\/wp-content\/uploads\/2017\/10\/AVE-CON-TANZA.jpg\" \/>\n\t<meta property=\"og:image:width\" content=\"400\" \/>\n\t<meta property=\"og:image:height\" content=\"225\" \/>\n\t<meta property=\"og:image:type\" content=\"image\/jpeg\" \/>\n<meta name=\"author\" content=\"Patagonia Ambiental\" \/>\n<meta name=\"twitter:card\" content=\"summary_large_image\" \/>\n<meta name=\"twitter:creator\" content=\"@PatAmb\" \/>\n<meta name=\"twitter:site\" content=\"@PatAmb\" \/>\n<script type=\"application\/ld+json\" class=\"yoast-schema-graph\">{\"@context\":\"https:\\\/\\\/schema.org\",\"@graph\":[{\"@type\":\"Article\",\"@id\":\"https:\\\/\\\/patagoniambiental.com.ar\\\/info\\\/en-mar-chiquita-instalaran-colectores-de-residuos-pesqueros\\\/#article\",\"isPartOf\":{\"@id\":\"https:\\\/\\\/patagoniambiental.com.ar\\\/info\\\/en-mar-chiquita-instalaran-colectores-de-residuos-pesqueros\\\/\"},\"author\":{\"name\":\"Patagonia Ambiental\",\"@id\":\"https:\\\/\\\/patagoniambiental.com.ar\\\/info\\\/#\\\/schema\\\/person\\\/db12bff64bbcbf6a253710bf0ea37b5d\"},\"headline\":\"En Mar Chiquita instalar\u00e1n colectores de residuos pesqueros\",\"datePublished\":\"2017-10-23T12:00:56+00:00\",\"mainEntityOfPage\":{\"@id\":\"https:\\\/\\\/patagoniambiental.com.ar\\\/info\\\/en-mar-chiquita-instalaran-colectores-de-residuos-pesqueros\\\/\"},\"wordCount\":692,\"commentCount\":0,\"publisher\":{\"@id\":\"https:\\\/\\\/patagoniambiental.com.ar\\\/info\\\/#organization\"},\"image\":{\"@id\":\"https:\\\/\\\/patagoniambiental.com.ar\\\/info\\\/en-mar-chiquita-instalaran-colectores-de-residuos-pesqueros\\\/#primaryimage\"},\"thumbnailUrl\":\"https:\\\/\\\/patagoniambiental.com.ar\\\/info\\\/wp-content\\\/uploads\\\/2017\\\/10\\\/AVE-CON-TANZA.jpg\",\"articleSection\":[\"Municipales\",\"Noticias\"],\"inLanguage\":\"es\",\"potentialAction\":[{\"@type\":\"CommentAction\",\"name\":\"Comment\",\"target\":[\"https:\\\/\\\/patagoniambiental.com.ar\\\/info\\\/en-mar-chiquita-instalaran-colectores-de-residuos-pesqueros\\\/#respond\"]}]},{\"@type\":\"WebPage\",\"@id\":\"https:\\\/\\\/patagoniambiental.com.ar\\\/info\\\/en-mar-chiquita-instalaran-colectores-de-residuos-pesqueros\\\/\",\"url\":\"https:\\\/\\\/patagoniambiental.com.ar\\\/info\\\/en-mar-chiquita-instalaran-colectores-de-residuos-pesqueros\\\/\",\"name\":\"En Mar Chiquita instalar\u00e1n colectores de residuos pesqueros\",\"isPartOf\":{\"@id\":\"https:\\\/\\\/patagoniambiental.com.ar\\\/info\\\/#website\"},\"primaryImageOfPage\":{\"@id\":\"https:\\\/\\\/patagoniambiental.com.ar\\\/info\\\/en-mar-chiquita-instalaran-colectores-de-residuos-pesqueros\\\/#primaryimage\"},\"image\":{\"@id\":\"https:\\\/\\\/patagoniambiental.com.ar\\\/info\\\/en-mar-chiquita-instalaran-colectores-de-residuos-pesqueros\\\/#primaryimage\"},\"thumbnailUrl\":\"https:\\\/\\\/patagoniambiental.com.ar\\\/info\\\/wp-content\\\/uploads\\\/2017\\\/10\\\/AVE-CON-TANZA.jpg\",\"datePublished\":\"2017-10-23T12:00:56+00:00\",\"breadcrumb\":{\"@id\":\"https:\\\/\\\/patagoniambiental.com.ar\\\/info\\\/en-mar-chiquita-instalaran-colectores-de-residuos-pesqueros\\\/#breadcrumb\"},\"inLanguage\":\"es\",\"potentialAction\":[{\"@type\":\"ReadAction\",\"target\":[\"https:\\\/\\\/patagoniambiental.com.ar\\\/info\\\/en-mar-chiquita-instalaran-colectores-de-residuos-pesqueros\\\/\"]}]},{\"@type\":\"ImageObject\",\"inLanguage\":\"es\",\"@id\":\"https:\\\/\\\/patagoniambiental.com.ar\\\/info\\\/en-mar-chiquita-instalaran-colectores-de-residuos-pesqueros\\\/#primaryimage\",\"url\":\"https:\\\/\\\/patagoniambiental.com.ar\\\/info\\\/wp-content\\\/uploads\\\/2017\\\/10\\\/AVE-CON-TANZA.jpg\",\"contentUrl\":\"https:\\\/\\\/patagoniambiental.com.ar\\\/info\\\/wp-content\\\/uploads\\\/2017\\\/10\\\/AVE-CON-TANZA.jpg\",\"width\":400,\"height\":225},{\"@type\":\"BreadcrumbList\",\"@id\":\"https:\\\/\\\/patagoniambiental.com.ar\\\/info\\\/en-mar-chiquita-instalaran-colectores-de-residuos-pesqueros\\\/#breadcrumb\",\"itemListElement\":[{\"@type\":\"ListItem\",\"position\":1,\"name\":\"Inicio\",\"item\":\"https:\\\/\\\/patagoniambiental.com.ar\\\/info\\\/\"},{\"@type\":\"ListItem\",\"position\":2,\"name\":\"En Mar Chiquita instalar\u00e1n colectores de residuos pesqueros\"}]},{\"@type\":\"WebSite\",\"@id\":\"https:\\\/\\\/patagoniambiental.com.ar\\\/info\\\/#website\",\"url\":\"https:\\\/\\\/patagoniambiental.com.ar\\\/info\\\/\",\"name\":\"Patagonia Ambiental\",\"description\":\"Monitoreo y an\u00e1lisis de la situaci\u00f3n geopol\u00edtica en el mundo y su implicancia en la Patagonia\",\"publisher\":{\"@id\":\"https:\\\/\\\/patagoniambiental.com.ar\\\/info\\\/#organization\"},\"potentialAction\":[{\"@type\":\"SearchAction\",\"target\":{\"@type\":\"EntryPoint\",\"urlTemplate\":\"https:\\\/\\\/patagoniambiental.com.ar\\\/info\\\/?s={search_term_string}\"},\"query-input\":{\"@type\":\"PropertyValueSpecification\",\"valueRequired\":true,\"valueName\":\"search_term_string\"}}],\"inLanguage\":\"es\"},{\"@type\":\"Organization\",\"@id\":\"https:\\\/\\\/patagoniambiental.com.ar\\\/info\\\/#organization\",\"name\":\"Patagonia Ambiental\",\"url\":\"https:\\\/\\\/patagoniambiental.com.ar\\\/info\\\/\",\"logo\":{\"@type\":\"ImageObject\",\"inLanguage\":\"es\",\"@id\":\"https:\\\/\\\/patagoniambiental.com.ar\\\/info\\\/#\\\/schema\\\/logo\\\/image\\\/\",\"url\":\"https:\\\/\\\/patagoniambiental.com.ar\\\/info\\\/wp-content\\\/uploads\\\/2025\\\/05\\\/LOGO-PATAGONIA-AMBIENTAL.png\",\"contentUrl\":\"https:\\\/\\\/patagoniambiental.com.ar\\\/info\\\/wp-content\\\/uploads\\\/2025\\\/05\\\/LOGO-PATAGONIA-AMBIENTAL.png\",\"width\":433,\"height\":250,\"caption\":\"Patagonia Ambiental\"},\"image\":{\"@id\":\"https:\\\/\\\/patagoniambiental.com.ar\\\/info\\\/#\\\/schema\\\/logo\\\/image\\\/\"},\"sameAs\":[\"https:\\\/\\\/www.facebook.com\\\/patagonia.ambiental\",\"https:\\\/\\\/x.com\\\/PatAmb\"]},{\"@type\":\"Person\",\"@id\":\"https:\\\/\\\/patagoniambiental.com.ar\\\/info\\\/#\\\/schema\\\/person\\\/db12bff64bbcbf6a253710bf0ea37b5d\",\"name\":\"Patagonia Ambiental\",\"description\":\"Andr\u00e9s Nievas T\u00e9cnico en manejo ambiental, consultor Ambiental y escritor para medios locales e internacionales sobre temas de geopolitica y medio ambiente.\",\"sameAs\":[\"http:\\\/\\\/www.patagoniambiental.com.ar\",\"https:\\\/\\\/www.facebook.com\\\/share\\\/1C1V8Gv9BX\\\/?mibextid=qi2Omg\",\"@patagoniambiental\",\"https:\\\/\\\/youtube.com\\\/@patagoniaambiental2023?si=BLt58t0wuXquxlYZ\"]}]}<\/script>\n<!-- \/ Yoast SEO Premium plugin. -->","yoast_head_json":{"title":"En Mar Chiquita instalar\u00e1n colectores de residuos pesqueros","robots":{"index":"index","follow":"follow","max-snippet":"max-snippet:-1","max-image-preview":"max-image-preview:large","max-video-preview":"max-video-preview:-1"},"canonical":"https:\/\/patagoniambiental.com.ar\/info\/en-mar-chiquita-instalaran-colectores-de-residuos-pesqueros\/","og_locale":"es_ES","og_type":"article","og_title":"En Mar Chiquita instalar\u00e1n colectores de residuos pesqueros","og_description":"MAR CHIQUITA.- Desde principios de 2017, un grupo conformado por bi\u00f3logos y soci\u00f3logos, viene llevando adelante un monitoreo de residuos [&hellip;]","og_url":"https:\/\/patagoniambiental.com.ar\/info\/en-mar-chiquita-instalaran-colectores-de-residuos-pesqueros\/","og_site_name":"Patagonia Ambiental","article_publisher":"https:\/\/www.facebook.com\/patagonia.ambiental","article_author":"https:\/\/www.facebook.com\/share\/1C1V8Gv9BX\/?mibextid=qi2Omg","article_published_time":"2017-10-23T12:00:56+00:00","og_image":[{"width":400,"height":225,"url":"https:\/\/patagoniambiental.com.ar\/info\/wp-content\/uploads\/2017\/10\/AVE-CON-TANZA.jpg","type":"image\/jpeg"}],"author":"Patagonia Ambiental","twitter_card":"summary_large_image","twitter_creator":"@PatAmb","twitter_site":"@PatAmb","schema":{"@context":"https:\/\/schema.org","@graph":[{"@type":"Article","@id":"https:\/\/patagoniambiental.com.ar\/info\/en-mar-chiquita-instalaran-colectores-de-residuos-pesqueros\/#article","isPartOf":{"@id":"https:\/\/patagoniambiental.com.ar\/info\/en-mar-chiquita-instalaran-colectores-de-residuos-pesqueros\/"},"author":{"name":"Patagonia Ambiental","@id":"https:\/\/patagoniambiental.com.ar\/info\/#\/schema\/person\/db12bff64bbcbf6a253710bf0ea37b5d"},"headline":"En Mar Chiquita instalar\u00e1n colectores de residuos pesqueros","datePublished":"2017-10-23T12:00:56+00:00","mainEntityOfPage":{"@id":"https:\/\/patagoniambiental.com.ar\/info\/en-mar-chiquita-instalaran-colectores-de-residuos-pesqueros\/"},"wordCount":692,"commentCount":0,"publisher":{"@id":"https:\/\/patagoniambiental.com.ar\/info\/#organization"},"image":{"@id":"https:\/\/patagoniambiental.com.ar\/info\/en-mar-chiquita-instalaran-colectores-de-residuos-pesqueros\/#primaryimage"},"thumbnailUrl":"https:\/\/patagoniambiental.com.ar\/info\/wp-content\/uploads\/2017\/10\/AVE-CON-TANZA.jpg","articleSection":["Municipales","Noticias"],"inLanguage":"es","potentialAction":[{"@type":"CommentAction","name":"Comment","target":["https:\/\/patagoniambiental.com.ar\/info\/en-mar-chiquita-instalaran-colectores-de-residuos-pesqueros\/#respond"]}]},{"@type":"WebPage","@id":"https:\/\/patagoniambiental.com.ar\/info\/en-mar-chiquita-instalaran-colectores-de-residuos-pesqueros\/","url":"https:\/\/patagoniambiental.com.ar\/info\/en-mar-chiquita-instalaran-colectores-de-residuos-pesqueros\/","name":"En Mar Chiquita instalar\u00e1n colectores de residuos pesqueros","isPartOf":{"@id":"https:\/\/patagoniambiental.com.ar\/info\/#website"},"primaryImageOfPage":{"@id":"https:\/\/patagoniambiental.com.ar\/info\/en-mar-chiquita-instalaran-colectores-de-residuos-pesqueros\/#primaryimage"},"image":{"@id":"https:\/\/patagoniambiental.com.ar\/info\/en-mar-chiquita-instalaran-colectores-de-residuos-pesqueros\/#primaryimage"},"thumbnailUrl":"https:\/\/patagoniambiental.com.ar\/info\/wp-content\/uploads\/2017\/10\/AVE-CON-TANZA.jpg","datePublished":"2017-10-23T12:00:56+00:00","breadcrumb":{"@id":"https:\/\/patagoniambiental.com.ar\/info\/en-mar-chiquita-instalaran-colectores-de-residuos-pesqueros\/#breadcrumb"},"inLanguage":"es","potentialAction":[{"@type":"ReadAction","target":["https:\/\/patagoniambiental.com.ar\/info\/en-mar-chiquita-instalaran-colectores-de-residuos-pesqueros\/"]}]},{"@type":"ImageObject","inLanguage":"es","@id":"https:\/\/patagoniambiental.com.ar\/info\/en-mar-chiquita-instalaran-colectores-de-residuos-pesqueros\/#primaryimage","url":"https:\/\/patagoniambiental.com.ar\/info\/wp-content\/uploads\/2017\/10\/AVE-CON-TANZA.jpg","contentUrl":"https:\/\/patagoniambiental.com.ar\/info\/wp-content\/uploads\/2017\/10\/AVE-CON-TANZA.jpg","width":400,"height":225},{"@type":"BreadcrumbList","@id":"https:\/\/patagoniambiental.com.ar\/info\/en-mar-chiquita-instalaran-colectores-de-residuos-pesqueros\/#breadcrumb","itemListElement":[{"@type":"ListItem","position":1,"name":"Inicio","item":"https:\/\/patagoniambiental.com.ar\/info\/"},{"@type":"ListItem","position":2,"name":"En Mar Chiquita instalar\u00e1n colectores de residuos pesqueros"}]},{"@type":"WebSite","@id":"https:\/\/patagoniambiental.com.ar\/info\/#website","url":"https:\/\/patagoniambiental.com.ar\/info\/","name":"Patagonia Ambiental","description":"Monitoreo y an\u00e1lisis de la situaci\u00f3n geopol\u00edtica en el mundo y su implicancia en la Patagonia","publisher":{"@id":"https:\/\/patagoniambiental.com.ar\/info\/#organization"},"potentialAction":[{"@type":"SearchAction","target":{"@type":"EntryPoint","urlTemplate":"https:\/\/patagoniambiental.com.ar\/info\/?s={search_term_string}"},"query-input":{"@type":"PropertyValueSpecification","valueRequired":true,"valueName":"search_term_string"}}],"inLanguage":"es"},{"@type":"Organization","@id":"https:\/\/patagoniambiental.com.ar\/info\/#organization","name":"Patagonia Ambiental","url":"https:\/\/patagoniambiental.com.ar\/info\/","logo":{"@type":"ImageObject","inLanguage":"es","@id":"https:\/\/patagoniambiental.com.ar\/info\/#\/schema\/logo\/image\/","url":"https:\/\/patagoniambiental.com.ar\/info\/wp-content\/uploads\/2025\/05\/LOGO-PATAGONIA-AMBIENTAL.png","contentUrl":"https:\/\/patagoniambiental.com.ar\/info\/wp-content\/uploads\/2025\/05\/LOGO-PATAGONIA-AMBIENTAL.png","width":433,"height":250,"caption":"Patagonia Ambiental"},"image":{"@id":"https:\/\/patagoniambiental.com.ar\/info\/#\/schema\/logo\/image\/"},"sameAs":["https:\/\/www.facebook.com\/patagonia.ambiental","https:\/\/x.com\/PatAmb"]},{"@type":"Person","@id":"https:\/\/patagoniambiental.com.ar\/info\/#\/schema\/person\/db12bff64bbcbf6a253710bf0ea37b5d","name":"Patagonia Ambiental","description":"Andr\u00e9s Nievas T\u00e9cnico en manejo ambiental, consultor Ambiental y escritor para medios locales e internacionales sobre temas de geopolitica y medio ambiente.","sameAs":["http:\/\/www.patagoniambiental.com.ar","https:\/\/www.facebook.com\/share\/1C1V8Gv9BX\/?mibextid=qi2Omg","@patagoniambiental","https:\/\/youtube.com\/@patagoniaambiental2023?si=BLt58t0wuXquxlYZ"]}]}},"_links":{"self":[{"href":"https:\/\/patagoniambiental.com.ar\/info\/wp-json\/wp\/v2\/posts\/36943","targetHints":{"allow":["GET"]}}],"collection":[{"href":"https:\/\/patagoniambiental.com.ar\/info\/wp-json\/wp\/v2\/posts"}],"about":[{"href":"https:\/\/patagoniambiental.com.ar\/info\/wp-json\/wp\/v2\/types\/post"}],"author":[{"embeddable":true,"href":"https:\/\/patagoniambiental.com.ar\/info\/wp-json\/wp\/v2\/users\/2"}],"replies":[{"embeddable":true,"href":"https:\/\/patagoniambiental.com.ar\/info\/wp-json\/wp\/v2\/comments?post=36943"}],"version-history":[{"count":0,"href":"https:\/\/patagoniambiental.com.ar\/info\/wp-json\/wp\/v2\/posts\/36943\/revisions"}],"wp:featuredmedia":[{"embeddable":true,"href":"https:\/\/patagoniambiental.com.ar\/info\/wp-json\/wp\/v2\/media\/36944"}],"wp:attachment":[{"href":"https:\/\/patagoniambiental.com.ar\/info\/wp-json\/wp\/v2\/media?parent=36943"}],"wp:term":[{"taxonomy":"category","embeddable":true,"href":"https:\/\/patagoniambiental.com.ar\/info\/wp-json\/wp\/v2\/categories?post=36943"},{"taxonomy":"post_tag","embeddable":true,"href":"https:\/\/patagoniambiental.com.ar\/info\/wp-json\/wp\/v2\/tags?post=36943"}],"curies":[{"name":"wp","href":"https:\/\/api.w.org\/{rel}","templated":true}]}}