{"id":36961,"date":"2017-10-23T19:00:44","date_gmt":"2017-10-23T22:00:44","guid":{"rendered":"http:\/\/patagoniambiental.com.ar\/info\/?p=36961"},"modified":"2017-10-23T09:59:32","modified_gmt":"2017-10-23T12:59:32","slug":"carlos-beros-avanzamos-teniendo-como-parametro-el-plan-estrategico-de-gestion-de-residuos-solidos","status":"publish","type":"post","link":"https:\/\/patagoniambiental.com.ar\/info\/carlos-beros-avanzamos-teniendo-como-parametro-el-plan-estrategico-de-gestion-de-residuos-solidos\/","title":{"rendered":"Carlos Beros: \u201cAvanzamos teniendo como par\u00e1metro el Plan Estrat\u00e9gico de Gesti\u00f3n de Residuos S\u00f3lidos\u201d"},"content":{"rendered":"<div dir=\"ltr\"><i>Bariloche.-As\u00ed lo determin\u00f3 Carlos Beros, titular del \u00e1rea de medioambiente y del equipo que est\u00e1 llevando adelante este hist\u00f3rico proceso, el cual fue expuesto a los concejales, quienes conocieron el estado de avance -en procesos e infraestructura-, de este plan que busca la reconversi\u00f3n del ex vertedero en un Centro de Residuos Urbanos Municipal (CRUM).<\/i><\/div>\n<p><!--more--><\/p>\n<div dir=\"ltr\"><\/div>\n<div dir=\"ltr\">El funcionario estuvo acompa\u00f1ado por Antonio Motos, nuevo director del Centro de Residuos Urbanos Municipales. Conjuntamente presentaron en detalle a los ediles de la Comisi\u00f3n de Obras y Planeamiento, los avances que se han llevado adelante desde que fuera implementado el Plan Estrat\u00e9gico de Gesti\u00f3n de Residuos S\u00f3lidos, en el mes de marzo del a\u00f1o pasado.<\/div>\n<div dir=\"ltr\"><\/div>\n<div dir=\"ltr\">Cabe destacar que en la \u00faltima sesi\u00f3n fue aprobado por unanimidad la cesi\u00f3n en comodato a la Asociaci\u00f3n de Bomberos de Bariloche de una parcela en el complejo ambiental para la instalaci\u00f3n de un centro de entrenamiento para la formaci\u00f3n de los agentes voluntarios, como as\u00ed tambi\u00e9n fue otorgado otro espacio para la empresa de tecnolog\u00eda Tresb, para el desarrollo de una turbina para generaci\u00f3n de energ\u00eda accionada por gas metano, que puede obtenerse a trav\u00e9s del procesamiento de los residuos, todo esto en el marco del plan antes mencionado.<\/div>\n<div dir=\"ltr\"><\/div>\n<div dir=\"ltr\">Es por ello, que los concejales solicitaron conocer en detalle lo realizado hasta este momento y que da contexto a lo que fuera aprobado anteriormente. Beros aclar\u00f3 que \u201clas gestiones en el avance de este proyecto se basan en lo pautado dentro del Plan Estrat\u00e9gico de Gesti\u00f3n de Residuos Urbanos, presentado en marzo de 2016\u201d.<\/div>\n<div dir=\"ltr\"><\/div>\n<div dir=\"ltr\">\u201cEs un lugar donde se conjugan diversas problem\u00e1ticas no solo relacionadas a la infraestructura, sino que hay que atender otros aspectos de igual de importantes como lo social y lo humano\u201d, asever\u00f3 el funcionario.<\/div>\n<div dir=\"ltr\"><\/div>\n<div dir=\"ltr\">Uno de los puntos que valor\u00f3 como positivo fue la creaci\u00f3n de la Direcci\u00f3n General que coordina el CRUM (Centro de Residuos Urbanos Municipal), lo que dio una estructura unificada al proyecto, teniendo en cuenta las dificultades que se presentaban por la dispersi\u00f3n de funciones en distintas \u00e1reas del municipio.<\/div>\n<div dir=\"ltr\"><\/div>\n<div dir=\"ltr\">Plante\u00f3 que la reconversi\u00f3n de este espacio en un lugar donde existan emprendimientos tecnol\u00f3gicos y productivos relacionados con las mejoras de medioambiente y nuevos usos de residuos, \u00abes una de las aristas que se viene trabajando fuertemente con desarrolladores de proyectos como es la empresa Tresb, y otros m\u00e1s que est\u00e1n en an\u00e1lisis para ser enviadas para la aprobaci\u00f3n del Concejo\u00bb.<\/div>\n<div dir=\"ltr\"><\/div>\n<div dir=\"ltr\">El control del ingreso formal e informal y la redefinici\u00f3n de tareas de la ARB, como as\u00ed tambi\u00e9n el mejoramiento de las condiciones de trabajo de las personas que integran esta asociaci\u00f3n, con mayor infraestructura, como las nuevas oficinas fueron otro de los aspectos tratados en el encuentro.<\/div>\n<div dir=\"ltr\"><\/div>\n<div dir=\"ltr\">Se est\u00e1 trabajando en el cerco perimetral; adem\u00e1s del sistema de videovigilancia, y se tiene en agenda el mejoramiento de la circulaci\u00f3n interna a trav\u00e9s de reubicaci\u00f3n de b\u00e1scula, se\u00f1alizaci\u00f3n e iluminaci\u00f3n del predio.<\/div>\n<div dir=\"ltr\"><\/div>\n<div dir=\"ltr\">Todo esto se est\u00e1 acompa\u00f1ando con acciones de educaci\u00f3n ambiental a trav\u00e9s de campa\u00f1as para concientizaci\u00f3n de la comunidad de la importancia de la separaci\u00f3n de residuos en origen, y otros desarrollos que hacen a cambios de comportamientos que sumen a una adecuada pol\u00edtica de cuidado ambiental general.<\/div>\n<div dir=\"ltr\"><\/div>\n<div dir=\"ltr\">Uno de los temas que se viene abordando y trabajando es el aspecto social, y la reconversi\u00f3n de esta situaci\u00f3n, que en una primera etapa evita el ingreso de ni\u00f1os, pero se contin\u00faan desarrollando instancias para salvaguardar la seguridad y tambi\u00e9n tratar de cubrir cuestiones que hacen a la dignidad humana.<\/div>\n<div dir=\"ltr\"><\/div>\n<div dir=\"ltr\">Beros destac\u00f3 que \u201ctodo lo que se est\u00e1 llevando adelante en pos de la remediaci\u00f3n de este lugar se realiza teniendo en cuenta el Plan presentado en su oportunidad, y que muestra claramente la continuidad de una pol\u00edtica de estado que comenz\u00f3 hace poco m\u00e1s de una d\u00e9cada y esta gesti\u00f3n municipal refuerza y actualiza para dar soluci\u00f3n a un hist\u00f3rico problema de la ciudad\u201d.<\/div>\n<div dir=\"ltr\"><\/div>\n<div dir=\"ltr\">Fuente: Municipalidad de San Carlos de Bariloche<\/div>\n","protected":false},"excerpt":{"rendered":"<p>Bariloche.-As\u00ed lo determin\u00f3 Carlos Beros, titular del \u00e1rea de medioambiente y del equipo que est\u00e1 llevando adelante este hist\u00f3rico proceso, [&hellip;]<\/p>\n","protected":false},"author":2,"featured_media":36962,"comment_status":"open","ping_status":"open","sticky":false,"template":"","format":"standard","meta":{"site-sidebar-layout":"default","site-content-layout":"","ast-site-content-layout":"default","site-content-style":"default","site-sidebar-style":"default","ast-global-header-display":"","ast-banner-title-visibility":"","ast-main-header-display":"","ast-hfb-above-header-display":"","ast-hfb-below-header-display":"","ast-hfb-mobile-header-display":"","site-post-title":"","ast-breadcrumbs-content":"","ast-featured-img":"","footer-sml-layout":"","ast-disable-related-posts":"","theme-transparent-header-meta":"","adv-header-id-meta":"","stick-header-meta":"","header-above-stick-meta":"","header-main-stick-meta":"","header-below-stick-meta":"","astra-migrate-meta-layouts":"default","ast-page-background-enabled":"default","ast-page-background-meta":{"desktop":{"background-color":"var(--ast-global-color-5)","background-image":"","background-repeat":"repeat","background-position":"center center","background-size":"auto","background-attachment":"scroll","background-type":"","background-media":"","overlay-type":"","overlay-color":"","overlay-opacity":"","overlay-gradient":""},"tablet":{"background-color":"","background-image":"","background-repeat":"repeat","background-position":"center center","background-size":"auto","background-attachment":"scroll","background-type":"","background-media":"","overlay-type":"","overlay-color":"","overlay-opacity":"","overlay-gradient":""},"mobile":{"background-color":"","background-image":"","background-repeat":"repeat","background-position":"center center","background-size":"auto","background-attachment":"scroll","background-type":"","background-media":"","overlay-type":"","overlay-color":"","overlay-opacity":"","overlay-gradient":""}},"ast-content-background-meta":{"desktop":{"background-color":"var(--ast-global-color-4)","background-image":"","background-repeat":"repeat","background-position":"center center","background-size":"auto","background-attachment":"scroll","background-type":"","background-media":"","overlay-type":"","overlay-color":"","overlay-opacity":"","overlay-gradient":""},"tablet":{"background-color":"var(--ast-global-color-4)","background-image":"","background-repeat":"repeat","background-position":"center center","background-size":"auto","background-attachment":"scroll","background-type":"","background-media":"","overlay-type":"","overlay-color":"","overlay-opacity":"","overlay-gradient":""},"mobile":{"background-color":"var(--ast-global-color-4)","background-image":"","background-repeat":"repeat","background-position":"center center","background-size":"auto","background-attachment":"scroll","background-type":"","background-media":"","overlay-type":"","overlay-color":"","overlay-opacity":"","overlay-gradient":""}},"footnotes":""},"categories":[16,1],"tags":[],"class_list":["post-36961","post","type-post","status-publish","format-standard","has-post-thumbnail","hentry","category-municipales","category-noticias"],"yoast_head":"<!-- This site is optimized with the Yoast SEO Premium plugin v23.0 (Yoast SEO v27.4) - https:\/\/yoast.com\/product\/yoast-seo-premium-wordpress\/ -->\n<title>Carlos Beros: \u201cAvanzamos teniendo como par\u00e1metro el Plan Estrat\u00e9gico de Gesti\u00f3n de Residuos S\u00f3lidos\u201d<\/title>\n<meta name=\"robots\" content=\"index, follow, max-snippet:-1, max-image-preview:large, max-video-preview:-1\" \/>\n<link rel=\"canonical\" href=\"https:\/\/patagoniambiental.com.ar\/info\/carlos-beros-avanzamos-teniendo-como-parametro-el-plan-estrategico-de-gestion-de-residuos-solidos\/\" \/>\n<meta property=\"og:locale\" content=\"es_ES\" \/>\n<meta property=\"og:type\" content=\"article\" \/>\n<meta property=\"og:title\" content=\"Carlos Beros: \u201cAvanzamos teniendo como par\u00e1metro el Plan Estrat\u00e9gico de Gesti\u00f3n de Residuos S\u00f3lidos\u201d\" \/>\n<meta property=\"og:description\" content=\"Bariloche.-As\u00ed lo determin\u00f3 Carlos Beros, titular del \u00e1rea de medioambiente y del equipo que est\u00e1 llevando adelante este hist\u00f3rico proceso, [&hellip;]\" \/>\n<meta property=\"og:url\" content=\"https:\/\/patagoniambiental.com.ar\/info\/carlos-beros-avanzamos-teniendo-como-parametro-el-plan-estrategico-de-gestion-de-residuos-solidos\/\" \/>\n<meta property=\"og:site_name\" content=\"Patagonia Ambiental\" \/>\n<meta property=\"article:publisher\" content=\"https:\/\/www.facebook.com\/patagonia.ambiental\" \/>\n<meta property=\"article:author\" content=\"https:\/\/www.facebook.com\/share\/1C1V8Gv9BX\/?mibextid=qi2Omg\" \/>\n<meta property=\"article:published_time\" content=\"2017-10-23T22:00:44+00:00\" \/>\n<meta property=\"og:image\" content=\"https:\/\/patagoniambiental.com.ar\/info\/wp-content\/uploads\/2017\/10\/thumbnail_vertedero.jpg\" \/>\n\t<meta property=\"og:image:width\" content=\"1024\" \/>\n\t<meta property=\"og:image:height\" content=\"685\" \/>\n\t<meta property=\"og:image:type\" content=\"image\/jpeg\" \/>\n<meta name=\"author\" content=\"Patagonia Ambiental\" \/>\n<meta name=\"twitter:card\" content=\"summary_large_image\" \/>\n<meta name=\"twitter:creator\" content=\"@PatAmb\" \/>\n<meta name=\"twitter:site\" content=\"@PatAmb\" \/>\n<script type=\"application\/ld+json\" class=\"yoast-schema-graph\">{\"@context\":\"https:\\\/\\\/schema.org\",\"@graph\":[{\"@type\":\"Article\",\"@id\":\"https:\\\/\\\/patagoniambiental.com.ar\\\/info\\\/carlos-beros-avanzamos-teniendo-como-parametro-el-plan-estrategico-de-gestion-de-residuos-solidos\\\/#article\",\"isPartOf\":{\"@id\":\"https:\\\/\\\/patagoniambiental.com.ar\\\/info\\\/carlos-beros-avanzamos-teniendo-como-parametro-el-plan-estrategico-de-gestion-de-residuos-solidos\\\/\"},\"author\":{\"name\":\"Patagonia Ambiental\",\"@id\":\"https:\\\/\\\/patagoniambiental.com.ar\\\/info\\\/#\\\/schema\\\/person\\\/db12bff64bbcbf6a253710bf0ea37b5d\"},\"headline\":\"Carlos Beros: \u201cAvanzamos teniendo como par\u00e1metro el Plan Estrat\u00e9gico de Gesti\u00f3n de Residuos S\u00f3lidos\u201d\",\"datePublished\":\"2017-10-23T22:00:44+00:00\",\"mainEntityOfPage\":{\"@id\":\"https:\\\/\\\/patagoniambiental.com.ar\\\/info\\\/carlos-beros-avanzamos-teniendo-como-parametro-el-plan-estrategico-de-gestion-de-residuos-solidos\\\/\"},\"wordCount\":732,\"commentCount\":0,\"publisher\":{\"@id\":\"https:\\\/\\\/patagoniambiental.com.ar\\\/info\\\/#organization\"},\"image\":{\"@id\":\"https:\\\/\\\/patagoniambiental.com.ar\\\/info\\\/carlos-beros-avanzamos-teniendo-como-parametro-el-plan-estrategico-de-gestion-de-residuos-solidos\\\/#primaryimage\"},\"thumbnailUrl\":\"https:\\\/\\\/patagoniambiental.com.ar\\\/info\\\/wp-content\\\/uploads\\\/2017\\\/10\\\/thumbnail_vertedero.jpg\",\"articleSection\":[\"Municipales\",\"Noticias\"],\"inLanguage\":\"es\",\"potentialAction\":[{\"@type\":\"CommentAction\",\"name\":\"Comment\",\"target\":[\"https:\\\/\\\/patagoniambiental.com.ar\\\/info\\\/carlos-beros-avanzamos-teniendo-como-parametro-el-plan-estrategico-de-gestion-de-residuos-solidos\\\/#respond\"]}]},{\"@type\":\"WebPage\",\"@id\":\"https:\\\/\\\/patagoniambiental.com.ar\\\/info\\\/carlos-beros-avanzamos-teniendo-como-parametro-el-plan-estrategico-de-gestion-de-residuos-solidos\\\/\",\"url\":\"https:\\\/\\\/patagoniambiental.com.ar\\\/info\\\/carlos-beros-avanzamos-teniendo-como-parametro-el-plan-estrategico-de-gestion-de-residuos-solidos\\\/\",\"name\":\"Carlos Beros: \u201cAvanzamos teniendo como par\u00e1metro el Plan Estrat\u00e9gico de Gesti\u00f3n de Residuos S\u00f3lidos\u201d\",\"isPartOf\":{\"@id\":\"https:\\\/\\\/patagoniambiental.com.ar\\\/info\\\/#website\"},\"primaryImageOfPage\":{\"@id\":\"https:\\\/\\\/patagoniambiental.com.ar\\\/info\\\/carlos-beros-avanzamos-teniendo-como-parametro-el-plan-estrategico-de-gestion-de-residuos-solidos\\\/#primaryimage\"},\"image\":{\"@id\":\"https:\\\/\\\/patagoniambiental.com.ar\\\/info\\\/carlos-beros-avanzamos-teniendo-como-parametro-el-plan-estrategico-de-gestion-de-residuos-solidos\\\/#primaryimage\"},\"thumbnailUrl\":\"https:\\\/\\\/patagoniambiental.com.ar\\\/info\\\/wp-content\\\/uploads\\\/2017\\\/10\\\/thumbnail_vertedero.jpg\",\"datePublished\":\"2017-10-23T22:00:44+00:00\",\"breadcrumb\":{\"@id\":\"https:\\\/\\\/patagoniambiental.com.ar\\\/info\\\/carlos-beros-avanzamos-teniendo-como-parametro-el-plan-estrategico-de-gestion-de-residuos-solidos\\\/#breadcrumb\"},\"inLanguage\":\"es\",\"potentialAction\":[{\"@type\":\"ReadAction\",\"target\":[\"https:\\\/\\\/patagoniambiental.com.ar\\\/info\\\/carlos-beros-avanzamos-teniendo-como-parametro-el-plan-estrategico-de-gestion-de-residuos-solidos\\\/\"]}]},{\"@type\":\"ImageObject\",\"inLanguage\":\"es\",\"@id\":\"https:\\\/\\\/patagoniambiental.com.ar\\\/info\\\/carlos-beros-avanzamos-teniendo-como-parametro-el-plan-estrategico-de-gestion-de-residuos-solidos\\\/#primaryimage\",\"url\":\"https:\\\/\\\/patagoniambiental.com.ar\\\/info\\\/wp-content\\\/uploads\\\/2017\\\/10\\\/thumbnail_vertedero.jpg\",\"contentUrl\":\"https:\\\/\\\/patagoniambiental.com.ar\\\/info\\\/wp-content\\\/uploads\\\/2017\\\/10\\\/thumbnail_vertedero.jpg\",\"width\":897,\"height\":600},{\"@type\":\"BreadcrumbList\",\"@id\":\"https:\\\/\\\/patagoniambiental.com.ar\\\/info\\\/carlos-beros-avanzamos-teniendo-como-parametro-el-plan-estrategico-de-gestion-de-residuos-solidos\\\/#breadcrumb\",\"itemListElement\":[{\"@type\":\"ListItem\",\"position\":1,\"name\":\"Inicio\",\"item\":\"https:\\\/\\\/patagoniambiental.com.ar\\\/info\\\/\"},{\"@type\":\"ListItem\",\"position\":2,\"name\":\"Carlos Beros: \u201cAvanzamos teniendo como par\u00e1metro el Plan Estrat\u00e9gico de Gesti\u00f3n de Residuos S\u00f3lidos\u201d\"}]},{\"@type\":\"WebSite\",\"@id\":\"https:\\\/\\\/patagoniambiental.com.ar\\\/info\\\/#website\",\"url\":\"https:\\\/\\\/patagoniambiental.com.ar\\\/info\\\/\",\"name\":\"Patagonia Ambiental\",\"description\":\"Monitoreo y an\u00e1lisis de la situaci\u00f3n geopol\u00edtica en el mundo y su implicancia en la Patagonia\",\"publisher\":{\"@id\":\"https:\\\/\\\/patagoniambiental.com.ar\\\/info\\\/#organization\"},\"potentialAction\":[{\"@type\":\"SearchAction\",\"target\":{\"@type\":\"EntryPoint\",\"urlTemplate\":\"https:\\\/\\\/patagoniambiental.com.ar\\\/info\\\/?s={search_term_string}\"},\"query-input\":{\"@type\":\"PropertyValueSpecification\",\"valueRequired\":true,\"valueName\":\"search_term_string\"}}],\"inLanguage\":\"es\"},{\"@type\":\"Organization\",\"@id\":\"https:\\\/\\\/patagoniambiental.com.ar\\\/info\\\/#organization\",\"name\":\"Patagonia Ambiental\",\"url\":\"https:\\\/\\\/patagoniambiental.com.ar\\\/info\\\/\",\"logo\":{\"@type\":\"ImageObject\",\"inLanguage\":\"es\",\"@id\":\"https:\\\/\\\/patagoniambiental.com.ar\\\/info\\\/#\\\/schema\\\/logo\\\/image\\\/\",\"url\":\"https:\\\/\\\/patagoniambiental.com.ar\\\/info\\\/wp-content\\\/uploads\\\/2025\\\/05\\\/LOGO-PATAGONIA-AMBIENTAL.png\",\"contentUrl\":\"https:\\\/\\\/patagoniambiental.com.ar\\\/info\\\/wp-content\\\/uploads\\\/2025\\\/05\\\/LOGO-PATAGONIA-AMBIENTAL.png\",\"width\":433,\"height\":250,\"caption\":\"Patagonia Ambiental\"},\"image\":{\"@id\":\"https:\\\/\\\/patagoniambiental.com.ar\\\/info\\\/#\\\/schema\\\/logo\\\/image\\\/\"},\"sameAs\":[\"https:\\\/\\\/www.facebook.com\\\/patagonia.ambiental\",\"https:\\\/\\\/x.com\\\/PatAmb\"]},{\"@type\":\"Person\",\"@id\":\"https:\\\/\\\/patagoniambiental.com.ar\\\/info\\\/#\\\/schema\\\/person\\\/db12bff64bbcbf6a253710bf0ea37b5d\",\"name\":\"Patagonia Ambiental\",\"description\":\"Andr\u00e9s Nievas T\u00e9cnico en manejo ambiental, consultor Ambiental y escritor para medios locales e internacionales sobre temas de geopolitica y medio ambiente.\",\"sameAs\":[\"http:\\\/\\\/www.patagoniambiental.com.ar\",\"https:\\\/\\\/www.facebook.com\\\/share\\\/1C1V8Gv9BX\\\/?mibextid=qi2Omg\",\"@patagoniambiental\",\"https:\\\/\\\/youtube.com\\\/@patagoniaambiental2023?si=BLt58t0wuXquxlYZ\"]}]}<\/script>\n<!-- \/ Yoast SEO Premium plugin. -->","yoast_head_json":{"title":"Carlos Beros: \u201cAvanzamos teniendo como par\u00e1metro el Plan Estrat\u00e9gico de Gesti\u00f3n de Residuos S\u00f3lidos\u201d","robots":{"index":"index","follow":"follow","max-snippet":"max-snippet:-1","max-image-preview":"max-image-preview:large","max-video-preview":"max-video-preview:-1"},"canonical":"https:\/\/patagoniambiental.com.ar\/info\/carlos-beros-avanzamos-teniendo-como-parametro-el-plan-estrategico-de-gestion-de-residuos-solidos\/","og_locale":"es_ES","og_type":"article","og_title":"Carlos Beros: \u201cAvanzamos teniendo como par\u00e1metro el Plan Estrat\u00e9gico de Gesti\u00f3n de Residuos S\u00f3lidos\u201d","og_description":"Bariloche.-As\u00ed lo determin\u00f3 Carlos Beros, titular del \u00e1rea de medioambiente y del equipo que est\u00e1 llevando adelante este hist\u00f3rico proceso, [&hellip;]","og_url":"https:\/\/patagoniambiental.com.ar\/info\/carlos-beros-avanzamos-teniendo-como-parametro-el-plan-estrategico-de-gestion-de-residuos-solidos\/","og_site_name":"Patagonia Ambiental","article_publisher":"https:\/\/www.facebook.com\/patagonia.ambiental","article_author":"https:\/\/www.facebook.com\/share\/1C1V8Gv9BX\/?mibextid=qi2Omg","article_published_time":"2017-10-23T22:00:44+00:00","og_image":[{"width":1024,"height":685,"url":"https:\/\/patagoniambiental.com.ar\/info\/wp-content\/uploads\/2017\/10\/thumbnail_vertedero.jpg","type":"image\/jpeg"}],"author":"Patagonia Ambiental","twitter_card":"summary_large_image","twitter_creator":"@PatAmb","twitter_site":"@PatAmb","schema":{"@context":"https:\/\/schema.org","@graph":[{"@type":"Article","@id":"https:\/\/patagoniambiental.com.ar\/info\/carlos-beros-avanzamos-teniendo-como-parametro-el-plan-estrategico-de-gestion-de-residuos-solidos\/#article","isPartOf":{"@id":"https:\/\/patagoniambiental.com.ar\/info\/carlos-beros-avanzamos-teniendo-como-parametro-el-plan-estrategico-de-gestion-de-residuos-solidos\/"},"author":{"name":"Patagonia Ambiental","@id":"https:\/\/patagoniambiental.com.ar\/info\/#\/schema\/person\/db12bff64bbcbf6a253710bf0ea37b5d"},"headline":"Carlos Beros: \u201cAvanzamos teniendo como par\u00e1metro el Plan Estrat\u00e9gico de Gesti\u00f3n de Residuos S\u00f3lidos\u201d","datePublished":"2017-10-23T22:00:44+00:00","mainEntityOfPage":{"@id":"https:\/\/patagoniambiental.com.ar\/info\/carlos-beros-avanzamos-teniendo-como-parametro-el-plan-estrategico-de-gestion-de-residuos-solidos\/"},"wordCount":732,"commentCount":0,"publisher":{"@id":"https:\/\/patagoniambiental.com.ar\/info\/#organization"},"image":{"@id":"https:\/\/patagoniambiental.com.ar\/info\/carlos-beros-avanzamos-teniendo-como-parametro-el-plan-estrategico-de-gestion-de-residuos-solidos\/#primaryimage"},"thumbnailUrl":"https:\/\/patagoniambiental.com.ar\/info\/wp-content\/uploads\/2017\/10\/thumbnail_vertedero.jpg","articleSection":["Municipales","Noticias"],"inLanguage":"es","potentialAction":[{"@type":"CommentAction","name":"Comment","target":["https:\/\/patagoniambiental.com.ar\/info\/carlos-beros-avanzamos-teniendo-como-parametro-el-plan-estrategico-de-gestion-de-residuos-solidos\/#respond"]}]},{"@type":"WebPage","@id":"https:\/\/patagoniambiental.com.ar\/info\/carlos-beros-avanzamos-teniendo-como-parametro-el-plan-estrategico-de-gestion-de-residuos-solidos\/","url":"https:\/\/patagoniambiental.com.ar\/info\/carlos-beros-avanzamos-teniendo-como-parametro-el-plan-estrategico-de-gestion-de-residuos-solidos\/","name":"Carlos Beros: \u201cAvanzamos teniendo como par\u00e1metro el Plan Estrat\u00e9gico de Gesti\u00f3n de Residuos S\u00f3lidos\u201d","isPartOf":{"@id":"https:\/\/patagoniambiental.com.ar\/info\/#website"},"primaryImageOfPage":{"@id":"https:\/\/patagoniambiental.com.ar\/info\/carlos-beros-avanzamos-teniendo-como-parametro-el-plan-estrategico-de-gestion-de-residuos-solidos\/#primaryimage"},"image":{"@id":"https:\/\/patagoniambiental.com.ar\/info\/carlos-beros-avanzamos-teniendo-como-parametro-el-plan-estrategico-de-gestion-de-residuos-solidos\/#primaryimage"},"thumbnailUrl":"https:\/\/patagoniambiental.com.ar\/info\/wp-content\/uploads\/2017\/10\/thumbnail_vertedero.jpg","datePublished":"2017-10-23T22:00:44+00:00","breadcrumb":{"@id":"https:\/\/patagoniambiental.com.ar\/info\/carlos-beros-avanzamos-teniendo-como-parametro-el-plan-estrategico-de-gestion-de-residuos-solidos\/#breadcrumb"},"inLanguage":"es","potentialAction":[{"@type":"ReadAction","target":["https:\/\/patagoniambiental.com.ar\/info\/carlos-beros-avanzamos-teniendo-como-parametro-el-plan-estrategico-de-gestion-de-residuos-solidos\/"]}]},{"@type":"ImageObject","inLanguage":"es","@id":"https:\/\/patagoniambiental.com.ar\/info\/carlos-beros-avanzamos-teniendo-como-parametro-el-plan-estrategico-de-gestion-de-residuos-solidos\/#primaryimage","url":"https:\/\/patagoniambiental.com.ar\/info\/wp-content\/uploads\/2017\/10\/thumbnail_vertedero.jpg","contentUrl":"https:\/\/patagoniambiental.com.ar\/info\/wp-content\/uploads\/2017\/10\/thumbnail_vertedero.jpg","width":897,"height":600},{"@type":"BreadcrumbList","@id":"https:\/\/patagoniambiental.com.ar\/info\/carlos-beros-avanzamos-teniendo-como-parametro-el-plan-estrategico-de-gestion-de-residuos-solidos\/#breadcrumb","itemListElement":[{"@type":"ListItem","position":1,"name":"Inicio","item":"https:\/\/patagoniambiental.com.ar\/info\/"},{"@type":"ListItem","position":2,"name":"Carlos Beros: \u201cAvanzamos teniendo como par\u00e1metro el Plan Estrat\u00e9gico de Gesti\u00f3n de Residuos S\u00f3lidos\u201d"}]},{"@type":"WebSite","@id":"https:\/\/patagoniambiental.com.ar\/info\/#website","url":"https:\/\/patagoniambiental.com.ar\/info\/","name":"Patagonia Ambiental","description":"Monitoreo y an\u00e1lisis de la situaci\u00f3n geopol\u00edtica en el mundo y su implicancia en la Patagonia","publisher":{"@id":"https:\/\/patagoniambiental.com.ar\/info\/#organization"},"potentialAction":[{"@type":"SearchAction","target":{"@type":"EntryPoint","urlTemplate":"https:\/\/patagoniambiental.com.ar\/info\/?s={search_term_string}"},"query-input":{"@type":"PropertyValueSpecification","valueRequired":true,"valueName":"search_term_string"}}],"inLanguage":"es"},{"@type":"Organization","@id":"https:\/\/patagoniambiental.com.ar\/info\/#organization","name":"Patagonia Ambiental","url":"https:\/\/patagoniambiental.com.ar\/info\/","logo":{"@type":"ImageObject","inLanguage":"es","@id":"https:\/\/patagoniambiental.com.ar\/info\/#\/schema\/logo\/image\/","url":"https:\/\/patagoniambiental.com.ar\/info\/wp-content\/uploads\/2025\/05\/LOGO-PATAGONIA-AMBIENTAL.png","contentUrl":"https:\/\/patagoniambiental.com.ar\/info\/wp-content\/uploads\/2025\/05\/LOGO-PATAGONIA-AMBIENTAL.png","width":433,"height":250,"caption":"Patagonia Ambiental"},"image":{"@id":"https:\/\/patagoniambiental.com.ar\/info\/#\/schema\/logo\/image\/"},"sameAs":["https:\/\/www.facebook.com\/patagonia.ambiental","https:\/\/x.com\/PatAmb"]},{"@type":"Person","@id":"https:\/\/patagoniambiental.com.ar\/info\/#\/schema\/person\/db12bff64bbcbf6a253710bf0ea37b5d","name":"Patagonia Ambiental","description":"Andr\u00e9s Nievas T\u00e9cnico en manejo ambiental, consultor Ambiental y escritor para medios locales e internacionales sobre temas de geopolitica y medio ambiente.","sameAs":["http:\/\/www.patagoniambiental.com.ar","https:\/\/www.facebook.com\/share\/1C1V8Gv9BX\/?mibextid=qi2Omg","@patagoniambiental","https:\/\/youtube.com\/@patagoniaambiental2023?si=BLt58t0wuXquxlYZ"]}]}},"_links":{"self":[{"href":"https:\/\/patagoniambiental.com.ar\/info\/wp-json\/wp\/v2\/posts\/36961","targetHints":{"allow":["GET"]}}],"collection":[{"href":"https:\/\/patagoniambiental.com.ar\/info\/wp-json\/wp\/v2\/posts"}],"about":[{"href":"https:\/\/patagoniambiental.com.ar\/info\/wp-json\/wp\/v2\/types\/post"}],"author":[{"embeddable":true,"href":"https:\/\/patagoniambiental.com.ar\/info\/wp-json\/wp\/v2\/users\/2"}],"replies":[{"embeddable":true,"href":"https:\/\/patagoniambiental.com.ar\/info\/wp-json\/wp\/v2\/comments?post=36961"}],"version-history":[{"count":0,"href":"https:\/\/patagoniambiental.com.ar\/info\/wp-json\/wp\/v2\/posts\/36961\/revisions"}],"wp:featuredmedia":[{"embeddable":true,"href":"https:\/\/patagoniambiental.com.ar\/info\/wp-json\/wp\/v2\/media\/36962"}],"wp:attachment":[{"href":"https:\/\/patagoniambiental.com.ar\/info\/wp-json\/wp\/v2\/media?parent=36961"}],"wp:term":[{"taxonomy":"category","embeddable":true,"href":"https:\/\/patagoniambiental.com.ar\/info\/wp-json\/wp\/v2\/categories?post=36961"},{"taxonomy":"post_tag","embeddable":true,"href":"https:\/\/patagoniambiental.com.ar\/info\/wp-json\/wp\/v2\/tags?post=36961"}],"curies":[{"name":"wp","href":"https:\/\/api.w.org\/{rel}","templated":true}]}}