{"id":36984,"date":"2017-10-23T19:00:02","date_gmt":"2017-10-23T22:00:02","guid":{"rendered":"http:\/\/patagoniambiental.com.ar\/info\/?p=36984"},"modified":"2017-10-23T12:59:45","modified_gmt":"2017-10-23T15:59:45","slug":"contaminacion-la-camara-de-comercio-elevo-propuestas-de-saneamiento-del-rio","status":"publish","type":"post","link":"https:\/\/patagoniambiental.com.ar\/info\/contaminacion-la-camara-de-comercio-elevo-propuestas-de-saneamiento-del-rio\/","title":{"rendered":"CONTAMINACI\u00d3N La C\u00e1mara de Comercio elev\u00f3 propuestas de saneamiento del r\u00edo"},"content":{"rendered":"<aside class=\"article-aside clearfix\">\n<dl class=\"article-info pull-left\">\n<dd class=\"published\">Viedma.-Lo hizo al intendente de Viedma, Jos\u00e9 Luis Foulkes, y a su par de Patagones, Jos\u00e9 Zara, como resultado de un debate.<\/dd>\n<\/dl>\n<\/aside>\n<p><!--more--><\/p>\n<div class=\"karmany_clearboth\"><\/div>\n<div id=\"articlepxfontsize1\">\n<div class=\"moduletable\">\n<div class=\"gallery\">\n<div class=\"pictures\">\n<div class=\"unaImg\"><img decoding=\"async\" title=\"Cr\u00e9ditos: WEB\" src=\"http:\/\/www.noticiasnet.com.ar\/images\/di\/41257_63158_temp.jpg\" alt=\"Cr\u00e9ditos: WEB\" \/><\/p>\n<div class=\"caption\">Cr\u00e9ditos: WEB<\/div>\n<\/div>\n<\/div>\n<div><\/div>\n<\/div>\n<\/div>\n<p>&nbsp;<\/p>\n<p>Desde la C\u00e1mara de Comercio de Viedma se elev\u00f3 una carta con propuestas de saneamiento del r\u00edo Negro tanto al intendente de Viedma, Jos\u00e9 Luis Foulkes, como a su par de Patagones, Jos\u00e9 Luis Zara.<\/p>\n<p>&nbsp;<\/p>\n<p>Dichas propuestas provienen de un encuentro p\u00fablico realizado para analizar el tema de la problem\u00e1tica del r\u00edo.<\/p>\n<p>En cuanto a la informaci\u00f3n del escrito elevado, \u00e9sta refiere a un an\u00e1lisis de la contaminaci\u00f3n del r\u00edo, menciona el impacto de la actividad hidrocarbur\u00edfera, los sistemas de riego por inundaci\u00f3n y el uso excesivo de agroqu\u00edmicos. Tambi\u00e9n se nombra a \u2018la disminuci\u00f3n de caudal debido al aprovechamiento del agua para generaci\u00f3n de energ\u00eda el\u00e9ctrica, el vertido de cloacales, desechos industriales tratados insuficientemente, la existencia de basurales en inmediaciones a la zona costera, las descargas pluviales sin el filtrado necesario, la falta de compromiso de la poblaci\u00f3n, etc. Entendemos que muchos de estos aspectos, que afectan a toda la cuenca, exceden el \u00e1mbito municipal y su soluci\u00f3n es compleja, pero tambi\u00e9n vemos que hay aspectos que solo requieren buena voluntad y una inversi\u00f3n m\u00ednima para revertir la situaci\u00f3n\u2018.<\/p>\n<p>Por otro lado se habl\u00f3 de la necesidad de mejorar el sistema de filtrado en desagotes pluviales y proveer de rejas a las bocas de tormenta.<\/p>\n<p>\u201cLas bocas de tormenta de la ciudad de Patagones descargan directamente al r\u00edo, sin ning\u00fan tipo de sistemas de retenci\u00f3n de basura\u201d.<\/p>\n<p>\u201cOtra situaci\u00f3n que puede revertirse con facilidad es lo que acontece con los cestos de residuos de la zona costera. \u00c9stos son insuficientes adem\u00e1s se encuentran, en algunos casos, apoyados en el suelo y son arrastrados por el r\u00edo con la suba de la marea o inundados perdiendo su contenido en las aguas. En Viedma, una situaci\u00f3n particular se da en la zona de los carritos gastron\u00f3micos donde gran parte de la basura que generan \u00e9stos queda en el suelo siendo arrastrada por el viento o el agua al r\u00edo\u201d, cierra la carta.<\/p>\n<p>Fuente: Noticiasnet<\/p>\n<\/div>\n","protected":false},"excerpt":{"rendered":"<p>Viedma.-Lo hizo al intendente de Viedma, Jos\u00e9 Luis Foulkes, y a su par de Patagones, Jos\u00e9 Zara, como resultado de [&hellip;]<\/p>\n","protected":false},"author":2,"featured_media":36985,"comment_status":"open","ping_status":"open","sticky":false,"template":"","format":"standard","meta":{"site-sidebar-layout":"default","site-content-layout":"","ast-site-content-layout":"default","site-content-style":"default","site-sidebar-style":"default","ast-global-header-display":"","ast-banner-title-visibility":"","ast-main-header-display":"","ast-hfb-above-header-display":"","ast-hfb-below-header-display":"","ast-hfb-mobile-header-display":"","site-post-title":"","ast-breadcrumbs-content":"","ast-featured-img":"","footer-sml-layout":"","ast-disable-related-posts":"","theme-transparent-header-meta":"","adv-header-id-meta":"","stick-header-meta":"","header-above-stick-meta":"","header-main-stick-meta":"","header-below-stick-meta":"","astra-migrate-meta-layouts":"default","ast-page-background-enabled":"default","ast-page-background-meta":{"desktop":{"background-color":"var(--ast-global-color-5)","background-image":"","background-repeat":"repeat","background-position":"center center","background-size":"auto","background-attachment":"scroll","background-type":"","background-media":"","overlay-type":"","overlay-color":"","overlay-opacity":"","overlay-gradient":""},"tablet":{"background-color":"","background-image":"","background-repeat":"repeat","background-position":"center center","background-size":"auto","background-attachment":"scroll","background-type":"","background-media":"","overlay-type":"","overlay-color":"","overlay-opacity":"","overlay-gradient":""},"mobile":{"background-color":"","background-image":"","background-repeat":"repeat","background-position":"center center","background-size":"auto","background-attachment":"scroll","background-type":"","background-media":"","overlay-type":"","overlay-color":"","overlay-opacity":"","overlay-gradient":""}},"ast-content-background-meta":{"desktop":{"background-color":"var(--ast-global-color-4)","background-image":"","background-repeat":"repeat","background-position":"center center","background-size":"auto","background-attachment":"scroll","background-type":"","background-media":"","overlay-type":"","overlay-color":"","overlay-opacity":"","overlay-gradient":""},"tablet":{"background-color":"var(--ast-global-color-4)","background-image":"","background-repeat":"repeat","background-position":"center center","background-size":"auto","background-attachment":"scroll","background-type":"","background-media":"","overlay-type":"","overlay-color":"","overlay-opacity":"","overlay-gradient":""},"mobile":{"background-color":"var(--ast-global-color-4)","background-image":"","background-repeat":"repeat","background-position":"center center","background-size":"auto","background-attachment":"scroll","background-type":"","background-media":"","overlay-type":"","overlay-color":"","overlay-opacity":"","overlay-gradient":""}},"footnotes":""},"categories":[16,1],"tags":[],"class_list":["post-36984","post","type-post","status-publish","format-standard","has-post-thumbnail","hentry","category-municipales","category-noticias"],"yoast_head":"<!-- This site is optimized with the Yoast SEO Premium plugin v23.0 (Yoast SEO v27.4) - https:\/\/yoast.com\/product\/yoast-seo-premium-wordpress\/ -->\n<title>CONTAMINACI\u00d3N La C\u00e1mara de Comercio elev\u00f3 propuestas de saneamiento del r\u00edo<\/title>\n<meta name=\"robots\" content=\"index, follow, max-snippet:-1, max-image-preview:large, max-video-preview:-1\" \/>\n<link rel=\"canonical\" href=\"https:\/\/patagoniambiental.com.ar\/info\/contaminacion-la-camara-de-comercio-elevo-propuestas-de-saneamiento-del-rio\/\" \/>\n<meta property=\"og:locale\" content=\"es_ES\" \/>\n<meta property=\"og:type\" content=\"article\" \/>\n<meta property=\"og:title\" content=\"CONTAMINACI\u00d3N La C\u00e1mara de Comercio elev\u00f3 propuestas de saneamiento del r\u00edo\" \/>\n<meta property=\"og:description\" content=\"Viedma.-Lo hizo al intendente de Viedma, Jos\u00e9 Luis Foulkes, y a su par de Patagones, Jos\u00e9 Zara, como resultado de [&hellip;]\" \/>\n<meta property=\"og:url\" content=\"https:\/\/patagoniambiental.com.ar\/info\/contaminacion-la-camara-de-comercio-elevo-propuestas-de-saneamiento-del-rio\/\" \/>\n<meta property=\"og:site_name\" content=\"Patagonia Ambiental\" \/>\n<meta property=\"article:publisher\" content=\"https:\/\/www.facebook.com\/patagonia.ambiental\" \/>\n<meta property=\"article:author\" content=\"https:\/\/www.facebook.com\/share\/1C1V8Gv9BX\/?mibextid=qi2Omg\" \/>\n<meta property=\"article:published_time\" content=\"2017-10-23T22:00:02+00:00\" \/>\n<meta property=\"og:image\" content=\"https:\/\/patagoniambiental.com.ar\/info\/wp-content\/uploads\/2017\/10\/41257_63158_temp.jpg\" \/>\n\t<meta property=\"og:image:width\" content=\"640\" \/>\n\t<meta property=\"og:image:height\" content=\"479\" \/>\n\t<meta property=\"og:image:type\" content=\"image\/jpeg\" \/>\n<meta name=\"author\" content=\"Patagonia Ambiental\" \/>\n<meta name=\"twitter:card\" content=\"summary_large_image\" \/>\n<meta name=\"twitter:creator\" content=\"@PatAmb\" \/>\n<meta name=\"twitter:site\" content=\"@PatAmb\" \/>\n<script type=\"application\/ld+json\" class=\"yoast-schema-graph\">{\"@context\":\"https:\\\/\\\/schema.org\",\"@graph\":[{\"@type\":\"Article\",\"@id\":\"https:\\\/\\\/patagoniambiental.com.ar\\\/info\\\/contaminacion-la-camara-de-comercio-elevo-propuestas-de-saneamiento-del-rio\\\/#article\",\"isPartOf\":{\"@id\":\"https:\\\/\\\/patagoniambiental.com.ar\\\/info\\\/contaminacion-la-camara-de-comercio-elevo-propuestas-de-saneamiento-del-rio\\\/\"},\"author\":{\"name\":\"Patagonia Ambiental\",\"@id\":\"https:\\\/\\\/patagoniambiental.com.ar\\\/info\\\/#\\\/schema\\\/person\\\/db12bff64bbcbf6a253710bf0ea37b5d\"},\"headline\":\"CONTAMINACI\u00d3N La C\u00e1mara de Comercio elev\u00f3 propuestas de saneamiento del r\u00edo\",\"datePublished\":\"2017-10-23T22:00:02+00:00\",\"mainEntityOfPage\":{\"@id\":\"https:\\\/\\\/patagoniambiental.com.ar\\\/info\\\/contaminacion-la-camara-de-comercio-elevo-propuestas-de-saneamiento-del-rio\\\/\"},\"wordCount\":397,\"commentCount\":0,\"publisher\":{\"@id\":\"https:\\\/\\\/patagoniambiental.com.ar\\\/info\\\/#organization\"},\"image\":{\"@id\":\"https:\\\/\\\/patagoniambiental.com.ar\\\/info\\\/contaminacion-la-camara-de-comercio-elevo-propuestas-de-saneamiento-del-rio\\\/#primaryimage\"},\"thumbnailUrl\":\"https:\\\/\\\/patagoniambiental.com.ar\\\/info\\\/wp-content\\\/uploads\\\/2017\\\/10\\\/41257_63158_temp.jpg\",\"articleSection\":[\"Municipales\",\"Noticias\"],\"inLanguage\":\"es\",\"potentialAction\":[{\"@type\":\"CommentAction\",\"name\":\"Comment\",\"target\":[\"https:\\\/\\\/patagoniambiental.com.ar\\\/info\\\/contaminacion-la-camara-de-comercio-elevo-propuestas-de-saneamiento-del-rio\\\/#respond\"]}]},{\"@type\":\"WebPage\",\"@id\":\"https:\\\/\\\/patagoniambiental.com.ar\\\/info\\\/contaminacion-la-camara-de-comercio-elevo-propuestas-de-saneamiento-del-rio\\\/\",\"url\":\"https:\\\/\\\/patagoniambiental.com.ar\\\/info\\\/contaminacion-la-camara-de-comercio-elevo-propuestas-de-saneamiento-del-rio\\\/\",\"name\":\"CONTAMINACI\u00d3N La C\u00e1mara de Comercio elev\u00f3 propuestas de saneamiento del r\u00edo\",\"isPartOf\":{\"@id\":\"https:\\\/\\\/patagoniambiental.com.ar\\\/info\\\/#website\"},\"primaryImageOfPage\":{\"@id\":\"https:\\\/\\\/patagoniambiental.com.ar\\\/info\\\/contaminacion-la-camara-de-comercio-elevo-propuestas-de-saneamiento-del-rio\\\/#primaryimage\"},\"image\":{\"@id\":\"https:\\\/\\\/patagoniambiental.com.ar\\\/info\\\/contaminacion-la-camara-de-comercio-elevo-propuestas-de-saneamiento-del-rio\\\/#primaryimage\"},\"thumbnailUrl\":\"https:\\\/\\\/patagoniambiental.com.ar\\\/info\\\/wp-content\\\/uploads\\\/2017\\\/10\\\/41257_63158_temp.jpg\",\"datePublished\":\"2017-10-23T22:00:02+00:00\",\"breadcrumb\":{\"@id\":\"https:\\\/\\\/patagoniambiental.com.ar\\\/info\\\/contaminacion-la-camara-de-comercio-elevo-propuestas-de-saneamiento-del-rio\\\/#breadcrumb\"},\"inLanguage\":\"es\",\"potentialAction\":[{\"@type\":\"ReadAction\",\"target\":[\"https:\\\/\\\/patagoniambiental.com.ar\\\/info\\\/contaminacion-la-camara-de-comercio-elevo-propuestas-de-saneamiento-del-rio\\\/\"]}]},{\"@type\":\"ImageObject\",\"inLanguage\":\"es\",\"@id\":\"https:\\\/\\\/patagoniambiental.com.ar\\\/info\\\/contaminacion-la-camara-de-comercio-elevo-propuestas-de-saneamiento-del-rio\\\/#primaryimage\",\"url\":\"https:\\\/\\\/patagoniambiental.com.ar\\\/info\\\/wp-content\\\/uploads\\\/2017\\\/10\\\/41257_63158_temp.jpg\",\"contentUrl\":\"https:\\\/\\\/patagoniambiental.com.ar\\\/info\\\/wp-content\\\/uploads\\\/2017\\\/10\\\/41257_63158_temp.jpg\",\"width\":640,\"height\":479},{\"@type\":\"BreadcrumbList\",\"@id\":\"https:\\\/\\\/patagoniambiental.com.ar\\\/info\\\/contaminacion-la-camara-de-comercio-elevo-propuestas-de-saneamiento-del-rio\\\/#breadcrumb\",\"itemListElement\":[{\"@type\":\"ListItem\",\"position\":1,\"name\":\"Inicio\",\"item\":\"https:\\\/\\\/patagoniambiental.com.ar\\\/info\\\/\"},{\"@type\":\"ListItem\",\"position\":2,\"name\":\"CONTAMINACI\u00d3N La C\u00e1mara de Comercio elev\u00f3 propuestas de saneamiento del r\u00edo\"}]},{\"@type\":\"WebSite\",\"@id\":\"https:\\\/\\\/patagoniambiental.com.ar\\\/info\\\/#website\",\"url\":\"https:\\\/\\\/patagoniambiental.com.ar\\\/info\\\/\",\"name\":\"Patagonia Ambiental\",\"description\":\"Monitoreo y an\u00e1lisis de la situaci\u00f3n geopol\u00edtica en el mundo y su implicancia en la Patagonia\",\"publisher\":{\"@id\":\"https:\\\/\\\/patagoniambiental.com.ar\\\/info\\\/#organization\"},\"potentialAction\":[{\"@type\":\"SearchAction\",\"target\":{\"@type\":\"EntryPoint\",\"urlTemplate\":\"https:\\\/\\\/patagoniambiental.com.ar\\\/info\\\/?s={search_term_string}\"},\"query-input\":{\"@type\":\"PropertyValueSpecification\",\"valueRequired\":true,\"valueName\":\"search_term_string\"}}],\"inLanguage\":\"es\"},{\"@type\":\"Organization\",\"@id\":\"https:\\\/\\\/patagoniambiental.com.ar\\\/info\\\/#organization\",\"name\":\"Patagonia Ambiental\",\"url\":\"https:\\\/\\\/patagoniambiental.com.ar\\\/info\\\/\",\"logo\":{\"@type\":\"ImageObject\",\"inLanguage\":\"es\",\"@id\":\"https:\\\/\\\/patagoniambiental.com.ar\\\/info\\\/#\\\/schema\\\/logo\\\/image\\\/\",\"url\":\"https:\\\/\\\/patagoniambiental.com.ar\\\/info\\\/wp-content\\\/uploads\\\/2025\\\/05\\\/LOGO-PATAGONIA-AMBIENTAL.png\",\"contentUrl\":\"https:\\\/\\\/patagoniambiental.com.ar\\\/info\\\/wp-content\\\/uploads\\\/2025\\\/05\\\/LOGO-PATAGONIA-AMBIENTAL.png\",\"width\":433,\"height\":250,\"caption\":\"Patagonia Ambiental\"},\"image\":{\"@id\":\"https:\\\/\\\/patagoniambiental.com.ar\\\/info\\\/#\\\/schema\\\/logo\\\/image\\\/\"},\"sameAs\":[\"https:\\\/\\\/www.facebook.com\\\/patagonia.ambiental\",\"https:\\\/\\\/x.com\\\/PatAmb\"]},{\"@type\":\"Person\",\"@id\":\"https:\\\/\\\/patagoniambiental.com.ar\\\/info\\\/#\\\/schema\\\/person\\\/db12bff64bbcbf6a253710bf0ea37b5d\",\"name\":\"Patagonia Ambiental\",\"description\":\"Andr\u00e9s Nievas T\u00e9cnico en manejo ambiental, consultor Ambiental y escritor para medios locales e internacionales sobre temas de geopolitica y medio ambiente.\",\"sameAs\":[\"http:\\\/\\\/www.patagoniambiental.com.ar\",\"https:\\\/\\\/www.facebook.com\\\/share\\\/1C1V8Gv9BX\\\/?mibextid=qi2Omg\",\"@patagoniambiental\",\"https:\\\/\\\/youtube.com\\\/@patagoniaambiental2023?si=BLt58t0wuXquxlYZ\"]}]}<\/script>\n<!-- \/ Yoast SEO Premium plugin. -->","yoast_head_json":{"title":"CONTAMINACI\u00d3N La C\u00e1mara de Comercio elev\u00f3 propuestas de saneamiento del r\u00edo","robots":{"index":"index","follow":"follow","max-snippet":"max-snippet:-1","max-image-preview":"max-image-preview:large","max-video-preview":"max-video-preview:-1"},"canonical":"https:\/\/patagoniambiental.com.ar\/info\/contaminacion-la-camara-de-comercio-elevo-propuestas-de-saneamiento-del-rio\/","og_locale":"es_ES","og_type":"article","og_title":"CONTAMINACI\u00d3N La C\u00e1mara de Comercio elev\u00f3 propuestas de saneamiento del r\u00edo","og_description":"Viedma.-Lo hizo al intendente de Viedma, Jos\u00e9 Luis Foulkes, y a su par de Patagones, Jos\u00e9 Zara, como resultado de [&hellip;]","og_url":"https:\/\/patagoniambiental.com.ar\/info\/contaminacion-la-camara-de-comercio-elevo-propuestas-de-saneamiento-del-rio\/","og_site_name":"Patagonia Ambiental","article_publisher":"https:\/\/www.facebook.com\/patagonia.ambiental","article_author":"https:\/\/www.facebook.com\/share\/1C1V8Gv9BX\/?mibextid=qi2Omg","article_published_time":"2017-10-23T22:00:02+00:00","og_image":[{"width":640,"height":479,"url":"https:\/\/patagoniambiental.com.ar\/info\/wp-content\/uploads\/2017\/10\/41257_63158_temp.jpg","type":"image\/jpeg"}],"author":"Patagonia Ambiental","twitter_card":"summary_large_image","twitter_creator":"@PatAmb","twitter_site":"@PatAmb","schema":{"@context":"https:\/\/schema.org","@graph":[{"@type":"Article","@id":"https:\/\/patagoniambiental.com.ar\/info\/contaminacion-la-camara-de-comercio-elevo-propuestas-de-saneamiento-del-rio\/#article","isPartOf":{"@id":"https:\/\/patagoniambiental.com.ar\/info\/contaminacion-la-camara-de-comercio-elevo-propuestas-de-saneamiento-del-rio\/"},"author":{"name":"Patagonia Ambiental","@id":"https:\/\/patagoniambiental.com.ar\/info\/#\/schema\/person\/db12bff64bbcbf6a253710bf0ea37b5d"},"headline":"CONTAMINACI\u00d3N La C\u00e1mara de Comercio elev\u00f3 propuestas de saneamiento del r\u00edo","datePublished":"2017-10-23T22:00:02+00:00","mainEntityOfPage":{"@id":"https:\/\/patagoniambiental.com.ar\/info\/contaminacion-la-camara-de-comercio-elevo-propuestas-de-saneamiento-del-rio\/"},"wordCount":397,"commentCount":0,"publisher":{"@id":"https:\/\/patagoniambiental.com.ar\/info\/#organization"},"image":{"@id":"https:\/\/patagoniambiental.com.ar\/info\/contaminacion-la-camara-de-comercio-elevo-propuestas-de-saneamiento-del-rio\/#primaryimage"},"thumbnailUrl":"https:\/\/patagoniambiental.com.ar\/info\/wp-content\/uploads\/2017\/10\/41257_63158_temp.jpg","articleSection":["Municipales","Noticias"],"inLanguage":"es","potentialAction":[{"@type":"CommentAction","name":"Comment","target":["https:\/\/patagoniambiental.com.ar\/info\/contaminacion-la-camara-de-comercio-elevo-propuestas-de-saneamiento-del-rio\/#respond"]}]},{"@type":"WebPage","@id":"https:\/\/patagoniambiental.com.ar\/info\/contaminacion-la-camara-de-comercio-elevo-propuestas-de-saneamiento-del-rio\/","url":"https:\/\/patagoniambiental.com.ar\/info\/contaminacion-la-camara-de-comercio-elevo-propuestas-de-saneamiento-del-rio\/","name":"CONTAMINACI\u00d3N La C\u00e1mara de Comercio elev\u00f3 propuestas de saneamiento del r\u00edo","isPartOf":{"@id":"https:\/\/patagoniambiental.com.ar\/info\/#website"},"primaryImageOfPage":{"@id":"https:\/\/patagoniambiental.com.ar\/info\/contaminacion-la-camara-de-comercio-elevo-propuestas-de-saneamiento-del-rio\/#primaryimage"},"image":{"@id":"https:\/\/patagoniambiental.com.ar\/info\/contaminacion-la-camara-de-comercio-elevo-propuestas-de-saneamiento-del-rio\/#primaryimage"},"thumbnailUrl":"https:\/\/patagoniambiental.com.ar\/info\/wp-content\/uploads\/2017\/10\/41257_63158_temp.jpg","datePublished":"2017-10-23T22:00:02+00:00","breadcrumb":{"@id":"https:\/\/patagoniambiental.com.ar\/info\/contaminacion-la-camara-de-comercio-elevo-propuestas-de-saneamiento-del-rio\/#breadcrumb"},"inLanguage":"es","potentialAction":[{"@type":"ReadAction","target":["https:\/\/patagoniambiental.com.ar\/info\/contaminacion-la-camara-de-comercio-elevo-propuestas-de-saneamiento-del-rio\/"]}]},{"@type":"ImageObject","inLanguage":"es","@id":"https:\/\/patagoniambiental.com.ar\/info\/contaminacion-la-camara-de-comercio-elevo-propuestas-de-saneamiento-del-rio\/#primaryimage","url":"https:\/\/patagoniambiental.com.ar\/info\/wp-content\/uploads\/2017\/10\/41257_63158_temp.jpg","contentUrl":"https:\/\/patagoniambiental.com.ar\/info\/wp-content\/uploads\/2017\/10\/41257_63158_temp.jpg","width":640,"height":479},{"@type":"BreadcrumbList","@id":"https:\/\/patagoniambiental.com.ar\/info\/contaminacion-la-camara-de-comercio-elevo-propuestas-de-saneamiento-del-rio\/#breadcrumb","itemListElement":[{"@type":"ListItem","position":1,"name":"Inicio","item":"https:\/\/patagoniambiental.com.ar\/info\/"},{"@type":"ListItem","position":2,"name":"CONTAMINACI\u00d3N La C\u00e1mara de Comercio elev\u00f3 propuestas de saneamiento del r\u00edo"}]},{"@type":"WebSite","@id":"https:\/\/patagoniambiental.com.ar\/info\/#website","url":"https:\/\/patagoniambiental.com.ar\/info\/","name":"Patagonia Ambiental","description":"Monitoreo y an\u00e1lisis de la situaci\u00f3n geopol\u00edtica en el mundo y su implicancia en la Patagonia","publisher":{"@id":"https:\/\/patagoniambiental.com.ar\/info\/#organization"},"potentialAction":[{"@type":"SearchAction","target":{"@type":"EntryPoint","urlTemplate":"https:\/\/patagoniambiental.com.ar\/info\/?s={search_term_string}"},"query-input":{"@type":"PropertyValueSpecification","valueRequired":true,"valueName":"search_term_string"}}],"inLanguage":"es"},{"@type":"Organization","@id":"https:\/\/patagoniambiental.com.ar\/info\/#organization","name":"Patagonia Ambiental","url":"https:\/\/patagoniambiental.com.ar\/info\/","logo":{"@type":"ImageObject","inLanguage":"es","@id":"https:\/\/patagoniambiental.com.ar\/info\/#\/schema\/logo\/image\/","url":"https:\/\/patagoniambiental.com.ar\/info\/wp-content\/uploads\/2025\/05\/LOGO-PATAGONIA-AMBIENTAL.png","contentUrl":"https:\/\/patagoniambiental.com.ar\/info\/wp-content\/uploads\/2025\/05\/LOGO-PATAGONIA-AMBIENTAL.png","width":433,"height":250,"caption":"Patagonia Ambiental"},"image":{"@id":"https:\/\/patagoniambiental.com.ar\/info\/#\/schema\/logo\/image\/"},"sameAs":["https:\/\/www.facebook.com\/patagonia.ambiental","https:\/\/x.com\/PatAmb"]},{"@type":"Person","@id":"https:\/\/patagoniambiental.com.ar\/info\/#\/schema\/person\/db12bff64bbcbf6a253710bf0ea37b5d","name":"Patagonia Ambiental","description":"Andr\u00e9s Nievas T\u00e9cnico en manejo ambiental, consultor Ambiental y escritor para medios locales e internacionales sobre temas de geopolitica y medio ambiente.","sameAs":["http:\/\/www.patagoniambiental.com.ar","https:\/\/www.facebook.com\/share\/1C1V8Gv9BX\/?mibextid=qi2Omg","@patagoniambiental","https:\/\/youtube.com\/@patagoniaambiental2023?si=BLt58t0wuXquxlYZ"]}]}},"_links":{"self":[{"href":"https:\/\/patagoniambiental.com.ar\/info\/wp-json\/wp\/v2\/posts\/36984","targetHints":{"allow":["GET"]}}],"collection":[{"href":"https:\/\/patagoniambiental.com.ar\/info\/wp-json\/wp\/v2\/posts"}],"about":[{"href":"https:\/\/patagoniambiental.com.ar\/info\/wp-json\/wp\/v2\/types\/post"}],"author":[{"embeddable":true,"href":"https:\/\/patagoniambiental.com.ar\/info\/wp-json\/wp\/v2\/users\/2"}],"replies":[{"embeddable":true,"href":"https:\/\/patagoniambiental.com.ar\/info\/wp-json\/wp\/v2\/comments?post=36984"}],"version-history":[{"count":0,"href":"https:\/\/patagoniambiental.com.ar\/info\/wp-json\/wp\/v2\/posts\/36984\/revisions"}],"wp:featuredmedia":[{"embeddable":true,"href":"https:\/\/patagoniambiental.com.ar\/info\/wp-json\/wp\/v2\/media\/36985"}],"wp:attachment":[{"href":"https:\/\/patagoniambiental.com.ar\/info\/wp-json\/wp\/v2\/media?parent=36984"}],"wp:term":[{"taxonomy":"category","embeddable":true,"href":"https:\/\/patagoniambiental.com.ar\/info\/wp-json\/wp\/v2\/categories?post=36984"},{"taxonomy":"post_tag","embeddable":true,"href":"https:\/\/patagoniambiental.com.ar\/info\/wp-json\/wp\/v2\/tags?post=36984"}],"curies":[{"name":"wp","href":"https:\/\/api.w.org\/{rel}","templated":true}]}}