{"id":36999,"date":"2017-10-24T09:00:44","date_gmt":"2017-10-24T12:00:44","guid":{"rendered":"http:\/\/patagoniambiental.com.ar\/info\/?p=36999"},"modified":"2017-10-24T08:13:36","modified_gmt":"2017-10-24T11:13:36","slug":"puerto-madryn-celebra-una-nueva-edicion-del-festival-mafici","status":"publish","type":"post","link":"https:\/\/patagoniambiental.com.ar\/info\/puerto-madryn-celebra-una-nueva-edicion-del-festival-mafici\/","title":{"rendered":"Puerto Madryn celebra una nueva edici\u00f3n del Festival MAFICI"},"content":{"rendered":"<div class=\"cuerpo clearfix\">\n<p>PUERTO MADRYN.- Con el acompa\u00f1amiento del Gobierno del Chubut se realizar\u00e1 en Puerto Madryn desde el 1 al 7 de noviembre una nueva edici\u00f3n del Festival Internacional MAFICI 2017.<\/p>\n<p>Desde la organizaci\u00f3n, se dio a conocer la programaci\u00f3n oficial del festival que contar\u00e1 con m\u00e1s de 120 pel\u00edculas de todo el mundo. En esta ocasi\u00f3n se exhibir\u00e1n films de pa\u00edses como Egipto, Francia, Brasil, India, Pa\u00edses Bajos, M\u00e9xico, Italia, Espa\u00f1a, Rusia, Ecuador, Uruguay, Replica Dominicana, China y B\u00e9lgica, entre otros.<\/p>\n<p>Se prev\u00e9n secciones como \u201cCompetencia Oficial de Operas Primas\u201d, \u201cCortometrajes de ficci\u00f3n\u201d, \u201cAnimaci\u00f3n\u201d, \u201cDocumental y videominutos de la Secci\u00f3n A\u201d, \u201cCuidar nuestro mundo\u201d, \u201cPanorama Ambiental\u201d, \u201cPanorama Patagonia\u201d, \u201cPanorama para chicos\u201d, \u201cPanorama del mundo\u201d y \u201cMINI MAFICI\u201d nuevamente con proyecciones para los m\u00e1s chicos.<\/p>\n<p>PRESENCIAS DESTACADAS<\/p>\n<p>En esta oportunidad han confirmado su presencia las actrices Mercedes Mor\u00e1n, Graciela Borges y Bel\u00e9n Blanco, adem\u00e1s del actores Gast\u00f3n Pauls y Patricio Contreras quienes estar\u00e1n del 1 al 7 de noviembre en Puerto Madryn para encontrarse con el p\u00fablico, realizar charlas y presentaciones de pel\u00edculas.<\/p>\n<p>Durante todo el festival habr\u00e1 seminarios, charlas abiertas, proyecciones en los barrios que permitir\u00e1n disfrutar y \u201crespirar\u201d cine.<\/p>\n<p>MINI MAFICI<\/p>\n<p>En el marco del festival los m\u00e1s peque\u00f1os podr\u00e1n disfrutar de cortos Animados de la Competencia Oficial, Cine en los barrios chocolatada y churros. Tambi\u00e9n habr\u00e1 y talleres de stop motion.<\/p>\n<p>PROMOCI\u00d3N TURISTICA DESDE MAFICI<\/p>\n<p>En esta nueva edici\u00f3n se apuesta fuertemente al trabajo de promoci\u00f3n tur\u00edstica directa a trav\u00e9s de MAFICI, invitando a estudiantes de cine de todo el pa\u00eds a trav\u00e9s de las redes y p\u00e1gina web www.mafici.com.ar a la ciudad de Puerto Madryn en el marco del festival, ofreciendo importantes descuentos en hoteler\u00eda, gastronom\u00eda y actividades tur\u00edsticas en la semana de MAFICI.<\/p>\n<p>Teniendo en cuenta que todos los acreditados al festival pueden acceder a estos descuentos exclusivos para poder disfrutar del buen cine m\u00e1s todos los atractivos que se ofrecen en materia tur\u00edstica.<\/p>\n<p>CONCURSO<\/p>\n<p>A principios de a\u00f1o los organizadores del festival lanzaron el primer concurso nacional denominado \u201cA cuidar nuestro mundo\u201d, esta convocatoria incluy\u00f3 a j\u00f3venes de todo el pa\u00eds donde se pidi\u00f3 filmaran un \u201cVideominuto\u201d para que contribuya en lo cotidiano a tomar decisiones que cuiden y modifiquen el entorno.<\/p>\n<p>De esta forma, con el objetivo y la premisa de ser los promotores del cuidado del medioambiente, se propone el concurso de videominutos como una secci\u00f3n especial de esta 4\u00ba edici\u00f3n de MAFICI, motivando a los j\u00f3venes a que utilicen las herramientas como celulares o c\u00e1maras digitales que tienen al alcance, en pos de temas que tienen que ver con el cuidado y la puesta en valor de nuestros recursos, tocando cuestiones como el reciclaje, la reutilizaci\u00f3n, la reducci\u00f3n, protegiendo y promoviendo el uso sustentable de los mismos.<\/p>\n<p>Este concurso cuenta con el aval y apoyo del Ministerio de Ambiente y Control del Desarrollo Sustentable de la Provincia del Chubut.<\/p>\n<p>11 JURADOS<\/p>\n<p>Cabe destacar, que este a\u00f1o las competencias oficiales del festival tendr\u00e1n 11 jurados. Puntualmente, el jurado de la competencia oficial de Operas Primas estar\u00e1 compuesto por Carlos Sor\u00edn, Nicol\u00e1s Batlle, Fernanda Mugica, Alejandro Maci y Patricio Contreras<\/p>\n<p>Mientras que el jurado de la competencia oficial de Cortometrajes est\u00e1 a cargo de Bel\u00e9n Blanco, Liliana amate y Miguel Cohan y de la secci\u00f3n \u201cA cuidar nuestro mundo\u201d Beto Bubas, Mariana Vega y Luciana Abad.<\/p>\n<p>CAPACITACI\u00d3N EN MAFICI 2017<\/p>\n<p>Adem\u00e1s, con el auspicio del Ministerio de Educaci\u00f3n de Chubut se efectuar\u00e1 una capacitaci\u00f3n que otorgar\u00e1 puntaje docente.<\/p>\n<p>Se trata de un Taller de Formaci\u00f3n inicial en Realizaci\u00f3n Audiovisual, \u201cConocer el lenguaje cinematogr\u00e1fico para aplicarlo creativamente en el aula\u201d.<\/p>\n<p>La capacitaci\u00f3n estar\u00e1 a cargo de Adri\u00e1n Szmukler, director, guionista, docente e investigador.<\/p>\n<p>CONTACTO<\/p>\n<p>Los interesados en obtener m\u00e1s informaci\u00f3n del Festival pueden ingresar a la p\u00e1gina web www.mafici.com.ar y las escuelas que deseen participar pueden escribir a minimafici@gmail.com.<\/p>\n<\/div>\n<p>Fuente:\u00a0https:\/\/www.elpatagonico.com\/puerto-madryn-celebra-una-nueva-edicion-del-festival-mafici-n3045713<\/p>\n","protected":false},"excerpt":{"rendered":"<p>PUERTO MADRYN.- Con el acompa\u00f1amiento del Gobierno del Chubut se realizar\u00e1 en Puerto Madryn desde el 1 al 7 de [&hellip;]<\/p>\n","protected":false},"author":2,"featured_media":37000,"comment_status":"open","ping_status":"open","sticky":false,"template":"","format":"standard","meta":{"site-sidebar-layout":"default","site-content-layout":"","ast-site-content-layout":"default","site-content-style":"default","site-sidebar-style":"default","ast-global-header-display":"","ast-banner-title-visibility":"","ast-main-header-display":"","ast-hfb-above-header-display":"","ast-hfb-below-header-display":"","ast-hfb-mobile-header-display":"","site-post-title":"","ast-breadcrumbs-content":"","ast-featured-img":"","footer-sml-layout":"","ast-disable-related-posts":"","theme-transparent-header-meta":"","adv-header-id-meta":"","stick-header-meta":"","header-above-stick-meta":"","header-main-stick-meta":"","header-below-stick-meta":"","astra-migrate-meta-layouts":"default","ast-page-background-enabled":"default","ast-page-background-meta":{"desktop":{"background-color":"var(--ast-global-color-5)","background-image":"","background-repeat":"repeat","background-position":"center center","background-size":"auto","background-attachment":"scroll","background-type":"","background-media":"","overlay-type":"","overlay-color":"","overlay-opacity":"","overlay-gradient":""},"tablet":{"background-color":"","background-image":"","background-repeat":"repeat","background-position":"center center","background-size":"auto","background-attachment":"scroll","background-type":"","background-media":"","overlay-type":"","overlay-color":"","overlay-opacity":"","overlay-gradient":""},"mobile":{"background-color":"","background-image":"","background-repeat":"repeat","background-position":"center center","background-size":"auto","background-attachment":"scroll","background-type":"","background-media":"","overlay-type":"","overlay-color":"","overlay-opacity":"","overlay-gradient":""}},"ast-content-background-meta":{"desktop":{"background-color":"var(--ast-global-color-4)","background-image":"","background-repeat":"repeat","background-position":"center center","background-size":"auto","background-attachment":"scroll","background-type":"","background-media":"","overlay-type":"","overlay-color":"","overlay-opacity":"","overlay-gradient":""},"tablet":{"background-color":"var(--ast-global-color-4)","background-image":"","background-repeat":"repeat","background-position":"center center","background-size":"auto","background-attachment":"scroll","background-type":"","background-media":"","overlay-type":"","overlay-color":"","overlay-opacity":"","overlay-gradient":""},"mobile":{"background-color":"var(--ast-global-color-4)","background-image":"","background-repeat":"repeat","background-position":"center center","background-size":"auto","background-attachment":"scroll","background-type":"","background-media":"","overlay-type":"","overlay-color":"","overlay-opacity":"","overlay-gradient":""}},"footnotes":""},"categories":[46,1,10],"tags":[],"class_list":["post-36999","post","type-post","status-publish","format-standard","has-post-thumbnail","hentry","category-municipios","category-noticias","category-rotador"],"yoast_head":"<!-- This site is optimized with the Yoast SEO Premium plugin v23.0 (Yoast SEO v27.5) - https:\/\/yoast.com\/product\/yoast-seo-premium-wordpress\/ -->\n<title>Puerto Madryn celebra una nueva edici\u00f3n del Festival MAFICI<\/title>\n<meta name=\"robots\" content=\"index, follow, max-snippet:-1, max-image-preview:large, max-video-preview:-1\" \/>\n<link rel=\"canonical\" href=\"https:\/\/patagoniambiental.com.ar\/info\/puerto-madryn-celebra-una-nueva-edicion-del-festival-mafici\/\" \/>\n<meta property=\"og:locale\" content=\"es_ES\" \/>\n<meta property=\"og:type\" content=\"article\" \/>\n<meta property=\"og:title\" content=\"Puerto Madryn celebra una nueva edici\u00f3n del Festival MAFICI\" \/>\n<meta property=\"og:description\" content=\"PUERTO MADRYN.- Con el acompa\u00f1amiento del Gobierno del Chubut se realizar\u00e1 en Puerto Madryn desde el 1 al 7 de [&hellip;]\" \/>\n<meta property=\"og:url\" content=\"https:\/\/patagoniambiental.com.ar\/info\/puerto-madryn-celebra-una-nueva-edicion-del-festival-mafici\/\" \/>\n<meta property=\"og:site_name\" content=\"Patagonia Ambiental\" \/>\n<meta property=\"article:publisher\" content=\"https:\/\/www.facebook.com\/patagonia.ambiental\" \/>\n<meta property=\"article:author\" content=\"https:\/\/www.facebook.com\/share\/1C1V8Gv9BX\/?mibextid=qi2Omg\" \/>\n<meta property=\"article:published_time\" content=\"2017-10-24T12:00:44+00:00\" \/>\n<meta property=\"og:image\" content=\"https:\/\/patagoniambiental.com.ar\/info\/wp-content\/uploads\/2017\/10\/cine-mafici.jpg\" \/>\n\t<meta property=\"og:image:width\" content=\"790\" \/>\n\t<meta property=\"og:image:height\" content=\"444\" \/>\n\t<meta property=\"og:image:type\" content=\"image\/jpeg\" \/>\n<meta name=\"author\" content=\"Patagonia Ambiental\" \/>\n<meta name=\"twitter:card\" content=\"summary_large_image\" \/>\n<meta name=\"twitter:creator\" content=\"@PatAmb\" \/>\n<meta name=\"twitter:site\" content=\"@PatAmb\" \/>\n<script type=\"application\/ld+json\" class=\"yoast-schema-graph\">{\"@context\":\"https:\\\/\\\/schema.org\",\"@graph\":[{\"@type\":\"Article\",\"@id\":\"https:\\\/\\\/patagoniambiental.com.ar\\\/info\\\/puerto-madryn-celebra-una-nueva-edicion-del-festival-mafici\\\/#article\",\"isPartOf\":{\"@id\":\"https:\\\/\\\/patagoniambiental.com.ar\\\/info\\\/puerto-madryn-celebra-una-nueva-edicion-del-festival-mafici\\\/\"},\"author\":{\"name\":\"Patagonia Ambiental\",\"@id\":\"https:\\\/\\\/patagoniambiental.com.ar\\\/info\\\/#\\\/schema\\\/person\\\/db12bff64bbcbf6a253710bf0ea37b5d\"},\"headline\":\"Puerto Madryn celebra una nueva edici\u00f3n del Festival MAFICI\",\"datePublished\":\"2017-10-24T12:00:44+00:00\",\"mainEntityOfPage\":{\"@id\":\"https:\\\/\\\/patagoniambiental.com.ar\\\/info\\\/puerto-madryn-celebra-una-nueva-edicion-del-festival-mafici\\\/\"},\"wordCount\":718,\"commentCount\":0,\"publisher\":{\"@id\":\"https:\\\/\\\/patagoniambiental.com.ar\\\/info\\\/#organization\"},\"image\":{\"@id\":\"https:\\\/\\\/patagoniambiental.com.ar\\\/info\\\/puerto-madryn-celebra-una-nueva-edicion-del-festival-mafici\\\/#primaryimage\"},\"thumbnailUrl\":\"https:\\\/\\\/patagoniambiental.com.ar\\\/info\\\/wp-content\\\/uploads\\\/2017\\\/10\\\/cine-mafici.jpg\",\"articleSection\":[\"Municipios\",\"Noticias\",\"Rotador\"],\"inLanguage\":\"es\",\"potentialAction\":[{\"@type\":\"CommentAction\",\"name\":\"Comment\",\"target\":[\"https:\\\/\\\/patagoniambiental.com.ar\\\/info\\\/puerto-madryn-celebra-una-nueva-edicion-del-festival-mafici\\\/#respond\"]}]},{\"@type\":\"WebPage\",\"@id\":\"https:\\\/\\\/patagoniambiental.com.ar\\\/info\\\/puerto-madryn-celebra-una-nueva-edicion-del-festival-mafici\\\/\",\"url\":\"https:\\\/\\\/patagoniambiental.com.ar\\\/info\\\/puerto-madryn-celebra-una-nueva-edicion-del-festival-mafici\\\/\",\"name\":\"Puerto Madryn celebra una nueva edici\u00f3n del Festival MAFICI\",\"isPartOf\":{\"@id\":\"https:\\\/\\\/patagoniambiental.com.ar\\\/info\\\/#website\"},\"primaryImageOfPage\":{\"@id\":\"https:\\\/\\\/patagoniambiental.com.ar\\\/info\\\/puerto-madryn-celebra-una-nueva-edicion-del-festival-mafici\\\/#primaryimage\"},\"image\":{\"@id\":\"https:\\\/\\\/patagoniambiental.com.ar\\\/info\\\/puerto-madryn-celebra-una-nueva-edicion-del-festival-mafici\\\/#primaryimage\"},\"thumbnailUrl\":\"https:\\\/\\\/patagoniambiental.com.ar\\\/info\\\/wp-content\\\/uploads\\\/2017\\\/10\\\/cine-mafici.jpg\",\"datePublished\":\"2017-10-24T12:00:44+00:00\",\"breadcrumb\":{\"@id\":\"https:\\\/\\\/patagoniambiental.com.ar\\\/info\\\/puerto-madryn-celebra-una-nueva-edicion-del-festival-mafici\\\/#breadcrumb\"},\"inLanguage\":\"es\",\"potentialAction\":[{\"@type\":\"ReadAction\",\"target\":[\"https:\\\/\\\/patagoniambiental.com.ar\\\/info\\\/puerto-madryn-celebra-una-nueva-edicion-del-festival-mafici\\\/\"]}]},{\"@type\":\"ImageObject\",\"inLanguage\":\"es\",\"@id\":\"https:\\\/\\\/patagoniambiental.com.ar\\\/info\\\/puerto-madryn-celebra-una-nueva-edicion-del-festival-mafici\\\/#primaryimage\",\"url\":\"https:\\\/\\\/patagoniambiental.com.ar\\\/info\\\/wp-content\\\/uploads\\\/2017\\\/10\\\/cine-mafici.jpg\",\"contentUrl\":\"https:\\\/\\\/patagoniambiental.com.ar\\\/info\\\/wp-content\\\/uploads\\\/2017\\\/10\\\/cine-mafici.jpg\",\"width\":790,\"height\":444},{\"@type\":\"BreadcrumbList\",\"@id\":\"https:\\\/\\\/patagoniambiental.com.ar\\\/info\\\/puerto-madryn-celebra-una-nueva-edicion-del-festival-mafici\\\/#breadcrumb\",\"itemListElement\":[{\"@type\":\"ListItem\",\"position\":1,\"name\":\"Inicio\",\"item\":\"https:\\\/\\\/patagoniambiental.com.ar\\\/info\\\/\"},{\"@type\":\"ListItem\",\"position\":2,\"name\":\"Puerto Madryn celebra una nueva edici\u00f3n del Festival MAFICI\"}]},{\"@type\":\"WebSite\",\"@id\":\"https:\\\/\\\/patagoniambiental.com.ar\\\/info\\\/#website\",\"url\":\"https:\\\/\\\/patagoniambiental.com.ar\\\/info\\\/\",\"name\":\"Patagonia Ambiental\",\"description\":\"Monitoreo y an\u00e1lisis de la situaci\u00f3n geopol\u00edtica en el mundo y su implicancia en la Patagonia\",\"publisher\":{\"@id\":\"https:\\\/\\\/patagoniambiental.com.ar\\\/info\\\/#organization\"},\"potentialAction\":[{\"@type\":\"SearchAction\",\"target\":{\"@type\":\"EntryPoint\",\"urlTemplate\":\"https:\\\/\\\/patagoniambiental.com.ar\\\/info\\\/?s={search_term_string}\"},\"query-input\":{\"@type\":\"PropertyValueSpecification\",\"valueRequired\":true,\"valueName\":\"search_term_string\"}}],\"inLanguage\":\"es\"},{\"@type\":\"Organization\",\"@id\":\"https:\\\/\\\/patagoniambiental.com.ar\\\/info\\\/#organization\",\"name\":\"Patagonia Ambiental\",\"url\":\"https:\\\/\\\/patagoniambiental.com.ar\\\/info\\\/\",\"logo\":{\"@type\":\"ImageObject\",\"inLanguage\":\"es\",\"@id\":\"https:\\\/\\\/patagoniambiental.com.ar\\\/info\\\/#\\\/schema\\\/logo\\\/image\\\/\",\"url\":\"https:\\\/\\\/patagoniambiental.com.ar\\\/info\\\/wp-content\\\/uploads\\\/2025\\\/05\\\/LOGO-PATAGONIA-AMBIENTAL.png\",\"contentUrl\":\"https:\\\/\\\/patagoniambiental.com.ar\\\/info\\\/wp-content\\\/uploads\\\/2025\\\/05\\\/LOGO-PATAGONIA-AMBIENTAL.png\",\"width\":433,\"height\":250,\"caption\":\"Patagonia Ambiental\"},\"image\":{\"@id\":\"https:\\\/\\\/patagoniambiental.com.ar\\\/info\\\/#\\\/schema\\\/logo\\\/image\\\/\"},\"sameAs\":[\"https:\\\/\\\/www.facebook.com\\\/patagonia.ambiental\",\"https:\\\/\\\/x.com\\\/PatAmb\"]},{\"@type\":\"Person\",\"@id\":\"https:\\\/\\\/patagoniambiental.com.ar\\\/info\\\/#\\\/schema\\\/person\\\/db12bff64bbcbf6a253710bf0ea37b5d\",\"name\":\"Patagonia Ambiental\",\"description\":\"Andr\u00e9s Nievas T\u00e9cnico en manejo ambiental, consultor Ambiental y escritor para medios locales e internacionales sobre temas de geopolitica y medio ambiente.\",\"sameAs\":[\"http:\\\/\\\/www.patagoniambiental.com.ar\",\"https:\\\/\\\/www.facebook.com\\\/share\\\/1C1V8Gv9BX\\\/?mibextid=qi2Omg\",\"@patagoniambiental\",\"https:\\\/\\\/youtube.com\\\/@patagoniaambiental2023?si=BLt58t0wuXquxlYZ\"]}]}<\/script>\n<!-- \/ Yoast SEO Premium plugin. -->","yoast_head_json":{"title":"Puerto Madryn celebra una nueva edici\u00f3n del Festival MAFICI","robots":{"index":"index","follow":"follow","max-snippet":"max-snippet:-1","max-image-preview":"max-image-preview:large","max-video-preview":"max-video-preview:-1"},"canonical":"https:\/\/patagoniambiental.com.ar\/info\/puerto-madryn-celebra-una-nueva-edicion-del-festival-mafici\/","og_locale":"es_ES","og_type":"article","og_title":"Puerto Madryn celebra una nueva edici\u00f3n del Festival MAFICI","og_description":"PUERTO MADRYN.- Con el acompa\u00f1amiento del Gobierno del Chubut se realizar\u00e1 en Puerto Madryn desde el 1 al 7 de [&hellip;]","og_url":"https:\/\/patagoniambiental.com.ar\/info\/puerto-madryn-celebra-una-nueva-edicion-del-festival-mafici\/","og_site_name":"Patagonia Ambiental","article_publisher":"https:\/\/www.facebook.com\/patagonia.ambiental","article_author":"https:\/\/www.facebook.com\/share\/1C1V8Gv9BX\/?mibextid=qi2Omg","article_published_time":"2017-10-24T12:00:44+00:00","og_image":[{"width":790,"height":444,"url":"https:\/\/patagoniambiental.com.ar\/info\/wp-content\/uploads\/2017\/10\/cine-mafici.jpg","type":"image\/jpeg"}],"author":"Patagonia Ambiental","twitter_card":"summary_large_image","twitter_creator":"@PatAmb","twitter_site":"@PatAmb","schema":{"@context":"https:\/\/schema.org","@graph":[{"@type":"Article","@id":"https:\/\/patagoniambiental.com.ar\/info\/puerto-madryn-celebra-una-nueva-edicion-del-festival-mafici\/#article","isPartOf":{"@id":"https:\/\/patagoniambiental.com.ar\/info\/puerto-madryn-celebra-una-nueva-edicion-del-festival-mafici\/"},"author":{"name":"Patagonia Ambiental","@id":"https:\/\/patagoniambiental.com.ar\/info\/#\/schema\/person\/db12bff64bbcbf6a253710bf0ea37b5d"},"headline":"Puerto Madryn celebra una nueva edici\u00f3n del Festival MAFICI","datePublished":"2017-10-24T12:00:44+00:00","mainEntityOfPage":{"@id":"https:\/\/patagoniambiental.com.ar\/info\/puerto-madryn-celebra-una-nueva-edicion-del-festival-mafici\/"},"wordCount":718,"commentCount":0,"publisher":{"@id":"https:\/\/patagoniambiental.com.ar\/info\/#organization"},"image":{"@id":"https:\/\/patagoniambiental.com.ar\/info\/puerto-madryn-celebra-una-nueva-edicion-del-festival-mafici\/#primaryimage"},"thumbnailUrl":"https:\/\/patagoniambiental.com.ar\/info\/wp-content\/uploads\/2017\/10\/cine-mafici.jpg","articleSection":["Municipios","Noticias","Rotador"],"inLanguage":"es","potentialAction":[{"@type":"CommentAction","name":"Comment","target":["https:\/\/patagoniambiental.com.ar\/info\/puerto-madryn-celebra-una-nueva-edicion-del-festival-mafici\/#respond"]}]},{"@type":"WebPage","@id":"https:\/\/patagoniambiental.com.ar\/info\/puerto-madryn-celebra-una-nueva-edicion-del-festival-mafici\/","url":"https:\/\/patagoniambiental.com.ar\/info\/puerto-madryn-celebra-una-nueva-edicion-del-festival-mafici\/","name":"Puerto Madryn celebra una nueva edici\u00f3n del Festival MAFICI","isPartOf":{"@id":"https:\/\/patagoniambiental.com.ar\/info\/#website"},"primaryImageOfPage":{"@id":"https:\/\/patagoniambiental.com.ar\/info\/puerto-madryn-celebra-una-nueva-edicion-del-festival-mafici\/#primaryimage"},"image":{"@id":"https:\/\/patagoniambiental.com.ar\/info\/puerto-madryn-celebra-una-nueva-edicion-del-festival-mafici\/#primaryimage"},"thumbnailUrl":"https:\/\/patagoniambiental.com.ar\/info\/wp-content\/uploads\/2017\/10\/cine-mafici.jpg","datePublished":"2017-10-24T12:00:44+00:00","breadcrumb":{"@id":"https:\/\/patagoniambiental.com.ar\/info\/puerto-madryn-celebra-una-nueva-edicion-del-festival-mafici\/#breadcrumb"},"inLanguage":"es","potentialAction":[{"@type":"ReadAction","target":["https:\/\/patagoniambiental.com.ar\/info\/puerto-madryn-celebra-una-nueva-edicion-del-festival-mafici\/"]}]},{"@type":"ImageObject","inLanguage":"es","@id":"https:\/\/patagoniambiental.com.ar\/info\/puerto-madryn-celebra-una-nueva-edicion-del-festival-mafici\/#primaryimage","url":"https:\/\/patagoniambiental.com.ar\/info\/wp-content\/uploads\/2017\/10\/cine-mafici.jpg","contentUrl":"https:\/\/patagoniambiental.com.ar\/info\/wp-content\/uploads\/2017\/10\/cine-mafici.jpg","width":790,"height":444},{"@type":"BreadcrumbList","@id":"https:\/\/patagoniambiental.com.ar\/info\/puerto-madryn-celebra-una-nueva-edicion-del-festival-mafici\/#breadcrumb","itemListElement":[{"@type":"ListItem","position":1,"name":"Inicio","item":"https:\/\/patagoniambiental.com.ar\/info\/"},{"@type":"ListItem","position":2,"name":"Puerto Madryn celebra una nueva edici\u00f3n del Festival MAFICI"}]},{"@type":"WebSite","@id":"https:\/\/patagoniambiental.com.ar\/info\/#website","url":"https:\/\/patagoniambiental.com.ar\/info\/","name":"Patagonia Ambiental","description":"Monitoreo y an\u00e1lisis de la situaci\u00f3n geopol\u00edtica en el mundo y su implicancia en la Patagonia","publisher":{"@id":"https:\/\/patagoniambiental.com.ar\/info\/#organization"},"potentialAction":[{"@type":"SearchAction","target":{"@type":"EntryPoint","urlTemplate":"https:\/\/patagoniambiental.com.ar\/info\/?s={search_term_string}"},"query-input":{"@type":"PropertyValueSpecification","valueRequired":true,"valueName":"search_term_string"}}],"inLanguage":"es"},{"@type":"Organization","@id":"https:\/\/patagoniambiental.com.ar\/info\/#organization","name":"Patagonia Ambiental","url":"https:\/\/patagoniambiental.com.ar\/info\/","logo":{"@type":"ImageObject","inLanguage":"es","@id":"https:\/\/patagoniambiental.com.ar\/info\/#\/schema\/logo\/image\/","url":"https:\/\/patagoniambiental.com.ar\/info\/wp-content\/uploads\/2025\/05\/LOGO-PATAGONIA-AMBIENTAL.png","contentUrl":"https:\/\/patagoniambiental.com.ar\/info\/wp-content\/uploads\/2025\/05\/LOGO-PATAGONIA-AMBIENTAL.png","width":433,"height":250,"caption":"Patagonia Ambiental"},"image":{"@id":"https:\/\/patagoniambiental.com.ar\/info\/#\/schema\/logo\/image\/"},"sameAs":["https:\/\/www.facebook.com\/patagonia.ambiental","https:\/\/x.com\/PatAmb"]},{"@type":"Person","@id":"https:\/\/patagoniambiental.com.ar\/info\/#\/schema\/person\/db12bff64bbcbf6a253710bf0ea37b5d","name":"Patagonia Ambiental","description":"Andr\u00e9s Nievas T\u00e9cnico en manejo ambiental, consultor Ambiental y escritor para medios locales e internacionales sobre temas de geopolitica y medio ambiente.","sameAs":["http:\/\/www.patagoniambiental.com.ar","https:\/\/www.facebook.com\/share\/1C1V8Gv9BX\/?mibextid=qi2Omg","@patagoniambiental","https:\/\/youtube.com\/@patagoniaambiental2023?si=BLt58t0wuXquxlYZ"]}]}},"_links":{"self":[{"href":"https:\/\/patagoniambiental.com.ar\/info\/wp-json\/wp\/v2\/posts\/36999","targetHints":{"allow":["GET"]}}],"collection":[{"href":"https:\/\/patagoniambiental.com.ar\/info\/wp-json\/wp\/v2\/posts"}],"about":[{"href":"https:\/\/patagoniambiental.com.ar\/info\/wp-json\/wp\/v2\/types\/post"}],"author":[{"embeddable":true,"href":"https:\/\/patagoniambiental.com.ar\/info\/wp-json\/wp\/v2\/users\/2"}],"replies":[{"embeddable":true,"href":"https:\/\/patagoniambiental.com.ar\/info\/wp-json\/wp\/v2\/comments?post=36999"}],"version-history":[{"count":0,"href":"https:\/\/patagoniambiental.com.ar\/info\/wp-json\/wp\/v2\/posts\/36999\/revisions"}],"wp:featuredmedia":[{"embeddable":true,"href":"https:\/\/patagoniambiental.com.ar\/info\/wp-json\/wp\/v2\/media\/37000"}],"wp:attachment":[{"href":"https:\/\/patagoniambiental.com.ar\/info\/wp-json\/wp\/v2\/media?parent=36999"}],"wp:term":[{"taxonomy":"category","embeddable":true,"href":"https:\/\/patagoniambiental.com.ar\/info\/wp-json\/wp\/v2\/categories?post=36999"},{"taxonomy":"post_tag","embeddable":true,"href":"https:\/\/patagoniambiental.com.ar\/info\/wp-json\/wp\/v2\/tags?post=36999"}],"curies":[{"name":"wp","href":"https:\/\/api.w.org\/{rel}","templated":true}]}}