{"id":37015,"date":"2017-10-24T19:00:11","date_gmt":"2017-10-24T22:00:11","guid":{"rendered":"http:\/\/patagoniambiental.com.ar\/info\/?p=37015"},"modified":"2017-10-24T12:05:57","modified_gmt":"2017-10-24T15:05:57","slug":"proteccion-de-los-ecosistemas-acuaticos-ambiente-prepara-el-puesto-de-bioseguridad-para-evitar-la-propagacion-del-alga-didymo","status":"publish","type":"post","link":"https:\/\/patagoniambiental.com.ar\/info\/proteccion-de-los-ecosistemas-acuaticos-ambiente-prepara-el-puesto-de-bioseguridad-para-evitar-la-propagacion-del-alga-didymo\/","title":{"rendered":"Protecci\u00f3n de los ecosistemas acu\u00e1ticos: Ambiente prepara el puesto de bioseguridad para evitar la propagaci\u00f3n del alga didymo"},"content":{"rendered":"<div><\/div>\n<div>El Bols\u00f3n.-Ser\u00e1 utilizado dentro del \u00c1rea Natural Protegida R\u00edo Azul Lago Escondido, donde se prev\u00e9n acciones espec\u00edficas para sitios defendibles del alga.<\/div>\n<p><!--more--><\/p>\n<div><\/div>\n<div id=\"x_cuerpo\">\n<p>Las funciones principales del puesto consisten en desinfectar los elementos de pesca y otros materiales que pudieran actuar como vectores de transmisi\u00f3n del alga; alertar al p\u00fablico sobre la presencia de esta en ambientes acu\u00e1ticos afectados y sus medios de propagaci\u00f3n; y difundir buenas pr\u00e1cticas de bioseguridad.<\/p>\n<p>El puesto fue adquirido en el marco del Convenio de Fortalecimiento Institucional para el control del alga ex\u00f3tica invasora didymosphenia geminata firmado entre las \u00e1reas ambientales de la provincia de R\u00edo Negro y Naci\u00f3n.<\/p>\n<p>Dicho convenio fue resultado del trabajo derivado de la Estrategia Regional de control del alga didymo (creada desde la Comisi\u00f3n T\u00e9cnica Regional para el control del alga didymo) de la cual se destaca que resulta prioritario desarrollar acciones relacionadas con la bioseguriadad, habiendo entonces consensuado entre la Secretar\u00eda de Ambiente y Desarrollo Sustentable y las tres provincias mayormente afectadas la necesidad de asistencia en el Fortalecimiento Institucional de la bioseguridad.<\/p>\n<p>A su vez, se har\u00e1 entrega de folleter\u00eda informativa para que los vecinos y turistas conozcan m\u00e1s sobre la tem\u00e1tica y protejan los ecosistemas acu\u00e1ticos.<\/p>\n<p>Todas las iniciativas se realizan bajo el marco del Proyecto Fortalecimiento de la Gobernanza para la Protecci\u00f3n de la Biodiversidad mediante la Formulaci\u00f3n e Implementaci\u00f3n de la Estrategia Nacional sobre Especies Ex\u00f3ticas Invasoras.<\/p>\n<p>Fuente: Gobierno de Rio Negro<\/p>\n<\/div>\n<p>&nbsp;<\/p>\n","protected":false},"excerpt":{"rendered":"<p>El Bols\u00f3n.-Ser\u00e1 utilizado dentro del \u00c1rea Natural Protegida R\u00edo Azul Lago Escondido, donde se prev\u00e9n acciones espec\u00edficas para sitios defendibles [&hellip;]<\/p>\n","protected":false},"author":2,"featured_media":37016,"comment_status":"open","ping_status":"open","sticky":false,"template":"","format":"standard","meta":{"site-sidebar-layout":"default","site-content-layout":"","ast-site-content-layout":"default","site-content-style":"default","site-sidebar-style":"default","ast-global-header-display":"","ast-banner-title-visibility":"","ast-main-header-display":"","ast-hfb-above-header-display":"","ast-hfb-below-header-display":"","ast-hfb-mobile-header-display":"","site-post-title":"","ast-breadcrumbs-content":"","ast-featured-img":"","footer-sml-layout":"","ast-disable-related-posts":"","theme-transparent-header-meta":"","adv-header-id-meta":"","stick-header-meta":"","header-above-stick-meta":"","header-main-stick-meta":"","header-below-stick-meta":"","astra-migrate-meta-layouts":"default","ast-page-background-enabled":"default","ast-page-background-meta":{"desktop":{"background-color":"var(--ast-global-color-5)","background-image":"","background-repeat":"repeat","background-position":"center center","background-size":"auto","background-attachment":"scroll","background-type":"","background-media":"","overlay-type":"","overlay-color":"","overlay-opacity":"","overlay-gradient":""},"tablet":{"background-color":"","background-image":"","background-repeat":"repeat","background-position":"center center","background-size":"auto","background-attachment":"scroll","background-type":"","background-media":"","overlay-type":"","overlay-color":"","overlay-opacity":"","overlay-gradient":""},"mobile":{"background-color":"","background-image":"","background-repeat":"repeat","background-position":"center center","background-size":"auto","background-attachment":"scroll","background-type":"","background-media":"","overlay-type":"","overlay-color":"","overlay-opacity":"","overlay-gradient":""}},"ast-content-background-meta":{"desktop":{"background-color":"var(--ast-global-color-4)","background-image":"","background-repeat":"repeat","background-position":"center center","background-size":"auto","background-attachment":"scroll","background-type":"","background-media":"","overlay-type":"","overlay-color":"","overlay-opacity":"","overlay-gradient":""},"tablet":{"background-color":"var(--ast-global-color-4)","background-image":"","background-repeat":"repeat","background-position":"center center","background-size":"auto","background-attachment":"scroll","background-type":"","background-media":"","overlay-type":"","overlay-color":"","overlay-opacity":"","overlay-gradient":""},"mobile":{"background-color":"var(--ast-global-color-4)","background-image":"","background-repeat":"repeat","background-position":"center center","background-size":"auto","background-attachment":"scroll","background-type":"","background-media":"","overlay-type":"","overlay-color":"","overlay-opacity":"","overlay-gradient":""}},"footnotes":""},"categories":[1,13,14],"tags":[],"class_list":["post-37015","post","type-post","status-publish","format-standard","has-post-thumbnail","hentry","category-noticias","category-provinciales","category-rio-negro"],"yoast_head":"<!-- This site is optimized with the Yoast SEO Premium plugin v23.0 (Yoast SEO v27.5) - https:\/\/yoast.com\/product\/yoast-seo-premium-wordpress\/ -->\n<title>Protecci\u00f3n de los ecosistemas acu\u00e1ticos: Ambiente prepara el puesto de bioseguridad para evitar la propagaci\u00f3n del alga didymo<\/title>\n<meta name=\"robots\" content=\"index, follow, max-snippet:-1, max-image-preview:large, max-video-preview:-1\" \/>\n<link rel=\"canonical\" href=\"https:\/\/patagoniambiental.com.ar\/info\/proteccion-de-los-ecosistemas-acuaticos-ambiente-prepara-el-puesto-de-bioseguridad-para-evitar-la-propagacion-del-alga-didymo\/\" \/>\n<meta property=\"og:locale\" content=\"es_ES\" \/>\n<meta property=\"og:type\" content=\"article\" \/>\n<meta property=\"og:title\" content=\"Protecci\u00f3n de los ecosistemas acu\u00e1ticos: Ambiente prepara el puesto de bioseguridad para evitar la propagaci\u00f3n del alga didymo\" \/>\n<meta property=\"og:description\" content=\"El Bols\u00f3n.-Ser\u00e1 utilizado dentro del \u00c1rea Natural Protegida R\u00edo Azul Lago Escondido, donde se prev\u00e9n acciones espec\u00edficas para sitios defendibles [&hellip;]\" \/>\n<meta property=\"og:url\" content=\"https:\/\/patagoniambiental.com.ar\/info\/proteccion-de-los-ecosistemas-acuaticos-ambiente-prepara-el-puesto-de-bioseguridad-para-evitar-la-propagacion-del-alga-didymo\/\" \/>\n<meta property=\"og:site_name\" content=\"Patagonia Ambiental\" \/>\n<meta property=\"article:publisher\" content=\"https:\/\/www.facebook.com\/patagonia.ambiental\" \/>\n<meta property=\"article:author\" content=\"https:\/\/www.facebook.com\/share\/1C1V8Gv9BX\/?mibextid=qi2Omg\" \/>\n<meta property=\"article:published_time\" content=\"2017-10-24T22:00:11+00:00\" \/>\n<meta property=\"og:image\" content=\"https:\/\/patagoniambiental.com.ar\/info\/wp-content\/uploads\/2017\/10\/00031300.jpg\" \/>\n\t<meta property=\"og:image:width\" content=\"924\" \/>\n\t<meta property=\"og:image:height\" content=\"616\" \/>\n\t<meta property=\"og:image:type\" content=\"image\/jpeg\" \/>\n<meta name=\"author\" content=\"Patagonia Ambiental\" \/>\n<meta name=\"twitter:card\" content=\"summary_large_image\" \/>\n<meta name=\"twitter:creator\" content=\"@PatAmb\" \/>\n<meta name=\"twitter:site\" content=\"@PatAmb\" \/>\n<script type=\"application\/ld+json\" class=\"yoast-schema-graph\">{\"@context\":\"https:\\\/\\\/schema.org\",\"@graph\":[{\"@type\":\"Article\",\"@id\":\"https:\\\/\\\/patagoniambiental.com.ar\\\/info\\\/proteccion-de-los-ecosistemas-acuaticos-ambiente-prepara-el-puesto-de-bioseguridad-para-evitar-la-propagacion-del-alga-didymo\\\/#article\",\"isPartOf\":{\"@id\":\"https:\\\/\\\/patagoniambiental.com.ar\\\/info\\\/proteccion-de-los-ecosistemas-acuaticos-ambiente-prepara-el-puesto-de-bioseguridad-para-evitar-la-propagacion-del-alga-didymo\\\/\"},\"author\":{\"name\":\"Patagonia Ambiental\",\"@id\":\"https:\\\/\\\/patagoniambiental.com.ar\\\/info\\\/#\\\/schema\\\/person\\\/db12bff64bbcbf6a253710bf0ea37b5d\"},\"headline\":\"Protecci\u00f3n de los ecosistemas acu\u00e1ticos: Ambiente prepara el puesto de bioseguridad para evitar la propagaci\u00f3n del alga didymo\",\"datePublished\":\"2017-10-24T22:00:11+00:00\",\"mainEntityOfPage\":{\"@id\":\"https:\\\/\\\/patagoniambiental.com.ar\\\/info\\\/proteccion-de-los-ecosistemas-acuaticos-ambiente-prepara-el-puesto-de-bioseguridad-para-evitar-la-propagacion-del-alga-didymo\\\/\"},\"wordCount\":282,\"commentCount\":0,\"publisher\":{\"@id\":\"https:\\\/\\\/patagoniambiental.com.ar\\\/info\\\/#organization\"},\"image\":{\"@id\":\"https:\\\/\\\/patagoniambiental.com.ar\\\/info\\\/proteccion-de-los-ecosistemas-acuaticos-ambiente-prepara-el-puesto-de-bioseguridad-para-evitar-la-propagacion-del-alga-didymo\\\/#primaryimage\"},\"thumbnailUrl\":\"https:\\\/\\\/patagoniambiental.com.ar\\\/info\\\/wp-content\\\/uploads\\\/2017\\\/10\\\/00031300.jpg\",\"articleSection\":[\"Noticias\",\"Provinciales\",\"R\u00edo Negro\"],\"inLanguage\":\"es\",\"potentialAction\":[{\"@type\":\"CommentAction\",\"name\":\"Comment\",\"target\":[\"https:\\\/\\\/patagoniambiental.com.ar\\\/info\\\/proteccion-de-los-ecosistemas-acuaticos-ambiente-prepara-el-puesto-de-bioseguridad-para-evitar-la-propagacion-del-alga-didymo\\\/#respond\"]}]},{\"@type\":\"WebPage\",\"@id\":\"https:\\\/\\\/patagoniambiental.com.ar\\\/info\\\/proteccion-de-los-ecosistemas-acuaticos-ambiente-prepara-el-puesto-de-bioseguridad-para-evitar-la-propagacion-del-alga-didymo\\\/\",\"url\":\"https:\\\/\\\/patagoniambiental.com.ar\\\/info\\\/proteccion-de-los-ecosistemas-acuaticos-ambiente-prepara-el-puesto-de-bioseguridad-para-evitar-la-propagacion-del-alga-didymo\\\/\",\"name\":\"Protecci\u00f3n de los ecosistemas acu\u00e1ticos: Ambiente prepara el puesto de bioseguridad para evitar la propagaci\u00f3n del alga didymo\",\"isPartOf\":{\"@id\":\"https:\\\/\\\/patagoniambiental.com.ar\\\/info\\\/#website\"},\"primaryImageOfPage\":{\"@id\":\"https:\\\/\\\/patagoniambiental.com.ar\\\/info\\\/proteccion-de-los-ecosistemas-acuaticos-ambiente-prepara-el-puesto-de-bioseguridad-para-evitar-la-propagacion-del-alga-didymo\\\/#primaryimage\"},\"image\":{\"@id\":\"https:\\\/\\\/patagoniambiental.com.ar\\\/info\\\/proteccion-de-los-ecosistemas-acuaticos-ambiente-prepara-el-puesto-de-bioseguridad-para-evitar-la-propagacion-del-alga-didymo\\\/#primaryimage\"},\"thumbnailUrl\":\"https:\\\/\\\/patagoniambiental.com.ar\\\/info\\\/wp-content\\\/uploads\\\/2017\\\/10\\\/00031300.jpg\",\"datePublished\":\"2017-10-24T22:00:11+00:00\",\"breadcrumb\":{\"@id\":\"https:\\\/\\\/patagoniambiental.com.ar\\\/info\\\/proteccion-de-los-ecosistemas-acuaticos-ambiente-prepara-el-puesto-de-bioseguridad-para-evitar-la-propagacion-del-alga-didymo\\\/#breadcrumb\"},\"inLanguage\":\"es\",\"potentialAction\":[{\"@type\":\"ReadAction\",\"target\":[\"https:\\\/\\\/patagoniambiental.com.ar\\\/info\\\/proteccion-de-los-ecosistemas-acuaticos-ambiente-prepara-el-puesto-de-bioseguridad-para-evitar-la-propagacion-del-alga-didymo\\\/\"]}]},{\"@type\":\"ImageObject\",\"inLanguage\":\"es\",\"@id\":\"https:\\\/\\\/patagoniambiental.com.ar\\\/info\\\/proteccion-de-los-ecosistemas-acuaticos-ambiente-prepara-el-puesto-de-bioseguridad-para-evitar-la-propagacion-del-alga-didymo\\\/#primaryimage\",\"url\":\"https:\\\/\\\/patagoniambiental.com.ar\\\/info\\\/wp-content\\\/uploads\\\/2017\\\/10\\\/00031300.jpg\",\"contentUrl\":\"https:\\\/\\\/patagoniambiental.com.ar\\\/info\\\/wp-content\\\/uploads\\\/2017\\\/10\\\/00031300.jpg\",\"width\":900,\"height\":600},{\"@type\":\"BreadcrumbList\",\"@id\":\"https:\\\/\\\/patagoniambiental.com.ar\\\/info\\\/proteccion-de-los-ecosistemas-acuaticos-ambiente-prepara-el-puesto-de-bioseguridad-para-evitar-la-propagacion-del-alga-didymo\\\/#breadcrumb\",\"itemListElement\":[{\"@type\":\"ListItem\",\"position\":1,\"name\":\"Inicio\",\"item\":\"https:\\\/\\\/patagoniambiental.com.ar\\\/info\\\/\"},{\"@type\":\"ListItem\",\"position\":2,\"name\":\"Protecci\u00f3n de los ecosistemas acu\u00e1ticos: Ambiente prepara el puesto de bioseguridad para evitar la propagaci\u00f3n del alga didymo\"}]},{\"@type\":\"WebSite\",\"@id\":\"https:\\\/\\\/patagoniambiental.com.ar\\\/info\\\/#website\",\"url\":\"https:\\\/\\\/patagoniambiental.com.ar\\\/info\\\/\",\"name\":\"Patagonia Ambiental\",\"description\":\"Monitoreo y an\u00e1lisis de la situaci\u00f3n geopol\u00edtica en el mundo y su implicancia en la Patagonia\",\"publisher\":{\"@id\":\"https:\\\/\\\/patagoniambiental.com.ar\\\/info\\\/#organization\"},\"potentialAction\":[{\"@type\":\"SearchAction\",\"target\":{\"@type\":\"EntryPoint\",\"urlTemplate\":\"https:\\\/\\\/patagoniambiental.com.ar\\\/info\\\/?s={search_term_string}\"},\"query-input\":{\"@type\":\"PropertyValueSpecification\",\"valueRequired\":true,\"valueName\":\"search_term_string\"}}],\"inLanguage\":\"es\"},{\"@type\":\"Organization\",\"@id\":\"https:\\\/\\\/patagoniambiental.com.ar\\\/info\\\/#organization\",\"name\":\"Patagonia Ambiental\",\"url\":\"https:\\\/\\\/patagoniambiental.com.ar\\\/info\\\/\",\"logo\":{\"@type\":\"ImageObject\",\"inLanguage\":\"es\",\"@id\":\"https:\\\/\\\/patagoniambiental.com.ar\\\/info\\\/#\\\/schema\\\/logo\\\/image\\\/\",\"url\":\"https:\\\/\\\/patagoniambiental.com.ar\\\/info\\\/wp-content\\\/uploads\\\/2025\\\/05\\\/LOGO-PATAGONIA-AMBIENTAL.png\",\"contentUrl\":\"https:\\\/\\\/patagoniambiental.com.ar\\\/info\\\/wp-content\\\/uploads\\\/2025\\\/05\\\/LOGO-PATAGONIA-AMBIENTAL.png\",\"width\":433,\"height\":250,\"caption\":\"Patagonia Ambiental\"},\"image\":{\"@id\":\"https:\\\/\\\/patagoniambiental.com.ar\\\/info\\\/#\\\/schema\\\/logo\\\/image\\\/\"},\"sameAs\":[\"https:\\\/\\\/www.facebook.com\\\/patagonia.ambiental\",\"https:\\\/\\\/x.com\\\/PatAmb\"]},{\"@type\":\"Person\",\"@id\":\"https:\\\/\\\/patagoniambiental.com.ar\\\/info\\\/#\\\/schema\\\/person\\\/db12bff64bbcbf6a253710bf0ea37b5d\",\"name\":\"Patagonia Ambiental\",\"description\":\"Andr\u00e9s Nievas T\u00e9cnico en manejo ambiental, consultor Ambiental y escritor para medios locales e internacionales sobre temas de geopolitica y medio ambiente.\",\"sameAs\":[\"http:\\\/\\\/www.patagoniambiental.com.ar\",\"https:\\\/\\\/www.facebook.com\\\/share\\\/1C1V8Gv9BX\\\/?mibextid=qi2Omg\",\"@patagoniambiental\",\"https:\\\/\\\/youtube.com\\\/@patagoniaambiental2023?si=BLt58t0wuXquxlYZ\"]}]}<\/script>\n<!-- \/ Yoast SEO Premium plugin. -->","yoast_head_json":{"title":"Protecci\u00f3n de los ecosistemas acu\u00e1ticos: Ambiente prepara el puesto de bioseguridad para evitar la propagaci\u00f3n del alga didymo","robots":{"index":"index","follow":"follow","max-snippet":"max-snippet:-1","max-image-preview":"max-image-preview:large","max-video-preview":"max-video-preview:-1"},"canonical":"https:\/\/patagoniambiental.com.ar\/info\/proteccion-de-los-ecosistemas-acuaticos-ambiente-prepara-el-puesto-de-bioseguridad-para-evitar-la-propagacion-del-alga-didymo\/","og_locale":"es_ES","og_type":"article","og_title":"Protecci\u00f3n de los ecosistemas acu\u00e1ticos: Ambiente prepara el puesto de bioseguridad para evitar la propagaci\u00f3n del alga didymo","og_description":"El Bols\u00f3n.-Ser\u00e1 utilizado dentro del \u00c1rea Natural Protegida R\u00edo Azul Lago Escondido, donde se prev\u00e9n acciones espec\u00edficas para sitios defendibles [&hellip;]","og_url":"https:\/\/patagoniambiental.com.ar\/info\/proteccion-de-los-ecosistemas-acuaticos-ambiente-prepara-el-puesto-de-bioseguridad-para-evitar-la-propagacion-del-alga-didymo\/","og_site_name":"Patagonia Ambiental","article_publisher":"https:\/\/www.facebook.com\/patagonia.ambiental","article_author":"https:\/\/www.facebook.com\/share\/1C1V8Gv9BX\/?mibextid=qi2Omg","article_published_time":"2017-10-24T22:00:11+00:00","og_image":[{"width":924,"height":616,"url":"https:\/\/patagoniambiental.com.ar\/info\/wp-content\/uploads\/2017\/10\/00031300.jpg","type":"image\/jpeg"}],"author":"Patagonia Ambiental","twitter_card":"summary_large_image","twitter_creator":"@PatAmb","twitter_site":"@PatAmb","schema":{"@context":"https:\/\/schema.org","@graph":[{"@type":"Article","@id":"https:\/\/patagoniambiental.com.ar\/info\/proteccion-de-los-ecosistemas-acuaticos-ambiente-prepara-el-puesto-de-bioseguridad-para-evitar-la-propagacion-del-alga-didymo\/#article","isPartOf":{"@id":"https:\/\/patagoniambiental.com.ar\/info\/proteccion-de-los-ecosistemas-acuaticos-ambiente-prepara-el-puesto-de-bioseguridad-para-evitar-la-propagacion-del-alga-didymo\/"},"author":{"name":"Patagonia Ambiental","@id":"https:\/\/patagoniambiental.com.ar\/info\/#\/schema\/person\/db12bff64bbcbf6a253710bf0ea37b5d"},"headline":"Protecci\u00f3n de los ecosistemas acu\u00e1ticos: Ambiente prepara el puesto de bioseguridad para evitar la propagaci\u00f3n del alga didymo","datePublished":"2017-10-24T22:00:11+00:00","mainEntityOfPage":{"@id":"https:\/\/patagoniambiental.com.ar\/info\/proteccion-de-los-ecosistemas-acuaticos-ambiente-prepara-el-puesto-de-bioseguridad-para-evitar-la-propagacion-del-alga-didymo\/"},"wordCount":282,"commentCount":0,"publisher":{"@id":"https:\/\/patagoniambiental.com.ar\/info\/#organization"},"image":{"@id":"https:\/\/patagoniambiental.com.ar\/info\/proteccion-de-los-ecosistemas-acuaticos-ambiente-prepara-el-puesto-de-bioseguridad-para-evitar-la-propagacion-del-alga-didymo\/#primaryimage"},"thumbnailUrl":"https:\/\/patagoniambiental.com.ar\/info\/wp-content\/uploads\/2017\/10\/00031300.jpg","articleSection":["Noticias","Provinciales","R\u00edo Negro"],"inLanguage":"es","potentialAction":[{"@type":"CommentAction","name":"Comment","target":["https:\/\/patagoniambiental.com.ar\/info\/proteccion-de-los-ecosistemas-acuaticos-ambiente-prepara-el-puesto-de-bioseguridad-para-evitar-la-propagacion-del-alga-didymo\/#respond"]}]},{"@type":"WebPage","@id":"https:\/\/patagoniambiental.com.ar\/info\/proteccion-de-los-ecosistemas-acuaticos-ambiente-prepara-el-puesto-de-bioseguridad-para-evitar-la-propagacion-del-alga-didymo\/","url":"https:\/\/patagoniambiental.com.ar\/info\/proteccion-de-los-ecosistemas-acuaticos-ambiente-prepara-el-puesto-de-bioseguridad-para-evitar-la-propagacion-del-alga-didymo\/","name":"Protecci\u00f3n de los ecosistemas acu\u00e1ticos: Ambiente prepara el puesto de bioseguridad para evitar la propagaci\u00f3n del alga didymo","isPartOf":{"@id":"https:\/\/patagoniambiental.com.ar\/info\/#website"},"primaryImageOfPage":{"@id":"https:\/\/patagoniambiental.com.ar\/info\/proteccion-de-los-ecosistemas-acuaticos-ambiente-prepara-el-puesto-de-bioseguridad-para-evitar-la-propagacion-del-alga-didymo\/#primaryimage"},"image":{"@id":"https:\/\/patagoniambiental.com.ar\/info\/proteccion-de-los-ecosistemas-acuaticos-ambiente-prepara-el-puesto-de-bioseguridad-para-evitar-la-propagacion-del-alga-didymo\/#primaryimage"},"thumbnailUrl":"https:\/\/patagoniambiental.com.ar\/info\/wp-content\/uploads\/2017\/10\/00031300.jpg","datePublished":"2017-10-24T22:00:11+00:00","breadcrumb":{"@id":"https:\/\/patagoniambiental.com.ar\/info\/proteccion-de-los-ecosistemas-acuaticos-ambiente-prepara-el-puesto-de-bioseguridad-para-evitar-la-propagacion-del-alga-didymo\/#breadcrumb"},"inLanguage":"es","potentialAction":[{"@type":"ReadAction","target":["https:\/\/patagoniambiental.com.ar\/info\/proteccion-de-los-ecosistemas-acuaticos-ambiente-prepara-el-puesto-de-bioseguridad-para-evitar-la-propagacion-del-alga-didymo\/"]}]},{"@type":"ImageObject","inLanguage":"es","@id":"https:\/\/patagoniambiental.com.ar\/info\/proteccion-de-los-ecosistemas-acuaticos-ambiente-prepara-el-puesto-de-bioseguridad-para-evitar-la-propagacion-del-alga-didymo\/#primaryimage","url":"https:\/\/patagoniambiental.com.ar\/info\/wp-content\/uploads\/2017\/10\/00031300.jpg","contentUrl":"https:\/\/patagoniambiental.com.ar\/info\/wp-content\/uploads\/2017\/10\/00031300.jpg","width":900,"height":600},{"@type":"BreadcrumbList","@id":"https:\/\/patagoniambiental.com.ar\/info\/proteccion-de-los-ecosistemas-acuaticos-ambiente-prepara-el-puesto-de-bioseguridad-para-evitar-la-propagacion-del-alga-didymo\/#breadcrumb","itemListElement":[{"@type":"ListItem","position":1,"name":"Inicio","item":"https:\/\/patagoniambiental.com.ar\/info\/"},{"@type":"ListItem","position":2,"name":"Protecci\u00f3n de los ecosistemas acu\u00e1ticos: Ambiente prepara el puesto de bioseguridad para evitar la propagaci\u00f3n del alga didymo"}]},{"@type":"WebSite","@id":"https:\/\/patagoniambiental.com.ar\/info\/#website","url":"https:\/\/patagoniambiental.com.ar\/info\/","name":"Patagonia Ambiental","description":"Monitoreo y an\u00e1lisis de la situaci\u00f3n geopol\u00edtica en el mundo y su implicancia en la Patagonia","publisher":{"@id":"https:\/\/patagoniambiental.com.ar\/info\/#organization"},"potentialAction":[{"@type":"SearchAction","target":{"@type":"EntryPoint","urlTemplate":"https:\/\/patagoniambiental.com.ar\/info\/?s={search_term_string}"},"query-input":{"@type":"PropertyValueSpecification","valueRequired":true,"valueName":"search_term_string"}}],"inLanguage":"es"},{"@type":"Organization","@id":"https:\/\/patagoniambiental.com.ar\/info\/#organization","name":"Patagonia Ambiental","url":"https:\/\/patagoniambiental.com.ar\/info\/","logo":{"@type":"ImageObject","inLanguage":"es","@id":"https:\/\/patagoniambiental.com.ar\/info\/#\/schema\/logo\/image\/","url":"https:\/\/patagoniambiental.com.ar\/info\/wp-content\/uploads\/2025\/05\/LOGO-PATAGONIA-AMBIENTAL.png","contentUrl":"https:\/\/patagoniambiental.com.ar\/info\/wp-content\/uploads\/2025\/05\/LOGO-PATAGONIA-AMBIENTAL.png","width":433,"height":250,"caption":"Patagonia Ambiental"},"image":{"@id":"https:\/\/patagoniambiental.com.ar\/info\/#\/schema\/logo\/image\/"},"sameAs":["https:\/\/www.facebook.com\/patagonia.ambiental","https:\/\/x.com\/PatAmb"]},{"@type":"Person","@id":"https:\/\/patagoniambiental.com.ar\/info\/#\/schema\/person\/db12bff64bbcbf6a253710bf0ea37b5d","name":"Patagonia Ambiental","description":"Andr\u00e9s Nievas T\u00e9cnico en manejo ambiental, consultor Ambiental y escritor para medios locales e internacionales sobre temas de geopolitica y medio ambiente.","sameAs":["http:\/\/www.patagoniambiental.com.ar","https:\/\/www.facebook.com\/share\/1C1V8Gv9BX\/?mibextid=qi2Omg","@patagoniambiental","https:\/\/youtube.com\/@patagoniaambiental2023?si=BLt58t0wuXquxlYZ"]}]}},"_links":{"self":[{"href":"https:\/\/patagoniambiental.com.ar\/info\/wp-json\/wp\/v2\/posts\/37015","targetHints":{"allow":["GET"]}}],"collection":[{"href":"https:\/\/patagoniambiental.com.ar\/info\/wp-json\/wp\/v2\/posts"}],"about":[{"href":"https:\/\/patagoniambiental.com.ar\/info\/wp-json\/wp\/v2\/types\/post"}],"author":[{"embeddable":true,"href":"https:\/\/patagoniambiental.com.ar\/info\/wp-json\/wp\/v2\/users\/2"}],"replies":[{"embeddable":true,"href":"https:\/\/patagoniambiental.com.ar\/info\/wp-json\/wp\/v2\/comments?post=37015"}],"version-history":[{"count":0,"href":"https:\/\/patagoniambiental.com.ar\/info\/wp-json\/wp\/v2\/posts\/37015\/revisions"}],"wp:featuredmedia":[{"embeddable":true,"href":"https:\/\/patagoniambiental.com.ar\/info\/wp-json\/wp\/v2\/media\/37016"}],"wp:attachment":[{"href":"https:\/\/patagoniambiental.com.ar\/info\/wp-json\/wp\/v2\/media?parent=37015"}],"wp:term":[{"taxonomy":"category","embeddable":true,"href":"https:\/\/patagoniambiental.com.ar\/info\/wp-json\/wp\/v2\/categories?post=37015"},{"taxonomy":"post_tag","embeddable":true,"href":"https:\/\/patagoniambiental.com.ar\/info\/wp-json\/wp\/v2\/tags?post=37015"}],"curies":[{"name":"wp","href":"https:\/\/api.w.org\/{rel}","templated":true}]}}