{"id":37022,"date":"2017-10-24T19:00:58","date_gmt":"2017-10-24T22:00:58","guid":{"rendered":"http:\/\/patagoniambiental.com.ar\/info\/?p=37022"},"modified":"2017-10-24T12:40:47","modified_gmt":"2017-10-24T15:40:47","slug":"una-argentina-que-trabaja-en-la-nasa-sobrevolara-durante-un-mes-la-antartida","status":"publish","type":"post","link":"https:\/\/patagoniambiental.com.ar\/info\/una-argentina-que-trabaja-en-la-nasa-sobrevolara-durante-un-mes-la-antartida\/","title":{"rendered":"Una argentina que trabaja en la NASA sobrevolar\u00e1 durante un mes la Ant\u00e1rtida"},"content":{"rendered":"<div class=\"td-post-header\"><\/div>\n<div class=\"td-post-sharing td-post-sharing-top \"><\/div>\n<div class=\"td-post-content\">\n<div>Ant\u00e1rtida.-Una argentina que trabaja en la NASA desde el a\u00f1o 2009 sobrevolar\u00e1 durante un mes la Ant\u00e1rtida para monitorear el comportamiento del hielo.<\/div>\n<div><!--more--><\/div>\n<div><\/div>\n<div class=\"td-post-featured-image\"><a class=\"td-modal-image\" href=\"https:\/\/i1.wp.com\/www.laarena.com.ar\/__uP_Load_\/2017\/10\/cxaovzcwqaa0nlld2bf4ecf.jpg?fit=700%2C492\" data-caption=\"\"><img fetchpriority=\"high\" decoding=\"async\" class=\"entry-thumb\" title=\"cxaovzcwqaa0nll\" src=\"https:\/\/i1.wp.com\/www.laarena.com.ar\/__uP_Load_\/2017\/10\/cxaovzcwqaa0nlld2bf4ecf.jpg?resize=696%2C489\" sizes=\"(max-width: 696px) 100vw, 696px\" srcset=\"https:\/\/i1.wp.com\/www.laarena.com.ar\/__uP_Load_\/2017\/10\/cxaovzcwqaa0nlld2bf4ecf.jpg?w=700 700w, https:\/\/i1.wp.com\/www.laarena.com.ar\/__uP_Load_\/2017\/10\/cxaovzcwqaa0nlld2bf4ecf.jpg?resize=250%2C176 250w, https:\/\/i1.wp.com\/www.laarena.com.ar\/__uP_Load_\/2017\/10\/cxaovzcwqaa0nlld2bf4ecf.jpg?resize=768%2C539 768w, https:\/\/i1.wp.com\/www.laarena.com.ar\/__uP_Load_\/2017\/10\/cxaovzcwqaa0nlld2bf4ecf.jpg?resize=356%2C250 356w, https:\/\/i1.wp.com\/www.laarena.com.ar\/__uP_Load_\/2017\/10\/cxaovzcwqaa0nlld2bf4ecf.jpg?resize=100%2C70 100w, https:\/\/i1.wp.com\/www.laarena.com.ar\/__uP_Load_\/2017\/10\/cxaovzcwqaa0nlld2bf4ecf.jpg?resize=696%2C489 696w\" alt=\"\" width=\"696\" height=\"489\" \/><\/a><\/div>\n<div class=\"td-g-rec td-g-rec-id-content_top \"><\/div>\n<p>Eugenia De Marco es gerente adjunta del proyecto que lleva adelante la misi\u00f3n denominada \u00a8IceBridge\u00a8 y que desde esta semana comenzar\u00e1 a sobrevolar los hielos ant\u00e1rticos para observar el comportamiento de estos.<br \/>\n\u201cVamos a estar un mes y la idea es viajar cuatro o cinco veces por semana. Los cambios que hay en la pen\u00ednsula es lo que m\u00e1s se monitorea. Por ejemplo, el cambio en el hielo que se derrite, y m\u00e1s que nada se ve c\u00f3mo se comporta\u201d, cont\u00f3 en di\u00e1logo con NA.<br \/>\nAdem\u00e1s, explic\u00f3 que si el clima lo permite, \u201cvamos a volar por Larsen C y es posible que veamos la barrera rota\u201d.<br \/>\nLa barrera de hielo Larsen C era un t\u00e9mpano de una superficie aproximada de 6.500 kil\u00f3metros cuadrados que se desprendi\u00f3 de la Ant\u00e1rtida en julio pasado.<br \/>\n\u201cEn cuanto a los efectos de esta barrera rota, no se sabe todav\u00eda pero es un punto de preocupaci\u00f3n. Hay varios cient\u00edficos de diferentes partes del mundo que est\u00e1n pendientes para ver qu\u00e9 pasa\u201d, coment\u00f3.<br \/>\nSeg\u00fan De Marco, depender\u00e1 del clima si los vuelos, que duran alrededor de 9 horas y media, comenzar\u00e1n esta semana partiendo desde Ushuaia.<br \/>\nEl sobrevuelo que se har\u00e1 por el continente blanco hasta el pr\u00f3ximo 27 de noviembre, tambi\u00e9n se realiza en Groenlandia.<br \/>\n\u201cIceBridge fue desarrollado para monitorear temporariamente los polos porque ten\u00edamos un sat\u00e9lite que los monitoreaba pero que su misi\u00f3n termin\u00f3 en 2009. Entonces cuando estaba terminando la misi\u00f3n de ese sat\u00e9lite, la NASA lanz\u00f3 este proyecto que vuela varias veces al a\u00f1o en Groenlandia y en la Ant\u00e1rtida para ver c\u00f3mo se van produciendo los cambios\u201d, explic\u00f3.<br \/>\nDe Marco, quien se sum\u00f3 a la misi\u00f3n este a\u00f1o, cont\u00f3 que con los datos relevados crean un mapa tres dimensiones que caracteriza la geograf\u00eda del hielo y del continente.<br \/>\n\u201cMientras no haya sat\u00e9lite, el objetivo de los vuelos es el mismo que el de los sat\u00e9lites, que es monitorear c\u00f3mo cambian los polos y hacer una correlaci\u00f3n para ver c\u00f3mo pueden afectar otra parte del mundo\u201d, remarc\u00f3.<br \/>\nLa profesional a cargo de la misi\u00f3n destac\u00f3 que est\u00e1n hablando con cient\u00edficos argentinos que tambi\u00e9n est\u00e1n analizando el comportamiento del hielo en la Ant\u00e1rtida.<br \/>\n\u201cSer\u00eda bueno armar una cooperaci\u00f3n con ellos porque muchos est\u00e1n trabajando en lo mismo que nosotros\u201d, coment\u00f3.<br \/>\nDe profesi\u00f3n ingeniera mec\u00e1nica, De Marco que hasta los 10 a\u00f1os vivi\u00f3 en la localidad bonaerense de Villa Ballester, se recibi\u00f3 en la Universidad Internacional de Florida, en Miami.<br \/>\n\u201cNo me imaginaba, pero era mi sue\u00f1o trabajar en la NASA. Me fascinaba todo lo que era el espacio, el desarrollo y la exploraci\u00f3n. Y en NASA te dejan usar tu curiosidad para investigar y descubrir cosas, para ver c\u00f3mo funcionan. Para m\u00ed es fascinante\u201d, se\u00f1al\u00f3.<br \/>\nA la NASA, entr\u00f3 en 2009 cuando estaba por terminar sus estudios y comenz\u00f3 con un contrato de tres meses: \u201cEra estudiante y se me acababa el trabajo que estaba haciendo en ese momento y un d\u00eda un colega de mi jefe me dijo que atendiera un llamado que me iban a ofrecer trabajo por tres meses\u201d.<br \/>\nAdem\u00e1s de participar en el proyecto \u201cIceBridge\u201d, es dise\u00f1adora mec\u00e1nica de un equipo que desarrolla un sat\u00e9lite para estudios astrof\u00edsicos. (NA)<\/p>\n<\/div>\n<p>Fuente: Diario La Arena<\/p>\n","protected":false},"excerpt":{"rendered":"<p>Ant\u00e1rtida.-Una argentina que trabaja en la NASA desde el a\u00f1o 2009 sobrevolar\u00e1 durante un mes la Ant\u00e1rtida para monitorear el [&hellip;]<\/p>\n","protected":false},"author":2,"featured_media":37023,"comment_status":"open","ping_status":"open","sticky":false,"template":"","format":"standard","meta":{"site-sidebar-layout":"default","site-content-layout":"","ast-site-content-layout":"default","site-content-style":"default","site-sidebar-style":"default","ast-global-header-display":"","ast-banner-title-visibility":"","ast-main-header-display":"","ast-hfb-above-header-display":"","ast-hfb-below-header-display":"","ast-hfb-mobile-header-display":"","site-post-title":"","ast-breadcrumbs-content":"","ast-featured-img":"","footer-sml-layout":"","ast-disable-related-posts":"","theme-transparent-header-meta":"","adv-header-id-meta":"","stick-header-meta":"","header-above-stick-meta":"","header-main-stick-meta":"","header-below-stick-meta":"","astra-migrate-meta-layouts":"default","ast-page-background-enabled":"default","ast-page-background-meta":{"desktop":{"background-color":"var(--ast-global-color-5)","background-image":"","background-repeat":"repeat","background-position":"center center","background-size":"auto","background-attachment":"scroll","background-type":"","background-media":"","overlay-type":"","overlay-color":"","overlay-opacity":"","overlay-gradient":""},"tablet":{"background-color":"","background-image":"","background-repeat":"repeat","background-position":"center center","background-size":"auto","background-attachment":"scroll","background-type":"","background-media":"","overlay-type":"","overlay-color":"","overlay-opacity":"","overlay-gradient":""},"mobile":{"background-color":"","background-image":"","background-repeat":"repeat","background-position":"center center","background-size":"auto","background-attachment":"scroll","background-type":"","background-media":"","overlay-type":"","overlay-color":"","overlay-opacity":"","overlay-gradient":""}},"ast-content-background-meta":{"desktop":{"background-color":"var(--ast-global-color-4)","background-image":"","background-repeat":"repeat","background-position":"center center","background-size":"auto","background-attachment":"scroll","background-type":"","background-media":"","overlay-type":"","overlay-color":"","overlay-opacity":"","overlay-gradient":""},"tablet":{"background-color":"var(--ast-global-color-4)","background-image":"","background-repeat":"repeat","background-position":"center center","background-size":"auto","background-attachment":"scroll","background-type":"","background-media":"","overlay-type":"","overlay-color":"","overlay-opacity":"","overlay-gradient":""},"mobile":{"background-color":"var(--ast-global-color-4)","background-image":"","background-repeat":"repeat","background-position":"center center","background-size":"auto","background-attachment":"scroll","background-type":"","background-media":"","overlay-type":"","overlay-color":"","overlay-opacity":"","overlay-gradient":""}},"footnotes":""},"categories":[23,1],"tags":[],"class_list":["post-37022","post","type-post","status-publish","format-standard","has-post-thumbnail","hentry","category-internacionales","category-noticias"],"yoast_head":"<!-- This site is optimized with the Yoast SEO Premium plugin v23.0 (Yoast SEO v27.4) - https:\/\/yoast.com\/product\/yoast-seo-premium-wordpress\/ -->\n<title>Una argentina que trabaja en la NASA sobrevolar\u00e1 durante un mes la Ant\u00e1rtida<\/title>\n<meta name=\"robots\" content=\"index, follow, max-snippet:-1, max-image-preview:large, max-video-preview:-1\" \/>\n<link rel=\"canonical\" href=\"https:\/\/patagoniambiental.com.ar\/info\/una-argentina-que-trabaja-en-la-nasa-sobrevolara-durante-un-mes-la-antartida\/\" \/>\n<meta property=\"og:locale\" content=\"es_ES\" \/>\n<meta property=\"og:type\" content=\"article\" \/>\n<meta property=\"og:title\" content=\"Una argentina que trabaja en la NASA sobrevolar\u00e1 durante un mes la Ant\u00e1rtida\" \/>\n<meta property=\"og:description\" content=\"Ant\u00e1rtida.-Una argentina que trabaja en la NASA desde el a\u00f1o 2009 sobrevolar\u00e1 durante un mes la Ant\u00e1rtida para monitorear el [&hellip;]\" \/>\n<meta property=\"og:url\" content=\"https:\/\/patagoniambiental.com.ar\/info\/una-argentina-que-trabaja-en-la-nasa-sobrevolara-durante-un-mes-la-antartida\/\" \/>\n<meta property=\"og:site_name\" content=\"Patagonia Ambiental\" \/>\n<meta property=\"article:publisher\" content=\"https:\/\/www.facebook.com\/patagonia.ambiental\" \/>\n<meta property=\"article:author\" content=\"https:\/\/www.facebook.com\/share\/1C1V8Gv9BX\/?mibextid=qi2Omg\" \/>\n<meta property=\"article:published_time\" content=\"2017-10-24T22:00:58+00:00\" \/>\n<meta property=\"og:image\" content=\"https:\/\/patagoniambiental.com.ar\/info\/wp-content\/uploads\/2017\/10\/cxaovzcwqaa0nlld2bf4ecf.jpg\" \/>\n\t<meta property=\"og:image:width\" content=\"696\" \/>\n\t<meta property=\"og:image:height\" content=\"489\" \/>\n\t<meta property=\"og:image:type\" content=\"image\/jpeg\" \/>\n<meta name=\"author\" content=\"Patagonia Ambiental\" \/>\n<meta name=\"twitter:card\" content=\"summary_large_image\" \/>\n<meta name=\"twitter:creator\" content=\"@PatAmb\" \/>\n<meta name=\"twitter:site\" content=\"@PatAmb\" \/>\n<script type=\"application\/ld+json\" class=\"yoast-schema-graph\">{\"@context\":\"https:\\\/\\\/schema.org\",\"@graph\":[{\"@type\":\"Article\",\"@id\":\"https:\\\/\\\/patagoniambiental.com.ar\\\/info\\\/una-argentina-que-trabaja-en-la-nasa-sobrevolara-durante-un-mes-la-antartida\\\/#article\",\"isPartOf\":{\"@id\":\"https:\\\/\\\/patagoniambiental.com.ar\\\/info\\\/una-argentina-que-trabaja-en-la-nasa-sobrevolara-durante-un-mes-la-antartida\\\/\"},\"author\":{\"name\":\"Patagonia Ambiental\",\"@id\":\"https:\\\/\\\/patagoniambiental.com.ar\\\/info\\\/#\\\/schema\\\/person\\\/db12bff64bbcbf6a253710bf0ea37b5d\"},\"headline\":\"Una argentina que trabaja en la NASA sobrevolar\u00e1 durante un mes la Ant\u00e1rtida\",\"datePublished\":\"2017-10-24T22:00:58+00:00\",\"mainEntityOfPage\":{\"@id\":\"https:\\\/\\\/patagoniambiental.com.ar\\\/info\\\/una-argentina-que-trabaja-en-la-nasa-sobrevolara-durante-un-mes-la-antartida\\\/\"},\"wordCount\":626,\"commentCount\":0,\"publisher\":{\"@id\":\"https:\\\/\\\/patagoniambiental.com.ar\\\/info\\\/#organization\"},\"image\":{\"@id\":\"https:\\\/\\\/patagoniambiental.com.ar\\\/info\\\/una-argentina-que-trabaja-en-la-nasa-sobrevolara-durante-un-mes-la-antartida\\\/#primaryimage\"},\"thumbnailUrl\":\"https:\\\/\\\/patagoniambiental.com.ar\\\/info\\\/wp-content\\\/uploads\\\/2017\\\/10\\\/cxaovzcwqaa0nlld2bf4ecf.jpg\",\"articleSection\":[\"Internacionales\",\"Noticias\"],\"inLanguage\":\"es\",\"potentialAction\":[{\"@type\":\"CommentAction\",\"name\":\"Comment\",\"target\":[\"https:\\\/\\\/patagoniambiental.com.ar\\\/info\\\/una-argentina-que-trabaja-en-la-nasa-sobrevolara-durante-un-mes-la-antartida\\\/#respond\"]}]},{\"@type\":\"WebPage\",\"@id\":\"https:\\\/\\\/patagoniambiental.com.ar\\\/info\\\/una-argentina-que-trabaja-en-la-nasa-sobrevolara-durante-un-mes-la-antartida\\\/\",\"url\":\"https:\\\/\\\/patagoniambiental.com.ar\\\/info\\\/una-argentina-que-trabaja-en-la-nasa-sobrevolara-durante-un-mes-la-antartida\\\/\",\"name\":\"Una argentina que trabaja en la NASA sobrevolar\u00e1 durante un mes la Ant\u00e1rtida\",\"isPartOf\":{\"@id\":\"https:\\\/\\\/patagoniambiental.com.ar\\\/info\\\/#website\"},\"primaryImageOfPage\":{\"@id\":\"https:\\\/\\\/patagoniambiental.com.ar\\\/info\\\/una-argentina-que-trabaja-en-la-nasa-sobrevolara-durante-un-mes-la-antartida\\\/#primaryimage\"},\"image\":{\"@id\":\"https:\\\/\\\/patagoniambiental.com.ar\\\/info\\\/una-argentina-que-trabaja-en-la-nasa-sobrevolara-durante-un-mes-la-antartida\\\/#primaryimage\"},\"thumbnailUrl\":\"https:\\\/\\\/patagoniambiental.com.ar\\\/info\\\/wp-content\\\/uploads\\\/2017\\\/10\\\/cxaovzcwqaa0nlld2bf4ecf.jpg\",\"datePublished\":\"2017-10-24T22:00:58+00:00\",\"breadcrumb\":{\"@id\":\"https:\\\/\\\/patagoniambiental.com.ar\\\/info\\\/una-argentina-que-trabaja-en-la-nasa-sobrevolara-durante-un-mes-la-antartida\\\/#breadcrumb\"},\"inLanguage\":\"es\",\"potentialAction\":[{\"@type\":\"ReadAction\",\"target\":[\"https:\\\/\\\/patagoniambiental.com.ar\\\/info\\\/una-argentina-que-trabaja-en-la-nasa-sobrevolara-durante-un-mes-la-antartida\\\/\"]}]},{\"@type\":\"ImageObject\",\"inLanguage\":\"es\",\"@id\":\"https:\\\/\\\/patagoniambiental.com.ar\\\/info\\\/una-argentina-que-trabaja-en-la-nasa-sobrevolara-durante-un-mes-la-antartida\\\/#primaryimage\",\"url\":\"https:\\\/\\\/patagoniambiental.com.ar\\\/info\\\/wp-content\\\/uploads\\\/2017\\\/10\\\/cxaovzcwqaa0nlld2bf4ecf.jpg\",\"contentUrl\":\"https:\\\/\\\/patagoniambiental.com.ar\\\/info\\\/wp-content\\\/uploads\\\/2017\\\/10\\\/cxaovzcwqaa0nlld2bf4ecf.jpg\",\"width\":696,\"height\":489},{\"@type\":\"BreadcrumbList\",\"@id\":\"https:\\\/\\\/patagoniambiental.com.ar\\\/info\\\/una-argentina-que-trabaja-en-la-nasa-sobrevolara-durante-un-mes-la-antartida\\\/#breadcrumb\",\"itemListElement\":[{\"@type\":\"ListItem\",\"position\":1,\"name\":\"Inicio\",\"item\":\"https:\\\/\\\/patagoniambiental.com.ar\\\/info\\\/\"},{\"@type\":\"ListItem\",\"position\":2,\"name\":\"Una argentina que trabaja en la NASA sobrevolar\u00e1 durante un mes la Ant\u00e1rtida\"}]},{\"@type\":\"WebSite\",\"@id\":\"https:\\\/\\\/patagoniambiental.com.ar\\\/info\\\/#website\",\"url\":\"https:\\\/\\\/patagoniambiental.com.ar\\\/info\\\/\",\"name\":\"Patagonia Ambiental\",\"description\":\"Monitoreo y an\u00e1lisis de la situaci\u00f3n geopol\u00edtica en el mundo y su implicancia en la Patagonia\",\"publisher\":{\"@id\":\"https:\\\/\\\/patagoniambiental.com.ar\\\/info\\\/#organization\"},\"potentialAction\":[{\"@type\":\"SearchAction\",\"target\":{\"@type\":\"EntryPoint\",\"urlTemplate\":\"https:\\\/\\\/patagoniambiental.com.ar\\\/info\\\/?s={search_term_string}\"},\"query-input\":{\"@type\":\"PropertyValueSpecification\",\"valueRequired\":true,\"valueName\":\"search_term_string\"}}],\"inLanguage\":\"es\"},{\"@type\":\"Organization\",\"@id\":\"https:\\\/\\\/patagoniambiental.com.ar\\\/info\\\/#organization\",\"name\":\"Patagonia Ambiental\",\"url\":\"https:\\\/\\\/patagoniambiental.com.ar\\\/info\\\/\",\"logo\":{\"@type\":\"ImageObject\",\"inLanguage\":\"es\",\"@id\":\"https:\\\/\\\/patagoniambiental.com.ar\\\/info\\\/#\\\/schema\\\/logo\\\/image\\\/\",\"url\":\"https:\\\/\\\/patagoniambiental.com.ar\\\/info\\\/wp-content\\\/uploads\\\/2025\\\/05\\\/LOGO-PATAGONIA-AMBIENTAL.png\",\"contentUrl\":\"https:\\\/\\\/patagoniambiental.com.ar\\\/info\\\/wp-content\\\/uploads\\\/2025\\\/05\\\/LOGO-PATAGONIA-AMBIENTAL.png\",\"width\":433,\"height\":250,\"caption\":\"Patagonia Ambiental\"},\"image\":{\"@id\":\"https:\\\/\\\/patagoniambiental.com.ar\\\/info\\\/#\\\/schema\\\/logo\\\/image\\\/\"},\"sameAs\":[\"https:\\\/\\\/www.facebook.com\\\/patagonia.ambiental\",\"https:\\\/\\\/x.com\\\/PatAmb\"]},{\"@type\":\"Person\",\"@id\":\"https:\\\/\\\/patagoniambiental.com.ar\\\/info\\\/#\\\/schema\\\/person\\\/db12bff64bbcbf6a253710bf0ea37b5d\",\"name\":\"Patagonia Ambiental\",\"description\":\"Andr\u00e9s Nievas T\u00e9cnico en manejo ambiental, consultor Ambiental y escritor para medios locales e internacionales sobre temas de geopolitica y medio ambiente.\",\"sameAs\":[\"http:\\\/\\\/www.patagoniambiental.com.ar\",\"https:\\\/\\\/www.facebook.com\\\/share\\\/1C1V8Gv9BX\\\/?mibextid=qi2Omg\",\"@patagoniambiental\",\"https:\\\/\\\/youtube.com\\\/@patagoniaambiental2023?si=BLt58t0wuXquxlYZ\"]}]}<\/script>\n<!-- \/ Yoast SEO Premium plugin. -->","yoast_head_json":{"title":"Una argentina que trabaja en la NASA sobrevolar\u00e1 durante un mes la Ant\u00e1rtida","robots":{"index":"index","follow":"follow","max-snippet":"max-snippet:-1","max-image-preview":"max-image-preview:large","max-video-preview":"max-video-preview:-1"},"canonical":"https:\/\/patagoniambiental.com.ar\/info\/una-argentina-que-trabaja-en-la-nasa-sobrevolara-durante-un-mes-la-antartida\/","og_locale":"es_ES","og_type":"article","og_title":"Una argentina que trabaja en la NASA sobrevolar\u00e1 durante un mes la Ant\u00e1rtida","og_description":"Ant\u00e1rtida.-Una argentina que trabaja en la NASA desde el a\u00f1o 2009 sobrevolar\u00e1 durante un mes la Ant\u00e1rtida para monitorear el [&hellip;]","og_url":"https:\/\/patagoniambiental.com.ar\/info\/una-argentina-que-trabaja-en-la-nasa-sobrevolara-durante-un-mes-la-antartida\/","og_site_name":"Patagonia Ambiental","article_publisher":"https:\/\/www.facebook.com\/patagonia.ambiental","article_author":"https:\/\/www.facebook.com\/share\/1C1V8Gv9BX\/?mibextid=qi2Omg","article_published_time":"2017-10-24T22:00:58+00:00","og_image":[{"width":696,"height":489,"url":"https:\/\/patagoniambiental.com.ar\/info\/wp-content\/uploads\/2017\/10\/cxaovzcwqaa0nlld2bf4ecf.jpg","type":"image\/jpeg"}],"author":"Patagonia Ambiental","twitter_card":"summary_large_image","twitter_creator":"@PatAmb","twitter_site":"@PatAmb","schema":{"@context":"https:\/\/schema.org","@graph":[{"@type":"Article","@id":"https:\/\/patagoniambiental.com.ar\/info\/una-argentina-que-trabaja-en-la-nasa-sobrevolara-durante-un-mes-la-antartida\/#article","isPartOf":{"@id":"https:\/\/patagoniambiental.com.ar\/info\/una-argentina-que-trabaja-en-la-nasa-sobrevolara-durante-un-mes-la-antartida\/"},"author":{"name":"Patagonia Ambiental","@id":"https:\/\/patagoniambiental.com.ar\/info\/#\/schema\/person\/db12bff64bbcbf6a253710bf0ea37b5d"},"headline":"Una argentina que trabaja en la NASA sobrevolar\u00e1 durante un mes la Ant\u00e1rtida","datePublished":"2017-10-24T22:00:58+00:00","mainEntityOfPage":{"@id":"https:\/\/patagoniambiental.com.ar\/info\/una-argentina-que-trabaja-en-la-nasa-sobrevolara-durante-un-mes-la-antartida\/"},"wordCount":626,"commentCount":0,"publisher":{"@id":"https:\/\/patagoniambiental.com.ar\/info\/#organization"},"image":{"@id":"https:\/\/patagoniambiental.com.ar\/info\/una-argentina-que-trabaja-en-la-nasa-sobrevolara-durante-un-mes-la-antartida\/#primaryimage"},"thumbnailUrl":"https:\/\/patagoniambiental.com.ar\/info\/wp-content\/uploads\/2017\/10\/cxaovzcwqaa0nlld2bf4ecf.jpg","articleSection":["Internacionales","Noticias"],"inLanguage":"es","potentialAction":[{"@type":"CommentAction","name":"Comment","target":["https:\/\/patagoniambiental.com.ar\/info\/una-argentina-que-trabaja-en-la-nasa-sobrevolara-durante-un-mes-la-antartida\/#respond"]}]},{"@type":"WebPage","@id":"https:\/\/patagoniambiental.com.ar\/info\/una-argentina-que-trabaja-en-la-nasa-sobrevolara-durante-un-mes-la-antartida\/","url":"https:\/\/patagoniambiental.com.ar\/info\/una-argentina-que-trabaja-en-la-nasa-sobrevolara-durante-un-mes-la-antartida\/","name":"Una argentina que trabaja en la NASA sobrevolar\u00e1 durante un mes la Ant\u00e1rtida","isPartOf":{"@id":"https:\/\/patagoniambiental.com.ar\/info\/#website"},"primaryImageOfPage":{"@id":"https:\/\/patagoniambiental.com.ar\/info\/una-argentina-que-trabaja-en-la-nasa-sobrevolara-durante-un-mes-la-antartida\/#primaryimage"},"image":{"@id":"https:\/\/patagoniambiental.com.ar\/info\/una-argentina-que-trabaja-en-la-nasa-sobrevolara-durante-un-mes-la-antartida\/#primaryimage"},"thumbnailUrl":"https:\/\/patagoniambiental.com.ar\/info\/wp-content\/uploads\/2017\/10\/cxaovzcwqaa0nlld2bf4ecf.jpg","datePublished":"2017-10-24T22:00:58+00:00","breadcrumb":{"@id":"https:\/\/patagoniambiental.com.ar\/info\/una-argentina-que-trabaja-en-la-nasa-sobrevolara-durante-un-mes-la-antartida\/#breadcrumb"},"inLanguage":"es","potentialAction":[{"@type":"ReadAction","target":["https:\/\/patagoniambiental.com.ar\/info\/una-argentina-que-trabaja-en-la-nasa-sobrevolara-durante-un-mes-la-antartida\/"]}]},{"@type":"ImageObject","inLanguage":"es","@id":"https:\/\/patagoniambiental.com.ar\/info\/una-argentina-que-trabaja-en-la-nasa-sobrevolara-durante-un-mes-la-antartida\/#primaryimage","url":"https:\/\/patagoniambiental.com.ar\/info\/wp-content\/uploads\/2017\/10\/cxaovzcwqaa0nlld2bf4ecf.jpg","contentUrl":"https:\/\/patagoniambiental.com.ar\/info\/wp-content\/uploads\/2017\/10\/cxaovzcwqaa0nlld2bf4ecf.jpg","width":696,"height":489},{"@type":"BreadcrumbList","@id":"https:\/\/patagoniambiental.com.ar\/info\/una-argentina-que-trabaja-en-la-nasa-sobrevolara-durante-un-mes-la-antartida\/#breadcrumb","itemListElement":[{"@type":"ListItem","position":1,"name":"Inicio","item":"https:\/\/patagoniambiental.com.ar\/info\/"},{"@type":"ListItem","position":2,"name":"Una argentina que trabaja en la NASA sobrevolar\u00e1 durante un mes la Ant\u00e1rtida"}]},{"@type":"WebSite","@id":"https:\/\/patagoniambiental.com.ar\/info\/#website","url":"https:\/\/patagoniambiental.com.ar\/info\/","name":"Patagonia Ambiental","description":"Monitoreo y an\u00e1lisis de la situaci\u00f3n geopol\u00edtica en el mundo y su implicancia en la Patagonia","publisher":{"@id":"https:\/\/patagoniambiental.com.ar\/info\/#organization"},"potentialAction":[{"@type":"SearchAction","target":{"@type":"EntryPoint","urlTemplate":"https:\/\/patagoniambiental.com.ar\/info\/?s={search_term_string}"},"query-input":{"@type":"PropertyValueSpecification","valueRequired":true,"valueName":"search_term_string"}}],"inLanguage":"es"},{"@type":"Organization","@id":"https:\/\/patagoniambiental.com.ar\/info\/#organization","name":"Patagonia Ambiental","url":"https:\/\/patagoniambiental.com.ar\/info\/","logo":{"@type":"ImageObject","inLanguage":"es","@id":"https:\/\/patagoniambiental.com.ar\/info\/#\/schema\/logo\/image\/","url":"https:\/\/patagoniambiental.com.ar\/info\/wp-content\/uploads\/2025\/05\/LOGO-PATAGONIA-AMBIENTAL.png","contentUrl":"https:\/\/patagoniambiental.com.ar\/info\/wp-content\/uploads\/2025\/05\/LOGO-PATAGONIA-AMBIENTAL.png","width":433,"height":250,"caption":"Patagonia Ambiental"},"image":{"@id":"https:\/\/patagoniambiental.com.ar\/info\/#\/schema\/logo\/image\/"},"sameAs":["https:\/\/www.facebook.com\/patagonia.ambiental","https:\/\/x.com\/PatAmb"]},{"@type":"Person","@id":"https:\/\/patagoniambiental.com.ar\/info\/#\/schema\/person\/db12bff64bbcbf6a253710bf0ea37b5d","name":"Patagonia Ambiental","description":"Andr\u00e9s Nievas T\u00e9cnico en manejo ambiental, consultor Ambiental y escritor para medios locales e internacionales sobre temas de geopolitica y medio ambiente.","sameAs":["http:\/\/www.patagoniambiental.com.ar","https:\/\/www.facebook.com\/share\/1C1V8Gv9BX\/?mibextid=qi2Omg","@patagoniambiental","https:\/\/youtube.com\/@patagoniaambiental2023?si=BLt58t0wuXquxlYZ"]}]}},"_links":{"self":[{"href":"https:\/\/patagoniambiental.com.ar\/info\/wp-json\/wp\/v2\/posts\/37022","targetHints":{"allow":["GET"]}}],"collection":[{"href":"https:\/\/patagoniambiental.com.ar\/info\/wp-json\/wp\/v2\/posts"}],"about":[{"href":"https:\/\/patagoniambiental.com.ar\/info\/wp-json\/wp\/v2\/types\/post"}],"author":[{"embeddable":true,"href":"https:\/\/patagoniambiental.com.ar\/info\/wp-json\/wp\/v2\/users\/2"}],"replies":[{"embeddable":true,"href":"https:\/\/patagoniambiental.com.ar\/info\/wp-json\/wp\/v2\/comments?post=37022"}],"version-history":[{"count":0,"href":"https:\/\/patagoniambiental.com.ar\/info\/wp-json\/wp\/v2\/posts\/37022\/revisions"}],"wp:featuredmedia":[{"embeddable":true,"href":"https:\/\/patagoniambiental.com.ar\/info\/wp-json\/wp\/v2\/media\/37023"}],"wp:attachment":[{"href":"https:\/\/patagoniambiental.com.ar\/info\/wp-json\/wp\/v2\/media?parent=37022"}],"wp:term":[{"taxonomy":"category","embeddable":true,"href":"https:\/\/patagoniambiental.com.ar\/info\/wp-json\/wp\/v2\/categories?post=37022"},{"taxonomy":"post_tag","embeddable":true,"href":"https:\/\/patagoniambiental.com.ar\/info\/wp-json\/wp\/v2\/tags?post=37022"}],"curies":[{"name":"wp","href":"https:\/\/api.w.org\/{rel}","templated":true}]}}