{"id":37038,"date":"2017-10-25T09:00:17","date_gmt":"2017-10-25T12:00:17","guid":{"rendered":"http:\/\/patagoniambiental.com.ar\/info\/?p=37038"},"modified":"2017-10-24T20:53:48","modified_gmt":"2017-10-24T23:53:48","slug":"neuquen-aclaracion-del-epas-por-descarga-cloacal-en-barrio-huiliches","status":"publish","type":"post","link":"https:\/\/patagoniambiental.com.ar\/info\/neuquen-aclaracion-del-epas-por-descarga-cloacal-en-barrio-huiliches\/","title":{"rendered":"Neuquen: Aclaraci\u00f3n del Epas por descarga cloacal en barrio Huiliches"},"content":{"rendered":"<p><i>NEUQUEN.- El presidente del organismo precis\u00f3 que se inspeccion\u00f3 el lugar. \u00abEl EPAS no es el responsable de las dos instalaciones denunciadas\u00bb, se\u00f1al\u00f3.<\/i><i><\/i><\/p>\n<p>El presidente del Ente Provincial de Agua y Saneamiento, Mauro Mill\u00e1n, particip\u00f3 hoy de la inspecci\u00f3n realizada cerca de las 13 horas, en las instalaciones de redes cloacales en el barrio Huiliches de la ciudad de Neuqu\u00e9n, luego de la denuncia efectuada esta ma\u00f1ana por la subsecretar\u00eda de Medio Ambiente de la municipalidad.<\/p>\n<p>Finalizada la recorrida Mill\u00e1n se\u00f1al\u00f3: \u201cCon esta inspecci\u00f3n se demuestra que el EPAS no es el responsable de las dos instalaciones denunciadas pero si es importante destacar el trabajo conjunto a fin de detectar estas situaciones para ir subsan\u00e1ndolas y as\u00ed minimizar la afectaci\u00f3n de los cuerpos receptores\u201d.<\/p>\n<p>La inspecci\u00f3n se realiz\u00f3 a pedido de la Defensor\u00eda del Pueblo en forma conjunta con la subsecretar\u00eda de Recursos H\u00eddricos y la subsecretar\u00eda de Medio Ambiente, como consecuencia de la denuncia realizada en distintos medios locales, sobre una supuesta instalaci\u00f3n cloacal propiedad del EPAS, que estar\u00eda conectada y vertiendo efluentes al sistema pluvial, a cargo del municipio.<\/p>\n<p>Como se ha expuesto en reiteradas ocasiones, \u00a0debido a la ausencia de un sistema pluvioaluvional acorde a las caracter\u00edsticas de la ciudad de Neuqu\u00e9n y al bajo mantenimiento con que se atienden los drenajes pluviales urbanos, es que el EPAS debe cooperar forzosamente con la captaci\u00f3n y conducci\u00f3n de los l\u00edquidos de lluvia a trav\u00e9s de las instalaciones cloacales.<\/p>\n<p>En este sentido, en primer lugar se inspeccion\u00f3 uno de los sistemas de seguridad o alivio ubicado en la intersecci\u00f3n de las calles Pinamar y 12 de Septiembre, \u00a0que act\u00faan eventualmente en casos de registrarse precipitaciones, es decir, que se ponen en funcionamiento para derivar el agua de lluvias hacia los pluviales.<\/p>\n<p>Es importante destacar que el l\u00edquido pluvial no deber\u00eda ingresar a las instalaciones cloacales en ning\u00fan caso y que la instalaci\u00f3n arriba mencionada fue activada por \u00faltima vez durante las tormentas que se registraron con anterioridad en la ciudad.\u00a0 En este punto, durante la inspecci\u00f3n las partes acordaron protocolizar con avisos previos lo operaci\u00f3n de estos sistemas de seguridad a trav\u00e9s de v\u00e1lvulas que se ir\u00e1n ubicando en este tipo de instalaciones.<\/p>\n<p>&nbsp;<\/p>\n<p>La inspecci\u00f3n prosigui\u00f3 en el otro punto denunciado por el municipio, en la intersecci\u00f3n de las calles San Mart\u00edn y\u00a0Violeta Parra\u00a0en donde se accedi\u00f3 al desag\u00fce pluvial emplazado sobre esta \u00faltima, y se constat\u00f3 la existencia de una ca\u00f1er\u00eda conectada al drenaje, que por su di\u00e1metro no se condice con la de una red cloacal secundaria sino con una del tipo domiciliaria.<\/p>\n<p>Asimismo se constat\u00f3 que la ca\u00f1er\u00eda en cuesti\u00f3n no corresponde a la red cloacal del EPAS, por lo tanto se tratar\u00eda de una instalaci\u00f3n clandestina raz\u00f3n por la cual el municipio deber\u00eda actuar de manera inmediata con su clausura a fin de preservar los cuerpos receptores.<\/p>\n<p>Fuente: Neuquen Informa<\/p>\n","protected":false},"excerpt":{"rendered":"<p>NEUQUEN.- El presidente del organismo precis\u00f3 que se inspeccion\u00f3 el lugar. \u00abEl EPAS no es el responsable de las dos [&hellip;]<\/p>\n","protected":false},"author":2,"featured_media":37039,"comment_status":"open","ping_status":"open","sticky":false,"template":"","format":"standard","meta":{"site-sidebar-layout":"default","site-content-layout":"","ast-site-content-layout":"default","site-content-style":"default","site-sidebar-style":"default","ast-global-header-display":"","ast-banner-title-visibility":"","ast-main-header-display":"","ast-hfb-above-header-display":"","ast-hfb-below-header-display":"","ast-hfb-mobile-header-display":"","site-post-title":"","ast-breadcrumbs-content":"","ast-featured-img":"","footer-sml-layout":"","ast-disable-related-posts":"","theme-transparent-header-meta":"","adv-header-id-meta":"","stick-header-meta":"","header-above-stick-meta":"","header-main-stick-meta":"","header-below-stick-meta":"","astra-migrate-meta-layouts":"default","ast-page-background-enabled":"default","ast-page-background-meta":{"desktop":{"background-color":"var(--ast-global-color-5)","background-image":"","background-repeat":"repeat","background-position":"center center","background-size":"auto","background-attachment":"scroll","background-type":"","background-media":"","overlay-type":"","overlay-color":"","overlay-opacity":"","overlay-gradient":""},"tablet":{"background-color":"","background-image":"","background-repeat":"repeat","background-position":"center center","background-size":"auto","background-attachment":"scroll","background-type":"","background-media":"","overlay-type":"","overlay-color":"","overlay-opacity":"","overlay-gradient":""},"mobile":{"background-color":"","background-image":"","background-repeat":"repeat","background-position":"center center","background-size":"auto","background-attachment":"scroll","background-type":"","background-media":"","overlay-type":"","overlay-color":"","overlay-opacity":"","overlay-gradient":""}},"ast-content-background-meta":{"desktop":{"background-color":"var(--ast-global-color-4)","background-image":"","background-repeat":"repeat","background-position":"center center","background-size":"auto","background-attachment":"scroll","background-type":"","background-media":"","overlay-type":"","overlay-color":"","overlay-opacity":"","overlay-gradient":""},"tablet":{"background-color":"var(--ast-global-color-4)","background-image":"","background-repeat":"repeat","background-position":"center center","background-size":"auto","background-attachment":"scroll","background-type":"","background-media":"","overlay-type":"","overlay-color":"","overlay-opacity":"","overlay-gradient":""},"mobile":{"background-color":"var(--ast-global-color-4)","background-image":"","background-repeat":"repeat","background-position":"center center","background-size":"auto","background-attachment":"scroll","background-type":"","background-media":"","overlay-type":"","overlay-color":"","overlay-opacity":"","overlay-gradient":""}},"footnotes":""},"categories":[46,1],"tags":[],"class_list":["post-37038","post","type-post","status-publish","format-standard","has-post-thumbnail","hentry","category-municipios","category-noticias"],"yoast_head":"<!-- This site is optimized with the Yoast SEO Premium plugin v23.0 (Yoast SEO v27.5) - https:\/\/yoast.com\/product\/yoast-seo-premium-wordpress\/ -->\n<title>Neuquen: Aclaraci\u00f3n del Epas por descarga cloacal en barrio Huiliches<\/title>\n<meta name=\"robots\" content=\"index, follow, max-snippet:-1, max-image-preview:large, max-video-preview:-1\" \/>\n<link rel=\"canonical\" href=\"https:\/\/patagoniambiental.com.ar\/info\/neuquen-aclaracion-del-epas-por-descarga-cloacal-en-barrio-huiliches\/\" \/>\n<meta property=\"og:locale\" content=\"es_ES\" \/>\n<meta property=\"og:type\" content=\"article\" \/>\n<meta property=\"og:title\" content=\"Neuquen: Aclaraci\u00f3n del Epas por descarga cloacal en barrio Huiliches\" \/>\n<meta property=\"og:description\" content=\"NEUQUEN.- El presidente del organismo precis\u00f3 que se inspeccion\u00f3 el lugar. \u00abEl EPAS no es el responsable de las dos [&hellip;]\" \/>\n<meta property=\"og:url\" content=\"https:\/\/patagoniambiental.com.ar\/info\/neuquen-aclaracion-del-epas-por-descarga-cloacal-en-barrio-huiliches\/\" \/>\n<meta property=\"og:site_name\" content=\"Patagonia Ambiental\" \/>\n<meta property=\"article:publisher\" content=\"https:\/\/www.facebook.com\/patagonia.ambiental\" \/>\n<meta property=\"article:author\" content=\"https:\/\/www.facebook.com\/share\/1C1V8Gv9BX\/?mibextid=qi2Omg\" \/>\n<meta property=\"article:published_time\" content=\"2017-10-25T12:00:17+00:00\" \/>\n<meta property=\"og:image\" content=\"https:\/\/patagoniambiental.com.ar\/info\/wp-content\/uploads\/2017\/10\/mauro-millan.jpg\" \/>\n\t<meta property=\"og:image:width\" content=\"1068\" \/>\n\t<meta property=\"og:image:height\" content=\"605\" \/>\n\t<meta property=\"og:image:type\" content=\"image\/jpeg\" \/>\n<meta name=\"author\" content=\"Patagonia Ambiental\" \/>\n<meta name=\"twitter:card\" content=\"summary_large_image\" \/>\n<meta name=\"twitter:creator\" content=\"@PatAmb\" \/>\n<meta name=\"twitter:site\" content=\"@PatAmb\" \/>\n<script type=\"application\/ld+json\" class=\"yoast-schema-graph\">{\"@context\":\"https:\\\/\\\/schema.org\",\"@graph\":[{\"@type\":\"Article\",\"@id\":\"https:\\\/\\\/patagoniambiental.com.ar\\\/info\\\/neuquen-aclaracion-del-epas-por-descarga-cloacal-en-barrio-huiliches\\\/#article\",\"isPartOf\":{\"@id\":\"https:\\\/\\\/patagoniambiental.com.ar\\\/info\\\/neuquen-aclaracion-del-epas-por-descarga-cloacal-en-barrio-huiliches\\\/\"},\"author\":{\"name\":\"Patagonia Ambiental\",\"@id\":\"https:\\\/\\\/patagoniambiental.com.ar\\\/info\\\/#\\\/schema\\\/person\\\/db12bff64bbcbf6a253710bf0ea37b5d\"},\"headline\":\"Neuquen: Aclaraci\u00f3n del Epas por descarga cloacal en barrio Huiliches\",\"datePublished\":\"2017-10-25T12:00:17+00:00\",\"mainEntityOfPage\":{\"@id\":\"https:\\\/\\\/patagoniambiental.com.ar\\\/info\\\/neuquen-aclaracion-del-epas-por-descarga-cloacal-en-barrio-huiliches\\\/\"},\"wordCount\":537,\"commentCount\":0,\"publisher\":{\"@id\":\"https:\\\/\\\/patagoniambiental.com.ar\\\/info\\\/#organization\"},\"image\":{\"@id\":\"https:\\\/\\\/patagoniambiental.com.ar\\\/info\\\/neuquen-aclaracion-del-epas-por-descarga-cloacal-en-barrio-huiliches\\\/#primaryimage\"},\"thumbnailUrl\":\"https:\\\/\\\/patagoniambiental.com.ar\\\/info\\\/wp-content\\\/uploads\\\/2017\\\/10\\\/mauro-millan.jpg\",\"articleSection\":[\"Municipios\",\"Noticias\"],\"inLanguage\":\"es\",\"potentialAction\":[{\"@type\":\"CommentAction\",\"name\":\"Comment\",\"target\":[\"https:\\\/\\\/patagoniambiental.com.ar\\\/info\\\/neuquen-aclaracion-del-epas-por-descarga-cloacal-en-barrio-huiliches\\\/#respond\"]}]},{\"@type\":\"WebPage\",\"@id\":\"https:\\\/\\\/patagoniambiental.com.ar\\\/info\\\/neuquen-aclaracion-del-epas-por-descarga-cloacal-en-barrio-huiliches\\\/\",\"url\":\"https:\\\/\\\/patagoniambiental.com.ar\\\/info\\\/neuquen-aclaracion-del-epas-por-descarga-cloacal-en-barrio-huiliches\\\/\",\"name\":\"Neuquen: Aclaraci\u00f3n del Epas por descarga cloacal en barrio Huiliches\",\"isPartOf\":{\"@id\":\"https:\\\/\\\/patagoniambiental.com.ar\\\/info\\\/#website\"},\"primaryImageOfPage\":{\"@id\":\"https:\\\/\\\/patagoniambiental.com.ar\\\/info\\\/neuquen-aclaracion-del-epas-por-descarga-cloacal-en-barrio-huiliches\\\/#primaryimage\"},\"image\":{\"@id\":\"https:\\\/\\\/patagoniambiental.com.ar\\\/info\\\/neuquen-aclaracion-del-epas-por-descarga-cloacal-en-barrio-huiliches\\\/#primaryimage\"},\"thumbnailUrl\":\"https:\\\/\\\/patagoniambiental.com.ar\\\/info\\\/wp-content\\\/uploads\\\/2017\\\/10\\\/mauro-millan.jpg\",\"datePublished\":\"2017-10-25T12:00:17+00:00\",\"breadcrumb\":{\"@id\":\"https:\\\/\\\/patagoniambiental.com.ar\\\/info\\\/neuquen-aclaracion-del-epas-por-descarga-cloacal-en-barrio-huiliches\\\/#breadcrumb\"},\"inLanguage\":\"es\",\"potentialAction\":[{\"@type\":\"ReadAction\",\"target\":[\"https:\\\/\\\/patagoniambiental.com.ar\\\/info\\\/neuquen-aclaracion-del-epas-por-descarga-cloacal-en-barrio-huiliches\\\/\"]}]},{\"@type\":\"ImageObject\",\"inLanguage\":\"es\",\"@id\":\"https:\\\/\\\/patagoniambiental.com.ar\\\/info\\\/neuquen-aclaracion-del-epas-por-descarga-cloacal-en-barrio-huiliches\\\/#primaryimage\",\"url\":\"https:\\\/\\\/patagoniambiental.com.ar\\\/info\\\/wp-content\\\/uploads\\\/2017\\\/10\\\/mauro-millan.jpg\",\"contentUrl\":\"https:\\\/\\\/patagoniambiental.com.ar\\\/info\\\/wp-content\\\/uploads\\\/2017\\\/10\\\/mauro-millan.jpg\",\"width\":1059,\"height\":600},{\"@type\":\"BreadcrumbList\",\"@id\":\"https:\\\/\\\/patagoniambiental.com.ar\\\/info\\\/neuquen-aclaracion-del-epas-por-descarga-cloacal-en-barrio-huiliches\\\/#breadcrumb\",\"itemListElement\":[{\"@type\":\"ListItem\",\"position\":1,\"name\":\"Inicio\",\"item\":\"https:\\\/\\\/patagoniambiental.com.ar\\\/info\\\/\"},{\"@type\":\"ListItem\",\"position\":2,\"name\":\"Neuquen: Aclaraci\u00f3n del Epas por descarga cloacal en barrio Huiliches\"}]},{\"@type\":\"WebSite\",\"@id\":\"https:\\\/\\\/patagoniambiental.com.ar\\\/info\\\/#website\",\"url\":\"https:\\\/\\\/patagoniambiental.com.ar\\\/info\\\/\",\"name\":\"Patagonia Ambiental\",\"description\":\"Monitoreo y an\u00e1lisis de la situaci\u00f3n geopol\u00edtica en el mundo y su implicancia en la Patagonia\",\"publisher\":{\"@id\":\"https:\\\/\\\/patagoniambiental.com.ar\\\/info\\\/#organization\"},\"potentialAction\":[{\"@type\":\"SearchAction\",\"target\":{\"@type\":\"EntryPoint\",\"urlTemplate\":\"https:\\\/\\\/patagoniambiental.com.ar\\\/info\\\/?s={search_term_string}\"},\"query-input\":{\"@type\":\"PropertyValueSpecification\",\"valueRequired\":true,\"valueName\":\"search_term_string\"}}],\"inLanguage\":\"es\"},{\"@type\":\"Organization\",\"@id\":\"https:\\\/\\\/patagoniambiental.com.ar\\\/info\\\/#organization\",\"name\":\"Patagonia Ambiental\",\"url\":\"https:\\\/\\\/patagoniambiental.com.ar\\\/info\\\/\",\"logo\":{\"@type\":\"ImageObject\",\"inLanguage\":\"es\",\"@id\":\"https:\\\/\\\/patagoniambiental.com.ar\\\/info\\\/#\\\/schema\\\/logo\\\/image\\\/\",\"url\":\"https:\\\/\\\/patagoniambiental.com.ar\\\/info\\\/wp-content\\\/uploads\\\/2025\\\/05\\\/LOGO-PATAGONIA-AMBIENTAL.png\",\"contentUrl\":\"https:\\\/\\\/patagoniambiental.com.ar\\\/info\\\/wp-content\\\/uploads\\\/2025\\\/05\\\/LOGO-PATAGONIA-AMBIENTAL.png\",\"width\":433,\"height\":250,\"caption\":\"Patagonia Ambiental\"},\"image\":{\"@id\":\"https:\\\/\\\/patagoniambiental.com.ar\\\/info\\\/#\\\/schema\\\/logo\\\/image\\\/\"},\"sameAs\":[\"https:\\\/\\\/www.facebook.com\\\/patagonia.ambiental\",\"https:\\\/\\\/x.com\\\/PatAmb\"]},{\"@type\":\"Person\",\"@id\":\"https:\\\/\\\/patagoniambiental.com.ar\\\/info\\\/#\\\/schema\\\/person\\\/db12bff64bbcbf6a253710bf0ea37b5d\",\"name\":\"Patagonia Ambiental\",\"description\":\"Andr\u00e9s Nievas T\u00e9cnico en manejo ambiental, consultor Ambiental y escritor para medios locales e internacionales sobre temas de geopolitica y medio ambiente.\",\"sameAs\":[\"http:\\\/\\\/www.patagoniambiental.com.ar\",\"https:\\\/\\\/www.facebook.com\\\/share\\\/1C1V8Gv9BX\\\/?mibextid=qi2Omg\",\"@patagoniambiental\",\"https:\\\/\\\/youtube.com\\\/@patagoniaambiental2023?si=BLt58t0wuXquxlYZ\"]}]}<\/script>\n<!-- \/ Yoast SEO Premium plugin. -->","yoast_head_json":{"title":"Neuquen: Aclaraci\u00f3n del Epas por descarga cloacal en barrio Huiliches","robots":{"index":"index","follow":"follow","max-snippet":"max-snippet:-1","max-image-preview":"max-image-preview:large","max-video-preview":"max-video-preview:-1"},"canonical":"https:\/\/patagoniambiental.com.ar\/info\/neuquen-aclaracion-del-epas-por-descarga-cloacal-en-barrio-huiliches\/","og_locale":"es_ES","og_type":"article","og_title":"Neuquen: Aclaraci\u00f3n del Epas por descarga cloacal en barrio Huiliches","og_description":"NEUQUEN.- El presidente del organismo precis\u00f3 que se inspeccion\u00f3 el lugar. \u00abEl EPAS no es el responsable de las dos [&hellip;]","og_url":"https:\/\/patagoniambiental.com.ar\/info\/neuquen-aclaracion-del-epas-por-descarga-cloacal-en-barrio-huiliches\/","og_site_name":"Patagonia Ambiental","article_publisher":"https:\/\/www.facebook.com\/patagonia.ambiental","article_author":"https:\/\/www.facebook.com\/share\/1C1V8Gv9BX\/?mibextid=qi2Omg","article_published_time":"2017-10-25T12:00:17+00:00","og_image":[{"width":1068,"height":605,"url":"https:\/\/patagoniambiental.com.ar\/info\/wp-content\/uploads\/2017\/10\/mauro-millan.jpg","type":"image\/jpeg"}],"author":"Patagonia Ambiental","twitter_card":"summary_large_image","twitter_creator":"@PatAmb","twitter_site":"@PatAmb","schema":{"@context":"https:\/\/schema.org","@graph":[{"@type":"Article","@id":"https:\/\/patagoniambiental.com.ar\/info\/neuquen-aclaracion-del-epas-por-descarga-cloacal-en-barrio-huiliches\/#article","isPartOf":{"@id":"https:\/\/patagoniambiental.com.ar\/info\/neuquen-aclaracion-del-epas-por-descarga-cloacal-en-barrio-huiliches\/"},"author":{"name":"Patagonia Ambiental","@id":"https:\/\/patagoniambiental.com.ar\/info\/#\/schema\/person\/db12bff64bbcbf6a253710bf0ea37b5d"},"headline":"Neuquen: Aclaraci\u00f3n del Epas por descarga cloacal en barrio Huiliches","datePublished":"2017-10-25T12:00:17+00:00","mainEntityOfPage":{"@id":"https:\/\/patagoniambiental.com.ar\/info\/neuquen-aclaracion-del-epas-por-descarga-cloacal-en-barrio-huiliches\/"},"wordCount":537,"commentCount":0,"publisher":{"@id":"https:\/\/patagoniambiental.com.ar\/info\/#organization"},"image":{"@id":"https:\/\/patagoniambiental.com.ar\/info\/neuquen-aclaracion-del-epas-por-descarga-cloacal-en-barrio-huiliches\/#primaryimage"},"thumbnailUrl":"https:\/\/patagoniambiental.com.ar\/info\/wp-content\/uploads\/2017\/10\/mauro-millan.jpg","articleSection":["Municipios","Noticias"],"inLanguage":"es","potentialAction":[{"@type":"CommentAction","name":"Comment","target":["https:\/\/patagoniambiental.com.ar\/info\/neuquen-aclaracion-del-epas-por-descarga-cloacal-en-barrio-huiliches\/#respond"]}]},{"@type":"WebPage","@id":"https:\/\/patagoniambiental.com.ar\/info\/neuquen-aclaracion-del-epas-por-descarga-cloacal-en-barrio-huiliches\/","url":"https:\/\/patagoniambiental.com.ar\/info\/neuquen-aclaracion-del-epas-por-descarga-cloacal-en-barrio-huiliches\/","name":"Neuquen: Aclaraci\u00f3n del Epas por descarga cloacal en barrio Huiliches","isPartOf":{"@id":"https:\/\/patagoniambiental.com.ar\/info\/#website"},"primaryImageOfPage":{"@id":"https:\/\/patagoniambiental.com.ar\/info\/neuquen-aclaracion-del-epas-por-descarga-cloacal-en-barrio-huiliches\/#primaryimage"},"image":{"@id":"https:\/\/patagoniambiental.com.ar\/info\/neuquen-aclaracion-del-epas-por-descarga-cloacal-en-barrio-huiliches\/#primaryimage"},"thumbnailUrl":"https:\/\/patagoniambiental.com.ar\/info\/wp-content\/uploads\/2017\/10\/mauro-millan.jpg","datePublished":"2017-10-25T12:00:17+00:00","breadcrumb":{"@id":"https:\/\/patagoniambiental.com.ar\/info\/neuquen-aclaracion-del-epas-por-descarga-cloacal-en-barrio-huiliches\/#breadcrumb"},"inLanguage":"es","potentialAction":[{"@type":"ReadAction","target":["https:\/\/patagoniambiental.com.ar\/info\/neuquen-aclaracion-del-epas-por-descarga-cloacal-en-barrio-huiliches\/"]}]},{"@type":"ImageObject","inLanguage":"es","@id":"https:\/\/patagoniambiental.com.ar\/info\/neuquen-aclaracion-del-epas-por-descarga-cloacal-en-barrio-huiliches\/#primaryimage","url":"https:\/\/patagoniambiental.com.ar\/info\/wp-content\/uploads\/2017\/10\/mauro-millan.jpg","contentUrl":"https:\/\/patagoniambiental.com.ar\/info\/wp-content\/uploads\/2017\/10\/mauro-millan.jpg","width":1059,"height":600},{"@type":"BreadcrumbList","@id":"https:\/\/patagoniambiental.com.ar\/info\/neuquen-aclaracion-del-epas-por-descarga-cloacal-en-barrio-huiliches\/#breadcrumb","itemListElement":[{"@type":"ListItem","position":1,"name":"Inicio","item":"https:\/\/patagoniambiental.com.ar\/info\/"},{"@type":"ListItem","position":2,"name":"Neuquen: Aclaraci\u00f3n del Epas por descarga cloacal en barrio Huiliches"}]},{"@type":"WebSite","@id":"https:\/\/patagoniambiental.com.ar\/info\/#website","url":"https:\/\/patagoniambiental.com.ar\/info\/","name":"Patagonia Ambiental","description":"Monitoreo y an\u00e1lisis de la situaci\u00f3n geopol\u00edtica en el mundo y su implicancia en la Patagonia","publisher":{"@id":"https:\/\/patagoniambiental.com.ar\/info\/#organization"},"potentialAction":[{"@type":"SearchAction","target":{"@type":"EntryPoint","urlTemplate":"https:\/\/patagoniambiental.com.ar\/info\/?s={search_term_string}"},"query-input":{"@type":"PropertyValueSpecification","valueRequired":true,"valueName":"search_term_string"}}],"inLanguage":"es"},{"@type":"Organization","@id":"https:\/\/patagoniambiental.com.ar\/info\/#organization","name":"Patagonia Ambiental","url":"https:\/\/patagoniambiental.com.ar\/info\/","logo":{"@type":"ImageObject","inLanguage":"es","@id":"https:\/\/patagoniambiental.com.ar\/info\/#\/schema\/logo\/image\/","url":"https:\/\/patagoniambiental.com.ar\/info\/wp-content\/uploads\/2025\/05\/LOGO-PATAGONIA-AMBIENTAL.png","contentUrl":"https:\/\/patagoniambiental.com.ar\/info\/wp-content\/uploads\/2025\/05\/LOGO-PATAGONIA-AMBIENTAL.png","width":433,"height":250,"caption":"Patagonia Ambiental"},"image":{"@id":"https:\/\/patagoniambiental.com.ar\/info\/#\/schema\/logo\/image\/"},"sameAs":["https:\/\/www.facebook.com\/patagonia.ambiental","https:\/\/x.com\/PatAmb"]},{"@type":"Person","@id":"https:\/\/patagoniambiental.com.ar\/info\/#\/schema\/person\/db12bff64bbcbf6a253710bf0ea37b5d","name":"Patagonia Ambiental","description":"Andr\u00e9s Nievas T\u00e9cnico en manejo ambiental, consultor Ambiental y escritor para medios locales e internacionales sobre temas de geopolitica y medio ambiente.","sameAs":["http:\/\/www.patagoniambiental.com.ar","https:\/\/www.facebook.com\/share\/1C1V8Gv9BX\/?mibextid=qi2Omg","@patagoniambiental","https:\/\/youtube.com\/@patagoniaambiental2023?si=BLt58t0wuXquxlYZ"]}]}},"_links":{"self":[{"href":"https:\/\/patagoniambiental.com.ar\/info\/wp-json\/wp\/v2\/posts\/37038","targetHints":{"allow":["GET"]}}],"collection":[{"href":"https:\/\/patagoniambiental.com.ar\/info\/wp-json\/wp\/v2\/posts"}],"about":[{"href":"https:\/\/patagoniambiental.com.ar\/info\/wp-json\/wp\/v2\/types\/post"}],"author":[{"embeddable":true,"href":"https:\/\/patagoniambiental.com.ar\/info\/wp-json\/wp\/v2\/users\/2"}],"replies":[{"embeddable":true,"href":"https:\/\/patagoniambiental.com.ar\/info\/wp-json\/wp\/v2\/comments?post=37038"}],"version-history":[{"count":0,"href":"https:\/\/patagoniambiental.com.ar\/info\/wp-json\/wp\/v2\/posts\/37038\/revisions"}],"wp:featuredmedia":[{"embeddable":true,"href":"https:\/\/patagoniambiental.com.ar\/info\/wp-json\/wp\/v2\/media\/37039"}],"wp:attachment":[{"href":"https:\/\/patagoniambiental.com.ar\/info\/wp-json\/wp\/v2\/media?parent=37038"}],"wp:term":[{"taxonomy":"category","embeddable":true,"href":"https:\/\/patagoniambiental.com.ar\/info\/wp-json\/wp\/v2\/categories?post=37038"},{"taxonomy":"post_tag","embeddable":true,"href":"https:\/\/patagoniambiental.com.ar\/info\/wp-json\/wp\/v2\/tags?post=37038"}],"curies":[{"name":"wp","href":"https:\/\/api.w.org\/{rel}","templated":true}]}}