{"id":37041,"date":"2017-10-25T09:00:07","date_gmt":"2017-10-25T12:00:07","guid":{"rendered":"http:\/\/patagoniambiental.com.ar\/info\/?p=37041"},"modified":"2017-10-24T20:55:59","modified_gmt":"2017-10-24T23:55:59","slug":"a-partir-de-la-conviccion-de-los-vecinos-el-bolson-recupero-banderas-ultrajadas-por-manifestantes","status":"publish","type":"post","link":"https:\/\/patagoniambiental.com.ar\/info\/a-partir-de-la-conviccion-de-los-vecinos-el-bolson-recupero-banderas-ultrajadas-por-manifestantes\/","title":{"rendered":"A partir de la convicci\u00f3n de los vecinos, El Bols\u00f3n recuper\u00f3 banderas ultrajadas por manifestantes"},"content":{"rendered":"<div>EL BOLS\u00d3N.-\u00a0Emoci\u00f3n a flor de piel y compromiso de la comunidad y sus autoridades para su pueblo, son los conceptos que resumen lo acontecido hoy en el acto organizado por los ciudadanos.<\/div>\n<div>\n<p>All\u00ed repusieron las banderas de Argentina y R\u00edo Negro que fueron ultrajadas durante la toma del edificio municipal d\u00edas atr\u00e1s por parte de manifestantes.<\/p>\n<p>Lo que naci\u00f3 como una simple idea de Jos\u00e9 Roberto Eldahuk ayer lunes por la ma\u00f1ana, r\u00e1pidamente se transform\u00f3 en una suerte de pueblada en defensa de la institucionalidad en El Bols\u00f3n, luego de que d\u00edas atr\u00e1s un grupo de manifestantes ocupara las instalaciones municipales por la fuerza y \u00a0destruyera banderas y el busto en honor al General Jos\u00e9 de San Mart\u00edn.<\/p>\n<p>Cientos de vecinos se congregaron frente al edificio municipal para acompa\u00f1ar este sentido acto, cargado de una inocultable emoci\u00f3n, evidenciada en el llanto del propio intendente, Bruno Pogliano, quien no pudo contener las l\u00e1grimas al recordar los tristes sucesos del fin de semana y la gran reacci\u00f3n de los vecinos.<\/p>\n<p>Hasta El Bols\u00f3n lleg\u00f3 para participar de este acto el gobernador Alberto Weretilneck, acompa\u00f1ado por el secretario general de la Gobernaci\u00f3n, Nelson Cides; y el jefe de Polic\u00eda, comisario mayor Daniel Jara, adem\u00e1s de miembros de su equipo de Gobierno y la presidenta del Concejo Deliberante, Adriana Del Agua. Tambi\u00e9n estuvieron presentes autoridades locales y un grupo de Veteranos de Malvinas, encabezados por Rub\u00e9n Pablos, quienes entregaron otra insignia patria al Municipio.<\/p>\n<p>Luego del izamiento de las banderas de Argentina y R\u00edo Negro, bendecidas por el cura p\u00e1rroco Ricardo Citadin y el pastor evang\u00e9lico Benjam\u00edn Meinstein, se entonaron las estrofas de los himnos nacional y provincial.<\/p>\n<p>Tanto el cura p\u00e1rroco como el pastor convocaron a la unidad de la comunidad y al trabajo mancomunado para evitar hechos violentos en la sociedad.<\/p>\n<p>Por su parte, el vecino Jos\u00e9 Eldahuk, el impulsor de la actividad de hoy, conden\u00f3 el accionar de los grupos min\u00fasculos que provocaron hechos de vandalismo en el Municipio y la localidad, al tiempo que promovi\u00f3 el respeto a las instituciones. \u201cNuestro pueblo no merece lo que pas\u00f3. El Municipio es de todos, nuestra localidad es de todos y tenemos que cuidarla entre todos\u201d, dijo al borde de las l\u00e1grimas. Sorprendido por la repercusi\u00f3n de su iniciativa, agradeci\u00f3 a todos los vecinos que se congregaron frente al edificio municipal. Asimismo, solicit\u00f3 al fiscal actuante y al Juez de Paz local que accionen contra los responsables de los destrozos.<\/p>\n<p>Tambi\u00e9n solicit\u00f3 la palabra Maruca, ex directora de escuela en El Bols\u00f3n, quien convoc\u00f3 a todos a pelear por el respeto a los derechos, los s\u00edmbolos patrios y la historia.<\/p>\n<p>&nbsp;<\/p>\n<p><strong>\u201cVenimos a acompa\u00f1ar a la comunidad\u201d<\/strong><\/p>\n<p>&nbsp;<\/p>\n<p>\u201cEsta visita es un respaldo a la comunidad de El Bols\u00f3n\u201d, sintetiz\u00f3 el gobernador Weretilneck, al ser consultado por la prensa respecto de su imprevisto arribo a la localidad.<\/p>\n<p>\u201cLos conflictos se resuelven mediante di\u00e1logo y no a trav\u00e9s de la violencia. Condenamos cualquier tipo de violencia\u201d, asever\u00f3 el Mandatario. \u201cLa Municipalidad no ten\u00eda nada que ver con el hecho que gener\u00f3 la manifestaci\u00f3n, tanto el intendente como los concejales se expresaron pidiendo el esclarecimiento del caso Maldonado como lo hizo el Gobierno de la Provincia, por lo cual no se explican estos hechos violentos\u201d. Sinceramente creo que El Bols\u00f3n no se merece este tipo de agravio y ataque a sus instituciones y menos a los s\u00edmbolos patrios\u201d, finaliz\u00f3 el Gobernador.<\/p>\n<\/div>\n","protected":false},"excerpt":{"rendered":"<p>EL BOLS\u00d3N.-\u00a0Emoci\u00f3n a flor de piel y compromiso de la comunidad y sus autoridades para su pueblo, son los conceptos [&hellip;]<\/p>\n","protected":false},"author":2,"featured_media":37042,"comment_status":"open","ping_status":"open","sticky":false,"template":"","format":"standard","meta":{"site-sidebar-layout":"default","site-content-layout":"","ast-site-content-layout":"default","site-content-style":"default","site-sidebar-style":"default","ast-global-header-display":"","ast-banner-title-visibility":"","ast-main-header-display":"","ast-hfb-above-header-display":"","ast-hfb-below-header-display":"","ast-hfb-mobile-header-display":"","site-post-title":"","ast-breadcrumbs-content":"","ast-featured-img":"","footer-sml-layout":"","ast-disable-related-posts":"","theme-transparent-header-meta":"","adv-header-id-meta":"","stick-header-meta":"","header-above-stick-meta":"","header-main-stick-meta":"","header-below-stick-meta":"","astra-migrate-meta-layouts":"default","ast-page-background-enabled":"default","ast-page-background-meta":{"desktop":{"background-color":"var(--ast-global-color-5)","background-image":"","background-repeat":"repeat","background-position":"center center","background-size":"auto","background-attachment":"scroll","background-type":"","background-media":"","overlay-type":"","overlay-color":"","overlay-opacity":"","overlay-gradient":""},"tablet":{"background-color":"","background-image":"","background-repeat":"repeat","background-position":"center center","background-size":"auto","background-attachment":"scroll","background-type":"","background-media":"","overlay-type":"","overlay-color":"","overlay-opacity":"","overlay-gradient":""},"mobile":{"background-color":"","background-image":"","background-repeat":"repeat","background-position":"center center","background-size":"auto","background-attachment":"scroll","background-type":"","background-media":"","overlay-type":"","overlay-color":"","overlay-opacity":"","overlay-gradient":""}},"ast-content-background-meta":{"desktop":{"background-color":"var(--ast-global-color-4)","background-image":"","background-repeat":"repeat","background-position":"center center","background-size":"auto","background-attachment":"scroll","background-type":"","background-media":"","overlay-type":"","overlay-color":"","overlay-opacity":"","overlay-gradient":""},"tablet":{"background-color":"var(--ast-global-color-4)","background-image":"","background-repeat":"repeat","background-position":"center center","background-size":"auto","background-attachment":"scroll","background-type":"","background-media":"","overlay-type":"","overlay-color":"","overlay-opacity":"","overlay-gradient":""},"mobile":{"background-color":"var(--ast-global-color-4)","background-image":"","background-repeat":"repeat","background-position":"center center","background-size":"auto","background-attachment":"scroll","background-type":"","background-media":"","overlay-type":"","overlay-color":"","overlay-opacity":"","overlay-gradient":""}},"footnotes":""},"categories":[46,1],"tags":[],"class_list":["post-37041","post","type-post","status-publish","format-standard","has-post-thumbnail","hentry","category-municipios","category-noticias"],"yoast_head":"<!-- This site is optimized with the Yoast SEO Premium plugin v23.0 (Yoast SEO v27.5) - https:\/\/yoast.com\/product\/yoast-seo-premium-wordpress\/ -->\n<title>A partir de la convicci\u00f3n de los vecinos, El Bols\u00f3n recuper\u00f3 banderas ultrajadas por manifestantes<\/title>\n<meta name=\"robots\" content=\"index, follow, max-snippet:-1, max-image-preview:large, max-video-preview:-1\" \/>\n<link rel=\"canonical\" href=\"https:\/\/patagoniambiental.com.ar\/info\/a-partir-de-la-conviccion-de-los-vecinos-el-bolson-recupero-banderas-ultrajadas-por-manifestantes\/\" \/>\n<meta property=\"og:locale\" content=\"es_ES\" \/>\n<meta property=\"og:type\" content=\"article\" \/>\n<meta property=\"og:title\" content=\"A partir de la convicci\u00f3n de los vecinos, El Bols\u00f3n recuper\u00f3 banderas ultrajadas por manifestantes\" \/>\n<meta property=\"og:description\" content=\"EL BOLS\u00d3N.-\u00a0Emoci\u00f3n a flor de piel y compromiso de la comunidad y sus autoridades para su pueblo, son los conceptos [&hellip;]\" \/>\n<meta property=\"og:url\" content=\"https:\/\/patagoniambiental.com.ar\/info\/a-partir-de-la-conviccion-de-los-vecinos-el-bolson-recupero-banderas-ultrajadas-por-manifestantes\/\" \/>\n<meta property=\"og:site_name\" content=\"Patagonia Ambiental\" \/>\n<meta property=\"article:publisher\" content=\"https:\/\/www.facebook.com\/patagonia.ambiental\" \/>\n<meta property=\"article:author\" content=\"https:\/\/www.facebook.com\/share\/1C1V8Gv9BX\/?mibextid=qi2Omg\" \/>\n<meta property=\"article:published_time\" content=\"2017-10-25T12:00:07+00:00\" \/>\n<meta property=\"og:image\" content=\"https:\/\/patagoniambiental.com.ar\/info\/wp-content\/uploads\/2017\/10\/BOLSON-BANDERAS.jpg\" \/>\n\t<meta property=\"og:image:width\" content=\"924\" \/>\n\t<meta property=\"og:image:height\" content=\"616\" \/>\n\t<meta property=\"og:image:type\" content=\"image\/jpeg\" \/>\n<meta name=\"author\" content=\"Patagonia Ambiental\" \/>\n<meta name=\"twitter:card\" content=\"summary_large_image\" \/>\n<meta name=\"twitter:creator\" content=\"@PatAmb\" \/>\n<meta name=\"twitter:site\" content=\"@PatAmb\" \/>\n<script type=\"application\/ld+json\" class=\"yoast-schema-graph\">{\"@context\":\"https:\\\/\\\/schema.org\",\"@graph\":[{\"@type\":\"Article\",\"@id\":\"https:\\\/\\\/patagoniambiental.com.ar\\\/info\\\/a-partir-de-la-conviccion-de-los-vecinos-el-bolson-recupero-banderas-ultrajadas-por-manifestantes\\\/#article\",\"isPartOf\":{\"@id\":\"https:\\\/\\\/patagoniambiental.com.ar\\\/info\\\/a-partir-de-la-conviccion-de-los-vecinos-el-bolson-recupero-banderas-ultrajadas-por-manifestantes\\\/\"},\"author\":{\"name\":\"Patagonia Ambiental\",\"@id\":\"https:\\\/\\\/patagoniambiental.com.ar\\\/info\\\/#\\\/schema\\\/person\\\/db12bff64bbcbf6a253710bf0ea37b5d\"},\"headline\":\"A partir de la convicci\u00f3n de los vecinos, El Bols\u00f3n recuper\u00f3 banderas ultrajadas por manifestantes\",\"datePublished\":\"2017-10-25T12:00:07+00:00\",\"mainEntityOfPage\":{\"@id\":\"https:\\\/\\\/patagoniambiental.com.ar\\\/info\\\/a-partir-de-la-conviccion-de-los-vecinos-el-bolson-recupero-banderas-ultrajadas-por-manifestantes\\\/\"},\"wordCount\":626,\"commentCount\":0,\"publisher\":{\"@id\":\"https:\\\/\\\/patagoniambiental.com.ar\\\/info\\\/#organization\"},\"image\":{\"@id\":\"https:\\\/\\\/patagoniambiental.com.ar\\\/info\\\/a-partir-de-la-conviccion-de-los-vecinos-el-bolson-recupero-banderas-ultrajadas-por-manifestantes\\\/#primaryimage\"},\"thumbnailUrl\":\"https:\\\/\\\/patagoniambiental.com.ar\\\/info\\\/wp-content\\\/uploads\\\/2017\\\/10\\\/BOLSON-BANDERAS.jpg\",\"articleSection\":[\"Municipios\",\"Noticias\"],\"inLanguage\":\"es\",\"potentialAction\":[{\"@type\":\"CommentAction\",\"name\":\"Comment\",\"target\":[\"https:\\\/\\\/patagoniambiental.com.ar\\\/info\\\/a-partir-de-la-conviccion-de-los-vecinos-el-bolson-recupero-banderas-ultrajadas-por-manifestantes\\\/#respond\"]}]},{\"@type\":\"WebPage\",\"@id\":\"https:\\\/\\\/patagoniambiental.com.ar\\\/info\\\/a-partir-de-la-conviccion-de-los-vecinos-el-bolson-recupero-banderas-ultrajadas-por-manifestantes\\\/\",\"url\":\"https:\\\/\\\/patagoniambiental.com.ar\\\/info\\\/a-partir-de-la-conviccion-de-los-vecinos-el-bolson-recupero-banderas-ultrajadas-por-manifestantes\\\/\",\"name\":\"A partir de la convicci\u00f3n de los vecinos, El Bols\u00f3n recuper\u00f3 banderas ultrajadas por manifestantes\",\"isPartOf\":{\"@id\":\"https:\\\/\\\/patagoniambiental.com.ar\\\/info\\\/#website\"},\"primaryImageOfPage\":{\"@id\":\"https:\\\/\\\/patagoniambiental.com.ar\\\/info\\\/a-partir-de-la-conviccion-de-los-vecinos-el-bolson-recupero-banderas-ultrajadas-por-manifestantes\\\/#primaryimage\"},\"image\":{\"@id\":\"https:\\\/\\\/patagoniambiental.com.ar\\\/info\\\/a-partir-de-la-conviccion-de-los-vecinos-el-bolson-recupero-banderas-ultrajadas-por-manifestantes\\\/#primaryimage\"},\"thumbnailUrl\":\"https:\\\/\\\/patagoniambiental.com.ar\\\/info\\\/wp-content\\\/uploads\\\/2017\\\/10\\\/BOLSON-BANDERAS.jpg\",\"datePublished\":\"2017-10-25T12:00:07+00:00\",\"breadcrumb\":{\"@id\":\"https:\\\/\\\/patagoniambiental.com.ar\\\/info\\\/a-partir-de-la-conviccion-de-los-vecinos-el-bolson-recupero-banderas-ultrajadas-por-manifestantes\\\/#breadcrumb\"},\"inLanguage\":\"es\",\"potentialAction\":[{\"@type\":\"ReadAction\",\"target\":[\"https:\\\/\\\/patagoniambiental.com.ar\\\/info\\\/a-partir-de-la-conviccion-de-los-vecinos-el-bolson-recupero-banderas-ultrajadas-por-manifestantes\\\/\"]}]},{\"@type\":\"ImageObject\",\"inLanguage\":\"es\",\"@id\":\"https:\\\/\\\/patagoniambiental.com.ar\\\/info\\\/a-partir-de-la-conviccion-de-los-vecinos-el-bolson-recupero-banderas-ultrajadas-por-manifestantes\\\/#primaryimage\",\"url\":\"https:\\\/\\\/patagoniambiental.com.ar\\\/info\\\/wp-content\\\/uploads\\\/2017\\\/10\\\/BOLSON-BANDERAS.jpg\",\"contentUrl\":\"https:\\\/\\\/patagoniambiental.com.ar\\\/info\\\/wp-content\\\/uploads\\\/2017\\\/10\\\/BOLSON-BANDERAS.jpg\",\"width\":924,\"height\":616},{\"@type\":\"BreadcrumbList\",\"@id\":\"https:\\\/\\\/patagoniambiental.com.ar\\\/info\\\/a-partir-de-la-conviccion-de-los-vecinos-el-bolson-recupero-banderas-ultrajadas-por-manifestantes\\\/#breadcrumb\",\"itemListElement\":[{\"@type\":\"ListItem\",\"position\":1,\"name\":\"Inicio\",\"item\":\"https:\\\/\\\/patagoniambiental.com.ar\\\/info\\\/\"},{\"@type\":\"ListItem\",\"position\":2,\"name\":\"A partir de la convicci\u00f3n de los vecinos, El Bols\u00f3n recuper\u00f3 banderas ultrajadas por manifestantes\"}]},{\"@type\":\"WebSite\",\"@id\":\"https:\\\/\\\/patagoniambiental.com.ar\\\/info\\\/#website\",\"url\":\"https:\\\/\\\/patagoniambiental.com.ar\\\/info\\\/\",\"name\":\"Patagonia Ambiental\",\"description\":\"Monitoreo y an\u00e1lisis de la situaci\u00f3n geopol\u00edtica en el mundo y su implicancia en la Patagonia\",\"publisher\":{\"@id\":\"https:\\\/\\\/patagoniambiental.com.ar\\\/info\\\/#organization\"},\"potentialAction\":[{\"@type\":\"SearchAction\",\"target\":{\"@type\":\"EntryPoint\",\"urlTemplate\":\"https:\\\/\\\/patagoniambiental.com.ar\\\/info\\\/?s={search_term_string}\"},\"query-input\":{\"@type\":\"PropertyValueSpecification\",\"valueRequired\":true,\"valueName\":\"search_term_string\"}}],\"inLanguage\":\"es\"},{\"@type\":\"Organization\",\"@id\":\"https:\\\/\\\/patagoniambiental.com.ar\\\/info\\\/#organization\",\"name\":\"Patagonia Ambiental\",\"url\":\"https:\\\/\\\/patagoniambiental.com.ar\\\/info\\\/\",\"logo\":{\"@type\":\"ImageObject\",\"inLanguage\":\"es\",\"@id\":\"https:\\\/\\\/patagoniambiental.com.ar\\\/info\\\/#\\\/schema\\\/logo\\\/image\\\/\",\"url\":\"https:\\\/\\\/patagoniambiental.com.ar\\\/info\\\/wp-content\\\/uploads\\\/2025\\\/05\\\/LOGO-PATAGONIA-AMBIENTAL.png\",\"contentUrl\":\"https:\\\/\\\/patagoniambiental.com.ar\\\/info\\\/wp-content\\\/uploads\\\/2025\\\/05\\\/LOGO-PATAGONIA-AMBIENTAL.png\",\"width\":433,\"height\":250,\"caption\":\"Patagonia Ambiental\"},\"image\":{\"@id\":\"https:\\\/\\\/patagoniambiental.com.ar\\\/info\\\/#\\\/schema\\\/logo\\\/image\\\/\"},\"sameAs\":[\"https:\\\/\\\/www.facebook.com\\\/patagonia.ambiental\",\"https:\\\/\\\/x.com\\\/PatAmb\"]},{\"@type\":\"Person\",\"@id\":\"https:\\\/\\\/patagoniambiental.com.ar\\\/info\\\/#\\\/schema\\\/person\\\/db12bff64bbcbf6a253710bf0ea37b5d\",\"name\":\"Patagonia Ambiental\",\"description\":\"Andr\u00e9s Nievas T\u00e9cnico en manejo ambiental, consultor Ambiental y escritor para medios locales e internacionales sobre temas de geopolitica y medio ambiente.\",\"sameAs\":[\"http:\\\/\\\/www.patagoniambiental.com.ar\",\"https:\\\/\\\/www.facebook.com\\\/share\\\/1C1V8Gv9BX\\\/?mibextid=qi2Omg\",\"@patagoniambiental\",\"https:\\\/\\\/youtube.com\\\/@patagoniaambiental2023?si=BLt58t0wuXquxlYZ\"]}]}<\/script>\n<!-- \/ Yoast SEO Premium plugin. -->","yoast_head_json":{"title":"A partir de la convicci\u00f3n de los vecinos, El Bols\u00f3n recuper\u00f3 banderas ultrajadas por manifestantes","robots":{"index":"index","follow":"follow","max-snippet":"max-snippet:-1","max-image-preview":"max-image-preview:large","max-video-preview":"max-video-preview:-1"},"canonical":"https:\/\/patagoniambiental.com.ar\/info\/a-partir-de-la-conviccion-de-los-vecinos-el-bolson-recupero-banderas-ultrajadas-por-manifestantes\/","og_locale":"es_ES","og_type":"article","og_title":"A partir de la convicci\u00f3n de los vecinos, El Bols\u00f3n recuper\u00f3 banderas ultrajadas por manifestantes","og_description":"EL BOLS\u00d3N.-\u00a0Emoci\u00f3n a flor de piel y compromiso de la comunidad y sus autoridades para su pueblo, son los conceptos [&hellip;]","og_url":"https:\/\/patagoniambiental.com.ar\/info\/a-partir-de-la-conviccion-de-los-vecinos-el-bolson-recupero-banderas-ultrajadas-por-manifestantes\/","og_site_name":"Patagonia Ambiental","article_publisher":"https:\/\/www.facebook.com\/patagonia.ambiental","article_author":"https:\/\/www.facebook.com\/share\/1C1V8Gv9BX\/?mibextid=qi2Omg","article_published_time":"2017-10-25T12:00:07+00:00","og_image":[{"width":924,"height":616,"url":"https:\/\/patagoniambiental.com.ar\/info\/wp-content\/uploads\/2017\/10\/BOLSON-BANDERAS.jpg","type":"image\/jpeg"}],"author":"Patagonia Ambiental","twitter_card":"summary_large_image","twitter_creator":"@PatAmb","twitter_site":"@PatAmb","schema":{"@context":"https:\/\/schema.org","@graph":[{"@type":"Article","@id":"https:\/\/patagoniambiental.com.ar\/info\/a-partir-de-la-conviccion-de-los-vecinos-el-bolson-recupero-banderas-ultrajadas-por-manifestantes\/#article","isPartOf":{"@id":"https:\/\/patagoniambiental.com.ar\/info\/a-partir-de-la-conviccion-de-los-vecinos-el-bolson-recupero-banderas-ultrajadas-por-manifestantes\/"},"author":{"name":"Patagonia Ambiental","@id":"https:\/\/patagoniambiental.com.ar\/info\/#\/schema\/person\/db12bff64bbcbf6a253710bf0ea37b5d"},"headline":"A partir de la convicci\u00f3n de los vecinos, El Bols\u00f3n recuper\u00f3 banderas ultrajadas por manifestantes","datePublished":"2017-10-25T12:00:07+00:00","mainEntityOfPage":{"@id":"https:\/\/patagoniambiental.com.ar\/info\/a-partir-de-la-conviccion-de-los-vecinos-el-bolson-recupero-banderas-ultrajadas-por-manifestantes\/"},"wordCount":626,"commentCount":0,"publisher":{"@id":"https:\/\/patagoniambiental.com.ar\/info\/#organization"},"image":{"@id":"https:\/\/patagoniambiental.com.ar\/info\/a-partir-de-la-conviccion-de-los-vecinos-el-bolson-recupero-banderas-ultrajadas-por-manifestantes\/#primaryimage"},"thumbnailUrl":"https:\/\/patagoniambiental.com.ar\/info\/wp-content\/uploads\/2017\/10\/BOLSON-BANDERAS.jpg","articleSection":["Municipios","Noticias"],"inLanguage":"es","potentialAction":[{"@type":"CommentAction","name":"Comment","target":["https:\/\/patagoniambiental.com.ar\/info\/a-partir-de-la-conviccion-de-los-vecinos-el-bolson-recupero-banderas-ultrajadas-por-manifestantes\/#respond"]}]},{"@type":"WebPage","@id":"https:\/\/patagoniambiental.com.ar\/info\/a-partir-de-la-conviccion-de-los-vecinos-el-bolson-recupero-banderas-ultrajadas-por-manifestantes\/","url":"https:\/\/patagoniambiental.com.ar\/info\/a-partir-de-la-conviccion-de-los-vecinos-el-bolson-recupero-banderas-ultrajadas-por-manifestantes\/","name":"A partir de la convicci\u00f3n de los vecinos, El Bols\u00f3n recuper\u00f3 banderas ultrajadas por manifestantes","isPartOf":{"@id":"https:\/\/patagoniambiental.com.ar\/info\/#website"},"primaryImageOfPage":{"@id":"https:\/\/patagoniambiental.com.ar\/info\/a-partir-de-la-conviccion-de-los-vecinos-el-bolson-recupero-banderas-ultrajadas-por-manifestantes\/#primaryimage"},"image":{"@id":"https:\/\/patagoniambiental.com.ar\/info\/a-partir-de-la-conviccion-de-los-vecinos-el-bolson-recupero-banderas-ultrajadas-por-manifestantes\/#primaryimage"},"thumbnailUrl":"https:\/\/patagoniambiental.com.ar\/info\/wp-content\/uploads\/2017\/10\/BOLSON-BANDERAS.jpg","datePublished":"2017-10-25T12:00:07+00:00","breadcrumb":{"@id":"https:\/\/patagoniambiental.com.ar\/info\/a-partir-de-la-conviccion-de-los-vecinos-el-bolson-recupero-banderas-ultrajadas-por-manifestantes\/#breadcrumb"},"inLanguage":"es","potentialAction":[{"@type":"ReadAction","target":["https:\/\/patagoniambiental.com.ar\/info\/a-partir-de-la-conviccion-de-los-vecinos-el-bolson-recupero-banderas-ultrajadas-por-manifestantes\/"]}]},{"@type":"ImageObject","inLanguage":"es","@id":"https:\/\/patagoniambiental.com.ar\/info\/a-partir-de-la-conviccion-de-los-vecinos-el-bolson-recupero-banderas-ultrajadas-por-manifestantes\/#primaryimage","url":"https:\/\/patagoniambiental.com.ar\/info\/wp-content\/uploads\/2017\/10\/BOLSON-BANDERAS.jpg","contentUrl":"https:\/\/patagoniambiental.com.ar\/info\/wp-content\/uploads\/2017\/10\/BOLSON-BANDERAS.jpg","width":924,"height":616},{"@type":"BreadcrumbList","@id":"https:\/\/patagoniambiental.com.ar\/info\/a-partir-de-la-conviccion-de-los-vecinos-el-bolson-recupero-banderas-ultrajadas-por-manifestantes\/#breadcrumb","itemListElement":[{"@type":"ListItem","position":1,"name":"Inicio","item":"https:\/\/patagoniambiental.com.ar\/info\/"},{"@type":"ListItem","position":2,"name":"A partir de la convicci\u00f3n de los vecinos, El Bols\u00f3n recuper\u00f3 banderas ultrajadas por manifestantes"}]},{"@type":"WebSite","@id":"https:\/\/patagoniambiental.com.ar\/info\/#website","url":"https:\/\/patagoniambiental.com.ar\/info\/","name":"Patagonia Ambiental","description":"Monitoreo y an\u00e1lisis de la situaci\u00f3n geopol\u00edtica en el mundo y su implicancia en la Patagonia","publisher":{"@id":"https:\/\/patagoniambiental.com.ar\/info\/#organization"},"potentialAction":[{"@type":"SearchAction","target":{"@type":"EntryPoint","urlTemplate":"https:\/\/patagoniambiental.com.ar\/info\/?s={search_term_string}"},"query-input":{"@type":"PropertyValueSpecification","valueRequired":true,"valueName":"search_term_string"}}],"inLanguage":"es"},{"@type":"Organization","@id":"https:\/\/patagoniambiental.com.ar\/info\/#organization","name":"Patagonia Ambiental","url":"https:\/\/patagoniambiental.com.ar\/info\/","logo":{"@type":"ImageObject","inLanguage":"es","@id":"https:\/\/patagoniambiental.com.ar\/info\/#\/schema\/logo\/image\/","url":"https:\/\/patagoniambiental.com.ar\/info\/wp-content\/uploads\/2025\/05\/LOGO-PATAGONIA-AMBIENTAL.png","contentUrl":"https:\/\/patagoniambiental.com.ar\/info\/wp-content\/uploads\/2025\/05\/LOGO-PATAGONIA-AMBIENTAL.png","width":433,"height":250,"caption":"Patagonia Ambiental"},"image":{"@id":"https:\/\/patagoniambiental.com.ar\/info\/#\/schema\/logo\/image\/"},"sameAs":["https:\/\/www.facebook.com\/patagonia.ambiental","https:\/\/x.com\/PatAmb"]},{"@type":"Person","@id":"https:\/\/patagoniambiental.com.ar\/info\/#\/schema\/person\/db12bff64bbcbf6a253710bf0ea37b5d","name":"Patagonia Ambiental","description":"Andr\u00e9s Nievas T\u00e9cnico en manejo ambiental, consultor Ambiental y escritor para medios locales e internacionales sobre temas de geopolitica y medio ambiente.","sameAs":["http:\/\/www.patagoniambiental.com.ar","https:\/\/www.facebook.com\/share\/1C1V8Gv9BX\/?mibextid=qi2Omg","@patagoniambiental","https:\/\/youtube.com\/@patagoniaambiental2023?si=BLt58t0wuXquxlYZ"]}]}},"_links":{"self":[{"href":"https:\/\/patagoniambiental.com.ar\/info\/wp-json\/wp\/v2\/posts\/37041","targetHints":{"allow":["GET"]}}],"collection":[{"href":"https:\/\/patagoniambiental.com.ar\/info\/wp-json\/wp\/v2\/posts"}],"about":[{"href":"https:\/\/patagoniambiental.com.ar\/info\/wp-json\/wp\/v2\/types\/post"}],"author":[{"embeddable":true,"href":"https:\/\/patagoniambiental.com.ar\/info\/wp-json\/wp\/v2\/users\/2"}],"replies":[{"embeddable":true,"href":"https:\/\/patagoniambiental.com.ar\/info\/wp-json\/wp\/v2\/comments?post=37041"}],"version-history":[{"count":0,"href":"https:\/\/patagoniambiental.com.ar\/info\/wp-json\/wp\/v2\/posts\/37041\/revisions"}],"wp:featuredmedia":[{"embeddable":true,"href":"https:\/\/patagoniambiental.com.ar\/info\/wp-json\/wp\/v2\/media\/37042"}],"wp:attachment":[{"href":"https:\/\/patagoniambiental.com.ar\/info\/wp-json\/wp\/v2\/media?parent=37041"}],"wp:term":[{"taxonomy":"category","embeddable":true,"href":"https:\/\/patagoniambiental.com.ar\/info\/wp-json\/wp\/v2\/categories?post=37041"},{"taxonomy":"post_tag","embeddable":true,"href":"https:\/\/patagoniambiental.com.ar\/info\/wp-json\/wp\/v2\/tags?post=37041"}],"curies":[{"name":"wp","href":"https:\/\/api.w.org\/{rel}","templated":true}]}}