{"id":37050,"date":"2017-10-25T09:00:54","date_gmt":"2017-10-25T12:00:54","guid":{"rendered":"http:\/\/patagoniambiental.com.ar\/info\/?p=37050"},"modified":"2017-10-24T21:09:17","modified_gmt":"2017-10-25T00:09:17","slug":"brindaran-taller-de-estrategia-federal-de-manejo-costero-integrado","status":"publish","type":"post","link":"https:\/\/patagoniambiental.com.ar\/info\/brindaran-taller-de-estrategia-federal-de-manejo-costero-integrado\/","title":{"rendered":"Brindar\u00e1n taller de Estrategia Federal de Manejo Costero Integrado"},"content":{"rendered":"<div>\n<header>PUERTO DESEADO.- Est\u00e1 dirigido\u00a0a funcionarios t\u00e9cnicos provenientes de \u00f3rganos gubernamentales a nivel provincial y municipal con competencias en \u00e1reas costeras, como as\u00ed tambi\u00e9n\u00a0representantes de organizaciones de la sociedad civil. Ser\u00e1 el 31 de octubre y 1 de Noviembre en el Club de Leones. El mismo apunta a identificar las \u00e1reas costeras estrat\u00e9gicas en funci\u00f3n del balance entre los bienes y servicios ecosist\u00e9micos que aportan y los factores que ejercen presi\u00f3n sobre \u00e9stas.\u00a0<\/header>\n<\/div>\n<div class=\"image\">\n<div class=\"XXtextoNota clearfix\">\n<div align=\"justify\">\n<p>La Secretar\u00eda de Estado de Ambiente, la Municipalidad de Puerto Deseado, el Consejo Federal de Medio Ambiente y el Ministerio de Ambiente y Desarrollo Sustentable de la Presidencia de la Naci\u00f3n llevar\u00e1n a cabo el taller de \u201cEstrategia Federal de Manejo Costero Integrado\u201d. La capacitaci\u00f3n se realizar\u00e1 los d\u00edas 31 de Octubre y 1 de Noviembre en el Club de Leones (Don Bosco 1241) de la localidad de Puerto Deseado.<\/p>\n<p>El objetivo de este taller es identificar las \u00e1reas costeras estrat\u00e9gicas en funci\u00f3n del balance entre los bienes y servicios ecosist\u00e9micos que aportan y los factores que ejercen presi\u00f3n sobre \u00e9stas, como as\u00ed tambi\u00e9n debatir multisectorialmente sobre posibles criterios para la identificaci\u00f3n de \u00e1reas costeras estrat\u00e9gicas en la franja costera de la provincia; identificar y localizar geogr\u00e1ficamente dichas \u00e1reas estrat\u00e9gicas en funci\u00f3n de los criterios debatidos considerando los servicios ecosist\u00e9micos que aportan y los factores que presionan sobre estas y vincular las \u00e1reas identificadas con posibles Unidades para su gesti\u00f3n (aportes a la zonificaci\u00f3n de la franja costera).<\/p>\n<p>Las jornadas est\u00e1n dirigidas a funcionarios t\u00e9cnicos provenientes de \u00f3rganos gubernamentales a nivel provincial y municipal (Ministerios, Secretar\u00edas e Institutos) con competencias en \u00e1reas costeras, as\u00ed como representantes de organizaciones de la sociedad civil.<\/p>\n<p>Cabe destacar que este taller se encuadra bajo las \u201cDirectrices de Manejo Costero Integrado\u201d acordadas y plasmadas en el Documento \u201cAportes para una Estrategia Federal en Manejo Costero Integrado: Estado de la Gesti\u00f3n Costera en el litoral Atl\u00e1ntico Argentino\u201d ratificadas a partir de la Resoluci\u00f3n COFEMA N\u00b0326\/2016.<\/p>\n<p>&nbsp;<\/p>\n<p><strong>AGENDA DE ACTIVIDADES<\/strong><\/p>\n<p><strong><u>DIA 1<\/u><\/strong><\/p>\n<p><strong>09.00\u00a0<\/strong><strong>Apertura<\/strong><\/p>\n<p><strong>9.30-10.00 Puesta en contexto de los antecedentes para la formulaci\u00f3n de la Estrategia Federal Manejo Costero Integrado<\/strong><\/p>\n<p><strong>10.00-11.00 Antecedentes e Iniciativas provinciales<\/strong><\/p>\n<p>\u00b7\u00a0\u00a0\u00a0\u00a0\u00a0\u00a0\u00a0\u00a0\u00a0Propuesta: Planta de elaboraci\u00f3n de subproductos a partir de desechos de langostinos<\/p>\n<p>\u00b7\u00a0\u00a0\u00a0\u00a0\u00a0\u00a0\u00a0\u00a0\u00a0Antecedentes en la evaluaci\u00f3n de bienes y servicios ambientales del Golfo San Jorge<\/p>\n<p><strong>11.00-11.30\u00a0<\/strong><strong>INTERVALO\u00a0<\/strong><\/p>\n<p><strong>11.30- 13.00\u00a0<\/strong><strong>Criterios para la Identificaci\u00f3n de \u00c1reas Costeras Estrat\u00e9gicas Provinciales<\/strong><\/p>\n<p>\u00b7\u00a0\u00a0\u00a0\u00a0\u00a0\u00a0\u00a0\u00a0\u00a0Presentaci\u00f3n de criterios existentes<\/p>\n<p>\u00b7\u00a0\u00a0\u00a0\u00a0\u00a0\u00a0\u00a0\u00a0\u00a0Discusi\u00f3n: Posibles criterios para la selecci\u00f3n de \u00e1reas costeras estrat\u00e9gicas en la provincia<\/p>\n<p><strong>14.00\u00a0<\/strong><strong>Zonificaci\u00f3n de la Franja Costera Provincial<\/strong><\/p>\n<p>\u00b7\u00a0\u00a0\u00a0\u00a0\u00a0\u00a0\u00a0\u00a0\u00a0Revisi\u00f3n de los tres niveles de zonificaci\u00f3n propuestos<\/p>\n<p>\u00b7\u00a0\u00a0\u00a0\u00a0\u00a0\u00a0\u00a0\u00a0\u00a0Zonificaci\u00f3n geogr\u00e1fica\/geomorfol\u00f3gica de la Franja Costera<\/p>\n<p>\u00b7\u00a0\u00a0\u00a0\u00a0\u00a0\u00a0\u00a0\u00a0\u00a0Factores estrat\u00e9gicos y de presi\u00f3n en la zona costera de la\u00a0 provincia.<\/p>\n<p>&nbsp;<\/p>\n<p><strong>15.30\u00a0<\/strong><strong>CORTE<\/strong><\/p>\n<p><strong>16.00<\/strong><strong>\u00a0Localizaci\u00f3n geogr\u00e1fica de \u00e1reas costeras estrat\u00e9gicas<\/strong><\/p>\n<p>\u00b7\u00a0\u00a0\u00a0\u00a0\u00a0\u00a0\u00a0\u00a0\u00a0Discusi\u00f3n: Identificaci\u00f3n de las \u00e1reas y vinculaci\u00f3n con potenciales Unidades de Gesti\u00f3n<\/p>\n<p><strong>17.00\u00a0<\/strong><strong>CIERRE DE LAS ACTIVIDADES DEL TALLER<\/strong><\/p>\n<p>&nbsp;<\/p>\n<p><strong><u>DIA 2<\/u><\/strong><\/p>\n<p><strong>9.00-11.00 Mecanismos de coordinaci\u00f3n interinstitucionales en la provincia<\/strong><\/p>\n<p>\u00b7\u00a0\u00a0\u00a0\u00a0\u00a0\u00a0\u00a0\u00a0\u00a0Instancias de di\u00e1logo y coordinaci\u00f3n existentes que podr\u00edan aprovecharse para internalizar el MCI en las pol\u00edticas p\u00fablicas de la provincia.<\/p>\n<p><strong>11.00-11.30\u00a0<\/strong><strong>CORTE<\/strong><\/p>\n<p><strong>11.30- 12.00 CIERRE DE LAS ACTIVIDADES DEL TALLER<\/strong><\/p>\n<\/div>\n<\/div>\n<div class=\"votes clearfix\">\u00a0Fuente:\u00a0http:\/\/www.tiemposur.com.ar\/nota\/141178-brindaran-taller-de-estrategia-federal-de-manejo-costero-integrado<\/div>\n<\/div>\n","protected":false},"excerpt":{"rendered":"<p>PUERTO DESEADO.- Est\u00e1 dirigido\u00a0a funcionarios t\u00e9cnicos provenientes de \u00f3rganos gubernamentales a nivel provincial y municipal con competencias en \u00e1reas costeras, [&hellip;]<\/p>\n","protected":false},"author":2,"featured_media":37051,"comment_status":"open","ping_status":"open","sticky":false,"template":"","format":"standard","meta":{"site-sidebar-layout":"default","site-content-layout":"","ast-site-content-layout":"default","site-content-style":"default","site-sidebar-style":"default","ast-global-header-display":"","ast-banner-title-visibility":"","ast-main-header-display":"","ast-hfb-above-header-display":"","ast-hfb-below-header-display":"","ast-hfb-mobile-header-display":"","site-post-title":"","ast-breadcrumbs-content":"","ast-featured-img":"","footer-sml-layout":"","ast-disable-related-posts":"","theme-transparent-header-meta":"","adv-header-id-meta":"","stick-header-meta":"","header-above-stick-meta":"","header-main-stick-meta":"","header-below-stick-meta":"","astra-migrate-meta-layouts":"default","ast-page-background-enabled":"default","ast-page-background-meta":{"desktop":{"background-color":"var(--ast-global-color-5)","background-image":"","background-repeat":"repeat","background-position":"center center","background-size":"auto","background-attachment":"scroll","background-type":"","background-media":"","overlay-type":"","overlay-color":"","overlay-opacity":"","overlay-gradient":""},"tablet":{"background-color":"","background-image":"","background-repeat":"repeat","background-position":"center center","background-size":"auto","background-attachment":"scroll","background-type":"","background-media":"","overlay-type":"","overlay-color":"","overlay-opacity":"","overlay-gradient":""},"mobile":{"background-color":"","background-image":"","background-repeat":"repeat","background-position":"center center","background-size":"auto","background-attachment":"scroll","background-type":"","background-media":"","overlay-type":"","overlay-color":"","overlay-opacity":"","overlay-gradient":""}},"ast-content-background-meta":{"desktop":{"background-color":"var(--ast-global-color-4)","background-image":"","background-repeat":"repeat","background-position":"center center","background-size":"auto","background-attachment":"scroll","background-type":"","background-media":"","overlay-type":"","overlay-color":"","overlay-opacity":"","overlay-gradient":""},"tablet":{"background-color":"var(--ast-global-color-4)","background-image":"","background-repeat":"repeat","background-position":"center center","background-size":"auto","background-attachment":"scroll","background-type":"","background-media":"","overlay-type":"","overlay-color":"","overlay-opacity":"","overlay-gradient":""},"mobile":{"background-color":"var(--ast-global-color-4)","background-image":"","background-repeat":"repeat","background-position":"center center","background-size":"auto","background-attachment":"scroll","background-type":"","background-media":"","overlay-type":"","overlay-color":"","overlay-opacity":"","overlay-gradient":""}},"footnotes":""},"categories":[12,46,1],"tags":[],"class_list":["post-37050","post","type-post","status-publish","format-standard","has-post-thumbnail","hentry","category-agenda-ambiental","category-municipios","category-noticias"],"yoast_head":"<!-- This site is optimized with the Yoast SEO Premium plugin v23.0 (Yoast SEO v27.5) - https:\/\/yoast.com\/product\/yoast-seo-premium-wordpress\/ -->\n<title>Brindar\u00e1n taller de Estrategia Federal de Manejo Costero Integrado<\/title>\n<meta name=\"robots\" content=\"index, follow, max-snippet:-1, max-image-preview:large, max-video-preview:-1\" \/>\n<link rel=\"canonical\" href=\"https:\/\/patagoniambiental.com.ar\/info\/brindaran-taller-de-estrategia-federal-de-manejo-costero-integrado\/\" \/>\n<meta property=\"og:locale\" content=\"es_ES\" \/>\n<meta property=\"og:type\" content=\"article\" \/>\n<meta property=\"og:title\" content=\"Brindar\u00e1n taller de Estrategia Federal de Manejo Costero Integrado\" \/>\n<meta property=\"og:description\" content=\"PUERTO DESEADO.- Est\u00e1 dirigido\u00a0a funcionarios t\u00e9cnicos provenientes de \u00f3rganos gubernamentales a nivel provincial y municipal con competencias en \u00e1reas costeras, [&hellip;]\" \/>\n<meta property=\"og:url\" content=\"https:\/\/patagoniambiental.com.ar\/info\/brindaran-taller-de-estrategia-federal-de-manejo-costero-integrado\/\" \/>\n<meta property=\"og:site_name\" content=\"Patagonia Ambiental\" \/>\n<meta property=\"article:publisher\" content=\"https:\/\/www.facebook.com\/patagonia.ambiental\" \/>\n<meta property=\"article:author\" content=\"https:\/\/www.facebook.com\/share\/1C1V8Gv9BX\/?mibextid=qi2Omg\" \/>\n<meta property=\"article:published_time\" content=\"2017-10-25T12:00:54+00:00\" \/>\n<meta property=\"og:image\" content=\"https:\/\/patagoniambiental.com.ar\/info\/wp-content\/uploads\/2017\/10\/taller-provincial.jpg\" \/>\n\t<meta property=\"og:image:width\" content=\"555\" \/>\n\t<meta property=\"og:image:height\" content=\"416\" \/>\n\t<meta property=\"og:image:type\" content=\"image\/jpeg\" \/>\n<meta name=\"author\" content=\"Patagonia Ambiental\" \/>\n<meta name=\"twitter:card\" content=\"summary_large_image\" \/>\n<meta name=\"twitter:creator\" content=\"@PatAmb\" \/>\n<meta name=\"twitter:site\" content=\"@PatAmb\" \/>\n<script type=\"application\/ld+json\" class=\"yoast-schema-graph\">{\"@context\":\"https:\\\/\\\/schema.org\",\"@graph\":[{\"@type\":\"Article\",\"@id\":\"https:\\\/\\\/patagoniambiental.com.ar\\\/info\\\/brindaran-taller-de-estrategia-federal-de-manejo-costero-integrado\\\/#article\",\"isPartOf\":{\"@id\":\"https:\\\/\\\/patagoniambiental.com.ar\\\/info\\\/brindaran-taller-de-estrategia-federal-de-manejo-costero-integrado\\\/\"},\"author\":{\"name\":\"Patagonia Ambiental\",\"@id\":\"https:\\\/\\\/patagoniambiental.com.ar\\\/info\\\/#\\\/schema\\\/person\\\/db12bff64bbcbf6a253710bf0ea37b5d\"},\"headline\":\"Brindar\u00e1n taller de Estrategia Federal de Manejo Costero Integrado\",\"datePublished\":\"2017-10-25T12:00:54+00:00\",\"mainEntityOfPage\":{\"@id\":\"https:\\\/\\\/patagoniambiental.com.ar\\\/info\\\/brindaran-taller-de-estrategia-federal-de-manejo-costero-integrado\\\/\"},\"wordCount\":577,\"commentCount\":0,\"publisher\":{\"@id\":\"https:\\\/\\\/patagoniambiental.com.ar\\\/info\\\/#organization\"},\"image\":{\"@id\":\"https:\\\/\\\/patagoniambiental.com.ar\\\/info\\\/brindaran-taller-de-estrategia-federal-de-manejo-costero-integrado\\\/#primaryimage\"},\"thumbnailUrl\":\"https:\\\/\\\/patagoniambiental.com.ar\\\/info\\\/wp-content\\\/uploads\\\/2017\\\/10\\\/taller-provincial.jpg\",\"articleSection\":[\"Agenda Ambiental\",\"Municipios\",\"Noticias\"],\"inLanguage\":\"es\",\"potentialAction\":[{\"@type\":\"CommentAction\",\"name\":\"Comment\",\"target\":[\"https:\\\/\\\/patagoniambiental.com.ar\\\/info\\\/brindaran-taller-de-estrategia-federal-de-manejo-costero-integrado\\\/#respond\"]}]},{\"@type\":\"WebPage\",\"@id\":\"https:\\\/\\\/patagoniambiental.com.ar\\\/info\\\/brindaran-taller-de-estrategia-federal-de-manejo-costero-integrado\\\/\",\"url\":\"https:\\\/\\\/patagoniambiental.com.ar\\\/info\\\/brindaran-taller-de-estrategia-federal-de-manejo-costero-integrado\\\/\",\"name\":\"Brindar\u00e1n taller de Estrategia Federal de Manejo Costero Integrado\",\"isPartOf\":{\"@id\":\"https:\\\/\\\/patagoniambiental.com.ar\\\/info\\\/#website\"},\"primaryImageOfPage\":{\"@id\":\"https:\\\/\\\/patagoniambiental.com.ar\\\/info\\\/brindaran-taller-de-estrategia-federal-de-manejo-costero-integrado\\\/#primaryimage\"},\"image\":{\"@id\":\"https:\\\/\\\/patagoniambiental.com.ar\\\/info\\\/brindaran-taller-de-estrategia-federal-de-manejo-costero-integrado\\\/#primaryimage\"},\"thumbnailUrl\":\"https:\\\/\\\/patagoniambiental.com.ar\\\/info\\\/wp-content\\\/uploads\\\/2017\\\/10\\\/taller-provincial.jpg\",\"datePublished\":\"2017-10-25T12:00:54+00:00\",\"breadcrumb\":{\"@id\":\"https:\\\/\\\/patagoniambiental.com.ar\\\/info\\\/brindaran-taller-de-estrategia-federal-de-manejo-costero-integrado\\\/#breadcrumb\"},\"inLanguage\":\"es\",\"potentialAction\":[{\"@type\":\"ReadAction\",\"target\":[\"https:\\\/\\\/patagoniambiental.com.ar\\\/info\\\/brindaran-taller-de-estrategia-federal-de-manejo-costero-integrado\\\/\"]}]},{\"@type\":\"ImageObject\",\"inLanguage\":\"es\",\"@id\":\"https:\\\/\\\/patagoniambiental.com.ar\\\/info\\\/brindaran-taller-de-estrategia-federal-de-manejo-costero-integrado\\\/#primaryimage\",\"url\":\"https:\\\/\\\/patagoniambiental.com.ar\\\/info\\\/wp-content\\\/uploads\\\/2017\\\/10\\\/taller-provincial.jpg\",\"contentUrl\":\"https:\\\/\\\/patagoniambiental.com.ar\\\/info\\\/wp-content\\\/uploads\\\/2017\\\/10\\\/taller-provincial.jpg\",\"width\":555,\"height\":416},{\"@type\":\"BreadcrumbList\",\"@id\":\"https:\\\/\\\/patagoniambiental.com.ar\\\/info\\\/brindaran-taller-de-estrategia-federal-de-manejo-costero-integrado\\\/#breadcrumb\",\"itemListElement\":[{\"@type\":\"ListItem\",\"position\":1,\"name\":\"Inicio\",\"item\":\"https:\\\/\\\/patagoniambiental.com.ar\\\/info\\\/\"},{\"@type\":\"ListItem\",\"position\":2,\"name\":\"Brindar\u00e1n taller de Estrategia Federal de Manejo Costero Integrado\"}]},{\"@type\":\"WebSite\",\"@id\":\"https:\\\/\\\/patagoniambiental.com.ar\\\/info\\\/#website\",\"url\":\"https:\\\/\\\/patagoniambiental.com.ar\\\/info\\\/\",\"name\":\"Patagonia Ambiental\",\"description\":\"Monitoreo y an\u00e1lisis de la situaci\u00f3n geopol\u00edtica en el mundo y su implicancia en la Patagonia\",\"publisher\":{\"@id\":\"https:\\\/\\\/patagoniambiental.com.ar\\\/info\\\/#organization\"},\"potentialAction\":[{\"@type\":\"SearchAction\",\"target\":{\"@type\":\"EntryPoint\",\"urlTemplate\":\"https:\\\/\\\/patagoniambiental.com.ar\\\/info\\\/?s={search_term_string}\"},\"query-input\":{\"@type\":\"PropertyValueSpecification\",\"valueRequired\":true,\"valueName\":\"search_term_string\"}}],\"inLanguage\":\"es\"},{\"@type\":\"Organization\",\"@id\":\"https:\\\/\\\/patagoniambiental.com.ar\\\/info\\\/#organization\",\"name\":\"Patagonia Ambiental\",\"url\":\"https:\\\/\\\/patagoniambiental.com.ar\\\/info\\\/\",\"logo\":{\"@type\":\"ImageObject\",\"inLanguage\":\"es\",\"@id\":\"https:\\\/\\\/patagoniambiental.com.ar\\\/info\\\/#\\\/schema\\\/logo\\\/image\\\/\",\"url\":\"https:\\\/\\\/patagoniambiental.com.ar\\\/info\\\/wp-content\\\/uploads\\\/2025\\\/05\\\/LOGO-PATAGONIA-AMBIENTAL.png\",\"contentUrl\":\"https:\\\/\\\/patagoniambiental.com.ar\\\/info\\\/wp-content\\\/uploads\\\/2025\\\/05\\\/LOGO-PATAGONIA-AMBIENTAL.png\",\"width\":433,\"height\":250,\"caption\":\"Patagonia Ambiental\"},\"image\":{\"@id\":\"https:\\\/\\\/patagoniambiental.com.ar\\\/info\\\/#\\\/schema\\\/logo\\\/image\\\/\"},\"sameAs\":[\"https:\\\/\\\/www.facebook.com\\\/patagonia.ambiental\",\"https:\\\/\\\/x.com\\\/PatAmb\"]},{\"@type\":\"Person\",\"@id\":\"https:\\\/\\\/patagoniambiental.com.ar\\\/info\\\/#\\\/schema\\\/person\\\/db12bff64bbcbf6a253710bf0ea37b5d\",\"name\":\"Patagonia Ambiental\",\"description\":\"Andr\u00e9s Nievas T\u00e9cnico en manejo ambiental, consultor Ambiental y escritor para medios locales e internacionales sobre temas de geopolitica y medio ambiente.\",\"sameAs\":[\"http:\\\/\\\/www.patagoniambiental.com.ar\",\"https:\\\/\\\/www.facebook.com\\\/share\\\/1C1V8Gv9BX\\\/?mibextid=qi2Omg\",\"@patagoniambiental\",\"https:\\\/\\\/youtube.com\\\/@patagoniaambiental2023?si=BLt58t0wuXquxlYZ\"]}]}<\/script>\n<!-- \/ Yoast SEO Premium plugin. -->","yoast_head_json":{"title":"Brindar\u00e1n taller de Estrategia Federal de Manejo Costero Integrado","robots":{"index":"index","follow":"follow","max-snippet":"max-snippet:-1","max-image-preview":"max-image-preview:large","max-video-preview":"max-video-preview:-1"},"canonical":"https:\/\/patagoniambiental.com.ar\/info\/brindaran-taller-de-estrategia-federal-de-manejo-costero-integrado\/","og_locale":"es_ES","og_type":"article","og_title":"Brindar\u00e1n taller de Estrategia Federal de Manejo Costero Integrado","og_description":"PUERTO DESEADO.- Est\u00e1 dirigido\u00a0a funcionarios t\u00e9cnicos provenientes de \u00f3rganos gubernamentales a nivel provincial y municipal con competencias en \u00e1reas costeras, [&hellip;]","og_url":"https:\/\/patagoniambiental.com.ar\/info\/brindaran-taller-de-estrategia-federal-de-manejo-costero-integrado\/","og_site_name":"Patagonia Ambiental","article_publisher":"https:\/\/www.facebook.com\/patagonia.ambiental","article_author":"https:\/\/www.facebook.com\/share\/1C1V8Gv9BX\/?mibextid=qi2Omg","article_published_time":"2017-10-25T12:00:54+00:00","og_image":[{"width":555,"height":416,"url":"https:\/\/patagoniambiental.com.ar\/info\/wp-content\/uploads\/2017\/10\/taller-provincial.jpg","type":"image\/jpeg"}],"author":"Patagonia Ambiental","twitter_card":"summary_large_image","twitter_creator":"@PatAmb","twitter_site":"@PatAmb","schema":{"@context":"https:\/\/schema.org","@graph":[{"@type":"Article","@id":"https:\/\/patagoniambiental.com.ar\/info\/brindaran-taller-de-estrategia-federal-de-manejo-costero-integrado\/#article","isPartOf":{"@id":"https:\/\/patagoniambiental.com.ar\/info\/brindaran-taller-de-estrategia-federal-de-manejo-costero-integrado\/"},"author":{"name":"Patagonia Ambiental","@id":"https:\/\/patagoniambiental.com.ar\/info\/#\/schema\/person\/db12bff64bbcbf6a253710bf0ea37b5d"},"headline":"Brindar\u00e1n taller de Estrategia Federal de Manejo Costero Integrado","datePublished":"2017-10-25T12:00:54+00:00","mainEntityOfPage":{"@id":"https:\/\/patagoniambiental.com.ar\/info\/brindaran-taller-de-estrategia-federal-de-manejo-costero-integrado\/"},"wordCount":577,"commentCount":0,"publisher":{"@id":"https:\/\/patagoniambiental.com.ar\/info\/#organization"},"image":{"@id":"https:\/\/patagoniambiental.com.ar\/info\/brindaran-taller-de-estrategia-federal-de-manejo-costero-integrado\/#primaryimage"},"thumbnailUrl":"https:\/\/patagoniambiental.com.ar\/info\/wp-content\/uploads\/2017\/10\/taller-provincial.jpg","articleSection":["Agenda Ambiental","Municipios","Noticias"],"inLanguage":"es","potentialAction":[{"@type":"CommentAction","name":"Comment","target":["https:\/\/patagoniambiental.com.ar\/info\/brindaran-taller-de-estrategia-federal-de-manejo-costero-integrado\/#respond"]}]},{"@type":"WebPage","@id":"https:\/\/patagoniambiental.com.ar\/info\/brindaran-taller-de-estrategia-federal-de-manejo-costero-integrado\/","url":"https:\/\/patagoniambiental.com.ar\/info\/brindaran-taller-de-estrategia-federal-de-manejo-costero-integrado\/","name":"Brindar\u00e1n taller de Estrategia Federal de Manejo Costero Integrado","isPartOf":{"@id":"https:\/\/patagoniambiental.com.ar\/info\/#website"},"primaryImageOfPage":{"@id":"https:\/\/patagoniambiental.com.ar\/info\/brindaran-taller-de-estrategia-federal-de-manejo-costero-integrado\/#primaryimage"},"image":{"@id":"https:\/\/patagoniambiental.com.ar\/info\/brindaran-taller-de-estrategia-federal-de-manejo-costero-integrado\/#primaryimage"},"thumbnailUrl":"https:\/\/patagoniambiental.com.ar\/info\/wp-content\/uploads\/2017\/10\/taller-provincial.jpg","datePublished":"2017-10-25T12:00:54+00:00","breadcrumb":{"@id":"https:\/\/patagoniambiental.com.ar\/info\/brindaran-taller-de-estrategia-federal-de-manejo-costero-integrado\/#breadcrumb"},"inLanguage":"es","potentialAction":[{"@type":"ReadAction","target":["https:\/\/patagoniambiental.com.ar\/info\/brindaran-taller-de-estrategia-federal-de-manejo-costero-integrado\/"]}]},{"@type":"ImageObject","inLanguage":"es","@id":"https:\/\/patagoniambiental.com.ar\/info\/brindaran-taller-de-estrategia-federal-de-manejo-costero-integrado\/#primaryimage","url":"https:\/\/patagoniambiental.com.ar\/info\/wp-content\/uploads\/2017\/10\/taller-provincial.jpg","contentUrl":"https:\/\/patagoniambiental.com.ar\/info\/wp-content\/uploads\/2017\/10\/taller-provincial.jpg","width":555,"height":416},{"@type":"BreadcrumbList","@id":"https:\/\/patagoniambiental.com.ar\/info\/brindaran-taller-de-estrategia-federal-de-manejo-costero-integrado\/#breadcrumb","itemListElement":[{"@type":"ListItem","position":1,"name":"Inicio","item":"https:\/\/patagoniambiental.com.ar\/info\/"},{"@type":"ListItem","position":2,"name":"Brindar\u00e1n taller de Estrategia Federal de Manejo Costero Integrado"}]},{"@type":"WebSite","@id":"https:\/\/patagoniambiental.com.ar\/info\/#website","url":"https:\/\/patagoniambiental.com.ar\/info\/","name":"Patagonia Ambiental","description":"Monitoreo y an\u00e1lisis de la situaci\u00f3n geopol\u00edtica en el mundo y su implicancia en la Patagonia","publisher":{"@id":"https:\/\/patagoniambiental.com.ar\/info\/#organization"},"potentialAction":[{"@type":"SearchAction","target":{"@type":"EntryPoint","urlTemplate":"https:\/\/patagoniambiental.com.ar\/info\/?s={search_term_string}"},"query-input":{"@type":"PropertyValueSpecification","valueRequired":true,"valueName":"search_term_string"}}],"inLanguage":"es"},{"@type":"Organization","@id":"https:\/\/patagoniambiental.com.ar\/info\/#organization","name":"Patagonia Ambiental","url":"https:\/\/patagoniambiental.com.ar\/info\/","logo":{"@type":"ImageObject","inLanguage":"es","@id":"https:\/\/patagoniambiental.com.ar\/info\/#\/schema\/logo\/image\/","url":"https:\/\/patagoniambiental.com.ar\/info\/wp-content\/uploads\/2025\/05\/LOGO-PATAGONIA-AMBIENTAL.png","contentUrl":"https:\/\/patagoniambiental.com.ar\/info\/wp-content\/uploads\/2025\/05\/LOGO-PATAGONIA-AMBIENTAL.png","width":433,"height":250,"caption":"Patagonia Ambiental"},"image":{"@id":"https:\/\/patagoniambiental.com.ar\/info\/#\/schema\/logo\/image\/"},"sameAs":["https:\/\/www.facebook.com\/patagonia.ambiental","https:\/\/x.com\/PatAmb"]},{"@type":"Person","@id":"https:\/\/patagoniambiental.com.ar\/info\/#\/schema\/person\/db12bff64bbcbf6a253710bf0ea37b5d","name":"Patagonia Ambiental","description":"Andr\u00e9s Nievas T\u00e9cnico en manejo ambiental, consultor Ambiental y escritor para medios locales e internacionales sobre temas de geopolitica y medio ambiente.","sameAs":["http:\/\/www.patagoniambiental.com.ar","https:\/\/www.facebook.com\/share\/1C1V8Gv9BX\/?mibextid=qi2Omg","@patagoniambiental","https:\/\/youtube.com\/@patagoniaambiental2023?si=BLt58t0wuXquxlYZ"]}]}},"_links":{"self":[{"href":"https:\/\/patagoniambiental.com.ar\/info\/wp-json\/wp\/v2\/posts\/37050","targetHints":{"allow":["GET"]}}],"collection":[{"href":"https:\/\/patagoniambiental.com.ar\/info\/wp-json\/wp\/v2\/posts"}],"about":[{"href":"https:\/\/patagoniambiental.com.ar\/info\/wp-json\/wp\/v2\/types\/post"}],"author":[{"embeddable":true,"href":"https:\/\/patagoniambiental.com.ar\/info\/wp-json\/wp\/v2\/users\/2"}],"replies":[{"embeddable":true,"href":"https:\/\/patagoniambiental.com.ar\/info\/wp-json\/wp\/v2\/comments?post=37050"}],"version-history":[{"count":0,"href":"https:\/\/patagoniambiental.com.ar\/info\/wp-json\/wp\/v2\/posts\/37050\/revisions"}],"wp:featuredmedia":[{"embeddable":true,"href":"https:\/\/patagoniambiental.com.ar\/info\/wp-json\/wp\/v2\/media\/37051"}],"wp:attachment":[{"href":"https:\/\/patagoniambiental.com.ar\/info\/wp-json\/wp\/v2\/media?parent=37050"}],"wp:term":[{"taxonomy":"category","embeddable":true,"href":"https:\/\/patagoniambiental.com.ar\/info\/wp-json\/wp\/v2\/categories?post=37050"},{"taxonomy":"post_tag","embeddable":true,"href":"https:\/\/patagoniambiental.com.ar\/info\/wp-json\/wp\/v2\/tags?post=37050"}],"curies":[{"name":"wp","href":"https:\/\/api.w.org\/{rel}","templated":true}]}}