{"id":37064,"date":"2017-10-25T09:00:12","date_gmt":"2017-10-25T12:00:12","guid":{"rendered":"http:\/\/patagoniambiental.com.ar\/info\/?p=37064"},"modified":"2017-10-25T11:14:27","modified_gmt":"2017-10-25T14:14:27","slug":"centroamerica-nicaragua-aprueba-acuerdo-de-paris-sobre-el-cambio-climatico","status":"publish","type":"post","link":"https:\/\/patagoniambiental.com.ar\/info\/centroamerica-nicaragua-aprueba-acuerdo-de-paris-sobre-el-cambio-climatico\/","title":{"rendered":"Centroam\u00e9rica: Nicaragua Aprueba Acuerdo De Par\u00eds Sobre El Cambio Clim\u00e1tico."},"content":{"rendered":"<h5>Nicaragua.-Nicaragua anunci\u00f3 que se suma al Acuerdo de Par\u00eds sobre Cambio Clim\u00e1tico, con lo que deja a Estados Unidos y Siria como los \u00fanicos dos pa\u00edses fuera del pacto mundial.<\/h5>\n<p><!--more--><\/p>\n<p><em>\u201c<\/em>Ahora lo suscribimos en atenci\u00f3n sobre todo a que es el \u00fanico instrumento que tenemos en el mundo que nos permite la unidad de intenciones y esfuerzos para enfrentar el Cambio Clim\u00e1tico y los desastres naturales, enfrentarlos en mejores condiciones\u201d, explic\u00f3 la vicepresidenta de Nicaragua, Rosario Murillo.<\/p>\n<p>El acuerdo de Par\u00eds fue presentado como el logro ambiental m\u00e1s importante de la historia por su alcance global y sus objetivos a largo plazo.<\/p>\n<p>La Delegaci\u00f3n de la Uni\u00f3n Europea en Nicaragua y las Embajadas de los Estados miembros presentes en ese pa\u00eds centroamericano felicitaron la adhesi\u00f3n.<\/p>\n<p>\u201cNicaragua sufre extrema vulnerabilidad a fen\u00f3menos clim\u00e1ticos, incluidos los tr\u00e1gicos eventos recientes. El pa\u00eds ya \u00a0ha avanzado en medidas contra el cambio clim\u00e1tico, como es la promoci\u00f3n de energ\u00eda renovable. La UE seguir\u00e1 apoyando a Nicaragua en el \u00e1mbito de la adaptaci\u00f3n y mitigaci\u00f3n al cambio clim\u00e1tico a trav\u00e9s de sus proyectos de cooperaci\u00f3n\u201d, dice el comunicado enviado por la UE al Gobierno.<\/p>\n<p>El Acuerdo de Par\u00eds fue firmado por 195 pa\u00edses en diciembre de 2015. El pasado mes de junio, el presidente de Estados Unidos, Donald Trump, anunci\u00f3 el retiro de su pa\u00eds de este acuerdo, tal como lo hab\u00eda prometido en su campa\u00f1a presidencial.<\/p>\n<p>Despu\u00e9s de China, EE.UU. es el mayor emisor de gases de efecto invernadero en el mundo, seg\u00fan la Base de Datos de Emisiones para la Investigaci\u00f3n Atmosf\u00e9rica Global.<\/p>\n<p>Fuente:\u00a0https:\/\/rceni.com\/2017\/10\/25\/centroamerica-nicaragua-aprueba-acuerdo-de-paris-sobre-el-cambio-climatico\/<\/p>\n","protected":false},"excerpt":{"rendered":"<p>Nicaragua.-Nicaragua anunci\u00f3 que se suma al Acuerdo de Par\u00eds sobre Cambio Clim\u00e1tico, con lo que deja a Estados Unidos y [&hellip;]<\/p>\n","protected":false},"author":2,"featured_media":37065,"comment_status":"open","ping_status":"open","sticky":false,"template":"","format":"standard","meta":{"site-sidebar-layout":"default","site-content-layout":"","ast-site-content-layout":"default","site-content-style":"default","site-sidebar-style":"default","ast-global-header-display":"","ast-banner-title-visibility":"","ast-main-header-display":"","ast-hfb-above-header-display":"","ast-hfb-below-header-display":"","ast-hfb-mobile-header-display":"","site-post-title":"","ast-breadcrumbs-content":"","ast-featured-img":"","footer-sml-layout":"","ast-disable-related-posts":"","theme-transparent-header-meta":"","adv-header-id-meta":"","stick-header-meta":"","header-above-stick-meta":"","header-main-stick-meta":"","header-below-stick-meta":"","astra-migrate-meta-layouts":"default","ast-page-background-enabled":"default","ast-page-background-meta":{"desktop":{"background-color":"var(--ast-global-color-5)","background-image":"","background-repeat":"repeat","background-position":"center center","background-size":"auto","background-attachment":"scroll","background-type":"","background-media":"","overlay-type":"","overlay-color":"","overlay-opacity":"","overlay-gradient":""},"tablet":{"background-color":"","background-image":"","background-repeat":"repeat","background-position":"center center","background-size":"auto","background-attachment":"scroll","background-type":"","background-media":"","overlay-type":"","overlay-color":"","overlay-opacity":"","overlay-gradient":""},"mobile":{"background-color":"","background-image":"","background-repeat":"repeat","background-position":"center center","background-size":"auto","background-attachment":"scroll","background-type":"","background-media":"","overlay-type":"","overlay-color":"","overlay-opacity":"","overlay-gradient":""}},"ast-content-background-meta":{"desktop":{"background-color":"var(--ast-global-color-4)","background-image":"","background-repeat":"repeat","background-position":"center center","background-size":"auto","background-attachment":"scroll","background-type":"","background-media":"","overlay-type":"","overlay-color":"","overlay-opacity":"","overlay-gradient":""},"tablet":{"background-color":"var(--ast-global-color-4)","background-image":"","background-repeat":"repeat","background-position":"center center","background-size":"auto","background-attachment":"scroll","background-type":"","background-media":"","overlay-type":"","overlay-color":"","overlay-opacity":"","overlay-gradient":""},"mobile":{"background-color":"var(--ast-global-color-4)","background-image":"","background-repeat":"repeat","background-position":"center center","background-size":"auto","background-attachment":"scroll","background-type":"","background-media":"","overlay-type":"","overlay-color":"","overlay-opacity":"","overlay-gradient":""}},"footnotes":""},"categories":[23,1],"tags":[],"class_list":["post-37064","post","type-post","status-publish","format-standard","has-post-thumbnail","hentry","category-internacionales","category-noticias"],"yoast_head":"<!-- This site is optimized with the Yoast SEO Premium plugin v23.0 (Yoast SEO v27.5) - https:\/\/yoast.com\/product\/yoast-seo-premium-wordpress\/ -->\n<title>Centroam\u00e9rica: Nicaragua Aprueba Acuerdo De Par\u00eds Sobre El Cambio Clim\u00e1tico.<\/title>\n<meta name=\"robots\" content=\"index, follow, max-snippet:-1, max-image-preview:large, max-video-preview:-1\" \/>\n<link rel=\"canonical\" href=\"https:\/\/patagoniambiental.com.ar\/info\/centroamerica-nicaragua-aprueba-acuerdo-de-paris-sobre-el-cambio-climatico\/\" \/>\n<meta property=\"og:locale\" content=\"es_ES\" \/>\n<meta property=\"og:type\" content=\"article\" \/>\n<meta property=\"og:title\" content=\"Centroam\u00e9rica: Nicaragua Aprueba Acuerdo De Par\u00eds Sobre El Cambio Clim\u00e1tico.\" \/>\n<meta property=\"og:description\" content=\"Nicaragua.-Nicaragua anunci\u00f3 que se suma al Acuerdo de Par\u00eds sobre Cambio Clim\u00e1tico, con lo que deja a Estados Unidos y [&hellip;]\" \/>\n<meta property=\"og:url\" content=\"https:\/\/patagoniambiental.com.ar\/info\/centroamerica-nicaragua-aprueba-acuerdo-de-paris-sobre-el-cambio-climatico\/\" \/>\n<meta property=\"og:site_name\" content=\"Patagonia Ambiental\" \/>\n<meta property=\"article:publisher\" content=\"https:\/\/www.facebook.com\/patagonia.ambiental\" \/>\n<meta property=\"article:author\" content=\"https:\/\/www.facebook.com\/share\/1C1V8Gv9BX\/?mibextid=qi2Omg\" \/>\n<meta property=\"article:published_time\" content=\"2017-10-25T12:00:12+00:00\" \/>\n<meta property=\"article:modified_time\" content=\"2017-10-25T14:14:27+00:00\" \/>\n<meta property=\"og:image\" content=\"https:\/\/patagoniambiental.com.ar\/info\/wp-content\/uploads\/2017\/10\/Ambientalistas-Ortega-cambio-climatico-Nicaragua_EDIIMA20171020_0014_4_Easy-Resize.com_.jpg\" \/>\n\t<meta property=\"og:image:width\" content=\"640\" \/>\n\t<meta property=\"og:image:height\" content=\"360\" \/>\n\t<meta property=\"og:image:type\" content=\"image\/jpeg\" \/>\n<meta name=\"author\" content=\"Patagonia Ambiental\" \/>\n<meta name=\"twitter:card\" content=\"summary_large_image\" \/>\n<meta name=\"twitter:creator\" content=\"@PatAmb\" \/>\n<meta name=\"twitter:site\" content=\"@PatAmb\" \/>\n<script type=\"application\/ld+json\" class=\"yoast-schema-graph\">{\"@context\":\"https:\\\/\\\/schema.org\",\"@graph\":[{\"@type\":\"Article\",\"@id\":\"https:\\\/\\\/patagoniambiental.com.ar\\\/info\\\/centroamerica-nicaragua-aprueba-acuerdo-de-paris-sobre-el-cambio-climatico\\\/#article\",\"isPartOf\":{\"@id\":\"https:\\\/\\\/patagoniambiental.com.ar\\\/info\\\/centroamerica-nicaragua-aprueba-acuerdo-de-paris-sobre-el-cambio-climatico\\\/\"},\"author\":{\"name\":\"Patagonia Ambiental\",\"@id\":\"https:\\\/\\\/patagoniambiental.com.ar\\\/info\\\/#\\\/schema\\\/person\\\/db12bff64bbcbf6a253710bf0ea37b5d\"},\"headline\":\"Centroam\u00e9rica: Nicaragua Aprueba Acuerdo De Par\u00eds Sobre El Cambio Clim\u00e1tico.\",\"datePublished\":\"2017-10-25T12:00:12+00:00\",\"dateModified\":\"2017-10-25T14:14:27+00:00\",\"mainEntityOfPage\":{\"@id\":\"https:\\\/\\\/patagoniambiental.com.ar\\\/info\\\/centroamerica-nicaragua-aprueba-acuerdo-de-paris-sobre-el-cambio-climatico\\\/\"},\"wordCount\":309,\"commentCount\":0,\"publisher\":{\"@id\":\"https:\\\/\\\/patagoniambiental.com.ar\\\/info\\\/#organization\"},\"image\":{\"@id\":\"https:\\\/\\\/patagoniambiental.com.ar\\\/info\\\/centroamerica-nicaragua-aprueba-acuerdo-de-paris-sobre-el-cambio-climatico\\\/#primaryimage\"},\"thumbnailUrl\":\"https:\\\/\\\/patagoniambiental.com.ar\\\/info\\\/wp-content\\\/uploads\\\/2017\\\/10\\\/Ambientalistas-Ortega-cambio-climatico-Nicaragua_EDIIMA20171020_0014_4_Easy-Resize.com_.jpg\",\"articleSection\":[\"Internacionales\",\"Noticias\"],\"inLanguage\":\"es\",\"potentialAction\":[{\"@type\":\"CommentAction\",\"name\":\"Comment\",\"target\":[\"https:\\\/\\\/patagoniambiental.com.ar\\\/info\\\/centroamerica-nicaragua-aprueba-acuerdo-de-paris-sobre-el-cambio-climatico\\\/#respond\"]}]},{\"@type\":\"WebPage\",\"@id\":\"https:\\\/\\\/patagoniambiental.com.ar\\\/info\\\/centroamerica-nicaragua-aprueba-acuerdo-de-paris-sobre-el-cambio-climatico\\\/\",\"url\":\"https:\\\/\\\/patagoniambiental.com.ar\\\/info\\\/centroamerica-nicaragua-aprueba-acuerdo-de-paris-sobre-el-cambio-climatico\\\/\",\"name\":\"Centroam\u00e9rica: Nicaragua Aprueba Acuerdo De Par\u00eds Sobre El Cambio Clim\u00e1tico.\",\"isPartOf\":{\"@id\":\"https:\\\/\\\/patagoniambiental.com.ar\\\/info\\\/#website\"},\"primaryImageOfPage\":{\"@id\":\"https:\\\/\\\/patagoniambiental.com.ar\\\/info\\\/centroamerica-nicaragua-aprueba-acuerdo-de-paris-sobre-el-cambio-climatico\\\/#primaryimage\"},\"image\":{\"@id\":\"https:\\\/\\\/patagoniambiental.com.ar\\\/info\\\/centroamerica-nicaragua-aprueba-acuerdo-de-paris-sobre-el-cambio-climatico\\\/#primaryimage\"},\"thumbnailUrl\":\"https:\\\/\\\/patagoniambiental.com.ar\\\/info\\\/wp-content\\\/uploads\\\/2017\\\/10\\\/Ambientalistas-Ortega-cambio-climatico-Nicaragua_EDIIMA20171020_0014_4_Easy-Resize.com_.jpg\",\"datePublished\":\"2017-10-25T12:00:12+00:00\",\"dateModified\":\"2017-10-25T14:14:27+00:00\",\"breadcrumb\":{\"@id\":\"https:\\\/\\\/patagoniambiental.com.ar\\\/info\\\/centroamerica-nicaragua-aprueba-acuerdo-de-paris-sobre-el-cambio-climatico\\\/#breadcrumb\"},\"inLanguage\":\"es\",\"potentialAction\":[{\"@type\":\"ReadAction\",\"target\":[\"https:\\\/\\\/patagoniambiental.com.ar\\\/info\\\/centroamerica-nicaragua-aprueba-acuerdo-de-paris-sobre-el-cambio-climatico\\\/\"]}]},{\"@type\":\"ImageObject\",\"inLanguage\":\"es\",\"@id\":\"https:\\\/\\\/patagoniambiental.com.ar\\\/info\\\/centroamerica-nicaragua-aprueba-acuerdo-de-paris-sobre-el-cambio-climatico\\\/#primaryimage\",\"url\":\"https:\\\/\\\/patagoniambiental.com.ar\\\/info\\\/wp-content\\\/uploads\\\/2017\\\/10\\\/Ambientalistas-Ortega-cambio-climatico-Nicaragua_EDIIMA20171020_0014_4_Easy-Resize.com_.jpg\",\"contentUrl\":\"https:\\\/\\\/patagoniambiental.com.ar\\\/info\\\/wp-content\\\/uploads\\\/2017\\\/10\\\/Ambientalistas-Ortega-cambio-climatico-Nicaragua_EDIIMA20171020_0014_4_Easy-Resize.com_.jpg\",\"width\":640,\"height\":360},{\"@type\":\"BreadcrumbList\",\"@id\":\"https:\\\/\\\/patagoniambiental.com.ar\\\/info\\\/centroamerica-nicaragua-aprueba-acuerdo-de-paris-sobre-el-cambio-climatico\\\/#breadcrumb\",\"itemListElement\":[{\"@type\":\"ListItem\",\"position\":1,\"name\":\"Inicio\",\"item\":\"https:\\\/\\\/patagoniambiental.com.ar\\\/info\\\/\"},{\"@type\":\"ListItem\",\"position\":2,\"name\":\"Centroam\u00e9rica: Nicaragua Aprueba Acuerdo De Par\u00eds Sobre El Cambio Clim\u00e1tico.\"}]},{\"@type\":\"WebSite\",\"@id\":\"https:\\\/\\\/patagoniambiental.com.ar\\\/info\\\/#website\",\"url\":\"https:\\\/\\\/patagoniambiental.com.ar\\\/info\\\/\",\"name\":\"Patagonia Ambiental\",\"description\":\"Monitoreo y an\u00e1lisis de la situaci\u00f3n geopol\u00edtica en el mundo y su implicancia en la Patagonia\",\"publisher\":{\"@id\":\"https:\\\/\\\/patagoniambiental.com.ar\\\/info\\\/#organization\"},\"potentialAction\":[{\"@type\":\"SearchAction\",\"target\":{\"@type\":\"EntryPoint\",\"urlTemplate\":\"https:\\\/\\\/patagoniambiental.com.ar\\\/info\\\/?s={search_term_string}\"},\"query-input\":{\"@type\":\"PropertyValueSpecification\",\"valueRequired\":true,\"valueName\":\"search_term_string\"}}],\"inLanguage\":\"es\"},{\"@type\":\"Organization\",\"@id\":\"https:\\\/\\\/patagoniambiental.com.ar\\\/info\\\/#organization\",\"name\":\"Patagonia Ambiental\",\"url\":\"https:\\\/\\\/patagoniambiental.com.ar\\\/info\\\/\",\"logo\":{\"@type\":\"ImageObject\",\"inLanguage\":\"es\",\"@id\":\"https:\\\/\\\/patagoniambiental.com.ar\\\/info\\\/#\\\/schema\\\/logo\\\/image\\\/\",\"url\":\"https:\\\/\\\/patagoniambiental.com.ar\\\/info\\\/wp-content\\\/uploads\\\/2025\\\/05\\\/LOGO-PATAGONIA-AMBIENTAL.png\",\"contentUrl\":\"https:\\\/\\\/patagoniambiental.com.ar\\\/info\\\/wp-content\\\/uploads\\\/2025\\\/05\\\/LOGO-PATAGONIA-AMBIENTAL.png\",\"width\":433,\"height\":250,\"caption\":\"Patagonia Ambiental\"},\"image\":{\"@id\":\"https:\\\/\\\/patagoniambiental.com.ar\\\/info\\\/#\\\/schema\\\/logo\\\/image\\\/\"},\"sameAs\":[\"https:\\\/\\\/www.facebook.com\\\/patagonia.ambiental\",\"https:\\\/\\\/x.com\\\/PatAmb\"]},{\"@type\":\"Person\",\"@id\":\"https:\\\/\\\/patagoniambiental.com.ar\\\/info\\\/#\\\/schema\\\/person\\\/db12bff64bbcbf6a253710bf0ea37b5d\",\"name\":\"Patagonia Ambiental\",\"description\":\"Andr\u00e9s Nievas T\u00e9cnico en manejo ambiental, consultor Ambiental y escritor para medios locales e internacionales sobre temas de geopolitica y medio ambiente.\",\"sameAs\":[\"http:\\\/\\\/www.patagoniambiental.com.ar\",\"https:\\\/\\\/www.facebook.com\\\/share\\\/1C1V8Gv9BX\\\/?mibextid=qi2Omg\",\"@patagoniambiental\",\"https:\\\/\\\/youtube.com\\\/@patagoniaambiental2023?si=BLt58t0wuXquxlYZ\"]}]}<\/script>\n<!-- \/ Yoast SEO Premium plugin. -->","yoast_head_json":{"title":"Centroam\u00e9rica: Nicaragua Aprueba Acuerdo De Par\u00eds Sobre El Cambio Clim\u00e1tico.","robots":{"index":"index","follow":"follow","max-snippet":"max-snippet:-1","max-image-preview":"max-image-preview:large","max-video-preview":"max-video-preview:-1"},"canonical":"https:\/\/patagoniambiental.com.ar\/info\/centroamerica-nicaragua-aprueba-acuerdo-de-paris-sobre-el-cambio-climatico\/","og_locale":"es_ES","og_type":"article","og_title":"Centroam\u00e9rica: Nicaragua Aprueba Acuerdo De Par\u00eds Sobre El Cambio Clim\u00e1tico.","og_description":"Nicaragua.-Nicaragua anunci\u00f3 que se suma al Acuerdo de Par\u00eds sobre Cambio Clim\u00e1tico, con lo que deja a Estados Unidos y [&hellip;]","og_url":"https:\/\/patagoniambiental.com.ar\/info\/centroamerica-nicaragua-aprueba-acuerdo-de-paris-sobre-el-cambio-climatico\/","og_site_name":"Patagonia Ambiental","article_publisher":"https:\/\/www.facebook.com\/patagonia.ambiental","article_author":"https:\/\/www.facebook.com\/share\/1C1V8Gv9BX\/?mibextid=qi2Omg","article_published_time":"2017-10-25T12:00:12+00:00","article_modified_time":"2017-10-25T14:14:27+00:00","og_image":[{"width":640,"height":360,"url":"https:\/\/patagoniambiental.com.ar\/info\/wp-content\/uploads\/2017\/10\/Ambientalistas-Ortega-cambio-climatico-Nicaragua_EDIIMA20171020_0014_4_Easy-Resize.com_.jpg","type":"image\/jpeg"}],"author":"Patagonia Ambiental","twitter_card":"summary_large_image","twitter_creator":"@PatAmb","twitter_site":"@PatAmb","schema":{"@context":"https:\/\/schema.org","@graph":[{"@type":"Article","@id":"https:\/\/patagoniambiental.com.ar\/info\/centroamerica-nicaragua-aprueba-acuerdo-de-paris-sobre-el-cambio-climatico\/#article","isPartOf":{"@id":"https:\/\/patagoniambiental.com.ar\/info\/centroamerica-nicaragua-aprueba-acuerdo-de-paris-sobre-el-cambio-climatico\/"},"author":{"name":"Patagonia Ambiental","@id":"https:\/\/patagoniambiental.com.ar\/info\/#\/schema\/person\/db12bff64bbcbf6a253710bf0ea37b5d"},"headline":"Centroam\u00e9rica: Nicaragua Aprueba Acuerdo De Par\u00eds Sobre El Cambio Clim\u00e1tico.","datePublished":"2017-10-25T12:00:12+00:00","dateModified":"2017-10-25T14:14:27+00:00","mainEntityOfPage":{"@id":"https:\/\/patagoniambiental.com.ar\/info\/centroamerica-nicaragua-aprueba-acuerdo-de-paris-sobre-el-cambio-climatico\/"},"wordCount":309,"commentCount":0,"publisher":{"@id":"https:\/\/patagoniambiental.com.ar\/info\/#organization"},"image":{"@id":"https:\/\/patagoniambiental.com.ar\/info\/centroamerica-nicaragua-aprueba-acuerdo-de-paris-sobre-el-cambio-climatico\/#primaryimage"},"thumbnailUrl":"https:\/\/patagoniambiental.com.ar\/info\/wp-content\/uploads\/2017\/10\/Ambientalistas-Ortega-cambio-climatico-Nicaragua_EDIIMA20171020_0014_4_Easy-Resize.com_.jpg","articleSection":["Internacionales","Noticias"],"inLanguage":"es","potentialAction":[{"@type":"CommentAction","name":"Comment","target":["https:\/\/patagoniambiental.com.ar\/info\/centroamerica-nicaragua-aprueba-acuerdo-de-paris-sobre-el-cambio-climatico\/#respond"]}]},{"@type":"WebPage","@id":"https:\/\/patagoniambiental.com.ar\/info\/centroamerica-nicaragua-aprueba-acuerdo-de-paris-sobre-el-cambio-climatico\/","url":"https:\/\/patagoniambiental.com.ar\/info\/centroamerica-nicaragua-aprueba-acuerdo-de-paris-sobre-el-cambio-climatico\/","name":"Centroam\u00e9rica: Nicaragua Aprueba Acuerdo De Par\u00eds Sobre El Cambio Clim\u00e1tico.","isPartOf":{"@id":"https:\/\/patagoniambiental.com.ar\/info\/#website"},"primaryImageOfPage":{"@id":"https:\/\/patagoniambiental.com.ar\/info\/centroamerica-nicaragua-aprueba-acuerdo-de-paris-sobre-el-cambio-climatico\/#primaryimage"},"image":{"@id":"https:\/\/patagoniambiental.com.ar\/info\/centroamerica-nicaragua-aprueba-acuerdo-de-paris-sobre-el-cambio-climatico\/#primaryimage"},"thumbnailUrl":"https:\/\/patagoniambiental.com.ar\/info\/wp-content\/uploads\/2017\/10\/Ambientalistas-Ortega-cambio-climatico-Nicaragua_EDIIMA20171020_0014_4_Easy-Resize.com_.jpg","datePublished":"2017-10-25T12:00:12+00:00","dateModified":"2017-10-25T14:14:27+00:00","breadcrumb":{"@id":"https:\/\/patagoniambiental.com.ar\/info\/centroamerica-nicaragua-aprueba-acuerdo-de-paris-sobre-el-cambio-climatico\/#breadcrumb"},"inLanguage":"es","potentialAction":[{"@type":"ReadAction","target":["https:\/\/patagoniambiental.com.ar\/info\/centroamerica-nicaragua-aprueba-acuerdo-de-paris-sobre-el-cambio-climatico\/"]}]},{"@type":"ImageObject","inLanguage":"es","@id":"https:\/\/patagoniambiental.com.ar\/info\/centroamerica-nicaragua-aprueba-acuerdo-de-paris-sobre-el-cambio-climatico\/#primaryimage","url":"https:\/\/patagoniambiental.com.ar\/info\/wp-content\/uploads\/2017\/10\/Ambientalistas-Ortega-cambio-climatico-Nicaragua_EDIIMA20171020_0014_4_Easy-Resize.com_.jpg","contentUrl":"https:\/\/patagoniambiental.com.ar\/info\/wp-content\/uploads\/2017\/10\/Ambientalistas-Ortega-cambio-climatico-Nicaragua_EDIIMA20171020_0014_4_Easy-Resize.com_.jpg","width":640,"height":360},{"@type":"BreadcrumbList","@id":"https:\/\/patagoniambiental.com.ar\/info\/centroamerica-nicaragua-aprueba-acuerdo-de-paris-sobre-el-cambio-climatico\/#breadcrumb","itemListElement":[{"@type":"ListItem","position":1,"name":"Inicio","item":"https:\/\/patagoniambiental.com.ar\/info\/"},{"@type":"ListItem","position":2,"name":"Centroam\u00e9rica: Nicaragua Aprueba Acuerdo De Par\u00eds Sobre El Cambio Clim\u00e1tico."}]},{"@type":"WebSite","@id":"https:\/\/patagoniambiental.com.ar\/info\/#website","url":"https:\/\/patagoniambiental.com.ar\/info\/","name":"Patagonia Ambiental","description":"Monitoreo y an\u00e1lisis de la situaci\u00f3n geopol\u00edtica en el mundo y su implicancia en la Patagonia","publisher":{"@id":"https:\/\/patagoniambiental.com.ar\/info\/#organization"},"potentialAction":[{"@type":"SearchAction","target":{"@type":"EntryPoint","urlTemplate":"https:\/\/patagoniambiental.com.ar\/info\/?s={search_term_string}"},"query-input":{"@type":"PropertyValueSpecification","valueRequired":true,"valueName":"search_term_string"}}],"inLanguage":"es"},{"@type":"Organization","@id":"https:\/\/patagoniambiental.com.ar\/info\/#organization","name":"Patagonia Ambiental","url":"https:\/\/patagoniambiental.com.ar\/info\/","logo":{"@type":"ImageObject","inLanguage":"es","@id":"https:\/\/patagoniambiental.com.ar\/info\/#\/schema\/logo\/image\/","url":"https:\/\/patagoniambiental.com.ar\/info\/wp-content\/uploads\/2025\/05\/LOGO-PATAGONIA-AMBIENTAL.png","contentUrl":"https:\/\/patagoniambiental.com.ar\/info\/wp-content\/uploads\/2025\/05\/LOGO-PATAGONIA-AMBIENTAL.png","width":433,"height":250,"caption":"Patagonia Ambiental"},"image":{"@id":"https:\/\/patagoniambiental.com.ar\/info\/#\/schema\/logo\/image\/"},"sameAs":["https:\/\/www.facebook.com\/patagonia.ambiental","https:\/\/x.com\/PatAmb"]},{"@type":"Person","@id":"https:\/\/patagoniambiental.com.ar\/info\/#\/schema\/person\/db12bff64bbcbf6a253710bf0ea37b5d","name":"Patagonia Ambiental","description":"Andr\u00e9s Nievas T\u00e9cnico en manejo ambiental, consultor Ambiental y escritor para medios locales e internacionales sobre temas de geopolitica y medio ambiente.","sameAs":["http:\/\/www.patagoniambiental.com.ar","https:\/\/www.facebook.com\/share\/1C1V8Gv9BX\/?mibextid=qi2Omg","@patagoniambiental","https:\/\/youtube.com\/@patagoniaambiental2023?si=BLt58t0wuXquxlYZ"]}]}},"_links":{"self":[{"href":"https:\/\/patagoniambiental.com.ar\/info\/wp-json\/wp\/v2\/posts\/37064","targetHints":{"allow":["GET"]}}],"collection":[{"href":"https:\/\/patagoniambiental.com.ar\/info\/wp-json\/wp\/v2\/posts"}],"about":[{"href":"https:\/\/patagoniambiental.com.ar\/info\/wp-json\/wp\/v2\/types\/post"}],"author":[{"embeddable":true,"href":"https:\/\/patagoniambiental.com.ar\/info\/wp-json\/wp\/v2\/users\/2"}],"replies":[{"embeddable":true,"href":"https:\/\/patagoniambiental.com.ar\/info\/wp-json\/wp\/v2\/comments?post=37064"}],"version-history":[{"count":0,"href":"https:\/\/patagoniambiental.com.ar\/info\/wp-json\/wp\/v2\/posts\/37064\/revisions"}],"wp:featuredmedia":[{"embeddable":true,"href":"https:\/\/patagoniambiental.com.ar\/info\/wp-json\/wp\/v2\/media\/37065"}],"wp:attachment":[{"href":"https:\/\/patagoniambiental.com.ar\/info\/wp-json\/wp\/v2\/media?parent=37064"}],"wp:term":[{"taxonomy":"category","embeddable":true,"href":"https:\/\/patagoniambiental.com.ar\/info\/wp-json\/wp\/v2\/categories?post=37064"},{"taxonomy":"post_tag","embeddable":true,"href":"https:\/\/patagoniambiental.com.ar\/info\/wp-json\/wp\/v2\/tags?post=37064"}],"curies":[{"name":"wp","href":"https:\/\/api.w.org\/{rel}","templated":true}]}}