{"id":37114,"date":"2017-10-26T09:00:05","date_gmt":"2017-10-26T12:00:05","guid":{"rendered":"http:\/\/patagoniambiental.com.ar\/info\/?p=37114"},"modified":"2017-10-25T18:53:44","modified_gmt":"2017-10-25T21:53:44","slug":"bariloche-estudiantes-de-la-tecnicatura-en-viveros-brindaran-una-charla-tras-experiencia-de-intercambio","status":"publish","type":"post","link":"https:\/\/patagoniambiental.com.ar\/info\/bariloche-estudiantes-de-la-tecnicatura-en-viveros-brindaran-una-charla-tras-experiencia-de-intercambio\/","title":{"rendered":"Bariloche: Estudiantes de la tecnicatura en Viveros brindar\u00e1n una charla tras experiencia de intercambio"},"content":{"rendered":"<p class=\"x_gmail-Standard\">BARILOCHE.- Se trata de tres alumnos de la Tecnicatura en Viveros que participaron de un programa de intercambio en el Jard\u00edn Bot\u00e1nico de Denver, Estados Unidos. Presentaran su experiencia personal luego de dos meses de trabajo. El encuentro ser\u00e1 este viernes 27, a las 18.00 en Mitre 630, 2D.<\/p>\n<p class=\"x_MsoNormal\">En el a\u00f1o 2015, se firm\u00f3 un convenio de colaboraci\u00f3n con Denver Botanic Gardens, con el objetivo de fortalecer las relaciones entre ambas instituciones, a trav\u00e9s del intercambiando de experiencias, metodolog\u00edas de producci\u00f3n y manejo de cultivos en situaciones ambientalmente similares.<\/p>\n<p class=\"x_MsoNormal\">Fue por ello que los estudiantes Irene Edwars, Lucas Hern\u00e1n Vinera y Ramiro Nahuel Lincan viajaron a Estados Unidos durante los meses de julio y agosto de este a\u00f1o para desarrollar sus conocimientos en el Jard\u00edn Bot\u00e1nico de Denver, en el estado de Colorado.<\/p>\n<p class=\"x_MsoNormal\">Durante 70 d\u00edas de trabajo, Vignera se enfoc\u00f3 en lo que respecta al control integrado de<\/p>\n<p class=\"x_MsoNormal\">Plagas; Lincan se centr\u00f3 en el conocimiento de Gram\u00edneas nativas, mientras que Irene Edwars trabaj\u00f3 el v\u00ednculo del jard\u00edn bot\u00e1nico con la comunidad del lugar.<b><\/b><\/p>\n<p class=\"x_MsoNormal\">Este viernes 27\u00a0presentar\u00e1n su experiencia personal, profesional y acad\u00e9mica a partir de lo aprendido en la emblem\u00e1tica instituci\u00f3n.<\/p>\n<p>Fuente. UNRN<\/p>\n","protected":false},"excerpt":{"rendered":"<p>BARILOCHE.- Se trata de tres alumnos de la Tecnicatura en Viveros que participaron de un programa de intercambio en el [&hellip;]<\/p>\n","protected":false},"author":2,"featured_media":37115,"comment_status":"open","ping_status":"open","sticky":false,"template":"","format":"standard","meta":{"site-sidebar-layout":"default","site-content-layout":"","ast-site-content-layout":"default","site-content-style":"default","site-sidebar-style":"default","ast-global-header-display":"","ast-banner-title-visibility":"","ast-main-header-display":"","ast-hfb-above-header-display":"","ast-hfb-below-header-display":"","ast-hfb-mobile-header-display":"","site-post-title":"","ast-breadcrumbs-content":"","ast-featured-img":"","footer-sml-layout":"","ast-disable-related-posts":"","theme-transparent-header-meta":"","adv-header-id-meta":"","stick-header-meta":"","header-above-stick-meta":"","header-main-stick-meta":"","header-below-stick-meta":"","astra-migrate-meta-layouts":"default","ast-page-background-enabled":"default","ast-page-background-meta":{"desktop":{"background-color":"var(--ast-global-color-5)","background-image":"","background-repeat":"repeat","background-position":"center center","background-size":"auto","background-attachment":"scroll","background-type":"","background-media":"","overlay-type":"","overlay-color":"","overlay-opacity":"","overlay-gradient":""},"tablet":{"background-color":"","background-image":"","background-repeat":"repeat","background-position":"center center","background-size":"auto","background-attachment":"scroll","background-type":"","background-media":"","overlay-type":"","overlay-color":"","overlay-opacity":"","overlay-gradient":""},"mobile":{"background-color":"","background-image":"","background-repeat":"repeat","background-position":"center center","background-size":"auto","background-attachment":"scroll","background-type":"","background-media":"","overlay-type":"","overlay-color":"","overlay-opacity":"","overlay-gradient":""}},"ast-content-background-meta":{"desktop":{"background-color":"var(--ast-global-color-4)","background-image":"","background-repeat":"repeat","background-position":"center center","background-size":"auto","background-attachment":"scroll","background-type":"","background-media":"","overlay-type":"","overlay-color":"","overlay-opacity":"","overlay-gradient":""},"tablet":{"background-color":"var(--ast-global-color-4)","background-image":"","background-repeat":"repeat","background-position":"center center","background-size":"auto","background-attachment":"scroll","background-type":"","background-media":"","overlay-type":"","overlay-color":"","overlay-opacity":"","overlay-gradient":""},"mobile":{"background-color":"var(--ast-global-color-4)","background-image":"","background-repeat":"repeat","background-position":"center center","background-size":"auto","background-attachment":"scroll","background-type":"","background-media":"","overlay-type":"","overlay-color":"","overlay-opacity":"","overlay-gradient":""}},"footnotes":""},"categories":[12,46,1],"tags":[],"class_list":["post-37114","post","type-post","status-publish","format-standard","has-post-thumbnail","hentry","category-agenda-ambiental","category-municipios","category-noticias"],"yoast_head":"<!-- This site is optimized with the Yoast SEO Premium plugin v23.0 (Yoast SEO v27.5) - https:\/\/yoast.com\/product\/yoast-seo-premium-wordpress\/ -->\n<title>Bariloche: Estudiantes de la tecnicatura en Viveros brindar\u00e1n una charla tras experiencia de intercambio<\/title>\n<meta name=\"robots\" content=\"index, follow, max-snippet:-1, max-image-preview:large, max-video-preview:-1\" \/>\n<link rel=\"canonical\" href=\"https:\/\/patagoniambiental.com.ar\/info\/bariloche-estudiantes-de-la-tecnicatura-en-viveros-brindaran-una-charla-tras-experiencia-de-intercambio\/\" \/>\n<meta property=\"og:locale\" content=\"es_ES\" \/>\n<meta property=\"og:type\" content=\"article\" \/>\n<meta property=\"og:title\" content=\"Bariloche: Estudiantes de la tecnicatura en Viveros brindar\u00e1n una charla tras experiencia de intercambio\" \/>\n<meta property=\"og:description\" content=\"BARILOCHE.- Se trata de tres alumnos de la Tecnicatura en Viveros que participaron de un programa de intercambio en el [&hellip;]\" \/>\n<meta property=\"og:url\" content=\"https:\/\/patagoniambiental.com.ar\/info\/bariloche-estudiantes-de-la-tecnicatura-en-viveros-brindaran-una-charla-tras-experiencia-de-intercambio\/\" \/>\n<meta property=\"og:site_name\" content=\"Patagonia Ambiental\" \/>\n<meta property=\"article:publisher\" content=\"https:\/\/www.facebook.com\/patagonia.ambiental\" \/>\n<meta property=\"article:author\" content=\"https:\/\/www.facebook.com\/share\/1C1V8Gv9BX\/?mibextid=qi2Omg\" \/>\n<meta property=\"article:published_time\" content=\"2017-10-26T12:00:05+00:00\" \/>\n<meta property=\"og:image\" content=\"https:\/\/patagoniambiental.com.ar\/info\/wp-content\/uploads\/2017\/10\/Estudiantes-en-Denver.jpg\" \/>\n\t<meta property=\"og:image:width\" content=\"1224\" \/>\n\t<meta property=\"og:image:height\" content=\"792\" \/>\n\t<meta property=\"og:image:type\" content=\"image\/jpeg\" \/>\n<meta name=\"author\" content=\"Patagonia Ambiental\" \/>\n<meta name=\"twitter:card\" content=\"summary_large_image\" \/>\n<meta name=\"twitter:creator\" content=\"@PatAmb\" \/>\n<meta name=\"twitter:site\" content=\"@PatAmb\" \/>\n<script type=\"application\/ld+json\" class=\"yoast-schema-graph\">{\"@context\":\"https:\\\/\\\/schema.org\",\"@graph\":[{\"@type\":\"Article\",\"@id\":\"https:\\\/\\\/patagoniambiental.com.ar\\\/info\\\/bariloche-estudiantes-de-la-tecnicatura-en-viveros-brindaran-una-charla-tras-experiencia-de-intercambio\\\/#article\",\"isPartOf\":{\"@id\":\"https:\\\/\\\/patagoniambiental.com.ar\\\/info\\\/bariloche-estudiantes-de-la-tecnicatura-en-viveros-brindaran-una-charla-tras-experiencia-de-intercambio\\\/\"},\"author\":{\"name\":\"Patagonia Ambiental\",\"@id\":\"https:\\\/\\\/patagoniambiental.com.ar\\\/info\\\/#\\\/schema\\\/person\\\/db12bff64bbcbf6a253710bf0ea37b5d\"},\"headline\":\"Bariloche: Estudiantes de la tecnicatura en Viveros brindar\u00e1n una charla tras experiencia de intercambio\",\"datePublished\":\"2017-10-26T12:00:05+00:00\",\"mainEntityOfPage\":{\"@id\":\"https:\\\/\\\/patagoniambiental.com.ar\\\/info\\\/bariloche-estudiantes-de-la-tecnicatura-en-viveros-brindaran-una-charla-tras-experiencia-de-intercambio\\\/\"},\"wordCount\":226,\"commentCount\":0,\"publisher\":{\"@id\":\"https:\\\/\\\/patagoniambiental.com.ar\\\/info\\\/#organization\"},\"image\":{\"@id\":\"https:\\\/\\\/patagoniambiental.com.ar\\\/info\\\/bariloche-estudiantes-de-la-tecnicatura-en-viveros-brindaran-una-charla-tras-experiencia-de-intercambio\\\/#primaryimage\"},\"thumbnailUrl\":\"https:\\\/\\\/patagoniambiental.com.ar\\\/info\\\/wp-content\\\/uploads\\\/2017\\\/10\\\/Estudiantes-en-Denver.jpg\",\"articleSection\":[\"Agenda Ambiental\",\"Municipios\",\"Noticias\"],\"inLanguage\":\"es\",\"potentialAction\":[{\"@type\":\"CommentAction\",\"name\":\"Comment\",\"target\":[\"https:\\\/\\\/patagoniambiental.com.ar\\\/info\\\/bariloche-estudiantes-de-la-tecnicatura-en-viveros-brindaran-una-charla-tras-experiencia-de-intercambio\\\/#respond\"]}]},{\"@type\":\"WebPage\",\"@id\":\"https:\\\/\\\/patagoniambiental.com.ar\\\/info\\\/bariloche-estudiantes-de-la-tecnicatura-en-viveros-brindaran-una-charla-tras-experiencia-de-intercambio\\\/\",\"url\":\"https:\\\/\\\/patagoniambiental.com.ar\\\/info\\\/bariloche-estudiantes-de-la-tecnicatura-en-viveros-brindaran-una-charla-tras-experiencia-de-intercambio\\\/\",\"name\":\"Bariloche: Estudiantes de la tecnicatura en Viveros brindar\u00e1n una charla tras experiencia de intercambio\",\"isPartOf\":{\"@id\":\"https:\\\/\\\/patagoniambiental.com.ar\\\/info\\\/#website\"},\"primaryImageOfPage\":{\"@id\":\"https:\\\/\\\/patagoniambiental.com.ar\\\/info\\\/bariloche-estudiantes-de-la-tecnicatura-en-viveros-brindaran-una-charla-tras-experiencia-de-intercambio\\\/#primaryimage\"},\"image\":{\"@id\":\"https:\\\/\\\/patagoniambiental.com.ar\\\/info\\\/bariloche-estudiantes-de-la-tecnicatura-en-viveros-brindaran-una-charla-tras-experiencia-de-intercambio\\\/#primaryimage\"},\"thumbnailUrl\":\"https:\\\/\\\/patagoniambiental.com.ar\\\/info\\\/wp-content\\\/uploads\\\/2017\\\/10\\\/Estudiantes-en-Denver.jpg\",\"datePublished\":\"2017-10-26T12:00:05+00:00\",\"breadcrumb\":{\"@id\":\"https:\\\/\\\/patagoniambiental.com.ar\\\/info\\\/bariloche-estudiantes-de-la-tecnicatura-en-viveros-brindaran-una-charla-tras-experiencia-de-intercambio\\\/#breadcrumb\"},\"inLanguage\":\"es\",\"potentialAction\":[{\"@type\":\"ReadAction\",\"target\":[\"https:\\\/\\\/patagoniambiental.com.ar\\\/info\\\/bariloche-estudiantes-de-la-tecnicatura-en-viveros-brindaran-una-charla-tras-experiencia-de-intercambio\\\/\"]}]},{\"@type\":\"ImageObject\",\"inLanguage\":\"es\",\"@id\":\"https:\\\/\\\/patagoniambiental.com.ar\\\/info\\\/bariloche-estudiantes-de-la-tecnicatura-en-viveros-brindaran-una-charla-tras-experiencia-de-intercambio\\\/#primaryimage\",\"url\":\"https:\\\/\\\/patagoniambiental.com.ar\\\/info\\\/wp-content\\\/uploads\\\/2017\\\/10\\\/Estudiantes-en-Denver.jpg\",\"contentUrl\":\"https:\\\/\\\/patagoniambiental.com.ar\\\/info\\\/wp-content\\\/uploads\\\/2017\\\/10\\\/Estudiantes-en-Denver.jpg\",\"width\":927,\"height\":600},{\"@type\":\"BreadcrumbList\",\"@id\":\"https:\\\/\\\/patagoniambiental.com.ar\\\/info\\\/bariloche-estudiantes-de-la-tecnicatura-en-viveros-brindaran-una-charla-tras-experiencia-de-intercambio\\\/#breadcrumb\",\"itemListElement\":[{\"@type\":\"ListItem\",\"position\":1,\"name\":\"Inicio\",\"item\":\"https:\\\/\\\/patagoniambiental.com.ar\\\/info\\\/\"},{\"@type\":\"ListItem\",\"position\":2,\"name\":\"Bariloche: Estudiantes de la tecnicatura en Viveros brindar\u00e1n una charla tras experiencia de intercambio\"}]},{\"@type\":\"WebSite\",\"@id\":\"https:\\\/\\\/patagoniambiental.com.ar\\\/info\\\/#website\",\"url\":\"https:\\\/\\\/patagoniambiental.com.ar\\\/info\\\/\",\"name\":\"Patagonia Ambiental\",\"description\":\"Monitoreo y an\u00e1lisis de la situaci\u00f3n geopol\u00edtica en el mundo y su implicancia en la Patagonia\",\"publisher\":{\"@id\":\"https:\\\/\\\/patagoniambiental.com.ar\\\/info\\\/#organization\"},\"potentialAction\":[{\"@type\":\"SearchAction\",\"target\":{\"@type\":\"EntryPoint\",\"urlTemplate\":\"https:\\\/\\\/patagoniambiental.com.ar\\\/info\\\/?s={search_term_string}\"},\"query-input\":{\"@type\":\"PropertyValueSpecification\",\"valueRequired\":true,\"valueName\":\"search_term_string\"}}],\"inLanguage\":\"es\"},{\"@type\":\"Organization\",\"@id\":\"https:\\\/\\\/patagoniambiental.com.ar\\\/info\\\/#organization\",\"name\":\"Patagonia Ambiental\",\"url\":\"https:\\\/\\\/patagoniambiental.com.ar\\\/info\\\/\",\"logo\":{\"@type\":\"ImageObject\",\"inLanguage\":\"es\",\"@id\":\"https:\\\/\\\/patagoniambiental.com.ar\\\/info\\\/#\\\/schema\\\/logo\\\/image\\\/\",\"url\":\"https:\\\/\\\/patagoniambiental.com.ar\\\/info\\\/wp-content\\\/uploads\\\/2025\\\/05\\\/LOGO-PATAGONIA-AMBIENTAL.png\",\"contentUrl\":\"https:\\\/\\\/patagoniambiental.com.ar\\\/info\\\/wp-content\\\/uploads\\\/2025\\\/05\\\/LOGO-PATAGONIA-AMBIENTAL.png\",\"width\":433,\"height\":250,\"caption\":\"Patagonia Ambiental\"},\"image\":{\"@id\":\"https:\\\/\\\/patagoniambiental.com.ar\\\/info\\\/#\\\/schema\\\/logo\\\/image\\\/\"},\"sameAs\":[\"https:\\\/\\\/www.facebook.com\\\/patagonia.ambiental\",\"https:\\\/\\\/x.com\\\/PatAmb\"]},{\"@type\":\"Person\",\"@id\":\"https:\\\/\\\/patagoniambiental.com.ar\\\/info\\\/#\\\/schema\\\/person\\\/db12bff64bbcbf6a253710bf0ea37b5d\",\"name\":\"Patagonia Ambiental\",\"description\":\"Andr\u00e9s Nievas T\u00e9cnico en manejo ambiental, consultor Ambiental y escritor para medios locales e internacionales sobre temas de geopolitica y medio ambiente.\",\"sameAs\":[\"http:\\\/\\\/www.patagoniambiental.com.ar\",\"https:\\\/\\\/www.facebook.com\\\/share\\\/1C1V8Gv9BX\\\/?mibextid=qi2Omg\",\"@patagoniambiental\",\"https:\\\/\\\/youtube.com\\\/@patagoniaambiental2023?si=BLt58t0wuXquxlYZ\"]}]}<\/script>\n<!-- \/ Yoast SEO Premium plugin. -->","yoast_head_json":{"title":"Bariloche: Estudiantes de la tecnicatura en Viveros brindar\u00e1n una charla tras experiencia de intercambio","robots":{"index":"index","follow":"follow","max-snippet":"max-snippet:-1","max-image-preview":"max-image-preview:large","max-video-preview":"max-video-preview:-1"},"canonical":"https:\/\/patagoniambiental.com.ar\/info\/bariloche-estudiantes-de-la-tecnicatura-en-viveros-brindaran-una-charla-tras-experiencia-de-intercambio\/","og_locale":"es_ES","og_type":"article","og_title":"Bariloche: Estudiantes de la tecnicatura en Viveros brindar\u00e1n una charla tras experiencia de intercambio","og_description":"BARILOCHE.- Se trata de tres alumnos de la Tecnicatura en Viveros que participaron de un programa de intercambio en el [&hellip;]","og_url":"https:\/\/patagoniambiental.com.ar\/info\/bariloche-estudiantes-de-la-tecnicatura-en-viveros-brindaran-una-charla-tras-experiencia-de-intercambio\/","og_site_name":"Patagonia Ambiental","article_publisher":"https:\/\/www.facebook.com\/patagonia.ambiental","article_author":"https:\/\/www.facebook.com\/share\/1C1V8Gv9BX\/?mibextid=qi2Omg","article_published_time":"2017-10-26T12:00:05+00:00","og_image":[{"width":1224,"height":792,"url":"https:\/\/patagoniambiental.com.ar\/info\/wp-content\/uploads\/2017\/10\/Estudiantes-en-Denver.jpg","type":"image\/jpeg"}],"author":"Patagonia Ambiental","twitter_card":"summary_large_image","twitter_creator":"@PatAmb","twitter_site":"@PatAmb","schema":{"@context":"https:\/\/schema.org","@graph":[{"@type":"Article","@id":"https:\/\/patagoniambiental.com.ar\/info\/bariloche-estudiantes-de-la-tecnicatura-en-viveros-brindaran-una-charla-tras-experiencia-de-intercambio\/#article","isPartOf":{"@id":"https:\/\/patagoniambiental.com.ar\/info\/bariloche-estudiantes-de-la-tecnicatura-en-viveros-brindaran-una-charla-tras-experiencia-de-intercambio\/"},"author":{"name":"Patagonia Ambiental","@id":"https:\/\/patagoniambiental.com.ar\/info\/#\/schema\/person\/db12bff64bbcbf6a253710bf0ea37b5d"},"headline":"Bariloche: Estudiantes de la tecnicatura en Viveros brindar\u00e1n una charla tras experiencia de intercambio","datePublished":"2017-10-26T12:00:05+00:00","mainEntityOfPage":{"@id":"https:\/\/patagoniambiental.com.ar\/info\/bariloche-estudiantes-de-la-tecnicatura-en-viveros-brindaran-una-charla-tras-experiencia-de-intercambio\/"},"wordCount":226,"commentCount":0,"publisher":{"@id":"https:\/\/patagoniambiental.com.ar\/info\/#organization"},"image":{"@id":"https:\/\/patagoniambiental.com.ar\/info\/bariloche-estudiantes-de-la-tecnicatura-en-viveros-brindaran-una-charla-tras-experiencia-de-intercambio\/#primaryimage"},"thumbnailUrl":"https:\/\/patagoniambiental.com.ar\/info\/wp-content\/uploads\/2017\/10\/Estudiantes-en-Denver.jpg","articleSection":["Agenda Ambiental","Municipios","Noticias"],"inLanguage":"es","potentialAction":[{"@type":"CommentAction","name":"Comment","target":["https:\/\/patagoniambiental.com.ar\/info\/bariloche-estudiantes-de-la-tecnicatura-en-viveros-brindaran-una-charla-tras-experiencia-de-intercambio\/#respond"]}]},{"@type":"WebPage","@id":"https:\/\/patagoniambiental.com.ar\/info\/bariloche-estudiantes-de-la-tecnicatura-en-viveros-brindaran-una-charla-tras-experiencia-de-intercambio\/","url":"https:\/\/patagoniambiental.com.ar\/info\/bariloche-estudiantes-de-la-tecnicatura-en-viveros-brindaran-una-charla-tras-experiencia-de-intercambio\/","name":"Bariloche: Estudiantes de la tecnicatura en Viveros brindar\u00e1n una charla tras experiencia de intercambio","isPartOf":{"@id":"https:\/\/patagoniambiental.com.ar\/info\/#website"},"primaryImageOfPage":{"@id":"https:\/\/patagoniambiental.com.ar\/info\/bariloche-estudiantes-de-la-tecnicatura-en-viveros-brindaran-una-charla-tras-experiencia-de-intercambio\/#primaryimage"},"image":{"@id":"https:\/\/patagoniambiental.com.ar\/info\/bariloche-estudiantes-de-la-tecnicatura-en-viveros-brindaran-una-charla-tras-experiencia-de-intercambio\/#primaryimage"},"thumbnailUrl":"https:\/\/patagoniambiental.com.ar\/info\/wp-content\/uploads\/2017\/10\/Estudiantes-en-Denver.jpg","datePublished":"2017-10-26T12:00:05+00:00","breadcrumb":{"@id":"https:\/\/patagoniambiental.com.ar\/info\/bariloche-estudiantes-de-la-tecnicatura-en-viveros-brindaran-una-charla-tras-experiencia-de-intercambio\/#breadcrumb"},"inLanguage":"es","potentialAction":[{"@type":"ReadAction","target":["https:\/\/patagoniambiental.com.ar\/info\/bariloche-estudiantes-de-la-tecnicatura-en-viveros-brindaran-una-charla-tras-experiencia-de-intercambio\/"]}]},{"@type":"ImageObject","inLanguage":"es","@id":"https:\/\/patagoniambiental.com.ar\/info\/bariloche-estudiantes-de-la-tecnicatura-en-viveros-brindaran-una-charla-tras-experiencia-de-intercambio\/#primaryimage","url":"https:\/\/patagoniambiental.com.ar\/info\/wp-content\/uploads\/2017\/10\/Estudiantes-en-Denver.jpg","contentUrl":"https:\/\/patagoniambiental.com.ar\/info\/wp-content\/uploads\/2017\/10\/Estudiantes-en-Denver.jpg","width":927,"height":600},{"@type":"BreadcrumbList","@id":"https:\/\/patagoniambiental.com.ar\/info\/bariloche-estudiantes-de-la-tecnicatura-en-viveros-brindaran-una-charla-tras-experiencia-de-intercambio\/#breadcrumb","itemListElement":[{"@type":"ListItem","position":1,"name":"Inicio","item":"https:\/\/patagoniambiental.com.ar\/info\/"},{"@type":"ListItem","position":2,"name":"Bariloche: Estudiantes de la tecnicatura en Viveros brindar\u00e1n una charla tras experiencia de intercambio"}]},{"@type":"WebSite","@id":"https:\/\/patagoniambiental.com.ar\/info\/#website","url":"https:\/\/patagoniambiental.com.ar\/info\/","name":"Patagonia Ambiental","description":"Monitoreo y an\u00e1lisis de la situaci\u00f3n geopol\u00edtica en el mundo y su implicancia en la Patagonia","publisher":{"@id":"https:\/\/patagoniambiental.com.ar\/info\/#organization"},"potentialAction":[{"@type":"SearchAction","target":{"@type":"EntryPoint","urlTemplate":"https:\/\/patagoniambiental.com.ar\/info\/?s={search_term_string}"},"query-input":{"@type":"PropertyValueSpecification","valueRequired":true,"valueName":"search_term_string"}}],"inLanguage":"es"},{"@type":"Organization","@id":"https:\/\/patagoniambiental.com.ar\/info\/#organization","name":"Patagonia Ambiental","url":"https:\/\/patagoniambiental.com.ar\/info\/","logo":{"@type":"ImageObject","inLanguage":"es","@id":"https:\/\/patagoniambiental.com.ar\/info\/#\/schema\/logo\/image\/","url":"https:\/\/patagoniambiental.com.ar\/info\/wp-content\/uploads\/2025\/05\/LOGO-PATAGONIA-AMBIENTAL.png","contentUrl":"https:\/\/patagoniambiental.com.ar\/info\/wp-content\/uploads\/2025\/05\/LOGO-PATAGONIA-AMBIENTAL.png","width":433,"height":250,"caption":"Patagonia Ambiental"},"image":{"@id":"https:\/\/patagoniambiental.com.ar\/info\/#\/schema\/logo\/image\/"},"sameAs":["https:\/\/www.facebook.com\/patagonia.ambiental","https:\/\/x.com\/PatAmb"]},{"@type":"Person","@id":"https:\/\/patagoniambiental.com.ar\/info\/#\/schema\/person\/db12bff64bbcbf6a253710bf0ea37b5d","name":"Patagonia Ambiental","description":"Andr\u00e9s Nievas T\u00e9cnico en manejo ambiental, consultor Ambiental y escritor para medios locales e internacionales sobre temas de geopolitica y medio ambiente.","sameAs":["http:\/\/www.patagoniambiental.com.ar","https:\/\/www.facebook.com\/share\/1C1V8Gv9BX\/?mibextid=qi2Omg","@patagoniambiental","https:\/\/youtube.com\/@patagoniaambiental2023?si=BLt58t0wuXquxlYZ"]}]}},"_links":{"self":[{"href":"https:\/\/patagoniambiental.com.ar\/info\/wp-json\/wp\/v2\/posts\/37114","targetHints":{"allow":["GET"]}}],"collection":[{"href":"https:\/\/patagoniambiental.com.ar\/info\/wp-json\/wp\/v2\/posts"}],"about":[{"href":"https:\/\/patagoniambiental.com.ar\/info\/wp-json\/wp\/v2\/types\/post"}],"author":[{"embeddable":true,"href":"https:\/\/patagoniambiental.com.ar\/info\/wp-json\/wp\/v2\/users\/2"}],"replies":[{"embeddable":true,"href":"https:\/\/patagoniambiental.com.ar\/info\/wp-json\/wp\/v2\/comments?post=37114"}],"version-history":[{"count":0,"href":"https:\/\/patagoniambiental.com.ar\/info\/wp-json\/wp\/v2\/posts\/37114\/revisions"}],"wp:featuredmedia":[{"embeddable":true,"href":"https:\/\/patagoniambiental.com.ar\/info\/wp-json\/wp\/v2\/media\/37115"}],"wp:attachment":[{"href":"https:\/\/patagoniambiental.com.ar\/info\/wp-json\/wp\/v2\/media?parent=37114"}],"wp:term":[{"taxonomy":"category","embeddable":true,"href":"https:\/\/patagoniambiental.com.ar\/info\/wp-json\/wp\/v2\/categories?post=37114"},{"taxonomy":"post_tag","embeddable":true,"href":"https:\/\/patagoniambiental.com.ar\/info\/wp-json\/wp\/v2\/tags?post=37114"}],"curies":[{"name":"wp","href":"https:\/\/api.w.org\/{rel}","templated":true}]}}