{"id":37166,"date":"2017-10-27T09:00:14","date_gmt":"2017-10-27T12:00:14","guid":{"rendered":"http:\/\/patagoniambiental.com.ar\/info\/?p=37166"},"modified":"2017-10-26T20:52:23","modified_gmt":"2017-10-26T23:52:23","slug":"avanzan-las-acciones-para-producir-energia-eolica-en-tierra-del-fuego","status":"publish","type":"post","link":"https:\/\/patagoniambiental.com.ar\/info\/avanzan-las-acciones-para-producir-energia-eolica-en-tierra-del-fuego\/","title":{"rendered":"Avanzan las acciones para producir energ\u00eda e\u00f3lica en Tierra del Fuego"},"content":{"rendered":"<p>TIERRA DEL FUEGO.- El Consorcio p\u00fablico-privado \u201cENERGAT Fuego\u201d, integrado por la Universidad Nacional de Tierra del Fuego y la Cooperativa El\u00e9ctrica de R\u00edo Grande, llev\u00f3 a cabo esta semana una nueva reuni\u00f3n de trabajo donde ambas partes informaron los avances alcanzados en el marco del proyecto \u201cEnerg\u00eda E\u00f3lica en Tierra del Fuego\u201d.<br \/>\nEn la ocasi\u00f3n, la Cooperativa El\u00e9ctrica confirm\u00f3 la compra de un aerogenerador de eje horizontal de 30 Kw el cual ya se encuentra en la Provincia y ser\u00e1 instalado antes de fin de a\u00f1o en la ciudad de R\u00edo Grande, con el objetivo de encarar una primera experiencia que permita evaluar la factibilidad de producir energ\u00eda e\u00f3lica a gran escala.<br \/>\nPor su parte, la UNTDF inform\u00f3 la adquisici\u00f3n de otro aerogenerador de eje horizontal de la misma potencia el cu\u00e1l se instalar\u00e1 en la ciudad de Ushuaia; adem\u00e1s de otros dos aerogeneradores de menor potencia para ser colocados en la zona rural de la Provincia. Se espera la recepci\u00f3n de estos equipos en los pr\u00f3ximos d\u00edas.<br \/>\nEste equipamiento fue adquirido mediante un financiamiento de 13 millones de pesos aportado por la Agencia Nacional de Promoci\u00f3n Cient\u00edfica y Tecnol\u00f3gica a trav\u00e9s del Fondo Argentino Sectorial (FONARSEC), a partir de la aprobaci\u00f3n del proyecto presentado por la UNTDF. Los generadores ser\u00e1n esenciales para el desarrollo de la nueva etapa, cuyo objeto es la evaluaci\u00f3n del desempe\u00f1o de los aerogeneradores bajo las condiciones clim\u00e1ticas de nuestra provincia. Esta tarea ser\u00e1 realizada por docentes investigadores del Instituto de Desarrollo Econ\u00f3mico e Innovaci\u00f3n (IDEI) de la UNTDF.<br \/>\nCabe destacar el inter\u00e9s en el tema por parte de la Cooperativa El\u00e9ctrica, que desde el a\u00f1o 2009 ha realizado estudios sobre el potencial e\u00f3lico y perfiles de viento que han servido de base para este proyecto, entre cuyos alcances cabe mencionar la confecci\u00f3n del mapa del Potencial E\u00f3lico disponible en Tierra del Fuego, donde el r\u00e9gimen de vientos presenta condiciones \u00f3ptimas para para producir energ\u00eda e\u00f3lica a gran escala, particularmente en la zona Norte.<br \/>\nPor \u00faltimo, Nidia Ben\u00edtez, coordinadora de la sede R\u00edo Grande, e integrante de la Comisi\u00f3n Directiva del Consorcio, se\u00f1al\u00f3 que \u201cdurante la reuni\u00f3n de trabajo que mantuvimos con la Cooperativa dialogamos sobre la posibilidad de realizar jornadas de sensibilizaci\u00f3n y divulgaci\u00f3n abiertas a la comunidad acerca de los beneficios y factibilidad de la energ\u00eda e\u00f3lica en Tierra del Fuego\u201d.<\/p>\n<p>Fuente:\u00a0http:\/\/www.eldiariodelfindelmundo.com\/noticias\/2017\/10\/26\/74458-avanzan-las-acciones-para-producir-energia-eolica-en-tierra-del-fuego<\/p>\n","protected":false},"excerpt":{"rendered":"<p>TIERRA DEL FUEGO.- El Consorcio p\u00fablico-privado \u201cENERGAT Fuego\u201d, integrado por la Universidad Nacional de Tierra del Fuego y la Cooperativa [&hellip;]<\/p>\n","protected":false},"author":2,"featured_media":37167,"comment_status":"open","ping_status":"open","sticky":false,"template":"","format":"standard","meta":{"site-sidebar-layout":"default","site-content-layout":"","ast-site-content-layout":"default","site-content-style":"default","site-sidebar-style":"default","ast-global-header-display":"","ast-banner-title-visibility":"","ast-main-header-display":"","ast-hfb-above-header-display":"","ast-hfb-below-header-display":"","ast-hfb-mobile-header-display":"","site-post-title":"","ast-breadcrumbs-content":"","ast-featured-img":"","footer-sml-layout":"","ast-disable-related-posts":"","theme-transparent-header-meta":"","adv-header-id-meta":"","stick-header-meta":"","header-above-stick-meta":"","header-main-stick-meta":"","header-below-stick-meta":"","astra-migrate-meta-layouts":"default","ast-page-background-enabled":"default","ast-page-background-meta":{"desktop":{"background-color":"var(--ast-global-color-5)","background-image":"","background-repeat":"repeat","background-position":"center center","background-size":"auto","background-attachment":"scroll","background-type":"","background-media":"","overlay-type":"","overlay-color":"","overlay-opacity":"","overlay-gradient":""},"tablet":{"background-color":"","background-image":"","background-repeat":"repeat","background-position":"center center","background-size":"auto","background-attachment":"scroll","background-type":"","background-media":"","overlay-type":"","overlay-color":"","overlay-opacity":"","overlay-gradient":""},"mobile":{"background-color":"","background-image":"","background-repeat":"repeat","background-position":"center center","background-size":"auto","background-attachment":"scroll","background-type":"","background-media":"","overlay-type":"","overlay-color":"","overlay-opacity":"","overlay-gradient":""}},"ast-content-background-meta":{"desktop":{"background-color":"var(--ast-global-color-4)","background-image":"","background-repeat":"repeat","background-position":"center center","background-size":"auto","background-attachment":"scroll","background-type":"","background-media":"","overlay-type":"","overlay-color":"","overlay-opacity":"","overlay-gradient":""},"tablet":{"background-color":"var(--ast-global-color-4)","background-image":"","background-repeat":"repeat","background-position":"center center","background-size":"auto","background-attachment":"scroll","background-type":"","background-media":"","overlay-type":"","overlay-color":"","overlay-opacity":"","overlay-gradient":""},"mobile":{"background-color":"var(--ast-global-color-4)","background-image":"","background-repeat":"repeat","background-position":"center center","background-size":"auto","background-attachment":"scroll","background-type":"","background-media":"","overlay-type":"","overlay-color":"","overlay-opacity":"","overlay-gradient":""}},"footnotes":""},"categories":[1,25],"tags":[],"class_list":["post-37166","post","type-post","status-publish","format-standard","has-post-thumbnail","hentry","category-noticias","category-tierra-del-fuego"],"yoast_head":"<!-- This site is optimized with the Yoast SEO Premium plugin v23.0 (Yoast SEO v27.5) - https:\/\/yoast.com\/product\/yoast-seo-premium-wordpress\/ -->\n<title>Avanzan las acciones para producir energ\u00eda e\u00f3lica en Tierra del Fuego<\/title>\n<meta name=\"robots\" content=\"index, follow, max-snippet:-1, max-image-preview:large, max-video-preview:-1\" \/>\n<link rel=\"canonical\" href=\"https:\/\/patagoniambiental.com.ar\/info\/avanzan-las-acciones-para-producir-energia-eolica-en-tierra-del-fuego\/\" \/>\n<meta property=\"og:locale\" content=\"es_ES\" \/>\n<meta property=\"og:type\" content=\"article\" \/>\n<meta property=\"og:title\" content=\"Avanzan las acciones para producir energ\u00eda e\u00f3lica en Tierra del Fuego\" \/>\n<meta property=\"og:description\" content=\"TIERRA DEL FUEGO.- El Consorcio p\u00fablico-privado \u201cENERGAT Fuego\u201d, integrado por la Universidad Nacional de Tierra del Fuego y la Cooperativa [&hellip;]\" \/>\n<meta property=\"og:url\" content=\"https:\/\/patagoniambiental.com.ar\/info\/avanzan-las-acciones-para-producir-energia-eolica-en-tierra-del-fuego\/\" \/>\n<meta property=\"og:site_name\" content=\"Patagonia Ambiental\" \/>\n<meta property=\"article:publisher\" content=\"https:\/\/www.facebook.com\/patagonia.ambiental\" \/>\n<meta property=\"article:author\" content=\"https:\/\/www.facebook.com\/share\/1C1V8Gv9BX\/?mibextid=qi2Omg\" \/>\n<meta property=\"article:published_time\" content=\"2017-10-27T12:00:14+00:00\" \/>\n<meta property=\"og:image\" content=\"https:\/\/patagoniambiental.com.ar\/info\/wp-content\/uploads\/2017\/10\/molinos.jpg\" \/>\n\t<meta property=\"og:image:width\" content=\"801\" \/>\n\t<meta property=\"og:image:height\" content=\"534\" \/>\n\t<meta property=\"og:image:type\" content=\"image\/jpeg\" \/>\n<meta name=\"author\" content=\"Patagonia Ambiental\" \/>\n<meta name=\"twitter:card\" content=\"summary_large_image\" \/>\n<meta name=\"twitter:creator\" content=\"@PatAmb\" \/>\n<meta name=\"twitter:site\" content=\"@PatAmb\" \/>\n<script type=\"application\/ld+json\" class=\"yoast-schema-graph\">{\"@context\":\"https:\\\/\\\/schema.org\",\"@graph\":[{\"@type\":\"Article\",\"@id\":\"https:\\\/\\\/patagoniambiental.com.ar\\\/info\\\/avanzan-las-acciones-para-producir-energia-eolica-en-tierra-del-fuego\\\/#article\",\"isPartOf\":{\"@id\":\"https:\\\/\\\/patagoniambiental.com.ar\\\/info\\\/avanzan-las-acciones-para-producir-energia-eolica-en-tierra-del-fuego\\\/\"},\"author\":{\"name\":\"Patagonia Ambiental\",\"@id\":\"https:\\\/\\\/patagoniambiental.com.ar\\\/info\\\/#\\\/schema\\\/person\\\/db12bff64bbcbf6a253710bf0ea37b5d\"},\"headline\":\"Avanzan las acciones para producir energ\u00eda e\u00f3lica en Tierra del Fuego\",\"datePublished\":\"2017-10-27T12:00:14+00:00\",\"mainEntityOfPage\":{\"@id\":\"https:\\\/\\\/patagoniambiental.com.ar\\\/info\\\/avanzan-las-acciones-para-producir-energia-eolica-en-tierra-del-fuego\\\/\"},\"wordCount\":453,\"commentCount\":0,\"publisher\":{\"@id\":\"https:\\\/\\\/patagoniambiental.com.ar\\\/info\\\/#organization\"},\"image\":{\"@id\":\"https:\\\/\\\/patagoniambiental.com.ar\\\/info\\\/avanzan-las-acciones-para-producir-energia-eolica-en-tierra-del-fuego\\\/#primaryimage\"},\"thumbnailUrl\":\"https:\\\/\\\/patagoniambiental.com.ar\\\/info\\\/wp-content\\\/uploads\\\/2017\\\/10\\\/molinos.jpg\",\"articleSection\":[\"Noticias\",\"Tierra del Fuego\"],\"inLanguage\":\"es\",\"potentialAction\":[{\"@type\":\"CommentAction\",\"name\":\"Comment\",\"target\":[\"https:\\\/\\\/patagoniambiental.com.ar\\\/info\\\/avanzan-las-acciones-para-producir-energia-eolica-en-tierra-del-fuego\\\/#respond\"]}]},{\"@type\":\"WebPage\",\"@id\":\"https:\\\/\\\/patagoniambiental.com.ar\\\/info\\\/avanzan-las-acciones-para-producir-energia-eolica-en-tierra-del-fuego\\\/\",\"url\":\"https:\\\/\\\/patagoniambiental.com.ar\\\/info\\\/avanzan-las-acciones-para-producir-energia-eolica-en-tierra-del-fuego\\\/\",\"name\":\"Avanzan las acciones para producir energ\u00eda e\u00f3lica en Tierra del Fuego\",\"isPartOf\":{\"@id\":\"https:\\\/\\\/patagoniambiental.com.ar\\\/info\\\/#website\"},\"primaryImageOfPage\":{\"@id\":\"https:\\\/\\\/patagoniambiental.com.ar\\\/info\\\/avanzan-las-acciones-para-producir-energia-eolica-en-tierra-del-fuego\\\/#primaryimage\"},\"image\":{\"@id\":\"https:\\\/\\\/patagoniambiental.com.ar\\\/info\\\/avanzan-las-acciones-para-producir-energia-eolica-en-tierra-del-fuego\\\/#primaryimage\"},\"thumbnailUrl\":\"https:\\\/\\\/patagoniambiental.com.ar\\\/info\\\/wp-content\\\/uploads\\\/2017\\\/10\\\/molinos.jpg\",\"datePublished\":\"2017-10-27T12:00:14+00:00\",\"breadcrumb\":{\"@id\":\"https:\\\/\\\/patagoniambiental.com.ar\\\/info\\\/avanzan-las-acciones-para-producir-energia-eolica-en-tierra-del-fuego\\\/#breadcrumb\"},\"inLanguage\":\"es\",\"potentialAction\":[{\"@type\":\"ReadAction\",\"target\":[\"https:\\\/\\\/patagoniambiental.com.ar\\\/info\\\/avanzan-las-acciones-para-producir-energia-eolica-en-tierra-del-fuego\\\/\"]}]},{\"@type\":\"ImageObject\",\"inLanguage\":\"es\",\"@id\":\"https:\\\/\\\/patagoniambiental.com.ar\\\/info\\\/avanzan-las-acciones-para-producir-energia-eolica-en-tierra-del-fuego\\\/#primaryimage\",\"url\":\"https:\\\/\\\/patagoniambiental.com.ar\\\/info\\\/wp-content\\\/uploads\\\/2017\\\/10\\\/molinos.jpg\",\"contentUrl\":\"https:\\\/\\\/patagoniambiental.com.ar\\\/info\\\/wp-content\\\/uploads\\\/2017\\\/10\\\/molinos.jpg\",\"width\":801,\"height\":534},{\"@type\":\"BreadcrumbList\",\"@id\":\"https:\\\/\\\/patagoniambiental.com.ar\\\/info\\\/avanzan-las-acciones-para-producir-energia-eolica-en-tierra-del-fuego\\\/#breadcrumb\",\"itemListElement\":[{\"@type\":\"ListItem\",\"position\":1,\"name\":\"Inicio\",\"item\":\"https:\\\/\\\/patagoniambiental.com.ar\\\/info\\\/\"},{\"@type\":\"ListItem\",\"position\":2,\"name\":\"Avanzan las acciones para producir energ\u00eda e\u00f3lica en Tierra del Fuego\"}]},{\"@type\":\"WebSite\",\"@id\":\"https:\\\/\\\/patagoniambiental.com.ar\\\/info\\\/#website\",\"url\":\"https:\\\/\\\/patagoniambiental.com.ar\\\/info\\\/\",\"name\":\"Patagonia Ambiental\",\"description\":\"Monitoreo y an\u00e1lisis de la situaci\u00f3n geopol\u00edtica en el mundo y su implicancia en la Patagonia\",\"publisher\":{\"@id\":\"https:\\\/\\\/patagoniambiental.com.ar\\\/info\\\/#organization\"},\"potentialAction\":[{\"@type\":\"SearchAction\",\"target\":{\"@type\":\"EntryPoint\",\"urlTemplate\":\"https:\\\/\\\/patagoniambiental.com.ar\\\/info\\\/?s={search_term_string}\"},\"query-input\":{\"@type\":\"PropertyValueSpecification\",\"valueRequired\":true,\"valueName\":\"search_term_string\"}}],\"inLanguage\":\"es\"},{\"@type\":\"Organization\",\"@id\":\"https:\\\/\\\/patagoniambiental.com.ar\\\/info\\\/#organization\",\"name\":\"Patagonia Ambiental\",\"url\":\"https:\\\/\\\/patagoniambiental.com.ar\\\/info\\\/\",\"logo\":{\"@type\":\"ImageObject\",\"inLanguage\":\"es\",\"@id\":\"https:\\\/\\\/patagoniambiental.com.ar\\\/info\\\/#\\\/schema\\\/logo\\\/image\\\/\",\"url\":\"https:\\\/\\\/patagoniambiental.com.ar\\\/info\\\/wp-content\\\/uploads\\\/2025\\\/05\\\/LOGO-PATAGONIA-AMBIENTAL.png\",\"contentUrl\":\"https:\\\/\\\/patagoniambiental.com.ar\\\/info\\\/wp-content\\\/uploads\\\/2025\\\/05\\\/LOGO-PATAGONIA-AMBIENTAL.png\",\"width\":433,\"height\":250,\"caption\":\"Patagonia Ambiental\"},\"image\":{\"@id\":\"https:\\\/\\\/patagoniambiental.com.ar\\\/info\\\/#\\\/schema\\\/logo\\\/image\\\/\"},\"sameAs\":[\"https:\\\/\\\/www.facebook.com\\\/patagonia.ambiental\",\"https:\\\/\\\/x.com\\\/PatAmb\"]},{\"@type\":\"Person\",\"@id\":\"https:\\\/\\\/patagoniambiental.com.ar\\\/info\\\/#\\\/schema\\\/person\\\/db12bff64bbcbf6a253710bf0ea37b5d\",\"name\":\"Patagonia Ambiental\",\"description\":\"Andr\u00e9s Nievas T\u00e9cnico en manejo ambiental, consultor Ambiental y escritor para medios locales e internacionales sobre temas de geopolitica y medio ambiente.\",\"sameAs\":[\"http:\\\/\\\/www.patagoniambiental.com.ar\",\"https:\\\/\\\/www.facebook.com\\\/share\\\/1C1V8Gv9BX\\\/?mibextid=qi2Omg\",\"@patagoniambiental\",\"https:\\\/\\\/youtube.com\\\/@patagoniaambiental2023?si=BLt58t0wuXquxlYZ\"]}]}<\/script>\n<!-- \/ Yoast SEO Premium plugin. -->","yoast_head_json":{"title":"Avanzan las acciones para producir energ\u00eda e\u00f3lica en Tierra del Fuego","robots":{"index":"index","follow":"follow","max-snippet":"max-snippet:-1","max-image-preview":"max-image-preview:large","max-video-preview":"max-video-preview:-1"},"canonical":"https:\/\/patagoniambiental.com.ar\/info\/avanzan-las-acciones-para-producir-energia-eolica-en-tierra-del-fuego\/","og_locale":"es_ES","og_type":"article","og_title":"Avanzan las acciones para producir energ\u00eda e\u00f3lica en Tierra del Fuego","og_description":"TIERRA DEL FUEGO.- El Consorcio p\u00fablico-privado \u201cENERGAT Fuego\u201d, integrado por la Universidad Nacional de Tierra del Fuego y la Cooperativa [&hellip;]","og_url":"https:\/\/patagoniambiental.com.ar\/info\/avanzan-las-acciones-para-producir-energia-eolica-en-tierra-del-fuego\/","og_site_name":"Patagonia Ambiental","article_publisher":"https:\/\/www.facebook.com\/patagonia.ambiental","article_author":"https:\/\/www.facebook.com\/share\/1C1V8Gv9BX\/?mibextid=qi2Omg","article_published_time":"2017-10-27T12:00:14+00:00","og_image":[{"width":801,"height":534,"url":"https:\/\/patagoniambiental.com.ar\/info\/wp-content\/uploads\/2017\/10\/molinos.jpg","type":"image\/jpeg"}],"author":"Patagonia Ambiental","twitter_card":"summary_large_image","twitter_creator":"@PatAmb","twitter_site":"@PatAmb","schema":{"@context":"https:\/\/schema.org","@graph":[{"@type":"Article","@id":"https:\/\/patagoniambiental.com.ar\/info\/avanzan-las-acciones-para-producir-energia-eolica-en-tierra-del-fuego\/#article","isPartOf":{"@id":"https:\/\/patagoniambiental.com.ar\/info\/avanzan-las-acciones-para-producir-energia-eolica-en-tierra-del-fuego\/"},"author":{"name":"Patagonia Ambiental","@id":"https:\/\/patagoniambiental.com.ar\/info\/#\/schema\/person\/db12bff64bbcbf6a253710bf0ea37b5d"},"headline":"Avanzan las acciones para producir energ\u00eda e\u00f3lica en Tierra del Fuego","datePublished":"2017-10-27T12:00:14+00:00","mainEntityOfPage":{"@id":"https:\/\/patagoniambiental.com.ar\/info\/avanzan-las-acciones-para-producir-energia-eolica-en-tierra-del-fuego\/"},"wordCount":453,"commentCount":0,"publisher":{"@id":"https:\/\/patagoniambiental.com.ar\/info\/#organization"},"image":{"@id":"https:\/\/patagoniambiental.com.ar\/info\/avanzan-las-acciones-para-producir-energia-eolica-en-tierra-del-fuego\/#primaryimage"},"thumbnailUrl":"https:\/\/patagoniambiental.com.ar\/info\/wp-content\/uploads\/2017\/10\/molinos.jpg","articleSection":["Noticias","Tierra del Fuego"],"inLanguage":"es","potentialAction":[{"@type":"CommentAction","name":"Comment","target":["https:\/\/patagoniambiental.com.ar\/info\/avanzan-las-acciones-para-producir-energia-eolica-en-tierra-del-fuego\/#respond"]}]},{"@type":"WebPage","@id":"https:\/\/patagoniambiental.com.ar\/info\/avanzan-las-acciones-para-producir-energia-eolica-en-tierra-del-fuego\/","url":"https:\/\/patagoniambiental.com.ar\/info\/avanzan-las-acciones-para-producir-energia-eolica-en-tierra-del-fuego\/","name":"Avanzan las acciones para producir energ\u00eda e\u00f3lica en Tierra del Fuego","isPartOf":{"@id":"https:\/\/patagoniambiental.com.ar\/info\/#website"},"primaryImageOfPage":{"@id":"https:\/\/patagoniambiental.com.ar\/info\/avanzan-las-acciones-para-producir-energia-eolica-en-tierra-del-fuego\/#primaryimage"},"image":{"@id":"https:\/\/patagoniambiental.com.ar\/info\/avanzan-las-acciones-para-producir-energia-eolica-en-tierra-del-fuego\/#primaryimage"},"thumbnailUrl":"https:\/\/patagoniambiental.com.ar\/info\/wp-content\/uploads\/2017\/10\/molinos.jpg","datePublished":"2017-10-27T12:00:14+00:00","breadcrumb":{"@id":"https:\/\/patagoniambiental.com.ar\/info\/avanzan-las-acciones-para-producir-energia-eolica-en-tierra-del-fuego\/#breadcrumb"},"inLanguage":"es","potentialAction":[{"@type":"ReadAction","target":["https:\/\/patagoniambiental.com.ar\/info\/avanzan-las-acciones-para-producir-energia-eolica-en-tierra-del-fuego\/"]}]},{"@type":"ImageObject","inLanguage":"es","@id":"https:\/\/patagoniambiental.com.ar\/info\/avanzan-las-acciones-para-producir-energia-eolica-en-tierra-del-fuego\/#primaryimage","url":"https:\/\/patagoniambiental.com.ar\/info\/wp-content\/uploads\/2017\/10\/molinos.jpg","contentUrl":"https:\/\/patagoniambiental.com.ar\/info\/wp-content\/uploads\/2017\/10\/molinos.jpg","width":801,"height":534},{"@type":"BreadcrumbList","@id":"https:\/\/patagoniambiental.com.ar\/info\/avanzan-las-acciones-para-producir-energia-eolica-en-tierra-del-fuego\/#breadcrumb","itemListElement":[{"@type":"ListItem","position":1,"name":"Inicio","item":"https:\/\/patagoniambiental.com.ar\/info\/"},{"@type":"ListItem","position":2,"name":"Avanzan las acciones para producir energ\u00eda e\u00f3lica en Tierra del Fuego"}]},{"@type":"WebSite","@id":"https:\/\/patagoniambiental.com.ar\/info\/#website","url":"https:\/\/patagoniambiental.com.ar\/info\/","name":"Patagonia Ambiental","description":"Monitoreo y an\u00e1lisis de la situaci\u00f3n geopol\u00edtica en el mundo y su implicancia en la Patagonia","publisher":{"@id":"https:\/\/patagoniambiental.com.ar\/info\/#organization"},"potentialAction":[{"@type":"SearchAction","target":{"@type":"EntryPoint","urlTemplate":"https:\/\/patagoniambiental.com.ar\/info\/?s={search_term_string}"},"query-input":{"@type":"PropertyValueSpecification","valueRequired":true,"valueName":"search_term_string"}}],"inLanguage":"es"},{"@type":"Organization","@id":"https:\/\/patagoniambiental.com.ar\/info\/#organization","name":"Patagonia Ambiental","url":"https:\/\/patagoniambiental.com.ar\/info\/","logo":{"@type":"ImageObject","inLanguage":"es","@id":"https:\/\/patagoniambiental.com.ar\/info\/#\/schema\/logo\/image\/","url":"https:\/\/patagoniambiental.com.ar\/info\/wp-content\/uploads\/2025\/05\/LOGO-PATAGONIA-AMBIENTAL.png","contentUrl":"https:\/\/patagoniambiental.com.ar\/info\/wp-content\/uploads\/2025\/05\/LOGO-PATAGONIA-AMBIENTAL.png","width":433,"height":250,"caption":"Patagonia Ambiental"},"image":{"@id":"https:\/\/patagoniambiental.com.ar\/info\/#\/schema\/logo\/image\/"},"sameAs":["https:\/\/www.facebook.com\/patagonia.ambiental","https:\/\/x.com\/PatAmb"]},{"@type":"Person","@id":"https:\/\/patagoniambiental.com.ar\/info\/#\/schema\/person\/db12bff64bbcbf6a253710bf0ea37b5d","name":"Patagonia Ambiental","description":"Andr\u00e9s Nievas T\u00e9cnico en manejo ambiental, consultor Ambiental y escritor para medios locales e internacionales sobre temas de geopolitica y medio ambiente.","sameAs":["http:\/\/www.patagoniambiental.com.ar","https:\/\/www.facebook.com\/share\/1C1V8Gv9BX\/?mibextid=qi2Omg","@patagoniambiental","https:\/\/youtube.com\/@patagoniaambiental2023?si=BLt58t0wuXquxlYZ"]}]}},"_links":{"self":[{"href":"https:\/\/patagoniambiental.com.ar\/info\/wp-json\/wp\/v2\/posts\/37166","targetHints":{"allow":["GET"]}}],"collection":[{"href":"https:\/\/patagoniambiental.com.ar\/info\/wp-json\/wp\/v2\/posts"}],"about":[{"href":"https:\/\/patagoniambiental.com.ar\/info\/wp-json\/wp\/v2\/types\/post"}],"author":[{"embeddable":true,"href":"https:\/\/patagoniambiental.com.ar\/info\/wp-json\/wp\/v2\/users\/2"}],"replies":[{"embeddable":true,"href":"https:\/\/patagoniambiental.com.ar\/info\/wp-json\/wp\/v2\/comments?post=37166"}],"version-history":[{"count":0,"href":"https:\/\/patagoniambiental.com.ar\/info\/wp-json\/wp\/v2\/posts\/37166\/revisions"}],"wp:featuredmedia":[{"embeddable":true,"href":"https:\/\/patagoniambiental.com.ar\/info\/wp-json\/wp\/v2\/media\/37167"}],"wp:attachment":[{"href":"https:\/\/patagoniambiental.com.ar\/info\/wp-json\/wp\/v2\/media?parent=37166"}],"wp:term":[{"taxonomy":"category","embeddable":true,"href":"https:\/\/patagoniambiental.com.ar\/info\/wp-json\/wp\/v2\/categories?post=37166"},{"taxonomy":"post_tag","embeddable":true,"href":"https:\/\/patagoniambiental.com.ar\/info\/wp-json\/wp\/v2\/tags?post=37166"}],"curies":[{"name":"wp","href":"https:\/\/api.w.org\/{rel}","templated":true}]}}