{"id":37172,"date":"2017-10-27T09:00:40","date_gmt":"2017-10-27T12:00:40","guid":{"rendered":"http:\/\/patagoniambiental.com.ar\/info\/?p=37172"},"modified":"2017-10-27T07:33:00","modified_gmt":"2017-10-27T10:33:00","slug":"seno-almirantazgo-se-unira-a-la-red-de-areas-marinas-protegidas-de-magallanes","status":"publish","type":"post","link":"https:\/\/patagoniambiental.com.ar\/info\/seno-almirantazgo-se-unira-a-la-red-de-areas-marinas-protegidas-de-magallanes\/","title":{"rendered":"Seno Almirantazgo se unir\u00e1 a la red de \u00e1reas marinas protegidas de Magallanes"},"content":{"rendered":"<p class=\"p1\">En septiembre pasado la organizaci\u00f3n sin fines de lucro (ONG) Wildlife Conservation Society (WCS) impuls\u00f3 la propuesta y este lunes 23 de octubre el Consejo de Ministros para la Sustentabilidad, presidido por el ministro de Medio Ambiente, Marcelo Mena, aprob\u00f3 la creaci\u00f3n del Area Marina Costero Protegida de M\u00faltiples Usos (AMCP-MU) Seno Almirantazgo ubicado en Tierra del Fuego.<\/p>\n<p class=\"p3\">Esta aprobaci\u00f3n se hace en el contexto de generar una red de \u00e1reas protegidas marinas en Magallanes, seg\u00fan lo destac\u00f3 el intendente Jorge Flies. \u201cHemos propuesto a la Red de Parques de la Patagonia una red de Parques Marinos o de Areas Marinas Protegidas que vayan conversando con estas \u00e1reas terrestres en una regi\u00f3n tan particular como Magallanes. En un trabajo in\u00e9dito por su esfuerzo y rapidez, el Ministerio del Medio Ambiente en conjunto con WCS han podido llevar el proyecto del Area Marina Costero Protegida de M\u00faltiples Usos Seno Almirantazgo que es un lugar maravilloso en Tierra del Fuego\u201d, se\u00f1al\u00f3.<\/p>\n<p class=\"p3\">La nueva \u00e1rea costera protegida, se ubica en la costa occidental de Tierra del Fuego, frente a la isla Dawson y es un brazo del estrecho de Magallanes que comunica el lago Fagnano, compartido entre Chile y Argentina. Este fiordo de 80 kil\u00f3metros de extensi\u00f3n y una superficie de 1.160 km2 ba\u00f1a las costas del Parque Nacional Alberto de Agostini, Parque Nacional Yendegaia y Parque Natural Karukinka.<\/p>\n<p class=\"p3\">La riqueza de fauna que encierra este lugar es \u00fanica en el continente. Habitan all\u00ed el 39% de los mam\u00edferos marinos y el 65% de las aves presentes en la Regi\u00f3n de Magallanes y la Ant\u00e1rtica Chilena.<\/p>\n<p class=\"p3\">De ah\u00ed la iniciativa de proteger el Seno Almirantazgo, ya que de esta manera se podr\u00e1 abogar por la conservaci\u00f3n de las especies presentes en la zona, fomentar el desarrollo sustentable de la pesca artesanal, el turismo y apoyar la investigaci\u00f3n cient\u00edfica en el \u00e1rea.<\/p>\n<p class=\"p3\">\u201cEstamos hoy d\u00eda viendo c\u00f3mo vamos a elaborar la gobernanza y el modelo de administraci\u00f3n para asegurar que sea un lugar de m\u00faltiples usos, lo que estamos buscando es tener una armon\u00eda entre todas las actividades que all\u00ed se desarrollen para que la biodiversidad \u00fanica que tenemos en el lugar la podamos mantener para las pr\u00f3ximas generaciones\u201d, explic\u00f3 el Seremi Juan Marcos Henr\u00edquez.<\/p>\n<p class=\"p3\">Por su parte, Daniela Droguett, directora de WCS explic\u00f3 que la propuesta nace el a\u00f1o 2010 con la revisi\u00f3n de las \u00e1reas de alto valor para la conservaci\u00f3n en Magallanes, \u201cSeno Almirantazgo, es un \u00e1rea que tiene varias caracter\u00edsticas biol\u00f3gicas y ecosist\u00e9micas peculiares en la regi\u00f3n. Est\u00e1n la influencia de los glaciares, que hace que exista un ecosistema especial con focas leopardo, bancos de ostiones, pesca de centolla y centoll\u00f3n y la confluencia de dos \u00e1reas protegidas hace que tenga un corredor biol\u00f3gico importante de conservaci\u00f3n\u201d, detall\u00f3.<\/p>\n<p class=\"p3\"><span class=\"s1\">El \u00e1rea es lugar de alimentaci\u00f3n, descanso y reproducci\u00f3n del elefante marino del sur, la foca leopardo y albatros de ceja negra. Posee bancos de especies bent\u00f3nicas de importancia comercial como el osti\u00f3n del sur, el osti\u00f3n patag\u00f3nico y bosques de huiro; y adem\u00e1s posee un rico patrimonio hist\u00f3rico y cultural, ya que fue una de las pocas zonas de la Patagonia donde se ha encontrado evidencia de intercambio y uso compartido entre las culturas selknam, yag\u00e1n y kaw\u00e9sqar.<\/span><\/p>\n<div class=\"sharedaddy sd-sharing-enabled\">\u00a0Fuente:\u00a0http:\/\/laprensaaustral.cl\/cronica\/seno-almirantazgo-se-unira-a-la-red-de-areas-marinas-protegidas-de-magallanes\/<\/div>\n","protected":false},"excerpt":{"rendered":"<p>En septiembre pasado la organizaci\u00f3n sin fines de lucro (ONG) Wildlife Conservation Society (WCS) impuls\u00f3 la propuesta y este lunes [&hellip;]<\/p>\n","protected":false},"author":2,"featured_media":37173,"comment_status":"open","ping_status":"open","sticky":false,"template":"","format":"standard","meta":{"site-sidebar-layout":"default","site-content-layout":"","ast-site-content-layout":"default","site-content-style":"default","site-sidebar-style":"default","ast-global-header-display":"","ast-banner-title-visibility":"","ast-main-header-display":"","ast-hfb-above-header-display":"","ast-hfb-below-header-display":"","ast-hfb-mobile-header-display":"","site-post-title":"","ast-breadcrumbs-content":"","ast-featured-img":"","footer-sml-layout":"","ast-disable-related-posts":"","theme-transparent-header-meta":"","adv-header-id-meta":"","stick-header-meta":"","header-above-stick-meta":"","header-main-stick-meta":"","header-below-stick-meta":"","astra-migrate-meta-layouts":"default","ast-page-background-enabled":"default","ast-page-background-meta":{"desktop":{"background-color":"var(--ast-global-color-5)","background-image":"","background-repeat":"repeat","background-position":"center center","background-size":"auto","background-attachment":"scroll","background-type":"","background-media":"","overlay-type":"","overlay-color":"","overlay-opacity":"","overlay-gradient":""},"tablet":{"background-color":"","background-image":"","background-repeat":"repeat","background-position":"center center","background-size":"auto","background-attachment":"scroll","background-type":"","background-media":"","overlay-type":"","overlay-color":"","overlay-opacity":"","overlay-gradient":""},"mobile":{"background-color":"","background-image":"","background-repeat":"repeat","background-position":"center center","background-size":"auto","background-attachment":"scroll","background-type":"","background-media":"","overlay-type":"","overlay-color":"","overlay-opacity":"","overlay-gradient":""}},"ast-content-background-meta":{"desktop":{"background-color":"var(--ast-global-color-4)","background-image":"","background-repeat":"repeat","background-position":"center center","background-size":"auto","background-attachment":"scroll","background-type":"","background-media":"","overlay-type":"","overlay-color":"","overlay-opacity":"","overlay-gradient":""},"tablet":{"background-color":"var(--ast-global-color-4)","background-image":"","background-repeat":"repeat","background-position":"center center","background-size":"auto","background-attachment":"scroll","background-type":"","background-media":"","overlay-type":"","overlay-color":"","overlay-opacity":"","overlay-gradient":""},"mobile":{"background-color":"var(--ast-global-color-4)","background-image":"","background-repeat":"repeat","background-position":"center center","background-size":"auto","background-attachment":"scroll","background-type":"","background-media":"","overlay-type":"","overlay-color":"","overlay-opacity":"","overlay-gradient":""}},"footnotes":""},"categories":[1,25],"tags":[],"class_list":["post-37172","post","type-post","status-publish","format-standard","has-post-thumbnail","hentry","category-noticias","category-tierra-del-fuego"],"yoast_head":"<!-- This site is optimized with the Yoast SEO Premium plugin v23.0 (Yoast SEO v27.5) - https:\/\/yoast.com\/product\/yoast-seo-premium-wordpress\/ -->\n<title>Seno Almirantazgo se unir\u00e1 a la red de \u00e1reas marinas protegidas de Magallanes<\/title>\n<meta name=\"robots\" content=\"index, follow, max-snippet:-1, max-image-preview:large, max-video-preview:-1\" \/>\n<link rel=\"canonical\" href=\"https:\/\/patagoniambiental.com.ar\/info\/seno-almirantazgo-se-unira-a-la-red-de-areas-marinas-protegidas-de-magallanes\/\" \/>\n<meta property=\"og:locale\" content=\"es_ES\" \/>\n<meta property=\"og:type\" content=\"article\" \/>\n<meta property=\"og:title\" content=\"Seno Almirantazgo se unir\u00e1 a la red de \u00e1reas marinas protegidas de Magallanes\" \/>\n<meta property=\"og:description\" content=\"En septiembre pasado la organizaci\u00f3n sin fines de lucro (ONG) Wildlife Conservation Society (WCS) impuls\u00f3 la propuesta y este lunes [&hellip;]\" \/>\n<meta property=\"og:url\" content=\"https:\/\/patagoniambiental.com.ar\/info\/seno-almirantazgo-se-unira-a-la-red-de-areas-marinas-protegidas-de-magallanes\/\" \/>\n<meta property=\"og:site_name\" content=\"Patagonia Ambiental\" \/>\n<meta property=\"article:publisher\" content=\"https:\/\/www.facebook.com\/patagonia.ambiental\" \/>\n<meta property=\"article:author\" content=\"https:\/\/www.facebook.com\/share\/1C1V8Gv9BX\/?mibextid=qi2Omg\" \/>\n<meta property=\"article:published_time\" content=\"2017-10-27T12:00:40+00:00\" \/>\n<meta property=\"og:image\" content=\"https:\/\/patagoniambiental.com.ar\/info\/wp-content\/uploads\/2017\/10\/red2.jpg\" \/>\n\t<meta property=\"og:image:width\" content=\"667\" \/>\n\t<meta property=\"og:image:height\" content=\"400\" \/>\n\t<meta property=\"og:image:type\" content=\"image\/jpeg\" \/>\n<meta name=\"author\" content=\"Patagonia Ambiental\" \/>\n<meta name=\"twitter:card\" content=\"summary_large_image\" \/>\n<meta name=\"twitter:creator\" content=\"@PatAmb\" \/>\n<meta name=\"twitter:site\" content=\"@PatAmb\" \/>\n<script type=\"application\/ld+json\" class=\"yoast-schema-graph\">{\"@context\":\"https:\\\/\\\/schema.org\",\"@graph\":[{\"@type\":\"Article\",\"@id\":\"https:\\\/\\\/patagoniambiental.com.ar\\\/info\\\/seno-almirantazgo-se-unira-a-la-red-de-areas-marinas-protegidas-de-magallanes\\\/#article\",\"isPartOf\":{\"@id\":\"https:\\\/\\\/patagoniambiental.com.ar\\\/info\\\/seno-almirantazgo-se-unira-a-la-red-de-areas-marinas-protegidas-de-magallanes\\\/\"},\"author\":{\"name\":\"Patagonia Ambiental\",\"@id\":\"https:\\\/\\\/patagoniambiental.com.ar\\\/info\\\/#\\\/schema\\\/person\\\/db12bff64bbcbf6a253710bf0ea37b5d\"},\"headline\":\"Seno Almirantazgo se unir\u00e1 a la red de \u00e1reas marinas protegidas de Magallanes\",\"datePublished\":\"2017-10-27T12:00:40+00:00\",\"mainEntityOfPage\":{\"@id\":\"https:\\\/\\\/patagoniambiental.com.ar\\\/info\\\/seno-almirantazgo-se-unira-a-la-red-de-areas-marinas-protegidas-de-magallanes\\\/\"},\"wordCount\":596,\"commentCount\":0,\"publisher\":{\"@id\":\"https:\\\/\\\/patagoniambiental.com.ar\\\/info\\\/#organization\"},\"image\":{\"@id\":\"https:\\\/\\\/patagoniambiental.com.ar\\\/info\\\/seno-almirantazgo-se-unira-a-la-red-de-areas-marinas-protegidas-de-magallanes\\\/#primaryimage\"},\"thumbnailUrl\":\"https:\\\/\\\/patagoniambiental.com.ar\\\/info\\\/wp-content\\\/uploads\\\/2017\\\/10\\\/red2.jpg\",\"articleSection\":[\"Noticias\",\"Tierra del Fuego\"],\"inLanguage\":\"es\",\"potentialAction\":[{\"@type\":\"CommentAction\",\"name\":\"Comment\",\"target\":[\"https:\\\/\\\/patagoniambiental.com.ar\\\/info\\\/seno-almirantazgo-se-unira-a-la-red-de-areas-marinas-protegidas-de-magallanes\\\/#respond\"]}]},{\"@type\":\"WebPage\",\"@id\":\"https:\\\/\\\/patagoniambiental.com.ar\\\/info\\\/seno-almirantazgo-se-unira-a-la-red-de-areas-marinas-protegidas-de-magallanes\\\/\",\"url\":\"https:\\\/\\\/patagoniambiental.com.ar\\\/info\\\/seno-almirantazgo-se-unira-a-la-red-de-areas-marinas-protegidas-de-magallanes\\\/\",\"name\":\"Seno Almirantazgo se unir\u00e1 a la red de \u00e1reas marinas protegidas de Magallanes\",\"isPartOf\":{\"@id\":\"https:\\\/\\\/patagoniambiental.com.ar\\\/info\\\/#website\"},\"primaryImageOfPage\":{\"@id\":\"https:\\\/\\\/patagoniambiental.com.ar\\\/info\\\/seno-almirantazgo-se-unira-a-la-red-de-areas-marinas-protegidas-de-magallanes\\\/#primaryimage\"},\"image\":{\"@id\":\"https:\\\/\\\/patagoniambiental.com.ar\\\/info\\\/seno-almirantazgo-se-unira-a-la-red-de-areas-marinas-protegidas-de-magallanes\\\/#primaryimage\"},\"thumbnailUrl\":\"https:\\\/\\\/patagoniambiental.com.ar\\\/info\\\/wp-content\\\/uploads\\\/2017\\\/10\\\/red2.jpg\",\"datePublished\":\"2017-10-27T12:00:40+00:00\",\"breadcrumb\":{\"@id\":\"https:\\\/\\\/patagoniambiental.com.ar\\\/info\\\/seno-almirantazgo-se-unira-a-la-red-de-areas-marinas-protegidas-de-magallanes\\\/#breadcrumb\"},\"inLanguage\":\"es\",\"potentialAction\":[{\"@type\":\"ReadAction\",\"target\":[\"https:\\\/\\\/patagoniambiental.com.ar\\\/info\\\/seno-almirantazgo-se-unira-a-la-red-de-areas-marinas-protegidas-de-magallanes\\\/\"]}]},{\"@type\":\"ImageObject\",\"inLanguage\":\"es\",\"@id\":\"https:\\\/\\\/patagoniambiental.com.ar\\\/info\\\/seno-almirantazgo-se-unira-a-la-red-de-areas-marinas-protegidas-de-magallanes\\\/#primaryimage\",\"url\":\"https:\\\/\\\/patagoniambiental.com.ar\\\/info\\\/wp-content\\\/uploads\\\/2017\\\/10\\\/red2.jpg\",\"contentUrl\":\"https:\\\/\\\/patagoniambiental.com.ar\\\/info\\\/wp-content\\\/uploads\\\/2017\\\/10\\\/red2.jpg\",\"width\":667,\"height\":400},{\"@type\":\"BreadcrumbList\",\"@id\":\"https:\\\/\\\/patagoniambiental.com.ar\\\/info\\\/seno-almirantazgo-se-unira-a-la-red-de-areas-marinas-protegidas-de-magallanes\\\/#breadcrumb\",\"itemListElement\":[{\"@type\":\"ListItem\",\"position\":1,\"name\":\"Inicio\",\"item\":\"https:\\\/\\\/patagoniambiental.com.ar\\\/info\\\/\"},{\"@type\":\"ListItem\",\"position\":2,\"name\":\"Seno Almirantazgo se unir\u00e1 a la red de \u00e1reas marinas protegidas de Magallanes\"}]},{\"@type\":\"WebSite\",\"@id\":\"https:\\\/\\\/patagoniambiental.com.ar\\\/info\\\/#website\",\"url\":\"https:\\\/\\\/patagoniambiental.com.ar\\\/info\\\/\",\"name\":\"Patagonia Ambiental\",\"description\":\"Monitoreo y an\u00e1lisis de la situaci\u00f3n geopol\u00edtica en el mundo y su implicancia en la Patagonia\",\"publisher\":{\"@id\":\"https:\\\/\\\/patagoniambiental.com.ar\\\/info\\\/#organization\"},\"potentialAction\":[{\"@type\":\"SearchAction\",\"target\":{\"@type\":\"EntryPoint\",\"urlTemplate\":\"https:\\\/\\\/patagoniambiental.com.ar\\\/info\\\/?s={search_term_string}\"},\"query-input\":{\"@type\":\"PropertyValueSpecification\",\"valueRequired\":true,\"valueName\":\"search_term_string\"}}],\"inLanguage\":\"es\"},{\"@type\":\"Organization\",\"@id\":\"https:\\\/\\\/patagoniambiental.com.ar\\\/info\\\/#organization\",\"name\":\"Patagonia Ambiental\",\"url\":\"https:\\\/\\\/patagoniambiental.com.ar\\\/info\\\/\",\"logo\":{\"@type\":\"ImageObject\",\"inLanguage\":\"es\",\"@id\":\"https:\\\/\\\/patagoniambiental.com.ar\\\/info\\\/#\\\/schema\\\/logo\\\/image\\\/\",\"url\":\"https:\\\/\\\/patagoniambiental.com.ar\\\/info\\\/wp-content\\\/uploads\\\/2025\\\/05\\\/LOGO-PATAGONIA-AMBIENTAL.png\",\"contentUrl\":\"https:\\\/\\\/patagoniambiental.com.ar\\\/info\\\/wp-content\\\/uploads\\\/2025\\\/05\\\/LOGO-PATAGONIA-AMBIENTAL.png\",\"width\":433,\"height\":250,\"caption\":\"Patagonia Ambiental\"},\"image\":{\"@id\":\"https:\\\/\\\/patagoniambiental.com.ar\\\/info\\\/#\\\/schema\\\/logo\\\/image\\\/\"},\"sameAs\":[\"https:\\\/\\\/www.facebook.com\\\/patagonia.ambiental\",\"https:\\\/\\\/x.com\\\/PatAmb\"]},{\"@type\":\"Person\",\"@id\":\"https:\\\/\\\/patagoniambiental.com.ar\\\/info\\\/#\\\/schema\\\/person\\\/db12bff64bbcbf6a253710bf0ea37b5d\",\"name\":\"Patagonia Ambiental\",\"description\":\"Andr\u00e9s Nievas T\u00e9cnico en manejo ambiental, consultor Ambiental y escritor para medios locales e internacionales sobre temas de geopolitica y medio ambiente.\",\"sameAs\":[\"http:\\\/\\\/www.patagoniambiental.com.ar\",\"https:\\\/\\\/www.facebook.com\\\/share\\\/1C1V8Gv9BX\\\/?mibextid=qi2Omg\",\"@patagoniambiental\",\"https:\\\/\\\/youtube.com\\\/@patagoniaambiental2023?si=BLt58t0wuXquxlYZ\"]}]}<\/script>\n<!-- \/ Yoast SEO Premium plugin. -->","yoast_head_json":{"title":"Seno Almirantazgo se unir\u00e1 a la red de \u00e1reas marinas protegidas de Magallanes","robots":{"index":"index","follow":"follow","max-snippet":"max-snippet:-1","max-image-preview":"max-image-preview:large","max-video-preview":"max-video-preview:-1"},"canonical":"https:\/\/patagoniambiental.com.ar\/info\/seno-almirantazgo-se-unira-a-la-red-de-areas-marinas-protegidas-de-magallanes\/","og_locale":"es_ES","og_type":"article","og_title":"Seno Almirantazgo se unir\u00e1 a la red de \u00e1reas marinas protegidas de Magallanes","og_description":"En septiembre pasado la organizaci\u00f3n sin fines de lucro (ONG) Wildlife Conservation Society (WCS) impuls\u00f3 la propuesta y este lunes [&hellip;]","og_url":"https:\/\/patagoniambiental.com.ar\/info\/seno-almirantazgo-se-unira-a-la-red-de-areas-marinas-protegidas-de-magallanes\/","og_site_name":"Patagonia Ambiental","article_publisher":"https:\/\/www.facebook.com\/patagonia.ambiental","article_author":"https:\/\/www.facebook.com\/share\/1C1V8Gv9BX\/?mibextid=qi2Omg","article_published_time":"2017-10-27T12:00:40+00:00","og_image":[{"width":667,"height":400,"url":"https:\/\/patagoniambiental.com.ar\/info\/wp-content\/uploads\/2017\/10\/red2.jpg","type":"image\/jpeg"}],"author":"Patagonia Ambiental","twitter_card":"summary_large_image","twitter_creator":"@PatAmb","twitter_site":"@PatAmb","schema":{"@context":"https:\/\/schema.org","@graph":[{"@type":"Article","@id":"https:\/\/patagoniambiental.com.ar\/info\/seno-almirantazgo-se-unira-a-la-red-de-areas-marinas-protegidas-de-magallanes\/#article","isPartOf":{"@id":"https:\/\/patagoniambiental.com.ar\/info\/seno-almirantazgo-se-unira-a-la-red-de-areas-marinas-protegidas-de-magallanes\/"},"author":{"name":"Patagonia Ambiental","@id":"https:\/\/patagoniambiental.com.ar\/info\/#\/schema\/person\/db12bff64bbcbf6a253710bf0ea37b5d"},"headline":"Seno Almirantazgo se unir\u00e1 a la red de \u00e1reas marinas protegidas de Magallanes","datePublished":"2017-10-27T12:00:40+00:00","mainEntityOfPage":{"@id":"https:\/\/patagoniambiental.com.ar\/info\/seno-almirantazgo-se-unira-a-la-red-de-areas-marinas-protegidas-de-magallanes\/"},"wordCount":596,"commentCount":0,"publisher":{"@id":"https:\/\/patagoniambiental.com.ar\/info\/#organization"},"image":{"@id":"https:\/\/patagoniambiental.com.ar\/info\/seno-almirantazgo-se-unira-a-la-red-de-areas-marinas-protegidas-de-magallanes\/#primaryimage"},"thumbnailUrl":"https:\/\/patagoniambiental.com.ar\/info\/wp-content\/uploads\/2017\/10\/red2.jpg","articleSection":["Noticias","Tierra del Fuego"],"inLanguage":"es","potentialAction":[{"@type":"CommentAction","name":"Comment","target":["https:\/\/patagoniambiental.com.ar\/info\/seno-almirantazgo-se-unira-a-la-red-de-areas-marinas-protegidas-de-magallanes\/#respond"]}]},{"@type":"WebPage","@id":"https:\/\/patagoniambiental.com.ar\/info\/seno-almirantazgo-se-unira-a-la-red-de-areas-marinas-protegidas-de-magallanes\/","url":"https:\/\/patagoniambiental.com.ar\/info\/seno-almirantazgo-se-unira-a-la-red-de-areas-marinas-protegidas-de-magallanes\/","name":"Seno Almirantazgo se unir\u00e1 a la red de \u00e1reas marinas protegidas de Magallanes","isPartOf":{"@id":"https:\/\/patagoniambiental.com.ar\/info\/#website"},"primaryImageOfPage":{"@id":"https:\/\/patagoniambiental.com.ar\/info\/seno-almirantazgo-se-unira-a-la-red-de-areas-marinas-protegidas-de-magallanes\/#primaryimage"},"image":{"@id":"https:\/\/patagoniambiental.com.ar\/info\/seno-almirantazgo-se-unira-a-la-red-de-areas-marinas-protegidas-de-magallanes\/#primaryimage"},"thumbnailUrl":"https:\/\/patagoniambiental.com.ar\/info\/wp-content\/uploads\/2017\/10\/red2.jpg","datePublished":"2017-10-27T12:00:40+00:00","breadcrumb":{"@id":"https:\/\/patagoniambiental.com.ar\/info\/seno-almirantazgo-se-unira-a-la-red-de-areas-marinas-protegidas-de-magallanes\/#breadcrumb"},"inLanguage":"es","potentialAction":[{"@type":"ReadAction","target":["https:\/\/patagoniambiental.com.ar\/info\/seno-almirantazgo-se-unira-a-la-red-de-areas-marinas-protegidas-de-magallanes\/"]}]},{"@type":"ImageObject","inLanguage":"es","@id":"https:\/\/patagoniambiental.com.ar\/info\/seno-almirantazgo-se-unira-a-la-red-de-areas-marinas-protegidas-de-magallanes\/#primaryimage","url":"https:\/\/patagoniambiental.com.ar\/info\/wp-content\/uploads\/2017\/10\/red2.jpg","contentUrl":"https:\/\/patagoniambiental.com.ar\/info\/wp-content\/uploads\/2017\/10\/red2.jpg","width":667,"height":400},{"@type":"BreadcrumbList","@id":"https:\/\/patagoniambiental.com.ar\/info\/seno-almirantazgo-se-unira-a-la-red-de-areas-marinas-protegidas-de-magallanes\/#breadcrumb","itemListElement":[{"@type":"ListItem","position":1,"name":"Inicio","item":"https:\/\/patagoniambiental.com.ar\/info\/"},{"@type":"ListItem","position":2,"name":"Seno Almirantazgo se unir\u00e1 a la red de \u00e1reas marinas protegidas de Magallanes"}]},{"@type":"WebSite","@id":"https:\/\/patagoniambiental.com.ar\/info\/#website","url":"https:\/\/patagoniambiental.com.ar\/info\/","name":"Patagonia Ambiental","description":"Monitoreo y an\u00e1lisis de la situaci\u00f3n geopol\u00edtica en el mundo y su implicancia en la Patagonia","publisher":{"@id":"https:\/\/patagoniambiental.com.ar\/info\/#organization"},"potentialAction":[{"@type":"SearchAction","target":{"@type":"EntryPoint","urlTemplate":"https:\/\/patagoniambiental.com.ar\/info\/?s={search_term_string}"},"query-input":{"@type":"PropertyValueSpecification","valueRequired":true,"valueName":"search_term_string"}}],"inLanguage":"es"},{"@type":"Organization","@id":"https:\/\/patagoniambiental.com.ar\/info\/#organization","name":"Patagonia Ambiental","url":"https:\/\/patagoniambiental.com.ar\/info\/","logo":{"@type":"ImageObject","inLanguage":"es","@id":"https:\/\/patagoniambiental.com.ar\/info\/#\/schema\/logo\/image\/","url":"https:\/\/patagoniambiental.com.ar\/info\/wp-content\/uploads\/2025\/05\/LOGO-PATAGONIA-AMBIENTAL.png","contentUrl":"https:\/\/patagoniambiental.com.ar\/info\/wp-content\/uploads\/2025\/05\/LOGO-PATAGONIA-AMBIENTAL.png","width":433,"height":250,"caption":"Patagonia Ambiental"},"image":{"@id":"https:\/\/patagoniambiental.com.ar\/info\/#\/schema\/logo\/image\/"},"sameAs":["https:\/\/www.facebook.com\/patagonia.ambiental","https:\/\/x.com\/PatAmb"]},{"@type":"Person","@id":"https:\/\/patagoniambiental.com.ar\/info\/#\/schema\/person\/db12bff64bbcbf6a253710bf0ea37b5d","name":"Patagonia Ambiental","description":"Andr\u00e9s Nievas T\u00e9cnico en manejo ambiental, consultor Ambiental y escritor para medios locales e internacionales sobre temas de geopolitica y medio ambiente.","sameAs":["http:\/\/www.patagoniambiental.com.ar","https:\/\/www.facebook.com\/share\/1C1V8Gv9BX\/?mibextid=qi2Omg","@patagoniambiental","https:\/\/youtube.com\/@patagoniaambiental2023?si=BLt58t0wuXquxlYZ"]}]}},"_links":{"self":[{"href":"https:\/\/patagoniambiental.com.ar\/info\/wp-json\/wp\/v2\/posts\/37172","targetHints":{"allow":["GET"]}}],"collection":[{"href":"https:\/\/patagoniambiental.com.ar\/info\/wp-json\/wp\/v2\/posts"}],"about":[{"href":"https:\/\/patagoniambiental.com.ar\/info\/wp-json\/wp\/v2\/types\/post"}],"author":[{"embeddable":true,"href":"https:\/\/patagoniambiental.com.ar\/info\/wp-json\/wp\/v2\/users\/2"}],"replies":[{"embeddable":true,"href":"https:\/\/patagoniambiental.com.ar\/info\/wp-json\/wp\/v2\/comments?post=37172"}],"version-history":[{"count":0,"href":"https:\/\/patagoniambiental.com.ar\/info\/wp-json\/wp\/v2\/posts\/37172\/revisions"}],"wp:featuredmedia":[{"embeddable":true,"href":"https:\/\/patagoniambiental.com.ar\/info\/wp-json\/wp\/v2\/media\/37173"}],"wp:attachment":[{"href":"https:\/\/patagoniambiental.com.ar\/info\/wp-json\/wp\/v2\/media?parent=37172"}],"wp:term":[{"taxonomy":"category","embeddable":true,"href":"https:\/\/patagoniambiental.com.ar\/info\/wp-json\/wp\/v2\/categories?post=37172"},{"taxonomy":"post_tag","embeddable":true,"href":"https:\/\/patagoniambiental.com.ar\/info\/wp-json\/wp\/v2\/tags?post=37172"}],"curies":[{"name":"wp","href":"https:\/\/api.w.org\/{rel}","templated":true}]}}