{"id":37181,"date":"2017-10-27T09:00:09","date_gmt":"2017-10-27T12:00:09","guid":{"rendered":"http:\/\/patagoniambiental.com.ar\/info\/?p=37181"},"modified":"2017-10-27T07:44:04","modified_gmt":"2017-10-27T10:44:04","slug":"tras-las-elecciones-retoman-el-debate-por-la-central-nuclear-en-sierra-grande","status":"publish","type":"post","link":"https:\/\/patagoniambiental.com.ar\/info\/tras-las-elecciones-retoman-el-debate-por-la-central-nuclear-en-sierra-grande\/","title":{"rendered":"Tras las elecciones retoman el debate por la central nuclear en Sierra Grande"},"content":{"rendered":"<p>El senador de R\u00edo Negro, Miguel Pichetto, recientemente volvi\u00f3 a colocar la cuesti\u00f3n en la mesa de discusi\u00f3n, con el objetivo de analizar la posibilidad de que, finalmente, se instale una central de energ\u00eda nuclear en la localidad de Sierra Grande.<br \/>\nEvidentemente, la cuesti\u00f3n hab\u00eda \u201cdesaparecido\u201d de la agenda pol\u00edtica, por temor de algunos dirigentes a que afectara el resultado de las elecciones del pasado 22 de octubre.<br \/>\nLuego de varias semanas de debate y de movilizaciones convocadas y autoconvocadas, la iniciativa propuesta por el Gobierno Nacional hab\u00eda cosechado un importante rechazo de la mayor\u00eda de los vecinos, con movilizaciones en distintos puntos de la regi\u00f3n, incluido Puerto Madryn.<br \/>\nEn este contexto, el senador se manifest\u00f3 en favor de volver a discutir la instalaci\u00f3n de la central, argumentando que no hab\u00eda mencionado el tema recientemente para no perder votos: \u201cLa candidata de mi partido, Mar\u00eda Emilia Soria, ten\u00eda una posici\u00f3n r\u00edgida en contra, pero yo siempre estuve a favor de la energ\u00eda nuclear y el desarrollo\u201d, expres\u00f3.<\/p>\n<p><strong>Defensa del tipo de energ\u00eda<\/strong><\/p>\n<p>En otro orden, Pichetto se dirigi\u00f3 a la comunidad de Sierra Grande y pidi\u00f3 volver a discutir la iniciativa, dado que a\u00fan existir\u00eda la oportunidad de concretar el proyecto, seg\u00fan indic\u00f3; adem\u00e1s, propuso retomar el tema en la agenda de los legisladores y fundament\u00f3 que la energ\u00eda nuclear \u201ces limpia\u201d.<br \/>\nSobre esto \u00faltimo, cit\u00f3 el ejemplo de Bariloche, que \u201cconvive con un reactor nuclear construido por la CNEA\u201d.<br \/>\nPor otra parte, el intendente de la localidad minera, Nelson Iribarren, avanzar\u00eda en las pr\u00f3ximas semanas con una consulta popular.<br \/>\nSi bien la iniciativa hab\u00eda generado un amplio rechazo, principalmente, seg\u00fan trascendi\u00f3, por tratarse de una tecnolog\u00eda experimental que ser\u00eda utilizada en la central a construir con capitales chinos, a\u00fan hay un importante n\u00famero de vecinos de la regi\u00f3n que se han manifestado en favor de que el proyecto tenga \u201cluz verde\u201d a nivel local.<\/p>\n<p><strong>Pichetto, cuestionado<\/strong><\/p>\n<p>Aunque no se sabe qui\u00e9n es la persona que lo administra, desde el 7 de octubre funciona, en las redes sociales, la p\u00e1gina \u201cCentral Nuclear Sierra Grande\u201d, un espacio no oficial y, aparentemente, creado por quienes apoyan dicho proyecto, para la difusi\u00f3n de cuestiones relativas a la energ\u00eda nuclear y a la iniciativa en concreto; sin embargo, al momento, la p\u00e1gina de Facebook no demuestra actividad alguna.<br \/>\nPor el contrario, desde el espacio \u201cNO a la planta nuclear en la Patagonia\u201d (sic), vecinos emitieron un comunicado rechazando los dichos de Pichetto: \u201cDesde el M.A.R. (Movimiento Antinuclear Rionegrino) repudiamos con firmeza las declaraciones del senador Miguel Pichetto, quien intenta reabrir el debate por la instalaci\u00f3n de una central nuclear en nuestra provincia; vemos en su accionar, que desconoce el profundo debate que nos dimos hacia el interior de la provincia hace unos meses\u201d y recordaron que \u201cmiles de rionegrinos nos opusimos y movilizamos; el gobernador Weretilneck renunci\u00f3 al proyecto de la instalaci\u00f3n de la central china; la Legislatura promulg\u00f3 una Ley declarando a R\u00edo Negro libre de centrales nucleares y el Senador Pichetto, pretende desprestigiar este genuino y democr\u00e1tico proceso diciendo que \u2018el debate estuvo mal concebido\u2019 y que \u2018ahora, m\u00e1s serenos, sin campa\u00f1a, hay que retomarlo\u2019\u201d.<\/p>\n<p><strong>\u201cTenemos argumentos para oponernos\u201d<\/strong><\/p>\n<p>\u201cPara usted, senador, ser\u00e1 un tema de campa\u00f1a, pero nosotros estamos convencidos y tenemos sobrados argumentos para oponernos; le decimos que sabemos que miente cuando quiere proponernos la energ\u00eda nuclear como limpia, los residuos nucleares son peligrosos y contaminantes y representan un riesgo para todos los seres vivos durante decenas de miles de a\u00f1os; poniendo el valor de la vida como bandera, nos oponemos tambi\u00e9n a la miner\u00eda de uranio, porque es degradatoria y contaminante\u201d, agregaron en el comunicado.<br \/>\nA ello, sumaron que \u201clos rionegrinos demandamos modelos de producci\u00f3n que no comprometan nuestros recursos naturales indispensables para la vida y el futuro de las pr\u00f3ximas generaciones\u201d y que \u201cpor otra parte, le decimos que es poco honorable jugar con la necesidad de la gente; exigimos se piensen alternativas de fuente de trabajo genuinas y sostenibles que no hipotequen el futuro para los vecinos de Sierra Grande y para todos los rionegrinos; consideramos tambi\u00e9n, que la voluntad de una comunidad no puede pensarse de manera aislada cuando el radio de incidencia de riesgo ambiental excede ampliamente sus l\u00edmites\u201d.<br \/>\nFinalmente, quienes rechazan reabrir el debate fueron contundentes: \u201cLe recordamos, senador Pichetto, que usted es un represente del pueblo. La voluntad de los rionegrinos ya fue expresada, \u2018escuchada\u2019 por el Gobernador y convertida en Ley. No aceptaremos bajo ninguna circunstancia que desconozca este proceso; intentando imponer su criterio que, cargado de falacias, va a contramarcha del mundo. Hemos aprendido mucho en esta lucha: nos interiorizamos en el tema, nos encontramos desde las distintas localidades y nos organizamos para defendernos de intereses espurios\u201d.<\/p>\n<div class=\"sharedaddy sd-sharing-enabled\">\u00a0Fuente:\u00a0http:\/\/www.eldiariodemadryn.com\/2017\/10\/tras-las-elecciones-retoman-el-debate-por-la-central-nuclear-en-sierra-grande\/<\/div>\n","protected":false},"excerpt":{"rendered":"<p>El senador de R\u00edo Negro, Miguel Pichetto, recientemente volvi\u00f3 a colocar la cuesti\u00f3n en la mesa de discusi\u00f3n, con el [&hellip;]<\/p>\n","protected":false},"author":2,"featured_media":37182,"comment_status":"open","ping_status":"open","sticky":false,"template":"","format":"standard","meta":{"site-sidebar-layout":"default","site-content-layout":"","ast-site-content-layout":"default","site-content-style":"default","site-sidebar-style":"default","ast-global-header-display":"","ast-banner-title-visibility":"","ast-main-header-display":"","ast-hfb-above-header-display":"","ast-hfb-below-header-display":"","ast-hfb-mobile-header-display":"","site-post-title":"","ast-breadcrumbs-content":"","ast-featured-img":"","footer-sml-layout":"","ast-disable-related-posts":"","theme-transparent-header-meta":"","adv-header-id-meta":"","stick-header-meta":"","header-above-stick-meta":"","header-main-stick-meta":"","header-below-stick-meta":"","astra-migrate-meta-layouts":"default","ast-page-background-enabled":"default","ast-page-background-meta":{"desktop":{"background-color":"var(--ast-global-color-5)","background-image":"","background-repeat":"repeat","background-position":"center center","background-size":"auto","background-attachment":"scroll","background-type":"","background-media":"","overlay-type":"","overlay-color":"","overlay-opacity":"","overlay-gradient":""},"tablet":{"background-color":"","background-image":"","background-repeat":"repeat","background-position":"center center","background-size":"auto","background-attachment":"scroll","background-type":"","background-media":"","overlay-type":"","overlay-color":"","overlay-opacity":"","overlay-gradient":""},"mobile":{"background-color":"","background-image":"","background-repeat":"repeat","background-position":"center center","background-size":"auto","background-attachment":"scroll","background-type":"","background-media":"","overlay-type":"","overlay-color":"","overlay-opacity":"","overlay-gradient":""}},"ast-content-background-meta":{"desktop":{"background-color":"var(--ast-global-color-4)","background-image":"","background-repeat":"repeat","background-position":"center center","background-size":"auto","background-attachment":"scroll","background-type":"","background-media":"","overlay-type":"","overlay-color":"","overlay-opacity":"","overlay-gradient":""},"tablet":{"background-color":"var(--ast-global-color-4)","background-image":"","background-repeat":"repeat","background-position":"center center","background-size":"auto","background-attachment":"scroll","background-type":"","background-media":"","overlay-type":"","overlay-color":"","overlay-opacity":"","overlay-gradient":""},"mobile":{"background-color":"var(--ast-global-color-4)","background-image":"","background-repeat":"repeat","background-position":"center center","background-size":"auto","background-attachment":"scroll","background-type":"","background-media":"","overlay-type":"","overlay-color":"","overlay-opacity":"","overlay-gradient":""}},"footnotes":""},"categories":[1,14],"tags":[],"class_list":["post-37181","post","type-post","status-publish","format-standard","has-post-thumbnail","hentry","category-noticias","category-rio-negro"],"yoast_head":"<!-- This site is optimized with the Yoast SEO Premium plugin v23.0 (Yoast SEO v27.5) - https:\/\/yoast.com\/product\/yoast-seo-premium-wordpress\/ -->\n<title>Tras las elecciones retoman el debate por la central nuclear en Sierra Grande<\/title>\n<meta name=\"robots\" content=\"index, follow, max-snippet:-1, max-image-preview:large, max-video-preview:-1\" \/>\n<link rel=\"canonical\" href=\"https:\/\/patagoniambiental.com.ar\/info\/tras-las-elecciones-retoman-el-debate-por-la-central-nuclear-en-sierra-grande\/\" \/>\n<meta property=\"og:locale\" content=\"es_ES\" \/>\n<meta property=\"og:type\" content=\"article\" \/>\n<meta property=\"og:title\" content=\"Tras las elecciones retoman el debate por la central nuclear en Sierra Grande\" \/>\n<meta property=\"og:description\" content=\"El senador de R\u00edo Negro, Miguel Pichetto, recientemente volvi\u00f3 a colocar la cuesti\u00f3n en la mesa de discusi\u00f3n, con el [&hellip;]\" \/>\n<meta property=\"og:url\" content=\"https:\/\/patagoniambiental.com.ar\/info\/tras-las-elecciones-retoman-el-debate-por-la-central-nuclear-en-sierra-grande\/\" \/>\n<meta property=\"og:site_name\" content=\"Patagonia Ambiental\" \/>\n<meta property=\"article:publisher\" content=\"https:\/\/www.facebook.com\/patagonia.ambiental\" \/>\n<meta property=\"article:author\" content=\"https:\/\/www.facebook.com\/share\/1C1V8Gv9BX\/?mibextid=qi2Omg\" \/>\n<meta property=\"article:published_time\" content=\"2017-10-27T12:00:09+00:00\" \/>\n<meta property=\"og:image\" content=\"https:\/\/patagoniambiental.com.ar\/info\/wp-content\/uploads\/2017\/10\/patagonia-no-nuclear.jpg\" \/>\n\t<meta property=\"og:image:width\" content=\"400\" \/>\n\t<meta property=\"og:image:height\" content=\"225\" \/>\n\t<meta property=\"og:image:type\" content=\"image\/jpeg\" \/>\n<meta name=\"author\" content=\"Patagonia Ambiental\" \/>\n<meta name=\"twitter:card\" content=\"summary_large_image\" \/>\n<meta name=\"twitter:creator\" content=\"@PatAmb\" \/>\n<meta name=\"twitter:site\" content=\"@PatAmb\" \/>\n<script type=\"application\/ld+json\" class=\"yoast-schema-graph\">{\"@context\":\"https:\\\/\\\/schema.org\",\"@graph\":[{\"@type\":\"Article\",\"@id\":\"https:\\\/\\\/patagoniambiental.com.ar\\\/info\\\/tras-las-elecciones-retoman-el-debate-por-la-central-nuclear-en-sierra-grande\\\/#article\",\"isPartOf\":{\"@id\":\"https:\\\/\\\/patagoniambiental.com.ar\\\/info\\\/tras-las-elecciones-retoman-el-debate-por-la-central-nuclear-en-sierra-grande\\\/\"},\"author\":{\"name\":\"Patagonia Ambiental\",\"@id\":\"https:\\\/\\\/patagoniambiental.com.ar\\\/info\\\/#\\\/schema\\\/person\\\/db12bff64bbcbf6a253710bf0ea37b5d\"},\"headline\":\"Tras las elecciones retoman el debate por la central nuclear en Sierra Grande\",\"datePublished\":\"2017-10-27T12:00:09+00:00\",\"mainEntityOfPage\":{\"@id\":\"https:\\\/\\\/patagoniambiental.com.ar\\\/info\\\/tras-las-elecciones-retoman-el-debate-por-la-central-nuclear-en-sierra-grande\\\/\"},\"wordCount\":857,\"commentCount\":0,\"publisher\":{\"@id\":\"https:\\\/\\\/patagoniambiental.com.ar\\\/info\\\/#organization\"},\"image\":{\"@id\":\"https:\\\/\\\/patagoniambiental.com.ar\\\/info\\\/tras-las-elecciones-retoman-el-debate-por-la-central-nuclear-en-sierra-grande\\\/#primaryimage\"},\"thumbnailUrl\":\"https:\\\/\\\/patagoniambiental.com.ar\\\/info\\\/wp-content\\\/uploads\\\/2017\\\/10\\\/patagonia-no-nuclear.jpg\",\"articleSection\":[\"Noticias\",\"R\u00edo Negro\"],\"inLanguage\":\"es\",\"potentialAction\":[{\"@type\":\"CommentAction\",\"name\":\"Comment\",\"target\":[\"https:\\\/\\\/patagoniambiental.com.ar\\\/info\\\/tras-las-elecciones-retoman-el-debate-por-la-central-nuclear-en-sierra-grande\\\/#respond\"]}]},{\"@type\":\"WebPage\",\"@id\":\"https:\\\/\\\/patagoniambiental.com.ar\\\/info\\\/tras-las-elecciones-retoman-el-debate-por-la-central-nuclear-en-sierra-grande\\\/\",\"url\":\"https:\\\/\\\/patagoniambiental.com.ar\\\/info\\\/tras-las-elecciones-retoman-el-debate-por-la-central-nuclear-en-sierra-grande\\\/\",\"name\":\"Tras las elecciones retoman el debate por la central nuclear en Sierra Grande\",\"isPartOf\":{\"@id\":\"https:\\\/\\\/patagoniambiental.com.ar\\\/info\\\/#website\"},\"primaryImageOfPage\":{\"@id\":\"https:\\\/\\\/patagoniambiental.com.ar\\\/info\\\/tras-las-elecciones-retoman-el-debate-por-la-central-nuclear-en-sierra-grande\\\/#primaryimage\"},\"image\":{\"@id\":\"https:\\\/\\\/patagoniambiental.com.ar\\\/info\\\/tras-las-elecciones-retoman-el-debate-por-la-central-nuclear-en-sierra-grande\\\/#primaryimage\"},\"thumbnailUrl\":\"https:\\\/\\\/patagoniambiental.com.ar\\\/info\\\/wp-content\\\/uploads\\\/2017\\\/10\\\/patagonia-no-nuclear.jpg\",\"datePublished\":\"2017-10-27T12:00:09+00:00\",\"breadcrumb\":{\"@id\":\"https:\\\/\\\/patagoniambiental.com.ar\\\/info\\\/tras-las-elecciones-retoman-el-debate-por-la-central-nuclear-en-sierra-grande\\\/#breadcrumb\"},\"inLanguage\":\"es\",\"potentialAction\":[{\"@type\":\"ReadAction\",\"target\":[\"https:\\\/\\\/patagoniambiental.com.ar\\\/info\\\/tras-las-elecciones-retoman-el-debate-por-la-central-nuclear-en-sierra-grande\\\/\"]}]},{\"@type\":\"ImageObject\",\"inLanguage\":\"es\",\"@id\":\"https:\\\/\\\/patagoniambiental.com.ar\\\/info\\\/tras-las-elecciones-retoman-el-debate-por-la-central-nuclear-en-sierra-grande\\\/#primaryimage\",\"url\":\"https:\\\/\\\/patagoniambiental.com.ar\\\/info\\\/wp-content\\\/uploads\\\/2017\\\/10\\\/patagonia-no-nuclear.jpg\",\"contentUrl\":\"https:\\\/\\\/patagoniambiental.com.ar\\\/info\\\/wp-content\\\/uploads\\\/2017\\\/10\\\/patagonia-no-nuclear.jpg\",\"width\":400,\"height\":225},{\"@type\":\"BreadcrumbList\",\"@id\":\"https:\\\/\\\/patagoniambiental.com.ar\\\/info\\\/tras-las-elecciones-retoman-el-debate-por-la-central-nuclear-en-sierra-grande\\\/#breadcrumb\",\"itemListElement\":[{\"@type\":\"ListItem\",\"position\":1,\"name\":\"Inicio\",\"item\":\"https:\\\/\\\/patagoniambiental.com.ar\\\/info\\\/\"},{\"@type\":\"ListItem\",\"position\":2,\"name\":\"Tras las elecciones retoman el debate por la central nuclear en Sierra Grande\"}]},{\"@type\":\"WebSite\",\"@id\":\"https:\\\/\\\/patagoniambiental.com.ar\\\/info\\\/#website\",\"url\":\"https:\\\/\\\/patagoniambiental.com.ar\\\/info\\\/\",\"name\":\"Patagonia Ambiental\",\"description\":\"Monitoreo y an\u00e1lisis de la situaci\u00f3n geopol\u00edtica en el mundo y su implicancia en la Patagonia\",\"publisher\":{\"@id\":\"https:\\\/\\\/patagoniambiental.com.ar\\\/info\\\/#organization\"},\"potentialAction\":[{\"@type\":\"SearchAction\",\"target\":{\"@type\":\"EntryPoint\",\"urlTemplate\":\"https:\\\/\\\/patagoniambiental.com.ar\\\/info\\\/?s={search_term_string}\"},\"query-input\":{\"@type\":\"PropertyValueSpecification\",\"valueRequired\":true,\"valueName\":\"search_term_string\"}}],\"inLanguage\":\"es\"},{\"@type\":\"Organization\",\"@id\":\"https:\\\/\\\/patagoniambiental.com.ar\\\/info\\\/#organization\",\"name\":\"Patagonia Ambiental\",\"url\":\"https:\\\/\\\/patagoniambiental.com.ar\\\/info\\\/\",\"logo\":{\"@type\":\"ImageObject\",\"inLanguage\":\"es\",\"@id\":\"https:\\\/\\\/patagoniambiental.com.ar\\\/info\\\/#\\\/schema\\\/logo\\\/image\\\/\",\"url\":\"https:\\\/\\\/patagoniambiental.com.ar\\\/info\\\/wp-content\\\/uploads\\\/2025\\\/05\\\/LOGO-PATAGONIA-AMBIENTAL.png\",\"contentUrl\":\"https:\\\/\\\/patagoniambiental.com.ar\\\/info\\\/wp-content\\\/uploads\\\/2025\\\/05\\\/LOGO-PATAGONIA-AMBIENTAL.png\",\"width\":433,\"height\":250,\"caption\":\"Patagonia Ambiental\"},\"image\":{\"@id\":\"https:\\\/\\\/patagoniambiental.com.ar\\\/info\\\/#\\\/schema\\\/logo\\\/image\\\/\"},\"sameAs\":[\"https:\\\/\\\/www.facebook.com\\\/patagonia.ambiental\",\"https:\\\/\\\/x.com\\\/PatAmb\"]},{\"@type\":\"Person\",\"@id\":\"https:\\\/\\\/patagoniambiental.com.ar\\\/info\\\/#\\\/schema\\\/person\\\/db12bff64bbcbf6a253710bf0ea37b5d\",\"name\":\"Patagonia Ambiental\",\"description\":\"Andr\u00e9s Nievas T\u00e9cnico en manejo ambiental, consultor Ambiental y escritor para medios locales e internacionales sobre temas de geopolitica y medio ambiente.\",\"sameAs\":[\"http:\\\/\\\/www.patagoniambiental.com.ar\",\"https:\\\/\\\/www.facebook.com\\\/share\\\/1C1V8Gv9BX\\\/?mibextid=qi2Omg\",\"@patagoniambiental\",\"https:\\\/\\\/youtube.com\\\/@patagoniaambiental2023?si=BLt58t0wuXquxlYZ\"]}]}<\/script>\n<!-- \/ Yoast SEO Premium plugin. -->","yoast_head_json":{"title":"Tras las elecciones retoman el debate por la central nuclear en Sierra Grande","robots":{"index":"index","follow":"follow","max-snippet":"max-snippet:-1","max-image-preview":"max-image-preview:large","max-video-preview":"max-video-preview:-1"},"canonical":"https:\/\/patagoniambiental.com.ar\/info\/tras-las-elecciones-retoman-el-debate-por-la-central-nuclear-en-sierra-grande\/","og_locale":"es_ES","og_type":"article","og_title":"Tras las elecciones retoman el debate por la central nuclear en Sierra Grande","og_description":"El senador de R\u00edo Negro, Miguel Pichetto, recientemente volvi\u00f3 a colocar la cuesti\u00f3n en la mesa de discusi\u00f3n, con el [&hellip;]","og_url":"https:\/\/patagoniambiental.com.ar\/info\/tras-las-elecciones-retoman-el-debate-por-la-central-nuclear-en-sierra-grande\/","og_site_name":"Patagonia Ambiental","article_publisher":"https:\/\/www.facebook.com\/patagonia.ambiental","article_author":"https:\/\/www.facebook.com\/share\/1C1V8Gv9BX\/?mibextid=qi2Omg","article_published_time":"2017-10-27T12:00:09+00:00","og_image":[{"width":400,"height":225,"url":"https:\/\/patagoniambiental.com.ar\/info\/wp-content\/uploads\/2017\/10\/patagonia-no-nuclear.jpg","type":"image\/jpeg"}],"author":"Patagonia Ambiental","twitter_card":"summary_large_image","twitter_creator":"@PatAmb","twitter_site":"@PatAmb","schema":{"@context":"https:\/\/schema.org","@graph":[{"@type":"Article","@id":"https:\/\/patagoniambiental.com.ar\/info\/tras-las-elecciones-retoman-el-debate-por-la-central-nuclear-en-sierra-grande\/#article","isPartOf":{"@id":"https:\/\/patagoniambiental.com.ar\/info\/tras-las-elecciones-retoman-el-debate-por-la-central-nuclear-en-sierra-grande\/"},"author":{"name":"Patagonia Ambiental","@id":"https:\/\/patagoniambiental.com.ar\/info\/#\/schema\/person\/db12bff64bbcbf6a253710bf0ea37b5d"},"headline":"Tras las elecciones retoman el debate por la central nuclear en Sierra Grande","datePublished":"2017-10-27T12:00:09+00:00","mainEntityOfPage":{"@id":"https:\/\/patagoniambiental.com.ar\/info\/tras-las-elecciones-retoman-el-debate-por-la-central-nuclear-en-sierra-grande\/"},"wordCount":857,"commentCount":0,"publisher":{"@id":"https:\/\/patagoniambiental.com.ar\/info\/#organization"},"image":{"@id":"https:\/\/patagoniambiental.com.ar\/info\/tras-las-elecciones-retoman-el-debate-por-la-central-nuclear-en-sierra-grande\/#primaryimage"},"thumbnailUrl":"https:\/\/patagoniambiental.com.ar\/info\/wp-content\/uploads\/2017\/10\/patagonia-no-nuclear.jpg","articleSection":["Noticias","R\u00edo Negro"],"inLanguage":"es","potentialAction":[{"@type":"CommentAction","name":"Comment","target":["https:\/\/patagoniambiental.com.ar\/info\/tras-las-elecciones-retoman-el-debate-por-la-central-nuclear-en-sierra-grande\/#respond"]}]},{"@type":"WebPage","@id":"https:\/\/patagoniambiental.com.ar\/info\/tras-las-elecciones-retoman-el-debate-por-la-central-nuclear-en-sierra-grande\/","url":"https:\/\/patagoniambiental.com.ar\/info\/tras-las-elecciones-retoman-el-debate-por-la-central-nuclear-en-sierra-grande\/","name":"Tras las elecciones retoman el debate por la central nuclear en Sierra Grande","isPartOf":{"@id":"https:\/\/patagoniambiental.com.ar\/info\/#website"},"primaryImageOfPage":{"@id":"https:\/\/patagoniambiental.com.ar\/info\/tras-las-elecciones-retoman-el-debate-por-la-central-nuclear-en-sierra-grande\/#primaryimage"},"image":{"@id":"https:\/\/patagoniambiental.com.ar\/info\/tras-las-elecciones-retoman-el-debate-por-la-central-nuclear-en-sierra-grande\/#primaryimage"},"thumbnailUrl":"https:\/\/patagoniambiental.com.ar\/info\/wp-content\/uploads\/2017\/10\/patagonia-no-nuclear.jpg","datePublished":"2017-10-27T12:00:09+00:00","breadcrumb":{"@id":"https:\/\/patagoniambiental.com.ar\/info\/tras-las-elecciones-retoman-el-debate-por-la-central-nuclear-en-sierra-grande\/#breadcrumb"},"inLanguage":"es","potentialAction":[{"@type":"ReadAction","target":["https:\/\/patagoniambiental.com.ar\/info\/tras-las-elecciones-retoman-el-debate-por-la-central-nuclear-en-sierra-grande\/"]}]},{"@type":"ImageObject","inLanguage":"es","@id":"https:\/\/patagoniambiental.com.ar\/info\/tras-las-elecciones-retoman-el-debate-por-la-central-nuclear-en-sierra-grande\/#primaryimage","url":"https:\/\/patagoniambiental.com.ar\/info\/wp-content\/uploads\/2017\/10\/patagonia-no-nuclear.jpg","contentUrl":"https:\/\/patagoniambiental.com.ar\/info\/wp-content\/uploads\/2017\/10\/patagonia-no-nuclear.jpg","width":400,"height":225},{"@type":"BreadcrumbList","@id":"https:\/\/patagoniambiental.com.ar\/info\/tras-las-elecciones-retoman-el-debate-por-la-central-nuclear-en-sierra-grande\/#breadcrumb","itemListElement":[{"@type":"ListItem","position":1,"name":"Inicio","item":"https:\/\/patagoniambiental.com.ar\/info\/"},{"@type":"ListItem","position":2,"name":"Tras las elecciones retoman el debate por la central nuclear en Sierra Grande"}]},{"@type":"WebSite","@id":"https:\/\/patagoniambiental.com.ar\/info\/#website","url":"https:\/\/patagoniambiental.com.ar\/info\/","name":"Patagonia Ambiental","description":"Monitoreo y an\u00e1lisis de la situaci\u00f3n geopol\u00edtica en el mundo y su implicancia en la Patagonia","publisher":{"@id":"https:\/\/patagoniambiental.com.ar\/info\/#organization"},"potentialAction":[{"@type":"SearchAction","target":{"@type":"EntryPoint","urlTemplate":"https:\/\/patagoniambiental.com.ar\/info\/?s={search_term_string}"},"query-input":{"@type":"PropertyValueSpecification","valueRequired":true,"valueName":"search_term_string"}}],"inLanguage":"es"},{"@type":"Organization","@id":"https:\/\/patagoniambiental.com.ar\/info\/#organization","name":"Patagonia Ambiental","url":"https:\/\/patagoniambiental.com.ar\/info\/","logo":{"@type":"ImageObject","inLanguage":"es","@id":"https:\/\/patagoniambiental.com.ar\/info\/#\/schema\/logo\/image\/","url":"https:\/\/patagoniambiental.com.ar\/info\/wp-content\/uploads\/2025\/05\/LOGO-PATAGONIA-AMBIENTAL.png","contentUrl":"https:\/\/patagoniambiental.com.ar\/info\/wp-content\/uploads\/2025\/05\/LOGO-PATAGONIA-AMBIENTAL.png","width":433,"height":250,"caption":"Patagonia Ambiental"},"image":{"@id":"https:\/\/patagoniambiental.com.ar\/info\/#\/schema\/logo\/image\/"},"sameAs":["https:\/\/www.facebook.com\/patagonia.ambiental","https:\/\/x.com\/PatAmb"]},{"@type":"Person","@id":"https:\/\/patagoniambiental.com.ar\/info\/#\/schema\/person\/db12bff64bbcbf6a253710bf0ea37b5d","name":"Patagonia Ambiental","description":"Andr\u00e9s Nievas T\u00e9cnico en manejo ambiental, consultor Ambiental y escritor para medios locales e internacionales sobre temas de geopolitica y medio ambiente.","sameAs":["http:\/\/www.patagoniambiental.com.ar","https:\/\/www.facebook.com\/share\/1C1V8Gv9BX\/?mibextid=qi2Omg","@patagoniambiental","https:\/\/youtube.com\/@patagoniaambiental2023?si=BLt58t0wuXquxlYZ"]}]}},"_links":{"self":[{"href":"https:\/\/patagoniambiental.com.ar\/info\/wp-json\/wp\/v2\/posts\/37181","targetHints":{"allow":["GET"]}}],"collection":[{"href":"https:\/\/patagoniambiental.com.ar\/info\/wp-json\/wp\/v2\/posts"}],"about":[{"href":"https:\/\/patagoniambiental.com.ar\/info\/wp-json\/wp\/v2\/types\/post"}],"author":[{"embeddable":true,"href":"https:\/\/patagoniambiental.com.ar\/info\/wp-json\/wp\/v2\/users\/2"}],"replies":[{"embeddable":true,"href":"https:\/\/patagoniambiental.com.ar\/info\/wp-json\/wp\/v2\/comments?post=37181"}],"version-history":[{"count":0,"href":"https:\/\/patagoniambiental.com.ar\/info\/wp-json\/wp\/v2\/posts\/37181\/revisions"}],"wp:featuredmedia":[{"embeddable":true,"href":"https:\/\/patagoniambiental.com.ar\/info\/wp-json\/wp\/v2\/media\/37182"}],"wp:attachment":[{"href":"https:\/\/patagoniambiental.com.ar\/info\/wp-json\/wp\/v2\/media?parent=37181"}],"wp:term":[{"taxonomy":"category","embeddable":true,"href":"https:\/\/patagoniambiental.com.ar\/info\/wp-json\/wp\/v2\/categories?post=37181"},{"taxonomy":"post_tag","embeddable":true,"href":"https:\/\/patagoniambiental.com.ar\/info\/wp-json\/wp\/v2\/tags?post=37181"}],"curies":[{"name":"wp","href":"https:\/\/api.w.org\/{rel}","templated":true}]}}