{"id":37190,"date":"2017-10-27T19:00:33","date_gmt":"2017-10-27T22:00:33","guid":{"rendered":"http:\/\/patagoniambiental.com.ar\/info\/?p=37190"},"modified":"2017-10-27T09:39:53","modified_gmt":"2017-10-27T12:39:53","slug":"prefectura-ushuaia-e-islas-del-atlantico-sur-prefectura-recibio-a-autoridades-maritimas-del-canal-de-beagle","status":"publish","type":"post","link":"https:\/\/patagoniambiental.com.ar\/info\/prefectura-ushuaia-e-islas-del-atlantico-sur-prefectura-recibio-a-autoridades-maritimas-del-canal-de-beagle\/","title":{"rendered":"PREFECTURA USHUAIA E ISLAS DEL ATL\u00c1NTICO SUR  Prefectura recibi\u00f3 a autoridades mar\u00edtimas del Canal de Beagle"},"content":{"rendered":"<div class=\"clear_both\">Tierra del Fuego.-La Prefectura Naval Argentina, como Autoridad Mar\u00edtima Nacional, particip\u00f3 de la \u201cXXII Reuni\u00f3n de Autoridades Mar\u00edtimas con responsabilidad en el Canal Beagle\u201d junto con su par de la Rep\u00fablica de la Chile.<\/div>\n<p><!--more--><\/p>\n<div class=\"contenido_individual_noticia\">\n<div class=\"contenedor_primera_letra_individual_noticia\">La actividad, que se realiza en Tierra del Fuego, Ant\u00e1rtida e Islas del Atl\u00e1ntico Sur de manera ininterrumpida desde el a\u00f1o 2006,\u00a0 se desarroll\u00f3 en las instalaciones de la Prefectura Ushuaia.<br \/>\nEstas reuniones se llevan a cabo dos veces al a\u00f1o, alternando la sede de la misma entre la ciudad de Ushuaia y la comuna de Puerto Williams (Chile) para promover la cooperaci\u00f3n entre ambos Estados, abogando por la salvaguarda de la vida humana en el mar, la seguridad mar\u00edtima y la protecci\u00f3n del medio ambiente marino, los recursos ict\u00edcolas.<br \/>\nEn la oportunidad, se coordinar\u00e1n tareas conjuntas en materia de actividades n\u00e1uticas deportivas, remolque y extracci\u00f3n de recursos en las aguas compartidas, con el prop\u00f3sito de\u00a0 mantener un excelente nivel de comunicaciones y coordinaciones para atender las distintas situaciones operativas y de seguridad que se llevan a cabo en el Canal Beagle, m\u00e1s precisamente en proximidades de Puerto Almanza. Tambi\u00e9n, se revisar\u00e1n procedimientos implementados para la incautaci\u00f3n de artes de pesca sobre el L\u00edmite Pol\u00edtico Internacional, a efectos de evitar conflictos Inter jurisdiccionales.<br \/>\nLa Autoridad Mar\u00edtima Argentina estuvo representada por el Jefe de la Prefectura Ushuaia, prefecto mayor Guillermo Gim\u00e9nez P\u00e9rez, el Jefe de la Divisi\u00f3n Operaciones, prefecto principal Andr\u00e9s Giraudi, el Jefe de la Estaci\u00f3n SIPA Ushuaia, subprefecto Juan Enrique Burgoa, el Jefe del Departamento Seguridad Ambiental, prefecto mayor Guillermo Cochi (quien ofici\u00f3 como asesor en tem\u00e1tica de protecci\u00f3n ambiental, Plan de Contingencias en las aguas del Canal Beagle por hidrocarburos, sustancias nocivas, perjud\u00edcales y potencialmente peligrosas). Por su parte, la Autoridad Mar\u00edtima chilena est\u00e1 representada por el Gobernador Mar\u00edtimo de Puerto Williams, capit\u00e1n de nav\u00edo Cesar Quiroga Torres, el asesor de Asuntos Internacionales de la Direcci\u00f3n General del Territorio Mar\u00edtimo y Marina Mercante, capit\u00e1n de nav\u00edo (R) Eduardo Hidalgo Astudillo y el Capit\u00e1n de Puerto de Puerto Williams, capit\u00e1n de corbeta Cristian Vidal El\u00edas.<br \/>\nCabe destacar que particip\u00f3 en las jornadas el Vicegobernador de Tierra del Fuego Juan Carlos Arcando, quien se reuni\u00f3 con las Autoridades Mar\u00edtimas de ambos pa\u00edses y entreg\u00f3 al Jefe de la Prefectura Ushuaia la Resoluci\u00f3n de la Legislatura Provincial por el Decreto del Poder Ejecutivo mediante las cuales se declara de inter\u00e9s provincial dicha reuni\u00f3n.<\/div>\n<div><\/div>\n<\/div>\n<div>Fuente: El Diario del Fin del Mundo<\/div>\n","protected":false},"excerpt":{"rendered":"<p>Tierra del Fuego.-La Prefectura Naval Argentina, como Autoridad Mar\u00edtima Nacional, particip\u00f3 de la \u201cXXII Reuni\u00f3n de Autoridades Mar\u00edtimas con responsabilidad [&hellip;]<\/p>\n","protected":false},"author":2,"featured_media":37191,"comment_status":"open","ping_status":"open","sticky":false,"template":"","format":"standard","meta":{"site-sidebar-layout":"default","site-content-layout":"","ast-site-content-layout":"default","site-content-style":"default","site-sidebar-style":"default","ast-global-header-display":"","ast-banner-title-visibility":"","ast-main-header-display":"","ast-hfb-above-header-display":"","ast-hfb-below-header-display":"","ast-hfb-mobile-header-display":"","site-post-title":"","ast-breadcrumbs-content":"","ast-featured-img":"","footer-sml-layout":"","ast-disable-related-posts":"","theme-transparent-header-meta":"","adv-header-id-meta":"","stick-header-meta":"","header-above-stick-meta":"","header-main-stick-meta":"","header-below-stick-meta":"","astra-migrate-meta-layouts":"default","ast-page-background-enabled":"default","ast-page-background-meta":{"desktop":{"background-color":"var(--ast-global-color-5)","background-image":"","background-repeat":"repeat","background-position":"center center","background-size":"auto","background-attachment":"scroll","background-type":"","background-media":"","overlay-type":"","overlay-color":"","overlay-opacity":"","overlay-gradient":""},"tablet":{"background-color":"","background-image":"","background-repeat":"repeat","background-position":"center center","background-size":"auto","background-attachment":"scroll","background-type":"","background-media":"","overlay-type":"","overlay-color":"","overlay-opacity":"","overlay-gradient":""},"mobile":{"background-color":"","background-image":"","background-repeat":"repeat","background-position":"center center","background-size":"auto","background-attachment":"scroll","background-type":"","background-media":"","overlay-type":"","overlay-color":"","overlay-opacity":"","overlay-gradient":""}},"ast-content-background-meta":{"desktop":{"background-color":"var(--ast-global-color-4)","background-image":"","background-repeat":"repeat","background-position":"center center","background-size":"auto","background-attachment":"scroll","background-type":"","background-media":"","overlay-type":"","overlay-color":"","overlay-opacity":"","overlay-gradient":""},"tablet":{"background-color":"var(--ast-global-color-4)","background-image":"","background-repeat":"repeat","background-position":"center center","background-size":"auto","background-attachment":"scroll","background-type":"","background-media":"","overlay-type":"","overlay-color":"","overlay-opacity":"","overlay-gradient":""},"mobile":{"background-color":"var(--ast-global-color-4)","background-image":"","background-repeat":"repeat","background-position":"center center","background-size":"auto","background-attachment":"scroll","background-type":"","background-media":"","overlay-type":"","overlay-color":"","overlay-opacity":"","overlay-gradient":""}},"footnotes":""},"categories":[1,25],"tags":[],"class_list":["post-37190","post","type-post","status-publish","format-standard","has-post-thumbnail","hentry","category-noticias","category-tierra-del-fuego"],"yoast_head":"<!-- This site is optimized with the Yoast SEO Premium plugin v23.0 (Yoast SEO v27.5) - https:\/\/yoast.com\/product\/yoast-seo-premium-wordpress\/ -->\n<title>PREFECTURA USHUAIA E ISLAS DEL ATL\u00c1NTICO SUR Prefectura recibi\u00f3 a autoridades mar\u00edtimas del Canal de Beagle<\/title>\n<meta name=\"robots\" content=\"index, follow, max-snippet:-1, max-image-preview:large, max-video-preview:-1\" \/>\n<link rel=\"canonical\" href=\"https:\/\/patagoniambiental.com.ar\/info\/prefectura-ushuaia-e-islas-del-atlantico-sur-prefectura-recibio-a-autoridades-maritimas-del-canal-de-beagle\/\" \/>\n<meta property=\"og:locale\" content=\"es_ES\" \/>\n<meta property=\"og:type\" content=\"article\" \/>\n<meta property=\"og:title\" content=\"PREFECTURA USHUAIA E ISLAS DEL ATL\u00c1NTICO SUR Prefectura recibi\u00f3 a autoridades mar\u00edtimas del Canal de Beagle\" \/>\n<meta property=\"og:description\" content=\"Tierra del Fuego.-La Prefectura Naval Argentina, como Autoridad Mar\u00edtima Nacional, particip\u00f3 de la \u201cXXII Reuni\u00f3n de Autoridades Mar\u00edtimas con responsabilidad [&hellip;]\" \/>\n<meta property=\"og:url\" content=\"https:\/\/patagoniambiental.com.ar\/info\/prefectura-ushuaia-e-islas-del-atlantico-sur-prefectura-recibio-a-autoridades-maritimas-del-canal-de-beagle\/\" \/>\n<meta property=\"og:site_name\" content=\"Patagonia Ambiental\" \/>\n<meta property=\"article:publisher\" content=\"https:\/\/www.facebook.com\/patagonia.ambiental\" \/>\n<meta property=\"article:author\" content=\"https:\/\/www.facebook.com\/share\/1C1V8Gv9BX\/?mibextid=qi2Omg\" \/>\n<meta property=\"article:published_time\" content=\"2017-10-27T22:00:33+00:00\" \/>\n<meta property=\"og:image\" content=\"https:\/\/patagoniambiental.com.ar\/info\/wp-content\/uploads\/2017\/10\/201710261104093a4a945a673425b8b0e90849baafd9c3.jpg\" \/>\n\t<meta property=\"og:image:width\" content=\"800\" \/>\n\t<meta property=\"og:image:height\" content=\"449\" \/>\n\t<meta property=\"og:image:type\" content=\"image\/jpeg\" \/>\n<meta name=\"author\" content=\"Patagonia Ambiental\" \/>\n<meta name=\"twitter:card\" content=\"summary_large_image\" \/>\n<meta name=\"twitter:creator\" content=\"@PatAmb\" \/>\n<meta name=\"twitter:site\" content=\"@PatAmb\" \/>\n<script type=\"application\/ld+json\" class=\"yoast-schema-graph\">{\"@context\":\"https:\\\/\\\/schema.org\",\"@graph\":[{\"@type\":\"Article\",\"@id\":\"https:\\\/\\\/patagoniambiental.com.ar\\\/info\\\/prefectura-ushuaia-e-islas-del-atlantico-sur-prefectura-recibio-a-autoridades-maritimas-del-canal-de-beagle\\\/#article\",\"isPartOf\":{\"@id\":\"https:\\\/\\\/patagoniambiental.com.ar\\\/info\\\/prefectura-ushuaia-e-islas-del-atlantico-sur-prefectura-recibio-a-autoridades-maritimas-del-canal-de-beagle\\\/\"},\"author\":{\"name\":\"Patagonia Ambiental\",\"@id\":\"https:\\\/\\\/patagoniambiental.com.ar\\\/info\\\/#\\\/schema\\\/person\\\/db12bff64bbcbf6a253710bf0ea37b5d\"},\"headline\":\"PREFECTURA USHUAIA E ISLAS DEL ATL\u00c1NTICO SUR Prefectura recibi\u00f3 a autoridades mar\u00edtimas del Canal de Beagle\",\"datePublished\":\"2017-10-27T22:00:33+00:00\",\"mainEntityOfPage\":{\"@id\":\"https:\\\/\\\/patagoniambiental.com.ar\\\/info\\\/prefectura-ushuaia-e-islas-del-atlantico-sur-prefectura-recibio-a-autoridades-maritimas-del-canal-de-beagle\\\/\"},\"wordCount\":468,\"commentCount\":0,\"publisher\":{\"@id\":\"https:\\\/\\\/patagoniambiental.com.ar\\\/info\\\/#organization\"},\"image\":{\"@id\":\"https:\\\/\\\/patagoniambiental.com.ar\\\/info\\\/prefectura-ushuaia-e-islas-del-atlantico-sur-prefectura-recibio-a-autoridades-maritimas-del-canal-de-beagle\\\/#primaryimage\"},\"thumbnailUrl\":\"https:\\\/\\\/patagoniambiental.com.ar\\\/info\\\/wp-content\\\/uploads\\\/2017\\\/10\\\/201710261104093a4a945a673425b8b0e90849baafd9c3.jpg\",\"articleSection\":[\"Noticias\",\"Tierra del Fuego\"],\"inLanguage\":\"es\",\"potentialAction\":[{\"@type\":\"CommentAction\",\"name\":\"Comment\",\"target\":[\"https:\\\/\\\/patagoniambiental.com.ar\\\/info\\\/prefectura-ushuaia-e-islas-del-atlantico-sur-prefectura-recibio-a-autoridades-maritimas-del-canal-de-beagle\\\/#respond\"]}]},{\"@type\":\"WebPage\",\"@id\":\"https:\\\/\\\/patagoniambiental.com.ar\\\/info\\\/prefectura-ushuaia-e-islas-del-atlantico-sur-prefectura-recibio-a-autoridades-maritimas-del-canal-de-beagle\\\/\",\"url\":\"https:\\\/\\\/patagoniambiental.com.ar\\\/info\\\/prefectura-ushuaia-e-islas-del-atlantico-sur-prefectura-recibio-a-autoridades-maritimas-del-canal-de-beagle\\\/\",\"name\":\"PREFECTURA USHUAIA E ISLAS DEL ATL\u00c1NTICO SUR Prefectura recibi\u00f3 a autoridades mar\u00edtimas del Canal de Beagle\",\"isPartOf\":{\"@id\":\"https:\\\/\\\/patagoniambiental.com.ar\\\/info\\\/#website\"},\"primaryImageOfPage\":{\"@id\":\"https:\\\/\\\/patagoniambiental.com.ar\\\/info\\\/prefectura-ushuaia-e-islas-del-atlantico-sur-prefectura-recibio-a-autoridades-maritimas-del-canal-de-beagle\\\/#primaryimage\"},\"image\":{\"@id\":\"https:\\\/\\\/patagoniambiental.com.ar\\\/info\\\/prefectura-ushuaia-e-islas-del-atlantico-sur-prefectura-recibio-a-autoridades-maritimas-del-canal-de-beagle\\\/#primaryimage\"},\"thumbnailUrl\":\"https:\\\/\\\/patagoniambiental.com.ar\\\/info\\\/wp-content\\\/uploads\\\/2017\\\/10\\\/201710261104093a4a945a673425b8b0e90849baafd9c3.jpg\",\"datePublished\":\"2017-10-27T22:00:33+00:00\",\"breadcrumb\":{\"@id\":\"https:\\\/\\\/patagoniambiental.com.ar\\\/info\\\/prefectura-ushuaia-e-islas-del-atlantico-sur-prefectura-recibio-a-autoridades-maritimas-del-canal-de-beagle\\\/#breadcrumb\"},\"inLanguage\":\"es\",\"potentialAction\":[{\"@type\":\"ReadAction\",\"target\":[\"https:\\\/\\\/patagoniambiental.com.ar\\\/info\\\/prefectura-ushuaia-e-islas-del-atlantico-sur-prefectura-recibio-a-autoridades-maritimas-del-canal-de-beagle\\\/\"]}]},{\"@type\":\"ImageObject\",\"inLanguage\":\"es\",\"@id\":\"https:\\\/\\\/patagoniambiental.com.ar\\\/info\\\/prefectura-ushuaia-e-islas-del-atlantico-sur-prefectura-recibio-a-autoridades-maritimas-del-canal-de-beagle\\\/#primaryimage\",\"url\":\"https:\\\/\\\/patagoniambiental.com.ar\\\/info\\\/wp-content\\\/uploads\\\/2017\\\/10\\\/201710261104093a4a945a673425b8b0e90849baafd9c3.jpg\",\"contentUrl\":\"https:\\\/\\\/patagoniambiental.com.ar\\\/info\\\/wp-content\\\/uploads\\\/2017\\\/10\\\/201710261104093a4a945a673425b8b0e90849baafd9c3.jpg\",\"width\":800,\"height\":449},{\"@type\":\"BreadcrumbList\",\"@id\":\"https:\\\/\\\/patagoniambiental.com.ar\\\/info\\\/prefectura-ushuaia-e-islas-del-atlantico-sur-prefectura-recibio-a-autoridades-maritimas-del-canal-de-beagle\\\/#breadcrumb\",\"itemListElement\":[{\"@type\":\"ListItem\",\"position\":1,\"name\":\"Inicio\",\"item\":\"https:\\\/\\\/patagoniambiental.com.ar\\\/info\\\/\"},{\"@type\":\"ListItem\",\"position\":2,\"name\":\"PREFECTURA USHUAIA E ISLAS DEL ATL\u00c1NTICO SUR Prefectura recibi\u00f3 a autoridades mar\u00edtimas del Canal de Beagle\"}]},{\"@type\":\"WebSite\",\"@id\":\"https:\\\/\\\/patagoniambiental.com.ar\\\/info\\\/#website\",\"url\":\"https:\\\/\\\/patagoniambiental.com.ar\\\/info\\\/\",\"name\":\"Patagonia Ambiental\",\"description\":\"Monitoreo y an\u00e1lisis de la situaci\u00f3n geopol\u00edtica en el mundo y su implicancia en la Patagonia\",\"publisher\":{\"@id\":\"https:\\\/\\\/patagoniambiental.com.ar\\\/info\\\/#organization\"},\"potentialAction\":[{\"@type\":\"SearchAction\",\"target\":{\"@type\":\"EntryPoint\",\"urlTemplate\":\"https:\\\/\\\/patagoniambiental.com.ar\\\/info\\\/?s={search_term_string}\"},\"query-input\":{\"@type\":\"PropertyValueSpecification\",\"valueRequired\":true,\"valueName\":\"search_term_string\"}}],\"inLanguage\":\"es\"},{\"@type\":\"Organization\",\"@id\":\"https:\\\/\\\/patagoniambiental.com.ar\\\/info\\\/#organization\",\"name\":\"Patagonia Ambiental\",\"url\":\"https:\\\/\\\/patagoniambiental.com.ar\\\/info\\\/\",\"logo\":{\"@type\":\"ImageObject\",\"inLanguage\":\"es\",\"@id\":\"https:\\\/\\\/patagoniambiental.com.ar\\\/info\\\/#\\\/schema\\\/logo\\\/image\\\/\",\"url\":\"https:\\\/\\\/patagoniambiental.com.ar\\\/info\\\/wp-content\\\/uploads\\\/2025\\\/05\\\/LOGO-PATAGONIA-AMBIENTAL.png\",\"contentUrl\":\"https:\\\/\\\/patagoniambiental.com.ar\\\/info\\\/wp-content\\\/uploads\\\/2025\\\/05\\\/LOGO-PATAGONIA-AMBIENTAL.png\",\"width\":433,\"height\":250,\"caption\":\"Patagonia Ambiental\"},\"image\":{\"@id\":\"https:\\\/\\\/patagoniambiental.com.ar\\\/info\\\/#\\\/schema\\\/logo\\\/image\\\/\"},\"sameAs\":[\"https:\\\/\\\/www.facebook.com\\\/patagonia.ambiental\",\"https:\\\/\\\/x.com\\\/PatAmb\"]},{\"@type\":\"Person\",\"@id\":\"https:\\\/\\\/patagoniambiental.com.ar\\\/info\\\/#\\\/schema\\\/person\\\/db12bff64bbcbf6a253710bf0ea37b5d\",\"name\":\"Patagonia Ambiental\",\"description\":\"Andr\u00e9s Nievas T\u00e9cnico en manejo ambiental, consultor Ambiental y escritor para medios locales e internacionales sobre temas de geopolitica y medio ambiente.\",\"sameAs\":[\"http:\\\/\\\/www.patagoniambiental.com.ar\",\"https:\\\/\\\/www.facebook.com\\\/share\\\/1C1V8Gv9BX\\\/?mibextid=qi2Omg\",\"@patagoniambiental\",\"https:\\\/\\\/youtube.com\\\/@patagoniaambiental2023?si=BLt58t0wuXquxlYZ\"]}]}<\/script>\n<!-- \/ Yoast SEO Premium plugin. -->","yoast_head_json":{"title":"PREFECTURA USHUAIA E ISLAS DEL ATL\u00c1NTICO SUR Prefectura recibi\u00f3 a autoridades mar\u00edtimas del Canal de Beagle","robots":{"index":"index","follow":"follow","max-snippet":"max-snippet:-1","max-image-preview":"max-image-preview:large","max-video-preview":"max-video-preview:-1"},"canonical":"https:\/\/patagoniambiental.com.ar\/info\/prefectura-ushuaia-e-islas-del-atlantico-sur-prefectura-recibio-a-autoridades-maritimas-del-canal-de-beagle\/","og_locale":"es_ES","og_type":"article","og_title":"PREFECTURA USHUAIA E ISLAS DEL ATL\u00c1NTICO SUR Prefectura recibi\u00f3 a autoridades mar\u00edtimas del Canal de Beagle","og_description":"Tierra del Fuego.-La Prefectura Naval Argentina, como Autoridad Mar\u00edtima Nacional, particip\u00f3 de la \u201cXXII Reuni\u00f3n de Autoridades Mar\u00edtimas con responsabilidad [&hellip;]","og_url":"https:\/\/patagoniambiental.com.ar\/info\/prefectura-ushuaia-e-islas-del-atlantico-sur-prefectura-recibio-a-autoridades-maritimas-del-canal-de-beagle\/","og_site_name":"Patagonia Ambiental","article_publisher":"https:\/\/www.facebook.com\/patagonia.ambiental","article_author":"https:\/\/www.facebook.com\/share\/1C1V8Gv9BX\/?mibextid=qi2Omg","article_published_time":"2017-10-27T22:00:33+00:00","og_image":[{"width":800,"height":449,"url":"https:\/\/patagoniambiental.com.ar\/info\/wp-content\/uploads\/2017\/10\/201710261104093a4a945a673425b8b0e90849baafd9c3.jpg","type":"image\/jpeg"}],"author":"Patagonia Ambiental","twitter_card":"summary_large_image","twitter_creator":"@PatAmb","twitter_site":"@PatAmb","schema":{"@context":"https:\/\/schema.org","@graph":[{"@type":"Article","@id":"https:\/\/patagoniambiental.com.ar\/info\/prefectura-ushuaia-e-islas-del-atlantico-sur-prefectura-recibio-a-autoridades-maritimas-del-canal-de-beagle\/#article","isPartOf":{"@id":"https:\/\/patagoniambiental.com.ar\/info\/prefectura-ushuaia-e-islas-del-atlantico-sur-prefectura-recibio-a-autoridades-maritimas-del-canal-de-beagle\/"},"author":{"name":"Patagonia Ambiental","@id":"https:\/\/patagoniambiental.com.ar\/info\/#\/schema\/person\/db12bff64bbcbf6a253710bf0ea37b5d"},"headline":"PREFECTURA USHUAIA E ISLAS DEL ATL\u00c1NTICO SUR Prefectura recibi\u00f3 a autoridades mar\u00edtimas del Canal de Beagle","datePublished":"2017-10-27T22:00:33+00:00","mainEntityOfPage":{"@id":"https:\/\/patagoniambiental.com.ar\/info\/prefectura-ushuaia-e-islas-del-atlantico-sur-prefectura-recibio-a-autoridades-maritimas-del-canal-de-beagle\/"},"wordCount":468,"commentCount":0,"publisher":{"@id":"https:\/\/patagoniambiental.com.ar\/info\/#organization"},"image":{"@id":"https:\/\/patagoniambiental.com.ar\/info\/prefectura-ushuaia-e-islas-del-atlantico-sur-prefectura-recibio-a-autoridades-maritimas-del-canal-de-beagle\/#primaryimage"},"thumbnailUrl":"https:\/\/patagoniambiental.com.ar\/info\/wp-content\/uploads\/2017\/10\/201710261104093a4a945a673425b8b0e90849baafd9c3.jpg","articleSection":["Noticias","Tierra del Fuego"],"inLanguage":"es","potentialAction":[{"@type":"CommentAction","name":"Comment","target":["https:\/\/patagoniambiental.com.ar\/info\/prefectura-ushuaia-e-islas-del-atlantico-sur-prefectura-recibio-a-autoridades-maritimas-del-canal-de-beagle\/#respond"]}]},{"@type":"WebPage","@id":"https:\/\/patagoniambiental.com.ar\/info\/prefectura-ushuaia-e-islas-del-atlantico-sur-prefectura-recibio-a-autoridades-maritimas-del-canal-de-beagle\/","url":"https:\/\/patagoniambiental.com.ar\/info\/prefectura-ushuaia-e-islas-del-atlantico-sur-prefectura-recibio-a-autoridades-maritimas-del-canal-de-beagle\/","name":"PREFECTURA USHUAIA E ISLAS DEL ATL\u00c1NTICO SUR Prefectura recibi\u00f3 a autoridades mar\u00edtimas del Canal de Beagle","isPartOf":{"@id":"https:\/\/patagoniambiental.com.ar\/info\/#website"},"primaryImageOfPage":{"@id":"https:\/\/patagoniambiental.com.ar\/info\/prefectura-ushuaia-e-islas-del-atlantico-sur-prefectura-recibio-a-autoridades-maritimas-del-canal-de-beagle\/#primaryimage"},"image":{"@id":"https:\/\/patagoniambiental.com.ar\/info\/prefectura-ushuaia-e-islas-del-atlantico-sur-prefectura-recibio-a-autoridades-maritimas-del-canal-de-beagle\/#primaryimage"},"thumbnailUrl":"https:\/\/patagoniambiental.com.ar\/info\/wp-content\/uploads\/2017\/10\/201710261104093a4a945a673425b8b0e90849baafd9c3.jpg","datePublished":"2017-10-27T22:00:33+00:00","breadcrumb":{"@id":"https:\/\/patagoniambiental.com.ar\/info\/prefectura-ushuaia-e-islas-del-atlantico-sur-prefectura-recibio-a-autoridades-maritimas-del-canal-de-beagle\/#breadcrumb"},"inLanguage":"es","potentialAction":[{"@type":"ReadAction","target":["https:\/\/patagoniambiental.com.ar\/info\/prefectura-ushuaia-e-islas-del-atlantico-sur-prefectura-recibio-a-autoridades-maritimas-del-canal-de-beagle\/"]}]},{"@type":"ImageObject","inLanguage":"es","@id":"https:\/\/patagoniambiental.com.ar\/info\/prefectura-ushuaia-e-islas-del-atlantico-sur-prefectura-recibio-a-autoridades-maritimas-del-canal-de-beagle\/#primaryimage","url":"https:\/\/patagoniambiental.com.ar\/info\/wp-content\/uploads\/2017\/10\/201710261104093a4a945a673425b8b0e90849baafd9c3.jpg","contentUrl":"https:\/\/patagoniambiental.com.ar\/info\/wp-content\/uploads\/2017\/10\/201710261104093a4a945a673425b8b0e90849baafd9c3.jpg","width":800,"height":449},{"@type":"BreadcrumbList","@id":"https:\/\/patagoniambiental.com.ar\/info\/prefectura-ushuaia-e-islas-del-atlantico-sur-prefectura-recibio-a-autoridades-maritimas-del-canal-de-beagle\/#breadcrumb","itemListElement":[{"@type":"ListItem","position":1,"name":"Inicio","item":"https:\/\/patagoniambiental.com.ar\/info\/"},{"@type":"ListItem","position":2,"name":"PREFECTURA USHUAIA E ISLAS DEL ATL\u00c1NTICO SUR Prefectura recibi\u00f3 a autoridades mar\u00edtimas del Canal de Beagle"}]},{"@type":"WebSite","@id":"https:\/\/patagoniambiental.com.ar\/info\/#website","url":"https:\/\/patagoniambiental.com.ar\/info\/","name":"Patagonia Ambiental","description":"Monitoreo y an\u00e1lisis de la situaci\u00f3n geopol\u00edtica en el mundo y su implicancia en la Patagonia","publisher":{"@id":"https:\/\/patagoniambiental.com.ar\/info\/#organization"},"potentialAction":[{"@type":"SearchAction","target":{"@type":"EntryPoint","urlTemplate":"https:\/\/patagoniambiental.com.ar\/info\/?s={search_term_string}"},"query-input":{"@type":"PropertyValueSpecification","valueRequired":true,"valueName":"search_term_string"}}],"inLanguage":"es"},{"@type":"Organization","@id":"https:\/\/patagoniambiental.com.ar\/info\/#organization","name":"Patagonia Ambiental","url":"https:\/\/patagoniambiental.com.ar\/info\/","logo":{"@type":"ImageObject","inLanguage":"es","@id":"https:\/\/patagoniambiental.com.ar\/info\/#\/schema\/logo\/image\/","url":"https:\/\/patagoniambiental.com.ar\/info\/wp-content\/uploads\/2025\/05\/LOGO-PATAGONIA-AMBIENTAL.png","contentUrl":"https:\/\/patagoniambiental.com.ar\/info\/wp-content\/uploads\/2025\/05\/LOGO-PATAGONIA-AMBIENTAL.png","width":433,"height":250,"caption":"Patagonia Ambiental"},"image":{"@id":"https:\/\/patagoniambiental.com.ar\/info\/#\/schema\/logo\/image\/"},"sameAs":["https:\/\/www.facebook.com\/patagonia.ambiental","https:\/\/x.com\/PatAmb"]},{"@type":"Person","@id":"https:\/\/patagoniambiental.com.ar\/info\/#\/schema\/person\/db12bff64bbcbf6a253710bf0ea37b5d","name":"Patagonia Ambiental","description":"Andr\u00e9s Nievas T\u00e9cnico en manejo ambiental, consultor Ambiental y escritor para medios locales e internacionales sobre temas de geopolitica y medio ambiente.","sameAs":["http:\/\/www.patagoniambiental.com.ar","https:\/\/www.facebook.com\/share\/1C1V8Gv9BX\/?mibextid=qi2Omg","@patagoniambiental","https:\/\/youtube.com\/@patagoniaambiental2023?si=BLt58t0wuXquxlYZ"]}]}},"_links":{"self":[{"href":"https:\/\/patagoniambiental.com.ar\/info\/wp-json\/wp\/v2\/posts\/37190","targetHints":{"allow":["GET"]}}],"collection":[{"href":"https:\/\/patagoniambiental.com.ar\/info\/wp-json\/wp\/v2\/posts"}],"about":[{"href":"https:\/\/patagoniambiental.com.ar\/info\/wp-json\/wp\/v2\/types\/post"}],"author":[{"embeddable":true,"href":"https:\/\/patagoniambiental.com.ar\/info\/wp-json\/wp\/v2\/users\/2"}],"replies":[{"embeddable":true,"href":"https:\/\/patagoniambiental.com.ar\/info\/wp-json\/wp\/v2\/comments?post=37190"}],"version-history":[{"count":0,"href":"https:\/\/patagoniambiental.com.ar\/info\/wp-json\/wp\/v2\/posts\/37190\/revisions"}],"wp:featuredmedia":[{"embeddable":true,"href":"https:\/\/patagoniambiental.com.ar\/info\/wp-json\/wp\/v2\/media\/37191"}],"wp:attachment":[{"href":"https:\/\/patagoniambiental.com.ar\/info\/wp-json\/wp\/v2\/media?parent=37190"}],"wp:term":[{"taxonomy":"category","embeddable":true,"href":"https:\/\/patagoniambiental.com.ar\/info\/wp-json\/wp\/v2\/categories?post=37190"},{"taxonomy":"post_tag","embeddable":true,"href":"https:\/\/patagoniambiental.com.ar\/info\/wp-json\/wp\/v2\/tags?post=37190"}],"curies":[{"name":"wp","href":"https:\/\/api.w.org\/{rel}","templated":true}]}}