{"id":37194,"date":"2017-10-27T19:00:27","date_gmt":"2017-10-27T22:00:27","guid":{"rendered":"http:\/\/patagoniambiental.com.ar\/info\/?p=37194"},"modified":"2017-10-27T09:54:21","modified_gmt":"2017-10-27T12:54:21","slug":"malvinas-el-gobierno-volvio-a-rechazar-los-ejercicios-militares-con-misiles-en-el-atlantico-sur","status":"publish","type":"post","link":"https:\/\/patagoniambiental.com.ar\/info\/malvinas-el-gobierno-volvio-a-rechazar-los-ejercicios-militares-con-misiles-en-el-atlantico-sur\/","title":{"rendered":"Malvinas: El Gobierno volvi\u00f3 a rechazar los ejercicios militares con misiles en el Atl\u00e1ntico Sur"},"content":{"rendered":"<div class=\"article-rel-wrapper\"><\/div>\n<div class=\"article-info-surround\">\n<div class=\"article-info-surround2\">\n<p class=\"buttonheading\">\n<p class=\"articleinfo\">Buenos Aires.-Las pr\u00e1cticas con misiles Rappier son habituales desde 1982, pero causaron fuertes roces bilaterales.<\/p>\n<\/div>\n<\/div>\n<p><!--more--><\/p>\n<p><img fetchpriority=\"high\" decoding=\"async\" class=\"alignleft\" src=\"http:\/\/www.diarioprimerahora.com\/images\/2017-10-27\/islas.jpg\" alt=\"alt\" width=\"315\" height=\"178\" \/><\/p>\n<p>&nbsp;<\/p>\n<p>El martes, despu\u00e9s de la reuni\u00f3n en la que el jefe de Gabinete Marcos Pe\u00f1a y el secretario de Asuntos Estrat\u00e9gicos, Fulvio Pompeo le contaron a unos treinta embajadores extranjeros lo que buscar\u00e1 la agenda del gobierno de Mauricio Macri de ahora en adelante, el jefe de la diplomacia brit\u00e1nica Mark Kent se qued\u00f3 a solas con el canciller Jorge Faurie.<br \/>\nEn ese encuentro, Kent tuvo un gesto diplom\u00e1tico en el marco de las buenas relaciones que imperan hoy entre Londres y Buenos Aires.<br \/>\nY en persona inform\u00f3 que a fines de este mes se iniciar\u00e1 la \u00abnueva temporada\u00bb de ejercicios militares de las fuerzas de Gran Breta\u00f1a en aguas que rodean a las islas Malvinas y que Londres administra de manera unilateral.<br \/>\nLo hacen, en efecto, desde 1982 y provocaron en algunas oportunidades furiosos choques verbales y denuncias internacionales por parte de la gesti\u00f3n anterior.<br \/>\nDespu\u00e9s de dos d\u00edas de consultas de Clar\u00edn a la oficina de prensa de la Canciller\u00eda -que argumentaba \u00abno tener nada al respecto\u00bb- esta emiti\u00f3 esta tarde un comunicado en el que se rechazaron los ejercicios.<br \/>\nAll\u00ed, el Gobierno rechaza \u00abla realizaci\u00f3n de estos ejercicios en territorio argentino ileg\u00edtimamente ocupado por el Reino Unido\u00bb.<br \/>\nAsimismo, advierte que se elev\u00f3 una protesta formal a trav\u00e9s de una nota remitida a la Embajada del Reino Unido en Argentina y que estos \u00abactos unilaterales\u00bb ser\u00e1n denunciados ante Naciones Unidas y la Organizaci\u00f3n Mar\u00edtima Internacional.<\/p>\n<p><b>El comunicado difundido hoy por Canciller\u00eda.<\/b><br \/>\n\u00abCanciller\u00eda Argentina ha tomado conocimiento el d\u00eda 24 de octubre de la realizaci\u00f3n por parte del Gobierno brit\u00e1nico de ejercicios militares en el \u00e1rea de las Islas Malvinas, entre los d\u00edas 30 de octubre y 3 de noviembre de 2017, que incluir\u00e1n el lanzamiento de misiles \u201cRapier\u201d.<br \/>\nAnte ello, en el marco de las obligaciones y responsabilidades de nuestro pa\u00eds en materia de seguridad de la navegaci\u00f3n en el Atl\u00e1ntico Sudoccidental, el Servicio de Hidrograf\u00eda Naval emiti\u00f3 el 24 de octubre un radioaviso n\u00e1utico informando sobre el desarrollo del ejercicio.<br \/>\nLa Rep\u00fablica Argentina rechaza la realizaci\u00f3n de estos ejercicios en territorio argentino ileg\u00edtimamente ocupado por el Reino Unido, los que desconocen resoluciones de las Naciones Unidas y de otros organismos internacionales, que instan a ambos pa\u00edses a reanudar las negociaciones a fin de encontrar una soluci\u00f3n pac\u00edfica y definitiva a la disputa de soberan\u00eda, as\u00ed como a abstenerse de realizar actos unilaterales en los territorios y espacios mar\u00edtimos bajo disputa.<br \/>\nEl d\u00eda de hoy, el Sr. Vicecanciller remiti\u00f3 una Nota a la Embajada del Reino Unido en nuestro pa\u00eds con una protesta formal ante los mencionados ejercicios militares, a la vez que pondr\u00e1 en conocimiento de la situaci\u00f3n al Secretario General de las Naciones Unidas y al Secretario General de la Organizaci\u00f3n Mar\u00edtima Internacional\u00bb<\/p>\n<p>Fuente:\u00a0http:\/\/www.diarioprimerahora.com\/index.php?option=com_content&amp;view=article&amp;id=44093:malvinas-el-gobierno-volvio-a-rechazar-los-ejercicios-militares-con-misiles-en-el-atlantico-sur&amp;catid=4:nacionales&amp;Itemid=5<\/p>\n","protected":false},"excerpt":{"rendered":"<p>Buenos Aires.-Las pr\u00e1cticas con misiles Rappier son habituales desde 1982, pero causaron fuertes roces bilaterales.<\/p>\n","protected":false},"author":2,"featured_media":37195,"comment_status":"open","ping_status":"open","sticky":false,"template":"","format":"standard","meta":{"site-sidebar-layout":"default","site-content-layout":"","ast-site-content-layout":"default","site-content-style":"default","site-sidebar-style":"default","ast-global-header-display":"","ast-banner-title-visibility":"","ast-main-header-display":"","ast-hfb-above-header-display":"","ast-hfb-below-header-display":"","ast-hfb-mobile-header-display":"","site-post-title":"","ast-breadcrumbs-content":"","ast-featured-img":"","footer-sml-layout":"","ast-disable-related-posts":"","theme-transparent-header-meta":"","adv-header-id-meta":"","stick-header-meta":"","header-above-stick-meta":"","header-main-stick-meta":"","header-below-stick-meta":"","astra-migrate-meta-layouts":"default","ast-page-background-enabled":"default","ast-page-background-meta":{"desktop":{"background-color":"var(--ast-global-color-5)","background-image":"","background-repeat":"repeat","background-position":"center center","background-size":"auto","background-attachment":"scroll","background-type":"","background-media":"","overlay-type":"","overlay-color":"","overlay-opacity":"","overlay-gradient":""},"tablet":{"background-color":"","background-image":"","background-repeat":"repeat","background-position":"center center","background-size":"auto","background-attachment":"scroll","background-type":"","background-media":"","overlay-type":"","overlay-color":"","overlay-opacity":"","overlay-gradient":""},"mobile":{"background-color":"","background-image":"","background-repeat":"repeat","background-position":"center center","background-size":"auto","background-attachment":"scroll","background-type":"","background-media":"","overlay-type":"","overlay-color":"","overlay-opacity":"","overlay-gradient":""}},"ast-content-background-meta":{"desktop":{"background-color":"var(--ast-global-color-4)","background-image":"","background-repeat":"repeat","background-position":"center center","background-size":"auto","background-attachment":"scroll","background-type":"","background-media":"","overlay-type":"","overlay-color":"","overlay-opacity":"","overlay-gradient":""},"tablet":{"background-color":"var(--ast-global-color-4)","background-image":"","background-repeat":"repeat","background-position":"center center","background-size":"auto","background-attachment":"scroll","background-type":"","background-media":"","overlay-type":"","overlay-color":"","overlay-opacity":"","overlay-gradient":""},"mobile":{"background-color":"var(--ast-global-color-4)","background-image":"","background-repeat":"repeat","background-position":"center center","background-size":"auto","background-attachment":"scroll","background-type":"","background-media":"","overlay-type":"","overlay-color":"","overlay-opacity":"","overlay-gradient":""}},"footnotes":""},"categories":[23,1],"tags":[],"class_list":["post-37194","post","type-post","status-publish","format-standard","has-post-thumbnail","hentry","category-internacionales","category-noticias"],"yoast_head":"<!-- This site is optimized with the Yoast SEO Premium plugin v23.0 (Yoast SEO v27.4) - https:\/\/yoast.com\/product\/yoast-seo-premium-wordpress\/ -->\n<title>Malvinas: El Gobierno volvi\u00f3 a rechazar los ejercicios militares con misiles en el Atl\u00e1ntico Sur<\/title>\n<meta name=\"robots\" content=\"index, follow, max-snippet:-1, max-image-preview:large, max-video-preview:-1\" \/>\n<link rel=\"canonical\" href=\"https:\/\/patagoniambiental.com.ar\/info\/malvinas-el-gobierno-volvio-a-rechazar-los-ejercicios-militares-con-misiles-en-el-atlantico-sur\/\" \/>\n<meta property=\"og:locale\" content=\"es_ES\" \/>\n<meta property=\"og:type\" content=\"article\" \/>\n<meta property=\"og:title\" content=\"Malvinas: El Gobierno volvi\u00f3 a rechazar los ejercicios militares con misiles en el Atl\u00e1ntico Sur\" \/>\n<meta property=\"og:description\" content=\"Buenos Aires.-Las pr\u00e1cticas con misiles Rappier son habituales desde 1982, pero causaron fuertes roces bilaterales.\" \/>\n<meta property=\"og:url\" content=\"https:\/\/patagoniambiental.com.ar\/info\/malvinas-el-gobierno-volvio-a-rechazar-los-ejercicios-militares-con-misiles-en-el-atlantico-sur\/\" \/>\n<meta property=\"og:site_name\" content=\"Patagonia Ambiental\" \/>\n<meta property=\"article:publisher\" content=\"https:\/\/www.facebook.com\/patagonia.ambiental\" \/>\n<meta property=\"article:author\" content=\"https:\/\/www.facebook.com\/share\/1C1V8Gv9BX\/?mibextid=qi2Omg\" \/>\n<meta property=\"article:published_time\" content=\"2017-10-27T22:00:27+00:00\" \/>\n<meta property=\"og:image\" content=\"https:\/\/patagoniambiental.com.ar\/info\/wp-content\/uploads\/2017\/10\/islas.jpg\" \/>\n\t<meta property=\"og:image:width\" content=\"315\" \/>\n\t<meta property=\"og:image:height\" content=\"178\" \/>\n\t<meta property=\"og:image:type\" content=\"image\/jpeg\" \/>\n<meta name=\"author\" content=\"Patagonia Ambiental\" \/>\n<meta name=\"twitter:card\" content=\"summary_large_image\" \/>\n<meta name=\"twitter:creator\" content=\"@PatAmb\" \/>\n<meta name=\"twitter:site\" content=\"@PatAmb\" \/>\n<script type=\"application\/ld+json\" class=\"yoast-schema-graph\">{\"@context\":\"https:\\\/\\\/schema.org\",\"@graph\":[{\"@type\":\"Article\",\"@id\":\"https:\\\/\\\/patagoniambiental.com.ar\\\/info\\\/malvinas-el-gobierno-volvio-a-rechazar-los-ejercicios-militares-con-misiles-en-el-atlantico-sur\\\/#article\",\"isPartOf\":{\"@id\":\"https:\\\/\\\/patagoniambiental.com.ar\\\/info\\\/malvinas-el-gobierno-volvio-a-rechazar-los-ejercicios-militares-con-misiles-en-el-atlantico-sur\\\/\"},\"author\":{\"name\":\"Patagonia Ambiental\",\"@id\":\"https:\\\/\\\/patagoniambiental.com.ar\\\/info\\\/#\\\/schema\\\/person\\\/db12bff64bbcbf6a253710bf0ea37b5d\"},\"headline\":\"Malvinas: El Gobierno volvi\u00f3 a rechazar los ejercicios militares con misiles en el Atl\u00e1ntico Sur\",\"datePublished\":\"2017-10-27T22:00:27+00:00\",\"mainEntityOfPage\":{\"@id\":\"https:\\\/\\\/patagoniambiental.com.ar\\\/info\\\/malvinas-el-gobierno-volvio-a-rechazar-los-ejercicios-militares-con-misiles-en-el-atlantico-sur\\\/\"},\"wordCount\":549,\"commentCount\":0,\"publisher\":{\"@id\":\"https:\\\/\\\/patagoniambiental.com.ar\\\/info\\\/#organization\"},\"image\":{\"@id\":\"https:\\\/\\\/patagoniambiental.com.ar\\\/info\\\/malvinas-el-gobierno-volvio-a-rechazar-los-ejercicios-militares-con-misiles-en-el-atlantico-sur\\\/#primaryimage\"},\"thumbnailUrl\":\"https:\\\/\\\/patagoniambiental.com.ar\\\/info\\\/wp-content\\\/uploads\\\/2017\\\/10\\\/islas.jpg\",\"articleSection\":[\"Internacionales\",\"Noticias\"],\"inLanguage\":\"es\",\"potentialAction\":[{\"@type\":\"CommentAction\",\"name\":\"Comment\",\"target\":[\"https:\\\/\\\/patagoniambiental.com.ar\\\/info\\\/malvinas-el-gobierno-volvio-a-rechazar-los-ejercicios-militares-con-misiles-en-el-atlantico-sur\\\/#respond\"]}]},{\"@type\":\"WebPage\",\"@id\":\"https:\\\/\\\/patagoniambiental.com.ar\\\/info\\\/malvinas-el-gobierno-volvio-a-rechazar-los-ejercicios-militares-con-misiles-en-el-atlantico-sur\\\/\",\"url\":\"https:\\\/\\\/patagoniambiental.com.ar\\\/info\\\/malvinas-el-gobierno-volvio-a-rechazar-los-ejercicios-militares-con-misiles-en-el-atlantico-sur\\\/\",\"name\":\"Malvinas: El Gobierno volvi\u00f3 a rechazar los ejercicios militares con misiles en el Atl\u00e1ntico Sur\",\"isPartOf\":{\"@id\":\"https:\\\/\\\/patagoniambiental.com.ar\\\/info\\\/#website\"},\"primaryImageOfPage\":{\"@id\":\"https:\\\/\\\/patagoniambiental.com.ar\\\/info\\\/malvinas-el-gobierno-volvio-a-rechazar-los-ejercicios-militares-con-misiles-en-el-atlantico-sur\\\/#primaryimage\"},\"image\":{\"@id\":\"https:\\\/\\\/patagoniambiental.com.ar\\\/info\\\/malvinas-el-gobierno-volvio-a-rechazar-los-ejercicios-militares-con-misiles-en-el-atlantico-sur\\\/#primaryimage\"},\"thumbnailUrl\":\"https:\\\/\\\/patagoniambiental.com.ar\\\/info\\\/wp-content\\\/uploads\\\/2017\\\/10\\\/islas.jpg\",\"datePublished\":\"2017-10-27T22:00:27+00:00\",\"breadcrumb\":{\"@id\":\"https:\\\/\\\/patagoniambiental.com.ar\\\/info\\\/malvinas-el-gobierno-volvio-a-rechazar-los-ejercicios-militares-con-misiles-en-el-atlantico-sur\\\/#breadcrumb\"},\"inLanguage\":\"es\",\"potentialAction\":[{\"@type\":\"ReadAction\",\"target\":[\"https:\\\/\\\/patagoniambiental.com.ar\\\/info\\\/malvinas-el-gobierno-volvio-a-rechazar-los-ejercicios-militares-con-misiles-en-el-atlantico-sur\\\/\"]}]},{\"@type\":\"ImageObject\",\"inLanguage\":\"es\",\"@id\":\"https:\\\/\\\/patagoniambiental.com.ar\\\/info\\\/malvinas-el-gobierno-volvio-a-rechazar-los-ejercicios-militares-con-misiles-en-el-atlantico-sur\\\/#primaryimage\",\"url\":\"https:\\\/\\\/patagoniambiental.com.ar\\\/info\\\/wp-content\\\/uploads\\\/2017\\\/10\\\/islas.jpg\",\"contentUrl\":\"https:\\\/\\\/patagoniambiental.com.ar\\\/info\\\/wp-content\\\/uploads\\\/2017\\\/10\\\/islas.jpg\",\"width\":315,\"height\":178},{\"@type\":\"BreadcrumbList\",\"@id\":\"https:\\\/\\\/patagoniambiental.com.ar\\\/info\\\/malvinas-el-gobierno-volvio-a-rechazar-los-ejercicios-militares-con-misiles-en-el-atlantico-sur\\\/#breadcrumb\",\"itemListElement\":[{\"@type\":\"ListItem\",\"position\":1,\"name\":\"Inicio\",\"item\":\"https:\\\/\\\/patagoniambiental.com.ar\\\/info\\\/\"},{\"@type\":\"ListItem\",\"position\":2,\"name\":\"Malvinas: El Gobierno volvi\u00f3 a rechazar los ejercicios militares con misiles en el Atl\u00e1ntico Sur\"}]},{\"@type\":\"WebSite\",\"@id\":\"https:\\\/\\\/patagoniambiental.com.ar\\\/info\\\/#website\",\"url\":\"https:\\\/\\\/patagoniambiental.com.ar\\\/info\\\/\",\"name\":\"Patagonia Ambiental\",\"description\":\"Monitoreo y an\u00e1lisis de la situaci\u00f3n geopol\u00edtica en el mundo y su implicancia en la Patagonia\",\"publisher\":{\"@id\":\"https:\\\/\\\/patagoniambiental.com.ar\\\/info\\\/#organization\"},\"potentialAction\":[{\"@type\":\"SearchAction\",\"target\":{\"@type\":\"EntryPoint\",\"urlTemplate\":\"https:\\\/\\\/patagoniambiental.com.ar\\\/info\\\/?s={search_term_string}\"},\"query-input\":{\"@type\":\"PropertyValueSpecification\",\"valueRequired\":true,\"valueName\":\"search_term_string\"}}],\"inLanguage\":\"es\"},{\"@type\":\"Organization\",\"@id\":\"https:\\\/\\\/patagoniambiental.com.ar\\\/info\\\/#organization\",\"name\":\"Patagonia Ambiental\",\"url\":\"https:\\\/\\\/patagoniambiental.com.ar\\\/info\\\/\",\"logo\":{\"@type\":\"ImageObject\",\"inLanguage\":\"es\",\"@id\":\"https:\\\/\\\/patagoniambiental.com.ar\\\/info\\\/#\\\/schema\\\/logo\\\/image\\\/\",\"url\":\"https:\\\/\\\/patagoniambiental.com.ar\\\/info\\\/wp-content\\\/uploads\\\/2025\\\/05\\\/LOGO-PATAGONIA-AMBIENTAL.png\",\"contentUrl\":\"https:\\\/\\\/patagoniambiental.com.ar\\\/info\\\/wp-content\\\/uploads\\\/2025\\\/05\\\/LOGO-PATAGONIA-AMBIENTAL.png\",\"width\":433,\"height\":250,\"caption\":\"Patagonia Ambiental\"},\"image\":{\"@id\":\"https:\\\/\\\/patagoniambiental.com.ar\\\/info\\\/#\\\/schema\\\/logo\\\/image\\\/\"},\"sameAs\":[\"https:\\\/\\\/www.facebook.com\\\/patagonia.ambiental\",\"https:\\\/\\\/x.com\\\/PatAmb\"]},{\"@type\":\"Person\",\"@id\":\"https:\\\/\\\/patagoniambiental.com.ar\\\/info\\\/#\\\/schema\\\/person\\\/db12bff64bbcbf6a253710bf0ea37b5d\",\"name\":\"Patagonia Ambiental\",\"description\":\"Andr\u00e9s Nievas T\u00e9cnico en manejo ambiental, consultor Ambiental y escritor para medios locales e internacionales sobre temas de geopolitica y medio ambiente.\",\"sameAs\":[\"http:\\\/\\\/www.patagoniambiental.com.ar\",\"https:\\\/\\\/www.facebook.com\\\/share\\\/1C1V8Gv9BX\\\/?mibextid=qi2Omg\",\"@patagoniambiental\",\"https:\\\/\\\/youtube.com\\\/@patagoniaambiental2023?si=BLt58t0wuXquxlYZ\"]}]}<\/script>\n<!-- \/ Yoast SEO Premium plugin. -->","yoast_head_json":{"title":"Malvinas: El Gobierno volvi\u00f3 a rechazar los ejercicios militares con misiles en el Atl\u00e1ntico Sur","robots":{"index":"index","follow":"follow","max-snippet":"max-snippet:-1","max-image-preview":"max-image-preview:large","max-video-preview":"max-video-preview:-1"},"canonical":"https:\/\/patagoniambiental.com.ar\/info\/malvinas-el-gobierno-volvio-a-rechazar-los-ejercicios-militares-con-misiles-en-el-atlantico-sur\/","og_locale":"es_ES","og_type":"article","og_title":"Malvinas: El Gobierno volvi\u00f3 a rechazar los ejercicios militares con misiles en el Atl\u00e1ntico Sur","og_description":"Buenos Aires.-Las pr\u00e1cticas con misiles Rappier son habituales desde 1982, pero causaron fuertes roces bilaterales.","og_url":"https:\/\/patagoniambiental.com.ar\/info\/malvinas-el-gobierno-volvio-a-rechazar-los-ejercicios-militares-con-misiles-en-el-atlantico-sur\/","og_site_name":"Patagonia Ambiental","article_publisher":"https:\/\/www.facebook.com\/patagonia.ambiental","article_author":"https:\/\/www.facebook.com\/share\/1C1V8Gv9BX\/?mibextid=qi2Omg","article_published_time":"2017-10-27T22:00:27+00:00","og_image":[{"width":315,"height":178,"url":"https:\/\/patagoniambiental.com.ar\/info\/wp-content\/uploads\/2017\/10\/islas.jpg","type":"image\/jpeg"}],"author":"Patagonia Ambiental","twitter_card":"summary_large_image","twitter_creator":"@PatAmb","twitter_site":"@PatAmb","schema":{"@context":"https:\/\/schema.org","@graph":[{"@type":"Article","@id":"https:\/\/patagoniambiental.com.ar\/info\/malvinas-el-gobierno-volvio-a-rechazar-los-ejercicios-militares-con-misiles-en-el-atlantico-sur\/#article","isPartOf":{"@id":"https:\/\/patagoniambiental.com.ar\/info\/malvinas-el-gobierno-volvio-a-rechazar-los-ejercicios-militares-con-misiles-en-el-atlantico-sur\/"},"author":{"name":"Patagonia Ambiental","@id":"https:\/\/patagoniambiental.com.ar\/info\/#\/schema\/person\/db12bff64bbcbf6a253710bf0ea37b5d"},"headline":"Malvinas: El Gobierno volvi\u00f3 a rechazar los ejercicios militares con misiles en el Atl\u00e1ntico Sur","datePublished":"2017-10-27T22:00:27+00:00","mainEntityOfPage":{"@id":"https:\/\/patagoniambiental.com.ar\/info\/malvinas-el-gobierno-volvio-a-rechazar-los-ejercicios-militares-con-misiles-en-el-atlantico-sur\/"},"wordCount":549,"commentCount":0,"publisher":{"@id":"https:\/\/patagoniambiental.com.ar\/info\/#organization"},"image":{"@id":"https:\/\/patagoniambiental.com.ar\/info\/malvinas-el-gobierno-volvio-a-rechazar-los-ejercicios-militares-con-misiles-en-el-atlantico-sur\/#primaryimage"},"thumbnailUrl":"https:\/\/patagoniambiental.com.ar\/info\/wp-content\/uploads\/2017\/10\/islas.jpg","articleSection":["Internacionales","Noticias"],"inLanguage":"es","potentialAction":[{"@type":"CommentAction","name":"Comment","target":["https:\/\/patagoniambiental.com.ar\/info\/malvinas-el-gobierno-volvio-a-rechazar-los-ejercicios-militares-con-misiles-en-el-atlantico-sur\/#respond"]}]},{"@type":"WebPage","@id":"https:\/\/patagoniambiental.com.ar\/info\/malvinas-el-gobierno-volvio-a-rechazar-los-ejercicios-militares-con-misiles-en-el-atlantico-sur\/","url":"https:\/\/patagoniambiental.com.ar\/info\/malvinas-el-gobierno-volvio-a-rechazar-los-ejercicios-militares-con-misiles-en-el-atlantico-sur\/","name":"Malvinas: El Gobierno volvi\u00f3 a rechazar los ejercicios militares con misiles en el Atl\u00e1ntico Sur","isPartOf":{"@id":"https:\/\/patagoniambiental.com.ar\/info\/#website"},"primaryImageOfPage":{"@id":"https:\/\/patagoniambiental.com.ar\/info\/malvinas-el-gobierno-volvio-a-rechazar-los-ejercicios-militares-con-misiles-en-el-atlantico-sur\/#primaryimage"},"image":{"@id":"https:\/\/patagoniambiental.com.ar\/info\/malvinas-el-gobierno-volvio-a-rechazar-los-ejercicios-militares-con-misiles-en-el-atlantico-sur\/#primaryimage"},"thumbnailUrl":"https:\/\/patagoniambiental.com.ar\/info\/wp-content\/uploads\/2017\/10\/islas.jpg","datePublished":"2017-10-27T22:00:27+00:00","breadcrumb":{"@id":"https:\/\/patagoniambiental.com.ar\/info\/malvinas-el-gobierno-volvio-a-rechazar-los-ejercicios-militares-con-misiles-en-el-atlantico-sur\/#breadcrumb"},"inLanguage":"es","potentialAction":[{"@type":"ReadAction","target":["https:\/\/patagoniambiental.com.ar\/info\/malvinas-el-gobierno-volvio-a-rechazar-los-ejercicios-militares-con-misiles-en-el-atlantico-sur\/"]}]},{"@type":"ImageObject","inLanguage":"es","@id":"https:\/\/patagoniambiental.com.ar\/info\/malvinas-el-gobierno-volvio-a-rechazar-los-ejercicios-militares-con-misiles-en-el-atlantico-sur\/#primaryimage","url":"https:\/\/patagoniambiental.com.ar\/info\/wp-content\/uploads\/2017\/10\/islas.jpg","contentUrl":"https:\/\/patagoniambiental.com.ar\/info\/wp-content\/uploads\/2017\/10\/islas.jpg","width":315,"height":178},{"@type":"BreadcrumbList","@id":"https:\/\/patagoniambiental.com.ar\/info\/malvinas-el-gobierno-volvio-a-rechazar-los-ejercicios-militares-con-misiles-en-el-atlantico-sur\/#breadcrumb","itemListElement":[{"@type":"ListItem","position":1,"name":"Inicio","item":"https:\/\/patagoniambiental.com.ar\/info\/"},{"@type":"ListItem","position":2,"name":"Malvinas: El Gobierno volvi\u00f3 a rechazar los ejercicios militares con misiles en el Atl\u00e1ntico Sur"}]},{"@type":"WebSite","@id":"https:\/\/patagoniambiental.com.ar\/info\/#website","url":"https:\/\/patagoniambiental.com.ar\/info\/","name":"Patagonia Ambiental","description":"Monitoreo y an\u00e1lisis de la situaci\u00f3n geopol\u00edtica en el mundo y su implicancia en la Patagonia","publisher":{"@id":"https:\/\/patagoniambiental.com.ar\/info\/#organization"},"potentialAction":[{"@type":"SearchAction","target":{"@type":"EntryPoint","urlTemplate":"https:\/\/patagoniambiental.com.ar\/info\/?s={search_term_string}"},"query-input":{"@type":"PropertyValueSpecification","valueRequired":true,"valueName":"search_term_string"}}],"inLanguage":"es"},{"@type":"Organization","@id":"https:\/\/patagoniambiental.com.ar\/info\/#organization","name":"Patagonia Ambiental","url":"https:\/\/patagoniambiental.com.ar\/info\/","logo":{"@type":"ImageObject","inLanguage":"es","@id":"https:\/\/patagoniambiental.com.ar\/info\/#\/schema\/logo\/image\/","url":"https:\/\/patagoniambiental.com.ar\/info\/wp-content\/uploads\/2025\/05\/LOGO-PATAGONIA-AMBIENTAL.png","contentUrl":"https:\/\/patagoniambiental.com.ar\/info\/wp-content\/uploads\/2025\/05\/LOGO-PATAGONIA-AMBIENTAL.png","width":433,"height":250,"caption":"Patagonia Ambiental"},"image":{"@id":"https:\/\/patagoniambiental.com.ar\/info\/#\/schema\/logo\/image\/"},"sameAs":["https:\/\/www.facebook.com\/patagonia.ambiental","https:\/\/x.com\/PatAmb"]},{"@type":"Person","@id":"https:\/\/patagoniambiental.com.ar\/info\/#\/schema\/person\/db12bff64bbcbf6a253710bf0ea37b5d","name":"Patagonia Ambiental","description":"Andr\u00e9s Nievas T\u00e9cnico en manejo ambiental, consultor Ambiental y escritor para medios locales e internacionales sobre temas de geopolitica y medio ambiente.","sameAs":["http:\/\/www.patagoniambiental.com.ar","https:\/\/www.facebook.com\/share\/1C1V8Gv9BX\/?mibextid=qi2Omg","@patagoniambiental","https:\/\/youtube.com\/@patagoniaambiental2023?si=BLt58t0wuXquxlYZ"]}]}},"_links":{"self":[{"href":"https:\/\/patagoniambiental.com.ar\/info\/wp-json\/wp\/v2\/posts\/37194","targetHints":{"allow":["GET"]}}],"collection":[{"href":"https:\/\/patagoniambiental.com.ar\/info\/wp-json\/wp\/v2\/posts"}],"about":[{"href":"https:\/\/patagoniambiental.com.ar\/info\/wp-json\/wp\/v2\/types\/post"}],"author":[{"embeddable":true,"href":"https:\/\/patagoniambiental.com.ar\/info\/wp-json\/wp\/v2\/users\/2"}],"replies":[{"embeddable":true,"href":"https:\/\/patagoniambiental.com.ar\/info\/wp-json\/wp\/v2\/comments?post=37194"}],"version-history":[{"count":0,"href":"https:\/\/patagoniambiental.com.ar\/info\/wp-json\/wp\/v2\/posts\/37194\/revisions"}],"wp:featuredmedia":[{"embeddable":true,"href":"https:\/\/patagoniambiental.com.ar\/info\/wp-json\/wp\/v2\/media\/37195"}],"wp:attachment":[{"href":"https:\/\/patagoniambiental.com.ar\/info\/wp-json\/wp\/v2\/media?parent=37194"}],"wp:term":[{"taxonomy":"category","embeddable":true,"href":"https:\/\/patagoniambiental.com.ar\/info\/wp-json\/wp\/v2\/categories?post=37194"},{"taxonomy":"post_tag","embeddable":true,"href":"https:\/\/patagoniambiental.com.ar\/info\/wp-json\/wp\/v2\/tags?post=37194"}],"curies":[{"name":"wp","href":"https:\/\/api.w.org\/{rel}","templated":true}]}}