{"id":37240,"date":"2017-10-29T19:00:11","date_gmt":"2017-10-29T22:00:11","guid":{"rendered":"http:\/\/patagoniambiental.com.ar\/info\/?p=37240"},"modified":"2017-10-28T12:21:16","modified_gmt":"2017-10-28T15:21:16","slug":"gana-fuerza-la-ley-nacional-de-generacion-renovable-distribuida","status":"publish","type":"post","link":"https:\/\/patagoniambiental.com.ar\/info\/gana-fuerza-la-ley-nacional-de-generacion-renovable-distribuida\/","title":{"rendered":"Gana fuerza la Ley nacional de Generaci\u00f3n Renovable Distribuida"},"content":{"rendered":"<div>\n<div>Buenos Aires.-Consensuado por diversas fuerzas pol\u00edticas, el proyecto recibir\u00e1 la media sanci\u00f3n antes de fin de a\u00f1o.<\/div>\n<div><!--more--><\/div>\n<div>Varios analistas destacan las oportunidades que ofrece esta nueva forma de consumir y producir energ\u00eda el\u00e9ctrica por v\u00edas limpias. Conclusiones arrojadas durante el evento Viento &amp; Energ\u00eda 2017, organizado por la AAEE.<\/div>\n<div><\/div>\n<\/div>\n<p>&nbsp;<\/p>\n<div><img decoding=\"async\" class=\"alignleft\" src=\"https:\/\/revistapetroquimica.com\/wp-content\/uploads\/2017\/09\/renovables2-300x100.jpg\" alt=\"\" width=\"300\" height=\"100\" \/><\/div>\n<div><\/div>\n<div>Hace unos pocos meses, legisladores de distintas fuerzas pol\u00edticas consensuaron el esperado proyecto de Ley de Generaci\u00f3n Renovable Distribuida. La normativa, que podr\u00eda estar sancionada el a\u00f1o que viene, apunta a \u201cfijar las pol\u00edticas y establecer las condiciones jur\u00eddicas y contractuales para la generaci\u00f3n de energ\u00eda el\u00e9ctrica de origen renovable por parte de usuarios de la red de distribuci\u00f3n, para su autoconsumo, con eventual inyecci\u00f3n de excedentes a la red\u201d.<\/div>\n<div><\/div>\n<div>Asimismo, seg\u00fan consta en la propuesta, tambi\u00e9n se procura \u201cestablecer la obligaci\u00f3n de los prestadores del servicio p\u00fablico de distribuci\u00f3n de facilitar dicha inyecci\u00f3n, asegurando el libre acceso a la red de distribuci\u00f3n\u201d.<\/div>\n<div><\/div>\n<div>Consultado al respecto, el subsecretario de Energ\u00edas Renovables<b>\u00a0Sebastian Kind<\/b>\u00a0reafirm\u00f3 el compromiso del Gobierno para trabajar en la materia. \u201cNos hace falta esta ley. Ha habido m\u00e1s de 10 proyectos de distintos legisladores en la C\u00e1mara de Diputados y hemos entregado un documento de sugerencias desde el Poder Ejecutivo acerca de c\u00f3mo proceder\u201d, revel\u00f3.<\/div>\n<div><\/div>\n<div>A decir del funcionario, el proyecto est\u00e1 unificado por todas las fuerzas pol\u00edticas, lo cual resulta una buena noticia. \u201cEste a\u00f1o seguramente obtendremos la media sanci\u00f3n para que en 2018 se defina en el Senado. Ya estamos trabajando en el decreto reglamentario para permitir y reglar que cada usuario pueda generar y volcar su energ\u00eda a la red\u201d, anticip\u00f3.<\/div>\n<div><\/div>\n<div>Seg\u00fan\u00a0<b>Maurizio Bezzeccheri<\/b>, country manager del Grupo ENEL en el pa\u00eds, hoy en el sector el\u00e9ctrico argentino hay un flujo unidireccional de la energ\u00eda, desde la gran planta de generaci\u00f3n, pasando por las redes de transmisi\u00f3n, hasta los consumidores finales (o usuarios). \u201cPero el usuario debe transformarse en cliente (es decir, tener capacidad de elecci\u00f3n). Y gracias a la generaci\u00f3n distribuida, incluso puede convertirse en productor y venderle al mercado\u201d, destac\u00f3.<\/div>\n<div><\/div>\n<div>Desde su \u00f3ptica, poco a poco el sistema se est\u00e1 descentralizando. \u201cDado que los mejores vientos est\u00e1n en la Patagonia y los mayores niveles de radiaci\u00f3n se encuentran en el norte del pa\u00eds, la transmisi\u00f3n es un tema central. Las redes inteligentes, la dom\u00f3tica y la \u2018Internet de las Cosas\u2019 \u2013en el marco de la cuarta Revoluci\u00f3n Industrial\u2013 tienen un importante papel que desempe\u00f1ar al respecto\u201d, proyect\u00f3.<\/div>\n<div><\/div>\n<div><b>Gran oportunidad<\/b><\/div>\n<div><\/div>\n<div>De acuerdo con el consultor\u00a0<b>Juan Carlos Estanga<\/b>, la generaci\u00f3n distribuida posibilitar\u00e1 reducir las p\u00e9rdidas t\u00e9cnicas en el sistema. \u201cHay que permitir a los usuarios intercambiar energ\u00eda con el distribuidor y compensarle los subsidios que hoy recibe el consumo por red\u201d, expres\u00f3 el titular de Estanga &amp; Asociados.<\/div>\n<div><\/div>\n<div>A su entender, ser\u00e1 clave reconocer el valor de contaminaci\u00f3n que evitan y la descarga que hacen a la red, adem\u00e1s de simplificar tr\u00e1mites para habilitar la condici\u00f3n de \u2018prosumidor\u2019. \u201cEn Mendoza, donde est\u00e1 permitida la inyecci\u00f3n, completar la documentaci\u00f3n cuesta m\u00e1s que el equipamiento. Hay que favorecer esta experiencia, no llenarla de tr\u00e1mites\u201d, advirti\u00f3.<\/div>\n<div><\/div>\n<div>En una primera etapa, apunt\u00f3, los \u2018prosumidores\u2019 no incidir\u00e1n en los aspectos t\u00e9cnicos y econ\u00f3micos de la distribuci\u00f3n. \u201cDicho de otro modo, no perjudicar\u00e1n a los distribuidores, que por otro lado acaban de ser beneficiados con la renovaci\u00f3n de sus contratos\u201d, asever\u00f3.<\/div>\n<div><\/div>\n<div>Ser\u00eda interesante, acot\u00f3, implementar un sistema de mediciones netas en instalaciones fotovoltaicas de menos de 3 Kwh, como sucede en B\u00e9lgica. \u201cEl soporte a la generaci\u00f3n distribuida no necesita subsidios, pero s\u00ed reglas equitativas. La promoci\u00f3n industrial debe estar respaldada por el Estado\u201d, se\u00f1al\u00f3.<\/div>\n<div><\/div>\n<div>En su opini\u00f3n, no ser\u00eda adecuado prescribir la instalaci\u00f3n de generaci\u00f3n distribuida en edificios p\u00fablicos. \u201cEsa obligatoriedad podr\u00eda retrasar, por caso, la construcci\u00f3n de escuelas\u201d, ejemplific\u00f3.<\/div>\n<div><\/div>\n<div><b>Iniciativa positiva<\/b><\/div>\n<div><\/div>\n<div>Un informe elaborado por\u00a0<b>Omar D\u00edaz<\/b>, socio de Impuestos y L\u00edder de Energ\u00edas Renovables de KPMG; Mat\u00edas Cano, gerente de Mercados de la firma, y Florencia Murphy, analista senior de Mercados, remarca que el proyecto de Ley de Generaci\u00f3n Distribuida garantiza la r\u00e1pida amortizaci\u00f3n de la compra de equipos al incluir una \u201ctarifa de incentivo\u201d por cada kWh que el usuario entregue a la red distribuidora, monto que establecer\u00e1 el Ministerio de Energ\u00eda y Miner\u00eda de la Naci\u00f3n \u2013como autoridad de aplicaci\u00f3n de la norma\u2013 y que tendr\u00e1 una vigencia de cinco a\u00f1os a partir de la instalaci\u00f3n.<\/div>\n<div><\/div>\n<div>Los especialistas de KPMG postulan \u201cla implementaci\u00f3n de pol\u00edticas p\u00fablicas y el desarrollo de proyectos privados de gran envergadura destinados a incentivar el desarrollo sustentable y el cuidado del medio ambiente, as\u00ed como la producci\u00f3n el\u00e9ctrica que permita satisfacer una demanda cada vez mayor, impulsada por el crecimiento econ\u00f3mico\u201d.<\/div>\n<div><\/div>\n<div>En ese sentido, el trabajo remarca positivamente que la iniciativa de generaci\u00f3n distribuida estipula reg\u00edmenes de promoci\u00f3n para la creaci\u00f3n y radicaci\u00f3n de empresas fabricantes y ensambladoras de equipamiento.<\/div>\n<div><\/div>\n<div><\/div>\n<div>Fuente:\u00a0<a href=\"https:\/\/revistapetroquimica.com\/gana-fuerza-la-ley-generacion-renovable-distribuida\/\">https:\/\/revistapetroquimica.com\/<\/a><\/div>\n","protected":false},"excerpt":{"rendered":"<p>Buenos Aires.-Consensuado por diversas fuerzas pol\u00edticas, el proyecto recibir\u00e1 la media sanci\u00f3n antes de fin de a\u00f1o.<\/p>\n","protected":false},"author":2,"featured_media":37241,"comment_status":"open","ping_status":"open","sticky":false,"template":"","format":"standard","meta":{"site-sidebar-layout":"default","site-content-layout":"","ast-site-content-layout":"default","site-content-style":"default","site-sidebar-style":"default","ast-global-header-display":"","ast-banner-title-visibility":"","ast-main-header-display":"","ast-hfb-above-header-display":"","ast-hfb-below-header-display":"","ast-hfb-mobile-header-display":"","site-post-title":"","ast-breadcrumbs-content":"","ast-featured-img":"","footer-sml-layout":"","ast-disable-related-posts":"","theme-transparent-header-meta":"","adv-header-id-meta":"","stick-header-meta":"","header-above-stick-meta":"","header-main-stick-meta":"","header-below-stick-meta":"","astra-migrate-meta-layouts":"default","ast-page-background-enabled":"default","ast-page-background-meta":{"desktop":{"background-color":"var(--ast-global-color-5)","background-image":"","background-repeat":"repeat","background-position":"center center","background-size":"auto","background-attachment":"scroll","background-type":"","background-media":"","overlay-type":"","overlay-color":"","overlay-opacity":"","overlay-gradient":""},"tablet":{"background-color":"","background-image":"","background-repeat":"repeat","background-position":"center center","background-size":"auto","background-attachment":"scroll","background-type":"","background-media":"","overlay-type":"","overlay-color":"","overlay-opacity":"","overlay-gradient":""},"mobile":{"background-color":"","background-image":"","background-repeat":"repeat","background-position":"center center","background-size":"auto","background-attachment":"scroll","background-type":"","background-media":"","overlay-type":"","overlay-color":"","overlay-opacity":"","overlay-gradient":""}},"ast-content-background-meta":{"desktop":{"background-color":"var(--ast-global-color-4)","background-image":"","background-repeat":"repeat","background-position":"center center","background-size":"auto","background-attachment":"scroll","background-type":"","background-media":"","overlay-type":"","overlay-color":"","overlay-opacity":"","overlay-gradient":""},"tablet":{"background-color":"var(--ast-global-color-4)","background-image":"","background-repeat":"repeat","background-position":"center center","background-size":"auto","background-attachment":"scroll","background-type":"","background-media":"","overlay-type":"","overlay-color":"","overlay-opacity":"","overlay-gradient":""},"mobile":{"background-color":"var(--ast-global-color-4)","background-image":"","background-repeat":"repeat","background-position":"center center","background-size":"auto","background-attachment":"scroll","background-type":"","background-media":"","overlay-type":"","overlay-color":"","overlay-opacity":"","overlay-gradient":""}},"footnotes":""},"categories":[1],"tags":[],"class_list":["post-37240","post","type-post","status-publish","format-standard","has-post-thumbnail","hentry","category-noticias"],"yoast_head":"<!-- This site is optimized with the Yoast SEO Premium plugin v23.0 (Yoast SEO v27.5) - https:\/\/yoast.com\/product\/yoast-seo-premium-wordpress\/ -->\n<title>Gana fuerza la Ley nacional de Generaci\u00f3n Renovable Distribuida<\/title>\n<meta name=\"robots\" content=\"index, follow, max-snippet:-1, max-image-preview:large, max-video-preview:-1\" \/>\n<link rel=\"canonical\" href=\"https:\/\/patagoniambiental.com.ar\/info\/gana-fuerza-la-ley-nacional-de-generacion-renovable-distribuida\/\" \/>\n<meta property=\"og:locale\" content=\"es_ES\" \/>\n<meta property=\"og:type\" content=\"article\" \/>\n<meta property=\"og:title\" content=\"Gana fuerza la Ley nacional de Generaci\u00f3n Renovable Distribuida\" \/>\n<meta property=\"og:description\" content=\"Buenos Aires.-Consensuado por diversas fuerzas pol\u00edticas, el proyecto recibir\u00e1 la media sanci\u00f3n antes de fin de a\u00f1o.\" \/>\n<meta property=\"og:url\" content=\"https:\/\/patagoniambiental.com.ar\/info\/gana-fuerza-la-ley-nacional-de-generacion-renovable-distribuida\/\" \/>\n<meta property=\"og:site_name\" content=\"Patagonia Ambiental\" \/>\n<meta property=\"article:publisher\" content=\"https:\/\/www.facebook.com\/patagonia.ambiental\" \/>\n<meta property=\"article:author\" content=\"https:\/\/www.facebook.com\/share\/1C1V8Gv9BX\/?mibextid=qi2Omg\" \/>\n<meta property=\"article:published_time\" content=\"2017-10-29T22:00:11+00:00\" \/>\n<meta property=\"og:image\" content=\"https:\/\/patagoniambiental.com.ar\/info\/wp-content\/uploads\/2017\/10\/renovables2-300x100.jpg\" \/>\n\t<meta property=\"og:image:width\" content=\"300\" \/>\n\t<meta property=\"og:image:height\" content=\"100\" \/>\n\t<meta property=\"og:image:type\" content=\"image\/jpeg\" \/>\n<meta name=\"author\" content=\"Patagonia Ambiental\" \/>\n<meta name=\"twitter:card\" content=\"summary_large_image\" \/>\n<meta name=\"twitter:creator\" content=\"@PatAmb\" \/>\n<meta name=\"twitter:site\" content=\"@PatAmb\" \/>\n<script type=\"application\/ld+json\" class=\"yoast-schema-graph\">{\"@context\":\"https:\\\/\\\/schema.org\",\"@graph\":[{\"@type\":\"Article\",\"@id\":\"https:\\\/\\\/patagoniambiental.com.ar\\\/info\\\/gana-fuerza-la-ley-nacional-de-generacion-renovable-distribuida\\\/#article\",\"isPartOf\":{\"@id\":\"https:\\\/\\\/patagoniambiental.com.ar\\\/info\\\/gana-fuerza-la-ley-nacional-de-generacion-renovable-distribuida\\\/\"},\"author\":{\"name\":\"Patagonia Ambiental\",\"@id\":\"https:\\\/\\\/patagoniambiental.com.ar\\\/info\\\/#\\\/schema\\\/person\\\/db12bff64bbcbf6a253710bf0ea37b5d\"},\"headline\":\"Gana fuerza la Ley nacional de Generaci\u00f3n Renovable Distribuida\",\"datePublished\":\"2017-10-29T22:00:11+00:00\",\"mainEntityOfPage\":{\"@id\":\"https:\\\/\\\/patagoniambiental.com.ar\\\/info\\\/gana-fuerza-la-ley-nacional-de-generacion-renovable-distribuida\\\/\"},\"wordCount\":913,\"commentCount\":0,\"publisher\":{\"@id\":\"https:\\\/\\\/patagoniambiental.com.ar\\\/info\\\/#organization\"},\"image\":{\"@id\":\"https:\\\/\\\/patagoniambiental.com.ar\\\/info\\\/gana-fuerza-la-ley-nacional-de-generacion-renovable-distribuida\\\/#primaryimage\"},\"thumbnailUrl\":\"https:\\\/\\\/patagoniambiental.com.ar\\\/info\\\/wp-content\\\/uploads\\\/2017\\\/10\\\/renovables2-300x100.jpg\",\"articleSection\":[\"Noticias\"],\"inLanguage\":\"es\",\"potentialAction\":[{\"@type\":\"CommentAction\",\"name\":\"Comment\",\"target\":[\"https:\\\/\\\/patagoniambiental.com.ar\\\/info\\\/gana-fuerza-la-ley-nacional-de-generacion-renovable-distribuida\\\/#respond\"]}]},{\"@type\":\"WebPage\",\"@id\":\"https:\\\/\\\/patagoniambiental.com.ar\\\/info\\\/gana-fuerza-la-ley-nacional-de-generacion-renovable-distribuida\\\/\",\"url\":\"https:\\\/\\\/patagoniambiental.com.ar\\\/info\\\/gana-fuerza-la-ley-nacional-de-generacion-renovable-distribuida\\\/\",\"name\":\"Gana fuerza la Ley nacional de Generaci\u00f3n Renovable Distribuida\",\"isPartOf\":{\"@id\":\"https:\\\/\\\/patagoniambiental.com.ar\\\/info\\\/#website\"},\"primaryImageOfPage\":{\"@id\":\"https:\\\/\\\/patagoniambiental.com.ar\\\/info\\\/gana-fuerza-la-ley-nacional-de-generacion-renovable-distribuida\\\/#primaryimage\"},\"image\":{\"@id\":\"https:\\\/\\\/patagoniambiental.com.ar\\\/info\\\/gana-fuerza-la-ley-nacional-de-generacion-renovable-distribuida\\\/#primaryimage\"},\"thumbnailUrl\":\"https:\\\/\\\/patagoniambiental.com.ar\\\/info\\\/wp-content\\\/uploads\\\/2017\\\/10\\\/renovables2-300x100.jpg\",\"datePublished\":\"2017-10-29T22:00:11+00:00\",\"breadcrumb\":{\"@id\":\"https:\\\/\\\/patagoniambiental.com.ar\\\/info\\\/gana-fuerza-la-ley-nacional-de-generacion-renovable-distribuida\\\/#breadcrumb\"},\"inLanguage\":\"es\",\"potentialAction\":[{\"@type\":\"ReadAction\",\"target\":[\"https:\\\/\\\/patagoniambiental.com.ar\\\/info\\\/gana-fuerza-la-ley-nacional-de-generacion-renovable-distribuida\\\/\"]}]},{\"@type\":\"ImageObject\",\"inLanguage\":\"es\",\"@id\":\"https:\\\/\\\/patagoniambiental.com.ar\\\/info\\\/gana-fuerza-la-ley-nacional-de-generacion-renovable-distribuida\\\/#primaryimage\",\"url\":\"https:\\\/\\\/patagoniambiental.com.ar\\\/info\\\/wp-content\\\/uploads\\\/2017\\\/10\\\/renovables2-300x100.jpg\",\"contentUrl\":\"https:\\\/\\\/patagoniambiental.com.ar\\\/info\\\/wp-content\\\/uploads\\\/2017\\\/10\\\/renovables2-300x100.jpg\",\"width\":300,\"height\":100},{\"@type\":\"BreadcrumbList\",\"@id\":\"https:\\\/\\\/patagoniambiental.com.ar\\\/info\\\/gana-fuerza-la-ley-nacional-de-generacion-renovable-distribuida\\\/#breadcrumb\",\"itemListElement\":[{\"@type\":\"ListItem\",\"position\":1,\"name\":\"Inicio\",\"item\":\"https:\\\/\\\/patagoniambiental.com.ar\\\/info\\\/\"},{\"@type\":\"ListItem\",\"position\":2,\"name\":\"Gana fuerza la Ley nacional de Generaci\u00f3n Renovable Distribuida\"}]},{\"@type\":\"WebSite\",\"@id\":\"https:\\\/\\\/patagoniambiental.com.ar\\\/info\\\/#website\",\"url\":\"https:\\\/\\\/patagoniambiental.com.ar\\\/info\\\/\",\"name\":\"Patagonia Ambiental\",\"description\":\"Monitoreo y an\u00e1lisis de la situaci\u00f3n geopol\u00edtica en el mundo y su implicancia en la Patagonia\",\"publisher\":{\"@id\":\"https:\\\/\\\/patagoniambiental.com.ar\\\/info\\\/#organization\"},\"potentialAction\":[{\"@type\":\"SearchAction\",\"target\":{\"@type\":\"EntryPoint\",\"urlTemplate\":\"https:\\\/\\\/patagoniambiental.com.ar\\\/info\\\/?s={search_term_string}\"},\"query-input\":{\"@type\":\"PropertyValueSpecification\",\"valueRequired\":true,\"valueName\":\"search_term_string\"}}],\"inLanguage\":\"es\"},{\"@type\":\"Organization\",\"@id\":\"https:\\\/\\\/patagoniambiental.com.ar\\\/info\\\/#organization\",\"name\":\"Patagonia Ambiental\",\"url\":\"https:\\\/\\\/patagoniambiental.com.ar\\\/info\\\/\",\"logo\":{\"@type\":\"ImageObject\",\"inLanguage\":\"es\",\"@id\":\"https:\\\/\\\/patagoniambiental.com.ar\\\/info\\\/#\\\/schema\\\/logo\\\/image\\\/\",\"url\":\"https:\\\/\\\/patagoniambiental.com.ar\\\/info\\\/wp-content\\\/uploads\\\/2025\\\/05\\\/LOGO-PATAGONIA-AMBIENTAL.png\",\"contentUrl\":\"https:\\\/\\\/patagoniambiental.com.ar\\\/info\\\/wp-content\\\/uploads\\\/2025\\\/05\\\/LOGO-PATAGONIA-AMBIENTAL.png\",\"width\":433,\"height\":250,\"caption\":\"Patagonia Ambiental\"},\"image\":{\"@id\":\"https:\\\/\\\/patagoniambiental.com.ar\\\/info\\\/#\\\/schema\\\/logo\\\/image\\\/\"},\"sameAs\":[\"https:\\\/\\\/www.facebook.com\\\/patagonia.ambiental\",\"https:\\\/\\\/x.com\\\/PatAmb\"]},{\"@type\":\"Person\",\"@id\":\"https:\\\/\\\/patagoniambiental.com.ar\\\/info\\\/#\\\/schema\\\/person\\\/db12bff64bbcbf6a253710bf0ea37b5d\",\"name\":\"Patagonia Ambiental\",\"description\":\"Andr\u00e9s Nievas T\u00e9cnico en manejo ambiental, consultor Ambiental y escritor para medios locales e internacionales sobre temas de geopolitica y medio ambiente.\",\"sameAs\":[\"http:\\\/\\\/www.patagoniambiental.com.ar\",\"https:\\\/\\\/www.facebook.com\\\/share\\\/1C1V8Gv9BX\\\/?mibextid=qi2Omg\",\"@patagoniambiental\",\"https:\\\/\\\/youtube.com\\\/@patagoniaambiental2023?si=BLt58t0wuXquxlYZ\"]}]}<\/script>\n<!-- \/ Yoast SEO Premium plugin. -->","yoast_head_json":{"title":"Gana fuerza la Ley nacional de Generaci\u00f3n Renovable Distribuida","robots":{"index":"index","follow":"follow","max-snippet":"max-snippet:-1","max-image-preview":"max-image-preview:large","max-video-preview":"max-video-preview:-1"},"canonical":"https:\/\/patagoniambiental.com.ar\/info\/gana-fuerza-la-ley-nacional-de-generacion-renovable-distribuida\/","og_locale":"es_ES","og_type":"article","og_title":"Gana fuerza la Ley nacional de Generaci\u00f3n Renovable Distribuida","og_description":"Buenos Aires.-Consensuado por diversas fuerzas pol\u00edticas, el proyecto recibir\u00e1 la media sanci\u00f3n antes de fin de a\u00f1o.","og_url":"https:\/\/patagoniambiental.com.ar\/info\/gana-fuerza-la-ley-nacional-de-generacion-renovable-distribuida\/","og_site_name":"Patagonia Ambiental","article_publisher":"https:\/\/www.facebook.com\/patagonia.ambiental","article_author":"https:\/\/www.facebook.com\/share\/1C1V8Gv9BX\/?mibextid=qi2Omg","article_published_time":"2017-10-29T22:00:11+00:00","og_image":[{"width":300,"height":100,"url":"https:\/\/patagoniambiental.com.ar\/info\/wp-content\/uploads\/2017\/10\/renovables2-300x100.jpg","type":"image\/jpeg"}],"author":"Patagonia Ambiental","twitter_card":"summary_large_image","twitter_creator":"@PatAmb","twitter_site":"@PatAmb","schema":{"@context":"https:\/\/schema.org","@graph":[{"@type":"Article","@id":"https:\/\/patagoniambiental.com.ar\/info\/gana-fuerza-la-ley-nacional-de-generacion-renovable-distribuida\/#article","isPartOf":{"@id":"https:\/\/patagoniambiental.com.ar\/info\/gana-fuerza-la-ley-nacional-de-generacion-renovable-distribuida\/"},"author":{"name":"Patagonia Ambiental","@id":"https:\/\/patagoniambiental.com.ar\/info\/#\/schema\/person\/db12bff64bbcbf6a253710bf0ea37b5d"},"headline":"Gana fuerza la Ley nacional de Generaci\u00f3n Renovable Distribuida","datePublished":"2017-10-29T22:00:11+00:00","mainEntityOfPage":{"@id":"https:\/\/patagoniambiental.com.ar\/info\/gana-fuerza-la-ley-nacional-de-generacion-renovable-distribuida\/"},"wordCount":913,"commentCount":0,"publisher":{"@id":"https:\/\/patagoniambiental.com.ar\/info\/#organization"},"image":{"@id":"https:\/\/patagoniambiental.com.ar\/info\/gana-fuerza-la-ley-nacional-de-generacion-renovable-distribuida\/#primaryimage"},"thumbnailUrl":"https:\/\/patagoniambiental.com.ar\/info\/wp-content\/uploads\/2017\/10\/renovables2-300x100.jpg","articleSection":["Noticias"],"inLanguage":"es","potentialAction":[{"@type":"CommentAction","name":"Comment","target":["https:\/\/patagoniambiental.com.ar\/info\/gana-fuerza-la-ley-nacional-de-generacion-renovable-distribuida\/#respond"]}]},{"@type":"WebPage","@id":"https:\/\/patagoniambiental.com.ar\/info\/gana-fuerza-la-ley-nacional-de-generacion-renovable-distribuida\/","url":"https:\/\/patagoniambiental.com.ar\/info\/gana-fuerza-la-ley-nacional-de-generacion-renovable-distribuida\/","name":"Gana fuerza la Ley nacional de Generaci\u00f3n Renovable Distribuida","isPartOf":{"@id":"https:\/\/patagoniambiental.com.ar\/info\/#website"},"primaryImageOfPage":{"@id":"https:\/\/patagoniambiental.com.ar\/info\/gana-fuerza-la-ley-nacional-de-generacion-renovable-distribuida\/#primaryimage"},"image":{"@id":"https:\/\/patagoniambiental.com.ar\/info\/gana-fuerza-la-ley-nacional-de-generacion-renovable-distribuida\/#primaryimage"},"thumbnailUrl":"https:\/\/patagoniambiental.com.ar\/info\/wp-content\/uploads\/2017\/10\/renovables2-300x100.jpg","datePublished":"2017-10-29T22:00:11+00:00","breadcrumb":{"@id":"https:\/\/patagoniambiental.com.ar\/info\/gana-fuerza-la-ley-nacional-de-generacion-renovable-distribuida\/#breadcrumb"},"inLanguage":"es","potentialAction":[{"@type":"ReadAction","target":["https:\/\/patagoniambiental.com.ar\/info\/gana-fuerza-la-ley-nacional-de-generacion-renovable-distribuida\/"]}]},{"@type":"ImageObject","inLanguage":"es","@id":"https:\/\/patagoniambiental.com.ar\/info\/gana-fuerza-la-ley-nacional-de-generacion-renovable-distribuida\/#primaryimage","url":"https:\/\/patagoniambiental.com.ar\/info\/wp-content\/uploads\/2017\/10\/renovables2-300x100.jpg","contentUrl":"https:\/\/patagoniambiental.com.ar\/info\/wp-content\/uploads\/2017\/10\/renovables2-300x100.jpg","width":300,"height":100},{"@type":"BreadcrumbList","@id":"https:\/\/patagoniambiental.com.ar\/info\/gana-fuerza-la-ley-nacional-de-generacion-renovable-distribuida\/#breadcrumb","itemListElement":[{"@type":"ListItem","position":1,"name":"Inicio","item":"https:\/\/patagoniambiental.com.ar\/info\/"},{"@type":"ListItem","position":2,"name":"Gana fuerza la Ley nacional de Generaci\u00f3n Renovable Distribuida"}]},{"@type":"WebSite","@id":"https:\/\/patagoniambiental.com.ar\/info\/#website","url":"https:\/\/patagoniambiental.com.ar\/info\/","name":"Patagonia Ambiental","description":"Monitoreo y an\u00e1lisis de la situaci\u00f3n geopol\u00edtica en el mundo y su implicancia en la Patagonia","publisher":{"@id":"https:\/\/patagoniambiental.com.ar\/info\/#organization"},"potentialAction":[{"@type":"SearchAction","target":{"@type":"EntryPoint","urlTemplate":"https:\/\/patagoniambiental.com.ar\/info\/?s={search_term_string}"},"query-input":{"@type":"PropertyValueSpecification","valueRequired":true,"valueName":"search_term_string"}}],"inLanguage":"es"},{"@type":"Organization","@id":"https:\/\/patagoniambiental.com.ar\/info\/#organization","name":"Patagonia Ambiental","url":"https:\/\/patagoniambiental.com.ar\/info\/","logo":{"@type":"ImageObject","inLanguage":"es","@id":"https:\/\/patagoniambiental.com.ar\/info\/#\/schema\/logo\/image\/","url":"https:\/\/patagoniambiental.com.ar\/info\/wp-content\/uploads\/2025\/05\/LOGO-PATAGONIA-AMBIENTAL.png","contentUrl":"https:\/\/patagoniambiental.com.ar\/info\/wp-content\/uploads\/2025\/05\/LOGO-PATAGONIA-AMBIENTAL.png","width":433,"height":250,"caption":"Patagonia Ambiental"},"image":{"@id":"https:\/\/patagoniambiental.com.ar\/info\/#\/schema\/logo\/image\/"},"sameAs":["https:\/\/www.facebook.com\/patagonia.ambiental","https:\/\/x.com\/PatAmb"]},{"@type":"Person","@id":"https:\/\/patagoniambiental.com.ar\/info\/#\/schema\/person\/db12bff64bbcbf6a253710bf0ea37b5d","name":"Patagonia Ambiental","description":"Andr\u00e9s Nievas T\u00e9cnico en manejo ambiental, consultor Ambiental y escritor para medios locales e internacionales sobre temas de geopolitica y medio ambiente.","sameAs":["http:\/\/www.patagoniambiental.com.ar","https:\/\/www.facebook.com\/share\/1C1V8Gv9BX\/?mibextid=qi2Omg","@patagoniambiental","https:\/\/youtube.com\/@patagoniaambiental2023?si=BLt58t0wuXquxlYZ"]}]}},"_links":{"self":[{"href":"https:\/\/patagoniambiental.com.ar\/info\/wp-json\/wp\/v2\/posts\/37240","targetHints":{"allow":["GET"]}}],"collection":[{"href":"https:\/\/patagoniambiental.com.ar\/info\/wp-json\/wp\/v2\/posts"}],"about":[{"href":"https:\/\/patagoniambiental.com.ar\/info\/wp-json\/wp\/v2\/types\/post"}],"author":[{"embeddable":true,"href":"https:\/\/patagoniambiental.com.ar\/info\/wp-json\/wp\/v2\/users\/2"}],"replies":[{"embeddable":true,"href":"https:\/\/patagoniambiental.com.ar\/info\/wp-json\/wp\/v2\/comments?post=37240"}],"version-history":[{"count":0,"href":"https:\/\/patagoniambiental.com.ar\/info\/wp-json\/wp\/v2\/posts\/37240\/revisions"}],"wp:featuredmedia":[{"embeddable":true,"href":"https:\/\/patagoniambiental.com.ar\/info\/wp-json\/wp\/v2\/media\/37241"}],"wp:attachment":[{"href":"https:\/\/patagoniambiental.com.ar\/info\/wp-json\/wp\/v2\/media?parent=37240"}],"wp:term":[{"taxonomy":"category","embeddable":true,"href":"https:\/\/patagoniambiental.com.ar\/info\/wp-json\/wp\/v2\/categories?post=37240"},{"taxonomy":"post_tag","embeddable":true,"href":"https:\/\/patagoniambiental.com.ar\/info\/wp-json\/wp\/v2\/tags?post=37240"}],"curies":[{"name":"wp","href":"https:\/\/api.w.org\/{rel}","templated":true}]}}