{"id":37252,"date":"2017-10-29T10:15:30","date_gmt":"2017-10-29T13:15:30","guid":{"rendered":"http:\/\/patagoniambiental.com.ar\/info\/?p=37252"},"modified":"2017-10-29T10:15:30","modified_gmt":"2017-10-29T13:15:30","slug":"la-informacion-y-la-educacion-necesarias-para-el-ahorro-del-agua","status":"publish","type":"post","link":"https:\/\/patagoniambiental.com.ar\/info\/la-informacion-y-la-educacion-necesarias-para-el-ahorro-del-agua\/","title":{"rendered":"La informaci\u00f3n y la educaci\u00f3n necesarias para el ahorro del agua"},"content":{"rendered":"<p class=\"entradilla\">La directora de Recursos H\u00eddricos de la Comisi\u00f3n de Servicios P\u00fabicos de San Francisco (California, EE.UU.), Paula Kehoe, ha explicado que por medio de campa\u00f1as para el uso sostenible del agua han logrado reducir a 155 litros de media por persona y d\u00eda en la ciudad, la mejor cifra en el estado y el pa\u00eds.<\/p>\n<p>Kehoe ha participado esta semana junto a otros expertos espa\u00f1oles e internacionales en el Foro del Agua, organizado en el C\u00edrculo de Bellas Artes en Madrid por la Universidad de Alcal\u00e1 y la de Granada y auspiciado por la editorial McGraw Hill.<\/p>\n<h2>Sequ\u00edas, ahorro e inversi\u00f3n<\/h2>\n<p>La experta ha explicado que tras los episodios de sequ\u00eda que han vivido en California entre 1976-1977, 1987-1992 y la actual desde 2016, las autoridades de este estado estadounidense \u201chan cambiado la forma de gestionar el agua\u201d.<\/p>\n<p>\u201cHemos desarrollado nuevas estrategias para combatir la sequ\u00eda\u201d porque la misma \u201ctiene muchos retos: el crecimiento de la poblaci\u00f3n, el crecimiento del empleo, el cambio normativo, el cambio clim\u00e1tico\u201d.<\/p>\n<p><em>\u201cMuchos retos pero tambi\u00e9n muchos planteamientos\u201d, ha asegurado Kehoe, y ha a\u00f1adido que en San Francisco, por ejemplo, han invertido en el \u201cacondicionamiento y mejoramiento de las infraestructuras 4.200 millones de d\u00f3lares (aproximadamente 3.600 millones de euros)\u201d<\/em>.<\/p>\n<p>Pero tambi\u00e9n han diversificado las fuentes, \u201cla mayor parte de agua en San Francisco viene desde 250 kil\u00f3metros de distancia\u201d, con lo cual el \u201csistema de agua tiene que ser m\u00e1s flexible para desarrollar fuentes locales como de aguas subterr\u00e1neas\u201d.<\/p>\n<h2>Cuidado de las fuentes<\/h2>\n<p>Ha explicado que la fuente principal de agua de San Francisco esta en el Parque Nacional de Yosemite, pero \u201ctenemos una serie de acciones de gesti\u00f3n de la cuenca para proteger la cuenca desde el origen\u201d.<\/p>\n<p>Entre los proyectos que gestionan est\u00e1n: la mezcla de agua subterr\u00e1nea con agua de superficie o el almacenamiento de agua en reservas subterr\u00e1neas locales para poder disponer de ella en per\u00edodos de sequ\u00eda.<\/p>\n<p>Sin embargo, Kehoe ha insistido en que una de las mejores \u201cestrategias de gesti\u00f3n del agua en San Francisco ha sido el fomento del ahorro y el uso eficiente y sostenible de la misma\u201d por medio de \u201cla educaci\u00f3n, formaci\u00f3n y comunicaci\u00f3n de forma continuada\u201d.<\/p>\n<p>La concienciaci\u00f3n de la gente \u201cla hemos logrado con d\u00e9cadas de campa\u00f1as continuadas, con publicidad en las facturas fomentando en el ahorro, o campa\u00f1as puntuales\u201d utilizando medios y redes sociales y \u201cpara informar a la gente de las infraestructuras para conducir el agua\u201d.<\/p>\n<h2>Incentivos a los consumidores<\/h2>\n<p>Se promueven \u201cincentivos financieros a los ciudadanos\u201d, es decir, se hace un \u201creembolso a los consumidores\u201d por la instalaci\u00f3n de sistemas eficientes de grifos, inodoros, duchas en sus casas, pero tambi\u00e9n para la industria a la que se le da \u201cincentivos financieros-fiscales y ayudas\u201d.<\/p>\n<p>Adem\u00e1s, California fue el primer estado en EE.UU. en adaptar la normativa sobre la eficiencia de los electrodom\u00e9sticos en 1975, con lo cual todos los aparatos deben serlo, \u201csobre todo si vas a vender la vivienda\u201d.<\/p>\n<p>\u201cDespu\u00e9s de 25 a\u00f1os de estas iniciativas, en San Francisco, con 155 litros, hemos logrado tener el consumo de agua m\u00e1s bajo por persona y d\u00eda en California y en todo el pa\u00eds\u201d.<\/p>\n<p>Pero las medidas adoptadas por las autoridades de la ciudad han sido apoyadas tambi\u00e9n por las empresas proveedoras de agua con \u201ccostes eficaces\u201d porque es \u201cm\u00e1s barato tener un uso sostenible y eficaz que buscar nuevas fuentes de agua.<\/p>\n<p>\u201cLos ciudadanos han respondido bien\u201d, tanto que hemos logrado reducir el consumo de 175 a los 155 litros actuales por persona.<\/p>\n<h2>Aguas recicladas<\/h2>\n<p>En las \u00faltimas d\u00e9cadas, \u201cCalifornia se ha centrado much\u00edsimo en las aguas recicladas para usos no potables\u201d, pero actualmente \u201cestamos utilizando agua reciclada para tratarla y que llegue a agua potable y se pueda beber\u201d.<\/p>\n<p>Est\u00e1n en estudio \u201cnuevas tecnolog\u00edas\u201d para el tratamiento de aguas, que sean \u201cm\u00e1s eficientes y tengan un coste energ\u00e9tico de producci\u00f3n bajo\u201d.<\/p>\n<p>En San Francisco tambi\u00e9n \u201cgeneramos electricidad mediante hidroel\u00e9ctricas, porque traemos agua desde 250 kil\u00f3metros y en su cauce tambi\u00e9n se va produciendo energ\u00eda el\u00e9ctrica\u201d,\u00a0 sin embargo, \u201ctenemos un equilibrio muy buscado entre agua y electricidad\u201d.<\/p>\n<p>Pero hay una pol\u00edtica de que \u201cprimero el agua\u201d, el abastecimiento de agua tiene prioridad al abastecimiento de energ\u00eda el\u00e9ctrica.<\/p>\n<p>&nbsp;<\/p>\n<p>Fuente: Efeverde<\/p>\n<div>\n<\/div>\n","protected":false},"excerpt":{"rendered":"<p>La directora de Recursos H\u00eddricos de la Comisi\u00f3n de Servicios P\u00fabicos de San Francisco (California, EE.UU.), Paula Kehoe, ha explicado [&hellip;]<\/p>\n","protected":false},"author":2,"featured_media":37253,"comment_status":"open","ping_status":"open","sticky":false,"template":"","format":"standard","meta":{"site-sidebar-layout":"default","site-content-layout":"","ast-site-content-layout":"default","site-content-style":"default","site-sidebar-style":"default","ast-global-header-display":"","ast-banner-title-visibility":"","ast-main-header-display":"","ast-hfb-above-header-display":"","ast-hfb-below-header-display":"","ast-hfb-mobile-header-display":"","site-post-title":"","ast-breadcrumbs-content":"","ast-featured-img":"","footer-sml-layout":"","ast-disable-related-posts":"","theme-transparent-header-meta":"","adv-header-id-meta":"","stick-header-meta":"","header-above-stick-meta":"","header-main-stick-meta":"","header-below-stick-meta":"","astra-migrate-meta-layouts":"default","ast-page-background-enabled":"default","ast-page-background-meta":{"desktop":{"background-color":"var(--ast-global-color-5)","background-image":"","background-repeat":"repeat","background-position":"center center","background-size":"auto","background-attachment":"scroll","background-type":"","background-media":"","overlay-type":"","overlay-color":"","overlay-opacity":"","overlay-gradient":""},"tablet":{"background-color":"","background-image":"","background-repeat":"repeat","background-position":"center center","background-size":"auto","background-attachment":"scroll","background-type":"","background-media":"","overlay-type":"","overlay-color":"","overlay-opacity":"","overlay-gradient":""},"mobile":{"background-color":"","background-image":"","background-repeat":"repeat","background-position":"center center","background-size":"auto","background-attachment":"scroll","background-type":"","background-media":"","overlay-type":"","overlay-color":"","overlay-opacity":"","overlay-gradient":""}},"ast-content-background-meta":{"desktop":{"background-color":"var(--ast-global-color-4)","background-image":"","background-repeat":"repeat","background-position":"center center","background-size":"auto","background-attachment":"scroll","background-type":"","background-media":"","overlay-type":"","overlay-color":"","overlay-opacity":"","overlay-gradient":""},"tablet":{"background-color":"var(--ast-global-color-4)","background-image":"","background-repeat":"repeat","background-position":"center center","background-size":"auto","background-attachment":"scroll","background-type":"","background-media":"","overlay-type":"","overlay-color":"","overlay-opacity":"","overlay-gradient":""},"mobile":{"background-color":"var(--ast-global-color-4)","background-image":"","background-repeat":"repeat","background-position":"center center","background-size":"auto","background-attachment":"scroll","background-type":"","background-media":"","overlay-type":"","overlay-color":"","overlay-opacity":"","overlay-gradient":""}},"footnotes":""},"categories":[23,1],"tags":[],"class_list":["post-37252","post","type-post","status-publish","format-standard","has-post-thumbnail","hentry","category-internacionales","category-noticias"],"yoast_head":"<!-- This site is optimized with the Yoast SEO Premium plugin v23.0 (Yoast SEO v27.4) - https:\/\/yoast.com\/product\/yoast-seo-premium-wordpress\/ -->\n<title>La informaci\u00f3n y la educaci\u00f3n necesarias para el ahorro del agua<\/title>\n<meta name=\"robots\" content=\"index, follow, max-snippet:-1, max-image-preview:large, max-video-preview:-1\" \/>\n<link rel=\"canonical\" href=\"https:\/\/patagoniambiental.com.ar\/info\/la-informacion-y-la-educacion-necesarias-para-el-ahorro-del-agua\/\" \/>\n<meta property=\"og:locale\" content=\"es_ES\" \/>\n<meta property=\"og:type\" content=\"article\" \/>\n<meta property=\"og:title\" content=\"La informaci\u00f3n y la educaci\u00f3n necesarias para el ahorro del agua\" \/>\n<meta property=\"og:description\" content=\"La directora de Recursos H\u00eddricos de la Comisi\u00f3n de Servicios P\u00fabicos de San Francisco (California, EE.UU.), Paula Kehoe, ha explicado [&hellip;]\" \/>\n<meta property=\"og:url\" content=\"https:\/\/patagoniambiental.com.ar\/info\/la-informacion-y-la-educacion-necesarias-para-el-ahorro-del-agua\/\" \/>\n<meta property=\"og:site_name\" content=\"Patagonia Ambiental\" \/>\n<meta property=\"article:publisher\" content=\"https:\/\/www.facebook.com\/patagonia.ambiental\" \/>\n<meta property=\"article:author\" content=\"https:\/\/www.facebook.com\/share\/1C1V8Gv9BX\/?mibextid=qi2Omg\" \/>\n<meta property=\"article:published_time\" content=\"2017-10-29T13:15:30+00:00\" \/>\n<meta property=\"og:image\" content=\"https:\/\/patagoniambiental.com.ar\/info\/wp-content\/uploads\/2017\/10\/recursos-hidricos.jpg\" \/>\n\t<meta property=\"og:image:width\" content=\"620\" \/>\n\t<meta property=\"og:image:height\" content=\"310\" \/>\n\t<meta property=\"og:image:type\" content=\"image\/jpeg\" \/>\n<meta name=\"author\" content=\"Patagonia Ambiental\" \/>\n<meta name=\"twitter:card\" content=\"summary_large_image\" \/>\n<meta name=\"twitter:creator\" content=\"@PatAmb\" \/>\n<meta name=\"twitter:site\" content=\"@PatAmb\" \/>\n<script type=\"application\/ld+json\" class=\"yoast-schema-graph\">{\"@context\":\"https:\\\/\\\/schema.org\",\"@graph\":[{\"@type\":\"Article\",\"@id\":\"https:\\\/\\\/patagoniambiental.com.ar\\\/info\\\/la-informacion-y-la-educacion-necesarias-para-el-ahorro-del-agua\\\/#article\",\"isPartOf\":{\"@id\":\"https:\\\/\\\/patagoniambiental.com.ar\\\/info\\\/la-informacion-y-la-educacion-necesarias-para-el-ahorro-del-agua\\\/\"},\"author\":{\"name\":\"Patagonia Ambiental\",\"@id\":\"https:\\\/\\\/patagoniambiental.com.ar\\\/info\\\/#\\\/schema\\\/person\\\/db12bff64bbcbf6a253710bf0ea37b5d\"},\"headline\":\"La informaci\u00f3n y la educaci\u00f3n necesarias para el ahorro del agua\",\"datePublished\":\"2017-10-29T13:15:30+00:00\",\"mainEntityOfPage\":{\"@id\":\"https:\\\/\\\/patagoniambiental.com.ar\\\/info\\\/la-informacion-y-la-educacion-necesarias-para-el-ahorro-del-agua\\\/\"},\"wordCount\":765,\"commentCount\":0,\"publisher\":{\"@id\":\"https:\\\/\\\/patagoniambiental.com.ar\\\/info\\\/#organization\"},\"image\":{\"@id\":\"https:\\\/\\\/patagoniambiental.com.ar\\\/info\\\/la-informacion-y-la-educacion-necesarias-para-el-ahorro-del-agua\\\/#primaryimage\"},\"thumbnailUrl\":\"https:\\\/\\\/patagoniambiental.com.ar\\\/info\\\/wp-content\\\/uploads\\\/2017\\\/10\\\/recursos-hidricos.jpg\",\"articleSection\":[\"Internacionales\",\"Noticias\"],\"inLanguage\":\"es\",\"potentialAction\":[{\"@type\":\"CommentAction\",\"name\":\"Comment\",\"target\":[\"https:\\\/\\\/patagoniambiental.com.ar\\\/info\\\/la-informacion-y-la-educacion-necesarias-para-el-ahorro-del-agua\\\/#respond\"]}]},{\"@type\":\"WebPage\",\"@id\":\"https:\\\/\\\/patagoniambiental.com.ar\\\/info\\\/la-informacion-y-la-educacion-necesarias-para-el-ahorro-del-agua\\\/\",\"url\":\"https:\\\/\\\/patagoniambiental.com.ar\\\/info\\\/la-informacion-y-la-educacion-necesarias-para-el-ahorro-del-agua\\\/\",\"name\":\"La informaci\u00f3n y la educaci\u00f3n necesarias para el ahorro del agua\",\"isPartOf\":{\"@id\":\"https:\\\/\\\/patagoniambiental.com.ar\\\/info\\\/#website\"},\"primaryImageOfPage\":{\"@id\":\"https:\\\/\\\/patagoniambiental.com.ar\\\/info\\\/la-informacion-y-la-educacion-necesarias-para-el-ahorro-del-agua\\\/#primaryimage\"},\"image\":{\"@id\":\"https:\\\/\\\/patagoniambiental.com.ar\\\/info\\\/la-informacion-y-la-educacion-necesarias-para-el-ahorro-del-agua\\\/#primaryimage\"},\"thumbnailUrl\":\"https:\\\/\\\/patagoniambiental.com.ar\\\/info\\\/wp-content\\\/uploads\\\/2017\\\/10\\\/recursos-hidricos.jpg\",\"datePublished\":\"2017-10-29T13:15:30+00:00\",\"breadcrumb\":{\"@id\":\"https:\\\/\\\/patagoniambiental.com.ar\\\/info\\\/la-informacion-y-la-educacion-necesarias-para-el-ahorro-del-agua\\\/#breadcrumb\"},\"inLanguage\":\"es\",\"potentialAction\":[{\"@type\":\"ReadAction\",\"target\":[\"https:\\\/\\\/patagoniambiental.com.ar\\\/info\\\/la-informacion-y-la-educacion-necesarias-para-el-ahorro-del-agua\\\/\"]}]},{\"@type\":\"ImageObject\",\"inLanguage\":\"es\",\"@id\":\"https:\\\/\\\/patagoniambiental.com.ar\\\/info\\\/la-informacion-y-la-educacion-necesarias-para-el-ahorro-del-agua\\\/#primaryimage\",\"url\":\"https:\\\/\\\/patagoniambiental.com.ar\\\/info\\\/wp-content\\\/uploads\\\/2017\\\/10\\\/recursos-hidricos.jpg\",\"contentUrl\":\"https:\\\/\\\/patagoniambiental.com.ar\\\/info\\\/wp-content\\\/uploads\\\/2017\\\/10\\\/recursos-hidricos.jpg\",\"width\":620,\"height\":310,\"caption\":\"La directora de Recursos H\u00eddricos de San Francisco (EE.UU.), Paula Kehoe. EFE\\\/Pablo Gonz\u00e1lez-Cebri\u00e1n\"},{\"@type\":\"BreadcrumbList\",\"@id\":\"https:\\\/\\\/patagoniambiental.com.ar\\\/info\\\/la-informacion-y-la-educacion-necesarias-para-el-ahorro-del-agua\\\/#breadcrumb\",\"itemListElement\":[{\"@type\":\"ListItem\",\"position\":1,\"name\":\"Inicio\",\"item\":\"https:\\\/\\\/patagoniambiental.com.ar\\\/info\\\/\"},{\"@type\":\"ListItem\",\"position\":2,\"name\":\"La informaci\u00f3n y la educaci\u00f3n necesarias para el ahorro del agua\"}]},{\"@type\":\"WebSite\",\"@id\":\"https:\\\/\\\/patagoniambiental.com.ar\\\/info\\\/#website\",\"url\":\"https:\\\/\\\/patagoniambiental.com.ar\\\/info\\\/\",\"name\":\"Patagonia Ambiental\",\"description\":\"Monitoreo y an\u00e1lisis de la situaci\u00f3n geopol\u00edtica en el mundo y su implicancia en la Patagonia\",\"publisher\":{\"@id\":\"https:\\\/\\\/patagoniambiental.com.ar\\\/info\\\/#organization\"},\"potentialAction\":[{\"@type\":\"SearchAction\",\"target\":{\"@type\":\"EntryPoint\",\"urlTemplate\":\"https:\\\/\\\/patagoniambiental.com.ar\\\/info\\\/?s={search_term_string}\"},\"query-input\":{\"@type\":\"PropertyValueSpecification\",\"valueRequired\":true,\"valueName\":\"search_term_string\"}}],\"inLanguage\":\"es\"},{\"@type\":\"Organization\",\"@id\":\"https:\\\/\\\/patagoniambiental.com.ar\\\/info\\\/#organization\",\"name\":\"Patagonia Ambiental\",\"url\":\"https:\\\/\\\/patagoniambiental.com.ar\\\/info\\\/\",\"logo\":{\"@type\":\"ImageObject\",\"inLanguage\":\"es\",\"@id\":\"https:\\\/\\\/patagoniambiental.com.ar\\\/info\\\/#\\\/schema\\\/logo\\\/image\\\/\",\"url\":\"https:\\\/\\\/patagoniambiental.com.ar\\\/info\\\/wp-content\\\/uploads\\\/2025\\\/05\\\/LOGO-PATAGONIA-AMBIENTAL.png\",\"contentUrl\":\"https:\\\/\\\/patagoniambiental.com.ar\\\/info\\\/wp-content\\\/uploads\\\/2025\\\/05\\\/LOGO-PATAGONIA-AMBIENTAL.png\",\"width\":433,\"height\":250,\"caption\":\"Patagonia Ambiental\"},\"image\":{\"@id\":\"https:\\\/\\\/patagoniambiental.com.ar\\\/info\\\/#\\\/schema\\\/logo\\\/image\\\/\"},\"sameAs\":[\"https:\\\/\\\/www.facebook.com\\\/patagonia.ambiental\",\"https:\\\/\\\/x.com\\\/PatAmb\"]},{\"@type\":\"Person\",\"@id\":\"https:\\\/\\\/patagoniambiental.com.ar\\\/info\\\/#\\\/schema\\\/person\\\/db12bff64bbcbf6a253710bf0ea37b5d\",\"name\":\"Patagonia Ambiental\",\"description\":\"Andr\u00e9s Nievas T\u00e9cnico en manejo ambiental, consultor Ambiental y escritor para medios locales e internacionales sobre temas de geopolitica y medio ambiente.\",\"sameAs\":[\"http:\\\/\\\/www.patagoniambiental.com.ar\",\"https:\\\/\\\/www.facebook.com\\\/share\\\/1C1V8Gv9BX\\\/?mibextid=qi2Omg\",\"@patagoniambiental\",\"https:\\\/\\\/youtube.com\\\/@patagoniaambiental2023?si=BLt58t0wuXquxlYZ\"]}]}<\/script>\n<!-- \/ Yoast SEO Premium plugin. -->","yoast_head_json":{"title":"La informaci\u00f3n y la educaci\u00f3n necesarias para el ahorro del agua","robots":{"index":"index","follow":"follow","max-snippet":"max-snippet:-1","max-image-preview":"max-image-preview:large","max-video-preview":"max-video-preview:-1"},"canonical":"https:\/\/patagoniambiental.com.ar\/info\/la-informacion-y-la-educacion-necesarias-para-el-ahorro-del-agua\/","og_locale":"es_ES","og_type":"article","og_title":"La informaci\u00f3n y la educaci\u00f3n necesarias para el ahorro del agua","og_description":"La directora de Recursos H\u00eddricos de la Comisi\u00f3n de Servicios P\u00fabicos de San Francisco (California, EE.UU.), Paula Kehoe, ha explicado [&hellip;]","og_url":"https:\/\/patagoniambiental.com.ar\/info\/la-informacion-y-la-educacion-necesarias-para-el-ahorro-del-agua\/","og_site_name":"Patagonia Ambiental","article_publisher":"https:\/\/www.facebook.com\/patagonia.ambiental","article_author":"https:\/\/www.facebook.com\/share\/1C1V8Gv9BX\/?mibextid=qi2Omg","article_published_time":"2017-10-29T13:15:30+00:00","og_image":[{"width":620,"height":310,"url":"https:\/\/patagoniambiental.com.ar\/info\/wp-content\/uploads\/2017\/10\/recursos-hidricos.jpg","type":"image\/jpeg"}],"author":"Patagonia Ambiental","twitter_card":"summary_large_image","twitter_creator":"@PatAmb","twitter_site":"@PatAmb","schema":{"@context":"https:\/\/schema.org","@graph":[{"@type":"Article","@id":"https:\/\/patagoniambiental.com.ar\/info\/la-informacion-y-la-educacion-necesarias-para-el-ahorro-del-agua\/#article","isPartOf":{"@id":"https:\/\/patagoniambiental.com.ar\/info\/la-informacion-y-la-educacion-necesarias-para-el-ahorro-del-agua\/"},"author":{"name":"Patagonia Ambiental","@id":"https:\/\/patagoniambiental.com.ar\/info\/#\/schema\/person\/db12bff64bbcbf6a253710bf0ea37b5d"},"headline":"La informaci\u00f3n y la educaci\u00f3n necesarias para el ahorro del agua","datePublished":"2017-10-29T13:15:30+00:00","mainEntityOfPage":{"@id":"https:\/\/patagoniambiental.com.ar\/info\/la-informacion-y-la-educacion-necesarias-para-el-ahorro-del-agua\/"},"wordCount":765,"commentCount":0,"publisher":{"@id":"https:\/\/patagoniambiental.com.ar\/info\/#organization"},"image":{"@id":"https:\/\/patagoniambiental.com.ar\/info\/la-informacion-y-la-educacion-necesarias-para-el-ahorro-del-agua\/#primaryimage"},"thumbnailUrl":"https:\/\/patagoniambiental.com.ar\/info\/wp-content\/uploads\/2017\/10\/recursos-hidricos.jpg","articleSection":["Internacionales","Noticias"],"inLanguage":"es","potentialAction":[{"@type":"CommentAction","name":"Comment","target":["https:\/\/patagoniambiental.com.ar\/info\/la-informacion-y-la-educacion-necesarias-para-el-ahorro-del-agua\/#respond"]}]},{"@type":"WebPage","@id":"https:\/\/patagoniambiental.com.ar\/info\/la-informacion-y-la-educacion-necesarias-para-el-ahorro-del-agua\/","url":"https:\/\/patagoniambiental.com.ar\/info\/la-informacion-y-la-educacion-necesarias-para-el-ahorro-del-agua\/","name":"La informaci\u00f3n y la educaci\u00f3n necesarias para el ahorro del agua","isPartOf":{"@id":"https:\/\/patagoniambiental.com.ar\/info\/#website"},"primaryImageOfPage":{"@id":"https:\/\/patagoniambiental.com.ar\/info\/la-informacion-y-la-educacion-necesarias-para-el-ahorro-del-agua\/#primaryimage"},"image":{"@id":"https:\/\/patagoniambiental.com.ar\/info\/la-informacion-y-la-educacion-necesarias-para-el-ahorro-del-agua\/#primaryimage"},"thumbnailUrl":"https:\/\/patagoniambiental.com.ar\/info\/wp-content\/uploads\/2017\/10\/recursos-hidricos.jpg","datePublished":"2017-10-29T13:15:30+00:00","breadcrumb":{"@id":"https:\/\/patagoniambiental.com.ar\/info\/la-informacion-y-la-educacion-necesarias-para-el-ahorro-del-agua\/#breadcrumb"},"inLanguage":"es","potentialAction":[{"@type":"ReadAction","target":["https:\/\/patagoniambiental.com.ar\/info\/la-informacion-y-la-educacion-necesarias-para-el-ahorro-del-agua\/"]}]},{"@type":"ImageObject","inLanguage":"es","@id":"https:\/\/patagoniambiental.com.ar\/info\/la-informacion-y-la-educacion-necesarias-para-el-ahorro-del-agua\/#primaryimage","url":"https:\/\/patagoniambiental.com.ar\/info\/wp-content\/uploads\/2017\/10\/recursos-hidricos.jpg","contentUrl":"https:\/\/patagoniambiental.com.ar\/info\/wp-content\/uploads\/2017\/10\/recursos-hidricos.jpg","width":620,"height":310,"caption":"La directora de Recursos H\u00eddricos de San Francisco (EE.UU.), Paula Kehoe. EFE\/Pablo Gonz\u00e1lez-Cebri\u00e1n"},{"@type":"BreadcrumbList","@id":"https:\/\/patagoniambiental.com.ar\/info\/la-informacion-y-la-educacion-necesarias-para-el-ahorro-del-agua\/#breadcrumb","itemListElement":[{"@type":"ListItem","position":1,"name":"Inicio","item":"https:\/\/patagoniambiental.com.ar\/info\/"},{"@type":"ListItem","position":2,"name":"La informaci\u00f3n y la educaci\u00f3n necesarias para el ahorro del agua"}]},{"@type":"WebSite","@id":"https:\/\/patagoniambiental.com.ar\/info\/#website","url":"https:\/\/patagoniambiental.com.ar\/info\/","name":"Patagonia Ambiental","description":"Monitoreo y an\u00e1lisis de la situaci\u00f3n geopol\u00edtica en el mundo y su implicancia en la Patagonia","publisher":{"@id":"https:\/\/patagoniambiental.com.ar\/info\/#organization"},"potentialAction":[{"@type":"SearchAction","target":{"@type":"EntryPoint","urlTemplate":"https:\/\/patagoniambiental.com.ar\/info\/?s={search_term_string}"},"query-input":{"@type":"PropertyValueSpecification","valueRequired":true,"valueName":"search_term_string"}}],"inLanguage":"es"},{"@type":"Organization","@id":"https:\/\/patagoniambiental.com.ar\/info\/#organization","name":"Patagonia Ambiental","url":"https:\/\/patagoniambiental.com.ar\/info\/","logo":{"@type":"ImageObject","inLanguage":"es","@id":"https:\/\/patagoniambiental.com.ar\/info\/#\/schema\/logo\/image\/","url":"https:\/\/patagoniambiental.com.ar\/info\/wp-content\/uploads\/2025\/05\/LOGO-PATAGONIA-AMBIENTAL.png","contentUrl":"https:\/\/patagoniambiental.com.ar\/info\/wp-content\/uploads\/2025\/05\/LOGO-PATAGONIA-AMBIENTAL.png","width":433,"height":250,"caption":"Patagonia Ambiental"},"image":{"@id":"https:\/\/patagoniambiental.com.ar\/info\/#\/schema\/logo\/image\/"},"sameAs":["https:\/\/www.facebook.com\/patagonia.ambiental","https:\/\/x.com\/PatAmb"]},{"@type":"Person","@id":"https:\/\/patagoniambiental.com.ar\/info\/#\/schema\/person\/db12bff64bbcbf6a253710bf0ea37b5d","name":"Patagonia Ambiental","description":"Andr\u00e9s Nievas T\u00e9cnico en manejo ambiental, consultor Ambiental y escritor para medios locales e internacionales sobre temas de geopolitica y medio ambiente.","sameAs":["http:\/\/www.patagoniambiental.com.ar","https:\/\/www.facebook.com\/share\/1C1V8Gv9BX\/?mibextid=qi2Omg","@patagoniambiental","https:\/\/youtube.com\/@patagoniaambiental2023?si=BLt58t0wuXquxlYZ"]}]}},"_links":{"self":[{"href":"https:\/\/patagoniambiental.com.ar\/info\/wp-json\/wp\/v2\/posts\/37252","targetHints":{"allow":["GET"]}}],"collection":[{"href":"https:\/\/patagoniambiental.com.ar\/info\/wp-json\/wp\/v2\/posts"}],"about":[{"href":"https:\/\/patagoniambiental.com.ar\/info\/wp-json\/wp\/v2\/types\/post"}],"author":[{"embeddable":true,"href":"https:\/\/patagoniambiental.com.ar\/info\/wp-json\/wp\/v2\/users\/2"}],"replies":[{"embeddable":true,"href":"https:\/\/patagoniambiental.com.ar\/info\/wp-json\/wp\/v2\/comments?post=37252"}],"version-history":[{"count":0,"href":"https:\/\/patagoniambiental.com.ar\/info\/wp-json\/wp\/v2\/posts\/37252\/revisions"}],"wp:featuredmedia":[{"embeddable":true,"href":"https:\/\/patagoniambiental.com.ar\/info\/wp-json\/wp\/v2\/media\/37253"}],"wp:attachment":[{"href":"https:\/\/patagoniambiental.com.ar\/info\/wp-json\/wp\/v2\/media?parent=37252"}],"wp:term":[{"taxonomy":"category","embeddable":true,"href":"https:\/\/patagoniambiental.com.ar\/info\/wp-json\/wp\/v2\/categories?post=37252"},{"taxonomy":"post_tag","embeddable":true,"href":"https:\/\/patagoniambiental.com.ar\/info\/wp-json\/wp\/v2\/tags?post=37252"}],"curies":[{"name":"wp","href":"https:\/\/api.w.org\/{rel}","templated":true}]}}