{"id":37288,"date":"2017-10-30T19:00:38","date_gmt":"2017-10-30T22:00:38","guid":{"rendered":"http:\/\/patagoniambiental.com.ar\/info\/?p=37288"},"modified":"2017-10-30T15:56:23","modified_gmt":"2017-10-30T18:56:23","slug":"como-operan-los-mapuches-en-mendoza","status":"publish","type":"post","link":"https:\/\/patagoniambiental.com.ar\/info\/como-operan-los-mapuches-en-mendoza\/","title":{"rendered":"C\u00f3mo operan los mapuches en Mendoza"},"content":{"rendered":"<div class=\"row no-margin-sides\"><\/div>\n<div class=\"main-col-article\">\n<div class=\"row mam-container\">Malargue.-Reclaman 800 mil hect\u00e1reas ubicadas en Malarg\u00fce. Empresas petroleras han tenido que cancelar sus proyectos.<\/div>\n<div><!--more--><\/div>\n<div class=\"row control-container no-margin-sides\">\n<div class=\"col-xs-24 col-md-16 signature-news\">\n<h5 class=\"font-bold\">Por Gast\u00f3n Bustelo &#8211; gbustelo @losandes.com.ar<\/h5>\n<\/div>\n<\/div>\n<div class=\"row\">\n<div class=\"col-xs-24 content-news margin-bottom-x no-padding-sides\">\n<div class=\"row peperito general article-box no-margin-sides\">\n<div class=\"col-xs-24 no-padding-sides\">\n<div id=\"eplAdDivLayer2\"><\/div>\n<\/div>\n<\/div>\n<p>La notoriedad que tom\u00f3 el grupo Resistencia Ancestral Mapuche (RAM), m\u00e1s la muerte de Santiago Maldonado, mostr\u00f3 una realidad desconocida para muchos. Concretamente, el movimiento de un grupo con varias causas penales por incendiar puestos de estancias, privaci\u00f3n ileg\u00edtima de la libertad, destrucci\u00f3n de m\u00e1quinas agr\u00edcolas de productores y da\u00f1os en parques nacionales, entre otros delitos.<\/p>\n<p>Los miembros de la RAM justifican estos delitos argumentando que todo el territorio les pertenece por derechos ancestrales y que si usan la violencia es porque la utilizaron contra ellos en 1877.<\/p>\n<p>Los ministros de Guerra del presidente Avellaneda, Adolfo Alsina\u00a0-la inici\u00f3 y no logr\u00f3 lo resultados esperados- y Julio Argentino Roca \u00a0 \u00a0 \u00a0 \u00a0 \u00a0 \u00a0 \u00a0 \u00a0 \u00a0 \u00a0 \u00a0-cambi\u00f3 la estrategia y concret\u00f3 la Conquista del Desierto- fueron quienes enfrentaron lo que los mapuches llaman despojo.<\/p>\n<p>Qu\u00e9 sucede con precisi\u00f3n con la RAM, c\u00f3mo operan y su soluci\u00f3n es un problema que no se deber\u00eda demorar en encausar, obviamente que respetando la ley. Hay m\u00e1s de mil hect\u00e1reas del territorio nacional que el Estado no controla porque es \u00abtierra sagrada\u00bb.<\/p>\n<p>Aprovechar la interna dentro de la RAM para que ingrese la Justicia a rastrillar el lugar, es otro dato que muestra qui\u00e9n controla el territorio en esa zona.<\/p>\n<p>\u201cCuando estaban preservando el cuerpo, un grupo que lleg\u00f3 de Chile comenz\u00f3 a agredir a los funcionarios judiciales y los dem\u00e1s hirieron a cinco polic\u00edas, dos prefectos y le pegaron patadas al secretario del juez. Uno de los agresores insult\u00f3 al juez y le grit\u00f3: &#8216;Cumpl\u00ed con los acuerdos\u2026.&#8217;\u201d, relat\u00f3 un testigo de los acontecimientos, seg\u00fan inform\u00f3 Clar\u00edn.<\/p>\n<p>Sabemos que no es bueno para el pa\u00eds que un grupo de personas tenga en vilo a otras mediante el uso de la violencia y que a los lugares que ocupan no puedan ingresar ni siquiera funcionarios judiciales. Es una pr\u00e1ctica que no queremos volver a ver en ning\u00fan lado del pa\u00eds. Demasiada violencia soportamos a lo largo de la historia.<\/p>\n<p>Pero las noticias no son buenas. Ya el diario El Pa\u00eds de Madrid public\u00f3 en un informe que \u201cLa tensi\u00f3n es permanente. \u2018\u00bfDe qui\u00e9n es la Patagonia? Ellos hablan de violencia, pero mataron y humillaron a nuestros abuelos, repartieron a las ni\u00f1as para los hombres en Buenos Aires. Ellos agacharon la cabeza, nosotros hemos dicho basta. Ya no tenemos miedo\u2019, reta Soraya Maico\u00f1o, portavoz del grupo. La Constituci\u00f3n argentina permite la reclamaci\u00f3n de tierras de los pueblos originarios, pero Benetton rechaza el derecho ancestral al que apelan los mapuches y asegura que vinieron de Chile. \u201cAc\u00e1 son tan inmigrantes como mi abuelo\u201d, remata McDonald, administrador en la Patagonia de las tierras de Benetton.<\/p>\n<p>En otra parte del informe habla Mirtha: \u201cde rasgos m\u00e1s claramente ind\u00edgenas, baj\u00f3 de las reservas de Cushamen: \u2018Ellos tienen balas, nosotros piedras. Sabemos que est\u00e1n desesperados por sacarnos. Pero no van a poder\u2019, dice con seguridad. No se van a ir. Ya hay incluso un ni\u00f1o nacido en el campamento. Su plan es de largo plazo: convencer a todos los mapuches para alzarse contra Benetton y otros terratenientes, construir un nuevo Estado dentro del territorio chileno y argentino. Nosotros no reconocemos fronteras, nuestro pueblo abarca de mar a mar\u201d.<\/p>\n<p>Es clave aqu\u00ed explicar que los mapuches violentos de la RAM, que controlan las 1.300 hect\u00e1reas argentinas conocidas como Pu Lof, tienen aceitados v\u00ednculos con la Coordinadora Arauco-Malleco (CAM) chilena. En el pa\u00eds vecino controlan 17.000 hect\u00e1reas y desde fines de los 90 comenzaron con acciones violentas, las que no pararon hasta hoy.<\/p>\n<p>En nuestra provincia los mapuches act\u00faan en Malarg\u00fce y est\u00e1n reclamando unas 800 mil hect\u00e1reas ubicadas en el departamento del sur. Tambi\u00e9n, empresas petroleras quer\u00edan realizar perforaciones y han tenido que cancelar sus planes cuando los mapuches cuestionaron sus operaciones.<\/p>\n<p>Hace 10 a\u00f1os se conformaron las primeras comunidades. La reforma constitucional de los 90 y el convenio 169 de la OIT les dio las herramientas jur\u00eddicas para avanzar. En ese proceso naci\u00f3 Malarweche, una organizaci\u00f3n de primer grado que aglutina a unas 25 comunidades ind\u00edgenas. Es como una federaci\u00f3n. Afirman que les cost\u00f3, pero lograron tener su estatuto interno que respeta las jerarqu\u00edas tradicionales y la personer\u00eda jur\u00eddica se las entreg\u00f3 el Estado Nacional. En Malarg\u00fce hay 8 comunidades mapuches pehuenches y 25 solicitudes en camino. En Mendoza hay cerca de 30 comunidades mapuches-pehuenche.<\/p>\n<p>Una d\u00e9cada atr\u00e1s comenzaron a organizarse para reclamar porque \u00abarrancaba un proceso de identificaci\u00f3n y vimos familias con conflictos en el dominio de la tierra\u00bb, afirma Gabriel Jofr\u00e9, vocero (werken) de Malarweche.<\/p>\n<p>Los mapuches han realizado planteos legales por la posesi\u00f3n de la tierra. \u00abEs que la explotaci\u00f3n minera y petrolera avanz\u00f3 y la gente no fue consultada. Tienen que preguntar y que la comunidad manifieste su consentimiento. Tenemos un par de conflictos judicializados en la zona de Pata Mora y Ca\u00f1ad\u00f3n Amarillo por la ex minera Vale. Tambi\u00e9n logramos que no se realizaran explotaciones petroleras. Queremos proteger el medio ambiente y regularizar los t\u00edtulos dominiales de la tierra. Muchos se hicieron de papeles con enga\u00f1os y empezamos a remover esos casos judicialmente\u201d, dice Jofr\u00e9.<\/p>\n<p>Pero Jofr\u00e9 se ocupa de destacar dos aspectos importantes sobre c\u00f3mo operan los mapuches en nuestra provincia.<\/p>\n<p>Uno es que no s\u00f3lo reclaman las tierras, \u00abtambi\u00e9n trabajamos en programas de salud con agentes sanitarios, en educaci\u00f3n, en proyectos de base productiva y en la comercializaci\u00f3n caprina. Criamos los famosos chivos de Malarg\u00fce. Nos ocupamos de la conservaci\u00f3n ambiental de \u00e1reas protegidas y su manejo\u00bb.<\/p>\n<p>Lo otro es la v\u00eda institucional, que respetan a rajatabla. Jofr\u00e9 cuenta que trabaja con los representantes de los ministerios de Salud, DGE y Econom\u00eda, entre otros. Desde el Gobierno, algunos funcionarios han confirmado que el trabajo con Malarweche es bueno y respetan las v\u00edas institucionales.<\/p>\n<p>\u00abTrabajamos as\u00ed, nos juntamos y avanzamos con los funcionarios, pero nuestras tradiciones las mantenemos\u00bb, resume Jofr\u00e9.<\/p>\n<p>Tambi\u00e9n cuenta que trabajan con mapuches chilenos. Ellos tienen una Asociaci\u00f3n de Empresarios Mapuches, hay redes de Turismo y hasta Alcaldes Mapuches.<\/p>\n<p>Sin dudar, Jofr\u00e9 sentencia: \u00abNosotros vamos por el di\u00e1logo. No la reconocemos a la RAM, hay gente que la habr\u00e1 reconocido pero lo \u00fanico que hace es perjudicarnos\u00bb.<\/p>\n<p>Y sobre Maldonado se\u00f1ala: \u00abMaldonado es el gesto m\u00e1s importante que hubo con el pueblo mapuche porque se solidariz\u00f3 con nuestra lucha.<\/p>\n<p>Gendarmer\u00eda reprimi\u00f3 sin autorizaci\u00f3n y se avanz\u00f3 sobre la comunidad. Lo que pas\u00f3 con \u00e9l no lo sabemos. No compartimos m\u00e9todos violentos en Pu Lof (las 1.300 hect\u00e1reas reclamadas por RAM) pero si el reclamo\u00bb.<\/p>\n<\/div>\n<\/div>\n<\/div>\n<p>Fuente:\u00a0https:\/\/losandes.com.ar\/article\/view?slug=como-operan-los-mapuches-en-mendoza<\/p>\n","protected":false},"excerpt":{"rendered":"<p>Malargue.-Reclaman 800 mil hect\u00e1reas ubicadas en Malarg\u00fce. Empresas petroleras han tenido que cancelar sus proyectos.<\/p>\n","protected":false},"author":2,"featured_media":28955,"comment_status":"open","ping_status":"open","sticky":false,"template":"","format":"standard","meta":{"site-sidebar-layout":"default","site-content-layout":"","ast-site-content-layout":"default","site-content-style":"default","site-sidebar-style":"default","ast-global-header-display":"","ast-banner-title-visibility":"","ast-main-header-display":"","ast-hfb-above-header-display":"","ast-hfb-below-header-display":"","ast-hfb-mobile-header-display":"","site-post-title":"","ast-breadcrumbs-content":"","ast-featured-img":"","footer-sml-layout":"","ast-disable-related-posts":"","theme-transparent-header-meta":"","adv-header-id-meta":"","stick-header-meta":"","header-above-stick-meta":"","header-main-stick-meta":"","header-below-stick-meta":"","astra-migrate-meta-layouts":"default","ast-page-background-enabled":"default","ast-page-background-meta":{"desktop":{"background-color":"var(--ast-global-color-5)","background-image":"","background-repeat":"repeat","background-position":"center center","background-size":"auto","background-attachment":"scroll","background-type":"","background-media":"","overlay-type":"","overlay-color":"","overlay-opacity":"","overlay-gradient":""},"tablet":{"background-color":"","background-image":"","background-repeat":"repeat","background-position":"center center","background-size":"auto","background-attachment":"scroll","background-type":"","background-media":"","overlay-type":"","overlay-color":"","overlay-opacity":"","overlay-gradient":""},"mobile":{"background-color":"","background-image":"","background-repeat":"repeat","background-position":"center center","background-size":"auto","background-attachment":"scroll","background-type":"","background-media":"","overlay-type":"","overlay-color":"","overlay-opacity":"","overlay-gradient":""}},"ast-content-background-meta":{"desktop":{"background-color":"var(--ast-global-color-4)","background-image":"","background-repeat":"repeat","background-position":"center center","background-size":"auto","background-attachment":"scroll","background-type":"","background-media":"","overlay-type":"","overlay-color":"","overlay-opacity":"","overlay-gradient":""},"tablet":{"background-color":"var(--ast-global-color-4)","background-image":"","background-repeat":"repeat","background-position":"center center","background-size":"auto","background-attachment":"scroll","background-type":"","background-media":"","overlay-type":"","overlay-color":"","overlay-opacity":"","overlay-gradient":""},"mobile":{"background-color":"var(--ast-global-color-4)","background-image":"","background-repeat":"repeat","background-position":"center center","background-size":"auto","background-attachment":"scroll","background-type":"","background-media":"","overlay-type":"","overlay-color":"","overlay-opacity":"","overlay-gradient":""}},"footnotes":""},"categories":[53,1],"tags":[],"class_list":["post-37288","post","type-post","status-publish","format-standard","has-post-thumbnail","hentry","category-general","category-noticias"],"yoast_head":"<!-- This site is optimized with the Yoast SEO Premium plugin v23.0 (Yoast SEO v27.5) - https:\/\/yoast.com\/product\/yoast-seo-premium-wordpress\/ -->\n<title>C\u00f3mo operan los mapuches en Mendoza<\/title>\n<meta name=\"robots\" content=\"index, follow, max-snippet:-1, max-image-preview:large, max-video-preview:-1\" \/>\n<link rel=\"canonical\" href=\"https:\/\/patagoniambiental.com.ar\/info\/como-operan-los-mapuches-en-mendoza\/\" \/>\n<meta property=\"og:locale\" content=\"es_ES\" \/>\n<meta property=\"og:type\" content=\"article\" \/>\n<meta property=\"og:title\" content=\"C\u00f3mo operan los mapuches en Mendoza\" \/>\n<meta property=\"og:description\" content=\"Malargue.-Reclaman 800 mil hect\u00e1reas ubicadas en Malarg\u00fce. Empresas petroleras han tenido que cancelar sus proyectos.\" \/>\n<meta property=\"og:url\" content=\"https:\/\/patagoniambiental.com.ar\/info\/como-operan-los-mapuches-en-mendoza\/\" \/>\n<meta property=\"og:site_name\" content=\"Patagonia Ambiental\" \/>\n<meta property=\"article:publisher\" content=\"https:\/\/www.facebook.com\/patagonia.ambiental\" \/>\n<meta property=\"article:author\" content=\"https:\/\/www.facebook.com\/share\/1C1V8Gv9BX\/?mibextid=qi2Omg\" \/>\n<meta property=\"article:published_time\" content=\"2017-10-30T22:00:38+00:00\" \/>\n<meta property=\"og:image\" content=\"https:\/\/patagoniambiental.com.ar\/info\/wp-content\/uploads\/2017\/05\/bandera-pueblo-mapuche-1200x800-678x330.jpg\" \/>\n\t<meta property=\"og:image:width\" content=\"678\" \/>\n\t<meta property=\"og:image:height\" content=\"330\" \/>\n\t<meta property=\"og:image:type\" content=\"image\/jpeg\" \/>\n<meta name=\"author\" content=\"Patagonia Ambiental\" \/>\n<meta name=\"twitter:card\" content=\"summary_large_image\" \/>\n<meta name=\"twitter:creator\" content=\"@PatAmb\" \/>\n<meta name=\"twitter:site\" content=\"@PatAmb\" \/>\n<script type=\"application\/ld+json\" class=\"yoast-schema-graph\">{\"@context\":\"https:\\\/\\\/schema.org\",\"@graph\":[{\"@type\":\"Article\",\"@id\":\"https:\\\/\\\/patagoniambiental.com.ar\\\/info\\\/como-operan-los-mapuches-en-mendoza\\\/#article\",\"isPartOf\":{\"@id\":\"https:\\\/\\\/patagoniambiental.com.ar\\\/info\\\/como-operan-los-mapuches-en-mendoza\\\/\"},\"author\":{\"name\":\"Patagonia Ambiental\",\"@id\":\"https:\\\/\\\/patagoniambiental.com.ar\\\/info\\\/#\\\/schema\\\/person\\\/db12bff64bbcbf6a253710bf0ea37b5d\"},\"headline\":\"C\u00f3mo operan los mapuches en Mendoza\",\"datePublished\":\"2017-10-30T22:00:38+00:00\",\"mainEntityOfPage\":{\"@id\":\"https:\\\/\\\/patagoniambiental.com.ar\\\/info\\\/como-operan-los-mapuches-en-mendoza\\\/\"},\"wordCount\":1176,\"commentCount\":0,\"publisher\":{\"@id\":\"https:\\\/\\\/patagoniambiental.com.ar\\\/info\\\/#organization\"},\"image\":{\"@id\":\"https:\\\/\\\/patagoniambiental.com.ar\\\/info\\\/como-operan-los-mapuches-en-mendoza\\\/#primaryimage\"},\"thumbnailUrl\":\"https:\\\/\\\/patagoniambiental.com.ar\\\/info\\\/wp-content\\\/uploads\\\/2017\\\/05\\\/bandera-pueblo-mapuche-1200x800-678x330.jpg\",\"articleSection\":[\"General\",\"Noticias\"],\"inLanguage\":\"es\",\"potentialAction\":[{\"@type\":\"CommentAction\",\"name\":\"Comment\",\"target\":[\"https:\\\/\\\/patagoniambiental.com.ar\\\/info\\\/como-operan-los-mapuches-en-mendoza\\\/#respond\"]}]},{\"@type\":\"WebPage\",\"@id\":\"https:\\\/\\\/patagoniambiental.com.ar\\\/info\\\/como-operan-los-mapuches-en-mendoza\\\/\",\"url\":\"https:\\\/\\\/patagoniambiental.com.ar\\\/info\\\/como-operan-los-mapuches-en-mendoza\\\/\",\"name\":\"C\u00f3mo operan los mapuches en Mendoza\",\"isPartOf\":{\"@id\":\"https:\\\/\\\/patagoniambiental.com.ar\\\/info\\\/#website\"},\"primaryImageOfPage\":{\"@id\":\"https:\\\/\\\/patagoniambiental.com.ar\\\/info\\\/como-operan-los-mapuches-en-mendoza\\\/#primaryimage\"},\"image\":{\"@id\":\"https:\\\/\\\/patagoniambiental.com.ar\\\/info\\\/como-operan-los-mapuches-en-mendoza\\\/#primaryimage\"},\"thumbnailUrl\":\"https:\\\/\\\/patagoniambiental.com.ar\\\/info\\\/wp-content\\\/uploads\\\/2017\\\/05\\\/bandera-pueblo-mapuche-1200x800-678x330.jpg\",\"datePublished\":\"2017-10-30T22:00:38+00:00\",\"breadcrumb\":{\"@id\":\"https:\\\/\\\/patagoniambiental.com.ar\\\/info\\\/como-operan-los-mapuches-en-mendoza\\\/#breadcrumb\"},\"inLanguage\":\"es\",\"potentialAction\":[{\"@type\":\"ReadAction\",\"target\":[\"https:\\\/\\\/patagoniambiental.com.ar\\\/info\\\/como-operan-los-mapuches-en-mendoza\\\/\"]}]},{\"@type\":\"ImageObject\",\"inLanguage\":\"es\",\"@id\":\"https:\\\/\\\/patagoniambiental.com.ar\\\/info\\\/como-operan-los-mapuches-en-mendoza\\\/#primaryimage\",\"url\":\"https:\\\/\\\/patagoniambiental.com.ar\\\/info\\\/wp-content\\\/uploads\\\/2017\\\/05\\\/bandera-pueblo-mapuche-1200x800-678x330.jpg\",\"contentUrl\":\"https:\\\/\\\/patagoniambiental.com.ar\\\/info\\\/wp-content\\\/uploads\\\/2017\\\/05\\\/bandera-pueblo-mapuche-1200x800-678x330.jpg\",\"width\":678,\"height\":330},{\"@type\":\"BreadcrumbList\",\"@id\":\"https:\\\/\\\/patagoniambiental.com.ar\\\/info\\\/como-operan-los-mapuches-en-mendoza\\\/#breadcrumb\",\"itemListElement\":[{\"@type\":\"ListItem\",\"position\":1,\"name\":\"Inicio\",\"item\":\"https:\\\/\\\/patagoniambiental.com.ar\\\/info\\\/\"},{\"@type\":\"ListItem\",\"position\":2,\"name\":\"C\u00f3mo operan los mapuches en Mendoza\"}]},{\"@type\":\"WebSite\",\"@id\":\"https:\\\/\\\/patagoniambiental.com.ar\\\/info\\\/#website\",\"url\":\"https:\\\/\\\/patagoniambiental.com.ar\\\/info\\\/\",\"name\":\"Patagonia Ambiental\",\"description\":\"Monitoreo y an\u00e1lisis de la situaci\u00f3n geopol\u00edtica en el mundo y su implicancia en la Patagonia\",\"publisher\":{\"@id\":\"https:\\\/\\\/patagoniambiental.com.ar\\\/info\\\/#organization\"},\"potentialAction\":[{\"@type\":\"SearchAction\",\"target\":{\"@type\":\"EntryPoint\",\"urlTemplate\":\"https:\\\/\\\/patagoniambiental.com.ar\\\/info\\\/?s={search_term_string}\"},\"query-input\":{\"@type\":\"PropertyValueSpecification\",\"valueRequired\":true,\"valueName\":\"search_term_string\"}}],\"inLanguage\":\"es\"},{\"@type\":\"Organization\",\"@id\":\"https:\\\/\\\/patagoniambiental.com.ar\\\/info\\\/#organization\",\"name\":\"Patagonia Ambiental\",\"url\":\"https:\\\/\\\/patagoniambiental.com.ar\\\/info\\\/\",\"logo\":{\"@type\":\"ImageObject\",\"inLanguage\":\"es\",\"@id\":\"https:\\\/\\\/patagoniambiental.com.ar\\\/info\\\/#\\\/schema\\\/logo\\\/image\\\/\",\"url\":\"https:\\\/\\\/patagoniambiental.com.ar\\\/info\\\/wp-content\\\/uploads\\\/2025\\\/05\\\/LOGO-PATAGONIA-AMBIENTAL.png\",\"contentUrl\":\"https:\\\/\\\/patagoniambiental.com.ar\\\/info\\\/wp-content\\\/uploads\\\/2025\\\/05\\\/LOGO-PATAGONIA-AMBIENTAL.png\",\"width\":433,\"height\":250,\"caption\":\"Patagonia Ambiental\"},\"image\":{\"@id\":\"https:\\\/\\\/patagoniambiental.com.ar\\\/info\\\/#\\\/schema\\\/logo\\\/image\\\/\"},\"sameAs\":[\"https:\\\/\\\/www.facebook.com\\\/patagonia.ambiental\",\"https:\\\/\\\/x.com\\\/PatAmb\"]},{\"@type\":\"Person\",\"@id\":\"https:\\\/\\\/patagoniambiental.com.ar\\\/info\\\/#\\\/schema\\\/person\\\/db12bff64bbcbf6a253710bf0ea37b5d\",\"name\":\"Patagonia Ambiental\",\"description\":\"Andr\u00e9s Nievas T\u00e9cnico en manejo ambiental, consultor Ambiental y escritor para medios locales e internacionales sobre temas de geopolitica y medio ambiente.\",\"sameAs\":[\"http:\\\/\\\/www.patagoniambiental.com.ar\",\"https:\\\/\\\/www.facebook.com\\\/share\\\/1C1V8Gv9BX\\\/?mibextid=qi2Omg\",\"@patagoniambiental\",\"https:\\\/\\\/youtube.com\\\/@patagoniaambiental2023?si=BLt58t0wuXquxlYZ\"]}]}<\/script>\n<!-- \/ Yoast SEO Premium plugin. -->","yoast_head_json":{"title":"C\u00f3mo operan los mapuches en Mendoza","robots":{"index":"index","follow":"follow","max-snippet":"max-snippet:-1","max-image-preview":"max-image-preview:large","max-video-preview":"max-video-preview:-1"},"canonical":"https:\/\/patagoniambiental.com.ar\/info\/como-operan-los-mapuches-en-mendoza\/","og_locale":"es_ES","og_type":"article","og_title":"C\u00f3mo operan los mapuches en Mendoza","og_description":"Malargue.-Reclaman 800 mil hect\u00e1reas ubicadas en Malarg\u00fce. Empresas petroleras han tenido que cancelar sus proyectos.","og_url":"https:\/\/patagoniambiental.com.ar\/info\/como-operan-los-mapuches-en-mendoza\/","og_site_name":"Patagonia Ambiental","article_publisher":"https:\/\/www.facebook.com\/patagonia.ambiental","article_author":"https:\/\/www.facebook.com\/share\/1C1V8Gv9BX\/?mibextid=qi2Omg","article_published_time":"2017-10-30T22:00:38+00:00","og_image":[{"width":678,"height":330,"url":"https:\/\/patagoniambiental.com.ar\/info\/wp-content\/uploads\/2017\/05\/bandera-pueblo-mapuche-1200x800-678x330.jpg","type":"image\/jpeg"}],"author":"Patagonia Ambiental","twitter_card":"summary_large_image","twitter_creator":"@PatAmb","twitter_site":"@PatAmb","schema":{"@context":"https:\/\/schema.org","@graph":[{"@type":"Article","@id":"https:\/\/patagoniambiental.com.ar\/info\/como-operan-los-mapuches-en-mendoza\/#article","isPartOf":{"@id":"https:\/\/patagoniambiental.com.ar\/info\/como-operan-los-mapuches-en-mendoza\/"},"author":{"name":"Patagonia Ambiental","@id":"https:\/\/patagoniambiental.com.ar\/info\/#\/schema\/person\/db12bff64bbcbf6a253710bf0ea37b5d"},"headline":"C\u00f3mo operan los mapuches en Mendoza","datePublished":"2017-10-30T22:00:38+00:00","mainEntityOfPage":{"@id":"https:\/\/patagoniambiental.com.ar\/info\/como-operan-los-mapuches-en-mendoza\/"},"wordCount":1176,"commentCount":0,"publisher":{"@id":"https:\/\/patagoniambiental.com.ar\/info\/#organization"},"image":{"@id":"https:\/\/patagoniambiental.com.ar\/info\/como-operan-los-mapuches-en-mendoza\/#primaryimage"},"thumbnailUrl":"https:\/\/patagoniambiental.com.ar\/info\/wp-content\/uploads\/2017\/05\/bandera-pueblo-mapuche-1200x800-678x330.jpg","articleSection":["General","Noticias"],"inLanguage":"es","potentialAction":[{"@type":"CommentAction","name":"Comment","target":["https:\/\/patagoniambiental.com.ar\/info\/como-operan-los-mapuches-en-mendoza\/#respond"]}]},{"@type":"WebPage","@id":"https:\/\/patagoniambiental.com.ar\/info\/como-operan-los-mapuches-en-mendoza\/","url":"https:\/\/patagoniambiental.com.ar\/info\/como-operan-los-mapuches-en-mendoza\/","name":"C\u00f3mo operan los mapuches en Mendoza","isPartOf":{"@id":"https:\/\/patagoniambiental.com.ar\/info\/#website"},"primaryImageOfPage":{"@id":"https:\/\/patagoniambiental.com.ar\/info\/como-operan-los-mapuches-en-mendoza\/#primaryimage"},"image":{"@id":"https:\/\/patagoniambiental.com.ar\/info\/como-operan-los-mapuches-en-mendoza\/#primaryimage"},"thumbnailUrl":"https:\/\/patagoniambiental.com.ar\/info\/wp-content\/uploads\/2017\/05\/bandera-pueblo-mapuche-1200x800-678x330.jpg","datePublished":"2017-10-30T22:00:38+00:00","breadcrumb":{"@id":"https:\/\/patagoniambiental.com.ar\/info\/como-operan-los-mapuches-en-mendoza\/#breadcrumb"},"inLanguage":"es","potentialAction":[{"@type":"ReadAction","target":["https:\/\/patagoniambiental.com.ar\/info\/como-operan-los-mapuches-en-mendoza\/"]}]},{"@type":"ImageObject","inLanguage":"es","@id":"https:\/\/patagoniambiental.com.ar\/info\/como-operan-los-mapuches-en-mendoza\/#primaryimage","url":"https:\/\/patagoniambiental.com.ar\/info\/wp-content\/uploads\/2017\/05\/bandera-pueblo-mapuche-1200x800-678x330.jpg","contentUrl":"https:\/\/patagoniambiental.com.ar\/info\/wp-content\/uploads\/2017\/05\/bandera-pueblo-mapuche-1200x800-678x330.jpg","width":678,"height":330},{"@type":"BreadcrumbList","@id":"https:\/\/patagoniambiental.com.ar\/info\/como-operan-los-mapuches-en-mendoza\/#breadcrumb","itemListElement":[{"@type":"ListItem","position":1,"name":"Inicio","item":"https:\/\/patagoniambiental.com.ar\/info\/"},{"@type":"ListItem","position":2,"name":"C\u00f3mo operan los mapuches en Mendoza"}]},{"@type":"WebSite","@id":"https:\/\/patagoniambiental.com.ar\/info\/#website","url":"https:\/\/patagoniambiental.com.ar\/info\/","name":"Patagonia Ambiental","description":"Monitoreo y an\u00e1lisis de la situaci\u00f3n geopol\u00edtica en el mundo y su implicancia en la Patagonia","publisher":{"@id":"https:\/\/patagoniambiental.com.ar\/info\/#organization"},"potentialAction":[{"@type":"SearchAction","target":{"@type":"EntryPoint","urlTemplate":"https:\/\/patagoniambiental.com.ar\/info\/?s={search_term_string}"},"query-input":{"@type":"PropertyValueSpecification","valueRequired":true,"valueName":"search_term_string"}}],"inLanguage":"es"},{"@type":"Organization","@id":"https:\/\/patagoniambiental.com.ar\/info\/#organization","name":"Patagonia Ambiental","url":"https:\/\/patagoniambiental.com.ar\/info\/","logo":{"@type":"ImageObject","inLanguage":"es","@id":"https:\/\/patagoniambiental.com.ar\/info\/#\/schema\/logo\/image\/","url":"https:\/\/patagoniambiental.com.ar\/info\/wp-content\/uploads\/2025\/05\/LOGO-PATAGONIA-AMBIENTAL.png","contentUrl":"https:\/\/patagoniambiental.com.ar\/info\/wp-content\/uploads\/2025\/05\/LOGO-PATAGONIA-AMBIENTAL.png","width":433,"height":250,"caption":"Patagonia Ambiental"},"image":{"@id":"https:\/\/patagoniambiental.com.ar\/info\/#\/schema\/logo\/image\/"},"sameAs":["https:\/\/www.facebook.com\/patagonia.ambiental","https:\/\/x.com\/PatAmb"]},{"@type":"Person","@id":"https:\/\/patagoniambiental.com.ar\/info\/#\/schema\/person\/db12bff64bbcbf6a253710bf0ea37b5d","name":"Patagonia Ambiental","description":"Andr\u00e9s Nievas T\u00e9cnico en manejo ambiental, consultor Ambiental y escritor para medios locales e internacionales sobre temas de geopolitica y medio ambiente.","sameAs":["http:\/\/www.patagoniambiental.com.ar","https:\/\/www.facebook.com\/share\/1C1V8Gv9BX\/?mibextid=qi2Omg","@patagoniambiental","https:\/\/youtube.com\/@patagoniaambiental2023?si=BLt58t0wuXquxlYZ"]}]}},"_links":{"self":[{"href":"https:\/\/patagoniambiental.com.ar\/info\/wp-json\/wp\/v2\/posts\/37288","targetHints":{"allow":["GET"]}}],"collection":[{"href":"https:\/\/patagoniambiental.com.ar\/info\/wp-json\/wp\/v2\/posts"}],"about":[{"href":"https:\/\/patagoniambiental.com.ar\/info\/wp-json\/wp\/v2\/types\/post"}],"author":[{"embeddable":true,"href":"https:\/\/patagoniambiental.com.ar\/info\/wp-json\/wp\/v2\/users\/2"}],"replies":[{"embeddable":true,"href":"https:\/\/patagoniambiental.com.ar\/info\/wp-json\/wp\/v2\/comments?post=37288"}],"version-history":[{"count":0,"href":"https:\/\/patagoniambiental.com.ar\/info\/wp-json\/wp\/v2\/posts\/37288\/revisions"}],"wp:featuredmedia":[{"embeddable":true,"href":"https:\/\/patagoniambiental.com.ar\/info\/wp-json\/wp\/v2\/media\/28955"}],"wp:attachment":[{"href":"https:\/\/patagoniambiental.com.ar\/info\/wp-json\/wp\/v2\/media?parent=37288"}],"wp:term":[{"taxonomy":"category","embeddable":true,"href":"https:\/\/patagoniambiental.com.ar\/info\/wp-json\/wp\/v2\/categories?post=37288"},{"taxonomy":"post_tag","embeddable":true,"href":"https:\/\/patagoniambiental.com.ar\/info\/wp-json\/wp\/v2\/tags?post=37288"}],"curies":[{"name":"wp","href":"https:\/\/api.w.org\/{rel}","templated":true}]}}