{"id":37293,"date":"2017-10-31T19:00:36","date_gmt":"2017-10-31T22:00:36","guid":{"rendered":"http:\/\/patagoniambiental.com.ar\/info\/?p=37293"},"modified":"2017-10-30T16:50:29","modified_gmt":"2017-10-30T19:50:29","slug":"ordenan-urgente-vacunacion-masiva-y-campana-de-concientizacion-alerta-en-rawson-por-la-aparicion-de-murcielagos-con-rabia","status":"publish","type":"post","link":"https:\/\/patagoniambiental.com.ar\/info\/ordenan-urgente-vacunacion-masiva-y-campana-de-concientizacion-alerta-en-rawson-por-la-aparicion-de-murcielagos-con-rabia\/","title":{"rendered":"ORDENAN URGENTE VACUNACI\u00d3N MASIVA Y CAMPA\u00d1A DE CONCIENTIZACI\u00d3N  Alerta en Rawson por la aparici\u00f3n de murci\u00e9lagos con rabia"},"content":{"rendered":"<div class=\"the-content-meta\">Rawson.-La Municipalidad de Rawson dio a conocer el inicio de una campa\u00f1a de vacunaci\u00f3n masiva, as\u00ed como de un trabajo de concientizaci\u00f3n en toda la ciudad como consecuencia de la aparici\u00f3n de rabia en dos murci\u00e9lagos detectados en el \u00faltimo mes.<br \/>\n<i class=\"fa fa-calendar\"><\/i><\/div>\n<p><!--more--><\/p>\n<div><img decoding=\"async\" class=\"alignright size-full wp-image-147052\" src=\"https:\/\/i2.wp.com\/www.eldiariodemadryn.com\/wp-content\/uploads\/2017\/10\/1-529.jpg?resize=400%2C225\" alt=\"\" data-attachment-id=\"147052\" data-permalink=\"http:\/\/www.eldiariodemadryn.com\/2017\/10\/alerta-en-rawson-por-la-aparicion-de-murcielagos-con-rabia\/1-6120\/\" data-orig-file=\"https:\/\/i2.wp.com\/www.eldiariodemadryn.com\/wp-content\/uploads\/2017\/10\/1-529.jpg?fit=400%2C225\" data-orig-size=\"400,225\" data-comments-opened=\"1\" data-image-meta=\"{&quot;aperture&quot;:&quot;0&quot;,&quot;credit&quot;:&quot;&quot;,&quot;camera&quot;:&quot;&quot;,&quot;caption&quot;:&quot;&quot;,&quot;created_timestamp&quot;:&quot;0&quot;,&quot;copyright&quot;:&quot;&quot;,&quot;focal_length&quot;:&quot;0&quot;,&quot;iso&quot;:&quot;0&quot;,&quot;shutter_speed&quot;:&quot;0&quot;,&quot;title&quot;:&quot;&quot;,&quot;orientation&quot;:&quot;1&quot;}\" data-image-title=\"1\" data-image-description=\"\" data-medium-file=\"https:\/\/i2.wp.com\/www.eldiariodemadryn.com\/wp-content\/uploads\/2017\/10\/1-529.jpg?fit=400%2C225\" data-large-file=\"https:\/\/i2.wp.com\/www.eldiariodemadryn.com\/wp-content\/uploads\/2017\/10\/1-529.jpg?fit=400%2C225\" data-recalc-dims=\"1\" \/><\/div>\n<div class=\"post-content\">\n<p>As\u00ed lo dio a conocer la secretaria de Producci\u00f3n y Medio Ambiente, Ana Mar\u00eda Amato, quien brind\u00f3 una conferencia de prensa acompa\u00f1ada por el director municipal de Veterinaria, Hugo Ib\u00e1\u00f1ez, con el objetivo de brindar recomendaciones a la poblaci\u00f3n.<br \/>\n\u201cEsta semana un segundo murci\u00e9lago aparecido en la zona centro, en la calle Moreno, fue capturado por un vecino que se comunic\u00f3 con la oficina de Veterinaria que hace los controles, y tuvimos la confirmaci\u00f3n de rabia\u201d, dijo Amato.<\/p>\n<p><strong>Peligro de contagio<\/strong><\/p>\n<p>La funcionaria dijo que ese fue uno de los motivos por los cuales \u201cesta semana nos reunimos con las Vecinales para intensificar la presencia del Estado en toda la ciudad\u201d, ya que \u201cesto ha ameritado la decisi\u00f3n pol\u00edtica de la intendenta Artero de conformar el cuerpo de inspectores y preventores para trabajar con todos los vecinos en la vacunaci\u00f3n y en la prevenci\u00f3n vinculada a qu\u00e9 hacer cuando uno se encuentra con un murci\u00e9lago, y tambi\u00e9n en el caso de las mascotas, gato o perro, jugando o mordiendo un murci\u00e9lago\u201d.<br \/>\n\u201cAhora aparece como posibilidad que se contagien de rabia y que esto sea transmitido a trav\u00e9s de la mordedura o una lesi\u00f3n a una persona\u201d, explic\u00f3.<br \/>\nRecord\u00f3 que \u201cel primer caso ocurri\u00f3 hacer cerca de un mes en la Escuela de Comercio\u201d, y que en ese momento \u201cse mand\u00f3 a analizar, se hizo un protocolo con el Ministerio de Educaci\u00f3n y con Salud, que nos va a proveer de las vacunas para hacer la primera campa\u00f1a de vacunaci\u00f3n antirr\u00e1bica\u201d.<br \/>\n\u201cEl segundo caso fue cerca de all\u00ed, en la zona de la plaza y por suerte el vecino pudo atraparlo sin tocarlo, que esa es la recomendaci\u00f3n: no tocarlo, pero tratar de retenerlo con un balde o elemento\u201d, agreg\u00f3.<\/p>\n<p><strong>Las causas y recomendaciones<\/strong><\/p>\n<p>Por su parte, Hugo Ib\u00e1\u00f1ez explic\u00f3: \u201cTenemos en la zona colonias de murci\u00e9lagos que han aumentado, probablemente por una cuesti\u00f3n clim\u00e1tica y por la mayor proliferaci\u00f3n de insectos, porque nuestros murci\u00e9lagos son insect\u00edvoros\u201d.<br \/>\nEn este sentido dijo que \u201cel murci\u00e9lago es muy beneficioso en algunos aspectos por su gran consumo de insectos. Ahora, en esta poblaci\u00f3n silvestre puede estar presente el virus r\u00e1bico, lo que hace que, aunque no hayamos tenido en nuestra zona casos de rabia en personas ni en mascotas, en este momento no tengamos un status de libre de virus r\u00e1bico, por lo que tenemos que tomar estas consideraciones\u201d.<br \/>\nPrecis\u00f3 que \u201csi el murci\u00e9lago est\u00e1 sano, no se va a dejar atrapar y de casualidad se deja ver durante la noche. Toda situaci\u00f3n en la que el murci\u00e9lago tiene un vuelo err\u00e1tico, se choca cosas, entra un domicilio o se deja atrapar por una persona o mascota, es porque est\u00e1 enfermo de algo. Dentro de las posibilidades de enfermedad podr\u00eda ser la rabia\u201d.<br \/>\n\u201cHace a\u00f1os que mandamos a Buenos Aires para diagn\u00f3stico a murci\u00e9lagos como vigilancia epidemiol\u00f3gica. Ha sucedido en Madryn y en Trelew, y est\u00e1bamos a la expectativa de que con la cercan\u00eda que tenemos, en nuestra poblaci\u00f3n de murci\u00e9lagos tambi\u00e9n estuviera el virus r\u00e1bico, cosa que hemos comprobado. Hasta ahora los an\u00e1lisis nos hab\u00edan dado todos negativos, pero si una localidad vecina lo ten\u00eda, no pod\u00edamos estar exentos\u201d, analiz\u00f3.<\/p>\n<p>***rec<br \/>\nEs una enfermedad mortal en 100 por ciento de los casos<\/p>\n<p>\u201cLa rabia -explic\u00f3- es una enfermedad famosa porque es mortal en el 100% de los casos. Las prevenciones son no tocar el murci\u00e9lago; si se anima la persona a capturarlo debe ser sin contacto para hacer este proceso de vigilancia. Si una mascota tuviera contacto con murci\u00e9lagos, hay que tener el mismo cuidado y nosotros hacemos la observaci\u00f3n antirr\u00e1bica en el animal\u201d.<br \/>\nEn cuanto a las acciones del \u00e1rea de Veterinaria dijo que \u201cen este momento estamos haciendo la vacunaci\u00f3n en anillo, que significa que hay un per\u00edmetro alrededor de los casos positivos donde se vacuna a todas las mascotas. Pero con una nueva provisi\u00f3n de vacunas actualizada que va a realizar el mes pr\u00f3ximo Naci\u00f3n a Provincia, y Provincia a nosotros vamos a iniciar campa\u00f1as de vacunaci\u00f3n antirr\u00e1bica en los barrios. A nivel municipal vamos a tener provisi\u00f3n adecuada a partir de noviembre\u201d.<br \/>\nEn este sentido \u201cvalor\u00f3 la conformaci\u00f3n de este grupo de trabajo, un cuerpo de inspectores, que nosotros no ten\u00edamos porque se agrega este alerta que nos hace profundizar en el tema del perro suelto, el perro vagabundo, de las<\/p>\n<\/div>\n<p>Fuente:\u00a0http:\/\/www.eldiariodemadryn.com\/2017\/10\/alerta-en-rawson-por-la-aparicion-de-murcielagos-con-rabia\/<\/p>\n","protected":false},"excerpt":{"rendered":"<p>Rawson.-La Municipalidad de Rawson dio a conocer el inicio de una campa\u00f1a de vacunaci\u00f3n masiva, as\u00ed como de un trabajo [&hellip;]<\/p>\n","protected":false},"author":2,"featured_media":37294,"comment_status":"open","ping_status":"open","sticky":false,"template":"","format":"standard","meta":{"site-sidebar-layout":"default","site-content-layout":"","ast-site-content-layout":"default","site-content-style":"default","site-sidebar-style":"default","ast-global-header-display":"","ast-banner-title-visibility":"","ast-main-header-display":"","ast-hfb-above-header-display":"","ast-hfb-below-header-display":"","ast-hfb-mobile-header-display":"","site-post-title":"","ast-breadcrumbs-content":"","ast-featured-img":"","footer-sml-layout":"","ast-disable-related-posts":"","theme-transparent-header-meta":"","adv-header-id-meta":"","stick-header-meta":"","header-above-stick-meta":"","header-main-stick-meta":"","header-below-stick-meta":"","astra-migrate-meta-layouts":"default","ast-page-background-enabled":"default","ast-page-background-meta":{"desktop":{"background-color":"var(--ast-global-color-5)","background-image":"","background-repeat":"repeat","background-position":"center center","background-size":"auto","background-attachment":"scroll","background-type":"","background-media":"","overlay-type":"","overlay-color":"","overlay-opacity":"","overlay-gradient":""},"tablet":{"background-color":"","background-image":"","background-repeat":"repeat","background-position":"center center","background-size":"auto","background-attachment":"scroll","background-type":"","background-media":"","overlay-type":"","overlay-color":"","overlay-opacity":"","overlay-gradient":""},"mobile":{"background-color":"","background-image":"","background-repeat":"repeat","background-position":"center center","background-size":"auto","background-attachment":"scroll","background-type":"","background-media":"","overlay-type":"","overlay-color":"","overlay-opacity":"","overlay-gradient":""}},"ast-content-background-meta":{"desktop":{"background-color":"var(--ast-global-color-4)","background-image":"","background-repeat":"repeat","background-position":"center center","background-size":"auto","background-attachment":"scroll","background-type":"","background-media":"","overlay-type":"","overlay-color":"","overlay-opacity":"","overlay-gradient":""},"tablet":{"background-color":"var(--ast-global-color-4)","background-image":"","background-repeat":"repeat","background-position":"center center","background-size":"auto","background-attachment":"scroll","background-type":"","background-media":"","overlay-type":"","overlay-color":"","overlay-opacity":"","overlay-gradient":""},"mobile":{"background-color":"var(--ast-global-color-4)","background-image":"","background-repeat":"repeat","background-position":"center center","background-size":"auto","background-attachment":"scroll","background-type":"","background-media":"","overlay-type":"","overlay-color":"","overlay-opacity":"","overlay-gradient":""}},"footnotes":""},"categories":[16,1],"tags":[],"class_list":["post-37293","post","type-post","status-publish","format-standard","has-post-thumbnail","hentry","category-municipales","category-noticias"],"yoast_head":"<!-- This site is optimized with the Yoast SEO Premium plugin v23.0 (Yoast SEO v27.4) - https:\/\/yoast.com\/product\/yoast-seo-premium-wordpress\/ -->\n<title>ORDENAN URGENTE VACUNACI\u00d3N MASIVA Y CAMPA\u00d1A DE CONCIENTIZACI\u00d3N Alerta en Rawson por la aparici\u00f3n de murci\u00e9lagos con rabia<\/title>\n<meta name=\"robots\" content=\"index, follow, max-snippet:-1, max-image-preview:large, max-video-preview:-1\" \/>\n<link rel=\"canonical\" href=\"https:\/\/patagoniambiental.com.ar\/info\/ordenan-urgente-vacunacion-masiva-y-campana-de-concientizacion-alerta-en-rawson-por-la-aparicion-de-murcielagos-con-rabia\/\" \/>\n<meta property=\"og:locale\" content=\"es_ES\" \/>\n<meta property=\"og:type\" content=\"article\" \/>\n<meta property=\"og:title\" content=\"ORDENAN URGENTE VACUNACI\u00d3N MASIVA Y CAMPA\u00d1A DE CONCIENTIZACI\u00d3N Alerta en Rawson por la aparici\u00f3n de murci\u00e9lagos con rabia\" \/>\n<meta property=\"og:description\" content=\"Rawson.-La Municipalidad de Rawson dio a conocer el inicio de una campa\u00f1a de vacunaci\u00f3n masiva, as\u00ed como de un trabajo [&hellip;]\" \/>\n<meta property=\"og:url\" content=\"https:\/\/patagoniambiental.com.ar\/info\/ordenan-urgente-vacunacion-masiva-y-campana-de-concientizacion-alerta-en-rawson-por-la-aparicion-de-murcielagos-con-rabia\/\" \/>\n<meta property=\"og:site_name\" content=\"Patagonia Ambiental\" \/>\n<meta property=\"article:publisher\" content=\"https:\/\/www.facebook.com\/patagonia.ambiental\" \/>\n<meta property=\"article:author\" content=\"https:\/\/www.facebook.com\/share\/1C1V8Gv9BX\/?mibextid=qi2Omg\" \/>\n<meta property=\"article:published_time\" content=\"2017-10-31T22:00:36+00:00\" \/>\n<meta property=\"og:image\" content=\"https:\/\/patagoniambiental.com.ar\/info\/wp-content\/uploads\/2017\/10\/1-529.jpg\" \/>\n\t<meta property=\"og:image:width\" content=\"400\" \/>\n\t<meta property=\"og:image:height\" content=\"225\" \/>\n\t<meta property=\"og:image:type\" content=\"image\/jpeg\" \/>\n<meta name=\"author\" content=\"Patagonia Ambiental\" \/>\n<meta name=\"twitter:card\" content=\"summary_large_image\" \/>\n<meta name=\"twitter:creator\" content=\"@PatAmb\" \/>\n<meta name=\"twitter:site\" content=\"@PatAmb\" \/>\n<script type=\"application\/ld+json\" class=\"yoast-schema-graph\">{\"@context\":\"https:\\\/\\\/schema.org\",\"@graph\":[{\"@type\":\"Article\",\"@id\":\"https:\\\/\\\/patagoniambiental.com.ar\\\/info\\\/ordenan-urgente-vacunacion-masiva-y-campana-de-concientizacion-alerta-en-rawson-por-la-aparicion-de-murcielagos-con-rabia\\\/#article\",\"isPartOf\":{\"@id\":\"https:\\\/\\\/patagoniambiental.com.ar\\\/info\\\/ordenan-urgente-vacunacion-masiva-y-campana-de-concientizacion-alerta-en-rawson-por-la-aparicion-de-murcielagos-con-rabia\\\/\"},\"author\":{\"name\":\"Patagonia Ambiental\",\"@id\":\"https:\\\/\\\/patagoniambiental.com.ar\\\/info\\\/#\\\/schema\\\/person\\\/db12bff64bbcbf6a253710bf0ea37b5d\"},\"headline\":\"ORDENAN URGENTE VACUNACI\u00d3N MASIVA Y CAMPA\u00d1A DE CONCIENTIZACI\u00d3N Alerta en Rawson por la aparici\u00f3n de murci\u00e9lagos con rabia\",\"datePublished\":\"2017-10-31T22:00:36+00:00\",\"mainEntityOfPage\":{\"@id\":\"https:\\\/\\\/patagoniambiental.com.ar\\\/info\\\/ordenan-urgente-vacunacion-masiva-y-campana-de-concientizacion-alerta-en-rawson-por-la-aparicion-de-murcielagos-con-rabia\\\/\"},\"wordCount\":863,\"commentCount\":0,\"publisher\":{\"@id\":\"https:\\\/\\\/patagoniambiental.com.ar\\\/info\\\/#organization\"},\"image\":{\"@id\":\"https:\\\/\\\/patagoniambiental.com.ar\\\/info\\\/ordenan-urgente-vacunacion-masiva-y-campana-de-concientizacion-alerta-en-rawson-por-la-aparicion-de-murcielagos-con-rabia\\\/#primaryimage\"},\"thumbnailUrl\":\"https:\\\/\\\/patagoniambiental.com.ar\\\/info\\\/wp-content\\\/uploads\\\/2017\\\/10\\\/1-529.jpg\",\"articleSection\":[\"Municipales\",\"Noticias\"],\"inLanguage\":\"es\",\"potentialAction\":[{\"@type\":\"CommentAction\",\"name\":\"Comment\",\"target\":[\"https:\\\/\\\/patagoniambiental.com.ar\\\/info\\\/ordenan-urgente-vacunacion-masiva-y-campana-de-concientizacion-alerta-en-rawson-por-la-aparicion-de-murcielagos-con-rabia\\\/#respond\"]}]},{\"@type\":\"WebPage\",\"@id\":\"https:\\\/\\\/patagoniambiental.com.ar\\\/info\\\/ordenan-urgente-vacunacion-masiva-y-campana-de-concientizacion-alerta-en-rawson-por-la-aparicion-de-murcielagos-con-rabia\\\/\",\"url\":\"https:\\\/\\\/patagoniambiental.com.ar\\\/info\\\/ordenan-urgente-vacunacion-masiva-y-campana-de-concientizacion-alerta-en-rawson-por-la-aparicion-de-murcielagos-con-rabia\\\/\",\"name\":\"ORDENAN URGENTE VACUNACI\u00d3N MASIVA Y CAMPA\u00d1A DE CONCIENTIZACI\u00d3N Alerta en Rawson por la aparici\u00f3n de murci\u00e9lagos con rabia\",\"isPartOf\":{\"@id\":\"https:\\\/\\\/patagoniambiental.com.ar\\\/info\\\/#website\"},\"primaryImageOfPage\":{\"@id\":\"https:\\\/\\\/patagoniambiental.com.ar\\\/info\\\/ordenan-urgente-vacunacion-masiva-y-campana-de-concientizacion-alerta-en-rawson-por-la-aparicion-de-murcielagos-con-rabia\\\/#primaryimage\"},\"image\":{\"@id\":\"https:\\\/\\\/patagoniambiental.com.ar\\\/info\\\/ordenan-urgente-vacunacion-masiva-y-campana-de-concientizacion-alerta-en-rawson-por-la-aparicion-de-murcielagos-con-rabia\\\/#primaryimage\"},\"thumbnailUrl\":\"https:\\\/\\\/patagoniambiental.com.ar\\\/info\\\/wp-content\\\/uploads\\\/2017\\\/10\\\/1-529.jpg\",\"datePublished\":\"2017-10-31T22:00:36+00:00\",\"breadcrumb\":{\"@id\":\"https:\\\/\\\/patagoniambiental.com.ar\\\/info\\\/ordenan-urgente-vacunacion-masiva-y-campana-de-concientizacion-alerta-en-rawson-por-la-aparicion-de-murcielagos-con-rabia\\\/#breadcrumb\"},\"inLanguage\":\"es\",\"potentialAction\":[{\"@type\":\"ReadAction\",\"target\":[\"https:\\\/\\\/patagoniambiental.com.ar\\\/info\\\/ordenan-urgente-vacunacion-masiva-y-campana-de-concientizacion-alerta-en-rawson-por-la-aparicion-de-murcielagos-con-rabia\\\/\"]}]},{\"@type\":\"ImageObject\",\"inLanguage\":\"es\",\"@id\":\"https:\\\/\\\/patagoniambiental.com.ar\\\/info\\\/ordenan-urgente-vacunacion-masiva-y-campana-de-concientizacion-alerta-en-rawson-por-la-aparicion-de-murcielagos-con-rabia\\\/#primaryimage\",\"url\":\"https:\\\/\\\/patagoniambiental.com.ar\\\/info\\\/wp-content\\\/uploads\\\/2017\\\/10\\\/1-529.jpg\",\"contentUrl\":\"https:\\\/\\\/patagoniambiental.com.ar\\\/info\\\/wp-content\\\/uploads\\\/2017\\\/10\\\/1-529.jpg\",\"width\":400,\"height\":225},{\"@type\":\"BreadcrumbList\",\"@id\":\"https:\\\/\\\/patagoniambiental.com.ar\\\/info\\\/ordenan-urgente-vacunacion-masiva-y-campana-de-concientizacion-alerta-en-rawson-por-la-aparicion-de-murcielagos-con-rabia\\\/#breadcrumb\",\"itemListElement\":[{\"@type\":\"ListItem\",\"position\":1,\"name\":\"Inicio\",\"item\":\"https:\\\/\\\/patagoniambiental.com.ar\\\/info\\\/\"},{\"@type\":\"ListItem\",\"position\":2,\"name\":\"ORDENAN URGENTE VACUNACI\u00d3N MASIVA Y CAMPA\u00d1A DE CONCIENTIZACI\u00d3N Alerta en Rawson por la aparici\u00f3n de murci\u00e9lagos con rabia\"}]},{\"@type\":\"WebSite\",\"@id\":\"https:\\\/\\\/patagoniambiental.com.ar\\\/info\\\/#website\",\"url\":\"https:\\\/\\\/patagoniambiental.com.ar\\\/info\\\/\",\"name\":\"Patagonia Ambiental\",\"description\":\"Monitoreo y an\u00e1lisis de la situaci\u00f3n geopol\u00edtica en el mundo y su implicancia en la Patagonia\",\"publisher\":{\"@id\":\"https:\\\/\\\/patagoniambiental.com.ar\\\/info\\\/#organization\"},\"potentialAction\":[{\"@type\":\"SearchAction\",\"target\":{\"@type\":\"EntryPoint\",\"urlTemplate\":\"https:\\\/\\\/patagoniambiental.com.ar\\\/info\\\/?s={search_term_string}\"},\"query-input\":{\"@type\":\"PropertyValueSpecification\",\"valueRequired\":true,\"valueName\":\"search_term_string\"}}],\"inLanguage\":\"es\"},{\"@type\":\"Organization\",\"@id\":\"https:\\\/\\\/patagoniambiental.com.ar\\\/info\\\/#organization\",\"name\":\"Patagonia Ambiental\",\"url\":\"https:\\\/\\\/patagoniambiental.com.ar\\\/info\\\/\",\"logo\":{\"@type\":\"ImageObject\",\"inLanguage\":\"es\",\"@id\":\"https:\\\/\\\/patagoniambiental.com.ar\\\/info\\\/#\\\/schema\\\/logo\\\/image\\\/\",\"url\":\"https:\\\/\\\/patagoniambiental.com.ar\\\/info\\\/wp-content\\\/uploads\\\/2025\\\/05\\\/LOGO-PATAGONIA-AMBIENTAL.png\",\"contentUrl\":\"https:\\\/\\\/patagoniambiental.com.ar\\\/info\\\/wp-content\\\/uploads\\\/2025\\\/05\\\/LOGO-PATAGONIA-AMBIENTAL.png\",\"width\":433,\"height\":250,\"caption\":\"Patagonia Ambiental\"},\"image\":{\"@id\":\"https:\\\/\\\/patagoniambiental.com.ar\\\/info\\\/#\\\/schema\\\/logo\\\/image\\\/\"},\"sameAs\":[\"https:\\\/\\\/www.facebook.com\\\/patagonia.ambiental\",\"https:\\\/\\\/x.com\\\/PatAmb\"]},{\"@type\":\"Person\",\"@id\":\"https:\\\/\\\/patagoniambiental.com.ar\\\/info\\\/#\\\/schema\\\/person\\\/db12bff64bbcbf6a253710bf0ea37b5d\",\"name\":\"Patagonia Ambiental\",\"description\":\"Andr\u00e9s Nievas T\u00e9cnico en manejo ambiental, consultor Ambiental y escritor para medios locales e internacionales sobre temas de geopolitica y medio ambiente.\",\"sameAs\":[\"http:\\\/\\\/www.patagoniambiental.com.ar\",\"https:\\\/\\\/www.facebook.com\\\/share\\\/1C1V8Gv9BX\\\/?mibextid=qi2Omg\",\"@patagoniambiental\",\"https:\\\/\\\/youtube.com\\\/@patagoniaambiental2023?si=BLt58t0wuXquxlYZ\"]}]}<\/script>\n<!-- \/ Yoast SEO Premium plugin. -->","yoast_head_json":{"title":"ORDENAN URGENTE VACUNACI\u00d3N MASIVA Y CAMPA\u00d1A DE CONCIENTIZACI\u00d3N Alerta en Rawson por la aparici\u00f3n de murci\u00e9lagos con rabia","robots":{"index":"index","follow":"follow","max-snippet":"max-snippet:-1","max-image-preview":"max-image-preview:large","max-video-preview":"max-video-preview:-1"},"canonical":"https:\/\/patagoniambiental.com.ar\/info\/ordenan-urgente-vacunacion-masiva-y-campana-de-concientizacion-alerta-en-rawson-por-la-aparicion-de-murcielagos-con-rabia\/","og_locale":"es_ES","og_type":"article","og_title":"ORDENAN URGENTE VACUNACI\u00d3N MASIVA Y CAMPA\u00d1A DE CONCIENTIZACI\u00d3N Alerta en Rawson por la aparici\u00f3n de murci\u00e9lagos con rabia","og_description":"Rawson.-La Municipalidad de Rawson dio a conocer el inicio de una campa\u00f1a de vacunaci\u00f3n masiva, as\u00ed como de un trabajo [&hellip;]","og_url":"https:\/\/patagoniambiental.com.ar\/info\/ordenan-urgente-vacunacion-masiva-y-campana-de-concientizacion-alerta-en-rawson-por-la-aparicion-de-murcielagos-con-rabia\/","og_site_name":"Patagonia Ambiental","article_publisher":"https:\/\/www.facebook.com\/patagonia.ambiental","article_author":"https:\/\/www.facebook.com\/share\/1C1V8Gv9BX\/?mibextid=qi2Omg","article_published_time":"2017-10-31T22:00:36+00:00","og_image":[{"width":400,"height":225,"url":"https:\/\/patagoniambiental.com.ar\/info\/wp-content\/uploads\/2017\/10\/1-529.jpg","type":"image\/jpeg"}],"author":"Patagonia Ambiental","twitter_card":"summary_large_image","twitter_creator":"@PatAmb","twitter_site":"@PatAmb","schema":{"@context":"https:\/\/schema.org","@graph":[{"@type":"Article","@id":"https:\/\/patagoniambiental.com.ar\/info\/ordenan-urgente-vacunacion-masiva-y-campana-de-concientizacion-alerta-en-rawson-por-la-aparicion-de-murcielagos-con-rabia\/#article","isPartOf":{"@id":"https:\/\/patagoniambiental.com.ar\/info\/ordenan-urgente-vacunacion-masiva-y-campana-de-concientizacion-alerta-en-rawson-por-la-aparicion-de-murcielagos-con-rabia\/"},"author":{"name":"Patagonia Ambiental","@id":"https:\/\/patagoniambiental.com.ar\/info\/#\/schema\/person\/db12bff64bbcbf6a253710bf0ea37b5d"},"headline":"ORDENAN URGENTE VACUNACI\u00d3N MASIVA Y CAMPA\u00d1A DE CONCIENTIZACI\u00d3N Alerta en Rawson por la aparici\u00f3n de murci\u00e9lagos con rabia","datePublished":"2017-10-31T22:00:36+00:00","mainEntityOfPage":{"@id":"https:\/\/patagoniambiental.com.ar\/info\/ordenan-urgente-vacunacion-masiva-y-campana-de-concientizacion-alerta-en-rawson-por-la-aparicion-de-murcielagos-con-rabia\/"},"wordCount":863,"commentCount":0,"publisher":{"@id":"https:\/\/patagoniambiental.com.ar\/info\/#organization"},"image":{"@id":"https:\/\/patagoniambiental.com.ar\/info\/ordenan-urgente-vacunacion-masiva-y-campana-de-concientizacion-alerta-en-rawson-por-la-aparicion-de-murcielagos-con-rabia\/#primaryimage"},"thumbnailUrl":"https:\/\/patagoniambiental.com.ar\/info\/wp-content\/uploads\/2017\/10\/1-529.jpg","articleSection":["Municipales","Noticias"],"inLanguage":"es","potentialAction":[{"@type":"CommentAction","name":"Comment","target":["https:\/\/patagoniambiental.com.ar\/info\/ordenan-urgente-vacunacion-masiva-y-campana-de-concientizacion-alerta-en-rawson-por-la-aparicion-de-murcielagos-con-rabia\/#respond"]}]},{"@type":"WebPage","@id":"https:\/\/patagoniambiental.com.ar\/info\/ordenan-urgente-vacunacion-masiva-y-campana-de-concientizacion-alerta-en-rawson-por-la-aparicion-de-murcielagos-con-rabia\/","url":"https:\/\/patagoniambiental.com.ar\/info\/ordenan-urgente-vacunacion-masiva-y-campana-de-concientizacion-alerta-en-rawson-por-la-aparicion-de-murcielagos-con-rabia\/","name":"ORDENAN URGENTE VACUNACI\u00d3N MASIVA Y CAMPA\u00d1A DE CONCIENTIZACI\u00d3N Alerta en Rawson por la aparici\u00f3n de murci\u00e9lagos con rabia","isPartOf":{"@id":"https:\/\/patagoniambiental.com.ar\/info\/#website"},"primaryImageOfPage":{"@id":"https:\/\/patagoniambiental.com.ar\/info\/ordenan-urgente-vacunacion-masiva-y-campana-de-concientizacion-alerta-en-rawson-por-la-aparicion-de-murcielagos-con-rabia\/#primaryimage"},"image":{"@id":"https:\/\/patagoniambiental.com.ar\/info\/ordenan-urgente-vacunacion-masiva-y-campana-de-concientizacion-alerta-en-rawson-por-la-aparicion-de-murcielagos-con-rabia\/#primaryimage"},"thumbnailUrl":"https:\/\/patagoniambiental.com.ar\/info\/wp-content\/uploads\/2017\/10\/1-529.jpg","datePublished":"2017-10-31T22:00:36+00:00","breadcrumb":{"@id":"https:\/\/patagoniambiental.com.ar\/info\/ordenan-urgente-vacunacion-masiva-y-campana-de-concientizacion-alerta-en-rawson-por-la-aparicion-de-murcielagos-con-rabia\/#breadcrumb"},"inLanguage":"es","potentialAction":[{"@type":"ReadAction","target":["https:\/\/patagoniambiental.com.ar\/info\/ordenan-urgente-vacunacion-masiva-y-campana-de-concientizacion-alerta-en-rawson-por-la-aparicion-de-murcielagos-con-rabia\/"]}]},{"@type":"ImageObject","inLanguage":"es","@id":"https:\/\/patagoniambiental.com.ar\/info\/ordenan-urgente-vacunacion-masiva-y-campana-de-concientizacion-alerta-en-rawson-por-la-aparicion-de-murcielagos-con-rabia\/#primaryimage","url":"https:\/\/patagoniambiental.com.ar\/info\/wp-content\/uploads\/2017\/10\/1-529.jpg","contentUrl":"https:\/\/patagoniambiental.com.ar\/info\/wp-content\/uploads\/2017\/10\/1-529.jpg","width":400,"height":225},{"@type":"BreadcrumbList","@id":"https:\/\/patagoniambiental.com.ar\/info\/ordenan-urgente-vacunacion-masiva-y-campana-de-concientizacion-alerta-en-rawson-por-la-aparicion-de-murcielagos-con-rabia\/#breadcrumb","itemListElement":[{"@type":"ListItem","position":1,"name":"Inicio","item":"https:\/\/patagoniambiental.com.ar\/info\/"},{"@type":"ListItem","position":2,"name":"ORDENAN URGENTE VACUNACI\u00d3N MASIVA Y CAMPA\u00d1A DE CONCIENTIZACI\u00d3N Alerta en Rawson por la aparici\u00f3n de murci\u00e9lagos con rabia"}]},{"@type":"WebSite","@id":"https:\/\/patagoniambiental.com.ar\/info\/#website","url":"https:\/\/patagoniambiental.com.ar\/info\/","name":"Patagonia Ambiental","description":"Monitoreo y an\u00e1lisis de la situaci\u00f3n geopol\u00edtica en el mundo y su implicancia en la Patagonia","publisher":{"@id":"https:\/\/patagoniambiental.com.ar\/info\/#organization"},"potentialAction":[{"@type":"SearchAction","target":{"@type":"EntryPoint","urlTemplate":"https:\/\/patagoniambiental.com.ar\/info\/?s={search_term_string}"},"query-input":{"@type":"PropertyValueSpecification","valueRequired":true,"valueName":"search_term_string"}}],"inLanguage":"es"},{"@type":"Organization","@id":"https:\/\/patagoniambiental.com.ar\/info\/#organization","name":"Patagonia Ambiental","url":"https:\/\/patagoniambiental.com.ar\/info\/","logo":{"@type":"ImageObject","inLanguage":"es","@id":"https:\/\/patagoniambiental.com.ar\/info\/#\/schema\/logo\/image\/","url":"https:\/\/patagoniambiental.com.ar\/info\/wp-content\/uploads\/2025\/05\/LOGO-PATAGONIA-AMBIENTAL.png","contentUrl":"https:\/\/patagoniambiental.com.ar\/info\/wp-content\/uploads\/2025\/05\/LOGO-PATAGONIA-AMBIENTAL.png","width":433,"height":250,"caption":"Patagonia Ambiental"},"image":{"@id":"https:\/\/patagoniambiental.com.ar\/info\/#\/schema\/logo\/image\/"},"sameAs":["https:\/\/www.facebook.com\/patagonia.ambiental","https:\/\/x.com\/PatAmb"]},{"@type":"Person","@id":"https:\/\/patagoniambiental.com.ar\/info\/#\/schema\/person\/db12bff64bbcbf6a253710bf0ea37b5d","name":"Patagonia Ambiental","description":"Andr\u00e9s Nievas T\u00e9cnico en manejo ambiental, consultor Ambiental y escritor para medios locales e internacionales sobre temas de geopolitica y medio ambiente.","sameAs":["http:\/\/www.patagoniambiental.com.ar","https:\/\/www.facebook.com\/share\/1C1V8Gv9BX\/?mibextid=qi2Omg","@patagoniambiental","https:\/\/youtube.com\/@patagoniaambiental2023?si=BLt58t0wuXquxlYZ"]}]}},"_links":{"self":[{"href":"https:\/\/patagoniambiental.com.ar\/info\/wp-json\/wp\/v2\/posts\/37293","targetHints":{"allow":["GET"]}}],"collection":[{"href":"https:\/\/patagoniambiental.com.ar\/info\/wp-json\/wp\/v2\/posts"}],"about":[{"href":"https:\/\/patagoniambiental.com.ar\/info\/wp-json\/wp\/v2\/types\/post"}],"author":[{"embeddable":true,"href":"https:\/\/patagoniambiental.com.ar\/info\/wp-json\/wp\/v2\/users\/2"}],"replies":[{"embeddable":true,"href":"https:\/\/patagoniambiental.com.ar\/info\/wp-json\/wp\/v2\/comments?post=37293"}],"version-history":[{"count":0,"href":"https:\/\/patagoniambiental.com.ar\/info\/wp-json\/wp\/v2\/posts\/37293\/revisions"}],"wp:featuredmedia":[{"embeddable":true,"href":"https:\/\/patagoniambiental.com.ar\/info\/wp-json\/wp\/v2\/media\/37294"}],"wp:attachment":[{"href":"https:\/\/patagoniambiental.com.ar\/info\/wp-json\/wp\/v2\/media?parent=37293"}],"wp:term":[{"taxonomy":"category","embeddable":true,"href":"https:\/\/patagoniambiental.com.ar\/info\/wp-json\/wp\/v2\/categories?post=37293"},{"taxonomy":"post_tag","embeddable":true,"href":"https:\/\/patagoniambiental.com.ar\/info\/wp-json\/wp\/v2\/tags?post=37293"}],"curies":[{"name":"wp","href":"https:\/\/api.w.org\/{rel}","templated":true}]}}