{"id":37299,"date":"2017-10-30T19:00:12","date_gmt":"2017-10-30T22:00:12","guid":{"rendered":"http:\/\/patagoniambiental.com.ar\/info\/?p=37299"},"modified":"2017-10-30T16:18:50","modified_gmt":"2017-10-30T19:18:50","slug":"una-mision-de-la-nasa-llego-a-ushuaia-para-realizar-vuelos-cientificos-a-la-antartida","status":"publish","type":"post","link":"https:\/\/patagoniambiental.com.ar\/info\/una-mision-de-la-nasa-llego-a-ushuaia-para-realizar-vuelos-cientificos-a-la-antartida\/","title":{"rendered":"Una misi\u00f3n de la NASA lleg\u00f3 a Ushuaia para realizar vuelos cientificos a la Ant\u00e1rtida"},"content":{"rendered":"<div class=\"post-meta header-font\"><\/div>\n<div>\n<p>Ushuaia.-Una misi\u00f3n de cient\u00edficos de la Administraci\u00f3n Nacional de la Aeron\u00e1utica y del Espacio de los Estados Unidos (NASA) lleg\u00f3 en las \u00faltimas horas a Ushuaia para emprender una serie de vuelos consecutivos a la Ant\u00e1rtida, que se llevar\u00e1n a cabo a partir de la pr\u00f3xima semana y que servir\u00e1n para relevar el espesor de las masas de hielo y otros par\u00e1metros relacionados con el cambio clim\u00e1tico, confirmaron a T\u00e9lam fuentes oficiales.<\/p>\n<\/div>\n<p><!--more--><\/p>\n<div class=\"post-thumbnail-wrapper\"><a class=\"swipebox\" title=\"Una misi\u00f3n de la NASA lleg\u00f3 a Ushuaia para realizar vuelos cient\u00edficos a la Ant\u00e1rtida\" href=\"http:\/\/nosotros.ellitoral.com\/wp-content\/uploads\/ushuaia.jpg\" rel=\"bookmark\"><img fetchpriority=\"high\" decoding=\"async\" class=\"attachment-vw_large size-vw_large wp-post-image\" src=\"http:\/\/nosotros.ellitoral.com\/wp-content\/uploads\/ushuaia-1024x641.jpg\" alt=\"\" width=\"1024\" height=\"641\" \/><\/a><\/div>\n<div class=\"post-content clearfix\">\n<div class=\"at-above-post addthis_tool\" data-url=\"http:\/\/nosotros.ellitoral.com\/una-mision-la-nasa-llego-ushuaia-realizar-vuelos-cientificos-la-antartida\/de-todo-un-poco\" data-title=\"Una misi\u00f3n de la NASA lleg\u00f3 a Ushuaia para realizar vuelos cient\u00edficos a la Ant\u00e1rtida\" data-description=\"Una misi\u00f3n de cient\u00edficos de la Administraci\u00f3n Nacional de la Aeron\u00e1utica y del Espacio de los Estados Unidos (NASA) lleg\u00f3 en las \u00faltimas horas a ...\">\n<div id=\"atstbx\" class=\"at-share-tbx-element addthis-smartlayers addthis-animated at4-show\" role=\"region\" aria-labelledby=\"at-0634110a-83dc-4147-b742-becb3a1f59eb\"><span id=\"at-0634110a-83dc-4147-b742-becb3a1f59eb\" class=\"at4-visually-hidden\"><\/span><\/p>\n<div class=\"at-share-btn-elements\"><span class=\"at_flat_counter\">1<\/span><\/div>\n<\/div>\n<\/div>\n<p>&nbsp;<\/p>\n<p>La comitiva forma parte del programa IceBridge de la NASA, una iniciativa orientada a \u201cestudiar y comprender el comportamiento de glaciares y capas de hielo en el continente ant\u00e1rtico\u201d que por primera vez har\u00e1 base en una ciudad argentina.<\/p>\n<p>&nbsp;<\/p>\n<p>Los vuelos, que partir\u00e1n desde el aeropuerto Malvinas Argentinas de la capital fueguina, se realizar\u00e1n en una aeronave P-3 y tendr\u00e1n como misi\u00f3n sobrevolar la zona ant\u00e1rtica occidental, caracterizada por los cambios clim\u00e1ticos m\u00e1s r\u00e1pidos, y \u201cestudiar el hielo de los mares de Bellingshausen y Weddell, y los glaciares de la pen\u00ednsula ant\u00e1rtica, como as\u00ed las costas English y Bryan\u201d, inform\u00f3 la agencia estadounidense.<\/p>\n<p>&nbsp;<\/p>\n<p>Los cient\u00edficos prev\u00e9n realizar al menos seis vuelos con el P-3 y hasta once, si el clima sumamente dif\u00edcil de la regi\u00f3n as\u00ed lo permite.<\/p>\n<p>&nbsp;<\/p>\n<p>El programa IceBridge operaba desde su inicio en 2009 en la ciudad chilena de Punta Arenas, pero este a\u00f1o la NASA decidi\u00f3 cambiar la aeronave DC8 que se utiliz\u00f3 hasta 2016, por el P-3 que posee un rango de autonom\u00eda menor.<\/p>\n<p><img decoding=\"async\" class=\"alignnone size-large wp-image-7745\" src=\"http:\/\/nosotros.ellitoral.com\/wp-content\/uploads\/antartida-1024x576.jpg\" sizes=\"(max-width: 1024px) 100vw, 1024px\" srcset=\"http:\/\/nosotros.ellitoral.com\/wp-content\/uploads\/antartida.jpg 1024w, http:\/\/nosotros.ellitoral.com\/wp-content\/uploads\/antartida-300x169.jpg 300w, http:\/\/nosotros.ellitoral.com\/wp-content\/uploads\/antartida-768x432.jpg 768w\" alt=\"\" width=\"1024\" height=\"576\" \/><\/p>\n<p>\u201cAl volar desde Ushuaia en lugar de Punta Arenas, estamos ahorrando una hora de vuelo de viaje y con ello maximizamos el tiempo de relevamiento de nuevos datos que para nosotros es muy importante\u201d, dijo Nathan Kurtz, cient\u00edfico del proyecto IceBridge e investigador del hielo marino del Centro Goddard de Vuelos Espaciales de la NASA en Greenbelt, Maryland.<\/p>\n<p>&nbsp;<\/p>\n<p>Voceros de la misi\u00f3n explicaron que uno de los vuelos previstos incluye volar \u201cpor debajo del TanDEM-X, un sat\u00e9lite de radar operado en forma conjunta por la agencia espacial de Alemania DLR y la empresa privada Airbus Defence and Space SAS\u201d.<\/p>\n<p>&nbsp;<\/p>\n<p>\u201cMediante la comparaci\u00f3n de las mediciones realizadas por IceBridge y el sat\u00e9lite TanDEM-X, los cient\u00edficos buscan saber si pueden utilizar los datos de la aeronave espacial alemana para detectar la denominada zona frontal del hielo, una banda de hielo marino de mayor antig\u00fcedad y espesor que podr\u00eda existir cerca del borde norte del anillo de hielo marino que circunda la Ant\u00e1rtida, y que de existir, podr\u00eda tener un efecto protector sobre la masa de hielo marino\u201d, detallaron las fuentes de la agencia norteamericana.<\/p>\n<p>&nbsp;<\/p>\n<p>El avi\u00f3n que se utilizar\u00e1 para la misi\u00f3n lleva un equipo completo de instrumentos, entre ellos un alt\u00edmetro l\u00e1ser topogr\u00e1fico que mide la elevaci\u00f3n de la superficie de hielo.<\/p>\n<p>&nbsp;<\/p>\n<p>IceBridge volar\u00e1 con dos versiones de este instrumento: uno equipado solamente con un l\u00e1ser verde y, por primera vez, una versi\u00f3n de dos colores que emite pulsos l\u00e1ser infrarrojo y verde.<\/p>\n<p>&nbsp;<\/p>\n<p>Los datos relevados por el instrumento l\u00e1ser de dos colores ser\u00e1n utilizado para relacionar las mediciones realizadas por IceBridge con las de una pr\u00f3xima misi\u00f3n satelital de la NASA: \u201cHielo, Nube y Elevaci\u00f3n de la Tierra ? Sat\u00e9lite-2 o ICESat-2\u201d, cuyo lanzamiento se prev\u00e9 para fines de 2018\u2018 precis\u00f3 la NASA.<\/p>\n<p>&nbsp;<\/p>\n<p>Un interrogante pendiente que plantea la misi\u00f3n ICESat-2 es si el l\u00e1ser verde penetrar\u00e1 profundamente la capa de nieve, situaci\u00f3n que \u201cpodr\u00eda causar distorsiones en las mediciones de la elevaci\u00f3n de la superficie de hielo\u201d, se\u00f1al\u00f3 Kurtz.<\/p>\n<p>&nbsp;<\/p>\n<p>La comparaci\u00f3n de las medidas de elevaci\u00f3n tomadas simult\u00e1neamente por el l\u00e1ser verde y el infrarrojo que no penetra la nieve permitir\u00e1 a los cient\u00edficos determinar si la nieve afecta las mediciones del l\u00e1ser verde de la ICESat-2.<\/p>\n<p>&nbsp;<\/p>\n<p>El P-3 tambi\u00e9n llevar\u00e1 a bordo tres sondas de radar que miden el espesor y las capas de nieve y hielo, una c\u00e1mara de alta resoluci\u00f3n para registrar el terreno relevado y una c\u00e1mara infrarroja para medir la temperatura de la superficie.<\/p>\n<p>Fuente:\u00a0http:\/\/nosotros.ellitoral.com\/una-mision-la-nasa-llego-ushuaia-realizar-vuelos-cientificos-la-antartida\/de-todo-un-poco#.Wfd6C1vWzIU<\/p>\n<\/div>\n","protected":false},"excerpt":{"rendered":"<p>Ushuaia.-Una misi\u00f3n de cient\u00edficos de la Administraci\u00f3n Nacional de la Aeron\u00e1utica y del Espacio de los Estados Unidos (NASA) lleg\u00f3 [&hellip;]<\/p>\n","protected":false},"author":2,"featured_media":37300,"comment_status":"open","ping_status":"open","sticky":false,"template":"","format":"standard","meta":{"site-sidebar-layout":"default","site-content-layout":"","ast-site-content-layout":"default","site-content-style":"default","site-sidebar-style":"default","ast-global-header-display":"","ast-banner-title-visibility":"","ast-main-header-display":"","ast-hfb-above-header-display":"","ast-hfb-below-header-display":"","ast-hfb-mobile-header-display":"","site-post-title":"","ast-breadcrumbs-content":"","ast-featured-img":"","footer-sml-layout":"","ast-disable-related-posts":"","theme-transparent-header-meta":"","adv-header-id-meta":"","stick-header-meta":"","header-above-stick-meta":"","header-main-stick-meta":"","header-below-stick-meta":"","astra-migrate-meta-layouts":"default","ast-page-background-enabled":"default","ast-page-background-meta":{"desktop":{"background-color":"var(--ast-global-color-5)","background-image":"","background-repeat":"repeat","background-position":"center center","background-size":"auto","background-attachment":"scroll","background-type":"","background-media":"","overlay-type":"","overlay-color":"","overlay-opacity":"","overlay-gradient":""},"tablet":{"background-color":"","background-image":"","background-repeat":"repeat","background-position":"center center","background-size":"auto","background-attachment":"scroll","background-type":"","background-media":"","overlay-type":"","overlay-color":"","overlay-opacity":"","overlay-gradient":""},"mobile":{"background-color":"","background-image":"","background-repeat":"repeat","background-position":"center center","background-size":"auto","background-attachment":"scroll","background-type":"","background-media":"","overlay-type":"","overlay-color":"","overlay-opacity":"","overlay-gradient":""}},"ast-content-background-meta":{"desktop":{"background-color":"var(--ast-global-color-4)","background-image":"","background-repeat":"repeat","background-position":"center center","background-size":"auto","background-attachment":"scroll","background-type":"","background-media":"","overlay-type":"","overlay-color":"","overlay-opacity":"","overlay-gradient":""},"tablet":{"background-color":"var(--ast-global-color-4)","background-image":"","background-repeat":"repeat","background-position":"center center","background-size":"auto","background-attachment":"scroll","background-type":"","background-media":"","overlay-type":"","overlay-color":"","overlay-opacity":"","overlay-gradient":""},"mobile":{"background-color":"var(--ast-global-color-4)","background-image":"","background-repeat":"repeat","background-position":"center center","background-size":"auto","background-attachment":"scroll","background-type":"","background-media":"","overlay-type":"","overlay-color":"","overlay-opacity":"","overlay-gradient":""}},"footnotes":""},"categories":[23,1],"tags":[],"class_list":["post-37299","post","type-post","status-publish","format-standard","has-post-thumbnail","hentry","category-internacionales","category-noticias"],"yoast_head":"<!-- This site is optimized with the Yoast SEO Premium plugin v23.0 (Yoast SEO v27.4) - https:\/\/yoast.com\/product\/yoast-seo-premium-wordpress\/ -->\n<title>Una misi\u00f3n de la NASA lleg\u00f3 a Ushuaia para realizar vuelos cientificos a la Ant\u00e1rtida<\/title>\n<meta name=\"robots\" content=\"index, follow, max-snippet:-1, max-image-preview:large, max-video-preview:-1\" \/>\n<link rel=\"canonical\" href=\"https:\/\/patagoniambiental.com.ar\/info\/una-mision-de-la-nasa-llego-a-ushuaia-para-realizar-vuelos-cientificos-a-la-antartida\/\" \/>\n<meta property=\"og:locale\" content=\"es_ES\" \/>\n<meta property=\"og:type\" content=\"article\" \/>\n<meta property=\"og:title\" content=\"Una misi\u00f3n de la NASA lleg\u00f3 a Ushuaia para realizar vuelos cientificos a la Ant\u00e1rtida\" \/>\n<meta property=\"og:description\" content=\"Ushuaia.-Una misi\u00f3n de cient\u00edficos de la Administraci\u00f3n Nacional de la Aeron\u00e1utica y del Espacio de los Estados Unidos (NASA) lleg\u00f3 [&hellip;]\" \/>\n<meta property=\"og:url\" content=\"https:\/\/patagoniambiental.com.ar\/info\/una-mision-de-la-nasa-llego-a-ushuaia-para-realizar-vuelos-cientificos-a-la-antartida\/\" \/>\n<meta property=\"og:site_name\" content=\"Patagonia Ambiental\" \/>\n<meta property=\"article:publisher\" content=\"https:\/\/www.facebook.com\/patagonia.ambiental\" \/>\n<meta property=\"article:author\" content=\"https:\/\/www.facebook.com\/share\/1C1V8Gv9BX\/?mibextid=qi2Omg\" \/>\n<meta property=\"article:published_time\" content=\"2017-10-30T22:00:12+00:00\" \/>\n<meta property=\"og:image\" content=\"https:\/\/patagoniambiental.com.ar\/info\/wp-content\/uploads\/2017\/10\/DNZbJWeWAAAxzm1.jpg\" \/>\n\t<meta property=\"og:image:width\" content=\"960\" \/>\n\t<meta property=\"og:image:height\" content=\"720\" \/>\n\t<meta property=\"og:image:type\" content=\"image\/jpeg\" \/>\n<meta name=\"author\" content=\"Patagonia Ambiental\" \/>\n<meta name=\"twitter:card\" content=\"summary_large_image\" \/>\n<meta name=\"twitter:creator\" content=\"@PatAmb\" \/>\n<meta name=\"twitter:site\" content=\"@PatAmb\" \/>\n<script type=\"application\/ld+json\" class=\"yoast-schema-graph\">{\"@context\":\"https:\\\/\\\/schema.org\",\"@graph\":[{\"@type\":\"Article\",\"@id\":\"https:\\\/\\\/patagoniambiental.com.ar\\\/info\\\/una-mision-de-la-nasa-llego-a-ushuaia-para-realizar-vuelos-cientificos-a-la-antartida\\\/#article\",\"isPartOf\":{\"@id\":\"https:\\\/\\\/patagoniambiental.com.ar\\\/info\\\/una-mision-de-la-nasa-llego-a-ushuaia-para-realizar-vuelos-cientificos-a-la-antartida\\\/\"},\"author\":{\"name\":\"Patagonia Ambiental\",\"@id\":\"https:\\\/\\\/patagoniambiental.com.ar\\\/info\\\/#\\\/schema\\\/person\\\/db12bff64bbcbf6a253710bf0ea37b5d\"},\"headline\":\"Una misi\u00f3n de la NASA lleg\u00f3 a Ushuaia para realizar vuelos cientificos a la Ant\u00e1rtida\",\"datePublished\":\"2017-10-30T22:00:12+00:00\",\"mainEntityOfPage\":{\"@id\":\"https:\\\/\\\/patagoniambiental.com.ar\\\/info\\\/una-mision-de-la-nasa-llego-a-ushuaia-para-realizar-vuelos-cientificos-a-la-antartida\\\/\"},\"wordCount\":756,\"commentCount\":0,\"publisher\":{\"@id\":\"https:\\\/\\\/patagoniambiental.com.ar\\\/info\\\/#organization\"},\"image\":{\"@id\":\"https:\\\/\\\/patagoniambiental.com.ar\\\/info\\\/una-mision-de-la-nasa-llego-a-ushuaia-para-realizar-vuelos-cientificos-a-la-antartida\\\/#primaryimage\"},\"thumbnailUrl\":\"https:\\\/\\\/patagoniambiental.com.ar\\\/info\\\/wp-content\\\/uploads\\\/2017\\\/10\\\/DNZbJWeWAAAxzm1.jpg\",\"articleSection\":[\"Internacionales\",\"Noticias\"],\"inLanguage\":\"es\",\"potentialAction\":[{\"@type\":\"CommentAction\",\"name\":\"Comment\",\"target\":[\"https:\\\/\\\/patagoniambiental.com.ar\\\/info\\\/una-mision-de-la-nasa-llego-a-ushuaia-para-realizar-vuelos-cientificos-a-la-antartida\\\/#respond\"]}]},{\"@type\":\"WebPage\",\"@id\":\"https:\\\/\\\/patagoniambiental.com.ar\\\/info\\\/una-mision-de-la-nasa-llego-a-ushuaia-para-realizar-vuelos-cientificos-a-la-antartida\\\/\",\"url\":\"https:\\\/\\\/patagoniambiental.com.ar\\\/info\\\/una-mision-de-la-nasa-llego-a-ushuaia-para-realizar-vuelos-cientificos-a-la-antartida\\\/\",\"name\":\"Una misi\u00f3n de la NASA lleg\u00f3 a Ushuaia para realizar vuelos cientificos a la Ant\u00e1rtida\",\"isPartOf\":{\"@id\":\"https:\\\/\\\/patagoniambiental.com.ar\\\/info\\\/#website\"},\"primaryImageOfPage\":{\"@id\":\"https:\\\/\\\/patagoniambiental.com.ar\\\/info\\\/una-mision-de-la-nasa-llego-a-ushuaia-para-realizar-vuelos-cientificos-a-la-antartida\\\/#primaryimage\"},\"image\":{\"@id\":\"https:\\\/\\\/patagoniambiental.com.ar\\\/info\\\/una-mision-de-la-nasa-llego-a-ushuaia-para-realizar-vuelos-cientificos-a-la-antartida\\\/#primaryimage\"},\"thumbnailUrl\":\"https:\\\/\\\/patagoniambiental.com.ar\\\/info\\\/wp-content\\\/uploads\\\/2017\\\/10\\\/DNZbJWeWAAAxzm1.jpg\",\"datePublished\":\"2017-10-30T22:00:12+00:00\",\"breadcrumb\":{\"@id\":\"https:\\\/\\\/patagoniambiental.com.ar\\\/info\\\/una-mision-de-la-nasa-llego-a-ushuaia-para-realizar-vuelos-cientificos-a-la-antartida\\\/#breadcrumb\"},\"inLanguage\":\"es\",\"potentialAction\":[{\"@type\":\"ReadAction\",\"target\":[\"https:\\\/\\\/patagoniambiental.com.ar\\\/info\\\/una-mision-de-la-nasa-llego-a-ushuaia-para-realizar-vuelos-cientificos-a-la-antartida\\\/\"]}]},{\"@type\":\"ImageObject\",\"inLanguage\":\"es\",\"@id\":\"https:\\\/\\\/patagoniambiental.com.ar\\\/info\\\/una-mision-de-la-nasa-llego-a-ushuaia-para-realizar-vuelos-cientificos-a-la-antartida\\\/#primaryimage\",\"url\":\"https:\\\/\\\/patagoniambiental.com.ar\\\/info\\\/wp-content\\\/uploads\\\/2017\\\/10\\\/DNZbJWeWAAAxzm1.jpg\",\"contentUrl\":\"https:\\\/\\\/patagoniambiental.com.ar\\\/info\\\/wp-content\\\/uploads\\\/2017\\\/10\\\/DNZbJWeWAAAxzm1.jpg\",\"width\":800,\"height\":600,\"caption\":\"https:\\\/\\\/twitter.com\\\/NASA_ICE?ref_src=twsrc%5Etfw&ref_url=http%3A%2F%2Fwww.telam.com.ar%2Fnotas%2F201710%2F217602-una-mision-de-la-nasa-llego-a-ushuaia-para-realizar-vuelos-cientificos-a-la-antartida.html\"},{\"@type\":\"BreadcrumbList\",\"@id\":\"https:\\\/\\\/patagoniambiental.com.ar\\\/info\\\/una-mision-de-la-nasa-llego-a-ushuaia-para-realizar-vuelos-cientificos-a-la-antartida\\\/#breadcrumb\",\"itemListElement\":[{\"@type\":\"ListItem\",\"position\":1,\"name\":\"Inicio\",\"item\":\"https:\\\/\\\/patagoniambiental.com.ar\\\/info\\\/\"},{\"@type\":\"ListItem\",\"position\":2,\"name\":\"Una misi\u00f3n de la NASA lleg\u00f3 a Ushuaia para realizar vuelos cientificos a la Ant\u00e1rtida\"}]},{\"@type\":\"WebSite\",\"@id\":\"https:\\\/\\\/patagoniambiental.com.ar\\\/info\\\/#website\",\"url\":\"https:\\\/\\\/patagoniambiental.com.ar\\\/info\\\/\",\"name\":\"Patagonia Ambiental\",\"description\":\"Monitoreo y an\u00e1lisis de la situaci\u00f3n geopol\u00edtica en el mundo y su implicancia en la Patagonia\",\"publisher\":{\"@id\":\"https:\\\/\\\/patagoniambiental.com.ar\\\/info\\\/#organization\"},\"potentialAction\":[{\"@type\":\"SearchAction\",\"target\":{\"@type\":\"EntryPoint\",\"urlTemplate\":\"https:\\\/\\\/patagoniambiental.com.ar\\\/info\\\/?s={search_term_string}\"},\"query-input\":{\"@type\":\"PropertyValueSpecification\",\"valueRequired\":true,\"valueName\":\"search_term_string\"}}],\"inLanguage\":\"es\"},{\"@type\":\"Organization\",\"@id\":\"https:\\\/\\\/patagoniambiental.com.ar\\\/info\\\/#organization\",\"name\":\"Patagonia Ambiental\",\"url\":\"https:\\\/\\\/patagoniambiental.com.ar\\\/info\\\/\",\"logo\":{\"@type\":\"ImageObject\",\"inLanguage\":\"es\",\"@id\":\"https:\\\/\\\/patagoniambiental.com.ar\\\/info\\\/#\\\/schema\\\/logo\\\/image\\\/\",\"url\":\"https:\\\/\\\/patagoniambiental.com.ar\\\/info\\\/wp-content\\\/uploads\\\/2025\\\/05\\\/LOGO-PATAGONIA-AMBIENTAL.png\",\"contentUrl\":\"https:\\\/\\\/patagoniambiental.com.ar\\\/info\\\/wp-content\\\/uploads\\\/2025\\\/05\\\/LOGO-PATAGONIA-AMBIENTAL.png\",\"width\":433,\"height\":250,\"caption\":\"Patagonia Ambiental\"},\"image\":{\"@id\":\"https:\\\/\\\/patagoniambiental.com.ar\\\/info\\\/#\\\/schema\\\/logo\\\/image\\\/\"},\"sameAs\":[\"https:\\\/\\\/www.facebook.com\\\/patagonia.ambiental\",\"https:\\\/\\\/x.com\\\/PatAmb\"]},{\"@type\":\"Person\",\"@id\":\"https:\\\/\\\/patagoniambiental.com.ar\\\/info\\\/#\\\/schema\\\/person\\\/db12bff64bbcbf6a253710bf0ea37b5d\",\"name\":\"Patagonia Ambiental\",\"description\":\"Andr\u00e9s Nievas T\u00e9cnico en manejo ambiental, consultor Ambiental y escritor para medios locales e internacionales sobre temas de geopolitica y medio ambiente.\",\"sameAs\":[\"http:\\\/\\\/www.patagoniambiental.com.ar\",\"https:\\\/\\\/www.facebook.com\\\/share\\\/1C1V8Gv9BX\\\/?mibextid=qi2Omg\",\"@patagoniambiental\",\"https:\\\/\\\/youtube.com\\\/@patagoniaambiental2023?si=BLt58t0wuXquxlYZ\"]}]}<\/script>\n<!-- \/ Yoast SEO Premium plugin. -->","yoast_head_json":{"title":"Una misi\u00f3n de la NASA lleg\u00f3 a Ushuaia para realizar vuelos cientificos a la Ant\u00e1rtida","robots":{"index":"index","follow":"follow","max-snippet":"max-snippet:-1","max-image-preview":"max-image-preview:large","max-video-preview":"max-video-preview:-1"},"canonical":"https:\/\/patagoniambiental.com.ar\/info\/una-mision-de-la-nasa-llego-a-ushuaia-para-realizar-vuelos-cientificos-a-la-antartida\/","og_locale":"es_ES","og_type":"article","og_title":"Una misi\u00f3n de la NASA lleg\u00f3 a Ushuaia para realizar vuelos cientificos a la Ant\u00e1rtida","og_description":"Ushuaia.-Una misi\u00f3n de cient\u00edficos de la Administraci\u00f3n Nacional de la Aeron\u00e1utica y del Espacio de los Estados Unidos (NASA) lleg\u00f3 [&hellip;]","og_url":"https:\/\/patagoniambiental.com.ar\/info\/una-mision-de-la-nasa-llego-a-ushuaia-para-realizar-vuelos-cientificos-a-la-antartida\/","og_site_name":"Patagonia Ambiental","article_publisher":"https:\/\/www.facebook.com\/patagonia.ambiental","article_author":"https:\/\/www.facebook.com\/share\/1C1V8Gv9BX\/?mibextid=qi2Omg","article_published_time":"2017-10-30T22:00:12+00:00","og_image":[{"width":960,"height":720,"url":"https:\/\/patagoniambiental.com.ar\/info\/wp-content\/uploads\/2017\/10\/DNZbJWeWAAAxzm1.jpg","type":"image\/jpeg"}],"author":"Patagonia Ambiental","twitter_card":"summary_large_image","twitter_creator":"@PatAmb","twitter_site":"@PatAmb","schema":{"@context":"https:\/\/schema.org","@graph":[{"@type":"Article","@id":"https:\/\/patagoniambiental.com.ar\/info\/una-mision-de-la-nasa-llego-a-ushuaia-para-realizar-vuelos-cientificos-a-la-antartida\/#article","isPartOf":{"@id":"https:\/\/patagoniambiental.com.ar\/info\/una-mision-de-la-nasa-llego-a-ushuaia-para-realizar-vuelos-cientificos-a-la-antartida\/"},"author":{"name":"Patagonia Ambiental","@id":"https:\/\/patagoniambiental.com.ar\/info\/#\/schema\/person\/db12bff64bbcbf6a253710bf0ea37b5d"},"headline":"Una misi\u00f3n de la NASA lleg\u00f3 a Ushuaia para realizar vuelos cientificos a la Ant\u00e1rtida","datePublished":"2017-10-30T22:00:12+00:00","mainEntityOfPage":{"@id":"https:\/\/patagoniambiental.com.ar\/info\/una-mision-de-la-nasa-llego-a-ushuaia-para-realizar-vuelos-cientificos-a-la-antartida\/"},"wordCount":756,"commentCount":0,"publisher":{"@id":"https:\/\/patagoniambiental.com.ar\/info\/#organization"},"image":{"@id":"https:\/\/patagoniambiental.com.ar\/info\/una-mision-de-la-nasa-llego-a-ushuaia-para-realizar-vuelos-cientificos-a-la-antartida\/#primaryimage"},"thumbnailUrl":"https:\/\/patagoniambiental.com.ar\/info\/wp-content\/uploads\/2017\/10\/DNZbJWeWAAAxzm1.jpg","articleSection":["Internacionales","Noticias"],"inLanguage":"es","potentialAction":[{"@type":"CommentAction","name":"Comment","target":["https:\/\/patagoniambiental.com.ar\/info\/una-mision-de-la-nasa-llego-a-ushuaia-para-realizar-vuelos-cientificos-a-la-antartida\/#respond"]}]},{"@type":"WebPage","@id":"https:\/\/patagoniambiental.com.ar\/info\/una-mision-de-la-nasa-llego-a-ushuaia-para-realizar-vuelos-cientificos-a-la-antartida\/","url":"https:\/\/patagoniambiental.com.ar\/info\/una-mision-de-la-nasa-llego-a-ushuaia-para-realizar-vuelos-cientificos-a-la-antartida\/","name":"Una misi\u00f3n de la NASA lleg\u00f3 a Ushuaia para realizar vuelos cientificos a la Ant\u00e1rtida","isPartOf":{"@id":"https:\/\/patagoniambiental.com.ar\/info\/#website"},"primaryImageOfPage":{"@id":"https:\/\/patagoniambiental.com.ar\/info\/una-mision-de-la-nasa-llego-a-ushuaia-para-realizar-vuelos-cientificos-a-la-antartida\/#primaryimage"},"image":{"@id":"https:\/\/patagoniambiental.com.ar\/info\/una-mision-de-la-nasa-llego-a-ushuaia-para-realizar-vuelos-cientificos-a-la-antartida\/#primaryimage"},"thumbnailUrl":"https:\/\/patagoniambiental.com.ar\/info\/wp-content\/uploads\/2017\/10\/DNZbJWeWAAAxzm1.jpg","datePublished":"2017-10-30T22:00:12+00:00","breadcrumb":{"@id":"https:\/\/patagoniambiental.com.ar\/info\/una-mision-de-la-nasa-llego-a-ushuaia-para-realizar-vuelos-cientificos-a-la-antartida\/#breadcrumb"},"inLanguage":"es","potentialAction":[{"@type":"ReadAction","target":["https:\/\/patagoniambiental.com.ar\/info\/una-mision-de-la-nasa-llego-a-ushuaia-para-realizar-vuelos-cientificos-a-la-antartida\/"]}]},{"@type":"ImageObject","inLanguage":"es","@id":"https:\/\/patagoniambiental.com.ar\/info\/una-mision-de-la-nasa-llego-a-ushuaia-para-realizar-vuelos-cientificos-a-la-antartida\/#primaryimage","url":"https:\/\/patagoniambiental.com.ar\/info\/wp-content\/uploads\/2017\/10\/DNZbJWeWAAAxzm1.jpg","contentUrl":"https:\/\/patagoniambiental.com.ar\/info\/wp-content\/uploads\/2017\/10\/DNZbJWeWAAAxzm1.jpg","width":800,"height":600,"caption":"https:\/\/twitter.com\/NASA_ICE?ref_src=twsrc%5Etfw&ref_url=http%3A%2F%2Fwww.telam.com.ar%2Fnotas%2F201710%2F217602-una-mision-de-la-nasa-llego-a-ushuaia-para-realizar-vuelos-cientificos-a-la-antartida.html"},{"@type":"BreadcrumbList","@id":"https:\/\/patagoniambiental.com.ar\/info\/una-mision-de-la-nasa-llego-a-ushuaia-para-realizar-vuelos-cientificos-a-la-antartida\/#breadcrumb","itemListElement":[{"@type":"ListItem","position":1,"name":"Inicio","item":"https:\/\/patagoniambiental.com.ar\/info\/"},{"@type":"ListItem","position":2,"name":"Una misi\u00f3n de la NASA lleg\u00f3 a Ushuaia para realizar vuelos cientificos a la Ant\u00e1rtida"}]},{"@type":"WebSite","@id":"https:\/\/patagoniambiental.com.ar\/info\/#website","url":"https:\/\/patagoniambiental.com.ar\/info\/","name":"Patagonia Ambiental","description":"Monitoreo y an\u00e1lisis de la situaci\u00f3n geopol\u00edtica en el mundo y su implicancia en la Patagonia","publisher":{"@id":"https:\/\/patagoniambiental.com.ar\/info\/#organization"},"potentialAction":[{"@type":"SearchAction","target":{"@type":"EntryPoint","urlTemplate":"https:\/\/patagoniambiental.com.ar\/info\/?s={search_term_string}"},"query-input":{"@type":"PropertyValueSpecification","valueRequired":true,"valueName":"search_term_string"}}],"inLanguage":"es"},{"@type":"Organization","@id":"https:\/\/patagoniambiental.com.ar\/info\/#organization","name":"Patagonia Ambiental","url":"https:\/\/patagoniambiental.com.ar\/info\/","logo":{"@type":"ImageObject","inLanguage":"es","@id":"https:\/\/patagoniambiental.com.ar\/info\/#\/schema\/logo\/image\/","url":"https:\/\/patagoniambiental.com.ar\/info\/wp-content\/uploads\/2025\/05\/LOGO-PATAGONIA-AMBIENTAL.png","contentUrl":"https:\/\/patagoniambiental.com.ar\/info\/wp-content\/uploads\/2025\/05\/LOGO-PATAGONIA-AMBIENTAL.png","width":433,"height":250,"caption":"Patagonia Ambiental"},"image":{"@id":"https:\/\/patagoniambiental.com.ar\/info\/#\/schema\/logo\/image\/"},"sameAs":["https:\/\/www.facebook.com\/patagonia.ambiental","https:\/\/x.com\/PatAmb"]},{"@type":"Person","@id":"https:\/\/patagoniambiental.com.ar\/info\/#\/schema\/person\/db12bff64bbcbf6a253710bf0ea37b5d","name":"Patagonia Ambiental","description":"Andr\u00e9s Nievas T\u00e9cnico en manejo ambiental, consultor Ambiental y escritor para medios locales e internacionales sobre temas de geopolitica y medio ambiente.","sameAs":["http:\/\/www.patagoniambiental.com.ar","https:\/\/www.facebook.com\/share\/1C1V8Gv9BX\/?mibextid=qi2Omg","@patagoniambiental","https:\/\/youtube.com\/@patagoniaambiental2023?si=BLt58t0wuXquxlYZ"]}]}},"_links":{"self":[{"href":"https:\/\/patagoniambiental.com.ar\/info\/wp-json\/wp\/v2\/posts\/37299","targetHints":{"allow":["GET"]}}],"collection":[{"href":"https:\/\/patagoniambiental.com.ar\/info\/wp-json\/wp\/v2\/posts"}],"about":[{"href":"https:\/\/patagoniambiental.com.ar\/info\/wp-json\/wp\/v2\/types\/post"}],"author":[{"embeddable":true,"href":"https:\/\/patagoniambiental.com.ar\/info\/wp-json\/wp\/v2\/users\/2"}],"replies":[{"embeddable":true,"href":"https:\/\/patagoniambiental.com.ar\/info\/wp-json\/wp\/v2\/comments?post=37299"}],"version-history":[{"count":0,"href":"https:\/\/patagoniambiental.com.ar\/info\/wp-json\/wp\/v2\/posts\/37299\/revisions"}],"wp:featuredmedia":[{"embeddable":true,"href":"https:\/\/patagoniambiental.com.ar\/info\/wp-json\/wp\/v2\/media\/37300"}],"wp:attachment":[{"href":"https:\/\/patagoniambiental.com.ar\/info\/wp-json\/wp\/v2\/media?parent=37299"}],"wp:term":[{"taxonomy":"category","embeddable":true,"href":"https:\/\/patagoniambiental.com.ar\/info\/wp-json\/wp\/v2\/categories?post=37299"},{"taxonomy":"post_tag","embeddable":true,"href":"https:\/\/patagoniambiental.com.ar\/info\/wp-json\/wp\/v2\/tags?post=37299"}],"curies":[{"name":"wp","href":"https:\/\/api.w.org\/{rel}","templated":true}]}}