{"id":37355,"date":"2017-10-31T19:00:13","date_gmt":"2017-10-31T22:00:13","guid":{"rendered":"http:\/\/patagoniambiental.com.ar\/info\/?p=37355"},"modified":"2017-10-31T13:37:23","modified_gmt":"2017-10-31T16:37:23","slug":"el-cambio-climatico-es-una-realidad-aqui-y-ahora-y-tambien-requiere-de-nosotros","status":"publish","type":"post","link":"https:\/\/patagoniambiental.com.ar\/info\/el-cambio-climatico-es-una-realidad-aqui-y-ahora-y-tambien-requiere-de-nosotros\/","title":{"rendered":"\u00abEl Cambio Clim\u00e1tico es una realidad aqu\u00ed y ahora, y tambi\u00e9n requiere de nosotros\u00bb"},"content":{"rendered":"<div class=\"addthis_inline_share_toolbox\" data-url=\"http:\/\/www.ar.undp.org\/content\/argentina\/es\/home\/presscenter\/pressreleases\/2017\/10\/30\/el-cambio-clim-tico-es-una-realidad-aqu-y-ahora-y-tambi-n-requiere-de-nosotros.html\" data-title=\"\"><\/div>\n<div class=\"addthis_inline_share_toolbox_2015\" data-url=\"http:\/\/www.ar.undp.org\/content\/argentina\/es\/home\/presscenter\/pressreleases\/2017\/10\/30\/el-cambio-clim-tico-es-una-realidad-aqu-y-ahora-y-tambi-n-requiere-de-nosotros.html\" data-title=\"\"><span class=\"media-caption\">Charly Alberti &#8211; Embajador de Buena Voluntad del PNUD en Argentina<\/span><\/div>\n<p><!--more--><\/p>\n<h4><b>Charly Alberti es nombrado Embajador de Buena Voluntad del Programa de las Naciones Unidas para el Desarrollo en Argentina<\/b><\/h4>\n<p>El Programa de las Naciones Unidas para el Desarrollo (PNUD) en Argentina, nombr\u00f3 a Charly Alberti, como Embajador de Buena Voluntad. Alberti, de reconocida trayectoria internacional como m\u00fasico y activista en favor del ambiente, participar\u00e1 de numerosas acciones destinadas a sensibilizar y crear conciencia sobre el Cambio Clim\u00e1tico.<\/p>\n<p>Ciudad Aut\u00f3noma de Buenos Aires, 30 de Octubre de 2017- La oficina del Programa de las Naciones Unidas para el Desarrollo -PNUD- en Argentina, anuncia el nombramiento de Charly Alberti, como Embajador de Buena Voluntad \u2013 EBV-.<\/p>\n<p>Alberti, de reconocida trayectoria art\u00edstica tanto a nivel nacional como internacional, es tambi\u00e9n un comprometido promotor del cuidado del ambiente y de los recursos naturales. Su actividad en favor de un cambio de conciencia ambiental, es ampliamente conocida y ha trascendido de igual forma en distintos espacios y foros dedicados a la tem\u00e1tica.<\/p>\n<p>\u201cPara mi es un gran honor recibir esta designacion y poder colaborar con el PNUD en el importante trabajo que vienen realizando de generar conciencia sobre nuestra relaci\u00f3n con el medioambiente &#8211;dijo Alberti&#8211;. Estoy convencido de que un cambio en nuestras conductas cotidianas har\u00e1 la diferencia. El Cambio Ambiental Global es una realidad que esta modificando rapidamente nuestro ambiente y formas de desarrollo. Lograr un cambio de conducta y conciencia en la poblacion es fundamental para lograr el desarrollo sostenible que permita abordar un futuro con mayor equidad economica, social y ambiental\u201d.<\/p>\n<p>La participaci\u00f3n de Alberti como EBV, estar\u00e1 dirigida a sensibilizar y abogar por un cambio en las acciones individuales y colectivas para que puedan impactar positivamente en el cuidado del ambiente natural y humano, con vistas a la prevenci\u00f3n de los efectos del Cambio Clim\u00e1tico en Argentina. Alberti acompa\u00f1ar\u00e1 de esta forma el trabajo que el PNUD realiza en el pa\u00eds, invitando a la ciudadan\u00eda a desempe\u00f1ar un rol activo en la prevenci\u00f3n y mitigaci\u00f3n de los efectos del Cambio Clim\u00e1tico.<\/p>\n<p>\u201cDesde el PNUD trabajamos para que ese desarrollo sostenible se fundamente en los derechos humanos, la igualdad de g\u00e9nero, la transparencia en las instituciones, los derechos de acceso y el enfoque de sustentabilidad ambiental y Cambio Clim\u00e1tico\u201d se\u00f1al\u00f3 Maria Eugenia Di Paola, al referirse al enfoque del \u00e1rea de Ambiente y Desarrollo Sostenible, cuyas actividades coordina.<\/p>\n<p>Charly Alberti ser\u00e1 tambi\u00e9n la voz e imagen de la Campa\u00f1a de Acci\u00f3n por el Clima, promovida por el PNUD en Argentina, comprendida en el marco de la Iniciativa Global \u201cPara 2030\u201d, campa\u00f1a propuesta con el fin de sumar el apoyo p\u00fablico a la adopci\u00f3n de la Agenda 2030 y los 17 Objetivos de Desarrollo Sostenible.<\/p>\n<p><b>El rol de los EBV en los pa\u00edses<\/b><\/p>\n<p>La figura del EBV es utilizada por las Naciones Unidas y sus diversas agencias, fondos y programas, para apoyar la difusi\u00f3n de sus objetivos y promover el conocimiento de los diferentes desaf\u00edos que enfrenta la comunidad internacional en pos de lograr un desarrollo sostenible. Convoca a personalidades destacadas de las artes, el deporte, la ciencia, l\u00edderes sociales, etc, que donan su tiempo para apoyar las causas humanitarias y de desarrollo.<\/p>\n<p><b>Transformar nuestro mundo \u2013 La Agenda 2030 y los 17 Objetivos de Desarrollo Sostenible<\/b><\/p>\n<p>La Agenda 2030 y los 17 Objetivos de Desarrollo Sostenible es el documento suscripto por m\u00e1s de 190 pa\u00edses ante la ONU, Argentina entre ellos, y ha sido adoptado como instrumento de planificaci\u00f3n de pol\u00edticas p\u00fablicas a nivel global.<\/p>\n<p>El PNUD a su vez, como agencia de desarrollo de la ONU, ha lanzado la Campa\u00f1a \u201cPara 2030\u201d cuyo objetivo es apoyar la implementaci\u00f3n de la Agenda 2030 y los 17 ODS en los pa\u00edses que han suscripto el compromiso y es el marco desde el cual se realizar\u00e1n distintas acciones de comunicaci\u00f3n.<\/p>\n<p>Particularmente, el aporte de Alberti estar\u00e1 enfocado en el ODS 13 \u2013 Acci\u00f3n por el clima \u2013 que resume las metas propuestas para actuar en favor de la prevenci\u00f3n y mitigaci\u00f3n de los efectos del Cambio Clim\u00e1tico.<\/p>\n<p>\u201cLa Agenda 2030 nos plantea la necesidad de no dejar a nadie atr\u00e1s en la lucha contra la pobreza, y la construcci\u00f3n de un desarrollo sostenible que sea inclusivo, con crecimiento econ\u00f3mico y protecci\u00f3n ambiental. Necesitamos que toda la ciudadan\u00eda reciba el mensaje, y para lograrlo, confiamos parte de esta labor a Charly, en su rol de EBV del PNUD en Argentina\u201d, concluy\u00f3 Ren\u00e9 Mauricio Vald\u00e9s, Coordinador Residente de la ONU y Representante Residente del PNUD en Argentina.<\/p>\n<address><strong>Contact information<\/strong><b>Virginia Garcia &#8211;\u00a0<\/b>Tel. 4320 8791 &#8211;\u00a0 virginia.garcia@undp.org<\/p>\n<p>Fuente:<\/p>\n<\/address>\n","protected":false},"excerpt":{"rendered":"<p>Charly Alberti &#8211; Embajador de Buena Voluntad del PNUD en Argentina<\/p>\n","protected":false},"author":2,"featured_media":37356,"comment_status":"open","ping_status":"open","sticky":false,"template":"","format":"standard","meta":{"site-sidebar-layout":"default","site-content-layout":"","ast-site-content-layout":"default","site-content-style":"default","site-sidebar-style":"default","ast-global-header-display":"","ast-banner-title-visibility":"","ast-main-header-display":"","ast-hfb-above-header-display":"","ast-hfb-below-header-display":"","ast-hfb-mobile-header-display":"","site-post-title":"","ast-breadcrumbs-content":"","ast-featured-img":"","footer-sml-layout":"","ast-disable-related-posts":"","theme-transparent-header-meta":"","adv-header-id-meta":"","stick-header-meta":"","header-above-stick-meta":"","header-main-stick-meta":"","header-below-stick-meta":"","astra-migrate-meta-layouts":"default","ast-page-background-enabled":"default","ast-page-background-meta":{"desktop":{"background-color":"var(--ast-global-color-5)","background-image":"","background-repeat":"repeat","background-position":"center center","background-size":"auto","background-attachment":"scroll","background-type":"","background-media":"","overlay-type":"","overlay-color":"","overlay-opacity":"","overlay-gradient":""},"tablet":{"background-color":"","background-image":"","background-repeat":"repeat","background-position":"center center","background-size":"auto","background-attachment":"scroll","background-type":"","background-media":"","overlay-type":"","overlay-color":"","overlay-opacity":"","overlay-gradient":""},"mobile":{"background-color":"","background-image":"","background-repeat":"repeat","background-position":"center center","background-size":"auto","background-attachment":"scroll","background-type":"","background-media":"","overlay-type":"","overlay-color":"","overlay-opacity":"","overlay-gradient":""}},"ast-content-background-meta":{"desktop":{"background-color":"var(--ast-global-color-4)","background-image":"","background-repeat":"repeat","background-position":"center center","background-size":"auto","background-attachment":"scroll","background-type":"","background-media":"","overlay-type":"","overlay-color":"","overlay-opacity":"","overlay-gradient":""},"tablet":{"background-color":"var(--ast-global-color-4)","background-image":"","background-repeat":"repeat","background-position":"center center","background-size":"auto","background-attachment":"scroll","background-type":"","background-media":"","overlay-type":"","overlay-color":"","overlay-opacity":"","overlay-gradient":""},"mobile":{"background-color":"var(--ast-global-color-4)","background-image":"","background-repeat":"repeat","background-position":"center center","background-size":"auto","background-attachment":"scroll","background-type":"","background-media":"","overlay-type":"","overlay-color":"","overlay-opacity":"","overlay-gradient":""}},"footnotes":""},"categories":[23,1],"tags":[],"class_list":["post-37355","post","type-post","status-publish","format-standard","has-post-thumbnail","hentry","category-internacionales","category-noticias"],"yoast_head":"<!-- This site is optimized with the Yoast SEO Premium plugin v23.0 (Yoast SEO v27.4) - https:\/\/yoast.com\/product\/yoast-seo-premium-wordpress\/ -->\n<title>&quot;El Cambio Clim\u00e1tico es una realidad aqu\u00ed y ahora, y tambi\u00e9n requiere de nosotros&quot;<\/title>\n<meta name=\"robots\" content=\"index, follow, max-snippet:-1, max-image-preview:large, max-video-preview:-1\" \/>\n<link rel=\"canonical\" href=\"https:\/\/patagoniambiental.com.ar\/info\/el-cambio-climatico-es-una-realidad-aqui-y-ahora-y-tambien-requiere-de-nosotros\/\" \/>\n<meta property=\"og:locale\" content=\"es_ES\" \/>\n<meta property=\"og:type\" content=\"article\" \/>\n<meta property=\"og:title\" content=\"&quot;El Cambio Clim\u00e1tico es una realidad aqu\u00ed y ahora, y tambi\u00e9n requiere de nosotros&quot;\" \/>\n<meta property=\"og:description\" content=\"Charly Alberti &#8211; Embajador de Buena Voluntad del PNUD en Argentina\" \/>\n<meta property=\"og:url\" content=\"https:\/\/patagoniambiental.com.ar\/info\/el-cambio-climatico-es-una-realidad-aqui-y-ahora-y-tambien-requiere-de-nosotros\/\" \/>\n<meta property=\"og:site_name\" content=\"Patagonia Ambiental\" \/>\n<meta property=\"article:publisher\" content=\"https:\/\/www.facebook.com\/patagonia.ambiental\" \/>\n<meta property=\"article:author\" content=\"https:\/\/www.facebook.com\/share\/1C1V8Gv9BX\/?mibextid=qi2Omg\" \/>\n<meta property=\"article:published_time\" content=\"2017-10-31T22:00:13+00:00\" \/>\n<meta property=\"og:image\" content=\"https:\/\/patagoniambiental.com.ar\/info\/wp-content\/uploads\/2017\/10\/Sin-t\u00edtulo-15.jpg\" \/>\n\t<meta property=\"og:image:width\" content=\"571\" \/>\n\t<meta property=\"og:image:height\" content=\"415\" \/>\n\t<meta property=\"og:image:type\" content=\"image\/jpeg\" \/>\n<meta name=\"author\" content=\"Patagonia Ambiental\" \/>\n<meta name=\"twitter:card\" content=\"summary_large_image\" \/>\n<meta name=\"twitter:creator\" content=\"@PatAmb\" \/>\n<meta name=\"twitter:site\" content=\"@PatAmb\" \/>\n<script type=\"application\/ld+json\" class=\"yoast-schema-graph\">{\"@context\":\"https:\\\/\\\/schema.org\",\"@graph\":[{\"@type\":\"Article\",\"@id\":\"https:\\\/\\\/patagoniambiental.com.ar\\\/info\\\/el-cambio-climatico-es-una-realidad-aqui-y-ahora-y-tambien-requiere-de-nosotros\\\/#article\",\"isPartOf\":{\"@id\":\"https:\\\/\\\/patagoniambiental.com.ar\\\/info\\\/el-cambio-climatico-es-una-realidad-aqui-y-ahora-y-tambien-requiere-de-nosotros\\\/\"},\"author\":{\"name\":\"Patagonia Ambiental\",\"@id\":\"https:\\\/\\\/patagoniambiental.com.ar\\\/info\\\/#\\\/schema\\\/person\\\/db12bff64bbcbf6a253710bf0ea37b5d\"},\"headline\":\"\u00abEl Cambio Clim\u00e1tico es una realidad aqu\u00ed y ahora, y tambi\u00e9n requiere de nosotros\u00bb\",\"datePublished\":\"2017-10-31T22:00:13+00:00\",\"mainEntityOfPage\":{\"@id\":\"https:\\\/\\\/patagoniambiental.com.ar\\\/info\\\/el-cambio-climatico-es-una-realidad-aqui-y-ahora-y-tambien-requiere-de-nosotros\\\/\"},\"wordCount\":812,\"commentCount\":0,\"publisher\":{\"@id\":\"https:\\\/\\\/patagoniambiental.com.ar\\\/info\\\/#organization\"},\"image\":{\"@id\":\"https:\\\/\\\/patagoniambiental.com.ar\\\/info\\\/el-cambio-climatico-es-una-realidad-aqui-y-ahora-y-tambien-requiere-de-nosotros\\\/#primaryimage\"},\"thumbnailUrl\":\"https:\\\/\\\/patagoniambiental.com.ar\\\/info\\\/wp-content\\\/uploads\\\/2017\\\/10\\\/Sin-t\u00edtulo-15.jpg\",\"articleSection\":[\"Internacionales\",\"Noticias\"],\"inLanguage\":\"es\",\"potentialAction\":[{\"@type\":\"CommentAction\",\"name\":\"Comment\",\"target\":[\"https:\\\/\\\/patagoniambiental.com.ar\\\/info\\\/el-cambio-climatico-es-una-realidad-aqui-y-ahora-y-tambien-requiere-de-nosotros\\\/#respond\"]}]},{\"@type\":\"WebPage\",\"@id\":\"https:\\\/\\\/patagoniambiental.com.ar\\\/info\\\/el-cambio-climatico-es-una-realidad-aqui-y-ahora-y-tambien-requiere-de-nosotros\\\/\",\"url\":\"https:\\\/\\\/patagoniambiental.com.ar\\\/info\\\/el-cambio-climatico-es-una-realidad-aqui-y-ahora-y-tambien-requiere-de-nosotros\\\/\",\"name\":\"\\\"El Cambio Clim\u00e1tico es una realidad aqu\u00ed y ahora, y tambi\u00e9n requiere de nosotros\\\"\",\"isPartOf\":{\"@id\":\"https:\\\/\\\/patagoniambiental.com.ar\\\/info\\\/#website\"},\"primaryImageOfPage\":{\"@id\":\"https:\\\/\\\/patagoniambiental.com.ar\\\/info\\\/el-cambio-climatico-es-una-realidad-aqui-y-ahora-y-tambien-requiere-de-nosotros\\\/#primaryimage\"},\"image\":{\"@id\":\"https:\\\/\\\/patagoniambiental.com.ar\\\/info\\\/el-cambio-climatico-es-una-realidad-aqui-y-ahora-y-tambien-requiere-de-nosotros\\\/#primaryimage\"},\"thumbnailUrl\":\"https:\\\/\\\/patagoniambiental.com.ar\\\/info\\\/wp-content\\\/uploads\\\/2017\\\/10\\\/Sin-t\u00edtulo-15.jpg\",\"datePublished\":\"2017-10-31T22:00:13+00:00\",\"breadcrumb\":{\"@id\":\"https:\\\/\\\/patagoniambiental.com.ar\\\/info\\\/el-cambio-climatico-es-una-realidad-aqui-y-ahora-y-tambien-requiere-de-nosotros\\\/#breadcrumb\"},\"inLanguage\":\"es\",\"potentialAction\":[{\"@type\":\"ReadAction\",\"target\":[\"https:\\\/\\\/patagoniambiental.com.ar\\\/info\\\/el-cambio-climatico-es-una-realidad-aqui-y-ahora-y-tambien-requiere-de-nosotros\\\/\"]}]},{\"@type\":\"ImageObject\",\"inLanguage\":\"es\",\"@id\":\"https:\\\/\\\/patagoniambiental.com.ar\\\/info\\\/el-cambio-climatico-es-una-realidad-aqui-y-ahora-y-tambien-requiere-de-nosotros\\\/#primaryimage\",\"url\":\"https:\\\/\\\/patagoniambiental.com.ar\\\/info\\\/wp-content\\\/uploads\\\/2017\\\/10\\\/Sin-t\u00edtulo-15.jpg\",\"contentUrl\":\"https:\\\/\\\/patagoniambiental.com.ar\\\/info\\\/wp-content\\\/uploads\\\/2017\\\/10\\\/Sin-t\u00edtulo-15.jpg\",\"width\":571,\"height\":415},{\"@type\":\"BreadcrumbList\",\"@id\":\"https:\\\/\\\/patagoniambiental.com.ar\\\/info\\\/el-cambio-climatico-es-una-realidad-aqui-y-ahora-y-tambien-requiere-de-nosotros\\\/#breadcrumb\",\"itemListElement\":[{\"@type\":\"ListItem\",\"position\":1,\"name\":\"Inicio\",\"item\":\"https:\\\/\\\/patagoniambiental.com.ar\\\/info\\\/\"},{\"@type\":\"ListItem\",\"position\":2,\"name\":\"\u00abEl Cambio Clim\u00e1tico es una realidad aqu\u00ed y ahora, y tambi\u00e9n requiere de nosotros\u00bb\"}]},{\"@type\":\"WebSite\",\"@id\":\"https:\\\/\\\/patagoniambiental.com.ar\\\/info\\\/#website\",\"url\":\"https:\\\/\\\/patagoniambiental.com.ar\\\/info\\\/\",\"name\":\"Patagonia Ambiental\",\"description\":\"Monitoreo y an\u00e1lisis de la situaci\u00f3n geopol\u00edtica en el mundo y su implicancia en la Patagonia\",\"publisher\":{\"@id\":\"https:\\\/\\\/patagoniambiental.com.ar\\\/info\\\/#organization\"},\"potentialAction\":[{\"@type\":\"SearchAction\",\"target\":{\"@type\":\"EntryPoint\",\"urlTemplate\":\"https:\\\/\\\/patagoniambiental.com.ar\\\/info\\\/?s={search_term_string}\"},\"query-input\":{\"@type\":\"PropertyValueSpecification\",\"valueRequired\":true,\"valueName\":\"search_term_string\"}}],\"inLanguage\":\"es\"},{\"@type\":\"Organization\",\"@id\":\"https:\\\/\\\/patagoniambiental.com.ar\\\/info\\\/#organization\",\"name\":\"Patagonia Ambiental\",\"url\":\"https:\\\/\\\/patagoniambiental.com.ar\\\/info\\\/\",\"logo\":{\"@type\":\"ImageObject\",\"inLanguage\":\"es\",\"@id\":\"https:\\\/\\\/patagoniambiental.com.ar\\\/info\\\/#\\\/schema\\\/logo\\\/image\\\/\",\"url\":\"https:\\\/\\\/patagoniambiental.com.ar\\\/info\\\/wp-content\\\/uploads\\\/2025\\\/05\\\/LOGO-PATAGONIA-AMBIENTAL.png\",\"contentUrl\":\"https:\\\/\\\/patagoniambiental.com.ar\\\/info\\\/wp-content\\\/uploads\\\/2025\\\/05\\\/LOGO-PATAGONIA-AMBIENTAL.png\",\"width\":433,\"height\":250,\"caption\":\"Patagonia Ambiental\"},\"image\":{\"@id\":\"https:\\\/\\\/patagoniambiental.com.ar\\\/info\\\/#\\\/schema\\\/logo\\\/image\\\/\"},\"sameAs\":[\"https:\\\/\\\/www.facebook.com\\\/patagonia.ambiental\",\"https:\\\/\\\/x.com\\\/PatAmb\"]},{\"@type\":\"Person\",\"@id\":\"https:\\\/\\\/patagoniambiental.com.ar\\\/info\\\/#\\\/schema\\\/person\\\/db12bff64bbcbf6a253710bf0ea37b5d\",\"name\":\"Patagonia Ambiental\",\"description\":\"Andr\u00e9s Nievas T\u00e9cnico en manejo ambiental, consultor Ambiental y escritor para medios locales e internacionales sobre temas de geopolitica y medio ambiente.\",\"sameAs\":[\"http:\\\/\\\/www.patagoniambiental.com.ar\",\"https:\\\/\\\/www.facebook.com\\\/share\\\/1C1V8Gv9BX\\\/?mibextid=qi2Omg\",\"@patagoniambiental\",\"https:\\\/\\\/youtube.com\\\/@patagoniaambiental2023?si=BLt58t0wuXquxlYZ\"]}]}<\/script>\n<!-- \/ Yoast SEO Premium plugin. -->","yoast_head_json":{"title":"\"El Cambio Clim\u00e1tico es una realidad aqu\u00ed y ahora, y tambi\u00e9n requiere de nosotros\"","robots":{"index":"index","follow":"follow","max-snippet":"max-snippet:-1","max-image-preview":"max-image-preview:large","max-video-preview":"max-video-preview:-1"},"canonical":"https:\/\/patagoniambiental.com.ar\/info\/el-cambio-climatico-es-una-realidad-aqui-y-ahora-y-tambien-requiere-de-nosotros\/","og_locale":"es_ES","og_type":"article","og_title":"\"El Cambio Clim\u00e1tico es una realidad aqu\u00ed y ahora, y tambi\u00e9n requiere de nosotros\"","og_description":"Charly Alberti &#8211; Embajador de Buena Voluntad del PNUD en Argentina","og_url":"https:\/\/patagoniambiental.com.ar\/info\/el-cambio-climatico-es-una-realidad-aqui-y-ahora-y-tambien-requiere-de-nosotros\/","og_site_name":"Patagonia Ambiental","article_publisher":"https:\/\/www.facebook.com\/patagonia.ambiental","article_author":"https:\/\/www.facebook.com\/share\/1C1V8Gv9BX\/?mibextid=qi2Omg","article_published_time":"2017-10-31T22:00:13+00:00","og_image":[{"width":571,"height":415,"url":"https:\/\/patagoniambiental.com.ar\/info\/wp-content\/uploads\/2017\/10\/Sin-t\u00edtulo-15.jpg","type":"image\/jpeg"}],"author":"Patagonia Ambiental","twitter_card":"summary_large_image","twitter_creator":"@PatAmb","twitter_site":"@PatAmb","schema":{"@context":"https:\/\/schema.org","@graph":[{"@type":"Article","@id":"https:\/\/patagoniambiental.com.ar\/info\/el-cambio-climatico-es-una-realidad-aqui-y-ahora-y-tambien-requiere-de-nosotros\/#article","isPartOf":{"@id":"https:\/\/patagoniambiental.com.ar\/info\/el-cambio-climatico-es-una-realidad-aqui-y-ahora-y-tambien-requiere-de-nosotros\/"},"author":{"name":"Patagonia Ambiental","@id":"https:\/\/patagoniambiental.com.ar\/info\/#\/schema\/person\/db12bff64bbcbf6a253710bf0ea37b5d"},"headline":"\u00abEl Cambio Clim\u00e1tico es una realidad aqu\u00ed y ahora, y tambi\u00e9n requiere de nosotros\u00bb","datePublished":"2017-10-31T22:00:13+00:00","mainEntityOfPage":{"@id":"https:\/\/patagoniambiental.com.ar\/info\/el-cambio-climatico-es-una-realidad-aqui-y-ahora-y-tambien-requiere-de-nosotros\/"},"wordCount":812,"commentCount":0,"publisher":{"@id":"https:\/\/patagoniambiental.com.ar\/info\/#organization"},"image":{"@id":"https:\/\/patagoniambiental.com.ar\/info\/el-cambio-climatico-es-una-realidad-aqui-y-ahora-y-tambien-requiere-de-nosotros\/#primaryimage"},"thumbnailUrl":"https:\/\/patagoniambiental.com.ar\/info\/wp-content\/uploads\/2017\/10\/Sin-t\u00edtulo-15.jpg","articleSection":["Internacionales","Noticias"],"inLanguage":"es","potentialAction":[{"@type":"CommentAction","name":"Comment","target":["https:\/\/patagoniambiental.com.ar\/info\/el-cambio-climatico-es-una-realidad-aqui-y-ahora-y-tambien-requiere-de-nosotros\/#respond"]}]},{"@type":"WebPage","@id":"https:\/\/patagoniambiental.com.ar\/info\/el-cambio-climatico-es-una-realidad-aqui-y-ahora-y-tambien-requiere-de-nosotros\/","url":"https:\/\/patagoniambiental.com.ar\/info\/el-cambio-climatico-es-una-realidad-aqui-y-ahora-y-tambien-requiere-de-nosotros\/","name":"\"El Cambio Clim\u00e1tico es una realidad aqu\u00ed y ahora, y tambi\u00e9n requiere de nosotros\"","isPartOf":{"@id":"https:\/\/patagoniambiental.com.ar\/info\/#website"},"primaryImageOfPage":{"@id":"https:\/\/patagoniambiental.com.ar\/info\/el-cambio-climatico-es-una-realidad-aqui-y-ahora-y-tambien-requiere-de-nosotros\/#primaryimage"},"image":{"@id":"https:\/\/patagoniambiental.com.ar\/info\/el-cambio-climatico-es-una-realidad-aqui-y-ahora-y-tambien-requiere-de-nosotros\/#primaryimage"},"thumbnailUrl":"https:\/\/patagoniambiental.com.ar\/info\/wp-content\/uploads\/2017\/10\/Sin-t\u00edtulo-15.jpg","datePublished":"2017-10-31T22:00:13+00:00","breadcrumb":{"@id":"https:\/\/patagoniambiental.com.ar\/info\/el-cambio-climatico-es-una-realidad-aqui-y-ahora-y-tambien-requiere-de-nosotros\/#breadcrumb"},"inLanguage":"es","potentialAction":[{"@type":"ReadAction","target":["https:\/\/patagoniambiental.com.ar\/info\/el-cambio-climatico-es-una-realidad-aqui-y-ahora-y-tambien-requiere-de-nosotros\/"]}]},{"@type":"ImageObject","inLanguage":"es","@id":"https:\/\/patagoniambiental.com.ar\/info\/el-cambio-climatico-es-una-realidad-aqui-y-ahora-y-tambien-requiere-de-nosotros\/#primaryimage","url":"https:\/\/patagoniambiental.com.ar\/info\/wp-content\/uploads\/2017\/10\/Sin-t\u00edtulo-15.jpg","contentUrl":"https:\/\/patagoniambiental.com.ar\/info\/wp-content\/uploads\/2017\/10\/Sin-t\u00edtulo-15.jpg","width":571,"height":415},{"@type":"BreadcrumbList","@id":"https:\/\/patagoniambiental.com.ar\/info\/el-cambio-climatico-es-una-realidad-aqui-y-ahora-y-tambien-requiere-de-nosotros\/#breadcrumb","itemListElement":[{"@type":"ListItem","position":1,"name":"Inicio","item":"https:\/\/patagoniambiental.com.ar\/info\/"},{"@type":"ListItem","position":2,"name":"\u00abEl Cambio Clim\u00e1tico es una realidad aqu\u00ed y ahora, y tambi\u00e9n requiere de nosotros\u00bb"}]},{"@type":"WebSite","@id":"https:\/\/patagoniambiental.com.ar\/info\/#website","url":"https:\/\/patagoniambiental.com.ar\/info\/","name":"Patagonia Ambiental","description":"Monitoreo y an\u00e1lisis de la situaci\u00f3n geopol\u00edtica en el mundo y su implicancia en la Patagonia","publisher":{"@id":"https:\/\/patagoniambiental.com.ar\/info\/#organization"},"potentialAction":[{"@type":"SearchAction","target":{"@type":"EntryPoint","urlTemplate":"https:\/\/patagoniambiental.com.ar\/info\/?s={search_term_string}"},"query-input":{"@type":"PropertyValueSpecification","valueRequired":true,"valueName":"search_term_string"}}],"inLanguage":"es"},{"@type":"Organization","@id":"https:\/\/patagoniambiental.com.ar\/info\/#organization","name":"Patagonia Ambiental","url":"https:\/\/patagoniambiental.com.ar\/info\/","logo":{"@type":"ImageObject","inLanguage":"es","@id":"https:\/\/patagoniambiental.com.ar\/info\/#\/schema\/logo\/image\/","url":"https:\/\/patagoniambiental.com.ar\/info\/wp-content\/uploads\/2025\/05\/LOGO-PATAGONIA-AMBIENTAL.png","contentUrl":"https:\/\/patagoniambiental.com.ar\/info\/wp-content\/uploads\/2025\/05\/LOGO-PATAGONIA-AMBIENTAL.png","width":433,"height":250,"caption":"Patagonia Ambiental"},"image":{"@id":"https:\/\/patagoniambiental.com.ar\/info\/#\/schema\/logo\/image\/"},"sameAs":["https:\/\/www.facebook.com\/patagonia.ambiental","https:\/\/x.com\/PatAmb"]},{"@type":"Person","@id":"https:\/\/patagoniambiental.com.ar\/info\/#\/schema\/person\/db12bff64bbcbf6a253710bf0ea37b5d","name":"Patagonia Ambiental","description":"Andr\u00e9s Nievas T\u00e9cnico en manejo ambiental, consultor Ambiental y escritor para medios locales e internacionales sobre temas de geopolitica y medio ambiente.","sameAs":["http:\/\/www.patagoniambiental.com.ar","https:\/\/www.facebook.com\/share\/1C1V8Gv9BX\/?mibextid=qi2Omg","@patagoniambiental","https:\/\/youtube.com\/@patagoniaambiental2023?si=BLt58t0wuXquxlYZ"]}]}},"_links":{"self":[{"href":"https:\/\/patagoniambiental.com.ar\/info\/wp-json\/wp\/v2\/posts\/37355","targetHints":{"allow":["GET"]}}],"collection":[{"href":"https:\/\/patagoniambiental.com.ar\/info\/wp-json\/wp\/v2\/posts"}],"about":[{"href":"https:\/\/patagoniambiental.com.ar\/info\/wp-json\/wp\/v2\/types\/post"}],"author":[{"embeddable":true,"href":"https:\/\/patagoniambiental.com.ar\/info\/wp-json\/wp\/v2\/users\/2"}],"replies":[{"embeddable":true,"href":"https:\/\/patagoniambiental.com.ar\/info\/wp-json\/wp\/v2\/comments?post=37355"}],"version-history":[{"count":0,"href":"https:\/\/patagoniambiental.com.ar\/info\/wp-json\/wp\/v2\/posts\/37355\/revisions"}],"wp:featuredmedia":[{"embeddable":true,"href":"https:\/\/patagoniambiental.com.ar\/info\/wp-json\/wp\/v2\/media\/37356"}],"wp:attachment":[{"href":"https:\/\/patagoniambiental.com.ar\/info\/wp-json\/wp\/v2\/media?parent=37355"}],"wp:term":[{"taxonomy":"category","embeddable":true,"href":"https:\/\/patagoniambiental.com.ar\/info\/wp-json\/wp\/v2\/categories?post=37355"},{"taxonomy":"post_tag","embeddable":true,"href":"https:\/\/patagoniambiental.com.ar\/info\/wp-json\/wp\/v2\/tags?post=37355"}],"curies":[{"name":"wp","href":"https:\/\/api.w.org\/{rel}","templated":true}]}}