{"id":37370,"date":"2017-11-01T09:00:32","date_gmt":"2017-11-01T12:00:32","guid":{"rendered":"http:\/\/patagoniambiental.com.ar\/info\/?p=37370"},"modified":"2017-10-31T19:42:23","modified_gmt":"2017-10-31T22:42:23","slug":"escuela-tecnica-de-mar-del-plata-comenzara-a-generar-energia-solar-y-a-inyectar-el-excedente-en-la-red","status":"publish","type":"post","link":"https:\/\/patagoniambiental.com.ar\/info\/escuela-tecnica-de-mar-del-plata-comenzara-a-generar-energia-solar-y-a-inyectar-el-excedente-en-la-red\/","title":{"rendered":"Escuela T\u00e9cnica de Mar del Plata comenzar\u00e1 a generar energ\u00eda solar y a inyectar el excedente en la red"},"content":{"rendered":"<div class=\"col-xs-12 col-sm-9 col-md-6 col-lg-7\">\n<div class=\"nota_content\">\n<p>MAR DEL PLATA.- La<strong>\u00a0Escuela de Educaci\u00f3n T\u00e9cnica N\u00ba 4 \u201cAlfonsina Storni\u201d<\/strong>\u00a0se convertir\u00e1 en el primer edificio de Mar del Plata y la zona en\u00a0<strong>producir energ\u00eda solar<\/strong>\u00a0para su propio consumo y en volcar el excedente a la red distribuidora, poni\u00e9ndolo a disposici\u00f3n de otros usuarios.<\/p>\n<p>El colegio, ubicado en avenida Jara 861, contar\u00e1 con esta posibilidad luego de que la\u00a0<strong>Empresa Distribuidora de Energ\u00eda Atl\u00e1ntica (EDEA)<\/strong>\u00a0proveyera 10 paneles solares para que sean instalados en la terraza del establecimiento.<\/p>\n<p>La energ\u00eda que generen estos dispositivos permitir\u00e1\u00a0<strong>iluminar tanto el gimnasio como el sal\u00f3n de usos m\u00faltiples<\/strong>, cuyas l\u00e1mparas convenciones ya fueron sustituidas por luces led, provistas tambi\u00e9n por la empresa.<\/p>\n<p>El proyecto fue dise\u00f1ado por las autoridades de la escuela y directivos de EDEA, en el marco de un convenio de cooperaci\u00f3n existente desde hace m\u00e1s de una d\u00e9cada.<\/p>\n<p>\u201cNos reunimos para consensuar qu\u00e9 nueva actividad realizar y finalmente resolvimos llevar adelante esta experiencia de<strong>\u00a0alimentar una parte de la escuela con energ\u00eda solar<\/strong>\u201c, le explic\u00f3 a LA CAPITAL el director del establecimiento,\u00a0<strong>Alejandro Guadagnino<\/strong>.<\/p>\n<p>Desde su origen la iniciativa cont\u00f3 con el asesoramiento de un l\u00edder por parte de la empresa y el seguimiento de docentes, para que un grupo de alumnos de sexto a\u00f1o dise\u00f1ara y pusiera en funcionamiento la nueva instalaci\u00f3n.<\/p>\n<p>Los estudiantes se ocuparon de determinar qu\u00e9 tipo de paneles, bater\u00edas y otros componentes utilizar y de analizar y medir\u00a0<strong>cu\u00e1les ser\u00e1n los beneficios que se generar\u00e1n para la escuela y para la comunidad<\/strong>.<\/p>\n<p>\u201c<strong>Los chicos est\u00e1n aplicando en la pr\u00e1ctica lo que ven en los libros.<\/strong>\u00a0Hacer una experiencia de este tipo en el campo real es todav\u00eda muy dif\u00edcil y hemos tenido la oportunidad de hacerla mediante este proyecto. De esta manera los alumnos pueden comprobar que aquello que leen y lo que un docente les escribe en un pizarr\u00f3n en relaci\u00f3n a la energ\u00eda solar es algo real\u201d, subray\u00f3 Guadagnino.<\/p>\n<p>El gerente de EDEA,\u00a0<strong>Esteban P\u00e9rez Elustondo<\/strong>\u00a0destac\u00f3 que una vez que sea puesta en funcionamiento, la nueva instalaci\u00f3n no s\u00f3lo generar\u00e1 beneficios para el colegio, permitiendo iluminar su gimnasio y el sum.<\/p>\n<p>\u201cEste edificio ser\u00e1 de ahora en m\u00e1s un\u00a0<strong>\u2018prosumidor&#8217;\u201d<\/strong>\u00a0porque que adem\u00e1s de producir energ\u00eda solar para su propio consumo, estar\u00e1 en condiciones de \u201cinyectar en la red distribuidora\u201d la electricidad excedente, dijo.<\/p>\n<p>Seg\u00fan explic\u00f3, de este modo la Escuela T\u00e9ncnica N\u00ba 4 ser\u00e1 \u201cel primer cliente de Mar del Plata y de la regi\u00f3n\u201d en tener esta caracter\u00edstica.<\/p>\n<p>\u201cCuando la energ\u00eda que consumen el gimnasio y el sal\u00f3n de usos m\u00faltiples no alcance se va a usar energ\u00eda de la red; mientras que\u00a0<strong>cuando el gimnasio no consuma lo que se genera a trav\u00e9s de los paneles ese excedente se va a volcar a la red<\/strong>\u201c, precis\u00f3.<\/p>\n<p>Seg\u00fan P\u00e9rez Elustondo \u201cesto\u00a0<strong>es lo que se viene en materia de energ\u00edas renovables<\/strong>\u201d y est\u00e1 siendo materia de regulaci\u00f3n a trav\u00e9s de una ley que ya tiene media sanci\u00f3n en el Congreso.<\/p>\n<p>\u201cEste proyecto \u2013indic\u00f3 el directivo de EDEA- se suma a los ya realizados en conjunto con los directivos, profesores y alumnos de Escuela T\u00e9cnica N\u00b04 \u201cAlfonsina Storni\u201d con la que, en julio del 2005, suscribimos un convenio de cooperaci\u00f3n que ha posibilitado realizar distintas tareas did\u00e1cticas y solidarias como el Plan H\u00e1bitat y Ciudadan\u00eda, conjuntamente con al facultad de Arquitectura de la Universidad Nacional de Mar del Plata\u201d.<\/p>\n<p>Cabe destacar que EDEA, pertenece al Grupo DESA, una empresa inversora argentina con management local liderado por Rogelio Pagano, enfocada en el sector energ\u00e9tico y que actualmente opera las distribuidoras de la provincia de Buenos Aires EDEN, EDES, EDELAP y EDESA en la provincia de Salta.<\/p>\n<p>Seg\u00fan el director de la T\u00e9cnica N\u00ba 4, la experiencia tiene tambi\u00e9n un significativo valor did\u00e1ctico ya que est\u00e1 permitiendo que\u00a0<strong>los alumnos involucrados en el proyecto sean\u201dpineros\u201d en el dise\u00f1o y la puesta en funcionamiento de una instalaci\u00f3n de este tipo en la ciudad<\/strong>.<\/p>\n<p>\u201cHoy es muy dif\u00edcil que un t\u00e9cnico de Mar del Plata tenga la posibilidad de trabajar con equipos de estas caracter\u00edsticas. Por eso creemos que\u00a0<strong>nuestros alumnos van a ser protagonistas del proceso que se avecina<\/strong>, extendiendo el concepto de \u2018prosumidor\u2019 de energ\u00eda entre todos los usuarios dela ciudad\u201d, destac\u00f3.<\/p>\n<\/div>\n<\/div>\n<div class=\"col-xs-12 col-sm-6 col-md-4 col-lg-3\">\u00a0Fuente:\u00a0http:\/\/www.lacapitalmdp.com\/la-tecnica-no-4-comenzara-a-generar-energia-solar-y-a-inyectar-el-excedente-en-la-red\/<\/div>\n","protected":false},"excerpt":{"rendered":"<p>MAR DEL PLATA.- La\u00a0Escuela de Educaci\u00f3n T\u00e9cnica N\u00ba 4 \u201cAlfonsina Storni\u201d\u00a0se convertir\u00e1 en el primer edificio de Mar del Plata [&hellip;]<\/p>\n","protected":false},"author":2,"featured_media":37373,"comment_status":"open","ping_status":"open","sticky":false,"template":"","format":"standard","meta":{"site-sidebar-layout":"default","site-content-layout":"","ast-site-content-layout":"default","site-content-style":"default","site-sidebar-style":"default","ast-global-header-display":"","ast-banner-title-visibility":"","ast-main-header-display":"","ast-hfb-above-header-display":"","ast-hfb-below-header-display":"","ast-hfb-mobile-header-display":"","site-post-title":"","ast-breadcrumbs-content":"","ast-featured-img":"","footer-sml-layout":"","ast-disable-related-posts":"","theme-transparent-header-meta":"","adv-header-id-meta":"","stick-header-meta":"","header-above-stick-meta":"","header-main-stick-meta":"","header-below-stick-meta":"","astra-migrate-meta-layouts":"default","ast-page-background-enabled":"default","ast-page-background-meta":{"desktop":{"background-color":"var(--ast-global-color-5)","background-image":"","background-repeat":"repeat","background-position":"center center","background-size":"auto","background-attachment":"scroll","background-type":"","background-media":"","overlay-type":"","overlay-color":"","overlay-opacity":"","overlay-gradient":""},"tablet":{"background-color":"","background-image":"","background-repeat":"repeat","background-position":"center center","background-size":"auto","background-attachment":"scroll","background-type":"","background-media":"","overlay-type":"","overlay-color":"","overlay-opacity":"","overlay-gradient":""},"mobile":{"background-color":"","background-image":"","background-repeat":"repeat","background-position":"center center","background-size":"auto","background-attachment":"scroll","background-type":"","background-media":"","overlay-type":"","overlay-color":"","overlay-opacity":"","overlay-gradient":""}},"ast-content-background-meta":{"desktop":{"background-color":"var(--ast-global-color-4)","background-image":"","background-repeat":"repeat","background-position":"center center","background-size":"auto","background-attachment":"scroll","background-type":"","background-media":"","overlay-type":"","overlay-color":"","overlay-opacity":"","overlay-gradient":""},"tablet":{"background-color":"var(--ast-global-color-4)","background-image":"","background-repeat":"repeat","background-position":"center center","background-size":"auto","background-attachment":"scroll","background-type":"","background-media":"","overlay-type":"","overlay-color":"","overlay-opacity":"","overlay-gradient":""},"mobile":{"background-color":"var(--ast-global-color-4)","background-image":"","background-repeat":"repeat","background-position":"center center","background-size":"auto","background-attachment":"scroll","background-type":"","background-media":"","overlay-type":"","overlay-color":"","overlay-opacity":"","overlay-gradient":""}},"footnotes":""},"categories":[1],"tags":[],"class_list":["post-37370","post","type-post","status-publish","format-standard","has-post-thumbnail","hentry","category-noticias"],"yoast_head":"<!-- This site is optimized with the Yoast SEO Premium plugin v23.0 (Yoast SEO v27.5) - https:\/\/yoast.com\/product\/yoast-seo-premium-wordpress\/ -->\n<title>Escuela T\u00e9cnica de Mar del Plata comenzar\u00e1 a generar energ\u00eda solar y a inyectar el excedente en la red<\/title>\n<meta name=\"robots\" content=\"index, follow, max-snippet:-1, max-image-preview:large, max-video-preview:-1\" \/>\n<link rel=\"canonical\" href=\"https:\/\/patagoniambiental.com.ar\/info\/escuela-tecnica-de-mar-del-plata-comenzara-a-generar-energia-solar-y-a-inyectar-el-excedente-en-la-red\/\" \/>\n<meta property=\"og:locale\" content=\"es_ES\" \/>\n<meta property=\"og:type\" content=\"article\" \/>\n<meta property=\"og:title\" content=\"Escuela T\u00e9cnica de Mar del Plata comenzar\u00e1 a generar energ\u00eda solar y a inyectar el excedente en la red\" \/>\n<meta property=\"og:description\" content=\"MAR DEL PLATA.- La\u00a0Escuela de Educaci\u00f3n T\u00e9cnica N\u00ba 4 \u201cAlfonsina Storni\u201d\u00a0se convertir\u00e1 en el primer edificio de Mar del Plata [&hellip;]\" \/>\n<meta property=\"og:url\" content=\"https:\/\/patagoniambiental.com.ar\/info\/escuela-tecnica-de-mar-del-plata-comenzara-a-generar-energia-solar-y-a-inyectar-el-excedente-en-la-red\/\" \/>\n<meta property=\"og:site_name\" content=\"Patagonia Ambiental\" \/>\n<meta property=\"article:publisher\" content=\"https:\/\/www.facebook.com\/patagonia.ambiental\" \/>\n<meta property=\"article:author\" content=\"https:\/\/www.facebook.com\/share\/1C1V8Gv9BX\/?mibextid=qi2Omg\" \/>\n<meta property=\"article:published_time\" content=\"2017-11-01T12:00:32+00:00\" \/>\n<meta property=\"og:image\" content=\"https:\/\/patagoniambiental.com.ar\/info\/wp-content\/uploads\/2017\/10\/panel-escuela.jpg\" \/>\n\t<meta property=\"og:image:width\" content=\"831\" \/>\n\t<meta property=\"og:image:height\" content=\"554\" \/>\n\t<meta property=\"og:image:type\" content=\"image\/jpeg\" \/>\n<meta name=\"author\" content=\"Patagonia Ambiental\" \/>\n<meta name=\"twitter:card\" content=\"summary_large_image\" \/>\n<meta name=\"twitter:creator\" content=\"@PatAmb\" \/>\n<meta name=\"twitter:site\" content=\"@PatAmb\" \/>\n<script type=\"application\/ld+json\" class=\"yoast-schema-graph\">{\"@context\":\"https:\\\/\\\/schema.org\",\"@graph\":[{\"@type\":\"Article\",\"@id\":\"https:\\\/\\\/patagoniambiental.com.ar\\\/info\\\/escuela-tecnica-de-mar-del-plata-comenzara-a-generar-energia-solar-y-a-inyectar-el-excedente-en-la-red\\\/#article\",\"isPartOf\":{\"@id\":\"https:\\\/\\\/patagoniambiental.com.ar\\\/info\\\/escuela-tecnica-de-mar-del-plata-comenzara-a-generar-energia-solar-y-a-inyectar-el-excedente-en-la-red\\\/\"},\"author\":{\"name\":\"Patagonia Ambiental\",\"@id\":\"https:\\\/\\\/patagoniambiental.com.ar\\\/info\\\/#\\\/schema\\\/person\\\/db12bff64bbcbf6a253710bf0ea37b5d\"},\"headline\":\"Escuela T\u00e9cnica de Mar del Plata comenzar\u00e1 a generar energ\u00eda solar y a inyectar el excedente en la red\",\"datePublished\":\"2017-11-01T12:00:32+00:00\",\"mainEntityOfPage\":{\"@id\":\"https:\\\/\\\/patagoniambiental.com.ar\\\/info\\\/escuela-tecnica-de-mar-del-plata-comenzara-a-generar-energia-solar-y-a-inyectar-el-excedente-en-la-red\\\/\"},\"wordCount\":796,\"commentCount\":0,\"publisher\":{\"@id\":\"https:\\\/\\\/patagoniambiental.com.ar\\\/info\\\/#organization\"},\"image\":{\"@id\":\"https:\\\/\\\/patagoniambiental.com.ar\\\/info\\\/escuela-tecnica-de-mar-del-plata-comenzara-a-generar-energia-solar-y-a-inyectar-el-excedente-en-la-red\\\/#primaryimage\"},\"thumbnailUrl\":\"https:\\\/\\\/patagoniambiental.com.ar\\\/info\\\/wp-content\\\/uploads\\\/2017\\\/10\\\/panel-escuela.jpg\",\"articleSection\":[\"Noticias\"],\"inLanguage\":\"es\",\"potentialAction\":[{\"@type\":\"CommentAction\",\"name\":\"Comment\",\"target\":[\"https:\\\/\\\/patagoniambiental.com.ar\\\/info\\\/escuela-tecnica-de-mar-del-plata-comenzara-a-generar-energia-solar-y-a-inyectar-el-excedente-en-la-red\\\/#respond\"]}]},{\"@type\":\"WebPage\",\"@id\":\"https:\\\/\\\/patagoniambiental.com.ar\\\/info\\\/escuela-tecnica-de-mar-del-plata-comenzara-a-generar-energia-solar-y-a-inyectar-el-excedente-en-la-red\\\/\",\"url\":\"https:\\\/\\\/patagoniambiental.com.ar\\\/info\\\/escuela-tecnica-de-mar-del-plata-comenzara-a-generar-energia-solar-y-a-inyectar-el-excedente-en-la-red\\\/\",\"name\":\"Escuela T\u00e9cnica de Mar del Plata comenzar\u00e1 a generar energ\u00eda solar y a inyectar el excedente en la red\",\"isPartOf\":{\"@id\":\"https:\\\/\\\/patagoniambiental.com.ar\\\/info\\\/#website\"},\"primaryImageOfPage\":{\"@id\":\"https:\\\/\\\/patagoniambiental.com.ar\\\/info\\\/escuela-tecnica-de-mar-del-plata-comenzara-a-generar-energia-solar-y-a-inyectar-el-excedente-en-la-red\\\/#primaryimage\"},\"image\":{\"@id\":\"https:\\\/\\\/patagoniambiental.com.ar\\\/info\\\/escuela-tecnica-de-mar-del-plata-comenzara-a-generar-energia-solar-y-a-inyectar-el-excedente-en-la-red\\\/#primaryimage\"},\"thumbnailUrl\":\"https:\\\/\\\/patagoniambiental.com.ar\\\/info\\\/wp-content\\\/uploads\\\/2017\\\/10\\\/panel-escuela.jpg\",\"datePublished\":\"2017-11-01T12:00:32+00:00\",\"breadcrumb\":{\"@id\":\"https:\\\/\\\/patagoniambiental.com.ar\\\/info\\\/escuela-tecnica-de-mar-del-plata-comenzara-a-generar-energia-solar-y-a-inyectar-el-excedente-en-la-red\\\/#breadcrumb\"},\"inLanguage\":\"es\",\"potentialAction\":[{\"@type\":\"ReadAction\",\"target\":[\"https:\\\/\\\/patagoniambiental.com.ar\\\/info\\\/escuela-tecnica-de-mar-del-plata-comenzara-a-generar-energia-solar-y-a-inyectar-el-excedente-en-la-red\\\/\"]}]},{\"@type\":\"ImageObject\",\"inLanguage\":\"es\",\"@id\":\"https:\\\/\\\/patagoniambiental.com.ar\\\/info\\\/escuela-tecnica-de-mar-del-plata-comenzara-a-generar-energia-solar-y-a-inyectar-el-excedente-en-la-red\\\/#primaryimage\",\"url\":\"https:\\\/\\\/patagoniambiental.com.ar\\\/info\\\/wp-content\\\/uploads\\\/2017\\\/10\\\/panel-escuela.jpg\",\"contentUrl\":\"https:\\\/\\\/patagoniambiental.com.ar\\\/info\\\/wp-content\\\/uploads\\\/2017\\\/10\\\/panel-escuela.jpg\",\"width\":831,\"height\":554},{\"@type\":\"BreadcrumbList\",\"@id\":\"https:\\\/\\\/patagoniambiental.com.ar\\\/info\\\/escuela-tecnica-de-mar-del-plata-comenzara-a-generar-energia-solar-y-a-inyectar-el-excedente-en-la-red\\\/#breadcrumb\",\"itemListElement\":[{\"@type\":\"ListItem\",\"position\":1,\"name\":\"Inicio\",\"item\":\"https:\\\/\\\/patagoniambiental.com.ar\\\/info\\\/\"},{\"@type\":\"ListItem\",\"position\":2,\"name\":\"Escuela T\u00e9cnica de Mar del Plata comenzar\u00e1 a generar energ\u00eda solar y a inyectar el excedente en la red\"}]},{\"@type\":\"WebSite\",\"@id\":\"https:\\\/\\\/patagoniambiental.com.ar\\\/info\\\/#website\",\"url\":\"https:\\\/\\\/patagoniambiental.com.ar\\\/info\\\/\",\"name\":\"Patagonia Ambiental\",\"description\":\"Monitoreo y an\u00e1lisis de la situaci\u00f3n geopol\u00edtica en el mundo y su implicancia en la Patagonia\",\"publisher\":{\"@id\":\"https:\\\/\\\/patagoniambiental.com.ar\\\/info\\\/#organization\"},\"potentialAction\":[{\"@type\":\"SearchAction\",\"target\":{\"@type\":\"EntryPoint\",\"urlTemplate\":\"https:\\\/\\\/patagoniambiental.com.ar\\\/info\\\/?s={search_term_string}\"},\"query-input\":{\"@type\":\"PropertyValueSpecification\",\"valueRequired\":true,\"valueName\":\"search_term_string\"}}],\"inLanguage\":\"es\"},{\"@type\":\"Organization\",\"@id\":\"https:\\\/\\\/patagoniambiental.com.ar\\\/info\\\/#organization\",\"name\":\"Patagonia Ambiental\",\"url\":\"https:\\\/\\\/patagoniambiental.com.ar\\\/info\\\/\",\"logo\":{\"@type\":\"ImageObject\",\"inLanguage\":\"es\",\"@id\":\"https:\\\/\\\/patagoniambiental.com.ar\\\/info\\\/#\\\/schema\\\/logo\\\/image\\\/\",\"url\":\"https:\\\/\\\/patagoniambiental.com.ar\\\/info\\\/wp-content\\\/uploads\\\/2025\\\/05\\\/LOGO-PATAGONIA-AMBIENTAL.png\",\"contentUrl\":\"https:\\\/\\\/patagoniambiental.com.ar\\\/info\\\/wp-content\\\/uploads\\\/2025\\\/05\\\/LOGO-PATAGONIA-AMBIENTAL.png\",\"width\":433,\"height\":250,\"caption\":\"Patagonia Ambiental\"},\"image\":{\"@id\":\"https:\\\/\\\/patagoniambiental.com.ar\\\/info\\\/#\\\/schema\\\/logo\\\/image\\\/\"},\"sameAs\":[\"https:\\\/\\\/www.facebook.com\\\/patagonia.ambiental\",\"https:\\\/\\\/x.com\\\/PatAmb\"]},{\"@type\":\"Person\",\"@id\":\"https:\\\/\\\/patagoniambiental.com.ar\\\/info\\\/#\\\/schema\\\/person\\\/db12bff64bbcbf6a253710bf0ea37b5d\",\"name\":\"Patagonia Ambiental\",\"description\":\"Andr\u00e9s Nievas T\u00e9cnico en manejo ambiental, consultor Ambiental y escritor para medios locales e internacionales sobre temas de geopolitica y medio ambiente.\",\"sameAs\":[\"http:\\\/\\\/www.patagoniambiental.com.ar\",\"https:\\\/\\\/www.facebook.com\\\/share\\\/1C1V8Gv9BX\\\/?mibextid=qi2Omg\",\"@patagoniambiental\",\"https:\\\/\\\/youtube.com\\\/@patagoniaambiental2023?si=BLt58t0wuXquxlYZ\"]}]}<\/script>\n<!-- \/ Yoast SEO Premium plugin. -->","yoast_head_json":{"title":"Escuela T\u00e9cnica de Mar del Plata comenzar\u00e1 a generar energ\u00eda solar y a inyectar el excedente en la red","robots":{"index":"index","follow":"follow","max-snippet":"max-snippet:-1","max-image-preview":"max-image-preview:large","max-video-preview":"max-video-preview:-1"},"canonical":"https:\/\/patagoniambiental.com.ar\/info\/escuela-tecnica-de-mar-del-plata-comenzara-a-generar-energia-solar-y-a-inyectar-el-excedente-en-la-red\/","og_locale":"es_ES","og_type":"article","og_title":"Escuela T\u00e9cnica de Mar del Plata comenzar\u00e1 a generar energ\u00eda solar y a inyectar el excedente en la red","og_description":"MAR DEL PLATA.- La\u00a0Escuela de Educaci\u00f3n T\u00e9cnica N\u00ba 4 \u201cAlfonsina Storni\u201d\u00a0se convertir\u00e1 en el primer edificio de Mar del Plata [&hellip;]","og_url":"https:\/\/patagoniambiental.com.ar\/info\/escuela-tecnica-de-mar-del-plata-comenzara-a-generar-energia-solar-y-a-inyectar-el-excedente-en-la-red\/","og_site_name":"Patagonia Ambiental","article_publisher":"https:\/\/www.facebook.com\/patagonia.ambiental","article_author":"https:\/\/www.facebook.com\/share\/1C1V8Gv9BX\/?mibextid=qi2Omg","article_published_time":"2017-11-01T12:00:32+00:00","og_image":[{"width":831,"height":554,"url":"https:\/\/patagoniambiental.com.ar\/info\/wp-content\/uploads\/2017\/10\/panel-escuela.jpg","type":"image\/jpeg"}],"author":"Patagonia Ambiental","twitter_card":"summary_large_image","twitter_creator":"@PatAmb","twitter_site":"@PatAmb","schema":{"@context":"https:\/\/schema.org","@graph":[{"@type":"Article","@id":"https:\/\/patagoniambiental.com.ar\/info\/escuela-tecnica-de-mar-del-plata-comenzara-a-generar-energia-solar-y-a-inyectar-el-excedente-en-la-red\/#article","isPartOf":{"@id":"https:\/\/patagoniambiental.com.ar\/info\/escuela-tecnica-de-mar-del-plata-comenzara-a-generar-energia-solar-y-a-inyectar-el-excedente-en-la-red\/"},"author":{"name":"Patagonia Ambiental","@id":"https:\/\/patagoniambiental.com.ar\/info\/#\/schema\/person\/db12bff64bbcbf6a253710bf0ea37b5d"},"headline":"Escuela T\u00e9cnica de Mar del Plata comenzar\u00e1 a generar energ\u00eda solar y a inyectar el excedente en la red","datePublished":"2017-11-01T12:00:32+00:00","mainEntityOfPage":{"@id":"https:\/\/patagoniambiental.com.ar\/info\/escuela-tecnica-de-mar-del-plata-comenzara-a-generar-energia-solar-y-a-inyectar-el-excedente-en-la-red\/"},"wordCount":796,"commentCount":0,"publisher":{"@id":"https:\/\/patagoniambiental.com.ar\/info\/#organization"},"image":{"@id":"https:\/\/patagoniambiental.com.ar\/info\/escuela-tecnica-de-mar-del-plata-comenzara-a-generar-energia-solar-y-a-inyectar-el-excedente-en-la-red\/#primaryimage"},"thumbnailUrl":"https:\/\/patagoniambiental.com.ar\/info\/wp-content\/uploads\/2017\/10\/panel-escuela.jpg","articleSection":["Noticias"],"inLanguage":"es","potentialAction":[{"@type":"CommentAction","name":"Comment","target":["https:\/\/patagoniambiental.com.ar\/info\/escuela-tecnica-de-mar-del-plata-comenzara-a-generar-energia-solar-y-a-inyectar-el-excedente-en-la-red\/#respond"]}]},{"@type":"WebPage","@id":"https:\/\/patagoniambiental.com.ar\/info\/escuela-tecnica-de-mar-del-plata-comenzara-a-generar-energia-solar-y-a-inyectar-el-excedente-en-la-red\/","url":"https:\/\/patagoniambiental.com.ar\/info\/escuela-tecnica-de-mar-del-plata-comenzara-a-generar-energia-solar-y-a-inyectar-el-excedente-en-la-red\/","name":"Escuela T\u00e9cnica de Mar del Plata comenzar\u00e1 a generar energ\u00eda solar y a inyectar el excedente en la red","isPartOf":{"@id":"https:\/\/patagoniambiental.com.ar\/info\/#website"},"primaryImageOfPage":{"@id":"https:\/\/patagoniambiental.com.ar\/info\/escuela-tecnica-de-mar-del-plata-comenzara-a-generar-energia-solar-y-a-inyectar-el-excedente-en-la-red\/#primaryimage"},"image":{"@id":"https:\/\/patagoniambiental.com.ar\/info\/escuela-tecnica-de-mar-del-plata-comenzara-a-generar-energia-solar-y-a-inyectar-el-excedente-en-la-red\/#primaryimage"},"thumbnailUrl":"https:\/\/patagoniambiental.com.ar\/info\/wp-content\/uploads\/2017\/10\/panel-escuela.jpg","datePublished":"2017-11-01T12:00:32+00:00","breadcrumb":{"@id":"https:\/\/patagoniambiental.com.ar\/info\/escuela-tecnica-de-mar-del-plata-comenzara-a-generar-energia-solar-y-a-inyectar-el-excedente-en-la-red\/#breadcrumb"},"inLanguage":"es","potentialAction":[{"@type":"ReadAction","target":["https:\/\/patagoniambiental.com.ar\/info\/escuela-tecnica-de-mar-del-plata-comenzara-a-generar-energia-solar-y-a-inyectar-el-excedente-en-la-red\/"]}]},{"@type":"ImageObject","inLanguage":"es","@id":"https:\/\/patagoniambiental.com.ar\/info\/escuela-tecnica-de-mar-del-plata-comenzara-a-generar-energia-solar-y-a-inyectar-el-excedente-en-la-red\/#primaryimage","url":"https:\/\/patagoniambiental.com.ar\/info\/wp-content\/uploads\/2017\/10\/panel-escuela.jpg","contentUrl":"https:\/\/patagoniambiental.com.ar\/info\/wp-content\/uploads\/2017\/10\/panel-escuela.jpg","width":831,"height":554},{"@type":"BreadcrumbList","@id":"https:\/\/patagoniambiental.com.ar\/info\/escuela-tecnica-de-mar-del-plata-comenzara-a-generar-energia-solar-y-a-inyectar-el-excedente-en-la-red\/#breadcrumb","itemListElement":[{"@type":"ListItem","position":1,"name":"Inicio","item":"https:\/\/patagoniambiental.com.ar\/info\/"},{"@type":"ListItem","position":2,"name":"Escuela T\u00e9cnica de Mar del Plata comenzar\u00e1 a generar energ\u00eda solar y a inyectar el excedente en la red"}]},{"@type":"WebSite","@id":"https:\/\/patagoniambiental.com.ar\/info\/#website","url":"https:\/\/patagoniambiental.com.ar\/info\/","name":"Patagonia Ambiental","description":"Monitoreo y an\u00e1lisis de la situaci\u00f3n geopol\u00edtica en el mundo y su implicancia en la Patagonia","publisher":{"@id":"https:\/\/patagoniambiental.com.ar\/info\/#organization"},"potentialAction":[{"@type":"SearchAction","target":{"@type":"EntryPoint","urlTemplate":"https:\/\/patagoniambiental.com.ar\/info\/?s={search_term_string}"},"query-input":{"@type":"PropertyValueSpecification","valueRequired":true,"valueName":"search_term_string"}}],"inLanguage":"es"},{"@type":"Organization","@id":"https:\/\/patagoniambiental.com.ar\/info\/#organization","name":"Patagonia Ambiental","url":"https:\/\/patagoniambiental.com.ar\/info\/","logo":{"@type":"ImageObject","inLanguage":"es","@id":"https:\/\/patagoniambiental.com.ar\/info\/#\/schema\/logo\/image\/","url":"https:\/\/patagoniambiental.com.ar\/info\/wp-content\/uploads\/2025\/05\/LOGO-PATAGONIA-AMBIENTAL.png","contentUrl":"https:\/\/patagoniambiental.com.ar\/info\/wp-content\/uploads\/2025\/05\/LOGO-PATAGONIA-AMBIENTAL.png","width":433,"height":250,"caption":"Patagonia Ambiental"},"image":{"@id":"https:\/\/patagoniambiental.com.ar\/info\/#\/schema\/logo\/image\/"},"sameAs":["https:\/\/www.facebook.com\/patagonia.ambiental","https:\/\/x.com\/PatAmb"]},{"@type":"Person","@id":"https:\/\/patagoniambiental.com.ar\/info\/#\/schema\/person\/db12bff64bbcbf6a253710bf0ea37b5d","name":"Patagonia Ambiental","description":"Andr\u00e9s Nievas T\u00e9cnico en manejo ambiental, consultor Ambiental y escritor para medios locales e internacionales sobre temas de geopolitica y medio ambiente.","sameAs":["http:\/\/www.patagoniambiental.com.ar","https:\/\/www.facebook.com\/share\/1C1V8Gv9BX\/?mibextid=qi2Omg","@patagoniambiental","https:\/\/youtube.com\/@patagoniaambiental2023?si=BLt58t0wuXquxlYZ"]}]}},"_links":{"self":[{"href":"https:\/\/patagoniambiental.com.ar\/info\/wp-json\/wp\/v2\/posts\/37370","targetHints":{"allow":["GET"]}}],"collection":[{"href":"https:\/\/patagoniambiental.com.ar\/info\/wp-json\/wp\/v2\/posts"}],"about":[{"href":"https:\/\/patagoniambiental.com.ar\/info\/wp-json\/wp\/v2\/types\/post"}],"author":[{"embeddable":true,"href":"https:\/\/patagoniambiental.com.ar\/info\/wp-json\/wp\/v2\/users\/2"}],"replies":[{"embeddable":true,"href":"https:\/\/patagoniambiental.com.ar\/info\/wp-json\/wp\/v2\/comments?post=37370"}],"version-history":[{"count":0,"href":"https:\/\/patagoniambiental.com.ar\/info\/wp-json\/wp\/v2\/posts\/37370\/revisions"}],"wp:featuredmedia":[{"embeddable":true,"href":"https:\/\/patagoniambiental.com.ar\/info\/wp-json\/wp\/v2\/media\/37373"}],"wp:attachment":[{"href":"https:\/\/patagoniambiental.com.ar\/info\/wp-json\/wp\/v2\/media?parent=37370"}],"wp:term":[{"taxonomy":"category","embeddable":true,"href":"https:\/\/patagoniambiental.com.ar\/info\/wp-json\/wp\/v2\/categories?post=37370"},{"taxonomy":"post_tag","embeddable":true,"href":"https:\/\/patagoniambiental.com.ar\/info\/wp-json\/wp\/v2\/tags?post=37370"}],"curies":[{"name":"wp","href":"https:\/\/api.w.org\/{rel}","templated":true}]}}