{"id":37390,"date":"2017-11-01T09:00:58","date_gmt":"2017-11-01T12:00:58","guid":{"rendered":"http:\/\/patagoniambiental.com.ar\/info\/?p=37390"},"modified":"2017-10-31T19:59:13","modified_gmt":"2017-10-31T22:59:13","slug":"mas-de-35-mil-personas-esquiaron-esta-temporada-en-la-hoya","status":"publish","type":"post","link":"https:\/\/patagoniambiental.com.ar\/info\/mas-de-35-mil-personas-esquiaron-esta-temporada-en-la-hoya\/","title":{"rendered":"M\u00e1s de 35 mil personas esquiaron esta temporada en La Hoya"},"content":{"rendered":"<div>\n<div id=\"notapage_texto\" class=\"notapage_cuerpo\">\n<p>ESQUEL.- El centro de esqu\u00ed ubicado a unos doce kil\u00f3metros de la ciudad de Esquel vivi\u00f3 un invierno 2017 a pleno producto no s\u00f3lo de la buena cantidad de esquiadores sino que adem\u00e1s del amplio programa de actividades deportivas que se llevaron adelante. Todo esto favorecido por la presencia acumulada de nieve hasta el \u00faltimo d\u00eda.<\/p>\n<p>Diego Alonso, gerente del CAM, traz\u00f3 un balance positivo del per\u00edodo invernal y detall\u00f3 en ese contexto que durante estos meses (julio, agosto, septiembre y mitad de octubre) pasaron por \u00abLa Hoya\u00bb miles de esquiadores, contabilizando vecinos de la zona, residentes del Chubut y turistas de otros puntos del pa\u00eds, incluso del extranjero.<\/p>\n<p>\u00abRealmente fue una temporada como hace muchos a\u00f1os no se vive\u00bb, reconoci\u00f3 y acentu\u00f3 que la monta\u00f1a \u00abestuvo pintada de blanco pr\u00e1cticamente en todo momento. La cantidad y calidad de nieve en polvo permitieron disfrutar hasta el 16 de octubre, mientras que para esa fecha otros centros invernales de la Argentina ya hab\u00edan cerrado sus puertas al p\u00fablico\u00bb, indic\u00f3.<\/p>\n<p>\u00abEn realidad los pases vendidos fueron m\u00e1s de 35 mil, pero muchas m\u00e1s personas pasaron por el centro de esqu\u00ed porque muchos de ellos eran pases de m\u00e1s de una jornada\u00bb, a\u00f1adi\u00f3.<\/p>\n<p>Ponder\u00f3 que en conjunto con instituciones de la localidad cordillerana y organismos provinciales organizaron m\u00faltiples eventos de tipo deportivos\u00a0 y recreativos, concentrado la activa participaci\u00f3n de la gente. Algunas de las propuestas fueron voley, f\u00fatbol y\u00a0 rugby X-treme con el s\u00edmbolo de Los Pumas, Seraf\u00edn Dengra, siendo de la partida.<\/p>\n<p>\u00abTambi\u00e9n tuvimos los campeonatos realizados por el Club Andino Esquel\u00bb, valor\u00f3. Como cada a\u00f1o la \u00abCopa Zorro Juan\u00bb reuni\u00f3 en septiembre a delegaciones de diversos puntos de la Patagonia. Este encuentro no tiene una finalidad competitiva, sino por el contrario busca afianzar los v\u00ednculos entre los clubes.<\/p>\n<p>\u00abEn la \u00faltima semana estuvo entrenando el selecto equipo de demostradores de la AADIDES (Asociaci\u00f3n Argentina de Instructores de Esqu\u00ed y Snowboard). Y como cierre se hizo el Encuentro de Freestyle de las disciplinas esqu\u00ed y snowboard, que congreg\u00f3 a los mejores exponentes del pa\u00eds en el snowpark\u00bb, acot\u00f3.<\/p>\n<p>Record\u00f3, a su vez, que en el mes de julio y como agasajo a los turistas se llev\u00f3 a cabo la tradicional bajada de antorchas con m\u00e1s de 70 participantes que iluminaron por completo la monta\u00f1a. El colorido evento finaliz\u00f3 con un vino caliente en las puertas de la Confiter\u00eda \u00abLa Piedra\u00bb. Tampoco quiso olvidarse del Tetratl\u00f3n 2017.<\/p>\n<p>Por otro lado, Alonso felicit\u00f3 a todo el personal del CAM por el compromiso, la dedicaci\u00f3n y la predisposici\u00f3n demostrada. Se trata de un valor que destacan hasta los propios visitantes. \u00abLa atenci\u00f3n personalizada es un rasgo que nos caracteriza\u00bb, manifest\u00f3.<\/p>\n<p>En ese plano, asegur\u00f3 Alonso que cada jornada hubo una gran tarea para garantizar el normal funcionamiento de los diferentes medios de elevaci\u00f3n. Asimismo, subray\u00f3 el acondicionamiento de las pistas para disfrute de la familia y los deportistas con habilidades m\u00e1s avanzadas.<\/p>\n<p>Hizo especial hincapi\u00e9 en la colaboraci\u00f3n prestada por la Administraci\u00f3n de Vialidad Provincial, que puso a disposici\u00f3n el personal y las maquinarias necesarias para efectuar el mantenimiento de la ruta de acceso al centro de esqu\u00ed La Hoya, como as\u00ed tambi\u00e9n en la playa de estacionamiento.<\/p>\n<p>Por \u00faltimo, rescat\u00f3 el aporte de \u00abChubut Deportes\u00bb, entidad a cargo de Walter \u00d1onquep\u00e1n, que estuvo al frente de la confiter\u00eda. Confi\u00f3 que los turistas destacaron la excelencia y calidad del servicio brindado tanto en La Piedra como en El Refugio del Esquiador. \u00abLos dos paradores que tenemos estuvieron abiertos siempre ofreciendo una buena prestaci\u00f3n\u00bb, complet\u00f3.<\/p>\n<p>Es preciso subrayar adem\u00e1s el buen trabajo realizado en estos meses de invierno por el Club Andino Esquel, el Club Slalom y Esquel Ski, entidades que cada una desde su lugar colaboraron activamente en el desarrollo de una temporada exitosa. Cabe indicar que en junio el propio presidente de CORFO, Hern\u00e1n Alonso, rubric\u00f3 un acuerdo con los tres clubes y ello permiti\u00f3 a la Escuela de Ski y Snowboard \u00abLa Hoya\u00bb sumar instructores.<\/p>\n<\/div>\n<\/div>\n<div class=\"ppp ppp_P6 ppp_desktop\">\u00a0Fuente:\u00a0http:\/\/www.elchubut.com.ar\/nota\/2017-10-31-13-41-42-mas-de-35-mil-personas-esquiaron-esta-temporada-en-la-hoya<\/div>\n","protected":false},"excerpt":{"rendered":"<p>ESQUEL.- El centro de esqu\u00ed ubicado a unos doce kil\u00f3metros de la ciudad de Esquel vivi\u00f3 un invierno 2017 a [&hellip;]<\/p>\n","protected":false},"author":2,"featured_media":37391,"comment_status":"open","ping_status":"open","sticky":false,"template":"","format":"standard","meta":{"site-sidebar-layout":"default","site-content-layout":"","ast-site-content-layout":"default","site-content-style":"default","site-sidebar-style":"default","ast-global-header-display":"","ast-banner-title-visibility":"","ast-main-header-display":"","ast-hfb-above-header-display":"","ast-hfb-below-header-display":"","ast-hfb-mobile-header-display":"","site-post-title":"","ast-breadcrumbs-content":"","ast-featured-img":"","footer-sml-layout":"","ast-disable-related-posts":"","theme-transparent-header-meta":"","adv-header-id-meta":"","stick-header-meta":"","header-above-stick-meta":"","header-main-stick-meta":"","header-below-stick-meta":"","astra-migrate-meta-layouts":"default","ast-page-background-enabled":"default","ast-page-background-meta":{"desktop":{"background-color":"var(--ast-global-color-5)","background-image":"","background-repeat":"repeat","background-position":"center center","background-size":"auto","background-attachment":"scroll","background-type":"","background-media":"","overlay-type":"","overlay-color":"","overlay-opacity":"","overlay-gradient":""},"tablet":{"background-color":"","background-image":"","background-repeat":"repeat","background-position":"center center","background-size":"auto","background-attachment":"scroll","background-type":"","background-media":"","overlay-type":"","overlay-color":"","overlay-opacity":"","overlay-gradient":""},"mobile":{"background-color":"","background-image":"","background-repeat":"repeat","background-position":"center center","background-size":"auto","background-attachment":"scroll","background-type":"","background-media":"","overlay-type":"","overlay-color":"","overlay-opacity":"","overlay-gradient":""}},"ast-content-background-meta":{"desktop":{"background-color":"var(--ast-global-color-4)","background-image":"","background-repeat":"repeat","background-position":"center center","background-size":"auto","background-attachment":"scroll","background-type":"","background-media":"","overlay-type":"","overlay-color":"","overlay-opacity":"","overlay-gradient":""},"tablet":{"background-color":"var(--ast-global-color-4)","background-image":"","background-repeat":"repeat","background-position":"center center","background-size":"auto","background-attachment":"scroll","background-type":"","background-media":"","overlay-type":"","overlay-color":"","overlay-opacity":"","overlay-gradient":""},"mobile":{"background-color":"var(--ast-global-color-4)","background-image":"","background-repeat":"repeat","background-position":"center center","background-size":"auto","background-attachment":"scroll","background-type":"","background-media":"","overlay-type":"","overlay-color":"","overlay-opacity":"","overlay-gradient":""}},"footnotes":""},"categories":[46,1],"tags":[],"class_list":["post-37390","post","type-post","status-publish","format-standard","has-post-thumbnail","hentry","category-municipios","category-noticias"],"yoast_head":"<!-- This site is optimized with the Yoast SEO Premium plugin v23.0 (Yoast SEO v27.5) - https:\/\/yoast.com\/product\/yoast-seo-premium-wordpress\/ -->\n<title>M\u00e1s de 35 mil personas esquiaron esta temporada en La Hoya<\/title>\n<meta name=\"robots\" content=\"index, follow, max-snippet:-1, max-image-preview:large, max-video-preview:-1\" \/>\n<link rel=\"canonical\" href=\"https:\/\/patagoniambiental.com.ar\/info\/mas-de-35-mil-personas-esquiaron-esta-temporada-en-la-hoya\/\" \/>\n<meta property=\"og:locale\" content=\"es_ES\" \/>\n<meta property=\"og:type\" content=\"article\" \/>\n<meta property=\"og:title\" content=\"M\u00e1s de 35 mil personas esquiaron esta temporada en La Hoya\" \/>\n<meta property=\"og:description\" content=\"ESQUEL.- El centro de esqu\u00ed ubicado a unos doce kil\u00f3metros de la ciudad de Esquel vivi\u00f3 un invierno 2017 a [&hellip;]\" \/>\n<meta property=\"og:url\" content=\"https:\/\/patagoniambiental.com.ar\/info\/mas-de-35-mil-personas-esquiaron-esta-temporada-en-la-hoya\/\" \/>\n<meta property=\"og:site_name\" content=\"Patagonia Ambiental\" \/>\n<meta property=\"article:publisher\" content=\"https:\/\/www.facebook.com\/patagonia.ambiental\" \/>\n<meta property=\"article:author\" content=\"https:\/\/www.facebook.com\/share\/1C1V8Gv9BX\/?mibextid=qi2Omg\" \/>\n<meta property=\"article:published_time\" content=\"2017-11-01T12:00:58+00:00\" \/>\n<meta property=\"og:image\" content=\"https:\/\/patagoniambiental.com.ar\/info\/wp-content\/uploads\/2017\/10\/esqui-la-hoya.jpg\" \/>\n\t<meta property=\"og:image:width\" content=\"1280\" \/>\n\t<meta property=\"og:image:height\" content=\"780\" \/>\n\t<meta property=\"og:image:type\" content=\"image\/jpeg\" \/>\n<meta name=\"author\" content=\"Patagonia Ambiental\" \/>\n<meta name=\"twitter:card\" content=\"summary_large_image\" \/>\n<meta name=\"twitter:creator\" content=\"@PatAmb\" \/>\n<meta name=\"twitter:site\" content=\"@PatAmb\" \/>\n<script type=\"application\/ld+json\" class=\"yoast-schema-graph\">{\"@context\":\"https:\\\/\\\/schema.org\",\"@graph\":[{\"@type\":\"Article\",\"@id\":\"https:\\\/\\\/patagoniambiental.com.ar\\\/info\\\/mas-de-35-mil-personas-esquiaron-esta-temporada-en-la-hoya\\\/#article\",\"isPartOf\":{\"@id\":\"https:\\\/\\\/patagoniambiental.com.ar\\\/info\\\/mas-de-35-mil-personas-esquiaron-esta-temporada-en-la-hoya\\\/\"},\"author\":{\"name\":\"Patagonia Ambiental\",\"@id\":\"https:\\\/\\\/patagoniambiental.com.ar\\\/info\\\/#\\\/schema\\\/person\\\/db12bff64bbcbf6a253710bf0ea37b5d\"},\"headline\":\"M\u00e1s de 35 mil personas esquiaron esta temporada en La Hoya\",\"datePublished\":\"2017-11-01T12:00:58+00:00\",\"mainEntityOfPage\":{\"@id\":\"https:\\\/\\\/patagoniambiental.com.ar\\\/info\\\/mas-de-35-mil-personas-esquiaron-esta-temporada-en-la-hoya\\\/\"},\"wordCount\":726,\"commentCount\":0,\"publisher\":{\"@id\":\"https:\\\/\\\/patagoniambiental.com.ar\\\/info\\\/#organization\"},\"image\":{\"@id\":\"https:\\\/\\\/patagoniambiental.com.ar\\\/info\\\/mas-de-35-mil-personas-esquiaron-esta-temporada-en-la-hoya\\\/#primaryimage\"},\"thumbnailUrl\":\"https:\\\/\\\/patagoniambiental.com.ar\\\/info\\\/wp-content\\\/uploads\\\/2017\\\/10\\\/esqui-la-hoya.jpg\",\"articleSection\":[\"Municipios\",\"Noticias\"],\"inLanguage\":\"es\",\"potentialAction\":[{\"@type\":\"CommentAction\",\"name\":\"Comment\",\"target\":[\"https:\\\/\\\/patagoniambiental.com.ar\\\/info\\\/mas-de-35-mil-personas-esquiaron-esta-temporada-en-la-hoya\\\/#respond\"]}]},{\"@type\":\"WebPage\",\"@id\":\"https:\\\/\\\/patagoniambiental.com.ar\\\/info\\\/mas-de-35-mil-personas-esquiaron-esta-temporada-en-la-hoya\\\/\",\"url\":\"https:\\\/\\\/patagoniambiental.com.ar\\\/info\\\/mas-de-35-mil-personas-esquiaron-esta-temporada-en-la-hoya\\\/\",\"name\":\"M\u00e1s de 35 mil personas esquiaron esta temporada en La Hoya\",\"isPartOf\":{\"@id\":\"https:\\\/\\\/patagoniambiental.com.ar\\\/info\\\/#website\"},\"primaryImageOfPage\":{\"@id\":\"https:\\\/\\\/patagoniambiental.com.ar\\\/info\\\/mas-de-35-mil-personas-esquiaron-esta-temporada-en-la-hoya\\\/#primaryimage\"},\"image\":{\"@id\":\"https:\\\/\\\/patagoniambiental.com.ar\\\/info\\\/mas-de-35-mil-personas-esquiaron-esta-temporada-en-la-hoya\\\/#primaryimage\"},\"thumbnailUrl\":\"https:\\\/\\\/patagoniambiental.com.ar\\\/info\\\/wp-content\\\/uploads\\\/2017\\\/10\\\/esqui-la-hoya.jpg\",\"datePublished\":\"2017-11-01T12:00:58+00:00\",\"breadcrumb\":{\"@id\":\"https:\\\/\\\/patagoniambiental.com.ar\\\/info\\\/mas-de-35-mil-personas-esquiaron-esta-temporada-en-la-hoya\\\/#breadcrumb\"},\"inLanguage\":\"es\",\"potentialAction\":[{\"@type\":\"ReadAction\",\"target\":[\"https:\\\/\\\/patagoniambiental.com.ar\\\/info\\\/mas-de-35-mil-personas-esquiaron-esta-temporada-en-la-hoya\\\/\"]}]},{\"@type\":\"ImageObject\",\"inLanguage\":\"es\",\"@id\":\"https:\\\/\\\/patagoniambiental.com.ar\\\/info\\\/mas-de-35-mil-personas-esquiaron-esta-temporada-en-la-hoya\\\/#primaryimage\",\"url\":\"https:\\\/\\\/patagoniambiental.com.ar\\\/info\\\/wp-content\\\/uploads\\\/2017\\\/10\\\/esqui-la-hoya.jpg\",\"contentUrl\":\"https:\\\/\\\/patagoniambiental.com.ar\\\/info\\\/wp-content\\\/uploads\\\/2017\\\/10\\\/esqui-la-hoya.jpg\",\"width\":985,\"height\":600},{\"@type\":\"BreadcrumbList\",\"@id\":\"https:\\\/\\\/patagoniambiental.com.ar\\\/info\\\/mas-de-35-mil-personas-esquiaron-esta-temporada-en-la-hoya\\\/#breadcrumb\",\"itemListElement\":[{\"@type\":\"ListItem\",\"position\":1,\"name\":\"Inicio\",\"item\":\"https:\\\/\\\/patagoniambiental.com.ar\\\/info\\\/\"},{\"@type\":\"ListItem\",\"position\":2,\"name\":\"M\u00e1s de 35 mil personas esquiaron esta temporada en La Hoya\"}]},{\"@type\":\"WebSite\",\"@id\":\"https:\\\/\\\/patagoniambiental.com.ar\\\/info\\\/#website\",\"url\":\"https:\\\/\\\/patagoniambiental.com.ar\\\/info\\\/\",\"name\":\"Patagonia Ambiental\",\"description\":\"Monitoreo y an\u00e1lisis de la situaci\u00f3n geopol\u00edtica en el mundo y su implicancia en la Patagonia\",\"publisher\":{\"@id\":\"https:\\\/\\\/patagoniambiental.com.ar\\\/info\\\/#organization\"},\"potentialAction\":[{\"@type\":\"SearchAction\",\"target\":{\"@type\":\"EntryPoint\",\"urlTemplate\":\"https:\\\/\\\/patagoniambiental.com.ar\\\/info\\\/?s={search_term_string}\"},\"query-input\":{\"@type\":\"PropertyValueSpecification\",\"valueRequired\":true,\"valueName\":\"search_term_string\"}}],\"inLanguage\":\"es\"},{\"@type\":\"Organization\",\"@id\":\"https:\\\/\\\/patagoniambiental.com.ar\\\/info\\\/#organization\",\"name\":\"Patagonia Ambiental\",\"url\":\"https:\\\/\\\/patagoniambiental.com.ar\\\/info\\\/\",\"logo\":{\"@type\":\"ImageObject\",\"inLanguage\":\"es\",\"@id\":\"https:\\\/\\\/patagoniambiental.com.ar\\\/info\\\/#\\\/schema\\\/logo\\\/image\\\/\",\"url\":\"https:\\\/\\\/patagoniambiental.com.ar\\\/info\\\/wp-content\\\/uploads\\\/2025\\\/05\\\/LOGO-PATAGONIA-AMBIENTAL.png\",\"contentUrl\":\"https:\\\/\\\/patagoniambiental.com.ar\\\/info\\\/wp-content\\\/uploads\\\/2025\\\/05\\\/LOGO-PATAGONIA-AMBIENTAL.png\",\"width\":433,\"height\":250,\"caption\":\"Patagonia Ambiental\"},\"image\":{\"@id\":\"https:\\\/\\\/patagoniambiental.com.ar\\\/info\\\/#\\\/schema\\\/logo\\\/image\\\/\"},\"sameAs\":[\"https:\\\/\\\/www.facebook.com\\\/patagonia.ambiental\",\"https:\\\/\\\/x.com\\\/PatAmb\"]},{\"@type\":\"Person\",\"@id\":\"https:\\\/\\\/patagoniambiental.com.ar\\\/info\\\/#\\\/schema\\\/person\\\/db12bff64bbcbf6a253710bf0ea37b5d\",\"name\":\"Patagonia Ambiental\",\"description\":\"Andr\u00e9s Nievas T\u00e9cnico en manejo ambiental, consultor Ambiental y escritor para medios locales e internacionales sobre temas de geopolitica y medio ambiente.\",\"sameAs\":[\"http:\\\/\\\/www.patagoniambiental.com.ar\",\"https:\\\/\\\/www.facebook.com\\\/share\\\/1C1V8Gv9BX\\\/?mibextid=qi2Omg\",\"@patagoniambiental\",\"https:\\\/\\\/youtube.com\\\/@patagoniaambiental2023?si=BLt58t0wuXquxlYZ\"]}]}<\/script>\n<!-- \/ Yoast SEO Premium plugin. -->","yoast_head_json":{"title":"M\u00e1s de 35 mil personas esquiaron esta temporada en La Hoya","robots":{"index":"index","follow":"follow","max-snippet":"max-snippet:-1","max-image-preview":"max-image-preview:large","max-video-preview":"max-video-preview:-1"},"canonical":"https:\/\/patagoniambiental.com.ar\/info\/mas-de-35-mil-personas-esquiaron-esta-temporada-en-la-hoya\/","og_locale":"es_ES","og_type":"article","og_title":"M\u00e1s de 35 mil personas esquiaron esta temporada en La Hoya","og_description":"ESQUEL.- El centro de esqu\u00ed ubicado a unos doce kil\u00f3metros de la ciudad de Esquel vivi\u00f3 un invierno 2017 a [&hellip;]","og_url":"https:\/\/patagoniambiental.com.ar\/info\/mas-de-35-mil-personas-esquiaron-esta-temporada-en-la-hoya\/","og_site_name":"Patagonia Ambiental","article_publisher":"https:\/\/www.facebook.com\/patagonia.ambiental","article_author":"https:\/\/www.facebook.com\/share\/1C1V8Gv9BX\/?mibextid=qi2Omg","article_published_time":"2017-11-01T12:00:58+00:00","og_image":[{"width":1280,"height":780,"url":"https:\/\/patagoniambiental.com.ar\/info\/wp-content\/uploads\/2017\/10\/esqui-la-hoya.jpg","type":"image\/jpeg"}],"author":"Patagonia Ambiental","twitter_card":"summary_large_image","twitter_creator":"@PatAmb","twitter_site":"@PatAmb","schema":{"@context":"https:\/\/schema.org","@graph":[{"@type":"Article","@id":"https:\/\/patagoniambiental.com.ar\/info\/mas-de-35-mil-personas-esquiaron-esta-temporada-en-la-hoya\/#article","isPartOf":{"@id":"https:\/\/patagoniambiental.com.ar\/info\/mas-de-35-mil-personas-esquiaron-esta-temporada-en-la-hoya\/"},"author":{"name":"Patagonia Ambiental","@id":"https:\/\/patagoniambiental.com.ar\/info\/#\/schema\/person\/db12bff64bbcbf6a253710bf0ea37b5d"},"headline":"M\u00e1s de 35 mil personas esquiaron esta temporada en La Hoya","datePublished":"2017-11-01T12:00:58+00:00","mainEntityOfPage":{"@id":"https:\/\/patagoniambiental.com.ar\/info\/mas-de-35-mil-personas-esquiaron-esta-temporada-en-la-hoya\/"},"wordCount":726,"commentCount":0,"publisher":{"@id":"https:\/\/patagoniambiental.com.ar\/info\/#organization"},"image":{"@id":"https:\/\/patagoniambiental.com.ar\/info\/mas-de-35-mil-personas-esquiaron-esta-temporada-en-la-hoya\/#primaryimage"},"thumbnailUrl":"https:\/\/patagoniambiental.com.ar\/info\/wp-content\/uploads\/2017\/10\/esqui-la-hoya.jpg","articleSection":["Municipios","Noticias"],"inLanguage":"es","potentialAction":[{"@type":"CommentAction","name":"Comment","target":["https:\/\/patagoniambiental.com.ar\/info\/mas-de-35-mil-personas-esquiaron-esta-temporada-en-la-hoya\/#respond"]}]},{"@type":"WebPage","@id":"https:\/\/patagoniambiental.com.ar\/info\/mas-de-35-mil-personas-esquiaron-esta-temporada-en-la-hoya\/","url":"https:\/\/patagoniambiental.com.ar\/info\/mas-de-35-mil-personas-esquiaron-esta-temporada-en-la-hoya\/","name":"M\u00e1s de 35 mil personas esquiaron esta temporada en La Hoya","isPartOf":{"@id":"https:\/\/patagoniambiental.com.ar\/info\/#website"},"primaryImageOfPage":{"@id":"https:\/\/patagoniambiental.com.ar\/info\/mas-de-35-mil-personas-esquiaron-esta-temporada-en-la-hoya\/#primaryimage"},"image":{"@id":"https:\/\/patagoniambiental.com.ar\/info\/mas-de-35-mil-personas-esquiaron-esta-temporada-en-la-hoya\/#primaryimage"},"thumbnailUrl":"https:\/\/patagoniambiental.com.ar\/info\/wp-content\/uploads\/2017\/10\/esqui-la-hoya.jpg","datePublished":"2017-11-01T12:00:58+00:00","breadcrumb":{"@id":"https:\/\/patagoniambiental.com.ar\/info\/mas-de-35-mil-personas-esquiaron-esta-temporada-en-la-hoya\/#breadcrumb"},"inLanguage":"es","potentialAction":[{"@type":"ReadAction","target":["https:\/\/patagoniambiental.com.ar\/info\/mas-de-35-mil-personas-esquiaron-esta-temporada-en-la-hoya\/"]}]},{"@type":"ImageObject","inLanguage":"es","@id":"https:\/\/patagoniambiental.com.ar\/info\/mas-de-35-mil-personas-esquiaron-esta-temporada-en-la-hoya\/#primaryimage","url":"https:\/\/patagoniambiental.com.ar\/info\/wp-content\/uploads\/2017\/10\/esqui-la-hoya.jpg","contentUrl":"https:\/\/patagoniambiental.com.ar\/info\/wp-content\/uploads\/2017\/10\/esqui-la-hoya.jpg","width":985,"height":600},{"@type":"BreadcrumbList","@id":"https:\/\/patagoniambiental.com.ar\/info\/mas-de-35-mil-personas-esquiaron-esta-temporada-en-la-hoya\/#breadcrumb","itemListElement":[{"@type":"ListItem","position":1,"name":"Inicio","item":"https:\/\/patagoniambiental.com.ar\/info\/"},{"@type":"ListItem","position":2,"name":"M\u00e1s de 35 mil personas esquiaron esta temporada en La Hoya"}]},{"@type":"WebSite","@id":"https:\/\/patagoniambiental.com.ar\/info\/#website","url":"https:\/\/patagoniambiental.com.ar\/info\/","name":"Patagonia Ambiental","description":"Monitoreo y an\u00e1lisis de la situaci\u00f3n geopol\u00edtica en el mundo y su implicancia en la Patagonia","publisher":{"@id":"https:\/\/patagoniambiental.com.ar\/info\/#organization"},"potentialAction":[{"@type":"SearchAction","target":{"@type":"EntryPoint","urlTemplate":"https:\/\/patagoniambiental.com.ar\/info\/?s={search_term_string}"},"query-input":{"@type":"PropertyValueSpecification","valueRequired":true,"valueName":"search_term_string"}}],"inLanguage":"es"},{"@type":"Organization","@id":"https:\/\/patagoniambiental.com.ar\/info\/#organization","name":"Patagonia Ambiental","url":"https:\/\/patagoniambiental.com.ar\/info\/","logo":{"@type":"ImageObject","inLanguage":"es","@id":"https:\/\/patagoniambiental.com.ar\/info\/#\/schema\/logo\/image\/","url":"https:\/\/patagoniambiental.com.ar\/info\/wp-content\/uploads\/2025\/05\/LOGO-PATAGONIA-AMBIENTAL.png","contentUrl":"https:\/\/patagoniambiental.com.ar\/info\/wp-content\/uploads\/2025\/05\/LOGO-PATAGONIA-AMBIENTAL.png","width":433,"height":250,"caption":"Patagonia Ambiental"},"image":{"@id":"https:\/\/patagoniambiental.com.ar\/info\/#\/schema\/logo\/image\/"},"sameAs":["https:\/\/www.facebook.com\/patagonia.ambiental","https:\/\/x.com\/PatAmb"]},{"@type":"Person","@id":"https:\/\/patagoniambiental.com.ar\/info\/#\/schema\/person\/db12bff64bbcbf6a253710bf0ea37b5d","name":"Patagonia Ambiental","description":"Andr\u00e9s Nievas T\u00e9cnico en manejo ambiental, consultor Ambiental y escritor para medios locales e internacionales sobre temas de geopolitica y medio ambiente.","sameAs":["http:\/\/www.patagoniambiental.com.ar","https:\/\/www.facebook.com\/share\/1C1V8Gv9BX\/?mibextid=qi2Omg","@patagoniambiental","https:\/\/youtube.com\/@patagoniaambiental2023?si=BLt58t0wuXquxlYZ"]}]}},"_links":{"self":[{"href":"https:\/\/patagoniambiental.com.ar\/info\/wp-json\/wp\/v2\/posts\/37390","targetHints":{"allow":["GET"]}}],"collection":[{"href":"https:\/\/patagoniambiental.com.ar\/info\/wp-json\/wp\/v2\/posts"}],"about":[{"href":"https:\/\/patagoniambiental.com.ar\/info\/wp-json\/wp\/v2\/types\/post"}],"author":[{"embeddable":true,"href":"https:\/\/patagoniambiental.com.ar\/info\/wp-json\/wp\/v2\/users\/2"}],"replies":[{"embeddable":true,"href":"https:\/\/patagoniambiental.com.ar\/info\/wp-json\/wp\/v2\/comments?post=37390"}],"version-history":[{"count":0,"href":"https:\/\/patagoniambiental.com.ar\/info\/wp-json\/wp\/v2\/posts\/37390\/revisions"}],"wp:featuredmedia":[{"embeddable":true,"href":"https:\/\/patagoniambiental.com.ar\/info\/wp-json\/wp\/v2\/media\/37391"}],"wp:attachment":[{"href":"https:\/\/patagoniambiental.com.ar\/info\/wp-json\/wp\/v2\/media?parent=37390"}],"wp:term":[{"taxonomy":"category","embeddable":true,"href":"https:\/\/patagoniambiental.com.ar\/info\/wp-json\/wp\/v2\/categories?post=37390"},{"taxonomy":"post_tag","embeddable":true,"href":"https:\/\/patagoniambiental.com.ar\/info\/wp-json\/wp\/v2\/tags?post=37390"}],"curies":[{"name":"wp","href":"https:\/\/api.w.org\/{rel}","templated":true}]}}