{"id":37397,"date":"2017-11-02T09:00:31","date_gmt":"2017-11-02T12:00:31","guid":{"rendered":"http:\/\/patagoniambiental.com.ar\/info\/?p=37397"},"modified":"2017-10-31T20:07:15","modified_gmt":"2017-10-31T23:07:15","slug":"neuquen-ringo-debutara-en-el-equipo-de-rescate-del-sien-en-el-mundial-de-rafting","status":"publish","type":"post","link":"https:\/\/patagoniambiental.com.ar\/info\/neuquen-ringo-debutara-en-el-equipo-de-rescate-del-sien-en-el-mundial-de-rafting\/","title":{"rendered":"Neuquen: Ringo debutar\u00e1 en el equipo de rescate del SIEN en el Mundial de Rafting"},"content":{"rendered":"<article id=\"article-post\" class=\"cat-rojo\">\n<div class=\"cuerpo\">\n<p>NEUQUEN.- Eugenio Ortiz es guardavida e integrante del Sistema Integrado de emergencias de Neuqu\u00e9n (<a class=\"agrupador\" href=\"https:\/\/www.lmneuquen.com\/URL_AGRUPADOR_195\/sien-a1905\" rel=\"1905\">SIEN<\/a>) y desde hace un tiempo quer\u00eda tener un compa\u00f1ero para hacer tareas de\u00a0<a class=\"agrupador\" href=\"https:\/\/www.lmneuquen.com\/URL_AGRUPADOR_195\/rescate-a1012\" rel=\"1012\">rescate<\/a>. Cuando estuvo en Mar del Plata de enamor\u00f3 de la raza de los terranovas, consigui\u00f3 uno gracias a unos amigos y le propuso al SIEN incluirlo en el equipo de rescate.<\/p>\n<\/div>\n<\/article>\n<article id=\"article-post\" class=\"cat-rojo\">\n<div class=\"cuerpo\">\n<p>Es un perro entrenado de un a\u00f1o y medio que pesa entre 75 y 80 kilos que necesita nadar y un kilo y medio de alimento balanceado rico en prote\u00ednas para estar en \u00f3ptimas condiciones.<\/p>\n<p>\u00abViene con un don nato de rescate en aguas y lo que hicimos fue pulirlo un poco m\u00e1s, se integro al equipo del SIEN, es uno m\u00e1s de la casa\u00bb, dijo Eugenio en el estudio de LU5. Al tiempo que lo describi\u00f3 con un car\u00e1cter amigable que no tiene problemas con la gente.<\/p>\n<p>\u00abHace tiempo que venimos preparando a un grupo para el Mundial de Rafting. Le ped\u00ed a Eugenio que nos capacite en t\u00e9cnicas de rescate a los que \u00edbamos a ir. Incluso lo mandamos a un curso de aguas abiertas en Mendoza, y como parte de este entrenamiento nos present\u00f3 a Ringo\u00bb, relat\u00f3 la<\/p>\n<p>Dijo que surgi\u00f3 la propuesta de incluir al perro y lo aceptaron. \u00abEs parte del equipo que partimos ma\u00f1ana. Eugenio lo ofreci\u00f3, nos pareci\u00f3 bien tambi\u00e9n porque Ringo es d\u00f3cil y amigable\u00bb.<\/p>\n<p>Explicaron que la modalidad de rescate del perro para la que fue entrenado es entrar a rescatar a la v\u00edctima una vez que el rescatista la haya estabilizado, entonces con la orden de acercarse, la persona se agarra de su chaleco o de su pelaje.<\/p>\n<p>Fuente: La Ma\u00f1ana de Neuquen<\/p>\n<\/div>\n<\/article>\n","protected":false},"excerpt":{"rendered":"<p>NEUQUEN.- Eugenio Ortiz es guardavida e integrante del Sistema Integrado de emergencias de Neuqu\u00e9n (SIEN) y desde hace un tiempo [&hellip;]<\/p>\n","protected":false},"author":2,"featured_media":37398,"comment_status":"open","ping_status":"open","sticky":false,"template":"","format":"standard","meta":{"site-sidebar-layout":"default","site-content-layout":"","ast-site-content-layout":"default","site-content-style":"default","site-sidebar-style":"default","ast-global-header-display":"","ast-banner-title-visibility":"","ast-main-header-display":"","ast-hfb-above-header-display":"","ast-hfb-below-header-display":"","ast-hfb-mobile-header-display":"","site-post-title":"","ast-breadcrumbs-content":"","ast-featured-img":"","footer-sml-layout":"","ast-disable-related-posts":"","theme-transparent-header-meta":"","adv-header-id-meta":"","stick-header-meta":"","header-above-stick-meta":"","header-main-stick-meta":"","header-below-stick-meta":"","astra-migrate-meta-layouts":"default","ast-page-background-enabled":"default","ast-page-background-meta":{"desktop":{"background-color":"var(--ast-global-color-5)","background-image":"","background-repeat":"repeat","background-position":"center center","background-size":"auto","background-attachment":"scroll","background-type":"","background-media":"","overlay-type":"","overlay-color":"","overlay-opacity":"","overlay-gradient":""},"tablet":{"background-color":"","background-image":"","background-repeat":"repeat","background-position":"center center","background-size":"auto","background-attachment":"scroll","background-type":"","background-media":"","overlay-type":"","overlay-color":"","overlay-opacity":"","overlay-gradient":""},"mobile":{"background-color":"","background-image":"","background-repeat":"repeat","background-position":"center center","background-size":"auto","background-attachment":"scroll","background-type":"","background-media":"","overlay-type":"","overlay-color":"","overlay-opacity":"","overlay-gradient":""}},"ast-content-background-meta":{"desktop":{"background-color":"var(--ast-global-color-4)","background-image":"","background-repeat":"repeat","background-position":"center center","background-size":"auto","background-attachment":"scroll","background-type":"","background-media":"","overlay-type":"","overlay-color":"","overlay-opacity":"","overlay-gradient":""},"tablet":{"background-color":"var(--ast-global-color-4)","background-image":"","background-repeat":"repeat","background-position":"center center","background-size":"auto","background-attachment":"scroll","background-type":"","background-media":"","overlay-type":"","overlay-color":"","overlay-opacity":"","overlay-gradient":""},"mobile":{"background-color":"var(--ast-global-color-4)","background-image":"","background-repeat":"repeat","background-position":"center center","background-size":"auto","background-attachment":"scroll","background-type":"","background-media":"","overlay-type":"","overlay-color":"","overlay-opacity":"","overlay-gradient":""}},"footnotes":""},"categories":[46,1],"tags":[],"class_list":["post-37397","post","type-post","status-publish","format-standard","has-post-thumbnail","hentry","category-municipios","category-noticias"],"yoast_head":"<!-- This site is optimized with the Yoast SEO Premium plugin v23.0 (Yoast SEO v27.5) - https:\/\/yoast.com\/product\/yoast-seo-premium-wordpress\/ -->\n<title>Neuquen: Ringo debutar\u00e1 en el equipo de rescate del SIEN en el Mundial de Rafting<\/title>\n<meta name=\"robots\" content=\"index, follow, max-snippet:-1, max-image-preview:large, max-video-preview:-1\" \/>\n<link rel=\"canonical\" href=\"https:\/\/patagoniambiental.com.ar\/info\/neuquen-ringo-debutara-en-el-equipo-de-rescate-del-sien-en-el-mundial-de-rafting\/\" \/>\n<meta property=\"og:locale\" content=\"es_ES\" \/>\n<meta property=\"og:type\" content=\"article\" \/>\n<meta property=\"og:title\" content=\"Neuquen: Ringo debutar\u00e1 en el equipo de rescate del SIEN en el Mundial de Rafting\" \/>\n<meta property=\"og:description\" content=\"NEUQUEN.- Eugenio Ortiz es guardavida e integrante del Sistema Integrado de emergencias de Neuqu\u00e9n (SIEN) y desde hace un tiempo [&hellip;]\" \/>\n<meta property=\"og:url\" content=\"https:\/\/patagoniambiental.com.ar\/info\/neuquen-ringo-debutara-en-el-equipo-de-rescate-del-sien-en-el-mundial-de-rafting\/\" \/>\n<meta property=\"og:site_name\" content=\"Patagonia Ambiental\" \/>\n<meta property=\"article:publisher\" content=\"https:\/\/www.facebook.com\/patagonia.ambiental\" \/>\n<meta property=\"article:author\" content=\"https:\/\/www.facebook.com\/share\/1C1V8Gv9BX\/?mibextid=qi2Omg\" \/>\n<meta property=\"article:published_time\" content=\"2017-11-02T12:00:31+00:00\" \/>\n<meta property=\"og:image\" content=\"https:\/\/patagoniambiental.com.ar\/info\/wp-content\/uploads\/2017\/10\/ringo.jpg\" \/>\n\t<meta property=\"og:image:width\" content=\"770\" \/>\n\t<meta property=\"og:image:height\" content=\"433\" \/>\n\t<meta property=\"og:image:type\" content=\"image\/jpeg\" \/>\n<meta name=\"author\" content=\"Patagonia Ambiental\" \/>\n<meta name=\"twitter:card\" content=\"summary_large_image\" \/>\n<meta name=\"twitter:creator\" content=\"@PatAmb\" \/>\n<meta name=\"twitter:site\" content=\"@PatAmb\" \/>\n<script type=\"application\/ld+json\" class=\"yoast-schema-graph\">{\"@context\":\"https:\\\/\\\/schema.org\",\"@graph\":[{\"@type\":\"Article\",\"@id\":\"https:\\\/\\\/patagoniambiental.com.ar\\\/info\\\/neuquen-ringo-debutara-en-el-equipo-de-rescate-del-sien-en-el-mundial-de-rafting\\\/#article\",\"isPartOf\":{\"@id\":\"https:\\\/\\\/patagoniambiental.com.ar\\\/info\\\/neuquen-ringo-debutara-en-el-equipo-de-rescate-del-sien-en-el-mundial-de-rafting\\\/\"},\"author\":{\"name\":\"Patagonia Ambiental\",\"@id\":\"https:\\\/\\\/patagoniambiental.com.ar\\\/info\\\/#\\\/schema\\\/person\\\/db12bff64bbcbf6a253710bf0ea37b5d\"},\"headline\":\"Neuquen: Ringo debutar\u00e1 en el equipo de rescate del SIEN en el Mundial de Rafting\",\"datePublished\":\"2017-11-02T12:00:31+00:00\",\"mainEntityOfPage\":{\"@id\":\"https:\\\/\\\/patagoniambiental.com.ar\\\/info\\\/neuquen-ringo-debutara-en-el-equipo-de-rescate-del-sien-en-el-mundial-de-rafting\\\/\"},\"wordCount\":311,\"commentCount\":0,\"publisher\":{\"@id\":\"https:\\\/\\\/patagoniambiental.com.ar\\\/info\\\/#organization\"},\"image\":{\"@id\":\"https:\\\/\\\/patagoniambiental.com.ar\\\/info\\\/neuquen-ringo-debutara-en-el-equipo-de-rescate-del-sien-en-el-mundial-de-rafting\\\/#primaryimage\"},\"thumbnailUrl\":\"https:\\\/\\\/patagoniambiental.com.ar\\\/info\\\/wp-content\\\/uploads\\\/2017\\\/10\\\/ringo.jpg\",\"articleSection\":[\"Municipios\",\"Noticias\"],\"inLanguage\":\"es\",\"potentialAction\":[{\"@type\":\"CommentAction\",\"name\":\"Comment\",\"target\":[\"https:\\\/\\\/patagoniambiental.com.ar\\\/info\\\/neuquen-ringo-debutara-en-el-equipo-de-rescate-del-sien-en-el-mundial-de-rafting\\\/#respond\"]}]},{\"@type\":\"WebPage\",\"@id\":\"https:\\\/\\\/patagoniambiental.com.ar\\\/info\\\/neuquen-ringo-debutara-en-el-equipo-de-rescate-del-sien-en-el-mundial-de-rafting\\\/\",\"url\":\"https:\\\/\\\/patagoniambiental.com.ar\\\/info\\\/neuquen-ringo-debutara-en-el-equipo-de-rescate-del-sien-en-el-mundial-de-rafting\\\/\",\"name\":\"Neuquen: Ringo debutar\u00e1 en el equipo de rescate del SIEN en el Mundial de Rafting\",\"isPartOf\":{\"@id\":\"https:\\\/\\\/patagoniambiental.com.ar\\\/info\\\/#website\"},\"primaryImageOfPage\":{\"@id\":\"https:\\\/\\\/patagoniambiental.com.ar\\\/info\\\/neuquen-ringo-debutara-en-el-equipo-de-rescate-del-sien-en-el-mundial-de-rafting\\\/#primaryimage\"},\"image\":{\"@id\":\"https:\\\/\\\/patagoniambiental.com.ar\\\/info\\\/neuquen-ringo-debutara-en-el-equipo-de-rescate-del-sien-en-el-mundial-de-rafting\\\/#primaryimage\"},\"thumbnailUrl\":\"https:\\\/\\\/patagoniambiental.com.ar\\\/info\\\/wp-content\\\/uploads\\\/2017\\\/10\\\/ringo.jpg\",\"datePublished\":\"2017-11-02T12:00:31+00:00\",\"breadcrumb\":{\"@id\":\"https:\\\/\\\/patagoniambiental.com.ar\\\/info\\\/neuquen-ringo-debutara-en-el-equipo-de-rescate-del-sien-en-el-mundial-de-rafting\\\/#breadcrumb\"},\"inLanguage\":\"es\",\"potentialAction\":[{\"@type\":\"ReadAction\",\"target\":[\"https:\\\/\\\/patagoniambiental.com.ar\\\/info\\\/neuquen-ringo-debutara-en-el-equipo-de-rescate-del-sien-en-el-mundial-de-rafting\\\/\"]}]},{\"@type\":\"ImageObject\",\"inLanguage\":\"es\",\"@id\":\"https:\\\/\\\/patagoniambiental.com.ar\\\/info\\\/neuquen-ringo-debutara-en-el-equipo-de-rescate-del-sien-en-el-mundial-de-rafting\\\/#primaryimage\",\"url\":\"https:\\\/\\\/patagoniambiental.com.ar\\\/info\\\/wp-content\\\/uploads\\\/2017\\\/10\\\/ringo.jpg\",\"contentUrl\":\"https:\\\/\\\/patagoniambiental.com.ar\\\/info\\\/wp-content\\\/uploads\\\/2017\\\/10\\\/ringo.jpg\",\"width\":770,\"height\":433},{\"@type\":\"BreadcrumbList\",\"@id\":\"https:\\\/\\\/patagoniambiental.com.ar\\\/info\\\/neuquen-ringo-debutara-en-el-equipo-de-rescate-del-sien-en-el-mundial-de-rafting\\\/#breadcrumb\",\"itemListElement\":[{\"@type\":\"ListItem\",\"position\":1,\"name\":\"Inicio\",\"item\":\"https:\\\/\\\/patagoniambiental.com.ar\\\/info\\\/\"},{\"@type\":\"ListItem\",\"position\":2,\"name\":\"Neuquen: Ringo debutar\u00e1 en el equipo de rescate del SIEN en el Mundial de Rafting\"}]},{\"@type\":\"WebSite\",\"@id\":\"https:\\\/\\\/patagoniambiental.com.ar\\\/info\\\/#website\",\"url\":\"https:\\\/\\\/patagoniambiental.com.ar\\\/info\\\/\",\"name\":\"Patagonia Ambiental\",\"description\":\"Monitoreo y an\u00e1lisis de la situaci\u00f3n geopol\u00edtica en el mundo y su implicancia en la Patagonia\",\"publisher\":{\"@id\":\"https:\\\/\\\/patagoniambiental.com.ar\\\/info\\\/#organization\"},\"potentialAction\":[{\"@type\":\"SearchAction\",\"target\":{\"@type\":\"EntryPoint\",\"urlTemplate\":\"https:\\\/\\\/patagoniambiental.com.ar\\\/info\\\/?s={search_term_string}\"},\"query-input\":{\"@type\":\"PropertyValueSpecification\",\"valueRequired\":true,\"valueName\":\"search_term_string\"}}],\"inLanguage\":\"es\"},{\"@type\":\"Organization\",\"@id\":\"https:\\\/\\\/patagoniambiental.com.ar\\\/info\\\/#organization\",\"name\":\"Patagonia Ambiental\",\"url\":\"https:\\\/\\\/patagoniambiental.com.ar\\\/info\\\/\",\"logo\":{\"@type\":\"ImageObject\",\"inLanguage\":\"es\",\"@id\":\"https:\\\/\\\/patagoniambiental.com.ar\\\/info\\\/#\\\/schema\\\/logo\\\/image\\\/\",\"url\":\"https:\\\/\\\/patagoniambiental.com.ar\\\/info\\\/wp-content\\\/uploads\\\/2025\\\/05\\\/LOGO-PATAGONIA-AMBIENTAL.png\",\"contentUrl\":\"https:\\\/\\\/patagoniambiental.com.ar\\\/info\\\/wp-content\\\/uploads\\\/2025\\\/05\\\/LOGO-PATAGONIA-AMBIENTAL.png\",\"width\":433,\"height\":250,\"caption\":\"Patagonia Ambiental\"},\"image\":{\"@id\":\"https:\\\/\\\/patagoniambiental.com.ar\\\/info\\\/#\\\/schema\\\/logo\\\/image\\\/\"},\"sameAs\":[\"https:\\\/\\\/www.facebook.com\\\/patagonia.ambiental\",\"https:\\\/\\\/x.com\\\/PatAmb\"]},{\"@type\":\"Person\",\"@id\":\"https:\\\/\\\/patagoniambiental.com.ar\\\/info\\\/#\\\/schema\\\/person\\\/db12bff64bbcbf6a253710bf0ea37b5d\",\"name\":\"Patagonia Ambiental\",\"description\":\"Andr\u00e9s Nievas T\u00e9cnico en manejo ambiental, consultor Ambiental y escritor para medios locales e internacionales sobre temas de geopolitica y medio ambiente.\",\"sameAs\":[\"http:\\\/\\\/www.patagoniambiental.com.ar\",\"https:\\\/\\\/www.facebook.com\\\/share\\\/1C1V8Gv9BX\\\/?mibextid=qi2Omg\",\"@patagoniambiental\",\"https:\\\/\\\/youtube.com\\\/@patagoniaambiental2023?si=BLt58t0wuXquxlYZ\"]}]}<\/script>\n<!-- \/ Yoast SEO Premium plugin. -->","yoast_head_json":{"title":"Neuquen: Ringo debutar\u00e1 en el equipo de rescate del SIEN en el Mundial de Rafting","robots":{"index":"index","follow":"follow","max-snippet":"max-snippet:-1","max-image-preview":"max-image-preview:large","max-video-preview":"max-video-preview:-1"},"canonical":"https:\/\/patagoniambiental.com.ar\/info\/neuquen-ringo-debutara-en-el-equipo-de-rescate-del-sien-en-el-mundial-de-rafting\/","og_locale":"es_ES","og_type":"article","og_title":"Neuquen: Ringo debutar\u00e1 en el equipo de rescate del SIEN en el Mundial de Rafting","og_description":"NEUQUEN.- Eugenio Ortiz es guardavida e integrante del Sistema Integrado de emergencias de Neuqu\u00e9n (SIEN) y desde hace un tiempo [&hellip;]","og_url":"https:\/\/patagoniambiental.com.ar\/info\/neuquen-ringo-debutara-en-el-equipo-de-rescate-del-sien-en-el-mundial-de-rafting\/","og_site_name":"Patagonia Ambiental","article_publisher":"https:\/\/www.facebook.com\/patagonia.ambiental","article_author":"https:\/\/www.facebook.com\/share\/1C1V8Gv9BX\/?mibextid=qi2Omg","article_published_time":"2017-11-02T12:00:31+00:00","og_image":[{"width":770,"height":433,"url":"https:\/\/patagoniambiental.com.ar\/info\/wp-content\/uploads\/2017\/10\/ringo.jpg","type":"image\/jpeg"}],"author":"Patagonia Ambiental","twitter_card":"summary_large_image","twitter_creator":"@PatAmb","twitter_site":"@PatAmb","schema":{"@context":"https:\/\/schema.org","@graph":[{"@type":"Article","@id":"https:\/\/patagoniambiental.com.ar\/info\/neuquen-ringo-debutara-en-el-equipo-de-rescate-del-sien-en-el-mundial-de-rafting\/#article","isPartOf":{"@id":"https:\/\/patagoniambiental.com.ar\/info\/neuquen-ringo-debutara-en-el-equipo-de-rescate-del-sien-en-el-mundial-de-rafting\/"},"author":{"name":"Patagonia Ambiental","@id":"https:\/\/patagoniambiental.com.ar\/info\/#\/schema\/person\/db12bff64bbcbf6a253710bf0ea37b5d"},"headline":"Neuquen: Ringo debutar\u00e1 en el equipo de rescate del SIEN en el Mundial de Rafting","datePublished":"2017-11-02T12:00:31+00:00","mainEntityOfPage":{"@id":"https:\/\/patagoniambiental.com.ar\/info\/neuquen-ringo-debutara-en-el-equipo-de-rescate-del-sien-en-el-mundial-de-rafting\/"},"wordCount":311,"commentCount":0,"publisher":{"@id":"https:\/\/patagoniambiental.com.ar\/info\/#organization"},"image":{"@id":"https:\/\/patagoniambiental.com.ar\/info\/neuquen-ringo-debutara-en-el-equipo-de-rescate-del-sien-en-el-mundial-de-rafting\/#primaryimage"},"thumbnailUrl":"https:\/\/patagoniambiental.com.ar\/info\/wp-content\/uploads\/2017\/10\/ringo.jpg","articleSection":["Municipios","Noticias"],"inLanguage":"es","potentialAction":[{"@type":"CommentAction","name":"Comment","target":["https:\/\/patagoniambiental.com.ar\/info\/neuquen-ringo-debutara-en-el-equipo-de-rescate-del-sien-en-el-mundial-de-rafting\/#respond"]}]},{"@type":"WebPage","@id":"https:\/\/patagoniambiental.com.ar\/info\/neuquen-ringo-debutara-en-el-equipo-de-rescate-del-sien-en-el-mundial-de-rafting\/","url":"https:\/\/patagoniambiental.com.ar\/info\/neuquen-ringo-debutara-en-el-equipo-de-rescate-del-sien-en-el-mundial-de-rafting\/","name":"Neuquen: Ringo debutar\u00e1 en el equipo de rescate del SIEN en el Mundial de Rafting","isPartOf":{"@id":"https:\/\/patagoniambiental.com.ar\/info\/#website"},"primaryImageOfPage":{"@id":"https:\/\/patagoniambiental.com.ar\/info\/neuquen-ringo-debutara-en-el-equipo-de-rescate-del-sien-en-el-mundial-de-rafting\/#primaryimage"},"image":{"@id":"https:\/\/patagoniambiental.com.ar\/info\/neuquen-ringo-debutara-en-el-equipo-de-rescate-del-sien-en-el-mundial-de-rafting\/#primaryimage"},"thumbnailUrl":"https:\/\/patagoniambiental.com.ar\/info\/wp-content\/uploads\/2017\/10\/ringo.jpg","datePublished":"2017-11-02T12:00:31+00:00","breadcrumb":{"@id":"https:\/\/patagoniambiental.com.ar\/info\/neuquen-ringo-debutara-en-el-equipo-de-rescate-del-sien-en-el-mundial-de-rafting\/#breadcrumb"},"inLanguage":"es","potentialAction":[{"@type":"ReadAction","target":["https:\/\/patagoniambiental.com.ar\/info\/neuquen-ringo-debutara-en-el-equipo-de-rescate-del-sien-en-el-mundial-de-rafting\/"]}]},{"@type":"ImageObject","inLanguage":"es","@id":"https:\/\/patagoniambiental.com.ar\/info\/neuquen-ringo-debutara-en-el-equipo-de-rescate-del-sien-en-el-mundial-de-rafting\/#primaryimage","url":"https:\/\/patagoniambiental.com.ar\/info\/wp-content\/uploads\/2017\/10\/ringo.jpg","contentUrl":"https:\/\/patagoniambiental.com.ar\/info\/wp-content\/uploads\/2017\/10\/ringo.jpg","width":770,"height":433},{"@type":"BreadcrumbList","@id":"https:\/\/patagoniambiental.com.ar\/info\/neuquen-ringo-debutara-en-el-equipo-de-rescate-del-sien-en-el-mundial-de-rafting\/#breadcrumb","itemListElement":[{"@type":"ListItem","position":1,"name":"Inicio","item":"https:\/\/patagoniambiental.com.ar\/info\/"},{"@type":"ListItem","position":2,"name":"Neuquen: Ringo debutar\u00e1 en el equipo de rescate del SIEN en el Mundial de Rafting"}]},{"@type":"WebSite","@id":"https:\/\/patagoniambiental.com.ar\/info\/#website","url":"https:\/\/patagoniambiental.com.ar\/info\/","name":"Patagonia Ambiental","description":"Monitoreo y an\u00e1lisis de la situaci\u00f3n geopol\u00edtica en el mundo y su implicancia en la Patagonia","publisher":{"@id":"https:\/\/patagoniambiental.com.ar\/info\/#organization"},"potentialAction":[{"@type":"SearchAction","target":{"@type":"EntryPoint","urlTemplate":"https:\/\/patagoniambiental.com.ar\/info\/?s={search_term_string}"},"query-input":{"@type":"PropertyValueSpecification","valueRequired":true,"valueName":"search_term_string"}}],"inLanguage":"es"},{"@type":"Organization","@id":"https:\/\/patagoniambiental.com.ar\/info\/#organization","name":"Patagonia Ambiental","url":"https:\/\/patagoniambiental.com.ar\/info\/","logo":{"@type":"ImageObject","inLanguage":"es","@id":"https:\/\/patagoniambiental.com.ar\/info\/#\/schema\/logo\/image\/","url":"https:\/\/patagoniambiental.com.ar\/info\/wp-content\/uploads\/2025\/05\/LOGO-PATAGONIA-AMBIENTAL.png","contentUrl":"https:\/\/patagoniambiental.com.ar\/info\/wp-content\/uploads\/2025\/05\/LOGO-PATAGONIA-AMBIENTAL.png","width":433,"height":250,"caption":"Patagonia Ambiental"},"image":{"@id":"https:\/\/patagoniambiental.com.ar\/info\/#\/schema\/logo\/image\/"},"sameAs":["https:\/\/www.facebook.com\/patagonia.ambiental","https:\/\/x.com\/PatAmb"]},{"@type":"Person","@id":"https:\/\/patagoniambiental.com.ar\/info\/#\/schema\/person\/db12bff64bbcbf6a253710bf0ea37b5d","name":"Patagonia Ambiental","description":"Andr\u00e9s Nievas T\u00e9cnico en manejo ambiental, consultor Ambiental y escritor para medios locales e internacionales sobre temas de geopolitica y medio ambiente.","sameAs":["http:\/\/www.patagoniambiental.com.ar","https:\/\/www.facebook.com\/share\/1C1V8Gv9BX\/?mibextid=qi2Omg","@patagoniambiental","https:\/\/youtube.com\/@patagoniaambiental2023?si=BLt58t0wuXquxlYZ"]}]}},"_links":{"self":[{"href":"https:\/\/patagoniambiental.com.ar\/info\/wp-json\/wp\/v2\/posts\/37397","targetHints":{"allow":["GET"]}}],"collection":[{"href":"https:\/\/patagoniambiental.com.ar\/info\/wp-json\/wp\/v2\/posts"}],"about":[{"href":"https:\/\/patagoniambiental.com.ar\/info\/wp-json\/wp\/v2\/types\/post"}],"author":[{"embeddable":true,"href":"https:\/\/patagoniambiental.com.ar\/info\/wp-json\/wp\/v2\/users\/2"}],"replies":[{"embeddable":true,"href":"https:\/\/patagoniambiental.com.ar\/info\/wp-json\/wp\/v2\/comments?post=37397"}],"version-history":[{"count":0,"href":"https:\/\/patagoniambiental.com.ar\/info\/wp-json\/wp\/v2\/posts\/37397\/revisions"}],"wp:featuredmedia":[{"embeddable":true,"href":"https:\/\/patagoniambiental.com.ar\/info\/wp-json\/wp\/v2\/media\/37398"}],"wp:attachment":[{"href":"https:\/\/patagoniambiental.com.ar\/info\/wp-json\/wp\/v2\/media?parent=37397"}],"wp:term":[{"taxonomy":"category","embeddable":true,"href":"https:\/\/patagoniambiental.com.ar\/info\/wp-json\/wp\/v2\/categories?post=37397"},{"taxonomy":"post_tag","embeddable":true,"href":"https:\/\/patagoniambiental.com.ar\/info\/wp-json\/wp\/v2\/tags?post=37397"}],"curies":[{"name":"wp","href":"https:\/\/api.w.org\/{rel}","templated":true}]}}