{"id":37409,"date":"2017-11-02T09:00:02","date_gmt":"2017-11-02T12:00:02","guid":{"rendered":"http:\/\/patagoniambiental.com.ar\/info\/?p=37409"},"modified":"2017-10-31T20:31:38","modified_gmt":"2017-10-31T23:31:38","slug":"aceptan-propuesta-peruana-de-incluir-cuatro-especies-de-murcielago-para-su-conservacion","status":"publish","type":"post","link":"https:\/\/patagoniambiental.com.ar\/info\/aceptan-propuesta-peruana-de-incluir-cuatro-especies-de-murcielago-para-su-conservacion\/","title":{"rendered":"Aceptan propuesta peruana de incluir cuatro especies de murci\u00e9lago para su conservaci\u00f3n"},"content":{"rendered":"<p>En la 12\u00aa Sesi\u00f3n de la Conferencia de las Partes, la Convenci\u00f3n sobre la Conservaci\u00f3n de Especies Migratorias de Animales Silvestres (CMS) del Programa de las Naciones Unidas para el Medio Ambiente (PNUMA) se acogi\u00f3 la propuesta peruana de incluir cuatro especies de murci\u00e9lagos migratorios.<\/p>\n<div>Seg\u00fan inform\u00f3 el\u00a0<strong>Servicio Nacional Forestal y de Fauna Silvestre (<a href=\"http:\/\/www.andina.com.pe\/agencia\/noticia-serfor-impulsa-elaboracion-del-plan-nacional-forestal-y-fauna-silvestre-687469.aspx\" target=\"_blank\" rel=\"noopener\">Serfor)<\/a>,<\/strong>\u00a0la reuni\u00f3n del<strong>\u00a0PNUMA<\/strong>\u00a0se desarroll\u00f3 en Filipinas y las cuatro especies de murci\u00e9lago del g\u00e9nero Lasiurus en el ap\u00e9ndice II.<\/div>\n<div><\/div>\n<div>Se trata de\u00a0<strong>especies con amplios rangos de distribuci\u00f3n en las Am\u00e9ricas<\/strong>, como el\u00a0<strong>murci\u00e9lago nevado (Lasiurus cinereus)\u00a0<\/strong>que va de Canad\u00e1 a Argentina y Chile, el\u00a0<strong>murci\u00e9lago rojo oriental<\/strong>\u00a0<strong>(L. borealis)<\/strong>\u00a0que se desplaza del este de Canad\u00e1 hasta el extremo noreste de M\u00e9xico, al igual que el\u00a0<strong>murci\u00e9lago rojo del sur (L. blossevilli)<\/strong>\u00a0se extiende desde el oeste de los Estados Unidos hacia el sur hasta Argentina.<\/div>\n<div><\/div>\n<div>Tambi\u00e9n figuran el<strong>\u00a0murci\u00e9lago amarillento (L. ega)<\/strong>\u00a0cuya distribuci\u00f3n es desde Estados Unidos hasta Argentina. El Ap\u00e9ndice II de la CMS incluye especies migratorias que la comunidad internacional concuerda conservar por encontrarse en un estado desfavorable y que podr\u00eda beneficiarse del apoyo de la cooperaci\u00f3n internacional para su\u00a0<strong><a class=\"ApplyClass\" href=\"http:\/\/www.andina.com.pe\/agencia\/noticia-austriaca-lidera-loreto-cruzada-para-conservacion-mariposas-685072.aspx\" target=\"_blank\" rel=\"noopener\">preservaci\u00f3n y manejo<\/a><\/strong>.<\/div>\n<div><\/div>\n<div><img decoding=\"async\" src=\"http:\/\/portal.andina.com.pe\/EDPFotografia3\/thumbnail\/2017\/10\/31\/000460430M.jpg\" alt=\"\" width=\"580px\" \/><\/div>\n<div><\/div>\n<div>La propuesta fue presentada ante la CMS por Jessica G\u00e1lvez-Durand Besnard, directora de Gesti\u00f3n Sostenible del Patrimonio de Fauna Silvestre del Serfor, en su calidad de Punto Focal de dicha Convenci\u00f3n, quien indic\u00f3 que esta\u00a0<strong>inclusi\u00f3n garantizar\u00e1 mayor<a href=\"http:\/\/www.andina.com.pe\/agencia\/noticia-suscriben-acuerdo-para-evitar-deforestacion-reserva-tambopata-687395.aspx\" target=\"_blank\" rel=\"noopener\">protecci\u00f3n<\/a>\u00a0legal para los murci\u00e9lagos,<\/strong>\u00a0promover\u00e1 mayores estudios, as\u00ed como colaboraci\u00f3n y sinergia en la regi\u00f3n.<\/div>\n<div><\/div>\n<div>La funcionaria resalt\u00f3 la\u00a0<strong>importancia y el papel de los murci\u00e9lagos que reposan entre el follaje de los \u00e1rboles y en el heno que cuelga de los \u00e1rboles<\/strong>, son polinizadores de plantas y dispersores de semillas. En particular, estas\u00a0<strong>especies son insect\u00edvoros y controladores de plagas<\/strong>, y tienen al Per\u00fa como parte de su ruta migratoria por el continente americano.<\/div>\n<div><\/div>\n<div>Los\u00a0<strong>mayores riesgos que enfrentan estas especies son la p\u00e9rdida de su h\u00e1bitat por la deforestaci\u00f3n, perturbaci\u00f3n humana, los efectos del cambio clim\u00e1tico, el uso de plaguicidas y la energ\u00eda e\u00f3lica<\/strong>, muchas muertes se producen en las turbinas de viento.<\/div>\n<div><\/div>\n<div>El Per\u00fa reconoce que la energ\u00eda e\u00f3lica es crucial en la lucha contra el cambio clim\u00e1tico, y esta inclusi\u00f3n facilitar\u00e1 la implementaci\u00f3n de medidas de conservaci\u00f3n y mitigaci\u00f3n con un impacto m\u00ednimo en la evoluci\u00f3n de la energ\u00eda e\u00f3lica, y alentar\u00eda el desarrollo responsable de la energ\u00eda e\u00f3lica de forma compatible con la conservaci\u00f3n de los murci\u00e9lagos migratorios.<\/div>\n<div><\/div>\n<div>Serfor destac\u00f3 que esta propuesta recibi\u00f3 el apoyo del Consejo Cient\u00edfico de la CMS y ha sido preparada con asesor\u00eda de Erin Baerwald, experta reconocida mundialmente por sus estudios sobre murci\u00e9lagos y energ\u00eda e\u00f3lica, y Rodrigo Medell\u00edn, consejero cient\u00edfico de la CMS designado por la COP, quien es un acad\u00e9mico reconocido por sus estudios en ecolog\u00eda y conservaci\u00f3n de murci\u00e9lagos.<\/div>\n<div><\/div>\n<div>Fuente:\u00a0http:\/\/www.andina.com.pe\/agencia\/noticia-aceptan-propuesta-peruana-incluir-cuatro-especies-murcielago-para-su-conservacion-688163.aspx<\/div>\n","protected":false},"excerpt":{"rendered":"<p>En la 12\u00aa Sesi\u00f3n de la Conferencia de las Partes, la Convenci\u00f3n sobre la Conservaci\u00f3n de Especies Migratorias de Animales [&hellip;]<\/p>\n","protected":false},"author":2,"featured_media":37410,"comment_status":"open","ping_status":"open","sticky":false,"template":"","format":"standard","meta":{"site-sidebar-layout":"default","site-content-layout":"","ast-site-content-layout":"default","site-content-style":"default","site-sidebar-style":"default","ast-global-header-display":"","ast-banner-title-visibility":"","ast-main-header-display":"","ast-hfb-above-header-display":"","ast-hfb-below-header-display":"","ast-hfb-mobile-header-display":"","site-post-title":"","ast-breadcrumbs-content":"","ast-featured-img":"","footer-sml-layout":"","ast-disable-related-posts":"","theme-transparent-header-meta":"","adv-header-id-meta":"","stick-header-meta":"","header-above-stick-meta":"","header-main-stick-meta":"","header-below-stick-meta":"","astra-migrate-meta-layouts":"default","ast-page-background-enabled":"default","ast-page-background-meta":{"desktop":{"background-color":"var(--ast-global-color-5)","background-image":"","background-repeat":"repeat","background-position":"center center","background-size":"auto","background-attachment":"scroll","background-type":"","background-media":"","overlay-type":"","overlay-color":"","overlay-opacity":"","overlay-gradient":""},"tablet":{"background-color":"","background-image":"","background-repeat":"repeat","background-position":"center center","background-size":"auto","background-attachment":"scroll","background-type":"","background-media":"","overlay-type":"","overlay-color":"","overlay-opacity":"","overlay-gradient":""},"mobile":{"background-color":"","background-image":"","background-repeat":"repeat","background-position":"center center","background-size":"auto","background-attachment":"scroll","background-type":"","background-media":"","overlay-type":"","overlay-color":"","overlay-opacity":"","overlay-gradient":""}},"ast-content-background-meta":{"desktop":{"background-color":"var(--ast-global-color-4)","background-image":"","background-repeat":"repeat","background-position":"center center","background-size":"auto","background-attachment":"scroll","background-type":"","background-media":"","overlay-type":"","overlay-color":"","overlay-opacity":"","overlay-gradient":""},"tablet":{"background-color":"var(--ast-global-color-4)","background-image":"","background-repeat":"repeat","background-position":"center center","background-size":"auto","background-attachment":"scroll","background-type":"","background-media":"","overlay-type":"","overlay-color":"","overlay-opacity":"","overlay-gradient":""},"mobile":{"background-color":"var(--ast-global-color-4)","background-image":"","background-repeat":"repeat","background-position":"center center","background-size":"auto","background-attachment":"scroll","background-type":"","background-media":"","overlay-type":"","overlay-color":"","overlay-opacity":"","overlay-gradient":""}},"footnotes":""},"categories":[23,1],"tags":[],"class_list":["post-37409","post","type-post","status-publish","format-standard","has-post-thumbnail","hentry","category-internacionales","category-noticias"],"yoast_head":"<!-- This site is optimized with the Yoast SEO Premium plugin v23.0 (Yoast SEO v27.4) - https:\/\/yoast.com\/product\/yoast-seo-premium-wordpress\/ -->\n<title>Aceptan propuesta peruana de incluir cuatro especies de murci\u00e9lago para su conservaci\u00f3n<\/title>\n<meta name=\"robots\" content=\"index, follow, max-snippet:-1, max-image-preview:large, max-video-preview:-1\" \/>\n<link rel=\"canonical\" href=\"https:\/\/patagoniambiental.com.ar\/info\/aceptan-propuesta-peruana-de-incluir-cuatro-especies-de-murcielago-para-su-conservacion\/\" \/>\n<meta property=\"og:locale\" content=\"es_ES\" \/>\n<meta property=\"og:type\" content=\"article\" \/>\n<meta property=\"og:title\" content=\"Aceptan propuesta peruana de incluir cuatro especies de murci\u00e9lago para su conservaci\u00f3n\" \/>\n<meta property=\"og:description\" content=\"En la 12\u00aa Sesi\u00f3n de la Conferencia de las Partes, la Convenci\u00f3n sobre la Conservaci\u00f3n de Especies Migratorias de Animales [&hellip;]\" \/>\n<meta property=\"og:url\" content=\"https:\/\/patagoniambiental.com.ar\/info\/aceptan-propuesta-peruana-de-incluir-cuatro-especies-de-murcielago-para-su-conservacion\/\" \/>\n<meta property=\"og:site_name\" content=\"Patagonia Ambiental\" \/>\n<meta property=\"article:publisher\" content=\"https:\/\/www.facebook.com\/patagonia.ambiental\" \/>\n<meta property=\"article:author\" content=\"https:\/\/www.facebook.com\/share\/1C1V8Gv9BX\/?mibextid=qi2Omg\" \/>\n<meta property=\"article:published_time\" content=\"2017-11-02T12:00:02+00:00\" \/>\n<meta property=\"og:image\" content=\"https:\/\/patagoniambiental.com.ar\/info\/wp-content\/uploads\/2017\/10\/murcielago1.jpg\" \/>\n\t<meta property=\"og:image:width\" content=\"367\" \/>\n\t<meta property=\"og:image:height\" content=\"500\" \/>\n\t<meta property=\"og:image:type\" content=\"image\/jpeg\" \/>\n<meta name=\"author\" content=\"Patagonia Ambiental\" \/>\n<meta name=\"twitter:card\" content=\"summary_large_image\" \/>\n<meta name=\"twitter:creator\" content=\"@PatAmb\" \/>\n<meta name=\"twitter:site\" content=\"@PatAmb\" \/>\n<script type=\"application\/ld+json\" class=\"yoast-schema-graph\">{\"@context\":\"https:\\\/\\\/schema.org\",\"@graph\":[{\"@type\":\"Article\",\"@id\":\"https:\\\/\\\/patagoniambiental.com.ar\\\/info\\\/aceptan-propuesta-peruana-de-incluir-cuatro-especies-de-murcielago-para-su-conservacion\\\/#article\",\"isPartOf\":{\"@id\":\"https:\\\/\\\/patagoniambiental.com.ar\\\/info\\\/aceptan-propuesta-peruana-de-incluir-cuatro-especies-de-murcielago-para-su-conservacion\\\/\"},\"author\":{\"name\":\"Patagonia Ambiental\",\"@id\":\"https:\\\/\\\/patagoniambiental.com.ar\\\/info\\\/#\\\/schema\\\/person\\\/db12bff64bbcbf6a253710bf0ea37b5d\"},\"headline\":\"Aceptan propuesta peruana de incluir cuatro especies de murci\u00e9lago para su conservaci\u00f3n\",\"datePublished\":\"2017-11-02T12:00:02+00:00\",\"mainEntityOfPage\":{\"@id\":\"https:\\\/\\\/patagoniambiental.com.ar\\\/info\\\/aceptan-propuesta-peruana-de-incluir-cuatro-especies-de-murcielago-para-su-conservacion\\\/\"},\"wordCount\":556,\"commentCount\":0,\"publisher\":{\"@id\":\"https:\\\/\\\/patagoniambiental.com.ar\\\/info\\\/#organization\"},\"image\":{\"@id\":\"https:\\\/\\\/patagoniambiental.com.ar\\\/info\\\/aceptan-propuesta-peruana-de-incluir-cuatro-especies-de-murcielago-para-su-conservacion\\\/#primaryimage\"},\"thumbnailUrl\":\"https:\\\/\\\/patagoniambiental.com.ar\\\/info\\\/wp-content\\\/uploads\\\/2017\\\/10\\\/murcielago1.jpg\",\"articleSection\":[\"Internacionales\",\"Noticias\"],\"inLanguage\":\"es\",\"potentialAction\":[{\"@type\":\"CommentAction\",\"name\":\"Comment\",\"target\":[\"https:\\\/\\\/patagoniambiental.com.ar\\\/info\\\/aceptan-propuesta-peruana-de-incluir-cuatro-especies-de-murcielago-para-su-conservacion\\\/#respond\"]}]},{\"@type\":\"WebPage\",\"@id\":\"https:\\\/\\\/patagoniambiental.com.ar\\\/info\\\/aceptan-propuesta-peruana-de-incluir-cuatro-especies-de-murcielago-para-su-conservacion\\\/\",\"url\":\"https:\\\/\\\/patagoniambiental.com.ar\\\/info\\\/aceptan-propuesta-peruana-de-incluir-cuatro-especies-de-murcielago-para-su-conservacion\\\/\",\"name\":\"Aceptan propuesta peruana de incluir cuatro especies de murci\u00e9lago para su conservaci\u00f3n\",\"isPartOf\":{\"@id\":\"https:\\\/\\\/patagoniambiental.com.ar\\\/info\\\/#website\"},\"primaryImageOfPage\":{\"@id\":\"https:\\\/\\\/patagoniambiental.com.ar\\\/info\\\/aceptan-propuesta-peruana-de-incluir-cuatro-especies-de-murcielago-para-su-conservacion\\\/#primaryimage\"},\"image\":{\"@id\":\"https:\\\/\\\/patagoniambiental.com.ar\\\/info\\\/aceptan-propuesta-peruana-de-incluir-cuatro-especies-de-murcielago-para-su-conservacion\\\/#primaryimage\"},\"thumbnailUrl\":\"https:\\\/\\\/patagoniambiental.com.ar\\\/info\\\/wp-content\\\/uploads\\\/2017\\\/10\\\/murcielago1.jpg\",\"datePublished\":\"2017-11-02T12:00:02+00:00\",\"breadcrumb\":{\"@id\":\"https:\\\/\\\/patagoniambiental.com.ar\\\/info\\\/aceptan-propuesta-peruana-de-incluir-cuatro-especies-de-murcielago-para-su-conservacion\\\/#breadcrumb\"},\"inLanguage\":\"es\",\"potentialAction\":[{\"@type\":\"ReadAction\",\"target\":[\"https:\\\/\\\/patagoniambiental.com.ar\\\/info\\\/aceptan-propuesta-peruana-de-incluir-cuatro-especies-de-murcielago-para-su-conservacion\\\/\"]}]},{\"@type\":\"ImageObject\",\"inLanguage\":\"es\",\"@id\":\"https:\\\/\\\/patagoniambiental.com.ar\\\/info\\\/aceptan-propuesta-peruana-de-incluir-cuatro-especies-de-murcielago-para-su-conservacion\\\/#primaryimage\",\"url\":\"https:\\\/\\\/patagoniambiental.com.ar\\\/info\\\/wp-content\\\/uploads\\\/2017\\\/10\\\/murcielago1.jpg\",\"contentUrl\":\"https:\\\/\\\/patagoniambiental.com.ar\\\/info\\\/wp-content\\\/uploads\\\/2017\\\/10\\\/murcielago1.jpg\",\"width\":367,\"height\":500},{\"@type\":\"BreadcrumbList\",\"@id\":\"https:\\\/\\\/patagoniambiental.com.ar\\\/info\\\/aceptan-propuesta-peruana-de-incluir-cuatro-especies-de-murcielago-para-su-conservacion\\\/#breadcrumb\",\"itemListElement\":[{\"@type\":\"ListItem\",\"position\":1,\"name\":\"Inicio\",\"item\":\"https:\\\/\\\/patagoniambiental.com.ar\\\/info\\\/\"},{\"@type\":\"ListItem\",\"position\":2,\"name\":\"Aceptan propuesta peruana de incluir cuatro especies de murci\u00e9lago para su conservaci\u00f3n\"}]},{\"@type\":\"WebSite\",\"@id\":\"https:\\\/\\\/patagoniambiental.com.ar\\\/info\\\/#website\",\"url\":\"https:\\\/\\\/patagoniambiental.com.ar\\\/info\\\/\",\"name\":\"Patagonia Ambiental\",\"description\":\"Monitoreo y an\u00e1lisis de la situaci\u00f3n geopol\u00edtica en el mundo y su implicancia en la Patagonia\",\"publisher\":{\"@id\":\"https:\\\/\\\/patagoniambiental.com.ar\\\/info\\\/#organization\"},\"potentialAction\":[{\"@type\":\"SearchAction\",\"target\":{\"@type\":\"EntryPoint\",\"urlTemplate\":\"https:\\\/\\\/patagoniambiental.com.ar\\\/info\\\/?s={search_term_string}\"},\"query-input\":{\"@type\":\"PropertyValueSpecification\",\"valueRequired\":true,\"valueName\":\"search_term_string\"}}],\"inLanguage\":\"es\"},{\"@type\":\"Organization\",\"@id\":\"https:\\\/\\\/patagoniambiental.com.ar\\\/info\\\/#organization\",\"name\":\"Patagonia Ambiental\",\"url\":\"https:\\\/\\\/patagoniambiental.com.ar\\\/info\\\/\",\"logo\":{\"@type\":\"ImageObject\",\"inLanguage\":\"es\",\"@id\":\"https:\\\/\\\/patagoniambiental.com.ar\\\/info\\\/#\\\/schema\\\/logo\\\/image\\\/\",\"url\":\"https:\\\/\\\/patagoniambiental.com.ar\\\/info\\\/wp-content\\\/uploads\\\/2025\\\/05\\\/LOGO-PATAGONIA-AMBIENTAL.png\",\"contentUrl\":\"https:\\\/\\\/patagoniambiental.com.ar\\\/info\\\/wp-content\\\/uploads\\\/2025\\\/05\\\/LOGO-PATAGONIA-AMBIENTAL.png\",\"width\":433,\"height\":250,\"caption\":\"Patagonia Ambiental\"},\"image\":{\"@id\":\"https:\\\/\\\/patagoniambiental.com.ar\\\/info\\\/#\\\/schema\\\/logo\\\/image\\\/\"},\"sameAs\":[\"https:\\\/\\\/www.facebook.com\\\/patagonia.ambiental\",\"https:\\\/\\\/x.com\\\/PatAmb\"]},{\"@type\":\"Person\",\"@id\":\"https:\\\/\\\/patagoniambiental.com.ar\\\/info\\\/#\\\/schema\\\/person\\\/db12bff64bbcbf6a253710bf0ea37b5d\",\"name\":\"Patagonia Ambiental\",\"description\":\"Andr\u00e9s Nievas T\u00e9cnico en manejo ambiental, consultor Ambiental y escritor para medios locales e internacionales sobre temas de geopolitica y medio ambiente.\",\"sameAs\":[\"http:\\\/\\\/www.patagoniambiental.com.ar\",\"https:\\\/\\\/www.facebook.com\\\/share\\\/1C1V8Gv9BX\\\/?mibextid=qi2Omg\",\"@patagoniambiental\",\"https:\\\/\\\/youtube.com\\\/@patagoniaambiental2023?si=BLt58t0wuXquxlYZ\"]}]}<\/script>\n<!-- \/ Yoast SEO Premium plugin. -->","yoast_head_json":{"title":"Aceptan propuesta peruana de incluir cuatro especies de murci\u00e9lago para su conservaci\u00f3n","robots":{"index":"index","follow":"follow","max-snippet":"max-snippet:-1","max-image-preview":"max-image-preview:large","max-video-preview":"max-video-preview:-1"},"canonical":"https:\/\/patagoniambiental.com.ar\/info\/aceptan-propuesta-peruana-de-incluir-cuatro-especies-de-murcielago-para-su-conservacion\/","og_locale":"es_ES","og_type":"article","og_title":"Aceptan propuesta peruana de incluir cuatro especies de murci\u00e9lago para su conservaci\u00f3n","og_description":"En la 12\u00aa Sesi\u00f3n de la Conferencia de las Partes, la Convenci\u00f3n sobre la Conservaci\u00f3n de Especies Migratorias de Animales [&hellip;]","og_url":"https:\/\/patagoniambiental.com.ar\/info\/aceptan-propuesta-peruana-de-incluir-cuatro-especies-de-murcielago-para-su-conservacion\/","og_site_name":"Patagonia Ambiental","article_publisher":"https:\/\/www.facebook.com\/patagonia.ambiental","article_author":"https:\/\/www.facebook.com\/share\/1C1V8Gv9BX\/?mibextid=qi2Omg","article_published_time":"2017-11-02T12:00:02+00:00","og_image":[{"width":367,"height":500,"url":"https:\/\/patagoniambiental.com.ar\/info\/wp-content\/uploads\/2017\/10\/murcielago1.jpg","type":"image\/jpeg"}],"author":"Patagonia Ambiental","twitter_card":"summary_large_image","twitter_creator":"@PatAmb","twitter_site":"@PatAmb","schema":{"@context":"https:\/\/schema.org","@graph":[{"@type":"Article","@id":"https:\/\/patagoniambiental.com.ar\/info\/aceptan-propuesta-peruana-de-incluir-cuatro-especies-de-murcielago-para-su-conservacion\/#article","isPartOf":{"@id":"https:\/\/patagoniambiental.com.ar\/info\/aceptan-propuesta-peruana-de-incluir-cuatro-especies-de-murcielago-para-su-conservacion\/"},"author":{"name":"Patagonia Ambiental","@id":"https:\/\/patagoniambiental.com.ar\/info\/#\/schema\/person\/db12bff64bbcbf6a253710bf0ea37b5d"},"headline":"Aceptan propuesta peruana de incluir cuatro especies de murci\u00e9lago para su conservaci\u00f3n","datePublished":"2017-11-02T12:00:02+00:00","mainEntityOfPage":{"@id":"https:\/\/patagoniambiental.com.ar\/info\/aceptan-propuesta-peruana-de-incluir-cuatro-especies-de-murcielago-para-su-conservacion\/"},"wordCount":556,"commentCount":0,"publisher":{"@id":"https:\/\/patagoniambiental.com.ar\/info\/#organization"},"image":{"@id":"https:\/\/patagoniambiental.com.ar\/info\/aceptan-propuesta-peruana-de-incluir-cuatro-especies-de-murcielago-para-su-conservacion\/#primaryimage"},"thumbnailUrl":"https:\/\/patagoniambiental.com.ar\/info\/wp-content\/uploads\/2017\/10\/murcielago1.jpg","articleSection":["Internacionales","Noticias"],"inLanguage":"es","potentialAction":[{"@type":"CommentAction","name":"Comment","target":["https:\/\/patagoniambiental.com.ar\/info\/aceptan-propuesta-peruana-de-incluir-cuatro-especies-de-murcielago-para-su-conservacion\/#respond"]}]},{"@type":"WebPage","@id":"https:\/\/patagoniambiental.com.ar\/info\/aceptan-propuesta-peruana-de-incluir-cuatro-especies-de-murcielago-para-su-conservacion\/","url":"https:\/\/patagoniambiental.com.ar\/info\/aceptan-propuesta-peruana-de-incluir-cuatro-especies-de-murcielago-para-su-conservacion\/","name":"Aceptan propuesta peruana de incluir cuatro especies de murci\u00e9lago para su conservaci\u00f3n","isPartOf":{"@id":"https:\/\/patagoniambiental.com.ar\/info\/#website"},"primaryImageOfPage":{"@id":"https:\/\/patagoniambiental.com.ar\/info\/aceptan-propuesta-peruana-de-incluir-cuatro-especies-de-murcielago-para-su-conservacion\/#primaryimage"},"image":{"@id":"https:\/\/patagoniambiental.com.ar\/info\/aceptan-propuesta-peruana-de-incluir-cuatro-especies-de-murcielago-para-su-conservacion\/#primaryimage"},"thumbnailUrl":"https:\/\/patagoniambiental.com.ar\/info\/wp-content\/uploads\/2017\/10\/murcielago1.jpg","datePublished":"2017-11-02T12:00:02+00:00","breadcrumb":{"@id":"https:\/\/patagoniambiental.com.ar\/info\/aceptan-propuesta-peruana-de-incluir-cuatro-especies-de-murcielago-para-su-conservacion\/#breadcrumb"},"inLanguage":"es","potentialAction":[{"@type":"ReadAction","target":["https:\/\/patagoniambiental.com.ar\/info\/aceptan-propuesta-peruana-de-incluir-cuatro-especies-de-murcielago-para-su-conservacion\/"]}]},{"@type":"ImageObject","inLanguage":"es","@id":"https:\/\/patagoniambiental.com.ar\/info\/aceptan-propuesta-peruana-de-incluir-cuatro-especies-de-murcielago-para-su-conservacion\/#primaryimage","url":"https:\/\/patagoniambiental.com.ar\/info\/wp-content\/uploads\/2017\/10\/murcielago1.jpg","contentUrl":"https:\/\/patagoniambiental.com.ar\/info\/wp-content\/uploads\/2017\/10\/murcielago1.jpg","width":367,"height":500},{"@type":"BreadcrumbList","@id":"https:\/\/patagoniambiental.com.ar\/info\/aceptan-propuesta-peruana-de-incluir-cuatro-especies-de-murcielago-para-su-conservacion\/#breadcrumb","itemListElement":[{"@type":"ListItem","position":1,"name":"Inicio","item":"https:\/\/patagoniambiental.com.ar\/info\/"},{"@type":"ListItem","position":2,"name":"Aceptan propuesta peruana de incluir cuatro especies de murci\u00e9lago para su conservaci\u00f3n"}]},{"@type":"WebSite","@id":"https:\/\/patagoniambiental.com.ar\/info\/#website","url":"https:\/\/patagoniambiental.com.ar\/info\/","name":"Patagonia Ambiental","description":"Monitoreo y an\u00e1lisis de la situaci\u00f3n geopol\u00edtica en el mundo y su implicancia en la Patagonia","publisher":{"@id":"https:\/\/patagoniambiental.com.ar\/info\/#organization"},"potentialAction":[{"@type":"SearchAction","target":{"@type":"EntryPoint","urlTemplate":"https:\/\/patagoniambiental.com.ar\/info\/?s={search_term_string}"},"query-input":{"@type":"PropertyValueSpecification","valueRequired":true,"valueName":"search_term_string"}}],"inLanguage":"es"},{"@type":"Organization","@id":"https:\/\/patagoniambiental.com.ar\/info\/#organization","name":"Patagonia Ambiental","url":"https:\/\/patagoniambiental.com.ar\/info\/","logo":{"@type":"ImageObject","inLanguage":"es","@id":"https:\/\/patagoniambiental.com.ar\/info\/#\/schema\/logo\/image\/","url":"https:\/\/patagoniambiental.com.ar\/info\/wp-content\/uploads\/2025\/05\/LOGO-PATAGONIA-AMBIENTAL.png","contentUrl":"https:\/\/patagoniambiental.com.ar\/info\/wp-content\/uploads\/2025\/05\/LOGO-PATAGONIA-AMBIENTAL.png","width":433,"height":250,"caption":"Patagonia Ambiental"},"image":{"@id":"https:\/\/patagoniambiental.com.ar\/info\/#\/schema\/logo\/image\/"},"sameAs":["https:\/\/www.facebook.com\/patagonia.ambiental","https:\/\/x.com\/PatAmb"]},{"@type":"Person","@id":"https:\/\/patagoniambiental.com.ar\/info\/#\/schema\/person\/db12bff64bbcbf6a253710bf0ea37b5d","name":"Patagonia Ambiental","description":"Andr\u00e9s Nievas T\u00e9cnico en manejo ambiental, consultor Ambiental y escritor para medios locales e internacionales sobre temas de geopolitica y medio ambiente.","sameAs":["http:\/\/www.patagoniambiental.com.ar","https:\/\/www.facebook.com\/share\/1C1V8Gv9BX\/?mibextid=qi2Omg","@patagoniambiental","https:\/\/youtube.com\/@patagoniaambiental2023?si=BLt58t0wuXquxlYZ"]}]}},"_links":{"self":[{"href":"https:\/\/patagoniambiental.com.ar\/info\/wp-json\/wp\/v2\/posts\/37409","targetHints":{"allow":["GET"]}}],"collection":[{"href":"https:\/\/patagoniambiental.com.ar\/info\/wp-json\/wp\/v2\/posts"}],"about":[{"href":"https:\/\/patagoniambiental.com.ar\/info\/wp-json\/wp\/v2\/types\/post"}],"author":[{"embeddable":true,"href":"https:\/\/patagoniambiental.com.ar\/info\/wp-json\/wp\/v2\/users\/2"}],"replies":[{"embeddable":true,"href":"https:\/\/patagoniambiental.com.ar\/info\/wp-json\/wp\/v2\/comments?post=37409"}],"version-history":[{"count":0,"href":"https:\/\/patagoniambiental.com.ar\/info\/wp-json\/wp\/v2\/posts\/37409\/revisions"}],"wp:featuredmedia":[{"embeddable":true,"href":"https:\/\/patagoniambiental.com.ar\/info\/wp-json\/wp\/v2\/media\/37410"}],"wp:attachment":[{"href":"https:\/\/patagoniambiental.com.ar\/info\/wp-json\/wp\/v2\/media?parent=37409"}],"wp:term":[{"taxonomy":"category","embeddable":true,"href":"https:\/\/patagoniambiental.com.ar\/info\/wp-json\/wp\/v2\/categories?post=37409"},{"taxonomy":"post_tag","embeddable":true,"href":"https:\/\/patagoniambiental.com.ar\/info\/wp-json\/wp\/v2\/tags?post=37409"}],"curies":[{"name":"wp","href":"https:\/\/api.w.org\/{rel}","templated":true}]}}