{"id":37422,"date":"2017-11-02T19:00:29","date_gmt":"2017-11-02T22:00:29","guid":{"rendered":"http:\/\/patagoniambiental.com.ar\/info\/?p=37422"},"modified":"2017-11-01T11:19:23","modified_gmt":"2017-11-01T14:19:23","slug":"migrantes-del-cambio-climatico-mas-de-mil-millones-de-personas-se-veran-forzadas-a-huir-de-sus-hogares-dice-un-informe-mundial","status":"publish","type":"post","link":"https:\/\/patagoniambiental.com.ar\/info\/migrantes-del-cambio-climatico-mas-de-mil-millones-de-personas-se-veran-forzadas-a-huir-de-sus-hogares-dice-un-informe-mundial\/","title":{"rendered":"Migrantes del cambio clim\u00e1tico: m\u00e1s de mil millones de personas se ver\u00e1n forzadas a huir de sus hogares, dice un informe mundial"},"content":{"rendered":"<p><span class=\"titular-bajada\">Reino Unido.-El calentamiento global ya est\u00e1 llevando a algunos estudiosos a la conclusi\u00f3n de que los migrantes del cambio clim\u00e1tico se ven forzados a moverse debido a los cambios extremos que arruinan su capacidad para mantener los cultivos.\u00a0<\/span><\/p>\n<p><!--more--><\/p>\n<p><span class=\"titular-bajada\">Este desplazamiento podr\u00eda estar a punto de provocar una gran crisis de salud, seg\u00fan un nuevo estudio publicado por\u00a0la prestigiosa revista &#8216;The Lancet&#8217;.<br \/>\n<\/span><\/p>\n<div class=\"row\"><\/div>\n<div id=\"Brid_97848653_container\" class=\"brid-outstream\"><\/div>\n<div class=\"p402_premium\">\n<div class=\"the_content\">\n<div id=\"attachment_450371\" class=\"wp-caption aligncenter\">\n<p><img fetchpriority=\"high\" decoding=\"async\" class=\"size-full wp-image-450371\" src=\"http:\/\/www.elciudadano.cl\/wp-content\/uploads\/2017\/10\/migrantes-hispanTV.jpg\" sizes=\"(max-width: 748px) 100vw, 748px\" srcset=\"http:\/\/www.elciudadano.cl\/wp-content\/uploads\/2017\/10\/migrantes-hispanTV.jpg 748w, http:\/\/www.elciudadano.cl\/wp-content\/uploads\/2017\/10\/migrantes-hispanTV-520x292.jpg 520w\" alt=\"\" width=\"748\" height=\"420\" \/><\/p>\n<p class=\"wp-caption-text\"><em>CR\u00c9DITO IMAGEN: HISPANTV<\/em><\/p>\n<\/div>\n<p>Seg\u00fan una nueva investigaci\u00f3n, m\u00e1s de mil millones de personas en el mundo podr\u00edan verse obligadas a abandonar sus hogares debido al calentamiento global.<\/p>\n<p>Este desplazamiento de personas, as\u00ed como los diversos efectos del cambio clim\u00e1tico, podr\u00edan estar a punto de provocar una gran crisis de salud, seg\u00fan un nuevo estudio publicado por\u00a0<a href=\"http:\/\/www.thelancet.com\/journals\/lancet\/article\/PIIS0140-6736(17)32464-9\/abstract\" target=\"_blank\" rel=\"noopener\"><em>The Lancet<\/em><\/a>.<\/p>\n<p>El calentamiento global ya est\u00e1 llevando a algunos estudiosos a la conclusi\u00f3n de que los llamados\u00a0<strong>migrantes del cambio clim\u00e1tico<\/strong>\u00a0se est\u00e1n viendo forzados a moverse debido a los cambios extremos en las cantidades de lluvia y a los cambios de temperatura que arruinan su capacidad para mantener los cultivos.<\/p>\n<p>El art\u00edculo se\u00f1ala que \u201cla migraci\u00f3n impulsada por el cambio clim\u00e1tico tiene impactos potencialmente graves en la salud mental y f\u00edsica, tanto directamente como a trav\u00e9s de la interrupci\u00f3n de los servicios sociales y de salud esenciales\u201d.<\/p>\n<p>La nueva investigaci\u00f3n re\u00fane una serie de diferentes estudios que analizan los impactos del cambio clim\u00e1tico en la salud. Sugiere que el posible impacto en la salud de las personas podr\u00eda ser enorme, y que los gobiernos deben actuar r\u00e1pidamente para disminuir la contaminaci\u00f3n del aire y abordar otros problemas ambientales, antes de que comiencen a matar a la gente.<\/p>\n<p>El estudio concluye que las personas pueden adaptarse a algunos de los cambios menos dr\u00e1sticos, pero hay l\u00edmites para la cantidad de gente que se puede adaptar, y que por eso los gobiernos deben trabajar arduamente, tanto para mitigar los efectos del cambio clim\u00e1tico como para ayudar a las personas a adaptarse a ellos, en un intento por enfrentar esta potencial crisis de salud.<\/p>\n<p>El art\u00edculo dice que si se consideran estas recomendaciones, se podr\u00eda evitar desastres a futuro. \u201cLos indicadores revelan algunas advertencias severas para la salud humana, as\u00ed como algunos destellos de esperanza\u201d, dijo la Dra. Clare Goodess, investigadora principal de la Unidad de Investigaci\u00f3n Clim\u00e1tica de la Universidad de East Anglia.<\/p>\n<div><\/div>\n<p>El impacto de la contaminaci\u00f3n del aire en las ciudades del Reino Unido forma parte de una importante investigaci\u00f3n que analiza los costos sanitarios y sociales del cambio clim\u00e1tico en todo el mundo, la que fue liderada por una importante revista m\u00e9dica.<\/p>\n<p><img decoding=\"async\" class=\"aligncenter size-full wp-image-450373\" src=\"http:\/\/www.elciudadano.cl\/wp-content\/uploads\/2017\/10\/migrante.jpg\" sizes=\"(max-width: 711px) 100vw, 711px\" srcset=\"http:\/\/www.elciudadano.cl\/wp-content\/uploads\/2017\/10\/migrante.jpg 711w, http:\/\/www.elciudadano.cl\/wp-content\/uploads\/2017\/10\/migrante-519x292.jpg 519w\" alt=\"\" width=\"711\" height=\"400\" \/><\/p>\n<p>El estudio<em>\u00a0\u2018The Lancet Countdown on Health and Climate Change\u2019<\/em>\u00a0reuni\u00f3 a 24 instituciones y organizaciones intergubernamentales, incluidas la OMS y la Organizaci\u00f3n Meteorol\u00f3gica Mundial.<\/p>\n<p>El estudio se\u00f1ala que la exposici\u00f3n mundial a niveles peligrosos de contaminaci\u00f3n atmosf\u00e9rica, causada por la\u00a0<strong>quema de combustibles f\u00f3siles<\/strong>, hab\u00eda aumentado en un 11,2% desde 1990, con m\u00e1s de un 70% de ciudades que exceden los l\u00edmites de PM2,5 (part\u00edculas en suspensi\u00f3n de menos de 2,5 micras) de la OMS.<\/p>\n<p>Los autores reconocen que las directrices de calidad del aire de la Uni\u00f3n Europea son mucho menos estrictas que las de la OMS, con un l\u00edmite de seguridad superior de de 25 microgramos por metro c\u00fabico para PM2,5. Sin embargo dijeron que los l\u00edmites de la OMS representaban un \u201cumbral m\u00e1s seguro\u201d.<\/p>\n<div>\n<div>\n<div class=\"row\">\n<div class=\"col-lg-6 col-md-6 col-sm-6 col-xs-12\"><\/div>\n<div class=\"col-lg-6 col-md-6 col-sm-6 col-xs-12\">\n<div data-glade=\"\" data-ad-unit-path=\"\/30128925\/ECCL_SINGLE_INTEXT\" data-fetch=\"false\">\n<div>El informe se\u00f1ala que entre 2000 y 2016 hubo un aumento del 46% en el n\u00famero de desastres relacionados con el clima en todo el mundo. Durante el mismo per\u00edodo de tiempo, 125 millones de adultos vulnerables mayores de 65 a\u00f1os estuvieron expuestos a olas de calor.<\/div>\n<\/div>\n<\/div>\n<\/div>\n<\/div>\n<\/div>\n<p>El cambio clim\u00e1tico tambi\u00e9n ha incrementado la amenaza de enfermedades infecciosas transmitidas por mosquitos. La transmisi\u00f3n del dengue por el mosquito\u00a0<em>Aedes agypti<\/em>\u00a0aument\u00f3 en un 9,4% desde 1950.<\/p>\n<div><\/div>\n<p>El profesor Hugh Montgomery, copresidente de\u00a0<em>The Lancet Countdown<\/em>\u00a0y director del Instituto de Salud Humana y Desempe\u00f1o del University College de Londres, dijo que \u201creci\u00e9n estamos empezando a sentir los impactos del cambio clim\u00e1tico\u201d.<\/p>\n<p>\u201cCualquier peque\u00f1a cantidad de resiliencia que hoy demos por sentada, se extender\u00e1 hasta un punto de quiebre, antes de lo que podemos imaginar\u201d, concluy\u00f3 Montgomery.<\/p>\n<p>Fuente,\u00a0<a href=\"https:\/\/www.independent.co.uk\/news\/science\/climate-change-global-warming-refugees-migrants-displacement-lancet-study-a8028341.html\" target=\"_blank\" rel=\"noopener\"><em>The Independent<\/em><\/a><\/p>\n<p><strong>El Ciudadano<\/strong><\/p>\n<\/div>\n<\/div>\n","protected":false},"excerpt":{"rendered":"<p>Reino Unido.-El calentamiento global ya est\u00e1 llevando a algunos estudiosos a la conclusi\u00f3n de que los migrantes del cambio clim\u00e1tico [&hellip;]<\/p>\n","protected":false},"author":2,"featured_media":37423,"comment_status":"open","ping_status":"open","sticky":false,"template":"","format":"standard","meta":{"site-sidebar-layout":"default","site-content-layout":"","ast-site-content-layout":"default","site-content-style":"default","site-sidebar-style":"default","ast-global-header-display":"","ast-banner-title-visibility":"","ast-main-header-display":"","ast-hfb-above-header-display":"","ast-hfb-below-header-display":"","ast-hfb-mobile-header-display":"","site-post-title":"","ast-breadcrumbs-content":"","ast-featured-img":"","footer-sml-layout":"","ast-disable-related-posts":"","theme-transparent-header-meta":"","adv-header-id-meta":"","stick-header-meta":"","header-above-stick-meta":"","header-main-stick-meta":"","header-below-stick-meta":"","astra-migrate-meta-layouts":"default","ast-page-background-enabled":"default","ast-page-background-meta":{"desktop":{"background-color":"var(--ast-global-color-5)","background-image":"","background-repeat":"repeat","background-position":"center center","background-size":"auto","background-attachment":"scroll","background-type":"","background-media":"","overlay-type":"","overlay-color":"","overlay-opacity":"","overlay-gradient":""},"tablet":{"background-color":"","background-image":"","background-repeat":"repeat","background-position":"center center","background-size":"auto","background-attachment":"scroll","background-type":"","background-media":"","overlay-type":"","overlay-color":"","overlay-opacity":"","overlay-gradient":""},"mobile":{"background-color":"","background-image":"","background-repeat":"repeat","background-position":"center center","background-size":"auto","background-attachment":"scroll","background-type":"","background-media":"","overlay-type":"","overlay-color":"","overlay-opacity":"","overlay-gradient":""}},"ast-content-background-meta":{"desktop":{"background-color":"var(--ast-global-color-4)","background-image":"","background-repeat":"repeat","background-position":"center center","background-size":"auto","background-attachment":"scroll","background-type":"","background-media":"","overlay-type":"","overlay-color":"","overlay-opacity":"","overlay-gradient":""},"tablet":{"background-color":"var(--ast-global-color-4)","background-image":"","background-repeat":"repeat","background-position":"center center","background-size":"auto","background-attachment":"scroll","background-type":"","background-media":"","overlay-type":"","overlay-color":"","overlay-opacity":"","overlay-gradient":""},"mobile":{"background-color":"var(--ast-global-color-4)","background-image":"","background-repeat":"repeat","background-position":"center center","background-size":"auto","background-attachment":"scroll","background-type":"","background-media":"","overlay-type":"","overlay-color":"","overlay-opacity":"","overlay-gradient":""}},"footnotes":""},"categories":[15,23],"tags":[],"class_list":["post-37422","post","type-post","status-publish","format-standard","has-post-thumbnail","hentry","category-editorial","category-internacionales"],"yoast_head":"<!-- This site is optimized with the Yoast SEO Premium plugin v23.0 (Yoast SEO v27.4) - https:\/\/yoast.com\/product\/yoast-seo-premium-wordpress\/ -->\n<title>Migrantes del cambio clim\u00e1tico: m\u00e1s de mil millones de personas se ver\u00e1n forzadas a huir de sus hogares, dice un informe mundial<\/title>\n<meta name=\"robots\" content=\"index, follow, max-snippet:-1, max-image-preview:large, max-video-preview:-1\" \/>\n<link rel=\"canonical\" href=\"https:\/\/patagoniambiental.com.ar\/info\/migrantes-del-cambio-climatico-mas-de-mil-millones-de-personas-se-veran-forzadas-a-huir-de-sus-hogares-dice-un-informe-mundial\/\" \/>\n<meta property=\"og:locale\" content=\"es_ES\" \/>\n<meta property=\"og:type\" content=\"article\" \/>\n<meta property=\"og:title\" content=\"Migrantes del cambio clim\u00e1tico: m\u00e1s de mil millones de personas se ver\u00e1n forzadas a huir de sus hogares, dice un informe mundial\" \/>\n<meta property=\"og:description\" content=\"Reino Unido.-El calentamiento global ya est\u00e1 llevando a algunos estudiosos a la conclusi\u00f3n de que los migrantes del cambio clim\u00e1tico [&hellip;]\" \/>\n<meta property=\"og:url\" content=\"https:\/\/patagoniambiental.com.ar\/info\/migrantes-del-cambio-climatico-mas-de-mil-millones-de-personas-se-veran-forzadas-a-huir-de-sus-hogares-dice-un-informe-mundial\/\" \/>\n<meta property=\"og:site_name\" content=\"Patagonia Ambiental\" \/>\n<meta property=\"article:publisher\" content=\"https:\/\/www.facebook.com\/patagonia.ambiental\" \/>\n<meta property=\"article:author\" content=\"https:\/\/www.facebook.com\/share\/1C1V8Gv9BX\/?mibextid=qi2Omg\" \/>\n<meta property=\"article:published_time\" content=\"2017-11-02T22:00:29+00:00\" \/>\n<meta property=\"og:image\" content=\"https:\/\/patagoniambiental.com.ar\/info\/wp-content\/uploads\/2017\/11\/migrantes-hispanTV.jpg\" \/>\n\t<meta property=\"og:image:width\" content=\"748\" \/>\n\t<meta property=\"og:image:height\" content=\"420\" \/>\n\t<meta property=\"og:image:type\" content=\"image\/jpeg\" \/>\n<meta name=\"author\" content=\"Patagonia Ambiental\" \/>\n<meta name=\"twitter:card\" content=\"summary_large_image\" \/>\n<meta name=\"twitter:creator\" content=\"@PatAmb\" \/>\n<meta name=\"twitter:site\" content=\"@PatAmb\" \/>\n<script type=\"application\/ld+json\" class=\"yoast-schema-graph\">{\"@context\":\"https:\\\/\\\/schema.org\",\"@graph\":[{\"@type\":\"Article\",\"@id\":\"https:\\\/\\\/patagoniambiental.com.ar\\\/info\\\/migrantes-del-cambio-climatico-mas-de-mil-millones-de-personas-se-veran-forzadas-a-huir-de-sus-hogares-dice-un-informe-mundial\\\/#article\",\"isPartOf\":{\"@id\":\"https:\\\/\\\/patagoniambiental.com.ar\\\/info\\\/migrantes-del-cambio-climatico-mas-de-mil-millones-de-personas-se-veran-forzadas-a-huir-de-sus-hogares-dice-un-informe-mundial\\\/\"},\"author\":{\"name\":\"Patagonia Ambiental\",\"@id\":\"https:\\\/\\\/patagoniambiental.com.ar\\\/info\\\/#\\\/schema\\\/person\\\/db12bff64bbcbf6a253710bf0ea37b5d\"},\"headline\":\"Migrantes del cambio clim\u00e1tico: m\u00e1s de mil millones de personas se ver\u00e1n forzadas a huir de sus hogares, dice un informe mundial\",\"datePublished\":\"2017-11-02T22:00:29+00:00\",\"mainEntityOfPage\":{\"@id\":\"https:\\\/\\\/patagoniambiental.com.ar\\\/info\\\/migrantes-del-cambio-climatico-mas-de-mil-millones-de-personas-se-veran-forzadas-a-huir-de-sus-hogares-dice-un-informe-mundial\\\/\"},\"wordCount\":772,\"commentCount\":0,\"publisher\":{\"@id\":\"https:\\\/\\\/patagoniambiental.com.ar\\\/info\\\/#organization\"},\"image\":{\"@id\":\"https:\\\/\\\/patagoniambiental.com.ar\\\/info\\\/migrantes-del-cambio-climatico-mas-de-mil-millones-de-personas-se-veran-forzadas-a-huir-de-sus-hogares-dice-un-informe-mundial\\\/#primaryimage\"},\"thumbnailUrl\":\"https:\\\/\\\/patagoniambiental.com.ar\\\/info\\\/wp-content\\\/uploads\\\/2017\\\/11\\\/migrantes-hispanTV.jpg\",\"articleSection\":[\"Editorial\",\"Internacionales\"],\"inLanguage\":\"es\",\"potentialAction\":[{\"@type\":\"CommentAction\",\"name\":\"Comment\",\"target\":[\"https:\\\/\\\/patagoniambiental.com.ar\\\/info\\\/migrantes-del-cambio-climatico-mas-de-mil-millones-de-personas-se-veran-forzadas-a-huir-de-sus-hogares-dice-un-informe-mundial\\\/#respond\"]}]},{\"@type\":\"WebPage\",\"@id\":\"https:\\\/\\\/patagoniambiental.com.ar\\\/info\\\/migrantes-del-cambio-climatico-mas-de-mil-millones-de-personas-se-veran-forzadas-a-huir-de-sus-hogares-dice-un-informe-mundial\\\/\",\"url\":\"https:\\\/\\\/patagoniambiental.com.ar\\\/info\\\/migrantes-del-cambio-climatico-mas-de-mil-millones-de-personas-se-veran-forzadas-a-huir-de-sus-hogares-dice-un-informe-mundial\\\/\",\"name\":\"Migrantes del cambio clim\u00e1tico: m\u00e1s de mil millones de personas se ver\u00e1n forzadas a huir de sus hogares, dice un informe mundial\",\"isPartOf\":{\"@id\":\"https:\\\/\\\/patagoniambiental.com.ar\\\/info\\\/#website\"},\"primaryImageOfPage\":{\"@id\":\"https:\\\/\\\/patagoniambiental.com.ar\\\/info\\\/migrantes-del-cambio-climatico-mas-de-mil-millones-de-personas-se-veran-forzadas-a-huir-de-sus-hogares-dice-un-informe-mundial\\\/#primaryimage\"},\"image\":{\"@id\":\"https:\\\/\\\/patagoniambiental.com.ar\\\/info\\\/migrantes-del-cambio-climatico-mas-de-mil-millones-de-personas-se-veran-forzadas-a-huir-de-sus-hogares-dice-un-informe-mundial\\\/#primaryimage\"},\"thumbnailUrl\":\"https:\\\/\\\/patagoniambiental.com.ar\\\/info\\\/wp-content\\\/uploads\\\/2017\\\/11\\\/migrantes-hispanTV.jpg\",\"datePublished\":\"2017-11-02T22:00:29+00:00\",\"breadcrumb\":{\"@id\":\"https:\\\/\\\/patagoniambiental.com.ar\\\/info\\\/migrantes-del-cambio-climatico-mas-de-mil-millones-de-personas-se-veran-forzadas-a-huir-de-sus-hogares-dice-un-informe-mundial\\\/#breadcrumb\"},\"inLanguage\":\"es\",\"potentialAction\":[{\"@type\":\"ReadAction\",\"target\":[\"https:\\\/\\\/patagoniambiental.com.ar\\\/info\\\/migrantes-del-cambio-climatico-mas-de-mil-millones-de-personas-se-veran-forzadas-a-huir-de-sus-hogares-dice-un-informe-mundial\\\/\"]}]},{\"@type\":\"ImageObject\",\"inLanguage\":\"es\",\"@id\":\"https:\\\/\\\/patagoniambiental.com.ar\\\/info\\\/migrantes-del-cambio-climatico-mas-de-mil-millones-de-personas-se-veran-forzadas-a-huir-de-sus-hogares-dice-un-informe-mundial\\\/#primaryimage\",\"url\":\"https:\\\/\\\/patagoniambiental.com.ar\\\/info\\\/wp-content\\\/uploads\\\/2017\\\/11\\\/migrantes-hispanTV.jpg\",\"contentUrl\":\"https:\\\/\\\/patagoniambiental.com.ar\\\/info\\\/wp-content\\\/uploads\\\/2017\\\/11\\\/migrantes-hispanTV.jpg\",\"width\":748,\"height\":420},{\"@type\":\"BreadcrumbList\",\"@id\":\"https:\\\/\\\/patagoniambiental.com.ar\\\/info\\\/migrantes-del-cambio-climatico-mas-de-mil-millones-de-personas-se-veran-forzadas-a-huir-de-sus-hogares-dice-un-informe-mundial\\\/#breadcrumb\",\"itemListElement\":[{\"@type\":\"ListItem\",\"position\":1,\"name\":\"Inicio\",\"item\":\"https:\\\/\\\/patagoniambiental.com.ar\\\/info\\\/\"},{\"@type\":\"ListItem\",\"position\":2,\"name\":\"Migrantes del cambio clim\u00e1tico: m\u00e1s de mil millones de personas se ver\u00e1n forzadas a huir de sus hogares, dice un informe mundial\"}]},{\"@type\":\"WebSite\",\"@id\":\"https:\\\/\\\/patagoniambiental.com.ar\\\/info\\\/#website\",\"url\":\"https:\\\/\\\/patagoniambiental.com.ar\\\/info\\\/\",\"name\":\"Patagonia Ambiental\",\"description\":\"Monitoreo y an\u00e1lisis de la situaci\u00f3n geopol\u00edtica en el mundo y su implicancia en la Patagonia\",\"publisher\":{\"@id\":\"https:\\\/\\\/patagoniambiental.com.ar\\\/info\\\/#organization\"},\"potentialAction\":[{\"@type\":\"SearchAction\",\"target\":{\"@type\":\"EntryPoint\",\"urlTemplate\":\"https:\\\/\\\/patagoniambiental.com.ar\\\/info\\\/?s={search_term_string}\"},\"query-input\":{\"@type\":\"PropertyValueSpecification\",\"valueRequired\":true,\"valueName\":\"search_term_string\"}}],\"inLanguage\":\"es\"},{\"@type\":\"Organization\",\"@id\":\"https:\\\/\\\/patagoniambiental.com.ar\\\/info\\\/#organization\",\"name\":\"Patagonia Ambiental\",\"url\":\"https:\\\/\\\/patagoniambiental.com.ar\\\/info\\\/\",\"logo\":{\"@type\":\"ImageObject\",\"inLanguage\":\"es\",\"@id\":\"https:\\\/\\\/patagoniambiental.com.ar\\\/info\\\/#\\\/schema\\\/logo\\\/image\\\/\",\"url\":\"https:\\\/\\\/patagoniambiental.com.ar\\\/info\\\/wp-content\\\/uploads\\\/2025\\\/05\\\/LOGO-PATAGONIA-AMBIENTAL.png\",\"contentUrl\":\"https:\\\/\\\/patagoniambiental.com.ar\\\/info\\\/wp-content\\\/uploads\\\/2025\\\/05\\\/LOGO-PATAGONIA-AMBIENTAL.png\",\"width\":433,\"height\":250,\"caption\":\"Patagonia Ambiental\"},\"image\":{\"@id\":\"https:\\\/\\\/patagoniambiental.com.ar\\\/info\\\/#\\\/schema\\\/logo\\\/image\\\/\"},\"sameAs\":[\"https:\\\/\\\/www.facebook.com\\\/patagonia.ambiental\",\"https:\\\/\\\/x.com\\\/PatAmb\"]},{\"@type\":\"Person\",\"@id\":\"https:\\\/\\\/patagoniambiental.com.ar\\\/info\\\/#\\\/schema\\\/person\\\/db12bff64bbcbf6a253710bf0ea37b5d\",\"name\":\"Patagonia Ambiental\",\"description\":\"Andr\u00e9s Nievas T\u00e9cnico en manejo ambiental, consultor Ambiental y escritor para medios locales e internacionales sobre temas de geopolitica y medio ambiente.\",\"sameAs\":[\"http:\\\/\\\/www.patagoniambiental.com.ar\",\"https:\\\/\\\/www.facebook.com\\\/share\\\/1C1V8Gv9BX\\\/?mibextid=qi2Omg\",\"@patagoniambiental\",\"https:\\\/\\\/youtube.com\\\/@patagoniaambiental2023?si=BLt58t0wuXquxlYZ\"]}]}<\/script>\n<!-- \/ Yoast SEO Premium plugin. -->","yoast_head_json":{"title":"Migrantes del cambio clim\u00e1tico: m\u00e1s de mil millones de personas se ver\u00e1n forzadas a huir de sus hogares, dice un informe mundial","robots":{"index":"index","follow":"follow","max-snippet":"max-snippet:-1","max-image-preview":"max-image-preview:large","max-video-preview":"max-video-preview:-1"},"canonical":"https:\/\/patagoniambiental.com.ar\/info\/migrantes-del-cambio-climatico-mas-de-mil-millones-de-personas-se-veran-forzadas-a-huir-de-sus-hogares-dice-un-informe-mundial\/","og_locale":"es_ES","og_type":"article","og_title":"Migrantes del cambio clim\u00e1tico: m\u00e1s de mil millones de personas se ver\u00e1n forzadas a huir de sus hogares, dice un informe mundial","og_description":"Reino Unido.-El calentamiento global ya est\u00e1 llevando a algunos estudiosos a la conclusi\u00f3n de que los migrantes del cambio clim\u00e1tico [&hellip;]","og_url":"https:\/\/patagoniambiental.com.ar\/info\/migrantes-del-cambio-climatico-mas-de-mil-millones-de-personas-se-veran-forzadas-a-huir-de-sus-hogares-dice-un-informe-mundial\/","og_site_name":"Patagonia Ambiental","article_publisher":"https:\/\/www.facebook.com\/patagonia.ambiental","article_author":"https:\/\/www.facebook.com\/share\/1C1V8Gv9BX\/?mibextid=qi2Omg","article_published_time":"2017-11-02T22:00:29+00:00","og_image":[{"width":748,"height":420,"url":"https:\/\/patagoniambiental.com.ar\/info\/wp-content\/uploads\/2017\/11\/migrantes-hispanTV.jpg","type":"image\/jpeg"}],"author":"Patagonia Ambiental","twitter_card":"summary_large_image","twitter_creator":"@PatAmb","twitter_site":"@PatAmb","schema":{"@context":"https:\/\/schema.org","@graph":[{"@type":"Article","@id":"https:\/\/patagoniambiental.com.ar\/info\/migrantes-del-cambio-climatico-mas-de-mil-millones-de-personas-se-veran-forzadas-a-huir-de-sus-hogares-dice-un-informe-mundial\/#article","isPartOf":{"@id":"https:\/\/patagoniambiental.com.ar\/info\/migrantes-del-cambio-climatico-mas-de-mil-millones-de-personas-se-veran-forzadas-a-huir-de-sus-hogares-dice-un-informe-mundial\/"},"author":{"name":"Patagonia Ambiental","@id":"https:\/\/patagoniambiental.com.ar\/info\/#\/schema\/person\/db12bff64bbcbf6a253710bf0ea37b5d"},"headline":"Migrantes del cambio clim\u00e1tico: m\u00e1s de mil millones de personas se ver\u00e1n forzadas a huir de sus hogares, dice un informe mundial","datePublished":"2017-11-02T22:00:29+00:00","mainEntityOfPage":{"@id":"https:\/\/patagoniambiental.com.ar\/info\/migrantes-del-cambio-climatico-mas-de-mil-millones-de-personas-se-veran-forzadas-a-huir-de-sus-hogares-dice-un-informe-mundial\/"},"wordCount":772,"commentCount":0,"publisher":{"@id":"https:\/\/patagoniambiental.com.ar\/info\/#organization"},"image":{"@id":"https:\/\/patagoniambiental.com.ar\/info\/migrantes-del-cambio-climatico-mas-de-mil-millones-de-personas-se-veran-forzadas-a-huir-de-sus-hogares-dice-un-informe-mundial\/#primaryimage"},"thumbnailUrl":"https:\/\/patagoniambiental.com.ar\/info\/wp-content\/uploads\/2017\/11\/migrantes-hispanTV.jpg","articleSection":["Editorial","Internacionales"],"inLanguage":"es","potentialAction":[{"@type":"CommentAction","name":"Comment","target":["https:\/\/patagoniambiental.com.ar\/info\/migrantes-del-cambio-climatico-mas-de-mil-millones-de-personas-se-veran-forzadas-a-huir-de-sus-hogares-dice-un-informe-mundial\/#respond"]}]},{"@type":"WebPage","@id":"https:\/\/patagoniambiental.com.ar\/info\/migrantes-del-cambio-climatico-mas-de-mil-millones-de-personas-se-veran-forzadas-a-huir-de-sus-hogares-dice-un-informe-mundial\/","url":"https:\/\/patagoniambiental.com.ar\/info\/migrantes-del-cambio-climatico-mas-de-mil-millones-de-personas-se-veran-forzadas-a-huir-de-sus-hogares-dice-un-informe-mundial\/","name":"Migrantes del cambio clim\u00e1tico: m\u00e1s de mil millones de personas se ver\u00e1n forzadas a huir de sus hogares, dice un informe mundial","isPartOf":{"@id":"https:\/\/patagoniambiental.com.ar\/info\/#website"},"primaryImageOfPage":{"@id":"https:\/\/patagoniambiental.com.ar\/info\/migrantes-del-cambio-climatico-mas-de-mil-millones-de-personas-se-veran-forzadas-a-huir-de-sus-hogares-dice-un-informe-mundial\/#primaryimage"},"image":{"@id":"https:\/\/patagoniambiental.com.ar\/info\/migrantes-del-cambio-climatico-mas-de-mil-millones-de-personas-se-veran-forzadas-a-huir-de-sus-hogares-dice-un-informe-mundial\/#primaryimage"},"thumbnailUrl":"https:\/\/patagoniambiental.com.ar\/info\/wp-content\/uploads\/2017\/11\/migrantes-hispanTV.jpg","datePublished":"2017-11-02T22:00:29+00:00","breadcrumb":{"@id":"https:\/\/patagoniambiental.com.ar\/info\/migrantes-del-cambio-climatico-mas-de-mil-millones-de-personas-se-veran-forzadas-a-huir-de-sus-hogares-dice-un-informe-mundial\/#breadcrumb"},"inLanguage":"es","potentialAction":[{"@type":"ReadAction","target":["https:\/\/patagoniambiental.com.ar\/info\/migrantes-del-cambio-climatico-mas-de-mil-millones-de-personas-se-veran-forzadas-a-huir-de-sus-hogares-dice-un-informe-mundial\/"]}]},{"@type":"ImageObject","inLanguage":"es","@id":"https:\/\/patagoniambiental.com.ar\/info\/migrantes-del-cambio-climatico-mas-de-mil-millones-de-personas-se-veran-forzadas-a-huir-de-sus-hogares-dice-un-informe-mundial\/#primaryimage","url":"https:\/\/patagoniambiental.com.ar\/info\/wp-content\/uploads\/2017\/11\/migrantes-hispanTV.jpg","contentUrl":"https:\/\/patagoniambiental.com.ar\/info\/wp-content\/uploads\/2017\/11\/migrantes-hispanTV.jpg","width":748,"height":420},{"@type":"BreadcrumbList","@id":"https:\/\/patagoniambiental.com.ar\/info\/migrantes-del-cambio-climatico-mas-de-mil-millones-de-personas-se-veran-forzadas-a-huir-de-sus-hogares-dice-un-informe-mundial\/#breadcrumb","itemListElement":[{"@type":"ListItem","position":1,"name":"Inicio","item":"https:\/\/patagoniambiental.com.ar\/info\/"},{"@type":"ListItem","position":2,"name":"Migrantes del cambio clim\u00e1tico: m\u00e1s de mil millones de personas se ver\u00e1n forzadas a huir de sus hogares, dice un informe mundial"}]},{"@type":"WebSite","@id":"https:\/\/patagoniambiental.com.ar\/info\/#website","url":"https:\/\/patagoniambiental.com.ar\/info\/","name":"Patagonia Ambiental","description":"Monitoreo y an\u00e1lisis de la situaci\u00f3n geopol\u00edtica en el mundo y su implicancia en la Patagonia","publisher":{"@id":"https:\/\/patagoniambiental.com.ar\/info\/#organization"},"potentialAction":[{"@type":"SearchAction","target":{"@type":"EntryPoint","urlTemplate":"https:\/\/patagoniambiental.com.ar\/info\/?s={search_term_string}"},"query-input":{"@type":"PropertyValueSpecification","valueRequired":true,"valueName":"search_term_string"}}],"inLanguage":"es"},{"@type":"Organization","@id":"https:\/\/patagoniambiental.com.ar\/info\/#organization","name":"Patagonia Ambiental","url":"https:\/\/patagoniambiental.com.ar\/info\/","logo":{"@type":"ImageObject","inLanguage":"es","@id":"https:\/\/patagoniambiental.com.ar\/info\/#\/schema\/logo\/image\/","url":"https:\/\/patagoniambiental.com.ar\/info\/wp-content\/uploads\/2025\/05\/LOGO-PATAGONIA-AMBIENTAL.png","contentUrl":"https:\/\/patagoniambiental.com.ar\/info\/wp-content\/uploads\/2025\/05\/LOGO-PATAGONIA-AMBIENTAL.png","width":433,"height":250,"caption":"Patagonia Ambiental"},"image":{"@id":"https:\/\/patagoniambiental.com.ar\/info\/#\/schema\/logo\/image\/"},"sameAs":["https:\/\/www.facebook.com\/patagonia.ambiental","https:\/\/x.com\/PatAmb"]},{"@type":"Person","@id":"https:\/\/patagoniambiental.com.ar\/info\/#\/schema\/person\/db12bff64bbcbf6a253710bf0ea37b5d","name":"Patagonia Ambiental","description":"Andr\u00e9s Nievas T\u00e9cnico en manejo ambiental, consultor Ambiental y escritor para medios locales e internacionales sobre temas de geopolitica y medio ambiente.","sameAs":["http:\/\/www.patagoniambiental.com.ar","https:\/\/www.facebook.com\/share\/1C1V8Gv9BX\/?mibextid=qi2Omg","@patagoniambiental","https:\/\/youtube.com\/@patagoniaambiental2023?si=BLt58t0wuXquxlYZ"]}]}},"_links":{"self":[{"href":"https:\/\/patagoniambiental.com.ar\/info\/wp-json\/wp\/v2\/posts\/37422","targetHints":{"allow":["GET"]}}],"collection":[{"href":"https:\/\/patagoniambiental.com.ar\/info\/wp-json\/wp\/v2\/posts"}],"about":[{"href":"https:\/\/patagoniambiental.com.ar\/info\/wp-json\/wp\/v2\/types\/post"}],"author":[{"embeddable":true,"href":"https:\/\/patagoniambiental.com.ar\/info\/wp-json\/wp\/v2\/users\/2"}],"replies":[{"embeddable":true,"href":"https:\/\/patagoniambiental.com.ar\/info\/wp-json\/wp\/v2\/comments?post=37422"}],"version-history":[{"count":0,"href":"https:\/\/patagoniambiental.com.ar\/info\/wp-json\/wp\/v2\/posts\/37422\/revisions"}],"wp:featuredmedia":[{"embeddable":true,"href":"https:\/\/patagoniambiental.com.ar\/info\/wp-json\/wp\/v2\/media\/37423"}],"wp:attachment":[{"href":"https:\/\/patagoniambiental.com.ar\/info\/wp-json\/wp\/v2\/media?parent=37422"}],"wp:term":[{"taxonomy":"category","embeddable":true,"href":"https:\/\/patagoniambiental.com.ar\/info\/wp-json\/wp\/v2\/categories?post=37422"},{"taxonomy":"post_tag","embeddable":true,"href":"https:\/\/patagoniambiental.com.ar\/info\/wp-json\/wp\/v2\/tags?post=37422"}],"curies":[{"name":"wp","href":"https:\/\/api.w.org\/{rel}","templated":true}]}}