{"id":37444,"date":"2017-11-01T19:00:57","date_gmt":"2017-11-01T22:00:57","guid":{"rendered":"http:\/\/patagoniambiental.com.ar\/info\/?p=37444"},"modified":"2017-11-01T11:19:13","modified_gmt":"2017-11-01T14:19:13","slug":"china-espera-que-estados-unidos-se-reincorpore-al-acuerdo-de-paris-sobre-el-clima","status":"publish","type":"post","link":"https:\/\/patagoniambiental.com.ar\/info\/china-espera-que-estados-unidos-se-reincorpore-al-acuerdo-de-paris-sobre-el-clima\/","title":{"rendered":"China espera que Estados Unidos se reincorpore al Acuerdo de Par\u00eds sobre el clima"},"content":{"rendered":"<div class=\"article-type\">China.-El representante especial chino para el cambio clim\u00e1tico, Xie Zhenhua, afirm\u00f3 este martes en una rueda de prensa que China espera que Estados Unidos se vuelva a unir al Acuerdo de Par\u00eds sobre el clima y haga contribuciones a la agenda global en la lucha contra el cambio clim\u00e1tico.<\/div>\n<div class=\"article-con\">\n<div id=\"audiojs_wrapper0\" class=\"audiojs \">\n<div class=\"play-pause\"><!--more--><\/div>\n<div class=\"scrubber\"><\/div>\n<\/div>\n<p>Xie indic\u00f3 que China est\u00e1 dispuesta a aumentar la cooperaci\u00f3n con Estados Unidos en las negociaciones sobre cambio clim\u00e1tico despu\u00e9s de que el pa\u00eds norteamericano dijese que permanecer\u00e1 en las conversaciones a pesar de que se ha retirado del acuerdo.<\/p>\n<p>Xie apunt\u00f3 que el pa\u00eds asi\u00e1tico ha dejado clara su disposici\u00f3n a intensificar la cooperaci\u00f3n con EE. UU. en las \u00e1reas de la utilizaci\u00f3n de energ\u00eda limpia, la conservaci\u00f3n de la energ\u00eda y los recursos, la captura y almacenamiento de carbono y otras actividades de investigaci\u00f3n y desarrollo.<\/p>\n<p>El Acuerdo de Par\u00eds, suscrito por pr\u00e1cticamente todos los pa\u00edses del mundo en 2015, tiene como objetivo frenar el cambio clim\u00e1tico reduciendo las emisiones de gases de efecto invernadero y establece el objetivo global de mantener el aumento medio de la temperatura en no m\u00e1s de 2 grados cent\u00edgrados por encima de los niveles preindustriales.<\/p>\n<p>El presidente estadounidense, Donald Trump, anunci\u00f3 en junio que hab\u00eda decidido retirar al pa\u00eds de este acuerdo global hist\u00f3rico.<\/p>\n<p>Xie hizo estos comentarios en anticipaci\u00f3n de la XXIII Cumbre de la ONU sobre el Cambio Clim\u00e1tico, que se celebrar\u00e1 en Bonn (Alemania) entre el 6 y el 17 de noviembre, y en la que se definir\u00e1n las directrices para la aplicaci\u00f3n del Acuerdo de Par\u00eds.<\/p>\n<p>Xie a\u00f1adi\u00f3 que China espera que los asistentes a la conferencia puedan acordar un borrador de directrices que refleje las necesidades de todas las partes y todos los puntos clave del acuerdo.<\/p>\n<p>El borrador de las directrices puede sentar las bases para que todas las partes culminen las negociaciones sobre los detalles para la implantaci\u00f3n del acuerdo en 2018.<\/p>\n<p>Xie tambi\u00e9n subray\u00f3 la necesidad de revisar el cumplimiento de los compromisos asumidos por los pa\u00edses para abordar el cambio clim\u00e1tico antes de 2020.<\/p>\n<p>Los pa\u00edses desarrollados deben elaborar un calendario durante la conferencia respecto del cumplimiento de su promesa de dotar a los pa\u00edses en v\u00edas de desarrollo de fondos y tecnolog\u00eda por valor de 100.000 millones de d\u00f3lares anuales hasta 2020.<\/p>\n<p>Xie justific\u00f3 que \u00abesto permitir\u00e1 que los pa\u00edses generen confianza pol\u00edtica y den seguridad a la comunidad internacional sobre el cumplimiento de las obligaciones y compromisos\u00bb.<\/p>\n<p>China firm\u00f3 el Acuerdo de Par\u00eds en abril de 2016, dando as\u00ed un fuerte impulso a los esfuerzos internacionales contra el calentamiento global.<\/p>\n<p>Las autoridades alemanas esperan que unos 25.000 invitados asistan a la conferencia de Bonn, entre representantes de gobiernos y organizaciones no gubernamentales, as\u00ed como 1.500 periodistas.<\/p>\n<p>Hablando sobre la postura de China respecto al cambio clim\u00e1tico, Xie destac\u00f3 que el pa\u00eds sigue comprometido con su compromiso de asumir las obligaciones que coincidan con su etapa de desarrollo, con las responsabilidades debidas y con las capacidades reales.<\/p>\n<p>En los \u00faltimos diez a\u00f1os, al mantener un crecimiento econ\u00f3mico, China tambi\u00e9n redujo las emisiones de 4.100 millones de toneladas de di\u00f3xido de carbono, se\u00f1al\u00f3.<\/p>\n<p>El a\u00f1o pasado, el pa\u00eds redujo su intensidad de las emisiones de carbono por unidad de PIB en un 6,6 por ciento, superando su meta del 3,9 por ciento.<\/p>\n<p>Li Gao, un funcionario encargado del departamento de cambio clim\u00e1tico de la Comisi\u00f3n Nacional de Desarrollo y Reforma (CNDR), precis\u00f3 que en los primeros tres trimestres de este a\u00f1o, la intensidad del carbono cay\u00f3 alrededor de un 4 por ciento.<\/p>\n<p>En 2016, el consumo de energ\u00eda por unidad de PIB de China cay\u00f3 un 5 por ciento. En los primeros tres trimestres de 2017, disminuy\u00f3 un 3,8 por ciento interanual. La proporci\u00f3n del uso de carb\u00f3n en el consumo total de energ\u00eda del pa\u00eds se ha reducido en m\u00e1s de tres puntos porcentuales desde 2016, detall\u00f3.<\/p>\n<p>El gobierno ha prometido reducir su intensidad de carbono en un 18 por ciento y aumentar la cuota de los combustibles no f\u00f3siles en el consumo de energ\u00eda primaria al 15 por ciento de 2016 a 2020.<\/p>\n<\/div>\n<p>Fuente:\u00a0http:\/\/espanol.cri.cn\/news\/report\/1017\/20171101\/46654.html<\/p>\n","protected":false},"excerpt":{"rendered":"<p>China.-El representante especial chino para el cambio clim\u00e1tico, Xie Zhenhua, afirm\u00f3 este martes en una rueda de prensa que China [&hellip;]<\/p>\n","protected":false},"author":2,"featured_media":37445,"comment_status":"open","ping_status":"open","sticky":false,"template":"","format":"standard","meta":{"site-sidebar-layout":"default","site-content-layout":"","ast-site-content-layout":"default","site-content-style":"default","site-sidebar-style":"default","ast-global-header-display":"","ast-banner-title-visibility":"","ast-main-header-display":"","ast-hfb-above-header-display":"","ast-hfb-below-header-display":"","ast-hfb-mobile-header-display":"","site-post-title":"","ast-breadcrumbs-content":"","ast-featured-img":"","footer-sml-layout":"","ast-disable-related-posts":"","theme-transparent-header-meta":"","adv-header-id-meta":"","stick-header-meta":"","header-above-stick-meta":"","header-main-stick-meta":"","header-below-stick-meta":"","astra-migrate-meta-layouts":"default","ast-page-background-enabled":"default","ast-page-background-meta":{"desktop":{"background-color":"var(--ast-global-color-5)","background-image":"","background-repeat":"repeat","background-position":"center center","background-size":"auto","background-attachment":"scroll","background-type":"","background-media":"","overlay-type":"","overlay-color":"","overlay-opacity":"","overlay-gradient":""},"tablet":{"background-color":"","background-image":"","background-repeat":"repeat","background-position":"center center","background-size":"auto","background-attachment":"scroll","background-type":"","background-media":"","overlay-type":"","overlay-color":"","overlay-opacity":"","overlay-gradient":""},"mobile":{"background-color":"","background-image":"","background-repeat":"repeat","background-position":"center center","background-size":"auto","background-attachment":"scroll","background-type":"","background-media":"","overlay-type":"","overlay-color":"","overlay-opacity":"","overlay-gradient":""}},"ast-content-background-meta":{"desktop":{"background-color":"var(--ast-global-color-4)","background-image":"","background-repeat":"repeat","background-position":"center center","background-size":"auto","background-attachment":"scroll","background-type":"","background-media":"","overlay-type":"","overlay-color":"","overlay-opacity":"","overlay-gradient":""},"tablet":{"background-color":"var(--ast-global-color-4)","background-image":"","background-repeat":"repeat","background-position":"center center","background-size":"auto","background-attachment":"scroll","background-type":"","background-media":"","overlay-type":"","overlay-color":"","overlay-opacity":"","overlay-gradient":""},"mobile":{"background-color":"var(--ast-global-color-4)","background-image":"","background-repeat":"repeat","background-position":"center center","background-size":"auto","background-attachment":"scroll","background-type":"","background-media":"","overlay-type":"","overlay-color":"","overlay-opacity":"","overlay-gradient":""}},"footnotes":""},"categories":[23,1],"tags":[],"class_list":["post-37444","post","type-post","status-publish","format-standard","has-post-thumbnail","hentry","category-internacionales","category-noticias"],"yoast_head":"<!-- This site is optimized with the Yoast SEO Premium plugin v23.0 (Yoast SEO v27.4) - https:\/\/yoast.com\/product\/yoast-seo-premium-wordpress\/ -->\n<title>China espera que Estados Unidos se reincorpore al Acuerdo de Par\u00eds sobre el clima<\/title>\n<meta name=\"robots\" content=\"index, follow, max-snippet:-1, max-image-preview:large, max-video-preview:-1\" \/>\n<link rel=\"canonical\" href=\"https:\/\/patagoniambiental.com.ar\/info\/china-espera-que-estados-unidos-se-reincorpore-al-acuerdo-de-paris-sobre-el-clima\/\" \/>\n<meta property=\"og:locale\" content=\"es_ES\" \/>\n<meta property=\"og:type\" content=\"article\" \/>\n<meta property=\"og:title\" content=\"China espera que Estados Unidos se reincorpore al Acuerdo de Par\u00eds sobre el clima\" \/>\n<meta property=\"og:description\" content=\"China.-El representante especial chino para el cambio clim\u00e1tico, Xie Zhenhua, afirm\u00f3 este martes en una rueda de prensa que China [&hellip;]\" \/>\n<meta property=\"og:url\" content=\"https:\/\/patagoniambiental.com.ar\/info\/china-espera-que-estados-unidos-se-reincorpore-al-acuerdo-de-paris-sobre-el-clima\/\" \/>\n<meta property=\"og:site_name\" content=\"Patagonia Ambiental\" \/>\n<meta property=\"article:publisher\" content=\"https:\/\/www.facebook.com\/patagonia.ambiental\" \/>\n<meta property=\"article:author\" content=\"https:\/\/www.facebook.com\/share\/1C1V8Gv9BX\/?mibextid=qi2Omg\" \/>\n<meta property=\"article:published_time\" content=\"2017-11-01T22:00:57+00:00\" \/>\n<meta property=\"og:image\" content=\"https:\/\/patagoniambiental.com.ar\/info\/wp-content\/uploads\/2017\/11\/2015030515231096725.jpg\" \/>\n\t<meta property=\"og:image:width\" content=\"600\" \/>\n\t<meta property=\"og:image:height\" content=\"400\" \/>\n\t<meta property=\"og:image:type\" content=\"image\/jpeg\" \/>\n<meta name=\"author\" content=\"Patagonia Ambiental\" \/>\n<meta name=\"twitter:card\" content=\"summary_large_image\" \/>\n<meta name=\"twitter:creator\" content=\"@PatAmb\" \/>\n<meta name=\"twitter:site\" content=\"@PatAmb\" \/>\n<script type=\"application\/ld+json\" class=\"yoast-schema-graph\">{\"@context\":\"https:\\\/\\\/schema.org\",\"@graph\":[{\"@type\":\"Article\",\"@id\":\"https:\\\/\\\/patagoniambiental.com.ar\\\/info\\\/china-espera-que-estados-unidos-se-reincorpore-al-acuerdo-de-paris-sobre-el-clima\\\/#article\",\"isPartOf\":{\"@id\":\"https:\\\/\\\/patagoniambiental.com.ar\\\/info\\\/china-espera-que-estados-unidos-se-reincorpore-al-acuerdo-de-paris-sobre-el-clima\\\/\"},\"author\":{\"name\":\"Patagonia Ambiental\",\"@id\":\"https:\\\/\\\/patagoniambiental.com.ar\\\/info\\\/#\\\/schema\\\/person\\\/db12bff64bbcbf6a253710bf0ea37b5d\"},\"headline\":\"China espera que Estados Unidos se reincorpore al Acuerdo de Par\u00eds sobre el clima\",\"datePublished\":\"2017-11-01T22:00:57+00:00\",\"mainEntityOfPage\":{\"@id\":\"https:\\\/\\\/patagoniambiental.com.ar\\\/info\\\/china-espera-que-estados-unidos-se-reincorpore-al-acuerdo-de-paris-sobre-el-clima\\\/\"},\"wordCount\":744,\"commentCount\":0,\"publisher\":{\"@id\":\"https:\\\/\\\/patagoniambiental.com.ar\\\/info\\\/#organization\"},\"image\":{\"@id\":\"https:\\\/\\\/patagoniambiental.com.ar\\\/info\\\/china-espera-que-estados-unidos-se-reincorpore-al-acuerdo-de-paris-sobre-el-clima\\\/#primaryimage\"},\"thumbnailUrl\":\"https:\\\/\\\/patagoniambiental.com.ar\\\/info\\\/wp-content\\\/uploads\\\/2017\\\/11\\\/2015030515231096725.jpg\",\"articleSection\":[\"Internacionales\",\"Noticias\"],\"inLanguage\":\"es\",\"potentialAction\":[{\"@type\":\"CommentAction\",\"name\":\"Comment\",\"target\":[\"https:\\\/\\\/patagoniambiental.com.ar\\\/info\\\/china-espera-que-estados-unidos-se-reincorpore-al-acuerdo-de-paris-sobre-el-clima\\\/#respond\"]}]},{\"@type\":\"WebPage\",\"@id\":\"https:\\\/\\\/patagoniambiental.com.ar\\\/info\\\/china-espera-que-estados-unidos-se-reincorpore-al-acuerdo-de-paris-sobre-el-clima\\\/\",\"url\":\"https:\\\/\\\/patagoniambiental.com.ar\\\/info\\\/china-espera-que-estados-unidos-se-reincorpore-al-acuerdo-de-paris-sobre-el-clima\\\/\",\"name\":\"China espera que Estados Unidos se reincorpore al Acuerdo de Par\u00eds sobre el clima\",\"isPartOf\":{\"@id\":\"https:\\\/\\\/patagoniambiental.com.ar\\\/info\\\/#website\"},\"primaryImageOfPage\":{\"@id\":\"https:\\\/\\\/patagoniambiental.com.ar\\\/info\\\/china-espera-que-estados-unidos-se-reincorpore-al-acuerdo-de-paris-sobre-el-clima\\\/#primaryimage\"},\"image\":{\"@id\":\"https:\\\/\\\/patagoniambiental.com.ar\\\/info\\\/china-espera-que-estados-unidos-se-reincorpore-al-acuerdo-de-paris-sobre-el-clima\\\/#primaryimage\"},\"thumbnailUrl\":\"https:\\\/\\\/patagoniambiental.com.ar\\\/info\\\/wp-content\\\/uploads\\\/2017\\\/11\\\/2015030515231096725.jpg\",\"datePublished\":\"2017-11-01T22:00:57+00:00\",\"breadcrumb\":{\"@id\":\"https:\\\/\\\/patagoniambiental.com.ar\\\/info\\\/china-espera-que-estados-unidos-se-reincorpore-al-acuerdo-de-paris-sobre-el-clima\\\/#breadcrumb\"},\"inLanguage\":\"es\",\"potentialAction\":[{\"@type\":\"ReadAction\",\"target\":[\"https:\\\/\\\/patagoniambiental.com.ar\\\/info\\\/china-espera-que-estados-unidos-se-reincorpore-al-acuerdo-de-paris-sobre-el-clima\\\/\"]}]},{\"@type\":\"ImageObject\",\"inLanguage\":\"es\",\"@id\":\"https:\\\/\\\/patagoniambiental.com.ar\\\/info\\\/china-espera-que-estados-unidos-se-reincorpore-al-acuerdo-de-paris-sobre-el-clima\\\/#primaryimage\",\"url\":\"https:\\\/\\\/patagoniambiental.com.ar\\\/info\\\/wp-content\\\/uploads\\\/2017\\\/11\\\/2015030515231096725.jpg\",\"contentUrl\":\"https:\\\/\\\/patagoniambiental.com.ar\\\/info\\\/wp-content\\\/uploads\\\/2017\\\/11\\\/2015030515231096725.jpg\",\"width\":600,\"height\":400,\"caption\":\"http:\\\/\\\/espanol.cntv.cn\\\/2015\\\/03\\\/05\\\/VIDE1425539761166830.shtml\"},{\"@type\":\"BreadcrumbList\",\"@id\":\"https:\\\/\\\/patagoniambiental.com.ar\\\/info\\\/china-espera-que-estados-unidos-se-reincorpore-al-acuerdo-de-paris-sobre-el-clima\\\/#breadcrumb\",\"itemListElement\":[{\"@type\":\"ListItem\",\"position\":1,\"name\":\"Inicio\",\"item\":\"https:\\\/\\\/patagoniambiental.com.ar\\\/info\\\/\"},{\"@type\":\"ListItem\",\"position\":2,\"name\":\"China espera que Estados Unidos se reincorpore al Acuerdo de Par\u00eds sobre el clima\"}]},{\"@type\":\"WebSite\",\"@id\":\"https:\\\/\\\/patagoniambiental.com.ar\\\/info\\\/#website\",\"url\":\"https:\\\/\\\/patagoniambiental.com.ar\\\/info\\\/\",\"name\":\"Patagonia Ambiental\",\"description\":\"Monitoreo y an\u00e1lisis de la situaci\u00f3n geopol\u00edtica en el mundo y su implicancia en la Patagonia\",\"publisher\":{\"@id\":\"https:\\\/\\\/patagoniambiental.com.ar\\\/info\\\/#organization\"},\"potentialAction\":[{\"@type\":\"SearchAction\",\"target\":{\"@type\":\"EntryPoint\",\"urlTemplate\":\"https:\\\/\\\/patagoniambiental.com.ar\\\/info\\\/?s={search_term_string}\"},\"query-input\":{\"@type\":\"PropertyValueSpecification\",\"valueRequired\":true,\"valueName\":\"search_term_string\"}}],\"inLanguage\":\"es\"},{\"@type\":\"Organization\",\"@id\":\"https:\\\/\\\/patagoniambiental.com.ar\\\/info\\\/#organization\",\"name\":\"Patagonia Ambiental\",\"url\":\"https:\\\/\\\/patagoniambiental.com.ar\\\/info\\\/\",\"logo\":{\"@type\":\"ImageObject\",\"inLanguage\":\"es\",\"@id\":\"https:\\\/\\\/patagoniambiental.com.ar\\\/info\\\/#\\\/schema\\\/logo\\\/image\\\/\",\"url\":\"https:\\\/\\\/patagoniambiental.com.ar\\\/info\\\/wp-content\\\/uploads\\\/2025\\\/05\\\/LOGO-PATAGONIA-AMBIENTAL.png\",\"contentUrl\":\"https:\\\/\\\/patagoniambiental.com.ar\\\/info\\\/wp-content\\\/uploads\\\/2025\\\/05\\\/LOGO-PATAGONIA-AMBIENTAL.png\",\"width\":433,\"height\":250,\"caption\":\"Patagonia Ambiental\"},\"image\":{\"@id\":\"https:\\\/\\\/patagoniambiental.com.ar\\\/info\\\/#\\\/schema\\\/logo\\\/image\\\/\"},\"sameAs\":[\"https:\\\/\\\/www.facebook.com\\\/patagonia.ambiental\",\"https:\\\/\\\/x.com\\\/PatAmb\"]},{\"@type\":\"Person\",\"@id\":\"https:\\\/\\\/patagoniambiental.com.ar\\\/info\\\/#\\\/schema\\\/person\\\/db12bff64bbcbf6a253710bf0ea37b5d\",\"name\":\"Patagonia Ambiental\",\"description\":\"Andr\u00e9s Nievas T\u00e9cnico en manejo ambiental, consultor Ambiental y escritor para medios locales e internacionales sobre temas de geopolitica y medio ambiente.\",\"sameAs\":[\"http:\\\/\\\/www.patagoniambiental.com.ar\",\"https:\\\/\\\/www.facebook.com\\\/share\\\/1C1V8Gv9BX\\\/?mibextid=qi2Omg\",\"@patagoniambiental\",\"https:\\\/\\\/youtube.com\\\/@patagoniaambiental2023?si=BLt58t0wuXquxlYZ\"]}]}<\/script>\n<!-- \/ Yoast SEO Premium plugin. -->","yoast_head_json":{"title":"China espera que Estados Unidos se reincorpore al Acuerdo de Par\u00eds sobre el clima","robots":{"index":"index","follow":"follow","max-snippet":"max-snippet:-1","max-image-preview":"max-image-preview:large","max-video-preview":"max-video-preview:-1"},"canonical":"https:\/\/patagoniambiental.com.ar\/info\/china-espera-que-estados-unidos-se-reincorpore-al-acuerdo-de-paris-sobre-el-clima\/","og_locale":"es_ES","og_type":"article","og_title":"China espera que Estados Unidos se reincorpore al Acuerdo de Par\u00eds sobre el clima","og_description":"China.-El representante especial chino para el cambio clim\u00e1tico, Xie Zhenhua, afirm\u00f3 este martes en una rueda de prensa que China [&hellip;]","og_url":"https:\/\/patagoniambiental.com.ar\/info\/china-espera-que-estados-unidos-se-reincorpore-al-acuerdo-de-paris-sobre-el-clima\/","og_site_name":"Patagonia Ambiental","article_publisher":"https:\/\/www.facebook.com\/patagonia.ambiental","article_author":"https:\/\/www.facebook.com\/share\/1C1V8Gv9BX\/?mibextid=qi2Omg","article_published_time":"2017-11-01T22:00:57+00:00","og_image":[{"width":600,"height":400,"url":"https:\/\/patagoniambiental.com.ar\/info\/wp-content\/uploads\/2017\/11\/2015030515231096725.jpg","type":"image\/jpeg"}],"author":"Patagonia Ambiental","twitter_card":"summary_large_image","twitter_creator":"@PatAmb","twitter_site":"@PatAmb","schema":{"@context":"https:\/\/schema.org","@graph":[{"@type":"Article","@id":"https:\/\/patagoniambiental.com.ar\/info\/china-espera-que-estados-unidos-se-reincorpore-al-acuerdo-de-paris-sobre-el-clima\/#article","isPartOf":{"@id":"https:\/\/patagoniambiental.com.ar\/info\/china-espera-que-estados-unidos-se-reincorpore-al-acuerdo-de-paris-sobre-el-clima\/"},"author":{"name":"Patagonia Ambiental","@id":"https:\/\/patagoniambiental.com.ar\/info\/#\/schema\/person\/db12bff64bbcbf6a253710bf0ea37b5d"},"headline":"China espera que Estados Unidos se reincorpore al Acuerdo de Par\u00eds sobre el clima","datePublished":"2017-11-01T22:00:57+00:00","mainEntityOfPage":{"@id":"https:\/\/patagoniambiental.com.ar\/info\/china-espera-que-estados-unidos-se-reincorpore-al-acuerdo-de-paris-sobre-el-clima\/"},"wordCount":744,"commentCount":0,"publisher":{"@id":"https:\/\/patagoniambiental.com.ar\/info\/#organization"},"image":{"@id":"https:\/\/patagoniambiental.com.ar\/info\/china-espera-que-estados-unidos-se-reincorpore-al-acuerdo-de-paris-sobre-el-clima\/#primaryimage"},"thumbnailUrl":"https:\/\/patagoniambiental.com.ar\/info\/wp-content\/uploads\/2017\/11\/2015030515231096725.jpg","articleSection":["Internacionales","Noticias"],"inLanguage":"es","potentialAction":[{"@type":"CommentAction","name":"Comment","target":["https:\/\/patagoniambiental.com.ar\/info\/china-espera-que-estados-unidos-se-reincorpore-al-acuerdo-de-paris-sobre-el-clima\/#respond"]}]},{"@type":"WebPage","@id":"https:\/\/patagoniambiental.com.ar\/info\/china-espera-que-estados-unidos-se-reincorpore-al-acuerdo-de-paris-sobre-el-clima\/","url":"https:\/\/patagoniambiental.com.ar\/info\/china-espera-que-estados-unidos-se-reincorpore-al-acuerdo-de-paris-sobre-el-clima\/","name":"China espera que Estados Unidos se reincorpore al Acuerdo de Par\u00eds sobre el clima","isPartOf":{"@id":"https:\/\/patagoniambiental.com.ar\/info\/#website"},"primaryImageOfPage":{"@id":"https:\/\/patagoniambiental.com.ar\/info\/china-espera-que-estados-unidos-se-reincorpore-al-acuerdo-de-paris-sobre-el-clima\/#primaryimage"},"image":{"@id":"https:\/\/patagoniambiental.com.ar\/info\/china-espera-que-estados-unidos-se-reincorpore-al-acuerdo-de-paris-sobre-el-clima\/#primaryimage"},"thumbnailUrl":"https:\/\/patagoniambiental.com.ar\/info\/wp-content\/uploads\/2017\/11\/2015030515231096725.jpg","datePublished":"2017-11-01T22:00:57+00:00","breadcrumb":{"@id":"https:\/\/patagoniambiental.com.ar\/info\/china-espera-que-estados-unidos-se-reincorpore-al-acuerdo-de-paris-sobre-el-clima\/#breadcrumb"},"inLanguage":"es","potentialAction":[{"@type":"ReadAction","target":["https:\/\/patagoniambiental.com.ar\/info\/china-espera-que-estados-unidos-se-reincorpore-al-acuerdo-de-paris-sobre-el-clima\/"]}]},{"@type":"ImageObject","inLanguage":"es","@id":"https:\/\/patagoniambiental.com.ar\/info\/china-espera-que-estados-unidos-se-reincorpore-al-acuerdo-de-paris-sobre-el-clima\/#primaryimage","url":"https:\/\/patagoniambiental.com.ar\/info\/wp-content\/uploads\/2017\/11\/2015030515231096725.jpg","contentUrl":"https:\/\/patagoniambiental.com.ar\/info\/wp-content\/uploads\/2017\/11\/2015030515231096725.jpg","width":600,"height":400,"caption":"http:\/\/espanol.cntv.cn\/2015\/03\/05\/VIDE1425539761166830.shtml"},{"@type":"BreadcrumbList","@id":"https:\/\/patagoniambiental.com.ar\/info\/china-espera-que-estados-unidos-se-reincorpore-al-acuerdo-de-paris-sobre-el-clima\/#breadcrumb","itemListElement":[{"@type":"ListItem","position":1,"name":"Inicio","item":"https:\/\/patagoniambiental.com.ar\/info\/"},{"@type":"ListItem","position":2,"name":"China espera que Estados Unidos se reincorpore al Acuerdo de Par\u00eds sobre el clima"}]},{"@type":"WebSite","@id":"https:\/\/patagoniambiental.com.ar\/info\/#website","url":"https:\/\/patagoniambiental.com.ar\/info\/","name":"Patagonia Ambiental","description":"Monitoreo y an\u00e1lisis de la situaci\u00f3n geopol\u00edtica en el mundo y su implicancia en la Patagonia","publisher":{"@id":"https:\/\/patagoniambiental.com.ar\/info\/#organization"},"potentialAction":[{"@type":"SearchAction","target":{"@type":"EntryPoint","urlTemplate":"https:\/\/patagoniambiental.com.ar\/info\/?s={search_term_string}"},"query-input":{"@type":"PropertyValueSpecification","valueRequired":true,"valueName":"search_term_string"}}],"inLanguage":"es"},{"@type":"Organization","@id":"https:\/\/patagoniambiental.com.ar\/info\/#organization","name":"Patagonia Ambiental","url":"https:\/\/patagoniambiental.com.ar\/info\/","logo":{"@type":"ImageObject","inLanguage":"es","@id":"https:\/\/patagoniambiental.com.ar\/info\/#\/schema\/logo\/image\/","url":"https:\/\/patagoniambiental.com.ar\/info\/wp-content\/uploads\/2025\/05\/LOGO-PATAGONIA-AMBIENTAL.png","contentUrl":"https:\/\/patagoniambiental.com.ar\/info\/wp-content\/uploads\/2025\/05\/LOGO-PATAGONIA-AMBIENTAL.png","width":433,"height":250,"caption":"Patagonia Ambiental"},"image":{"@id":"https:\/\/patagoniambiental.com.ar\/info\/#\/schema\/logo\/image\/"},"sameAs":["https:\/\/www.facebook.com\/patagonia.ambiental","https:\/\/x.com\/PatAmb"]},{"@type":"Person","@id":"https:\/\/patagoniambiental.com.ar\/info\/#\/schema\/person\/db12bff64bbcbf6a253710bf0ea37b5d","name":"Patagonia Ambiental","description":"Andr\u00e9s Nievas T\u00e9cnico en manejo ambiental, consultor Ambiental y escritor para medios locales e internacionales sobre temas de geopolitica y medio ambiente.","sameAs":["http:\/\/www.patagoniambiental.com.ar","https:\/\/www.facebook.com\/share\/1C1V8Gv9BX\/?mibextid=qi2Omg","@patagoniambiental","https:\/\/youtube.com\/@patagoniaambiental2023?si=BLt58t0wuXquxlYZ"]}]}},"_links":{"self":[{"href":"https:\/\/patagoniambiental.com.ar\/info\/wp-json\/wp\/v2\/posts\/37444","targetHints":{"allow":["GET"]}}],"collection":[{"href":"https:\/\/patagoniambiental.com.ar\/info\/wp-json\/wp\/v2\/posts"}],"about":[{"href":"https:\/\/patagoniambiental.com.ar\/info\/wp-json\/wp\/v2\/types\/post"}],"author":[{"embeddable":true,"href":"https:\/\/patagoniambiental.com.ar\/info\/wp-json\/wp\/v2\/users\/2"}],"replies":[{"embeddable":true,"href":"https:\/\/patagoniambiental.com.ar\/info\/wp-json\/wp\/v2\/comments?post=37444"}],"version-history":[{"count":0,"href":"https:\/\/patagoniambiental.com.ar\/info\/wp-json\/wp\/v2\/posts\/37444\/revisions"}],"wp:featuredmedia":[{"embeddable":true,"href":"https:\/\/patagoniambiental.com.ar\/info\/wp-json\/wp\/v2\/media\/37445"}],"wp:attachment":[{"href":"https:\/\/patagoniambiental.com.ar\/info\/wp-json\/wp\/v2\/media?parent=37444"}],"wp:term":[{"taxonomy":"category","embeddable":true,"href":"https:\/\/patagoniambiental.com.ar\/info\/wp-json\/wp\/v2\/categories?post=37444"},{"taxonomy":"post_tag","embeddable":true,"href":"https:\/\/patagoniambiental.com.ar\/info\/wp-json\/wp\/v2\/tags?post=37444"}],"curies":[{"name":"wp","href":"https:\/\/api.w.org\/{rel}","templated":true}]}}