{"id":37450,"date":"2017-11-01T19:00:58","date_gmt":"2017-11-01T22:00:58","guid":{"rendered":"http:\/\/patagoniambiental.com.ar\/info\/?p=37450"},"modified":"2017-11-01T11:17:15","modified_gmt":"2017-11-01T14:17:15","slug":"reciclaje-de-raee-en-la-paz-bolivia-enfrenta-5-amenazas","status":"publish","type":"post","link":"https:\/\/patagoniambiental.com.ar\/info\/reciclaje-de-raee-en-la-paz-bolivia-enfrenta-5-amenazas\/","title":{"rendered":"Reciclaje de RAEE en La Paz, Bolivia, enfrenta 5 amenazas"},"content":{"rendered":"<div class=\"gd gd1\">\n<div class=\"gdu u1\">\n<div class=\"pg-hd\">\n<p class=\"teaser\">La Paz\/Bolivia.-Proyecto. El e-Waste se ejecutar\u00e1 hasta 2020 con una inversi\u00f3n de $us 1,07 MM.<\/p>\n<\/div>\n<\/div>\n<\/div>\n<p><!--more--><\/p>\n<div class=\"gd gd4-c1 faux-g4c1\">\n<div class=\"gdu u3-4-c1\">\n<div class=\"pg-bd\">\n<div class=\"inset\">\n<div class=\"media-obj\">\n<div class=\"obj-img\"><img fetchpriority=\"high\" decoding=\"async\" class=\"alignleft\" src=\"http:\/\/www.la-razon.com\/suplementos\/financiero\/Residuos-Cochabamba-Foto-Fernando-Cartagena_LRZIMA20171030_0038_11.jpg\" alt=\"Residuos electr\u00f3nicos en Cochabamba el pasado junio. Foto: Fernando Cartagena \" width=\"474\" height=\"277\" \/><\/div>\n<div class=\"footnote\">\n<p>Residuos electr\u00f3nicos en Cochabamba el pasado junio. Foto: Fernando Cartagena<\/p>\n<\/div>\n<\/div>\n<\/div>\n<div class=\"meta\">\n<p><span class=\"meta-origen\">La Raz\u00f3n (Edici\u00f3n Impresa)<\/span>\u00a0\/\u00a0<span class=\"meta-author\">W\u00e1lter V\u00e1squez\u00a0<\/span>\/\u00a0<span class=\"meta-place\">La Paz<\/span><\/p>\n<p><span class=\"meta-timestamp\">00:00<\/span>\u00a0\/\u00a0<span class=\"meta-datestamp\">01 de noviembre de 2017<\/span><\/p>\n<\/div>\n<div class=\"tx mce m-blk\">\n<p class=\"mce\">La Fundaci\u00f3n Viva y el Fomin identificaron al menos cinco amenazas para el sistema de gesti\u00f3n integral de reciclaje de residuos de aparatos el\u00e9ctricos y electr\u00f3nicos (RAEE) que pretenden implementar en Bolivia.<\/p>\n<p class=\"mce\">La iniciativa es la columna vertebral del e-Waste, proyecto impulsado por el brazo social de la telef\u00f3nica Viva y el Fondo Multilateral de Inversiones que se ejecutar\u00e1 con $us 1,07 millones desde junio de este a\u00f1o hasta junio de 2020.<\/p>\n<p class=\"mce\">Seg\u00fan ambas instituciones, el proyecto es amenazado por la falta de conciencia ambiental de las empresas y de la poblaci\u00f3n (1), la percepci\u00f3n equivocada de que la gesti\u00f3n de RAEE genera ingresos por venta de metales preciosos (2), el hecho de que recuperadores informales no garantizan la correcta disposici\u00f3n final de estos desechos sin afectar el medio ambiente y la salud (3), la d\u00e9bil gesti\u00f3n del aparato p\u00fablico para normar la disposici\u00f3n de residuos especiales (4) y una exponencial acumulaci\u00f3n de desperdicios pl\u00e1sticos que requieren tratamiento especial (5).<\/p>\n<p class=\"mce\">Para enfrentar estos desaf\u00edos, ambos socios pretenden articular a todos los actores de la cadena de RAEE; crear conciencia social para una correcta disposici\u00f3n final de la basura electr\u00f3nica; lograr que las entidades p\u00fablicas, instituciones, empresas y hogares entiendan que la eliminaci\u00f3n de estos desechos tiene un costo; y fortalecer la gesti\u00f3n del sector p\u00fablico para normar la disposici\u00f3n de residuos especiales. Bajo este marco, se realizaron avances en tres frentes.<\/p>\n<p class=\"mce\">Para \u201ccrear y\/o fortalecer a empresas gestoras y operadoras de RAEE\u201d, el e-Waste registr\u00f3 los siguientes avances: mapeo de actores de la cadena, elaboraci\u00f3n de manuales de asistencia t\u00e9cnica y capacitaci\u00f3n para micro y peque\u00f1as empresas (mype), dise\u00f1o conceptual del sistema integrado de gesti\u00f3n de reciclaje y an\u00e1lisis de la participaci\u00f3n de las empresas en la responsabilidad extendida del productor, detall\u00f3 Mauricio Est\u00edvariz, coordinador del proyecto.<\/p>\n<p class=\"mce\">\n<p class=\"mce\">Para \u201csensibilizar y educar a la poblaci\u00f3n\u201d, continu\u00f3, un paso inicial fue la reuni\u00f3n d\u00edas atr\u00e1s con l\u00edderes de opini\u00f3n de medios de comunicaci\u00f3n con el fin de dar a conocer los alcances de la iniciativa. Para \u201cgenerar alianzas p\u00fablico-privadas con actores de la cadena\u201d se preparan convenios interinstitucionales con el Ministerio de Medio Ambiente y Agua, la C\u00e1mara Nacional de Industrias y las alcald\u00edas de Santa Cruz, Cochabamba y La Paz. Luego se apuntar\u00e1 a convenios con los gobiernos departamentales.<\/p>\n<p class=\"mce\"><strong class=\"mce\">PASOS<\/strong>. El primer frente permitir\u00e1 la implementaci\u00f3n de un plan de mejoramiento que incluya protocolos para la operaci\u00f3n y desmantelamiento de seguros de este tipo de residuos, adem\u00e1s del apoyo en la comercializaci\u00f3n de \u00e9stos y en los procesos administrativos. En este primer paso se tratar\u00e1 tambi\u00e9n de incorporar peque\u00f1os emprendimientos privados al sector.<\/p>\n<p class=\"mce\">En el segundo se prev\u00e9 que m\u00e1s de 1,5 millones de personas reciban informaci\u00f3n sobre las caracter\u00edsticas de la basura electr\u00f3nica, sus riesgos para la salud, la forma adecuada de recolecci\u00f3n y los puntos de dep\u00f3sito. En el tercero se concretar\u00e1n alianzas con la finalidad de comprometer la participaci\u00f3n de instituciones en el sistema de gesti\u00f3n de residuos electr\u00f3nicos en las tres ciudades, as\u00ed como para apoyar la redacci\u00f3n de pol\u00edticas y normas p\u00fablicas.<\/p>\n<p class=\"mce\">Cada boliviano produce 5,44 kilos de RAEE al a\u00f1o, un volumen que en La Paz, Cochabamba y Santa Cruz llega en total a las 30.000 toneladas (t) anuales. \u201cSi \u00e9stos no son correctamente desechados representan un importante riesgo para el medio ambiente y la salud\u201d, seg\u00fan el proyecto.<\/p>\n<p class=\"mce\">Bolivia ocupa el und\u00e9cimo puesto entre los pa\u00edses de la regi\u00f3n que m\u00e1s basura electr\u00f3nica generan, con 45.000 t registradas en 2014 (1,15%), seg\u00fan el informe eWaste en Am\u00e9rica Latina. Solo en celulares, en el pa\u00eds se desechan entre 2 millones y 3 millones de unidades al a\u00f1o, inform\u00f3 Viva.<\/p>\n<p>Fuente:\u00a0http:\/\/www.la-razon.com\/suplementos\/financiero\/Reciclaje-RAEE-enfrenta-amenazas_0_2810718957.html<\/p>\n<\/div>\n<\/div>\n<\/div>\n<\/div>\n","protected":false},"excerpt":{"rendered":"<p>La Paz\/Bolivia.-Proyecto. El e-Waste se ejecutar\u00e1 hasta 2020 con una inversi\u00f3n de $us 1,07 MM.<\/p>\n","protected":false},"author":2,"featured_media":37451,"comment_status":"open","ping_status":"open","sticky":false,"template":"","format":"standard","meta":{"site-sidebar-layout":"default","site-content-layout":"","ast-site-content-layout":"default","site-content-style":"default","site-sidebar-style":"default","ast-global-header-display":"","ast-banner-title-visibility":"","ast-main-header-display":"","ast-hfb-above-header-display":"","ast-hfb-below-header-display":"","ast-hfb-mobile-header-display":"","site-post-title":"","ast-breadcrumbs-content":"","ast-featured-img":"","footer-sml-layout":"","ast-disable-related-posts":"","theme-transparent-header-meta":"","adv-header-id-meta":"","stick-header-meta":"","header-above-stick-meta":"","header-main-stick-meta":"","header-below-stick-meta":"","astra-migrate-meta-layouts":"default","ast-page-background-enabled":"default","ast-page-background-meta":{"desktop":{"background-color":"var(--ast-global-color-5)","background-image":"","background-repeat":"repeat","background-position":"center center","background-size":"auto","background-attachment":"scroll","background-type":"","background-media":"","overlay-type":"","overlay-color":"","overlay-opacity":"","overlay-gradient":""},"tablet":{"background-color":"","background-image":"","background-repeat":"repeat","background-position":"center center","background-size":"auto","background-attachment":"scroll","background-type":"","background-media":"","overlay-type":"","overlay-color":"","overlay-opacity":"","overlay-gradient":""},"mobile":{"background-color":"","background-image":"","background-repeat":"repeat","background-position":"center center","background-size":"auto","background-attachment":"scroll","background-type":"","background-media":"","overlay-type":"","overlay-color":"","overlay-opacity":"","overlay-gradient":""}},"ast-content-background-meta":{"desktop":{"background-color":"var(--ast-global-color-4)","background-image":"","background-repeat":"repeat","background-position":"center center","background-size":"auto","background-attachment":"scroll","background-type":"","background-media":"","overlay-type":"","overlay-color":"","overlay-opacity":"","overlay-gradient":""},"tablet":{"background-color":"var(--ast-global-color-4)","background-image":"","background-repeat":"repeat","background-position":"center center","background-size":"auto","background-attachment":"scroll","background-type":"","background-media":"","overlay-type":"","overlay-color":"","overlay-opacity":"","overlay-gradient":""},"mobile":{"background-color":"var(--ast-global-color-4)","background-image":"","background-repeat":"repeat","background-position":"center center","background-size":"auto","background-attachment":"scroll","background-type":"","background-media":"","overlay-type":"","overlay-color":"","overlay-opacity":"","overlay-gradient":""}},"footnotes":""},"categories":[23,1],"tags":[],"class_list":["post-37450","post","type-post","status-publish","format-standard","has-post-thumbnail","hentry","category-internacionales","category-noticias"],"yoast_head":"<!-- This site is optimized with the Yoast SEO Premium plugin v23.0 (Yoast SEO v27.4) - https:\/\/yoast.com\/product\/yoast-seo-premium-wordpress\/ -->\n<title>Reciclaje de RAEE en La Paz, Bolivia, enfrenta 5 amenazas<\/title>\n<meta name=\"robots\" content=\"index, follow, max-snippet:-1, max-image-preview:large, max-video-preview:-1\" \/>\n<link rel=\"canonical\" href=\"https:\/\/patagoniambiental.com.ar\/info\/reciclaje-de-raee-en-la-paz-bolivia-enfrenta-5-amenazas\/\" \/>\n<meta property=\"og:locale\" content=\"es_ES\" \/>\n<meta property=\"og:type\" content=\"article\" \/>\n<meta property=\"og:title\" content=\"Reciclaje de RAEE en La Paz, Bolivia, enfrenta 5 amenazas\" \/>\n<meta property=\"og:description\" content=\"La Paz\/Bolivia.-Proyecto. El e-Waste se ejecutar\u00e1 hasta 2020 con una inversi\u00f3n de $us 1,07 MM.\" \/>\n<meta property=\"og:url\" content=\"https:\/\/patagoniambiental.com.ar\/info\/reciclaje-de-raee-en-la-paz-bolivia-enfrenta-5-amenazas\/\" \/>\n<meta property=\"og:site_name\" content=\"Patagonia Ambiental\" \/>\n<meta property=\"article:publisher\" content=\"https:\/\/www.facebook.com\/patagonia.ambiental\" \/>\n<meta property=\"article:author\" content=\"https:\/\/www.facebook.com\/share\/1C1V8Gv9BX\/?mibextid=qi2Omg\" \/>\n<meta property=\"article:published_time\" content=\"2017-11-01T22:00:58+00:00\" \/>\n<meta property=\"og:image\" content=\"https:\/\/patagoniambiental.com.ar\/info\/wp-content\/uploads\/2017\/11\/Residuos-Cochabamba-Foto-Fernando-Cartagena_LRZIMA20171030_0038_11.jpg\" \/>\n\t<meta property=\"og:image:width\" content=\"474\" \/>\n\t<meta property=\"og:image:height\" content=\"277\" \/>\n\t<meta property=\"og:image:type\" content=\"image\/jpeg\" \/>\n<meta name=\"author\" content=\"Patagonia Ambiental\" \/>\n<meta name=\"twitter:card\" content=\"summary_large_image\" \/>\n<meta name=\"twitter:creator\" content=\"@PatAmb\" \/>\n<meta name=\"twitter:site\" content=\"@PatAmb\" \/>\n<script type=\"application\/ld+json\" class=\"yoast-schema-graph\">{\"@context\":\"https:\\\/\\\/schema.org\",\"@graph\":[{\"@type\":\"Article\",\"@id\":\"https:\\\/\\\/patagoniambiental.com.ar\\\/info\\\/reciclaje-de-raee-en-la-paz-bolivia-enfrenta-5-amenazas\\\/#article\",\"isPartOf\":{\"@id\":\"https:\\\/\\\/patagoniambiental.com.ar\\\/info\\\/reciclaje-de-raee-en-la-paz-bolivia-enfrenta-5-amenazas\\\/\"},\"author\":{\"name\":\"Patagonia Ambiental\",\"@id\":\"https:\\\/\\\/patagoniambiental.com.ar\\\/info\\\/#\\\/schema\\\/person\\\/db12bff64bbcbf6a253710bf0ea37b5d\"},\"headline\":\"Reciclaje de RAEE en La Paz, Bolivia, enfrenta 5 amenazas\",\"datePublished\":\"2017-11-01T22:00:58+00:00\",\"mainEntityOfPage\":{\"@id\":\"https:\\\/\\\/patagoniambiental.com.ar\\\/info\\\/reciclaje-de-raee-en-la-paz-bolivia-enfrenta-5-amenazas\\\/\"},\"wordCount\":724,\"commentCount\":0,\"publisher\":{\"@id\":\"https:\\\/\\\/patagoniambiental.com.ar\\\/info\\\/#organization\"},\"image\":{\"@id\":\"https:\\\/\\\/patagoniambiental.com.ar\\\/info\\\/reciclaje-de-raee-en-la-paz-bolivia-enfrenta-5-amenazas\\\/#primaryimage\"},\"thumbnailUrl\":\"https:\\\/\\\/patagoniambiental.com.ar\\\/info\\\/wp-content\\\/uploads\\\/2017\\\/11\\\/Residuos-Cochabamba-Foto-Fernando-Cartagena_LRZIMA20171030_0038_11.jpg\",\"articleSection\":[\"Internacionales\",\"Noticias\"],\"inLanguage\":\"es\",\"potentialAction\":[{\"@type\":\"CommentAction\",\"name\":\"Comment\",\"target\":[\"https:\\\/\\\/patagoniambiental.com.ar\\\/info\\\/reciclaje-de-raee-en-la-paz-bolivia-enfrenta-5-amenazas\\\/#respond\"]}]},{\"@type\":\"WebPage\",\"@id\":\"https:\\\/\\\/patagoniambiental.com.ar\\\/info\\\/reciclaje-de-raee-en-la-paz-bolivia-enfrenta-5-amenazas\\\/\",\"url\":\"https:\\\/\\\/patagoniambiental.com.ar\\\/info\\\/reciclaje-de-raee-en-la-paz-bolivia-enfrenta-5-amenazas\\\/\",\"name\":\"Reciclaje de RAEE en La Paz, Bolivia, enfrenta 5 amenazas\",\"isPartOf\":{\"@id\":\"https:\\\/\\\/patagoniambiental.com.ar\\\/info\\\/#website\"},\"primaryImageOfPage\":{\"@id\":\"https:\\\/\\\/patagoniambiental.com.ar\\\/info\\\/reciclaje-de-raee-en-la-paz-bolivia-enfrenta-5-amenazas\\\/#primaryimage\"},\"image\":{\"@id\":\"https:\\\/\\\/patagoniambiental.com.ar\\\/info\\\/reciclaje-de-raee-en-la-paz-bolivia-enfrenta-5-amenazas\\\/#primaryimage\"},\"thumbnailUrl\":\"https:\\\/\\\/patagoniambiental.com.ar\\\/info\\\/wp-content\\\/uploads\\\/2017\\\/11\\\/Residuos-Cochabamba-Foto-Fernando-Cartagena_LRZIMA20171030_0038_11.jpg\",\"datePublished\":\"2017-11-01T22:00:58+00:00\",\"breadcrumb\":{\"@id\":\"https:\\\/\\\/patagoniambiental.com.ar\\\/info\\\/reciclaje-de-raee-en-la-paz-bolivia-enfrenta-5-amenazas\\\/#breadcrumb\"},\"inLanguage\":\"es\",\"potentialAction\":[{\"@type\":\"ReadAction\",\"target\":[\"https:\\\/\\\/patagoniambiental.com.ar\\\/info\\\/reciclaje-de-raee-en-la-paz-bolivia-enfrenta-5-amenazas\\\/\"]}]},{\"@type\":\"ImageObject\",\"inLanguage\":\"es\",\"@id\":\"https:\\\/\\\/patagoniambiental.com.ar\\\/info\\\/reciclaje-de-raee-en-la-paz-bolivia-enfrenta-5-amenazas\\\/#primaryimage\",\"url\":\"https:\\\/\\\/patagoniambiental.com.ar\\\/info\\\/wp-content\\\/uploads\\\/2017\\\/11\\\/Residuos-Cochabamba-Foto-Fernando-Cartagena_LRZIMA20171030_0038_11.jpg\",\"contentUrl\":\"https:\\\/\\\/patagoniambiental.com.ar\\\/info\\\/wp-content\\\/uploads\\\/2017\\\/11\\\/Residuos-Cochabamba-Foto-Fernando-Cartagena_LRZIMA20171030_0038_11.jpg\",\"width\":474,\"height\":277},{\"@type\":\"BreadcrumbList\",\"@id\":\"https:\\\/\\\/patagoniambiental.com.ar\\\/info\\\/reciclaje-de-raee-en-la-paz-bolivia-enfrenta-5-amenazas\\\/#breadcrumb\",\"itemListElement\":[{\"@type\":\"ListItem\",\"position\":1,\"name\":\"Inicio\",\"item\":\"https:\\\/\\\/patagoniambiental.com.ar\\\/info\\\/\"},{\"@type\":\"ListItem\",\"position\":2,\"name\":\"Reciclaje de RAEE en La Paz, Bolivia, enfrenta 5 amenazas\"}]},{\"@type\":\"WebSite\",\"@id\":\"https:\\\/\\\/patagoniambiental.com.ar\\\/info\\\/#website\",\"url\":\"https:\\\/\\\/patagoniambiental.com.ar\\\/info\\\/\",\"name\":\"Patagonia Ambiental\",\"description\":\"Monitoreo y an\u00e1lisis de la situaci\u00f3n geopol\u00edtica en el mundo y su implicancia en la Patagonia\",\"publisher\":{\"@id\":\"https:\\\/\\\/patagoniambiental.com.ar\\\/info\\\/#organization\"},\"potentialAction\":[{\"@type\":\"SearchAction\",\"target\":{\"@type\":\"EntryPoint\",\"urlTemplate\":\"https:\\\/\\\/patagoniambiental.com.ar\\\/info\\\/?s={search_term_string}\"},\"query-input\":{\"@type\":\"PropertyValueSpecification\",\"valueRequired\":true,\"valueName\":\"search_term_string\"}}],\"inLanguage\":\"es\"},{\"@type\":\"Organization\",\"@id\":\"https:\\\/\\\/patagoniambiental.com.ar\\\/info\\\/#organization\",\"name\":\"Patagonia Ambiental\",\"url\":\"https:\\\/\\\/patagoniambiental.com.ar\\\/info\\\/\",\"logo\":{\"@type\":\"ImageObject\",\"inLanguage\":\"es\",\"@id\":\"https:\\\/\\\/patagoniambiental.com.ar\\\/info\\\/#\\\/schema\\\/logo\\\/image\\\/\",\"url\":\"https:\\\/\\\/patagoniambiental.com.ar\\\/info\\\/wp-content\\\/uploads\\\/2025\\\/05\\\/LOGO-PATAGONIA-AMBIENTAL.png\",\"contentUrl\":\"https:\\\/\\\/patagoniambiental.com.ar\\\/info\\\/wp-content\\\/uploads\\\/2025\\\/05\\\/LOGO-PATAGONIA-AMBIENTAL.png\",\"width\":433,\"height\":250,\"caption\":\"Patagonia Ambiental\"},\"image\":{\"@id\":\"https:\\\/\\\/patagoniambiental.com.ar\\\/info\\\/#\\\/schema\\\/logo\\\/image\\\/\"},\"sameAs\":[\"https:\\\/\\\/www.facebook.com\\\/patagonia.ambiental\",\"https:\\\/\\\/x.com\\\/PatAmb\"]},{\"@type\":\"Person\",\"@id\":\"https:\\\/\\\/patagoniambiental.com.ar\\\/info\\\/#\\\/schema\\\/person\\\/db12bff64bbcbf6a253710bf0ea37b5d\",\"name\":\"Patagonia Ambiental\",\"description\":\"Andr\u00e9s Nievas T\u00e9cnico en manejo ambiental, consultor Ambiental y escritor para medios locales e internacionales sobre temas de geopolitica y medio ambiente.\",\"sameAs\":[\"http:\\\/\\\/www.patagoniambiental.com.ar\",\"https:\\\/\\\/www.facebook.com\\\/share\\\/1C1V8Gv9BX\\\/?mibextid=qi2Omg\",\"@patagoniambiental\",\"https:\\\/\\\/youtube.com\\\/@patagoniaambiental2023?si=BLt58t0wuXquxlYZ\"]}]}<\/script>\n<!-- \/ Yoast SEO Premium plugin. -->","yoast_head_json":{"title":"Reciclaje de RAEE en La Paz, Bolivia, enfrenta 5 amenazas","robots":{"index":"index","follow":"follow","max-snippet":"max-snippet:-1","max-image-preview":"max-image-preview:large","max-video-preview":"max-video-preview:-1"},"canonical":"https:\/\/patagoniambiental.com.ar\/info\/reciclaje-de-raee-en-la-paz-bolivia-enfrenta-5-amenazas\/","og_locale":"es_ES","og_type":"article","og_title":"Reciclaje de RAEE en La Paz, Bolivia, enfrenta 5 amenazas","og_description":"La Paz\/Bolivia.-Proyecto. El e-Waste se ejecutar\u00e1 hasta 2020 con una inversi\u00f3n de $us 1,07 MM.","og_url":"https:\/\/patagoniambiental.com.ar\/info\/reciclaje-de-raee-en-la-paz-bolivia-enfrenta-5-amenazas\/","og_site_name":"Patagonia Ambiental","article_publisher":"https:\/\/www.facebook.com\/patagonia.ambiental","article_author":"https:\/\/www.facebook.com\/share\/1C1V8Gv9BX\/?mibextid=qi2Omg","article_published_time":"2017-11-01T22:00:58+00:00","og_image":[{"width":474,"height":277,"url":"https:\/\/patagoniambiental.com.ar\/info\/wp-content\/uploads\/2017\/11\/Residuos-Cochabamba-Foto-Fernando-Cartagena_LRZIMA20171030_0038_11.jpg","type":"image\/jpeg"}],"author":"Patagonia Ambiental","twitter_card":"summary_large_image","twitter_creator":"@PatAmb","twitter_site":"@PatAmb","schema":{"@context":"https:\/\/schema.org","@graph":[{"@type":"Article","@id":"https:\/\/patagoniambiental.com.ar\/info\/reciclaje-de-raee-en-la-paz-bolivia-enfrenta-5-amenazas\/#article","isPartOf":{"@id":"https:\/\/patagoniambiental.com.ar\/info\/reciclaje-de-raee-en-la-paz-bolivia-enfrenta-5-amenazas\/"},"author":{"name":"Patagonia Ambiental","@id":"https:\/\/patagoniambiental.com.ar\/info\/#\/schema\/person\/db12bff64bbcbf6a253710bf0ea37b5d"},"headline":"Reciclaje de RAEE en La Paz, Bolivia, enfrenta 5 amenazas","datePublished":"2017-11-01T22:00:58+00:00","mainEntityOfPage":{"@id":"https:\/\/patagoniambiental.com.ar\/info\/reciclaje-de-raee-en-la-paz-bolivia-enfrenta-5-amenazas\/"},"wordCount":724,"commentCount":0,"publisher":{"@id":"https:\/\/patagoniambiental.com.ar\/info\/#organization"},"image":{"@id":"https:\/\/patagoniambiental.com.ar\/info\/reciclaje-de-raee-en-la-paz-bolivia-enfrenta-5-amenazas\/#primaryimage"},"thumbnailUrl":"https:\/\/patagoniambiental.com.ar\/info\/wp-content\/uploads\/2017\/11\/Residuos-Cochabamba-Foto-Fernando-Cartagena_LRZIMA20171030_0038_11.jpg","articleSection":["Internacionales","Noticias"],"inLanguage":"es","potentialAction":[{"@type":"CommentAction","name":"Comment","target":["https:\/\/patagoniambiental.com.ar\/info\/reciclaje-de-raee-en-la-paz-bolivia-enfrenta-5-amenazas\/#respond"]}]},{"@type":"WebPage","@id":"https:\/\/patagoniambiental.com.ar\/info\/reciclaje-de-raee-en-la-paz-bolivia-enfrenta-5-amenazas\/","url":"https:\/\/patagoniambiental.com.ar\/info\/reciclaje-de-raee-en-la-paz-bolivia-enfrenta-5-amenazas\/","name":"Reciclaje de RAEE en La Paz, Bolivia, enfrenta 5 amenazas","isPartOf":{"@id":"https:\/\/patagoniambiental.com.ar\/info\/#website"},"primaryImageOfPage":{"@id":"https:\/\/patagoniambiental.com.ar\/info\/reciclaje-de-raee-en-la-paz-bolivia-enfrenta-5-amenazas\/#primaryimage"},"image":{"@id":"https:\/\/patagoniambiental.com.ar\/info\/reciclaje-de-raee-en-la-paz-bolivia-enfrenta-5-amenazas\/#primaryimage"},"thumbnailUrl":"https:\/\/patagoniambiental.com.ar\/info\/wp-content\/uploads\/2017\/11\/Residuos-Cochabamba-Foto-Fernando-Cartagena_LRZIMA20171030_0038_11.jpg","datePublished":"2017-11-01T22:00:58+00:00","breadcrumb":{"@id":"https:\/\/patagoniambiental.com.ar\/info\/reciclaje-de-raee-en-la-paz-bolivia-enfrenta-5-amenazas\/#breadcrumb"},"inLanguage":"es","potentialAction":[{"@type":"ReadAction","target":["https:\/\/patagoniambiental.com.ar\/info\/reciclaje-de-raee-en-la-paz-bolivia-enfrenta-5-amenazas\/"]}]},{"@type":"ImageObject","inLanguage":"es","@id":"https:\/\/patagoniambiental.com.ar\/info\/reciclaje-de-raee-en-la-paz-bolivia-enfrenta-5-amenazas\/#primaryimage","url":"https:\/\/patagoniambiental.com.ar\/info\/wp-content\/uploads\/2017\/11\/Residuos-Cochabamba-Foto-Fernando-Cartagena_LRZIMA20171030_0038_11.jpg","contentUrl":"https:\/\/patagoniambiental.com.ar\/info\/wp-content\/uploads\/2017\/11\/Residuos-Cochabamba-Foto-Fernando-Cartagena_LRZIMA20171030_0038_11.jpg","width":474,"height":277},{"@type":"BreadcrumbList","@id":"https:\/\/patagoniambiental.com.ar\/info\/reciclaje-de-raee-en-la-paz-bolivia-enfrenta-5-amenazas\/#breadcrumb","itemListElement":[{"@type":"ListItem","position":1,"name":"Inicio","item":"https:\/\/patagoniambiental.com.ar\/info\/"},{"@type":"ListItem","position":2,"name":"Reciclaje de RAEE en La Paz, Bolivia, enfrenta 5 amenazas"}]},{"@type":"WebSite","@id":"https:\/\/patagoniambiental.com.ar\/info\/#website","url":"https:\/\/patagoniambiental.com.ar\/info\/","name":"Patagonia Ambiental","description":"Monitoreo y an\u00e1lisis de la situaci\u00f3n geopol\u00edtica en el mundo y su implicancia en la Patagonia","publisher":{"@id":"https:\/\/patagoniambiental.com.ar\/info\/#organization"},"potentialAction":[{"@type":"SearchAction","target":{"@type":"EntryPoint","urlTemplate":"https:\/\/patagoniambiental.com.ar\/info\/?s={search_term_string}"},"query-input":{"@type":"PropertyValueSpecification","valueRequired":true,"valueName":"search_term_string"}}],"inLanguage":"es"},{"@type":"Organization","@id":"https:\/\/patagoniambiental.com.ar\/info\/#organization","name":"Patagonia Ambiental","url":"https:\/\/patagoniambiental.com.ar\/info\/","logo":{"@type":"ImageObject","inLanguage":"es","@id":"https:\/\/patagoniambiental.com.ar\/info\/#\/schema\/logo\/image\/","url":"https:\/\/patagoniambiental.com.ar\/info\/wp-content\/uploads\/2025\/05\/LOGO-PATAGONIA-AMBIENTAL.png","contentUrl":"https:\/\/patagoniambiental.com.ar\/info\/wp-content\/uploads\/2025\/05\/LOGO-PATAGONIA-AMBIENTAL.png","width":433,"height":250,"caption":"Patagonia Ambiental"},"image":{"@id":"https:\/\/patagoniambiental.com.ar\/info\/#\/schema\/logo\/image\/"},"sameAs":["https:\/\/www.facebook.com\/patagonia.ambiental","https:\/\/x.com\/PatAmb"]},{"@type":"Person","@id":"https:\/\/patagoniambiental.com.ar\/info\/#\/schema\/person\/db12bff64bbcbf6a253710bf0ea37b5d","name":"Patagonia Ambiental","description":"Andr\u00e9s Nievas T\u00e9cnico en manejo ambiental, consultor Ambiental y escritor para medios locales e internacionales sobre temas de geopolitica y medio ambiente.","sameAs":["http:\/\/www.patagoniambiental.com.ar","https:\/\/www.facebook.com\/share\/1C1V8Gv9BX\/?mibextid=qi2Omg","@patagoniambiental","https:\/\/youtube.com\/@patagoniaambiental2023?si=BLt58t0wuXquxlYZ"]}]}},"_links":{"self":[{"href":"https:\/\/patagoniambiental.com.ar\/info\/wp-json\/wp\/v2\/posts\/37450","targetHints":{"allow":["GET"]}}],"collection":[{"href":"https:\/\/patagoniambiental.com.ar\/info\/wp-json\/wp\/v2\/posts"}],"about":[{"href":"https:\/\/patagoniambiental.com.ar\/info\/wp-json\/wp\/v2\/types\/post"}],"author":[{"embeddable":true,"href":"https:\/\/patagoniambiental.com.ar\/info\/wp-json\/wp\/v2\/users\/2"}],"replies":[{"embeddable":true,"href":"https:\/\/patagoniambiental.com.ar\/info\/wp-json\/wp\/v2\/comments?post=37450"}],"version-history":[{"count":0,"href":"https:\/\/patagoniambiental.com.ar\/info\/wp-json\/wp\/v2\/posts\/37450\/revisions"}],"wp:featuredmedia":[{"embeddable":true,"href":"https:\/\/patagoniambiental.com.ar\/info\/wp-json\/wp\/v2\/media\/37451"}],"wp:attachment":[{"href":"https:\/\/patagoniambiental.com.ar\/info\/wp-json\/wp\/v2\/media?parent=37450"}],"wp:term":[{"taxonomy":"category","embeddable":true,"href":"https:\/\/patagoniambiental.com.ar\/info\/wp-json\/wp\/v2\/categories?post=37450"},{"taxonomy":"post_tag","embeddable":true,"href":"https:\/\/patagoniambiental.com.ar\/info\/wp-json\/wp\/v2\/tags?post=37450"}],"curies":[{"name":"wp","href":"https:\/\/api.w.org\/{rel}","templated":true}]}}