{"id":37457,"date":"2017-11-01T19:00:30","date_gmt":"2017-11-01T22:00:30","guid":{"rendered":"http:\/\/patagoniambiental.com.ar\/info\/?p=37457"},"modified":"2017-11-01T11:26:42","modified_gmt":"2017-11-01T14:26:42","slug":"por-decreto-la-represa-hidroelectrica-nestor-kirchner-volvera-a-llamarse-condor-cliff","status":"publish","type":"post","link":"https:\/\/patagoniambiental.com.ar\/info\/por-decreto-la-represa-hidroelectrica-nestor-kirchner-volvera-a-llamarse-condor-cliff\/","title":{"rendered":"Por decreto, la represa hidroel\u00e9ctrica N\u00e9stor Kirchner volver\u00e1 a llamarse C\u00f3ndor Cliff"},"content":{"rendered":"<div class=\"row no-margin-sides\">\n<div class=\"col-xs-24 no-padding-sides\">\n<div class=\"title-news\">\u00a0Santa Cruz.-El Gobierno tambi\u00e9n le cambi\u00f3 la denominaci\u00f3n a la represa Jorge Cepernic por Barrancosa.<\/div>\n<\/div>\n<\/div>\n<p><!--more--><\/p>\n<div class=\"main-col-article\">\n<div class=\"row fix-margin-responsives-negative-x\">\n<div class=\"col-xs-24 img-news\">\n<div id=\"w0\" class=\"carousel slide slider-note-view\" data-interval=\"false\">\n<div class=\"carousel-inner\">\n<div class=\"item active\">\n<p><img decoding=\"async\" src=\"https:\/\/d1bi2srgse3uhl.cloudfront.net\/uploads\/2017\/11\/image59f9ccc7722ed.jpg\" alt=\"Por decreto, la represa hidroel\u00e9ctrica N\u00e9stor Kirchner volver\u00e1 a llamarse C\u00f3ndor Cliff \" \/><\/p>\n<div class=\"carousel-caption\"><\/div>\n<\/div>\n<\/div>\n<\/div>\n<\/div>\n<\/div>\n<div class=\"row mam-container\"><\/div>\n<div class=\"row control-container no-margin-sides\">\n<div class=\"col-xs-24 col-md-16 signature-news\">\n<h5 class=\"font-bold\">Por T\u00e9lam<\/h5>\n<\/div>\n<\/div>\n<div class=\"row\">\n<div class=\"col-xs-24 content-news margin-bottom-x no-padding-sides\">\n<div class=\"row peperito general article-box no-margin-sides\"><\/div>\n<p>Hoy se determin\u00f3 la reasignaci\u00f3n de los nombres originales a las represas hidroel\u00e9ctricas en construcci\u00f3n sobre del\u00a0<strong>R\u00edo Santa Cruz<\/strong>, las que volver\u00e1n a llamarse\u00a0<strong>C\u00f3ndor Cliff y Barrancosa<\/strong>, en lugar de\u00a0<strong>N\u00e9stor Kirchner y Jorge Cepernic<\/strong>, respectivamente.<\/p>\n<p>As\u00ed se dio a conocer con la publicaci\u00f3n en el Bolet\u00edn Oficial del Decreto 882\/2017 que firm\u00f3 el presidente Mauricio Macri, el jefe de Gabinete, Marcos Pe\u00f1a, y el ministro de Energ\u00eda, Juan Jos\u00e9 Aranguren.<\/p>\n<p>La construcci\u00f3n de ambas represas hidroel\u00e9ctricas atraves\u00f3 m\u00e1s de 40 a\u00f1os de retrasos que incluyeron licitaciones frustradas y estudios de impacto ambiental objetados por la Corte Suprema, antes de su aprobaci\u00f3n en agosto por el Poder Ejecutivo.<\/p>\n<p>&nbsp;<\/p>\n<p><img decoding=\"async\" src=\"https:\/\/d1bi2srgse3uhl.cloudfront.net\/uploads\/2017\/11\/image59f9cde964f0a.jpg\" alt=\"\" \/><\/p>\n<div class=\"row peperito general article-box no-margin-sides\"><\/div>\n<p>&nbsp;<\/p>\n<p>Las condiciones del\u00a0<strong>r\u00edo Santa Cruz<\/strong>\u00a0para su aprovechamiento hidroel\u00e9ctrico ya hab\u00edan sido destacadas hacia mitad del Siglo XX por el ingeniero Mariano Castillo como \u00abuno de los r\u00edos con mayor potencial del Continente Sudamericano (sic) por tener un flujo de caudal muy parejo durante todo el a\u00f1o\u00bb, pero no fue sino hasta\u00a0<strong>1973<\/strong>\u00a0que se presentaron proyectos concretos para la realizaci\u00f3n de dos represas.<\/p>\n<p>En aquel a\u00f1o, el gobernador de\u00a0<strong>Santa Cruz Jorge Cepernic impuls\u00f3 la construcci\u00f3n de las dos represas hidroel\u00e9ctricas\u00a0<\/strong>a trav\u00e9s de la antigua empresa Agua y Energ\u00eda El\u00e9ctrica Sociedad del Estado (AyEE), pero no logr\u00f3 reunir el apoyo necesario para llevar a cabo la empresa.<\/p>\n<p>Finalmente, har\u00edan falta tres licitaciones para que comenzara a materializarse la construcci\u00f3n.<\/p>\n<p><strong>La primera de \u00e9stas tuvo lugar en 2007, cuando el Gobierno Nacional y la provincia de Santa Cruz firmaron un convenio para ejecutar las entonces llamadas represas \u00abC\u00f3ndor Cliff\u201d y \u201cLa Barrancosa\u201d.<\/strong><\/p>\n<p>El proceso de recepci\u00f3n de ofertas t\u00e9cnicas y econ\u00f3micas continu\u00f3 hasta 2010, cuando se adjudic\u00f3 la obra a un consorcio integrado por tres empresas que, pese a su adjudicaci\u00f3n y posterior aprobaci\u00f3n en la Legislatura provincial, la obra nunca comenz\u00f3.<\/p>\n<p>Seg\u00fan se explic\u00f3 oficialmente, nunca se cre\u00f3 el \u00abfideicomiso de administraci\u00f3n\u00bb ni se aportaron fondos para el inicio de las obras, por lo que se dio por \u00abfinalizado el proyecto por causas ajenas a ambas partes y sin reclamos indemnizatorios\u00bb.<\/p>\n<p><strong>Rebautizadas como \u00abKirchner\u00bb y \u00abCepernic\u00bb, en memoria del ex presidente argentino y del ex gobernador de Santa Cruz, el 25 de abril de 2012<\/strong>\u00a0se anunci\u00f3 por segunda vez la licitaci\u00f3n de las dos represas, que deb\u00eda ser lanzada en mayo de ese a\u00f1o, algo que finalmente no ocurri\u00f3.<\/p>\n<p>La tercera y \u00faltima licitaci\u00f3n estuvo a cargo de los entonces titulares del Ministerio de Planificaci\u00f3n y la Secretar\u00eda de Obras P\u00fablicas -Julio De Vido y Jos\u00e9 L\u00f3pez, respectivamente- que anunciaron en agosto de ese mismo a\u00f1o el llamado para la construcci\u00f3n de ambas represas por un monto total de U$D 4.100 millones, con un plazo de cinco a\u00f1os y un consorcio empresario con una integraci\u00f3n m\u00ednima del 30% de participaci\u00f3n nacional.<\/p>\n<p>&nbsp;<\/p>\n<p><img decoding=\"async\" src=\"https:\/\/d1bi2srgse3uhl.cloudfront.net\/uploads\/2017\/11\/image59f9ce1f3006a.jpg\" alt=\"\" \/><\/p>\n<p>&nbsp;<\/p>\n<p>En agosto de 2013 la obra fue adjudicada al consorcio conformado por Electroingenier\u00eda S.A., China Gezhouba Group Company Limited e Hidrocuyo S.A. cuya oferta en el pliego fue de U$D 4.715.347.111, en el plazo de cinco a\u00f1os y medio e \u00edntegramente financiado por tres entidades chinas.<\/p>\n<p>El primer desembolso se hizo efectivo en enero de 2015 por U$D 287.723.536 (un 6% del monto total), para los trabajos iniciales de caminos, obradores y puentes en Santa Cruz, y el anticipo para la fabricaci\u00f3n de los equipos de generaci\u00f3n en China.<\/p>\n<p>Sin embargo, la Corte Suprema hizo lugar a un\u00a0<strong>amparo presentado por dos ONG que esgrim\u00edan que el emprendimiento acarrear\u00eda da\u00f1os al medio ambiente<\/strong>, por lo que suspendi\u00f3 el avance de la construcci\u00f3n hasta la realizaci\u00f3n de nuevos estudios ambientales y una audiencia p\u00fablica en el Congreso Nacional.<\/p>\n<p>Para cumplir con esta obligaci\u00f3n, el 20 y 21 de julio \u00faltimos se llev\u00f3 adelante una nueva audiencia p\u00fablica en la que se present\u00f3 un nuevo estudio de impacto ambiental y del que se tomaron 17 recomendaciones que se aplicar\u00e1n en el nuevo proyecto aprobado esta ma\u00f1ana.<\/p>\n<p>Para que finalmente puedan retomarse las obras, el Gobierno solicitar\u00e1 esta semana a la justicia en lo Contencioso Administrativo Federal porte\u00f1a -autoridad con competencia en el tema- que levante la medida cautelar que suspendi\u00f3 los trabajos.<\/p>\n<p>La represa Jorge Cepernic estar\u00e1 situada a 185 kil\u00f3metros de la desembocadura del r\u00edo Santa Cruz, mientras que la represa Presidente N\u00e9stor Kirchner estar\u00e1 a 250 Km. de ese sitio.<\/p>\n<p>Una vez que est\u00e9n en funcionamiento se prev\u00e9 que produzcan una media anual del orden de 5.200 GWh (equivalente a 3,6% de la energ\u00eda el\u00e9ctrica aportada en 2016 al Sistema Argentino de Interconexi\u00f3n) y que sustituyan el consumo de combustibles en centrales t\u00e9rmicas de gas, carb\u00f3n, fueloil y gasoil por un equivalente a unas 2,5 millones de toneladas de CO2 al a\u00f1o.<\/p>\n<p>Tambi\u00e9n se proyecta que con la disponibilidad de energ\u00eda en la regi\u00f3n avancen nuevas industrias metal\u00fargicas, gas\u00edferas, pesqueras, entre otras, y que se aprovechen los espejos de agua de ambas represas para la realizaci\u00f3n de actividades recreativas y emprendimientos tur\u00edsticos.<\/p>\n<p>Fuente:\u00a0https:\/\/losandes.com.ar\/article\/view?slug=por-decreto-la-represa-hidroelectrica-nestor-kirchner-volvera-a-llamarse-condor-cliff<\/p>\n<\/div>\n<\/div>\n<\/div>\n","protected":false},"excerpt":{"rendered":"<p>\u00a0Santa Cruz.-El Gobierno tambi\u00e9n le cambi\u00f3 la denominaci\u00f3n a la represa Jorge Cepernic por Barrancosa.<\/p>\n","protected":false},"author":2,"featured_media":37458,"comment_status":"open","ping_status":"open","sticky":false,"template":"","format":"standard","meta":{"site-sidebar-layout":"default","site-content-layout":"","ast-site-content-layout":"default","site-content-style":"default","site-sidebar-style":"default","ast-global-header-display":"","ast-banner-title-visibility":"","ast-main-header-display":"","ast-hfb-above-header-display":"","ast-hfb-below-header-display":"","ast-hfb-mobile-header-display":"","site-post-title":"","ast-breadcrumbs-content":"","ast-featured-img":"","footer-sml-layout":"","ast-disable-related-posts":"","theme-transparent-header-meta":"","adv-header-id-meta":"","stick-header-meta":"","header-above-stick-meta":"","header-main-stick-meta":"","header-below-stick-meta":"","astra-migrate-meta-layouts":"default","ast-page-background-enabled":"default","ast-page-background-meta":{"desktop":{"background-color":"var(--ast-global-color-5)","background-image":"","background-repeat":"repeat","background-position":"center center","background-size":"auto","background-attachment":"scroll","background-type":"","background-media":"","overlay-type":"","overlay-color":"","overlay-opacity":"","overlay-gradient":""},"tablet":{"background-color":"","background-image":"","background-repeat":"repeat","background-position":"center center","background-size":"auto","background-attachment":"scroll","background-type":"","background-media":"","overlay-type":"","overlay-color":"","overlay-opacity":"","overlay-gradient":""},"mobile":{"background-color":"","background-image":"","background-repeat":"repeat","background-position":"center center","background-size":"auto","background-attachment":"scroll","background-type":"","background-media":"","overlay-type":"","overlay-color":"","overlay-opacity":"","overlay-gradient":""}},"ast-content-background-meta":{"desktop":{"background-color":"var(--ast-global-color-4)","background-image":"","background-repeat":"repeat","background-position":"center center","background-size":"auto","background-attachment":"scroll","background-type":"","background-media":"","overlay-type":"","overlay-color":"","overlay-opacity":"","overlay-gradient":""},"tablet":{"background-color":"var(--ast-global-color-4)","background-image":"","background-repeat":"repeat","background-position":"center center","background-size":"auto","background-attachment":"scroll","background-type":"","background-media":"","overlay-type":"","overlay-color":"","overlay-opacity":"","overlay-gradient":""},"mobile":{"background-color":"var(--ast-global-color-4)","background-image":"","background-repeat":"repeat","background-position":"center center","background-size":"auto","background-attachment":"scroll","background-type":"","background-media":"","overlay-type":"","overlay-color":"","overlay-opacity":"","overlay-gradient":""}},"footnotes":""},"categories":[1,13,20],"tags":[],"class_list":["post-37457","post","type-post","status-publish","format-standard","has-post-thumbnail","hentry","category-noticias","category-provinciales","category-santa-cruz"],"yoast_head":"<!-- This site is optimized with the Yoast SEO Premium plugin v23.0 (Yoast SEO v27.5) - https:\/\/yoast.com\/product\/yoast-seo-premium-wordpress\/ -->\n<title>Por decreto, la represa hidroel\u00e9ctrica N\u00e9stor Kirchner volver\u00e1 a llamarse C\u00f3ndor Cliff<\/title>\n<meta name=\"robots\" content=\"index, follow, max-snippet:-1, max-image-preview:large, max-video-preview:-1\" \/>\n<link rel=\"canonical\" href=\"https:\/\/patagoniambiental.com.ar\/info\/por-decreto-la-represa-hidroelectrica-nestor-kirchner-volvera-a-llamarse-condor-cliff\/\" \/>\n<meta property=\"og:locale\" content=\"es_ES\" \/>\n<meta property=\"og:type\" content=\"article\" \/>\n<meta property=\"og:title\" content=\"Por decreto, la represa hidroel\u00e9ctrica N\u00e9stor Kirchner volver\u00e1 a llamarse C\u00f3ndor Cliff\" \/>\n<meta property=\"og:description\" content=\"\u00a0Santa Cruz.-El Gobierno tambi\u00e9n le cambi\u00f3 la denominaci\u00f3n a la represa Jorge Cepernic por Barrancosa.\" \/>\n<meta property=\"og:url\" content=\"https:\/\/patagoniambiental.com.ar\/info\/por-decreto-la-represa-hidroelectrica-nestor-kirchner-volvera-a-llamarse-condor-cliff\/\" \/>\n<meta property=\"og:site_name\" content=\"Patagonia Ambiental\" \/>\n<meta property=\"article:publisher\" content=\"https:\/\/www.facebook.com\/patagonia.ambiental\" \/>\n<meta property=\"article:author\" content=\"https:\/\/www.facebook.com\/share\/1C1V8Gv9BX\/?mibextid=qi2Omg\" \/>\n<meta property=\"article:published_time\" content=\"2017-11-01T22:00:30+00:00\" \/>\n<meta property=\"og:image\" content=\"https:\/\/patagoniambiental.com.ar\/info\/wp-content\/uploads\/2017\/11\/image59f9ccc7722ed.jpg\" \/>\n\t<meta property=\"og:image:width\" content=\"899\" \/>\n\t<meta property=\"og:image:height\" content=\"506\" \/>\n\t<meta property=\"og:image:type\" content=\"image\/jpeg\" \/>\n<meta name=\"author\" content=\"Patagonia Ambiental\" \/>\n<meta name=\"twitter:card\" content=\"summary_large_image\" \/>\n<meta name=\"twitter:creator\" content=\"@PatAmb\" \/>\n<meta name=\"twitter:site\" content=\"@PatAmb\" \/>\n<script type=\"application\/ld+json\" class=\"yoast-schema-graph\">{\"@context\":\"https:\\\/\\\/schema.org\",\"@graph\":[{\"@type\":\"Article\",\"@id\":\"https:\\\/\\\/patagoniambiental.com.ar\\\/info\\\/por-decreto-la-represa-hidroelectrica-nestor-kirchner-volvera-a-llamarse-condor-cliff\\\/#article\",\"isPartOf\":{\"@id\":\"https:\\\/\\\/patagoniambiental.com.ar\\\/info\\\/por-decreto-la-represa-hidroelectrica-nestor-kirchner-volvera-a-llamarse-condor-cliff\\\/\"},\"author\":{\"name\":\"Patagonia Ambiental\",\"@id\":\"https:\\\/\\\/patagoniambiental.com.ar\\\/info\\\/#\\\/schema\\\/person\\\/db12bff64bbcbf6a253710bf0ea37b5d\"},\"headline\":\"Por decreto, la represa hidroel\u00e9ctrica N\u00e9stor Kirchner volver\u00e1 a llamarse C\u00f3ndor Cliff\",\"datePublished\":\"2017-11-01T22:00:30+00:00\",\"mainEntityOfPage\":{\"@id\":\"https:\\\/\\\/patagoniambiental.com.ar\\\/info\\\/por-decreto-la-represa-hidroelectrica-nestor-kirchner-volvera-a-llamarse-condor-cliff\\\/\"},\"wordCount\":932,\"commentCount\":0,\"publisher\":{\"@id\":\"https:\\\/\\\/patagoniambiental.com.ar\\\/info\\\/#organization\"},\"image\":{\"@id\":\"https:\\\/\\\/patagoniambiental.com.ar\\\/info\\\/por-decreto-la-represa-hidroelectrica-nestor-kirchner-volvera-a-llamarse-condor-cliff\\\/#primaryimage\"},\"thumbnailUrl\":\"https:\\\/\\\/patagoniambiental.com.ar\\\/info\\\/wp-content\\\/uploads\\\/2017\\\/11\\\/image59f9ccc7722ed.jpg\",\"articleSection\":[\"Noticias\",\"Provinciales\",\"Santa Cruz\"],\"inLanguage\":\"es\",\"potentialAction\":[{\"@type\":\"CommentAction\",\"name\":\"Comment\",\"target\":[\"https:\\\/\\\/patagoniambiental.com.ar\\\/info\\\/por-decreto-la-represa-hidroelectrica-nestor-kirchner-volvera-a-llamarse-condor-cliff\\\/#respond\"]}]},{\"@type\":\"WebPage\",\"@id\":\"https:\\\/\\\/patagoniambiental.com.ar\\\/info\\\/por-decreto-la-represa-hidroelectrica-nestor-kirchner-volvera-a-llamarse-condor-cliff\\\/\",\"url\":\"https:\\\/\\\/patagoniambiental.com.ar\\\/info\\\/por-decreto-la-represa-hidroelectrica-nestor-kirchner-volvera-a-llamarse-condor-cliff\\\/\",\"name\":\"Por decreto, la represa hidroel\u00e9ctrica N\u00e9stor Kirchner volver\u00e1 a llamarse C\u00f3ndor Cliff\",\"isPartOf\":{\"@id\":\"https:\\\/\\\/patagoniambiental.com.ar\\\/info\\\/#website\"},\"primaryImageOfPage\":{\"@id\":\"https:\\\/\\\/patagoniambiental.com.ar\\\/info\\\/por-decreto-la-represa-hidroelectrica-nestor-kirchner-volvera-a-llamarse-condor-cliff\\\/#primaryimage\"},\"image\":{\"@id\":\"https:\\\/\\\/patagoniambiental.com.ar\\\/info\\\/por-decreto-la-represa-hidroelectrica-nestor-kirchner-volvera-a-llamarse-condor-cliff\\\/#primaryimage\"},\"thumbnailUrl\":\"https:\\\/\\\/patagoniambiental.com.ar\\\/info\\\/wp-content\\\/uploads\\\/2017\\\/11\\\/image59f9ccc7722ed.jpg\",\"datePublished\":\"2017-11-01T22:00:30+00:00\",\"breadcrumb\":{\"@id\":\"https:\\\/\\\/patagoniambiental.com.ar\\\/info\\\/por-decreto-la-represa-hidroelectrica-nestor-kirchner-volvera-a-llamarse-condor-cliff\\\/#breadcrumb\"},\"inLanguage\":\"es\",\"potentialAction\":[{\"@type\":\"ReadAction\",\"target\":[\"https:\\\/\\\/patagoniambiental.com.ar\\\/info\\\/por-decreto-la-represa-hidroelectrica-nestor-kirchner-volvera-a-llamarse-condor-cliff\\\/\"]}]},{\"@type\":\"ImageObject\",\"inLanguage\":\"es\",\"@id\":\"https:\\\/\\\/patagoniambiental.com.ar\\\/info\\\/por-decreto-la-represa-hidroelectrica-nestor-kirchner-volvera-a-llamarse-condor-cliff\\\/#primaryimage\",\"url\":\"https:\\\/\\\/patagoniambiental.com.ar\\\/info\\\/wp-content\\\/uploads\\\/2017\\\/11\\\/image59f9ccc7722ed.jpg\",\"contentUrl\":\"https:\\\/\\\/patagoniambiental.com.ar\\\/info\\\/wp-content\\\/uploads\\\/2017\\\/11\\\/image59f9ccc7722ed.jpg\",\"width\":899,\"height\":506},{\"@type\":\"BreadcrumbList\",\"@id\":\"https:\\\/\\\/patagoniambiental.com.ar\\\/info\\\/por-decreto-la-represa-hidroelectrica-nestor-kirchner-volvera-a-llamarse-condor-cliff\\\/#breadcrumb\",\"itemListElement\":[{\"@type\":\"ListItem\",\"position\":1,\"name\":\"Inicio\",\"item\":\"https:\\\/\\\/patagoniambiental.com.ar\\\/info\\\/\"},{\"@type\":\"ListItem\",\"position\":2,\"name\":\"Por decreto, la represa hidroel\u00e9ctrica N\u00e9stor Kirchner volver\u00e1 a llamarse C\u00f3ndor Cliff\"}]},{\"@type\":\"WebSite\",\"@id\":\"https:\\\/\\\/patagoniambiental.com.ar\\\/info\\\/#website\",\"url\":\"https:\\\/\\\/patagoniambiental.com.ar\\\/info\\\/\",\"name\":\"Patagonia Ambiental\",\"description\":\"Monitoreo y an\u00e1lisis de la situaci\u00f3n geopol\u00edtica en el mundo y su implicancia en la Patagonia\",\"publisher\":{\"@id\":\"https:\\\/\\\/patagoniambiental.com.ar\\\/info\\\/#organization\"},\"potentialAction\":[{\"@type\":\"SearchAction\",\"target\":{\"@type\":\"EntryPoint\",\"urlTemplate\":\"https:\\\/\\\/patagoniambiental.com.ar\\\/info\\\/?s={search_term_string}\"},\"query-input\":{\"@type\":\"PropertyValueSpecification\",\"valueRequired\":true,\"valueName\":\"search_term_string\"}}],\"inLanguage\":\"es\"},{\"@type\":\"Organization\",\"@id\":\"https:\\\/\\\/patagoniambiental.com.ar\\\/info\\\/#organization\",\"name\":\"Patagonia Ambiental\",\"url\":\"https:\\\/\\\/patagoniambiental.com.ar\\\/info\\\/\",\"logo\":{\"@type\":\"ImageObject\",\"inLanguage\":\"es\",\"@id\":\"https:\\\/\\\/patagoniambiental.com.ar\\\/info\\\/#\\\/schema\\\/logo\\\/image\\\/\",\"url\":\"https:\\\/\\\/patagoniambiental.com.ar\\\/info\\\/wp-content\\\/uploads\\\/2025\\\/05\\\/LOGO-PATAGONIA-AMBIENTAL.png\",\"contentUrl\":\"https:\\\/\\\/patagoniambiental.com.ar\\\/info\\\/wp-content\\\/uploads\\\/2025\\\/05\\\/LOGO-PATAGONIA-AMBIENTAL.png\",\"width\":433,\"height\":250,\"caption\":\"Patagonia Ambiental\"},\"image\":{\"@id\":\"https:\\\/\\\/patagoniambiental.com.ar\\\/info\\\/#\\\/schema\\\/logo\\\/image\\\/\"},\"sameAs\":[\"https:\\\/\\\/www.facebook.com\\\/patagonia.ambiental\",\"https:\\\/\\\/x.com\\\/PatAmb\"]},{\"@type\":\"Person\",\"@id\":\"https:\\\/\\\/patagoniambiental.com.ar\\\/info\\\/#\\\/schema\\\/person\\\/db12bff64bbcbf6a253710bf0ea37b5d\",\"name\":\"Patagonia Ambiental\",\"description\":\"Andr\u00e9s Nievas T\u00e9cnico en manejo ambiental, consultor Ambiental y escritor para medios locales e internacionales sobre temas de geopolitica y medio ambiente.\",\"sameAs\":[\"http:\\\/\\\/www.patagoniambiental.com.ar\",\"https:\\\/\\\/www.facebook.com\\\/share\\\/1C1V8Gv9BX\\\/?mibextid=qi2Omg\",\"@patagoniambiental\",\"https:\\\/\\\/youtube.com\\\/@patagoniaambiental2023?si=BLt58t0wuXquxlYZ\"]}]}<\/script>\n<!-- \/ Yoast SEO Premium plugin. -->","yoast_head_json":{"title":"Por decreto, la represa hidroel\u00e9ctrica N\u00e9stor Kirchner volver\u00e1 a llamarse C\u00f3ndor Cliff","robots":{"index":"index","follow":"follow","max-snippet":"max-snippet:-1","max-image-preview":"max-image-preview:large","max-video-preview":"max-video-preview:-1"},"canonical":"https:\/\/patagoniambiental.com.ar\/info\/por-decreto-la-represa-hidroelectrica-nestor-kirchner-volvera-a-llamarse-condor-cliff\/","og_locale":"es_ES","og_type":"article","og_title":"Por decreto, la represa hidroel\u00e9ctrica N\u00e9stor Kirchner volver\u00e1 a llamarse C\u00f3ndor Cliff","og_description":"\u00a0Santa Cruz.-El Gobierno tambi\u00e9n le cambi\u00f3 la denominaci\u00f3n a la represa Jorge Cepernic por Barrancosa.","og_url":"https:\/\/patagoniambiental.com.ar\/info\/por-decreto-la-represa-hidroelectrica-nestor-kirchner-volvera-a-llamarse-condor-cliff\/","og_site_name":"Patagonia Ambiental","article_publisher":"https:\/\/www.facebook.com\/patagonia.ambiental","article_author":"https:\/\/www.facebook.com\/share\/1C1V8Gv9BX\/?mibextid=qi2Omg","article_published_time":"2017-11-01T22:00:30+00:00","og_image":[{"width":899,"height":506,"url":"https:\/\/patagoniambiental.com.ar\/info\/wp-content\/uploads\/2017\/11\/image59f9ccc7722ed.jpg","type":"image\/jpeg"}],"author":"Patagonia Ambiental","twitter_card":"summary_large_image","twitter_creator":"@PatAmb","twitter_site":"@PatAmb","schema":{"@context":"https:\/\/schema.org","@graph":[{"@type":"Article","@id":"https:\/\/patagoniambiental.com.ar\/info\/por-decreto-la-represa-hidroelectrica-nestor-kirchner-volvera-a-llamarse-condor-cliff\/#article","isPartOf":{"@id":"https:\/\/patagoniambiental.com.ar\/info\/por-decreto-la-represa-hidroelectrica-nestor-kirchner-volvera-a-llamarse-condor-cliff\/"},"author":{"name":"Patagonia Ambiental","@id":"https:\/\/patagoniambiental.com.ar\/info\/#\/schema\/person\/db12bff64bbcbf6a253710bf0ea37b5d"},"headline":"Por decreto, la represa hidroel\u00e9ctrica N\u00e9stor Kirchner volver\u00e1 a llamarse C\u00f3ndor Cliff","datePublished":"2017-11-01T22:00:30+00:00","mainEntityOfPage":{"@id":"https:\/\/patagoniambiental.com.ar\/info\/por-decreto-la-represa-hidroelectrica-nestor-kirchner-volvera-a-llamarse-condor-cliff\/"},"wordCount":932,"commentCount":0,"publisher":{"@id":"https:\/\/patagoniambiental.com.ar\/info\/#organization"},"image":{"@id":"https:\/\/patagoniambiental.com.ar\/info\/por-decreto-la-represa-hidroelectrica-nestor-kirchner-volvera-a-llamarse-condor-cliff\/#primaryimage"},"thumbnailUrl":"https:\/\/patagoniambiental.com.ar\/info\/wp-content\/uploads\/2017\/11\/image59f9ccc7722ed.jpg","articleSection":["Noticias","Provinciales","Santa Cruz"],"inLanguage":"es","potentialAction":[{"@type":"CommentAction","name":"Comment","target":["https:\/\/patagoniambiental.com.ar\/info\/por-decreto-la-represa-hidroelectrica-nestor-kirchner-volvera-a-llamarse-condor-cliff\/#respond"]}]},{"@type":"WebPage","@id":"https:\/\/patagoniambiental.com.ar\/info\/por-decreto-la-represa-hidroelectrica-nestor-kirchner-volvera-a-llamarse-condor-cliff\/","url":"https:\/\/patagoniambiental.com.ar\/info\/por-decreto-la-represa-hidroelectrica-nestor-kirchner-volvera-a-llamarse-condor-cliff\/","name":"Por decreto, la represa hidroel\u00e9ctrica N\u00e9stor Kirchner volver\u00e1 a llamarse C\u00f3ndor Cliff","isPartOf":{"@id":"https:\/\/patagoniambiental.com.ar\/info\/#website"},"primaryImageOfPage":{"@id":"https:\/\/patagoniambiental.com.ar\/info\/por-decreto-la-represa-hidroelectrica-nestor-kirchner-volvera-a-llamarse-condor-cliff\/#primaryimage"},"image":{"@id":"https:\/\/patagoniambiental.com.ar\/info\/por-decreto-la-represa-hidroelectrica-nestor-kirchner-volvera-a-llamarse-condor-cliff\/#primaryimage"},"thumbnailUrl":"https:\/\/patagoniambiental.com.ar\/info\/wp-content\/uploads\/2017\/11\/image59f9ccc7722ed.jpg","datePublished":"2017-11-01T22:00:30+00:00","breadcrumb":{"@id":"https:\/\/patagoniambiental.com.ar\/info\/por-decreto-la-represa-hidroelectrica-nestor-kirchner-volvera-a-llamarse-condor-cliff\/#breadcrumb"},"inLanguage":"es","potentialAction":[{"@type":"ReadAction","target":["https:\/\/patagoniambiental.com.ar\/info\/por-decreto-la-represa-hidroelectrica-nestor-kirchner-volvera-a-llamarse-condor-cliff\/"]}]},{"@type":"ImageObject","inLanguage":"es","@id":"https:\/\/patagoniambiental.com.ar\/info\/por-decreto-la-represa-hidroelectrica-nestor-kirchner-volvera-a-llamarse-condor-cliff\/#primaryimage","url":"https:\/\/patagoniambiental.com.ar\/info\/wp-content\/uploads\/2017\/11\/image59f9ccc7722ed.jpg","contentUrl":"https:\/\/patagoniambiental.com.ar\/info\/wp-content\/uploads\/2017\/11\/image59f9ccc7722ed.jpg","width":899,"height":506},{"@type":"BreadcrumbList","@id":"https:\/\/patagoniambiental.com.ar\/info\/por-decreto-la-represa-hidroelectrica-nestor-kirchner-volvera-a-llamarse-condor-cliff\/#breadcrumb","itemListElement":[{"@type":"ListItem","position":1,"name":"Inicio","item":"https:\/\/patagoniambiental.com.ar\/info\/"},{"@type":"ListItem","position":2,"name":"Por decreto, la represa hidroel\u00e9ctrica N\u00e9stor Kirchner volver\u00e1 a llamarse C\u00f3ndor Cliff"}]},{"@type":"WebSite","@id":"https:\/\/patagoniambiental.com.ar\/info\/#website","url":"https:\/\/patagoniambiental.com.ar\/info\/","name":"Patagonia Ambiental","description":"Monitoreo y an\u00e1lisis de la situaci\u00f3n geopol\u00edtica en el mundo y su implicancia en la Patagonia","publisher":{"@id":"https:\/\/patagoniambiental.com.ar\/info\/#organization"},"potentialAction":[{"@type":"SearchAction","target":{"@type":"EntryPoint","urlTemplate":"https:\/\/patagoniambiental.com.ar\/info\/?s={search_term_string}"},"query-input":{"@type":"PropertyValueSpecification","valueRequired":true,"valueName":"search_term_string"}}],"inLanguage":"es"},{"@type":"Organization","@id":"https:\/\/patagoniambiental.com.ar\/info\/#organization","name":"Patagonia Ambiental","url":"https:\/\/patagoniambiental.com.ar\/info\/","logo":{"@type":"ImageObject","inLanguage":"es","@id":"https:\/\/patagoniambiental.com.ar\/info\/#\/schema\/logo\/image\/","url":"https:\/\/patagoniambiental.com.ar\/info\/wp-content\/uploads\/2025\/05\/LOGO-PATAGONIA-AMBIENTAL.png","contentUrl":"https:\/\/patagoniambiental.com.ar\/info\/wp-content\/uploads\/2025\/05\/LOGO-PATAGONIA-AMBIENTAL.png","width":433,"height":250,"caption":"Patagonia Ambiental"},"image":{"@id":"https:\/\/patagoniambiental.com.ar\/info\/#\/schema\/logo\/image\/"},"sameAs":["https:\/\/www.facebook.com\/patagonia.ambiental","https:\/\/x.com\/PatAmb"]},{"@type":"Person","@id":"https:\/\/patagoniambiental.com.ar\/info\/#\/schema\/person\/db12bff64bbcbf6a253710bf0ea37b5d","name":"Patagonia Ambiental","description":"Andr\u00e9s Nievas T\u00e9cnico en manejo ambiental, consultor Ambiental y escritor para medios locales e internacionales sobre temas de geopolitica y medio ambiente.","sameAs":["http:\/\/www.patagoniambiental.com.ar","https:\/\/www.facebook.com\/share\/1C1V8Gv9BX\/?mibextid=qi2Omg","@patagoniambiental","https:\/\/youtube.com\/@patagoniaambiental2023?si=BLt58t0wuXquxlYZ"]}]}},"_links":{"self":[{"href":"https:\/\/patagoniambiental.com.ar\/info\/wp-json\/wp\/v2\/posts\/37457","targetHints":{"allow":["GET"]}}],"collection":[{"href":"https:\/\/patagoniambiental.com.ar\/info\/wp-json\/wp\/v2\/posts"}],"about":[{"href":"https:\/\/patagoniambiental.com.ar\/info\/wp-json\/wp\/v2\/types\/post"}],"author":[{"embeddable":true,"href":"https:\/\/patagoniambiental.com.ar\/info\/wp-json\/wp\/v2\/users\/2"}],"replies":[{"embeddable":true,"href":"https:\/\/patagoniambiental.com.ar\/info\/wp-json\/wp\/v2\/comments?post=37457"}],"version-history":[{"count":0,"href":"https:\/\/patagoniambiental.com.ar\/info\/wp-json\/wp\/v2\/posts\/37457\/revisions"}],"wp:featuredmedia":[{"embeddable":true,"href":"https:\/\/patagoniambiental.com.ar\/info\/wp-json\/wp\/v2\/media\/37458"}],"wp:attachment":[{"href":"https:\/\/patagoniambiental.com.ar\/info\/wp-json\/wp\/v2\/media?parent=37457"}],"wp:term":[{"taxonomy":"category","embeddable":true,"href":"https:\/\/patagoniambiental.com.ar\/info\/wp-json\/wp\/v2\/categories?post=37457"},{"taxonomy":"post_tag","embeddable":true,"href":"https:\/\/patagoniambiental.com.ar\/info\/wp-json\/wp\/v2\/tags?post=37457"}],"curies":[{"name":"wp","href":"https:\/\/api.w.org\/{rel}","templated":true}]}}