{"id":37461,"date":"2017-11-03T09:00:20","date_gmt":"2017-11-03T12:00:20","guid":{"rendered":"http:\/\/patagoniambiental.com.ar\/info\/?p=37461"},"modified":"2017-11-01T13:20:50","modified_gmt":"2017-11-01T16:20:50","slug":"una-ong-de-ladrillos-pet-competira-en-una-final-de-google","status":"publish","type":"post","link":"https:\/\/patagoniambiental.com.ar\/info\/una-ong-de-ladrillos-pet-competira-en-una-final-de-google\/","title":{"rendered":"Una ONG de ladrillos PET competir\u00e1 en una final de Google"},"content":{"rendered":"<div class=\"content_single\">\n<p><strong>Mexico.-La Fundaci\u00f3n EcoInclusi\u00f3n, una organizaci\u00f3n argentina que fabrica ladrillos PET, representar\u00e1 a Argentina en la final regional del Desaf\u00edo Google.org que se\u00a0realizar\u00e1 en la Ciudad de M\u00e9xico el pr\u00f3ximo 16 de noviembre. <\/strong><\/p>\n<p><!--more--><\/p>\n<p><strong>El concurso premia proyectos de innovaci\u00f3n con impacto social.\u00a0<\/strong><\/p>\n<p><img fetchpriority=\"high\" decoding=\"async\" class=\"alignleft wp-image-40720 size-medium\" src=\"http:\/\/portinos.com\/wp-content\/uploads\/2017\/11\/la-fundacion-ecoinclusion-representara-a-la-argentina-en-la-final-del-desafio-googleorg-555x416.jpg\" alt=\"DCIM100GOPROGOPR1467.\" width=\"555\" height=\"416\" \/><\/p>\n<p>La\u00a0<a href=\"http:\/\/ecoinclusion.com.ar\/\" target=\"_blank\" rel=\"noopener\">Fundaci\u00f3n EcoInclusi\u00f3n<\/a>\u00a0fue seleccionada entre\u00a0<strong>las tres ganadoras nacionales<\/strong>\u00a0del\u00a0<a href=\"https:\/\/desafio2017.withgoogle.com\/latam\" target=\"_blank\" rel=\"noopener\">Desaf\u00edo Google.org<\/a>, junto con\u00a0<a href=\"https:\/\/desafio2017.withgoogle.com\/latam\/charity\/seaac\" target=\"_blank\" rel=\"noopener\">Se\u00f1as en Acci\u00f3n<\/a>\u00a0y\u00a0<a href=\"https:\/\/desafio2017.withgoogle.com\/latam\/charity\/nilus\" target=\"_blank\" rel=\"noopener\">Nilus<\/a>, acreedoras a\u00a0<strong>350 mil d\u00f3lares<\/strong>\u00a0cada una, para hacer\u00a0<strong>realidad sus proyectos<\/strong>\u00a0de innovaci\u00f3n con impacto social.<\/p>\n<p>Gracias al\u00a0<strong>voto del p\u00fablico<\/strong>,\u00a0la fundaci\u00f3n nacional\u00a0<strong>competir\u00e1 para ganar<\/strong>\u00a0un premio\u00a0<strong>adicional de 250 mil d\u00f3lares<\/strong>\u00a0para el primer lugar,\u00a0<strong>150 mil para el segundo<\/strong>\u00a0y\u00a0<strong>100 mil<\/strong>\u00a0para el tercero. En total, los\u00a0<strong>proyectos de los 5 pa\u00edses<\/strong>, obtuvieron\u00a0<strong>m\u00e1s de 700.000 votos<\/strong>.<\/p>\n<p>EcoInclusi\u00f3n, fabrica\u00a0<strong>ladrillos ecol\u00f3gicos<\/strong>\u00a0de bajo costo hechos a\u00a0<strong>partir de pl\u00e1stico reciclado<\/strong>\u00a0con tecnolog\u00eda del\u00a0<a href=\"http:\/\/www.ceve.org.ar\/\" target=\"_blank\" rel=\"noopener\">Centro Experimental de la Vivienda Econ\u00f3mica<\/a>\u00a0(CEVE) del\u00a0<a href=\"http:\/\/www.conicet.gov.ar\/\" target=\"_blank\" rel=\"noopener\">Consejo Nacional de Investigaciones Cient\u00edficas y T\u00e9cnicas<\/a>\u00a0(CONICET). Proponen as\u00ed una\u00a0<strong>soluci\u00f3n a un problem\u00e1tica<\/strong>\u00a0de\u00a0<strong>medio ambiente<\/strong>\u00a0y al mismo tiempo\u00a0<strong>mejoran la calidad de vivienda<\/strong>\u00a0de personas con bajos recursos.<\/p>\n<p>La\u00a0<strong>primera<\/strong>\u00a0edici\u00f3n del<strong>\u00a0Desaf\u00edo Google.org<\/strong>\u00a0se organiz\u00f3 en\u00a0<strong>2012<\/strong>\u00a0para apoyar a organizaciones<strong>\u00a0sin fines de lucro<\/strong>\u00a0que utilizan la tecnolog\u00eda para\u00a0<strong>generar un impacto positivo<\/strong>\u00a0en su comunidad. Desde entonces\u00a0<strong>ha sido implementado<\/strong>\u00a0en Alemania, Australia, Brasil, Canad\u00e1, Corea del Sur, Estados Unidos, Francia, Jap\u00f3n y el Reino Unido.<\/p>\n<p>La edici\u00f3n de 2017 es\u00a0<strong>la primera en ser lanzada a nivel regional<\/strong>, involucrando a varios pa\u00edses y destinando\u00a0<strong>la mayor cantidad de fondos<\/strong>\u00a0donados en la\u00a0<strong>historia del Desaf\u00edo<\/strong>\u00a0(US$ 5.7 millones).<\/p>\n<p><iframe src=\"https:\/\/www.youtube.com\/embed\/qUMiumBW1h4\" width=\"560\" height=\"315\" frameborder=\"0\" allowfullscreen=\"allowfullscreen\" data-mce-fragment=\"1\"><\/iframe><\/p>\n<p>El jurado evaluar\u00e1 las ideas teniendo en cuenta su\u00a0<strong>impacto social, su grado de innovaci\u00f3n<\/strong>, su factibilidad t\u00e9cnica de realizaci\u00f3n y su\u00a0<strong>escalabilidad.\u00a0<\/strong>En este sentido, los otros\u00a0<strong>participantes<\/strong>\u00a0de la\u00a0<strong>final regional<\/strong>\u00a0son:<\/p>\n<p><strong><a href=\"https:\/\/desafio2017.withgoogle.com\/latam\/charity\/pacc\" target=\"_blank\" rel=\"noopener\">Patrulla A\u00e9rea Civil Colombiana<\/a>\u00a0\u2013 Colombia<\/strong><\/p>\n<p><iframe src=\"https:\/\/www.youtube.com\/embed\/uksyPuU7Xhw\" width=\"560\" height=\"315\" frameborder=\"0\" allowfullscreen=\"allowfullscreen\" data-mce-fragment=\"1\"><\/iframe><\/p>\n<p>Casi\u00a0<strong>2 millones<\/strong>\u00a0de personas en Colombia\u00a0viven en\u00a0<strong>zonas remotas<\/strong>\u00a0y no tienen acceso a la\u00a0<strong>atenci\u00f3n m\u00e9dica<\/strong>necesaria. La\u00a0<strong>Patrulla A\u00e9rea Civil Colombiana<\/strong>\u00a0brinda servicios de salud a poblaciones de\u00a0<strong>dif\u00edcil acceso geogr\u00e1fico<\/strong>.<\/p>\n<p>Gracias a esta iniciativa, incorporar\u00e1 un\u00a0<strong>software con historial m\u00e9dico<\/strong>\u00a0y una infraestructura\u00a0<strong>m\u00f3vil autosuficiente<\/strong>\u00a0(un hospital de campa\u00f1a con tecnolog\u00eda m\u00e9dica novedosa), que llegar\u00e1 a las\u00a0<strong>zonas m\u00e1s alejadas<\/strong>, para que miles de personas\u00a0<strong>comiencen a recibir los tratamientos<\/strong>\u00a0m\u00e9dicos y\u00a0<strong>quir\u00fargicos<\/strong>\u00a0que necesitan.<\/p>\n<p><strong><a href=\"http:\/\/sinfronteras.org.mx\/\" target=\"_blank\" rel=\"noopener\">Sin Fronteras<\/a>\u00a0\u2013 M\u00e9xico\u00a0<\/strong><\/p>\n<p><iframe src=\"https:\/\/www.youtube.com\/embed\/MscPJjkLVb0\" width=\"560\" height=\"315\" frameborder=\"0\" allowfullscreen=\"allowfullscreen\" data-mce-fragment=\"1\"><\/iframe><br \/>\nCada a\u00f1o, ingresan a M\u00e9xico\u00a0<strong>unas 400.000 personas migrantes<\/strong>, refugiadas y solicitantes de asilo, que sufren\u00a0<strong>graves violaciones<\/strong>\u00a0de sus derechos humanos.<\/p>\n<p>La plataforma\u00a0<strong>Contigo Sin Fronteras<\/strong>\u00a0fue ideada para\u00a0<strong>prevenir y evitar estas situaciones<\/strong>\u00a0mediante informaci\u00f3n clave e inmediata. Una base de\u00a0<strong>datos disponible en tiempo real<\/strong>, seg\u00fan la posici\u00f3n geogr\u00e1fica del usuario,\u00a0permitir\u00e1 facilitar\u00a0<strong>los recursos y la atenci\u00f3n personalizada<\/strong>\u00a0en l\u00ednea.<\/p>\n<p><a href=\"http:\/\/www.lossinagua.org\/\" target=\"_blank\" rel=\"noopener\"><strong>Movimiento Peruanos Sin Agua \u2013 Per\u00fa\u00a0<\/strong><\/a><\/p>\n<p><iframe src=\"https:\/\/www.youtube.com\/embed\/vMwaSc4MRRY\" width=\"560\" height=\"315\" frameborder=\"0\" allowfullscreen=\"allowfullscreen\" data-mce-fragment=\"1\"><\/iframe><\/p>\n<p>3.8\u00a0<strong>millones de peruanos y peruanas<\/strong>\u00a0sufren la falta de\u00a0<strong>acceso al agua potable<\/strong>\u00a0y no pueden cubrir sus\u00a0<strong>necesidades b\u00e1sicas de consumo<\/strong>, ni disponer de ella para\u00a0<strong>uso agr\u00edcola<\/strong>\u00a0o crianza de animales.<\/p>\n<p>El\u00a0<strong>Movimiento Peruanos Sin Agua<\/strong>\u00a0es un sistema integral de\u00a0<strong>captaci\u00f3n de agua de niebla<\/strong>\u00a0y aguas subterr\u00e1neas, \u00fanico por\u00a0<strong>sus bajos costos<\/strong>\u00a0y por permitir\u00a0<strong>a toda la comunidad<\/strong>\u00a0el acceso a este recurso para<strong>consumo, desarrollo de agricultura org\u00e1nica<\/strong>, crianza de animales menores y\u00a0<strong>disminuci\u00f3n de la desnutrici\u00f3n<\/strong>.<\/p>\n<p><strong><a href=\"http:\/\/web.redalimentos.cl\/\" target=\"_blank\" rel=\"noopener\">Corporaci\u00f3n Red de Alimentos<\/a>\u00a0\u2013 Chile<\/strong><\/p>\n<p><iframe src=\"https:\/\/www.youtube.com\/embed\/R6tHjtQ_Zb0\" width=\"560\" height=\"315\" frameborder=\"0\" allowfullscreen=\"allowfullscreen\" data-mce-fragment=\"1\"><\/iframe><\/p>\n<p>En Chile,\u00a0<strong>m\u00e1s de 2 millones de personas<\/strong>\u00a0viven en situaci\u00f3n de marginalidad. Al mismo tiempo, se\u00a0<strong>desechan millones de kilos de comida<\/strong>\u00a0en buen estado por a\u00f1o, lo que adem\u00e1s genera un\u00a0<strong>impacto negativo<\/strong>\u00a0en el medioambiente. El\u00a0<strong>Banco Virtual de Red de Alimentos<\/strong>\u00a0aumentar\u00e1 el rescate de alimentos que actualmente se\u00a0<strong>desechan<\/strong>, para distribuirlos entre\u00a0<strong>las organizaciones sociales<\/strong>\u00a0que ayudan a las personas con\u00a0<strong>menores recursos<\/strong>.<\/p>\n<p>Mediante el uso de\u00a0<strong>una aplicaci\u00f3n web y m\u00f3vil<\/strong>\u00a0se conectar\u00e1\u00a0<strong>directamente y en tiempo real<\/strong>\u00a0al donante de alimentos con las\u00a0<strong>organizaciones sociales<\/strong>\u00a0para entregar la comida en forma\u00a0<strong>eficiente y sustentable<\/strong>.<\/p>\n<p><strong>Para conocer a las organizaciones que llegaron a las finales nacionales de cada uno de estos pa\u00edses, visit\u00e1\u00a0<a href=\"https:\/\/desafio2017.withgoogle.com\/latam\" target=\"_blank\" rel=\"noopener\">la p\u00e1gina oficial del concurso<\/a>.<\/strong><\/p>\n<p><strong>Fuente:\u00a0<a href=\"http:\/\/www.mincyt.gob.ar\/noticias\/la-fundacion-ecoinclusion-representara-a-la-argentina-en-la-final-del-desafio-googleorg-13219\" target=\"_blank\" rel=\"noopener\">Mincyt<\/a>\u00a0y\u00a0<a href=\"https:\/\/desafio2017.withgoogle.com\/latam\" target=\"_blank\" rel=\"noopener\">Desafio Google.Org<\/a><\/strong><\/p>\n<\/div>\n","protected":false},"excerpt":{"rendered":"<p>Mexico.-La Fundaci\u00f3n EcoInclusi\u00f3n, una organizaci\u00f3n argentina que fabrica ladrillos PET, representar\u00e1 a Argentina en la final regional del Desaf\u00edo Google.org [&hellip;]<\/p>\n","protected":false},"author":2,"featured_media":37462,"comment_status":"open","ping_status":"open","sticky":false,"template":"","format":"standard","meta":{"site-sidebar-layout":"default","site-content-layout":"","ast-site-content-layout":"default","site-content-style":"default","site-sidebar-style":"default","ast-global-header-display":"","ast-banner-title-visibility":"","ast-main-header-display":"","ast-hfb-above-header-display":"","ast-hfb-below-header-display":"","ast-hfb-mobile-header-display":"","site-post-title":"","ast-breadcrumbs-content":"","ast-featured-img":"","footer-sml-layout":"","ast-disable-related-posts":"","theme-transparent-header-meta":"","adv-header-id-meta":"","stick-header-meta":"","header-above-stick-meta":"","header-main-stick-meta":"","header-below-stick-meta":"","astra-migrate-meta-layouts":"default","ast-page-background-enabled":"default","ast-page-background-meta":{"desktop":{"background-color":"var(--ast-global-color-5)","background-image":"","background-repeat":"repeat","background-position":"center center","background-size":"auto","background-attachment":"scroll","background-type":"","background-media":"","overlay-type":"","overlay-color":"","overlay-opacity":"","overlay-gradient":""},"tablet":{"background-color":"","background-image":"","background-repeat":"repeat","background-position":"center center","background-size":"auto","background-attachment":"scroll","background-type":"","background-media":"","overlay-type":"","overlay-color":"","overlay-opacity":"","overlay-gradient":""},"mobile":{"background-color":"","background-image":"","background-repeat":"repeat","background-position":"center center","background-size":"auto","background-attachment":"scroll","background-type":"","background-media":"","overlay-type":"","overlay-color":"","overlay-opacity":"","overlay-gradient":""}},"ast-content-background-meta":{"desktop":{"background-color":"var(--ast-global-color-4)","background-image":"","background-repeat":"repeat","background-position":"center center","background-size":"auto","background-attachment":"scroll","background-type":"","background-media":"","overlay-type":"","overlay-color":"","overlay-opacity":"","overlay-gradient":""},"tablet":{"background-color":"var(--ast-global-color-4)","background-image":"","background-repeat":"repeat","background-position":"center center","background-size":"auto","background-attachment":"scroll","background-type":"","background-media":"","overlay-type":"","overlay-color":"","overlay-opacity":"","overlay-gradient":""},"mobile":{"background-color":"var(--ast-global-color-4)","background-image":"","background-repeat":"repeat","background-position":"center center","background-size":"auto","background-attachment":"scroll","background-type":"","background-media":"","overlay-type":"","overlay-color":"","overlay-opacity":"","overlay-gradient":""}},"footnotes":""},"categories":[23,1,3],"tags":[],"class_list":["post-37461","post","type-post","status-publish","format-standard","has-post-thumbnail","hentry","category-internacionales","category-noticias","category-ong"],"yoast_head":"<!-- This site is optimized with the Yoast SEO Premium plugin v23.0 (Yoast SEO v27.4) - https:\/\/yoast.com\/product\/yoast-seo-premium-wordpress\/ -->\n<title>Una ONG de ladrillos PET competir\u00e1 en una final de Google<\/title>\n<meta name=\"robots\" content=\"index, follow, max-snippet:-1, max-image-preview:large, max-video-preview:-1\" \/>\n<link rel=\"canonical\" href=\"https:\/\/patagoniambiental.com.ar\/info\/una-ong-de-ladrillos-pet-competira-en-una-final-de-google\/\" \/>\n<meta property=\"og:locale\" content=\"es_ES\" \/>\n<meta property=\"og:type\" content=\"article\" \/>\n<meta property=\"og:title\" content=\"Una ONG de ladrillos PET competir\u00e1 en una final de Google\" \/>\n<meta property=\"og:description\" content=\"Mexico.-La Fundaci\u00f3n EcoInclusi\u00f3n, una organizaci\u00f3n argentina que fabrica ladrillos PET, representar\u00e1 a Argentina en la final regional del Desaf\u00edo Google.org [&hellip;]\" \/>\n<meta property=\"og:url\" content=\"https:\/\/patagoniambiental.com.ar\/info\/una-ong-de-ladrillos-pet-competira-en-una-final-de-google\/\" \/>\n<meta property=\"og:site_name\" content=\"Patagonia Ambiental\" \/>\n<meta property=\"article:publisher\" content=\"https:\/\/www.facebook.com\/patagonia.ambiental\" \/>\n<meta property=\"article:author\" content=\"https:\/\/www.facebook.com\/share\/1C1V8Gv9BX\/?mibextid=qi2Omg\" \/>\n<meta property=\"article:published_time\" content=\"2017-11-03T12:00:20+00:00\" \/>\n<meta property=\"og:image\" content=\"https:\/\/patagoniambiental.com.ar\/info\/wp-content\/uploads\/2017\/11\/la-fundacion-ecoinclusion-representara-a-la-argentina-en-la-final-del-desafio-googleorg-555x416.jpg\" \/>\n\t<meta property=\"og:image:width\" content=\"555\" \/>\n\t<meta property=\"og:image:height\" content=\"416\" \/>\n\t<meta property=\"og:image:type\" content=\"image\/jpeg\" \/>\n<meta name=\"author\" content=\"Patagonia Ambiental\" \/>\n<meta name=\"twitter:card\" content=\"summary_large_image\" \/>\n<meta name=\"twitter:creator\" content=\"@PatAmb\" \/>\n<meta name=\"twitter:site\" content=\"@PatAmb\" \/>\n<script type=\"application\/ld+json\" class=\"yoast-schema-graph\">{\"@context\":\"https:\\\/\\\/schema.org\",\"@graph\":[{\"@type\":\"Article\",\"@id\":\"https:\\\/\\\/patagoniambiental.com.ar\\\/info\\\/una-ong-de-ladrillos-pet-competira-en-una-final-de-google\\\/#article\",\"isPartOf\":{\"@id\":\"https:\\\/\\\/patagoniambiental.com.ar\\\/info\\\/una-ong-de-ladrillos-pet-competira-en-una-final-de-google\\\/\"},\"author\":{\"name\":\"Patagonia Ambiental\",\"@id\":\"https:\\\/\\\/patagoniambiental.com.ar\\\/info\\\/#\\\/schema\\\/person\\\/db12bff64bbcbf6a253710bf0ea37b5d\"},\"headline\":\"Una ONG de ladrillos PET competir\u00e1 en una final de Google\",\"datePublished\":\"2017-11-03T12:00:20+00:00\",\"mainEntityOfPage\":{\"@id\":\"https:\\\/\\\/patagoniambiental.com.ar\\\/info\\\/una-ong-de-ladrillos-pet-competira-en-una-final-de-google\\\/\"},\"wordCount\":751,\"commentCount\":0,\"publisher\":{\"@id\":\"https:\\\/\\\/patagoniambiental.com.ar\\\/info\\\/#organization\"},\"image\":{\"@id\":\"https:\\\/\\\/patagoniambiental.com.ar\\\/info\\\/una-ong-de-ladrillos-pet-competira-en-una-final-de-google\\\/#primaryimage\"},\"thumbnailUrl\":\"https:\\\/\\\/patagoniambiental.com.ar\\\/info\\\/wp-content\\\/uploads\\\/2017\\\/11\\\/la-fundacion-ecoinclusion-representara-a-la-argentina-en-la-final-del-desafio-googleorg-555x416.jpg\",\"articleSection\":[\"Internacionales\",\"Noticias\",\"ONG\"],\"inLanguage\":\"es\",\"potentialAction\":[{\"@type\":\"CommentAction\",\"name\":\"Comment\",\"target\":[\"https:\\\/\\\/patagoniambiental.com.ar\\\/info\\\/una-ong-de-ladrillos-pet-competira-en-una-final-de-google\\\/#respond\"]}]},{\"@type\":\"WebPage\",\"@id\":\"https:\\\/\\\/patagoniambiental.com.ar\\\/info\\\/una-ong-de-ladrillos-pet-competira-en-una-final-de-google\\\/\",\"url\":\"https:\\\/\\\/patagoniambiental.com.ar\\\/info\\\/una-ong-de-ladrillos-pet-competira-en-una-final-de-google\\\/\",\"name\":\"Una ONG de ladrillos PET competir\u00e1 en una final de Google\",\"isPartOf\":{\"@id\":\"https:\\\/\\\/patagoniambiental.com.ar\\\/info\\\/#website\"},\"primaryImageOfPage\":{\"@id\":\"https:\\\/\\\/patagoniambiental.com.ar\\\/info\\\/una-ong-de-ladrillos-pet-competira-en-una-final-de-google\\\/#primaryimage\"},\"image\":{\"@id\":\"https:\\\/\\\/patagoniambiental.com.ar\\\/info\\\/una-ong-de-ladrillos-pet-competira-en-una-final-de-google\\\/#primaryimage\"},\"thumbnailUrl\":\"https:\\\/\\\/patagoniambiental.com.ar\\\/info\\\/wp-content\\\/uploads\\\/2017\\\/11\\\/la-fundacion-ecoinclusion-representara-a-la-argentina-en-la-final-del-desafio-googleorg-555x416.jpg\",\"datePublished\":\"2017-11-03T12:00:20+00:00\",\"breadcrumb\":{\"@id\":\"https:\\\/\\\/patagoniambiental.com.ar\\\/info\\\/una-ong-de-ladrillos-pet-competira-en-una-final-de-google\\\/#breadcrumb\"},\"inLanguage\":\"es\",\"potentialAction\":[{\"@type\":\"ReadAction\",\"target\":[\"https:\\\/\\\/patagoniambiental.com.ar\\\/info\\\/una-ong-de-ladrillos-pet-competira-en-una-final-de-google\\\/\"]}]},{\"@type\":\"ImageObject\",\"inLanguage\":\"es\",\"@id\":\"https:\\\/\\\/patagoniambiental.com.ar\\\/info\\\/una-ong-de-ladrillos-pet-competira-en-una-final-de-google\\\/#primaryimage\",\"url\":\"https:\\\/\\\/patagoniambiental.com.ar\\\/info\\\/wp-content\\\/uploads\\\/2017\\\/11\\\/la-fundacion-ecoinclusion-representara-a-la-argentina-en-la-final-del-desafio-googleorg-555x416.jpg\",\"contentUrl\":\"https:\\\/\\\/patagoniambiental.com.ar\\\/info\\\/wp-content\\\/uploads\\\/2017\\\/11\\\/la-fundacion-ecoinclusion-representara-a-la-argentina-en-la-final-del-desafio-googleorg-555x416.jpg\",\"width\":555,\"height\":416},{\"@type\":\"BreadcrumbList\",\"@id\":\"https:\\\/\\\/patagoniambiental.com.ar\\\/info\\\/una-ong-de-ladrillos-pet-competira-en-una-final-de-google\\\/#breadcrumb\",\"itemListElement\":[{\"@type\":\"ListItem\",\"position\":1,\"name\":\"Inicio\",\"item\":\"https:\\\/\\\/patagoniambiental.com.ar\\\/info\\\/\"},{\"@type\":\"ListItem\",\"position\":2,\"name\":\"Una ONG de ladrillos PET competir\u00e1 en una final de Google\"}]},{\"@type\":\"WebSite\",\"@id\":\"https:\\\/\\\/patagoniambiental.com.ar\\\/info\\\/#website\",\"url\":\"https:\\\/\\\/patagoniambiental.com.ar\\\/info\\\/\",\"name\":\"Patagonia Ambiental\",\"description\":\"Monitoreo y an\u00e1lisis de la situaci\u00f3n geopol\u00edtica en el mundo y su implicancia en la Patagonia\",\"publisher\":{\"@id\":\"https:\\\/\\\/patagoniambiental.com.ar\\\/info\\\/#organization\"},\"potentialAction\":[{\"@type\":\"SearchAction\",\"target\":{\"@type\":\"EntryPoint\",\"urlTemplate\":\"https:\\\/\\\/patagoniambiental.com.ar\\\/info\\\/?s={search_term_string}\"},\"query-input\":{\"@type\":\"PropertyValueSpecification\",\"valueRequired\":true,\"valueName\":\"search_term_string\"}}],\"inLanguage\":\"es\"},{\"@type\":\"Organization\",\"@id\":\"https:\\\/\\\/patagoniambiental.com.ar\\\/info\\\/#organization\",\"name\":\"Patagonia Ambiental\",\"url\":\"https:\\\/\\\/patagoniambiental.com.ar\\\/info\\\/\",\"logo\":{\"@type\":\"ImageObject\",\"inLanguage\":\"es\",\"@id\":\"https:\\\/\\\/patagoniambiental.com.ar\\\/info\\\/#\\\/schema\\\/logo\\\/image\\\/\",\"url\":\"https:\\\/\\\/patagoniambiental.com.ar\\\/info\\\/wp-content\\\/uploads\\\/2025\\\/05\\\/LOGO-PATAGONIA-AMBIENTAL.png\",\"contentUrl\":\"https:\\\/\\\/patagoniambiental.com.ar\\\/info\\\/wp-content\\\/uploads\\\/2025\\\/05\\\/LOGO-PATAGONIA-AMBIENTAL.png\",\"width\":433,\"height\":250,\"caption\":\"Patagonia Ambiental\"},\"image\":{\"@id\":\"https:\\\/\\\/patagoniambiental.com.ar\\\/info\\\/#\\\/schema\\\/logo\\\/image\\\/\"},\"sameAs\":[\"https:\\\/\\\/www.facebook.com\\\/patagonia.ambiental\",\"https:\\\/\\\/x.com\\\/PatAmb\"]},{\"@type\":\"Person\",\"@id\":\"https:\\\/\\\/patagoniambiental.com.ar\\\/info\\\/#\\\/schema\\\/person\\\/db12bff64bbcbf6a253710bf0ea37b5d\",\"name\":\"Patagonia Ambiental\",\"description\":\"Andr\u00e9s Nievas T\u00e9cnico en manejo ambiental, consultor Ambiental y escritor para medios locales e internacionales sobre temas de geopolitica y medio ambiente.\",\"sameAs\":[\"http:\\\/\\\/www.patagoniambiental.com.ar\",\"https:\\\/\\\/www.facebook.com\\\/share\\\/1C1V8Gv9BX\\\/?mibextid=qi2Omg\",\"@patagoniambiental\",\"https:\\\/\\\/youtube.com\\\/@patagoniaambiental2023?si=BLt58t0wuXquxlYZ\"]}]}<\/script>\n<!-- \/ Yoast SEO Premium plugin. -->","yoast_head_json":{"title":"Una ONG de ladrillos PET competir\u00e1 en una final de Google","robots":{"index":"index","follow":"follow","max-snippet":"max-snippet:-1","max-image-preview":"max-image-preview:large","max-video-preview":"max-video-preview:-1"},"canonical":"https:\/\/patagoniambiental.com.ar\/info\/una-ong-de-ladrillos-pet-competira-en-una-final-de-google\/","og_locale":"es_ES","og_type":"article","og_title":"Una ONG de ladrillos PET competir\u00e1 en una final de Google","og_description":"Mexico.-La Fundaci\u00f3n EcoInclusi\u00f3n, una organizaci\u00f3n argentina que fabrica ladrillos PET, representar\u00e1 a Argentina en la final regional del Desaf\u00edo Google.org [&hellip;]","og_url":"https:\/\/patagoniambiental.com.ar\/info\/una-ong-de-ladrillos-pet-competira-en-una-final-de-google\/","og_site_name":"Patagonia Ambiental","article_publisher":"https:\/\/www.facebook.com\/patagonia.ambiental","article_author":"https:\/\/www.facebook.com\/share\/1C1V8Gv9BX\/?mibextid=qi2Omg","article_published_time":"2017-11-03T12:00:20+00:00","og_image":[{"width":555,"height":416,"url":"https:\/\/patagoniambiental.com.ar\/info\/wp-content\/uploads\/2017\/11\/la-fundacion-ecoinclusion-representara-a-la-argentina-en-la-final-del-desafio-googleorg-555x416.jpg","type":"image\/jpeg"}],"author":"Patagonia Ambiental","twitter_card":"summary_large_image","twitter_creator":"@PatAmb","twitter_site":"@PatAmb","schema":{"@context":"https:\/\/schema.org","@graph":[{"@type":"Article","@id":"https:\/\/patagoniambiental.com.ar\/info\/una-ong-de-ladrillos-pet-competira-en-una-final-de-google\/#article","isPartOf":{"@id":"https:\/\/patagoniambiental.com.ar\/info\/una-ong-de-ladrillos-pet-competira-en-una-final-de-google\/"},"author":{"name":"Patagonia Ambiental","@id":"https:\/\/patagoniambiental.com.ar\/info\/#\/schema\/person\/db12bff64bbcbf6a253710bf0ea37b5d"},"headline":"Una ONG de ladrillos PET competir\u00e1 en una final de Google","datePublished":"2017-11-03T12:00:20+00:00","mainEntityOfPage":{"@id":"https:\/\/patagoniambiental.com.ar\/info\/una-ong-de-ladrillos-pet-competira-en-una-final-de-google\/"},"wordCount":751,"commentCount":0,"publisher":{"@id":"https:\/\/patagoniambiental.com.ar\/info\/#organization"},"image":{"@id":"https:\/\/patagoniambiental.com.ar\/info\/una-ong-de-ladrillos-pet-competira-en-una-final-de-google\/#primaryimage"},"thumbnailUrl":"https:\/\/patagoniambiental.com.ar\/info\/wp-content\/uploads\/2017\/11\/la-fundacion-ecoinclusion-representara-a-la-argentina-en-la-final-del-desafio-googleorg-555x416.jpg","articleSection":["Internacionales","Noticias","ONG"],"inLanguage":"es","potentialAction":[{"@type":"CommentAction","name":"Comment","target":["https:\/\/patagoniambiental.com.ar\/info\/una-ong-de-ladrillos-pet-competira-en-una-final-de-google\/#respond"]}]},{"@type":"WebPage","@id":"https:\/\/patagoniambiental.com.ar\/info\/una-ong-de-ladrillos-pet-competira-en-una-final-de-google\/","url":"https:\/\/patagoniambiental.com.ar\/info\/una-ong-de-ladrillos-pet-competira-en-una-final-de-google\/","name":"Una ONG de ladrillos PET competir\u00e1 en una final de Google","isPartOf":{"@id":"https:\/\/patagoniambiental.com.ar\/info\/#website"},"primaryImageOfPage":{"@id":"https:\/\/patagoniambiental.com.ar\/info\/una-ong-de-ladrillos-pet-competira-en-una-final-de-google\/#primaryimage"},"image":{"@id":"https:\/\/patagoniambiental.com.ar\/info\/una-ong-de-ladrillos-pet-competira-en-una-final-de-google\/#primaryimage"},"thumbnailUrl":"https:\/\/patagoniambiental.com.ar\/info\/wp-content\/uploads\/2017\/11\/la-fundacion-ecoinclusion-representara-a-la-argentina-en-la-final-del-desafio-googleorg-555x416.jpg","datePublished":"2017-11-03T12:00:20+00:00","breadcrumb":{"@id":"https:\/\/patagoniambiental.com.ar\/info\/una-ong-de-ladrillos-pet-competira-en-una-final-de-google\/#breadcrumb"},"inLanguage":"es","potentialAction":[{"@type":"ReadAction","target":["https:\/\/patagoniambiental.com.ar\/info\/una-ong-de-ladrillos-pet-competira-en-una-final-de-google\/"]}]},{"@type":"ImageObject","inLanguage":"es","@id":"https:\/\/patagoniambiental.com.ar\/info\/una-ong-de-ladrillos-pet-competira-en-una-final-de-google\/#primaryimage","url":"https:\/\/patagoniambiental.com.ar\/info\/wp-content\/uploads\/2017\/11\/la-fundacion-ecoinclusion-representara-a-la-argentina-en-la-final-del-desafio-googleorg-555x416.jpg","contentUrl":"https:\/\/patagoniambiental.com.ar\/info\/wp-content\/uploads\/2017\/11\/la-fundacion-ecoinclusion-representara-a-la-argentina-en-la-final-del-desafio-googleorg-555x416.jpg","width":555,"height":416},{"@type":"BreadcrumbList","@id":"https:\/\/patagoniambiental.com.ar\/info\/una-ong-de-ladrillos-pet-competira-en-una-final-de-google\/#breadcrumb","itemListElement":[{"@type":"ListItem","position":1,"name":"Inicio","item":"https:\/\/patagoniambiental.com.ar\/info\/"},{"@type":"ListItem","position":2,"name":"Una ONG de ladrillos PET competir\u00e1 en una final de Google"}]},{"@type":"WebSite","@id":"https:\/\/patagoniambiental.com.ar\/info\/#website","url":"https:\/\/patagoniambiental.com.ar\/info\/","name":"Patagonia Ambiental","description":"Monitoreo y an\u00e1lisis de la situaci\u00f3n geopol\u00edtica en el mundo y su implicancia en la Patagonia","publisher":{"@id":"https:\/\/patagoniambiental.com.ar\/info\/#organization"},"potentialAction":[{"@type":"SearchAction","target":{"@type":"EntryPoint","urlTemplate":"https:\/\/patagoniambiental.com.ar\/info\/?s={search_term_string}"},"query-input":{"@type":"PropertyValueSpecification","valueRequired":true,"valueName":"search_term_string"}}],"inLanguage":"es"},{"@type":"Organization","@id":"https:\/\/patagoniambiental.com.ar\/info\/#organization","name":"Patagonia Ambiental","url":"https:\/\/patagoniambiental.com.ar\/info\/","logo":{"@type":"ImageObject","inLanguage":"es","@id":"https:\/\/patagoniambiental.com.ar\/info\/#\/schema\/logo\/image\/","url":"https:\/\/patagoniambiental.com.ar\/info\/wp-content\/uploads\/2025\/05\/LOGO-PATAGONIA-AMBIENTAL.png","contentUrl":"https:\/\/patagoniambiental.com.ar\/info\/wp-content\/uploads\/2025\/05\/LOGO-PATAGONIA-AMBIENTAL.png","width":433,"height":250,"caption":"Patagonia Ambiental"},"image":{"@id":"https:\/\/patagoniambiental.com.ar\/info\/#\/schema\/logo\/image\/"},"sameAs":["https:\/\/www.facebook.com\/patagonia.ambiental","https:\/\/x.com\/PatAmb"]},{"@type":"Person","@id":"https:\/\/patagoniambiental.com.ar\/info\/#\/schema\/person\/db12bff64bbcbf6a253710bf0ea37b5d","name":"Patagonia Ambiental","description":"Andr\u00e9s Nievas T\u00e9cnico en manejo ambiental, consultor Ambiental y escritor para medios locales e internacionales sobre temas de geopolitica y medio ambiente.","sameAs":["http:\/\/www.patagoniambiental.com.ar","https:\/\/www.facebook.com\/share\/1C1V8Gv9BX\/?mibextid=qi2Omg","@patagoniambiental","https:\/\/youtube.com\/@patagoniaambiental2023?si=BLt58t0wuXquxlYZ"]}]}},"_links":{"self":[{"href":"https:\/\/patagoniambiental.com.ar\/info\/wp-json\/wp\/v2\/posts\/37461","targetHints":{"allow":["GET"]}}],"collection":[{"href":"https:\/\/patagoniambiental.com.ar\/info\/wp-json\/wp\/v2\/posts"}],"about":[{"href":"https:\/\/patagoniambiental.com.ar\/info\/wp-json\/wp\/v2\/types\/post"}],"author":[{"embeddable":true,"href":"https:\/\/patagoniambiental.com.ar\/info\/wp-json\/wp\/v2\/users\/2"}],"replies":[{"embeddable":true,"href":"https:\/\/patagoniambiental.com.ar\/info\/wp-json\/wp\/v2\/comments?post=37461"}],"version-history":[{"count":0,"href":"https:\/\/patagoniambiental.com.ar\/info\/wp-json\/wp\/v2\/posts\/37461\/revisions"}],"wp:featuredmedia":[{"embeddable":true,"href":"https:\/\/patagoniambiental.com.ar\/info\/wp-json\/wp\/v2\/media\/37462"}],"wp:attachment":[{"href":"https:\/\/patagoniambiental.com.ar\/info\/wp-json\/wp\/v2\/media?parent=37461"}],"wp:term":[{"taxonomy":"category","embeddable":true,"href":"https:\/\/patagoniambiental.com.ar\/info\/wp-json\/wp\/v2\/categories?post=37461"},{"taxonomy":"post_tag","embeddable":true,"href":"https:\/\/patagoniambiental.com.ar\/info\/wp-json\/wp\/v2\/tags?post=37461"}],"curies":[{"name":"wp","href":"https:\/\/api.w.org\/{rel}","templated":true}]}}