{"id":37467,"date":"2017-11-02T09:00:58","date_gmt":"2017-11-02T12:00:58","guid":{"rendered":"http:\/\/patagoniambiental.com.ar\/info\/?p=37467"},"modified":"2017-11-01T13:08:09","modified_gmt":"2017-11-01T16:08:09","slug":"espana-estrenara-nueva-base-remodelada-en-la-antartida","status":"publish","type":"post","link":"https:\/\/patagoniambiental.com.ar\/info\/espana-estrenara-nueva-base-remodelada-en-la-antartida\/","title":{"rendered":"Espa\u00f1a estrenar\u00e1 nueva base remodelada en la Ant\u00e1rtida"},"content":{"rendered":"<div class=\"grid__view grid__view--12cFull\">\n<div id=\"column-1\" class=\"portlet-column\">\n<div id=\"layout-column_column-1\" class=\"portlet-dropzone portlet-column-content portlet-column-content-first\">\n<div id=\"p_p_id_contentviewerportlet_WAR_newsportlet_INSTANCE_fb66136880f84c5fa8cbb01876b4352e_\" class=\"portlet-boundary portlet-boundary_contentviewerportlet_WAR_newsportlet_  portlet-static portlet-static-end content-viewer-portlet \">\n<div class=\"td-portlet\">\n<section id=\"portlet_contentviewerportlet_WAR_newsportlet_INSTANCE_fb66136880f84c5fa8cbb01876b4352e\" class=\"portlet\">\n<div class=\"portlet-content\">\n<div class=\" portlet-content-container\">\n<div class=\"portlet-body\">\n<div class=\"last td-viewer full-access\">\n<article class=\"news-detail news-detail__bg-image\">\n<div class=\"news-detail__bg-image--content\">\n<div class=\"row row--news-detail row--white news\">\n<div class=\"row__col row__col_sw_12 row__col_mw_8 row__col_lw_8\">\n<p class=\"news-detail__new__subtitle\">Ant\u00e1rtida.-La Base Ant\u00e1rtica Espa\u00f1ola (BAE) Juan Carlos I fue inaugurada en 1988, el mismo a\u00f1o en que Espa\u00f1a se convert\u00eda en miembro consultivo del Tratado Ant\u00e1rtico<\/p>\n<p><!--more--><\/p>\n<div class=\"media media__images img_lr\">\n<ul class=\"galeriaFullContentbxslider galeriaFullContentbxslider16773539\">\n<li>\n<figure>\n<div><img decoding=\"async\" class=\" lazyloaded\" title=\"Base espa\u00f1ola de la Ant\u00e1rtida\" src=\"data:;base64,<svg xmlns='http:\/\/www.w3.org\/2000\/svg' viewBox='0 0 755 425'\/>\u00bb srcset=\u00bb\/\/www.larazon.es\/documents\/10165\/0\/755&#215;567\/0c0\/755d425\/none\/10810\/MTJD\/image_content_7396339_20171031180522.jpg 755w\u00bb alt=\u00bbBase espa\u00f1ola de la Ant\u00e1rtida\u00bb width=\u00bb755&#8243; height=\u00bb425&#8243; data-srcset=\u00bb\/\/www.larazon.es\/documents\/10165\/0\/755&#215;567\/0c0\/755d425\/none\/10810\/MTJD\/image_content_7396339_20171031180522.jpg 755w\u00bb \/><\/p>\n<div class=\"seedtag-gohan seedtag-adunit\"><\/div>\n<\/div><figcaption>Base espa\u00f1ola de la Ant\u00e1rtida\u00a0<\/figcaption><\/figure>\n<\/li>\n<\/ul>\n<\/div>\n<\/div>\n<\/div>\n<\/div>\n<\/article>\n<\/div>\n<\/div>\n<\/div>\n<\/div>\n<\/section>\n<\/div>\n<\/div>\n<\/div>\n<\/div>\n<\/div>\n<div id=\"main-content\" class=\"grid__view grid__view--12c grid__view--marginBottom\" role=\"main\">\n<div id=\"column-5\" class=\"portlet-column row row--news-detail row--white\">\n<div id=\"layout-column_column-5\" class=\"portlet-dropzone portlet-column-content portlet-column-content-first\">\n<div id=\"p_p_id_118_INSTANCE_4878a95b73944db5abca486aca710703_\" class=\"portlet-boundary portlet-boundary_118_  portlet-static portlet-static-end portlet-nested-portlets \">\n<div class=\"td-portlet\">\n<section id=\"portlet_118_INSTANCE_4878a95b73944db5abca486aca710703\" class=\"portlet\">\n<div class=\"portlet-content\">\n<div class=\" portlet-content-container\">\n<div class=\"portlet-body\">\n<div id=\"_118_INSTANCE_4878a95b73944db5abca486aca710703_main-content\" class=\"grid__view grid__view--8c4c grid__view--marginBottom\" role=\"main\">\n<div class=\"portlet-layout lrrow1 row row--nopadding row--white\">\n<div id=\"_118_INSTANCE_4878a95b73944db5abca486aca710703_column-0\" class=\"portlet-column row__col row__col_sw_12 row__col_mw_8 row__col_lw_8\">\n<div id=\"layout-column__118_INSTANCE_4878a95b73944db5abca486aca710703__column-0\" class=\"portlet-dropzone portlet-column-content portlet-column-content-first\">\n<div id=\"p_p_id_contentviewerportlet_WAR_newsportlet_INSTANCE_c3477299618d41f8a60e968812fb345e_\" class=\"portlet-boundary portlet-boundary_contentviewerportlet_WAR_newsportlet_  portlet-static portlet-static-end content-viewer-portlet \">\n<div class=\"td-portlet\">\n<section id=\"portlet_contentviewerportlet_WAR_newsportlet_INSTANCE_c3477299618d41f8a60e968812fb345e\" class=\"portlet\">\n<div class=\"portlet-content\">\n<div class=\" portlet-content-container\">\n<div class=\"portlet-body\">\n<div class=\"last td-viewer full-access\">\n<div class=\"news-detail news-detail__body\">\n<div class=\"text\">\n<p class=\"news-detail__paragraph news-detail__paragraph--first-letter\">La nueva sede de la base ant\u00e1rtica espa\u00f1ola Juan Carlos I, ubicada en la isla de Livington,\u00a0<b>estar\u00e1 lista para la Campa\u00f1a Ant\u00e1rtida Espa\u00f1ola 2017-2018<\/b>, que este a\u00f1o acoger\u00e1 diecis\u00e9is proyectos de investigaci\u00f3n, la mayor\u00eda enfocados a entender el cambio clim\u00e1tico y sus consecuencias.<\/p>\n<p class=\"news-detail__paragraph\">La nueva sede, construida en forma de tr\u00e9bol o tr\u00edpode,<b>\u00a0tiene 2.000 metros cuadrados habitables<\/b>, 600 metros de laboratorios, 1.500 metros cuadrados de almacenamiento, y capacidad para 52 personas por m\u00f3dulo.<\/p>\n<p class=\"news-detail__paragraph\">As\u00ed lo ha avanzado hoy el presidente del Consejo Superior de Investigaciones Cient\u00edficas (CSIC), Luis Lora Tamayo, quien hoy ha participado en la presentaci\u00f3n de la XXXI Campa\u00f1a Ant\u00e1rtica Espa\u00f1ola junto a la secretaria de Estado de I+D, Carmen Vela.<\/p>\n<p class=\"news-detail__paragraph\">Vela ha recordado<b>\u00a0los \u00abatrevidos\u00bb or\u00edgenes de esta base cient\u00edfica que comenz\u00f3 en 1986 como una tienda de campa\u00f1a\u00a0<\/b>en la que durante unos d\u00edas convivieron los cient\u00edficos Antoni Ballester, Josefina Castellv\u00ed, Joan Rovira y Agust\u00ed Juli\u00e0.<\/p>\n<p class=\"news-detail__paragraph\">Dos a\u00f1os despu\u00e9s, en 1988, se inauguraba la Base Ant\u00e1rtica Espa\u00f1ola (BAE) Juan Carlos I,\u00a0<b>el mismo a\u00f1o en que Espa\u00f1a se convert\u00eda en miembro consultivo del Tratado Ant\u00e1rtico<\/b>.<\/p>\n<p class=\"news-detail__paragraph\">Las obras de remodelaci\u00f3n de la nueva base, que \u00abhan supuesto un importante esfuerzo medioambiental y econ\u00f3mico\u00bb, han costado 16 millones de euros, 13 millones financiados por el Ministerio de Econom\u00eda y otros 3 por el CSIC.<\/p>\n<p class=\"news-detail__paragraph\">Y\u00a0<b>\u00abaunque ha costado lo suyo, la nueva BAE ya est\u00e1 aqu\u00ed\u00bb<\/b>\u00a0y los integrantes de la campa\u00f1a ant\u00e1rtica de este a\u00f1o podr\u00e1n estrenar las instalaciones aproximadamente un mes despu\u00e9s de su llegada, si bien la base ser\u00e1 formalmente inaugurada el a\u00f1o pr\u00f3ximo.<\/p>\n<p class=\"news-detail__paragraph\">La XXXI Campa\u00f1a Ant\u00e1rtica Espa\u00f1ola,<b>\u00a0en la que participar\u00e1n 230 personas (de ellos, 122 son cient\u00edficos) llevar\u00e1 a cabo 16 proyectos de investigaci\u00f3n<\/b>, dos de ellos a bordo del Buque de Investigaci\u00f3n Oceanogr\u00e1fica Hesp\u00e9rides, que tambi\u00e9n dar\u00e1 apoyo a cinco proyectos internacionales de Alemania, B\u00e9lgica, Colombia y Portugal.<\/p>\n<p class=\"news-detail__paragraph\">Adem\u00e1s, en esta campa\u00f1a tambi\u00e9n se estrenar\u00e1 un m\u00f3dulo de almac\u00e9n en la Base Ant\u00e1rtica Gabriel de Castilla, gestionada por el Ej\u00e9rcito de Tierra.<\/p>\n<p class=\"news-detail__paragraph\">La XXXI Campa\u00f1a Ant\u00e1rtida arrancar\u00e1 el pr\u00f3ximo 24 de noviembre,<b>\u00a0cuando est\u00e1 previsto que el buque Hesp\u00e9rides parta del puerto de Cartagena (Murcia)<\/b>. La apertura de las bases tendr\u00e1 lugar el 2 de enero de 2018 y el cierre, el 19 de marzo de 2018.<\/p>\n<p class=\"news-detail__paragraph\">Andr\u00e9s Barbosa, investigador del Museo Nacional de Ciencias Naturales y coordinador de esta campa\u00f1a cient\u00edfica ha explicado que los proyectos cient\u00edficos pretenden comprender las caracter\u00edsticas atmosf\u00e9ricas de la Ant\u00e1rtida, estudiar la variaci\u00f3n de las capas de hielo y del nivel del mar, analizar la geolog\u00eda terrestre,\u00a0<b>estudiar la capacidad adaptativa y evolutiva de los organismos ant\u00e1rticos<\/b>, entender el efecto antropog\u00e9nico de la Ant\u00e1rtida y sentar las bases de las futuras medidas de conservaci\u00f3n.<\/p>\n<p class=\"news-detail__paragraph\">Los 16 proyectos de investigaci\u00f3n ser\u00e1n desarrollados por el Instituto Andaluz de Ciencias de la Tierra (CSIC), el Instituto Geol\u00f3gico y Minero de Espa\u00f1a (IGME),\u00a0<b>el Instituto de Diagn\u00f3stico Ambiental y de Estudios del Agua (CSIC)<\/b>, el Museo Nacional de Ciencias Naturales (CSIC), el Instituto de Ciencias de la Tierra Jaume Almera (CSIC), el Centro de Astrobiolog\u00eda (INTA-CSIC) y el Instituto Hidrogr\u00e1fico de La Marina.<\/p>\n<p class=\"news-detail__paragraph\">Adem\u00e1s, formar\u00e1n parte de estas investigaciones la Universitat Ram\u00f3n Llull, la Universidad de Alcal\u00e1 de Henares, la Polit\u00e9cnica de Madrid, la Aut\u00f3noma de Madrid, la Complutense de Madrid, la de Oviedo, la de Granada y la Universitat de Barcelona.<\/p>\n<p class=\"news-detail__paragraph\">Fuente: http:\/\/www.larazon.es\/sociedad\/medio-ambiente\/espana-estrenara-nueva-base-remodelada-en-la-antartida-MH16773539<\/p>\n<p class=\"news-detail__paragraph\">EFE<\/p>\n<\/div>\n<\/div>\n<\/div>\n<\/div>\n<\/div>\n<\/div>\n<\/section>\n<\/div>\n<\/div>\n<\/div>\n<\/div>\n<\/div>\n<\/div>\n<\/div>\n<\/div>\n<\/div>\n<\/section>\n<\/div>\n<\/div>\n<\/div>\n<\/div>\n<\/div>\n","protected":false},"excerpt":{"rendered":"<p>Ant\u00e1rtida.-La Base Ant\u00e1rtica Espa\u00f1ola (BAE) Juan Carlos I fue inaugurada en 1988, el mismo a\u00f1o en que Espa\u00f1a se convert\u00eda [&hellip;]<\/p>\n","protected":false},"author":2,"featured_media":37468,"comment_status":"open","ping_status":"open","sticky":false,"template":"","format":"standard","meta":{"site-sidebar-layout":"default","site-content-layout":"","ast-site-content-layout":"default","site-content-style":"default","site-sidebar-style":"default","ast-global-header-display":"","ast-banner-title-visibility":"","ast-main-header-display":"","ast-hfb-above-header-display":"","ast-hfb-below-header-display":"","ast-hfb-mobile-header-display":"","site-post-title":"","ast-breadcrumbs-content":"","ast-featured-img":"","footer-sml-layout":"","ast-disable-related-posts":"","theme-transparent-header-meta":"","adv-header-id-meta":"","stick-header-meta":"","header-above-stick-meta":"","header-main-stick-meta":"","header-below-stick-meta":"","astra-migrate-meta-layouts":"default","ast-page-background-enabled":"default","ast-page-background-meta":{"desktop":{"background-color":"var(--ast-global-color-5)","background-image":"","background-repeat":"repeat","background-position":"center center","background-size":"auto","background-attachment":"scroll","background-type":"","background-media":"","overlay-type":"","overlay-color":"","overlay-opacity":"","overlay-gradient":""},"tablet":{"background-color":"","background-image":"","background-repeat":"repeat","background-position":"center center","background-size":"auto","background-attachment":"scroll","background-type":"","background-media":"","overlay-type":"","overlay-color":"","overlay-opacity":"","overlay-gradient":""},"mobile":{"background-color":"","background-image":"","background-repeat":"repeat","background-position":"center center","background-size":"auto","background-attachment":"scroll","background-type":"","background-media":"","overlay-type":"","overlay-color":"","overlay-opacity":"","overlay-gradient":""}},"ast-content-background-meta":{"desktop":{"background-color":"var(--ast-global-color-4)","background-image":"","background-repeat":"repeat","background-position":"center center","background-size":"auto","background-attachment":"scroll","background-type":"","background-media":"","overlay-type":"","overlay-color":"","overlay-opacity":"","overlay-gradient":""},"tablet":{"background-color":"var(--ast-global-color-4)","background-image":"","background-repeat":"repeat","background-position":"center center","background-size":"auto","background-attachment":"scroll","background-type":"","background-media":"","overlay-type":"","overlay-color":"","overlay-opacity":"","overlay-gradient":""},"mobile":{"background-color":"var(--ast-global-color-4)","background-image":"","background-repeat":"repeat","background-position":"center center","background-size":"auto","background-attachment":"scroll","background-type":"","background-media":"","overlay-type":"","overlay-color":"","overlay-opacity":"","overlay-gradient":""}},"footnotes":""},"categories":[23,1],"tags":[],"class_list":["post-37467","post","type-post","status-publish","format-standard","has-post-thumbnail","hentry","category-internacionales","category-noticias"],"yoast_head":"<!-- This site is optimized with the Yoast SEO Premium plugin v23.0 (Yoast SEO v27.4) - https:\/\/yoast.com\/product\/yoast-seo-premium-wordpress\/ -->\n<title>Espa\u00f1a estrenar\u00e1 nueva base remodelada en la Ant\u00e1rtida<\/title>\n<meta name=\"robots\" content=\"index, follow, max-snippet:-1, max-image-preview:large, max-video-preview:-1\" \/>\n<link rel=\"canonical\" href=\"https:\/\/patagoniambiental.com.ar\/info\/espana-estrenara-nueva-base-remodelada-en-la-antartida\/\" \/>\n<meta property=\"og:locale\" content=\"es_ES\" \/>\n<meta property=\"og:type\" content=\"article\" \/>\n<meta property=\"og:title\" content=\"Espa\u00f1a estrenar\u00e1 nueva base remodelada en la Ant\u00e1rtida\" \/>\n<meta property=\"og:description\" content=\"Ant\u00e1rtida.-La Base Ant\u00e1rtica Espa\u00f1ola (BAE) Juan Carlos I fue inaugurada en 1988, el mismo a\u00f1o en que Espa\u00f1a se convert\u00eda [&hellip;]\" \/>\n<meta property=\"og:url\" content=\"https:\/\/patagoniambiental.com.ar\/info\/espana-estrenara-nueva-base-remodelada-en-la-antartida\/\" \/>\n<meta property=\"og:site_name\" content=\"Patagonia Ambiental\" \/>\n<meta property=\"article:publisher\" content=\"https:\/\/www.facebook.com\/patagonia.ambiental\" \/>\n<meta property=\"article:author\" content=\"https:\/\/www.facebook.com\/share\/1C1V8Gv9BX\/?mibextid=qi2Omg\" \/>\n<meta property=\"article:published_time\" content=\"2017-11-02T12:00:58+00:00\" \/>\n<meta property=\"og:image\" content=\"https:\/\/patagoniambiental.com.ar\/info\/wp-content\/uploads\/2017\/11\/image_content_7396339_20171031180522.jpg\" \/>\n\t<meta property=\"og:image:width\" content=\"755\" \/>\n\t<meta property=\"og:image:height\" content=\"425\" \/>\n\t<meta property=\"og:image:type\" content=\"image\/jpeg\" \/>\n<meta name=\"author\" content=\"Patagonia Ambiental\" \/>\n<meta name=\"twitter:card\" content=\"summary_large_image\" \/>\n<meta name=\"twitter:creator\" content=\"@PatAmb\" \/>\n<meta name=\"twitter:site\" content=\"@PatAmb\" \/>\n<script type=\"application\/ld+json\" class=\"yoast-schema-graph\">{\"@context\":\"https:\\\/\\\/schema.org\",\"@graph\":[{\"@type\":\"Article\",\"@id\":\"https:\\\/\\\/patagoniambiental.com.ar\\\/info\\\/espana-estrenara-nueva-base-remodelada-en-la-antartida\\\/#article\",\"isPartOf\":{\"@id\":\"https:\\\/\\\/patagoniambiental.com.ar\\\/info\\\/espana-estrenara-nueva-base-remodelada-en-la-antartida\\\/\"},\"author\":{\"name\":\"Patagonia Ambiental\",\"@id\":\"https:\\\/\\\/patagoniambiental.com.ar\\\/info\\\/#\\\/schema\\\/person\\\/db12bff64bbcbf6a253710bf0ea37b5d\"},\"headline\":\"Espa\u00f1a estrenar\u00e1 nueva base remodelada en la Ant\u00e1rtida\",\"datePublished\":\"2017-11-02T12:00:58+00:00\",\"mainEntityOfPage\":{\"@id\":\"https:\\\/\\\/patagoniambiental.com.ar\\\/info\\\/espana-estrenara-nueva-base-remodelada-en-la-antartida\\\/\"},\"wordCount\":685,\"commentCount\":0,\"publisher\":{\"@id\":\"https:\\\/\\\/patagoniambiental.com.ar\\\/info\\\/#organization\"},\"image\":{\"@id\":\"https:\\\/\\\/patagoniambiental.com.ar\\\/info\\\/espana-estrenara-nueva-base-remodelada-en-la-antartida\\\/#primaryimage\"},\"thumbnailUrl\":\"https:\\\/\\\/patagoniambiental.com.ar\\\/info\\\/wp-content\\\/uploads\\\/2017\\\/11\\\/image_content_7396339_20171031180522.jpg\",\"articleSection\":[\"Internacionales\",\"Noticias\"],\"inLanguage\":\"es\",\"potentialAction\":[{\"@type\":\"CommentAction\",\"name\":\"Comment\",\"target\":[\"https:\\\/\\\/patagoniambiental.com.ar\\\/info\\\/espana-estrenara-nueva-base-remodelada-en-la-antartida\\\/#respond\"]}]},{\"@type\":\"WebPage\",\"@id\":\"https:\\\/\\\/patagoniambiental.com.ar\\\/info\\\/espana-estrenara-nueva-base-remodelada-en-la-antartida\\\/\",\"url\":\"https:\\\/\\\/patagoniambiental.com.ar\\\/info\\\/espana-estrenara-nueva-base-remodelada-en-la-antartida\\\/\",\"name\":\"Espa\u00f1a estrenar\u00e1 nueva base remodelada en la Ant\u00e1rtida\",\"isPartOf\":{\"@id\":\"https:\\\/\\\/patagoniambiental.com.ar\\\/info\\\/#website\"},\"primaryImageOfPage\":{\"@id\":\"https:\\\/\\\/patagoniambiental.com.ar\\\/info\\\/espana-estrenara-nueva-base-remodelada-en-la-antartida\\\/#primaryimage\"},\"image\":{\"@id\":\"https:\\\/\\\/patagoniambiental.com.ar\\\/info\\\/espana-estrenara-nueva-base-remodelada-en-la-antartida\\\/#primaryimage\"},\"thumbnailUrl\":\"https:\\\/\\\/patagoniambiental.com.ar\\\/info\\\/wp-content\\\/uploads\\\/2017\\\/11\\\/image_content_7396339_20171031180522.jpg\",\"datePublished\":\"2017-11-02T12:00:58+00:00\",\"breadcrumb\":{\"@id\":\"https:\\\/\\\/patagoniambiental.com.ar\\\/info\\\/espana-estrenara-nueva-base-remodelada-en-la-antartida\\\/#breadcrumb\"},\"inLanguage\":\"es\",\"potentialAction\":[{\"@type\":\"ReadAction\",\"target\":[\"https:\\\/\\\/patagoniambiental.com.ar\\\/info\\\/espana-estrenara-nueva-base-remodelada-en-la-antartida\\\/\"]}]},{\"@type\":\"ImageObject\",\"inLanguage\":\"es\",\"@id\":\"https:\\\/\\\/patagoniambiental.com.ar\\\/info\\\/espana-estrenara-nueva-base-remodelada-en-la-antartida\\\/#primaryimage\",\"url\":\"https:\\\/\\\/patagoniambiental.com.ar\\\/info\\\/wp-content\\\/uploads\\\/2017\\\/11\\\/image_content_7396339_20171031180522.jpg\",\"contentUrl\":\"https:\\\/\\\/patagoniambiental.com.ar\\\/info\\\/wp-content\\\/uploads\\\/2017\\\/11\\\/image_content_7396339_20171031180522.jpg\",\"width\":755,\"height\":425},{\"@type\":\"BreadcrumbList\",\"@id\":\"https:\\\/\\\/patagoniambiental.com.ar\\\/info\\\/espana-estrenara-nueva-base-remodelada-en-la-antartida\\\/#breadcrumb\",\"itemListElement\":[{\"@type\":\"ListItem\",\"position\":1,\"name\":\"Inicio\",\"item\":\"https:\\\/\\\/patagoniambiental.com.ar\\\/info\\\/\"},{\"@type\":\"ListItem\",\"position\":2,\"name\":\"Espa\u00f1a estrenar\u00e1 nueva base remodelada en la Ant\u00e1rtida\"}]},{\"@type\":\"WebSite\",\"@id\":\"https:\\\/\\\/patagoniambiental.com.ar\\\/info\\\/#website\",\"url\":\"https:\\\/\\\/patagoniambiental.com.ar\\\/info\\\/\",\"name\":\"Patagonia Ambiental\",\"description\":\"Monitoreo y an\u00e1lisis de la situaci\u00f3n geopol\u00edtica en el mundo y su implicancia en la Patagonia\",\"publisher\":{\"@id\":\"https:\\\/\\\/patagoniambiental.com.ar\\\/info\\\/#organization\"},\"potentialAction\":[{\"@type\":\"SearchAction\",\"target\":{\"@type\":\"EntryPoint\",\"urlTemplate\":\"https:\\\/\\\/patagoniambiental.com.ar\\\/info\\\/?s={search_term_string}\"},\"query-input\":{\"@type\":\"PropertyValueSpecification\",\"valueRequired\":true,\"valueName\":\"search_term_string\"}}],\"inLanguage\":\"es\"},{\"@type\":\"Organization\",\"@id\":\"https:\\\/\\\/patagoniambiental.com.ar\\\/info\\\/#organization\",\"name\":\"Patagonia Ambiental\",\"url\":\"https:\\\/\\\/patagoniambiental.com.ar\\\/info\\\/\",\"logo\":{\"@type\":\"ImageObject\",\"inLanguage\":\"es\",\"@id\":\"https:\\\/\\\/patagoniambiental.com.ar\\\/info\\\/#\\\/schema\\\/logo\\\/image\\\/\",\"url\":\"https:\\\/\\\/patagoniambiental.com.ar\\\/info\\\/wp-content\\\/uploads\\\/2025\\\/05\\\/LOGO-PATAGONIA-AMBIENTAL.png\",\"contentUrl\":\"https:\\\/\\\/patagoniambiental.com.ar\\\/info\\\/wp-content\\\/uploads\\\/2025\\\/05\\\/LOGO-PATAGONIA-AMBIENTAL.png\",\"width\":433,\"height\":250,\"caption\":\"Patagonia Ambiental\"},\"image\":{\"@id\":\"https:\\\/\\\/patagoniambiental.com.ar\\\/info\\\/#\\\/schema\\\/logo\\\/image\\\/\"},\"sameAs\":[\"https:\\\/\\\/www.facebook.com\\\/patagonia.ambiental\",\"https:\\\/\\\/x.com\\\/PatAmb\"]},{\"@type\":\"Person\",\"@id\":\"https:\\\/\\\/patagoniambiental.com.ar\\\/info\\\/#\\\/schema\\\/person\\\/db12bff64bbcbf6a253710bf0ea37b5d\",\"name\":\"Patagonia Ambiental\",\"description\":\"Andr\u00e9s Nievas T\u00e9cnico en manejo ambiental, consultor Ambiental y escritor para medios locales e internacionales sobre temas de geopolitica y medio ambiente.\",\"sameAs\":[\"http:\\\/\\\/www.patagoniambiental.com.ar\",\"https:\\\/\\\/www.facebook.com\\\/share\\\/1C1V8Gv9BX\\\/?mibextid=qi2Omg\",\"@patagoniambiental\",\"https:\\\/\\\/youtube.com\\\/@patagoniaambiental2023?si=BLt58t0wuXquxlYZ\"]}]}<\/script>\n<!-- \/ Yoast SEO Premium plugin. -->","yoast_head_json":{"title":"Espa\u00f1a estrenar\u00e1 nueva base remodelada en la Ant\u00e1rtida","robots":{"index":"index","follow":"follow","max-snippet":"max-snippet:-1","max-image-preview":"max-image-preview:large","max-video-preview":"max-video-preview:-1"},"canonical":"https:\/\/patagoniambiental.com.ar\/info\/espana-estrenara-nueva-base-remodelada-en-la-antartida\/","og_locale":"es_ES","og_type":"article","og_title":"Espa\u00f1a estrenar\u00e1 nueva base remodelada en la Ant\u00e1rtida","og_description":"Ant\u00e1rtida.-La Base Ant\u00e1rtica Espa\u00f1ola (BAE) Juan Carlos I fue inaugurada en 1988, el mismo a\u00f1o en que Espa\u00f1a se convert\u00eda [&hellip;]","og_url":"https:\/\/patagoniambiental.com.ar\/info\/espana-estrenara-nueva-base-remodelada-en-la-antartida\/","og_site_name":"Patagonia Ambiental","article_publisher":"https:\/\/www.facebook.com\/patagonia.ambiental","article_author":"https:\/\/www.facebook.com\/share\/1C1V8Gv9BX\/?mibextid=qi2Omg","article_published_time":"2017-11-02T12:00:58+00:00","og_image":[{"width":755,"height":425,"url":"https:\/\/patagoniambiental.com.ar\/info\/wp-content\/uploads\/2017\/11\/image_content_7396339_20171031180522.jpg","type":"image\/jpeg"}],"author":"Patagonia Ambiental","twitter_card":"summary_large_image","twitter_creator":"@PatAmb","twitter_site":"@PatAmb","schema":{"@context":"https:\/\/schema.org","@graph":[{"@type":"Article","@id":"https:\/\/patagoniambiental.com.ar\/info\/espana-estrenara-nueva-base-remodelada-en-la-antartida\/#article","isPartOf":{"@id":"https:\/\/patagoniambiental.com.ar\/info\/espana-estrenara-nueva-base-remodelada-en-la-antartida\/"},"author":{"name":"Patagonia Ambiental","@id":"https:\/\/patagoniambiental.com.ar\/info\/#\/schema\/person\/db12bff64bbcbf6a253710bf0ea37b5d"},"headline":"Espa\u00f1a estrenar\u00e1 nueva base remodelada en la Ant\u00e1rtida","datePublished":"2017-11-02T12:00:58+00:00","mainEntityOfPage":{"@id":"https:\/\/patagoniambiental.com.ar\/info\/espana-estrenara-nueva-base-remodelada-en-la-antartida\/"},"wordCount":685,"commentCount":0,"publisher":{"@id":"https:\/\/patagoniambiental.com.ar\/info\/#organization"},"image":{"@id":"https:\/\/patagoniambiental.com.ar\/info\/espana-estrenara-nueva-base-remodelada-en-la-antartida\/#primaryimage"},"thumbnailUrl":"https:\/\/patagoniambiental.com.ar\/info\/wp-content\/uploads\/2017\/11\/image_content_7396339_20171031180522.jpg","articleSection":["Internacionales","Noticias"],"inLanguage":"es","potentialAction":[{"@type":"CommentAction","name":"Comment","target":["https:\/\/patagoniambiental.com.ar\/info\/espana-estrenara-nueva-base-remodelada-en-la-antartida\/#respond"]}]},{"@type":"WebPage","@id":"https:\/\/patagoniambiental.com.ar\/info\/espana-estrenara-nueva-base-remodelada-en-la-antartida\/","url":"https:\/\/patagoniambiental.com.ar\/info\/espana-estrenara-nueva-base-remodelada-en-la-antartida\/","name":"Espa\u00f1a estrenar\u00e1 nueva base remodelada en la Ant\u00e1rtida","isPartOf":{"@id":"https:\/\/patagoniambiental.com.ar\/info\/#website"},"primaryImageOfPage":{"@id":"https:\/\/patagoniambiental.com.ar\/info\/espana-estrenara-nueva-base-remodelada-en-la-antartida\/#primaryimage"},"image":{"@id":"https:\/\/patagoniambiental.com.ar\/info\/espana-estrenara-nueva-base-remodelada-en-la-antartida\/#primaryimage"},"thumbnailUrl":"https:\/\/patagoniambiental.com.ar\/info\/wp-content\/uploads\/2017\/11\/image_content_7396339_20171031180522.jpg","datePublished":"2017-11-02T12:00:58+00:00","breadcrumb":{"@id":"https:\/\/patagoniambiental.com.ar\/info\/espana-estrenara-nueva-base-remodelada-en-la-antartida\/#breadcrumb"},"inLanguage":"es","potentialAction":[{"@type":"ReadAction","target":["https:\/\/patagoniambiental.com.ar\/info\/espana-estrenara-nueva-base-remodelada-en-la-antartida\/"]}]},{"@type":"ImageObject","inLanguage":"es","@id":"https:\/\/patagoniambiental.com.ar\/info\/espana-estrenara-nueva-base-remodelada-en-la-antartida\/#primaryimage","url":"https:\/\/patagoniambiental.com.ar\/info\/wp-content\/uploads\/2017\/11\/image_content_7396339_20171031180522.jpg","contentUrl":"https:\/\/patagoniambiental.com.ar\/info\/wp-content\/uploads\/2017\/11\/image_content_7396339_20171031180522.jpg","width":755,"height":425},{"@type":"BreadcrumbList","@id":"https:\/\/patagoniambiental.com.ar\/info\/espana-estrenara-nueva-base-remodelada-en-la-antartida\/#breadcrumb","itemListElement":[{"@type":"ListItem","position":1,"name":"Inicio","item":"https:\/\/patagoniambiental.com.ar\/info\/"},{"@type":"ListItem","position":2,"name":"Espa\u00f1a estrenar\u00e1 nueva base remodelada en la Ant\u00e1rtida"}]},{"@type":"WebSite","@id":"https:\/\/patagoniambiental.com.ar\/info\/#website","url":"https:\/\/patagoniambiental.com.ar\/info\/","name":"Patagonia Ambiental","description":"Monitoreo y an\u00e1lisis de la situaci\u00f3n geopol\u00edtica en el mundo y su implicancia en la Patagonia","publisher":{"@id":"https:\/\/patagoniambiental.com.ar\/info\/#organization"},"potentialAction":[{"@type":"SearchAction","target":{"@type":"EntryPoint","urlTemplate":"https:\/\/patagoniambiental.com.ar\/info\/?s={search_term_string}"},"query-input":{"@type":"PropertyValueSpecification","valueRequired":true,"valueName":"search_term_string"}}],"inLanguage":"es"},{"@type":"Organization","@id":"https:\/\/patagoniambiental.com.ar\/info\/#organization","name":"Patagonia Ambiental","url":"https:\/\/patagoniambiental.com.ar\/info\/","logo":{"@type":"ImageObject","inLanguage":"es","@id":"https:\/\/patagoniambiental.com.ar\/info\/#\/schema\/logo\/image\/","url":"https:\/\/patagoniambiental.com.ar\/info\/wp-content\/uploads\/2025\/05\/LOGO-PATAGONIA-AMBIENTAL.png","contentUrl":"https:\/\/patagoniambiental.com.ar\/info\/wp-content\/uploads\/2025\/05\/LOGO-PATAGONIA-AMBIENTAL.png","width":433,"height":250,"caption":"Patagonia Ambiental"},"image":{"@id":"https:\/\/patagoniambiental.com.ar\/info\/#\/schema\/logo\/image\/"},"sameAs":["https:\/\/www.facebook.com\/patagonia.ambiental","https:\/\/x.com\/PatAmb"]},{"@type":"Person","@id":"https:\/\/patagoniambiental.com.ar\/info\/#\/schema\/person\/db12bff64bbcbf6a253710bf0ea37b5d","name":"Patagonia Ambiental","description":"Andr\u00e9s Nievas T\u00e9cnico en manejo ambiental, consultor Ambiental y escritor para medios locales e internacionales sobre temas de geopolitica y medio ambiente.","sameAs":["http:\/\/www.patagoniambiental.com.ar","https:\/\/www.facebook.com\/share\/1C1V8Gv9BX\/?mibextid=qi2Omg","@patagoniambiental","https:\/\/youtube.com\/@patagoniaambiental2023?si=BLt58t0wuXquxlYZ"]}]}},"_links":{"self":[{"href":"https:\/\/patagoniambiental.com.ar\/info\/wp-json\/wp\/v2\/posts\/37467","targetHints":{"allow":["GET"]}}],"collection":[{"href":"https:\/\/patagoniambiental.com.ar\/info\/wp-json\/wp\/v2\/posts"}],"about":[{"href":"https:\/\/patagoniambiental.com.ar\/info\/wp-json\/wp\/v2\/types\/post"}],"author":[{"embeddable":true,"href":"https:\/\/patagoniambiental.com.ar\/info\/wp-json\/wp\/v2\/users\/2"}],"replies":[{"embeddable":true,"href":"https:\/\/patagoniambiental.com.ar\/info\/wp-json\/wp\/v2\/comments?post=37467"}],"version-history":[{"count":0,"href":"https:\/\/patagoniambiental.com.ar\/info\/wp-json\/wp\/v2\/posts\/37467\/revisions"}],"wp:featuredmedia":[{"embeddable":true,"href":"https:\/\/patagoniambiental.com.ar\/info\/wp-json\/wp\/v2\/media\/37468"}],"wp:attachment":[{"href":"https:\/\/patagoniambiental.com.ar\/info\/wp-json\/wp\/v2\/media?parent=37467"}],"wp:term":[{"taxonomy":"category","embeddable":true,"href":"https:\/\/patagoniambiental.com.ar\/info\/wp-json\/wp\/v2\/categories?post=37467"},{"taxonomy":"post_tag","embeddable":true,"href":"https:\/\/patagoniambiental.com.ar\/info\/wp-json\/wp\/v2\/tags?post=37467"}],"curies":[{"name":"wp","href":"https:\/\/api.w.org\/{rel}","templated":true}]}}