{"id":37477,"date":"2017-11-01T19:00:32","date_gmt":"2017-11-01T22:00:32","guid":{"rendered":"http:\/\/patagoniambiental.com.ar\/info\/?p=37477"},"modified":"2017-11-01T13:29:01","modified_gmt":"2017-11-01T16:29:01","slug":"el-frepam-pregunta-por-la-calidad-del-agua-que-va-por-el-acueducto-del-rio-colorado","status":"publish","type":"post","link":"https:\/\/patagoniambiental.com.ar\/info\/el-frepam-pregunta-por-la-calidad-del-agua-que-va-por-el-acueducto-del-rio-colorado\/","title":{"rendered":"El FrePam pregunta por la calidad del agua que va por el acueducto del r\u00edo Colorado"},"content":{"rendered":"<p>Rio Colorado.-Autoridades rionegrinas advierten que se podr\u00edan estar \u201ccontaminando\u201d las aguas. El intendente de Rio Colorado pretende intimar al gobierno provincial a trav\u00e9s de COIRCO.\u00a0<strong>El diputado Abel Sabarots (FrePam) pide informes.<\/strong><!--more--><\/p>\n<p>El diputado Abel Sabarots present\u00f3 un pedido de informes para que el gobierno provincial brinde datos certeros respecto de la calidad del agua del acueducto del r\u00edo Colorado. Reclama estudios de impacto ambiental y otras precisiones, frente a las versiones que circulan en R\u00edo Negro respecto de que nuestra provincia en alg\u00fan punto \u201ccontamina\u201d el agua.<\/p>\n<p>Sabarots recuerda que La Pampa viene haciendo una bandera de sus recursos h\u00eddricos y no puede permitirse el silencio frente a los planteos que se formalizar\u00edan en el Comit\u00e9 Interjurisdiccional del R\u00edo Colorado (COIRCO).<\/p>\n<p>El bloque de diputados del Frente Pampeano pidi\u00f3 al Poder Ejecutivo Provincial que, tal como lo establece el art\u00edculo 68 inciso 8 de la Constituci\u00f3n Provincial, por intermedio de los organismos pertinentes informe y acompa\u00f1e con la documentaci\u00f3n necesaria sobre los siguientes puntos:<\/p>\n<p>1) Estudios de impacto ambiental realizados previamente a la construcci\u00f3n del acueducto del rio Colorado y las actualizaciones que pudieran haberse hecho desde su puesta en funcionamiento y hasta el d\u00eda de la fecha;<\/p>\n<p>2) Toda comunicaci\u00f3n recibida sobre estudios de calidad del agua realizado por organismos vinculados e interesados en la problem\u00e1tica del r\u00edo Colorado, cualquiera sea su jurisdicci\u00f3n, como el Comit\u00e9 Interjurisdiccional del Rio Colorado (COIRCO), Administraci\u00f3n Provincial del Agua, Departamento Provincial de Aguas (R\u00edo Negro), Aguas Rionegrinas S.A.<\/p>\n<p>3) Toda notificaci\u00f3n, reclamo, intimaci\u00f3n, sugerencia o recomendaci\u00f3n de cualquier organismo p\u00fablico o privado que, en car\u00e1cter de interesado se haya recibido, en tanto los mismos se basen en supuestos por haberse vistos afectados por la calidad del agua o alteraci\u00f3n de la misma, y que tenga o pueda tener efectos sobre poblaci\u00f3n \u201ccercana\u201d o \u201caguas abajo\u201d de la toma del Acueducto R\u00edo Colorado.<\/p>\n<p>4) Si la planta constru\u00edda a la vera del r\u00edo Colorado para la captaci\u00f3n de agua para abastecer al acueducto, incluye instalaciones que aseguren la no contaminaci\u00f3n del curso h\u00eddrico con el volcado de productos utilizados en el proceso.<\/p>\n<p><strong>La \u201ccontaminaci\u00f3n\u201d<\/strong><\/p>\n<p>La iniciativa refiere a versiones respecto de que se est\u00e9n \u201ccontaminando\u201d las aguas del R\u00edo Colorado, luego de que se hicieran p\u00fablicas las intenciones del intendente de Rio Colorado de intimar a trav\u00e9s de COIRCO al gobierno provincial.<\/p>\n<p>Una noticia del diario R\u00edo Negro aludi\u00f3 a esa posibilidad: se reuni\u00f3 el intendente de Rio Colorado (R\u00edo Negro), Gustavo San Rom\u00e1n, con el Departamento Provincial del Agua y el \u00c1rea de Medio Ambiente de ese municipio, para analizar los estudios realizados sobre las \u201caguas abajo del Acueducto del Rio Colorado\u201d.<\/p>\n<p>Se ha se\u00f1alado a la empresa \u201cAguas del Colorado\u201d SAPEM como responsable de la p\u00e9rdida de calidad aguas debajo de \u201cPichi Mahuida\u201d que se estar\u00eda registrando desde que comenz\u00f3 a funcionar el Acueducto.<\/p>\n<p>Seg\u00fan datos period\u00edsticos, desde aquel momento ya se reclamaba por una creciente salinidad en el agua a partir de donde nace el acueducto, por supuestas faltas de obras de depuraci\u00f3n a la salida de la descarga de la planta potabilizadora, destaca el diputado Sabarots.<\/p>\n<p>El informe t\u00e9cnico solicitado a \u201cAguas Rionegrinas\u201d S. A. por el cuerpo legislativo de la localidad de R\u00edo Colorado, detall\u00f3 que la salinidad del rio Colorado, mantiene una curva ascendente en forma permanente desde el a\u00f1o 2005, seg\u00fan puntualiz\u00f3 el Ingeniero Eduardo Biotti, gerente de explotaci\u00f3n de ARSA.<\/p>\n<p>Admiti\u00f3 que existen altos niveles de concentraci\u00f3n de aluminio en el agua a la salida del acueducto pampeano en la zona de Pichi Mahuida, cuyo efecto tiene lugar aguas abajo en esas cercan\u00edas. El presidente del COIRCO en ese momento, Miguel Boyero, admiti\u00f3 que eran necesarias obras de depuraci\u00f3n a la salida de la descarga de la planta potabilizadora de la planta Pichi Mahuida.<\/p>\n<p>El FrePam remarca que hoy vuelven a realizarse acusaciones p\u00fablicas al gobierno pampeano por arrojar efluentes sin tratar al r\u00edo y se conoce que se intimar\u00eda a la provincia ante el COIRCO para que cese con dicha contaminaci\u00f3n.<\/p>\n<p>\u201cToda esta problem\u00e1tica es de honda repercusi\u00f3n e indudable importancia\u201d, asever\u00f3 Sabarots. Y record\u00f3 que la Provincia \u201cha hecho siempre de los recursos h\u00eddricos, una bandera que ha flameado en lo m\u00e1s alto de los m\u00e1stiles de los justos reclamos. Nos interesa no s\u00f3lo los recursos, sino tambi\u00e9n la calidad de los mismos, y consecuentemente su racional uso para que nuestras futuras generaciones no sufran el dispendio que hoy podamos permitirnos. No debemos admitir en ning\u00fan momento, que se nos cuestionen tales principios. Pero si alguien lo hace, debemos reaccionar r\u00e1pida y positivamente ante cualquier desliz u error que hayamos cometido\u201d.<\/p>\n<p>Fuente:\u00a0http:\/\/www.eldiariodelapampa.com.ar\/index.php\/108-portada\/terciario\/36037-el-frepam-pregunta-por-la-calidad-del-agua-que-va-por-el-acueducto-del-colorado<\/p>\n","protected":false},"excerpt":{"rendered":"<p>Rio Colorado.-Autoridades rionegrinas advierten que se podr\u00edan estar \u201ccontaminando\u201d las aguas. El intendente de Rio Colorado pretende intimar al gobierno [&hellip;]<\/p>\n","protected":false},"author":2,"featured_media":37481,"comment_status":"open","ping_status":"open","sticky":false,"template":"","format":"standard","meta":{"site-sidebar-layout":"default","site-content-layout":"","ast-site-content-layout":"default","site-content-style":"default","site-sidebar-style":"default","ast-global-header-display":"","ast-banner-title-visibility":"","ast-main-header-display":"","ast-hfb-above-header-display":"","ast-hfb-below-header-display":"","ast-hfb-mobile-header-display":"","site-post-title":"","ast-breadcrumbs-content":"","ast-featured-img":"","footer-sml-layout":"","ast-disable-related-posts":"","theme-transparent-header-meta":"","adv-header-id-meta":"","stick-header-meta":"","header-above-stick-meta":"","header-main-stick-meta":"","header-below-stick-meta":"","astra-migrate-meta-layouts":"default","ast-page-background-enabled":"default","ast-page-background-meta":{"desktop":{"background-color":"var(--ast-global-color-5)","background-image":"","background-repeat":"repeat","background-position":"center center","background-size":"auto","background-attachment":"scroll","background-type":"","background-media":"","overlay-type":"","overlay-color":"","overlay-opacity":"","overlay-gradient":""},"tablet":{"background-color":"","background-image":"","background-repeat":"repeat","background-position":"center center","background-size":"auto","background-attachment":"scroll","background-type":"","background-media":"","overlay-type":"","overlay-color":"","overlay-opacity":"","overlay-gradient":""},"mobile":{"background-color":"","background-image":"","background-repeat":"repeat","background-position":"center center","background-size":"auto","background-attachment":"scroll","background-type":"","background-media":"","overlay-type":"","overlay-color":"","overlay-opacity":"","overlay-gradient":""}},"ast-content-background-meta":{"desktop":{"background-color":"var(--ast-global-color-4)","background-image":"","background-repeat":"repeat","background-position":"center center","background-size":"auto","background-attachment":"scroll","background-type":"","background-media":"","overlay-type":"","overlay-color":"","overlay-opacity":"","overlay-gradient":""},"tablet":{"background-color":"var(--ast-global-color-4)","background-image":"","background-repeat":"repeat","background-position":"center center","background-size":"auto","background-attachment":"scroll","background-type":"","background-media":"","overlay-type":"","overlay-color":"","overlay-opacity":"","overlay-gradient":""},"mobile":{"background-color":"var(--ast-global-color-4)","background-image":"","background-repeat":"repeat","background-position":"center center","background-size":"auto","background-attachment":"scroll","background-type":"","background-media":"","overlay-type":"","overlay-color":"","overlay-opacity":"","overlay-gradient":""}},"footnotes":""},"categories":[1,13,14],"tags":[],"class_list":["post-37477","post","type-post","status-publish","format-standard","has-post-thumbnail","hentry","category-noticias","category-provinciales","category-rio-negro"],"yoast_head":"<!-- This site is optimized with the Yoast SEO Premium plugin v23.0 (Yoast SEO v27.5) - https:\/\/yoast.com\/product\/yoast-seo-premium-wordpress\/ -->\n<title>El FrePam pregunta por la calidad del agua que va por el acueducto del r\u00edo Colorado<\/title>\n<meta name=\"robots\" content=\"index, follow, max-snippet:-1, max-image-preview:large, max-video-preview:-1\" \/>\n<link rel=\"canonical\" href=\"https:\/\/patagoniambiental.com.ar\/info\/el-frepam-pregunta-por-la-calidad-del-agua-que-va-por-el-acueducto-del-rio-colorado\/\" \/>\n<meta property=\"og:locale\" content=\"es_ES\" \/>\n<meta property=\"og:type\" content=\"article\" \/>\n<meta property=\"og:title\" content=\"El FrePam pregunta por la calidad del agua que va por el acueducto del r\u00edo Colorado\" \/>\n<meta property=\"og:description\" content=\"Rio Colorado.-Autoridades rionegrinas advierten que se podr\u00edan estar \u201ccontaminando\u201d las aguas. El intendente de Rio Colorado pretende intimar al gobierno [&hellip;]\" \/>\n<meta property=\"og:url\" content=\"https:\/\/patagoniambiental.com.ar\/info\/el-frepam-pregunta-por-la-calidad-del-agua-que-va-por-el-acueducto-del-rio-colorado\/\" \/>\n<meta property=\"og:site_name\" content=\"Patagonia Ambiental\" \/>\n<meta property=\"article:publisher\" content=\"https:\/\/www.facebook.com\/patagonia.ambiental\" \/>\n<meta property=\"article:author\" content=\"https:\/\/www.facebook.com\/share\/1C1V8Gv9BX\/?mibextid=qi2Omg\" \/>\n<meta property=\"article:published_time\" content=\"2017-11-01T22:00:32+00:00\" \/>\n<meta property=\"og:image\" content=\"https:\/\/patagoniambiental.com.ar\/info\/wp-content\/uploads\/2017\/11\/sabarots.jpg\" \/>\n\t<meta property=\"og:image:width\" content=\"650\" \/>\n\t<meta property=\"og:image:height\" content=\"466\" \/>\n\t<meta property=\"og:image:type\" content=\"image\/jpeg\" \/>\n<meta name=\"author\" content=\"Patagonia Ambiental\" \/>\n<meta name=\"twitter:card\" content=\"summary_large_image\" \/>\n<meta name=\"twitter:creator\" content=\"@PatAmb\" \/>\n<meta name=\"twitter:site\" content=\"@PatAmb\" \/>\n<script type=\"application\/ld+json\" class=\"yoast-schema-graph\">{\"@context\":\"https:\\\/\\\/schema.org\",\"@graph\":[{\"@type\":\"Article\",\"@id\":\"https:\\\/\\\/patagoniambiental.com.ar\\\/info\\\/el-frepam-pregunta-por-la-calidad-del-agua-que-va-por-el-acueducto-del-rio-colorado\\\/#article\",\"isPartOf\":{\"@id\":\"https:\\\/\\\/patagoniambiental.com.ar\\\/info\\\/el-frepam-pregunta-por-la-calidad-del-agua-que-va-por-el-acueducto-del-rio-colorado\\\/\"},\"author\":{\"name\":\"Patagonia Ambiental\",\"@id\":\"https:\\\/\\\/patagoniambiental.com.ar\\\/info\\\/#\\\/schema\\\/person\\\/db12bff64bbcbf6a253710bf0ea37b5d\"},\"headline\":\"El FrePam pregunta por la calidad del agua que va por el acueducto del r\u00edo Colorado\",\"datePublished\":\"2017-11-01T22:00:32+00:00\",\"mainEntityOfPage\":{\"@id\":\"https:\\\/\\\/patagoniambiental.com.ar\\\/info\\\/el-frepam-pregunta-por-la-calidad-del-agua-que-va-por-el-acueducto-del-rio-colorado\\\/\"},\"wordCount\":859,\"commentCount\":0,\"publisher\":{\"@id\":\"https:\\\/\\\/patagoniambiental.com.ar\\\/info\\\/#organization\"},\"image\":{\"@id\":\"https:\\\/\\\/patagoniambiental.com.ar\\\/info\\\/el-frepam-pregunta-por-la-calidad-del-agua-que-va-por-el-acueducto-del-rio-colorado\\\/#primaryimage\"},\"thumbnailUrl\":\"https:\\\/\\\/patagoniambiental.com.ar\\\/info\\\/wp-content\\\/uploads\\\/2017\\\/11\\\/sabarots.jpg\",\"articleSection\":[\"Noticias\",\"Provinciales\",\"R\u00edo Negro\"],\"inLanguage\":\"es\",\"potentialAction\":[{\"@type\":\"CommentAction\",\"name\":\"Comment\",\"target\":[\"https:\\\/\\\/patagoniambiental.com.ar\\\/info\\\/el-frepam-pregunta-por-la-calidad-del-agua-que-va-por-el-acueducto-del-rio-colorado\\\/#respond\"]}]},{\"@type\":\"WebPage\",\"@id\":\"https:\\\/\\\/patagoniambiental.com.ar\\\/info\\\/el-frepam-pregunta-por-la-calidad-del-agua-que-va-por-el-acueducto-del-rio-colorado\\\/\",\"url\":\"https:\\\/\\\/patagoniambiental.com.ar\\\/info\\\/el-frepam-pregunta-por-la-calidad-del-agua-que-va-por-el-acueducto-del-rio-colorado\\\/\",\"name\":\"El FrePam pregunta por la calidad del agua que va por el acueducto del r\u00edo Colorado\",\"isPartOf\":{\"@id\":\"https:\\\/\\\/patagoniambiental.com.ar\\\/info\\\/#website\"},\"primaryImageOfPage\":{\"@id\":\"https:\\\/\\\/patagoniambiental.com.ar\\\/info\\\/el-frepam-pregunta-por-la-calidad-del-agua-que-va-por-el-acueducto-del-rio-colorado\\\/#primaryimage\"},\"image\":{\"@id\":\"https:\\\/\\\/patagoniambiental.com.ar\\\/info\\\/el-frepam-pregunta-por-la-calidad-del-agua-que-va-por-el-acueducto-del-rio-colorado\\\/#primaryimage\"},\"thumbnailUrl\":\"https:\\\/\\\/patagoniambiental.com.ar\\\/info\\\/wp-content\\\/uploads\\\/2017\\\/11\\\/sabarots.jpg\",\"datePublished\":\"2017-11-01T22:00:32+00:00\",\"breadcrumb\":{\"@id\":\"https:\\\/\\\/patagoniambiental.com.ar\\\/info\\\/el-frepam-pregunta-por-la-calidad-del-agua-que-va-por-el-acueducto-del-rio-colorado\\\/#breadcrumb\"},\"inLanguage\":\"es\",\"potentialAction\":[{\"@type\":\"ReadAction\",\"target\":[\"https:\\\/\\\/patagoniambiental.com.ar\\\/info\\\/el-frepam-pregunta-por-la-calidad-del-agua-que-va-por-el-acueducto-del-rio-colorado\\\/\"]}]},{\"@type\":\"ImageObject\",\"inLanguage\":\"es\",\"@id\":\"https:\\\/\\\/patagoniambiental.com.ar\\\/info\\\/el-frepam-pregunta-por-la-calidad-del-agua-que-va-por-el-acueducto-del-rio-colorado\\\/#primaryimage\",\"url\":\"https:\\\/\\\/patagoniambiental.com.ar\\\/info\\\/wp-content\\\/uploads\\\/2017\\\/11\\\/sabarots.jpg\",\"contentUrl\":\"https:\\\/\\\/patagoniambiental.com.ar\\\/info\\\/wp-content\\\/uploads\\\/2017\\\/11\\\/sabarots.jpg\",\"width\":650,\"height\":466},{\"@type\":\"BreadcrumbList\",\"@id\":\"https:\\\/\\\/patagoniambiental.com.ar\\\/info\\\/el-frepam-pregunta-por-la-calidad-del-agua-que-va-por-el-acueducto-del-rio-colorado\\\/#breadcrumb\",\"itemListElement\":[{\"@type\":\"ListItem\",\"position\":1,\"name\":\"Inicio\",\"item\":\"https:\\\/\\\/patagoniambiental.com.ar\\\/info\\\/\"},{\"@type\":\"ListItem\",\"position\":2,\"name\":\"El FrePam pregunta por la calidad del agua que va por el acueducto del r\u00edo Colorado\"}]},{\"@type\":\"WebSite\",\"@id\":\"https:\\\/\\\/patagoniambiental.com.ar\\\/info\\\/#website\",\"url\":\"https:\\\/\\\/patagoniambiental.com.ar\\\/info\\\/\",\"name\":\"Patagonia Ambiental\",\"description\":\"Monitoreo y an\u00e1lisis de la situaci\u00f3n geopol\u00edtica en el mundo y su implicancia en la Patagonia\",\"publisher\":{\"@id\":\"https:\\\/\\\/patagoniambiental.com.ar\\\/info\\\/#organization\"},\"potentialAction\":[{\"@type\":\"SearchAction\",\"target\":{\"@type\":\"EntryPoint\",\"urlTemplate\":\"https:\\\/\\\/patagoniambiental.com.ar\\\/info\\\/?s={search_term_string}\"},\"query-input\":{\"@type\":\"PropertyValueSpecification\",\"valueRequired\":true,\"valueName\":\"search_term_string\"}}],\"inLanguage\":\"es\"},{\"@type\":\"Organization\",\"@id\":\"https:\\\/\\\/patagoniambiental.com.ar\\\/info\\\/#organization\",\"name\":\"Patagonia Ambiental\",\"url\":\"https:\\\/\\\/patagoniambiental.com.ar\\\/info\\\/\",\"logo\":{\"@type\":\"ImageObject\",\"inLanguage\":\"es\",\"@id\":\"https:\\\/\\\/patagoniambiental.com.ar\\\/info\\\/#\\\/schema\\\/logo\\\/image\\\/\",\"url\":\"https:\\\/\\\/patagoniambiental.com.ar\\\/info\\\/wp-content\\\/uploads\\\/2025\\\/05\\\/LOGO-PATAGONIA-AMBIENTAL.png\",\"contentUrl\":\"https:\\\/\\\/patagoniambiental.com.ar\\\/info\\\/wp-content\\\/uploads\\\/2025\\\/05\\\/LOGO-PATAGONIA-AMBIENTAL.png\",\"width\":433,\"height\":250,\"caption\":\"Patagonia Ambiental\"},\"image\":{\"@id\":\"https:\\\/\\\/patagoniambiental.com.ar\\\/info\\\/#\\\/schema\\\/logo\\\/image\\\/\"},\"sameAs\":[\"https:\\\/\\\/www.facebook.com\\\/patagonia.ambiental\",\"https:\\\/\\\/x.com\\\/PatAmb\"]},{\"@type\":\"Person\",\"@id\":\"https:\\\/\\\/patagoniambiental.com.ar\\\/info\\\/#\\\/schema\\\/person\\\/db12bff64bbcbf6a253710bf0ea37b5d\",\"name\":\"Patagonia Ambiental\",\"description\":\"Andr\u00e9s Nievas T\u00e9cnico en manejo ambiental, consultor Ambiental y escritor para medios locales e internacionales sobre temas de geopolitica y medio ambiente.\",\"sameAs\":[\"http:\\\/\\\/www.patagoniambiental.com.ar\",\"https:\\\/\\\/www.facebook.com\\\/share\\\/1C1V8Gv9BX\\\/?mibextid=qi2Omg\",\"@patagoniambiental\",\"https:\\\/\\\/youtube.com\\\/@patagoniaambiental2023?si=BLt58t0wuXquxlYZ\"]}]}<\/script>\n<!-- \/ Yoast SEO Premium plugin. -->","yoast_head_json":{"title":"El FrePam pregunta por la calidad del agua que va por el acueducto del r\u00edo Colorado","robots":{"index":"index","follow":"follow","max-snippet":"max-snippet:-1","max-image-preview":"max-image-preview:large","max-video-preview":"max-video-preview:-1"},"canonical":"https:\/\/patagoniambiental.com.ar\/info\/el-frepam-pregunta-por-la-calidad-del-agua-que-va-por-el-acueducto-del-rio-colorado\/","og_locale":"es_ES","og_type":"article","og_title":"El FrePam pregunta por la calidad del agua que va por el acueducto del r\u00edo Colorado","og_description":"Rio Colorado.-Autoridades rionegrinas advierten que se podr\u00edan estar \u201ccontaminando\u201d las aguas. El intendente de Rio Colorado pretende intimar al gobierno [&hellip;]","og_url":"https:\/\/patagoniambiental.com.ar\/info\/el-frepam-pregunta-por-la-calidad-del-agua-que-va-por-el-acueducto-del-rio-colorado\/","og_site_name":"Patagonia Ambiental","article_publisher":"https:\/\/www.facebook.com\/patagonia.ambiental","article_author":"https:\/\/www.facebook.com\/share\/1C1V8Gv9BX\/?mibextid=qi2Omg","article_published_time":"2017-11-01T22:00:32+00:00","og_image":[{"width":650,"height":466,"url":"https:\/\/patagoniambiental.com.ar\/info\/wp-content\/uploads\/2017\/11\/sabarots.jpg","type":"image\/jpeg"}],"author":"Patagonia Ambiental","twitter_card":"summary_large_image","twitter_creator":"@PatAmb","twitter_site":"@PatAmb","schema":{"@context":"https:\/\/schema.org","@graph":[{"@type":"Article","@id":"https:\/\/patagoniambiental.com.ar\/info\/el-frepam-pregunta-por-la-calidad-del-agua-que-va-por-el-acueducto-del-rio-colorado\/#article","isPartOf":{"@id":"https:\/\/patagoniambiental.com.ar\/info\/el-frepam-pregunta-por-la-calidad-del-agua-que-va-por-el-acueducto-del-rio-colorado\/"},"author":{"name":"Patagonia Ambiental","@id":"https:\/\/patagoniambiental.com.ar\/info\/#\/schema\/person\/db12bff64bbcbf6a253710bf0ea37b5d"},"headline":"El FrePam pregunta por la calidad del agua que va por el acueducto del r\u00edo Colorado","datePublished":"2017-11-01T22:00:32+00:00","mainEntityOfPage":{"@id":"https:\/\/patagoniambiental.com.ar\/info\/el-frepam-pregunta-por-la-calidad-del-agua-que-va-por-el-acueducto-del-rio-colorado\/"},"wordCount":859,"commentCount":0,"publisher":{"@id":"https:\/\/patagoniambiental.com.ar\/info\/#organization"},"image":{"@id":"https:\/\/patagoniambiental.com.ar\/info\/el-frepam-pregunta-por-la-calidad-del-agua-que-va-por-el-acueducto-del-rio-colorado\/#primaryimage"},"thumbnailUrl":"https:\/\/patagoniambiental.com.ar\/info\/wp-content\/uploads\/2017\/11\/sabarots.jpg","articleSection":["Noticias","Provinciales","R\u00edo Negro"],"inLanguage":"es","potentialAction":[{"@type":"CommentAction","name":"Comment","target":["https:\/\/patagoniambiental.com.ar\/info\/el-frepam-pregunta-por-la-calidad-del-agua-que-va-por-el-acueducto-del-rio-colorado\/#respond"]}]},{"@type":"WebPage","@id":"https:\/\/patagoniambiental.com.ar\/info\/el-frepam-pregunta-por-la-calidad-del-agua-que-va-por-el-acueducto-del-rio-colorado\/","url":"https:\/\/patagoniambiental.com.ar\/info\/el-frepam-pregunta-por-la-calidad-del-agua-que-va-por-el-acueducto-del-rio-colorado\/","name":"El FrePam pregunta por la calidad del agua que va por el acueducto del r\u00edo Colorado","isPartOf":{"@id":"https:\/\/patagoniambiental.com.ar\/info\/#website"},"primaryImageOfPage":{"@id":"https:\/\/patagoniambiental.com.ar\/info\/el-frepam-pregunta-por-la-calidad-del-agua-que-va-por-el-acueducto-del-rio-colorado\/#primaryimage"},"image":{"@id":"https:\/\/patagoniambiental.com.ar\/info\/el-frepam-pregunta-por-la-calidad-del-agua-que-va-por-el-acueducto-del-rio-colorado\/#primaryimage"},"thumbnailUrl":"https:\/\/patagoniambiental.com.ar\/info\/wp-content\/uploads\/2017\/11\/sabarots.jpg","datePublished":"2017-11-01T22:00:32+00:00","breadcrumb":{"@id":"https:\/\/patagoniambiental.com.ar\/info\/el-frepam-pregunta-por-la-calidad-del-agua-que-va-por-el-acueducto-del-rio-colorado\/#breadcrumb"},"inLanguage":"es","potentialAction":[{"@type":"ReadAction","target":["https:\/\/patagoniambiental.com.ar\/info\/el-frepam-pregunta-por-la-calidad-del-agua-que-va-por-el-acueducto-del-rio-colorado\/"]}]},{"@type":"ImageObject","inLanguage":"es","@id":"https:\/\/patagoniambiental.com.ar\/info\/el-frepam-pregunta-por-la-calidad-del-agua-que-va-por-el-acueducto-del-rio-colorado\/#primaryimage","url":"https:\/\/patagoniambiental.com.ar\/info\/wp-content\/uploads\/2017\/11\/sabarots.jpg","contentUrl":"https:\/\/patagoniambiental.com.ar\/info\/wp-content\/uploads\/2017\/11\/sabarots.jpg","width":650,"height":466},{"@type":"BreadcrumbList","@id":"https:\/\/patagoniambiental.com.ar\/info\/el-frepam-pregunta-por-la-calidad-del-agua-que-va-por-el-acueducto-del-rio-colorado\/#breadcrumb","itemListElement":[{"@type":"ListItem","position":1,"name":"Inicio","item":"https:\/\/patagoniambiental.com.ar\/info\/"},{"@type":"ListItem","position":2,"name":"El FrePam pregunta por la calidad del agua que va por el acueducto del r\u00edo Colorado"}]},{"@type":"WebSite","@id":"https:\/\/patagoniambiental.com.ar\/info\/#website","url":"https:\/\/patagoniambiental.com.ar\/info\/","name":"Patagonia Ambiental","description":"Monitoreo y an\u00e1lisis de la situaci\u00f3n geopol\u00edtica en el mundo y su implicancia en la Patagonia","publisher":{"@id":"https:\/\/patagoniambiental.com.ar\/info\/#organization"},"potentialAction":[{"@type":"SearchAction","target":{"@type":"EntryPoint","urlTemplate":"https:\/\/patagoniambiental.com.ar\/info\/?s={search_term_string}"},"query-input":{"@type":"PropertyValueSpecification","valueRequired":true,"valueName":"search_term_string"}}],"inLanguage":"es"},{"@type":"Organization","@id":"https:\/\/patagoniambiental.com.ar\/info\/#organization","name":"Patagonia Ambiental","url":"https:\/\/patagoniambiental.com.ar\/info\/","logo":{"@type":"ImageObject","inLanguage":"es","@id":"https:\/\/patagoniambiental.com.ar\/info\/#\/schema\/logo\/image\/","url":"https:\/\/patagoniambiental.com.ar\/info\/wp-content\/uploads\/2025\/05\/LOGO-PATAGONIA-AMBIENTAL.png","contentUrl":"https:\/\/patagoniambiental.com.ar\/info\/wp-content\/uploads\/2025\/05\/LOGO-PATAGONIA-AMBIENTAL.png","width":433,"height":250,"caption":"Patagonia Ambiental"},"image":{"@id":"https:\/\/patagoniambiental.com.ar\/info\/#\/schema\/logo\/image\/"},"sameAs":["https:\/\/www.facebook.com\/patagonia.ambiental","https:\/\/x.com\/PatAmb"]},{"@type":"Person","@id":"https:\/\/patagoniambiental.com.ar\/info\/#\/schema\/person\/db12bff64bbcbf6a253710bf0ea37b5d","name":"Patagonia Ambiental","description":"Andr\u00e9s Nievas T\u00e9cnico en manejo ambiental, consultor Ambiental y escritor para medios locales e internacionales sobre temas de geopolitica y medio ambiente.","sameAs":["http:\/\/www.patagoniambiental.com.ar","https:\/\/www.facebook.com\/share\/1C1V8Gv9BX\/?mibextid=qi2Omg","@patagoniambiental","https:\/\/youtube.com\/@patagoniaambiental2023?si=BLt58t0wuXquxlYZ"]}]}},"_links":{"self":[{"href":"https:\/\/patagoniambiental.com.ar\/info\/wp-json\/wp\/v2\/posts\/37477","targetHints":{"allow":["GET"]}}],"collection":[{"href":"https:\/\/patagoniambiental.com.ar\/info\/wp-json\/wp\/v2\/posts"}],"about":[{"href":"https:\/\/patagoniambiental.com.ar\/info\/wp-json\/wp\/v2\/types\/post"}],"author":[{"embeddable":true,"href":"https:\/\/patagoniambiental.com.ar\/info\/wp-json\/wp\/v2\/users\/2"}],"replies":[{"embeddable":true,"href":"https:\/\/patagoniambiental.com.ar\/info\/wp-json\/wp\/v2\/comments?post=37477"}],"version-history":[{"count":0,"href":"https:\/\/patagoniambiental.com.ar\/info\/wp-json\/wp\/v2\/posts\/37477\/revisions"}],"wp:featuredmedia":[{"embeddable":true,"href":"https:\/\/patagoniambiental.com.ar\/info\/wp-json\/wp\/v2\/media\/37481"}],"wp:attachment":[{"href":"https:\/\/patagoniambiental.com.ar\/info\/wp-json\/wp\/v2\/media?parent=37477"}],"wp:term":[{"taxonomy":"category","embeddable":true,"href":"https:\/\/patagoniambiental.com.ar\/info\/wp-json\/wp\/v2\/categories?post=37477"},{"taxonomy":"post_tag","embeddable":true,"href":"https:\/\/patagoniambiental.com.ar\/info\/wp-json\/wp\/v2\/tags?post=37477"}],"curies":[{"name":"wp","href":"https:\/\/api.w.org\/{rel}","templated":true}]}}