{"id":37492,"date":"2017-11-02T09:00:07","date_gmt":"2017-11-02T12:00:07","guid":{"rendered":"http:\/\/patagoniambiental.com.ar\/info\/?p=37492"},"modified":"2017-11-02T09:36:21","modified_gmt":"2017-11-02T12:36:21","slug":"en-resguardo-de-los-ecosistemas-ambiente-realiza-investigaciones-por-la-aparicion-de-fauna-silvestre-en-viedma","status":"publish","type":"post","link":"https:\/\/patagoniambiental.com.ar\/info\/en-resguardo-de-los-ecosistemas-ambiente-realiza-investigaciones-por-la-aparicion-de-fauna-silvestre-en-viedma\/","title":{"rendered":"En resguardo de los ecosistemas  Ambiente realiza investigaciones por la aparici\u00f3n de fauna silvestre en Viedma"},"content":{"rendered":"<p class=\"x_MsoNormal\"><i>Viedma.-Esto surgi\u00f3 a ra\u00edz de la aparici\u00f3n de un nuevo charito en el centro de la capital provincial. Hace un par de d\u00edas se hab\u00eda encontrado otro ejemplar de similar edad en una zona muy pr\u00f3xima.<\/i><\/p>\n<p class=\"x_MsoNormal\"><!--more--><\/p>\n<p class=\"x_MsoNormal\">El caso de ayer a la ma\u00f1ana alert\u00f3 de manera significativa a los t\u00e9cnicos del organismo provincial, ya que no se tratar\u00eda de un hecho aislado, y\u00a0\u00a0se deduce que los animales habr\u00edan sido trasladados por alguna persona irresponsable que los saco de su h\u00e1bitat natural.<\/p>\n<p class=\"x_MsoNormal\">Al igual que el otro ejemplar, el mismo fue trasladado a una chacra de la localidad para tenerlos en resguardo hasta tanto tengan la edad suficiente para dejarlos en libertad.<\/p>\n<p class=\"x_MsoNormal\">Tanto la captura, como la tenencia, transporte, comercializaci\u00f3n, de especies de la fauna silvestre, constituyen un delito en todo el pa\u00eds, y son penados por la Ley Nacional de Fauna N\u00b0 22421 y la Ley Provincial N\u00b0 2056,\u00a0\u00a0con severas multas y hasta con prisi\u00f3n.<\/p>\n<p class=\"x_MsoNormal\">Por otro lado, es importante recordar que desde la Secretar\u00eda se trabaja, en conjunto con los guardas ambientales y guarda faunas honorarios en una campa\u00f1a sobre la tenencia y tr\u00e1fico ilegal de fauna silvestre y mascotismo.<\/p>\n<p class=\"x_MsoNormal\">En los \u00faltimos a\u00f1os, y a partir de esta campa\u00f1a, se han recuperado y liberado cientos de animales silvestres que se encontraban privados de su libertad, que en su gran mayor\u00eda aves, algunas en peligro de extinci\u00f3n.<\/p>\n<p class=\"x_MsoNormal\">Tambi\u00e9n es importante recordar que los animales silvestres en cautiverio pueden ser transmisores de graves enfermedades,\u00a0\u00a0ya que se deprimen, estresan, y contraen enfermedades que pueden llegar a ser mortales para el ser humano.<\/p>\n<p><b><span lang=\"ES-AR\">Fuente: GOBIERNO DE R\u00cdO NEGRO<\/span><\/b><span lang=\"ES-AR\"><br \/>\nSecretar\u00eda de Medios<\/span><\/p>\n","protected":false},"excerpt":{"rendered":"<p>Viedma.-Esto surgi\u00f3 a ra\u00edz de la aparici\u00f3n de un nuevo charito en el centro de la capital provincial. Hace un [&hellip;]<\/p>\n","protected":false},"author":2,"featured_media":37493,"comment_status":"open","ping_status":"open","sticky":false,"template":"","format":"standard","meta":{"site-sidebar-layout":"default","site-content-layout":"","ast-site-content-layout":"default","site-content-style":"default","site-sidebar-style":"default","ast-global-header-display":"","ast-banner-title-visibility":"","ast-main-header-display":"","ast-hfb-above-header-display":"","ast-hfb-below-header-display":"","ast-hfb-mobile-header-display":"","site-post-title":"","ast-breadcrumbs-content":"","ast-featured-img":"","footer-sml-layout":"","ast-disable-related-posts":"","theme-transparent-header-meta":"","adv-header-id-meta":"","stick-header-meta":"","header-above-stick-meta":"","header-main-stick-meta":"","header-below-stick-meta":"","astra-migrate-meta-layouts":"default","ast-page-background-enabled":"default","ast-page-background-meta":{"desktop":{"background-color":"var(--ast-global-color-5)","background-image":"","background-repeat":"repeat","background-position":"center center","background-size":"auto","background-attachment":"scroll","background-type":"","background-media":"","overlay-type":"","overlay-color":"","overlay-opacity":"","overlay-gradient":""},"tablet":{"background-color":"","background-image":"","background-repeat":"repeat","background-position":"center center","background-size":"auto","background-attachment":"scroll","background-type":"","background-media":"","overlay-type":"","overlay-color":"","overlay-opacity":"","overlay-gradient":""},"mobile":{"background-color":"","background-image":"","background-repeat":"repeat","background-position":"center center","background-size":"auto","background-attachment":"scroll","background-type":"","background-media":"","overlay-type":"","overlay-color":"","overlay-opacity":"","overlay-gradient":""}},"ast-content-background-meta":{"desktop":{"background-color":"var(--ast-global-color-4)","background-image":"","background-repeat":"repeat","background-position":"center center","background-size":"auto","background-attachment":"scroll","background-type":"","background-media":"","overlay-type":"","overlay-color":"","overlay-opacity":"","overlay-gradient":""},"tablet":{"background-color":"var(--ast-global-color-4)","background-image":"","background-repeat":"repeat","background-position":"center center","background-size":"auto","background-attachment":"scroll","background-type":"","background-media":"","overlay-type":"","overlay-color":"","overlay-opacity":"","overlay-gradient":""},"mobile":{"background-color":"var(--ast-global-color-4)","background-image":"","background-repeat":"repeat","background-position":"center center","background-size":"auto","background-attachment":"scroll","background-type":"","background-media":"","overlay-type":"","overlay-color":"","overlay-opacity":"","overlay-gradient":""}},"footnotes":""},"categories":[1,13,14],"tags":[],"class_list":["post-37492","post","type-post","status-publish","format-standard","has-post-thumbnail","hentry","category-noticias","category-provinciales","category-rio-negro"],"yoast_head":"<!-- This site is optimized with the Yoast SEO Premium plugin v23.0 (Yoast SEO v27.5) - https:\/\/yoast.com\/product\/yoast-seo-premium-wordpress\/ -->\n<title>En resguardo de los ecosistemas Ambiente realiza investigaciones por la aparici\u00f3n de fauna silvestre en Viedma<\/title>\n<meta name=\"robots\" content=\"index, follow, max-snippet:-1, max-image-preview:large, max-video-preview:-1\" \/>\n<link rel=\"canonical\" href=\"https:\/\/patagoniambiental.com.ar\/info\/en-resguardo-de-los-ecosistemas-ambiente-realiza-investigaciones-por-la-aparicion-de-fauna-silvestre-en-viedma\/\" \/>\n<meta property=\"og:locale\" content=\"es_ES\" \/>\n<meta property=\"og:type\" content=\"article\" \/>\n<meta property=\"og:title\" content=\"En resguardo de los ecosistemas Ambiente realiza investigaciones por la aparici\u00f3n de fauna silvestre en Viedma\" \/>\n<meta property=\"og:description\" content=\"Viedma.-Esto surgi\u00f3 a ra\u00edz de la aparici\u00f3n de un nuevo charito en el centro de la capital provincial. Hace un [&hellip;]\" \/>\n<meta property=\"og:url\" content=\"https:\/\/patagoniambiental.com.ar\/info\/en-resguardo-de-los-ecosistemas-ambiente-realiza-investigaciones-por-la-aparicion-de-fauna-silvestre-en-viedma\/\" \/>\n<meta property=\"og:site_name\" content=\"Patagonia Ambiental\" \/>\n<meta property=\"article:publisher\" content=\"https:\/\/www.facebook.com\/patagonia.ambiental\" \/>\n<meta property=\"article:author\" content=\"https:\/\/www.facebook.com\/share\/1C1V8Gv9BX\/?mibextid=qi2Omg\" \/>\n<meta property=\"article:published_time\" content=\"2017-11-02T12:00:07+00:00\" \/>\n<meta property=\"article:modified_time\" content=\"2017-11-02T12:36:21+00:00\" \/>\n<meta property=\"og:image\" content=\"https:\/\/patagoniambiental.com.ar\/info\/wp-content\/uploads\/2017\/11\/image_content_9009188_20171030210507.jpg\" \/>\n\t<meta property=\"og:image:width\" content=\"660\" \/>\n\t<meta property=\"og:image:height\" content=\"370\" \/>\n\t<meta property=\"og:image:type\" content=\"image\/jpeg\" \/>\n<meta name=\"author\" content=\"Patagonia Ambiental\" \/>\n<meta name=\"twitter:card\" content=\"summary_large_image\" \/>\n<meta name=\"twitter:creator\" content=\"@PatAmb\" \/>\n<meta name=\"twitter:site\" content=\"@PatAmb\" \/>\n<script type=\"application\/ld+json\" class=\"yoast-schema-graph\">{\"@context\":\"https:\\\/\\\/schema.org\",\"@graph\":[{\"@type\":\"Article\",\"@id\":\"https:\\\/\\\/patagoniambiental.com.ar\\\/info\\\/en-resguardo-de-los-ecosistemas-ambiente-realiza-investigaciones-por-la-aparicion-de-fauna-silvestre-en-viedma\\\/#article\",\"isPartOf\":{\"@id\":\"https:\\\/\\\/patagoniambiental.com.ar\\\/info\\\/en-resguardo-de-los-ecosistemas-ambiente-realiza-investigaciones-por-la-aparicion-de-fauna-silvestre-en-viedma\\\/\"},\"author\":{\"name\":\"Patagonia Ambiental\",\"@id\":\"https:\\\/\\\/patagoniambiental.com.ar\\\/info\\\/#\\\/schema\\\/person\\\/db12bff64bbcbf6a253710bf0ea37b5d\"},\"headline\":\"En resguardo de los ecosistemas Ambiente realiza investigaciones por la aparici\u00f3n de fauna silvestre en Viedma\",\"datePublished\":\"2017-11-02T12:00:07+00:00\",\"dateModified\":\"2017-11-02T12:36:21+00:00\",\"mainEntityOfPage\":{\"@id\":\"https:\\\/\\\/patagoniambiental.com.ar\\\/info\\\/en-resguardo-de-los-ecosistemas-ambiente-realiza-investigaciones-por-la-aparicion-de-fauna-silvestre-en-viedma\\\/\"},\"wordCount\":311,\"commentCount\":0,\"publisher\":{\"@id\":\"https:\\\/\\\/patagoniambiental.com.ar\\\/info\\\/#organization\"},\"image\":{\"@id\":\"https:\\\/\\\/patagoniambiental.com.ar\\\/info\\\/en-resguardo-de-los-ecosistemas-ambiente-realiza-investigaciones-por-la-aparicion-de-fauna-silvestre-en-viedma\\\/#primaryimage\"},\"thumbnailUrl\":\"https:\\\/\\\/patagoniambiental.com.ar\\\/info\\\/wp-content\\\/uploads\\\/2017\\\/11\\\/image_content_9009188_20171030210507.jpg\",\"articleSection\":[\"Noticias\",\"Provinciales\",\"R\u00edo Negro\"],\"inLanguage\":\"es\",\"potentialAction\":[{\"@type\":\"CommentAction\",\"name\":\"Comment\",\"target\":[\"https:\\\/\\\/patagoniambiental.com.ar\\\/info\\\/en-resguardo-de-los-ecosistemas-ambiente-realiza-investigaciones-por-la-aparicion-de-fauna-silvestre-en-viedma\\\/#respond\"]}]},{\"@type\":\"WebPage\",\"@id\":\"https:\\\/\\\/patagoniambiental.com.ar\\\/info\\\/en-resguardo-de-los-ecosistemas-ambiente-realiza-investigaciones-por-la-aparicion-de-fauna-silvestre-en-viedma\\\/\",\"url\":\"https:\\\/\\\/patagoniambiental.com.ar\\\/info\\\/en-resguardo-de-los-ecosistemas-ambiente-realiza-investigaciones-por-la-aparicion-de-fauna-silvestre-en-viedma\\\/\",\"name\":\"En resguardo de los ecosistemas Ambiente realiza investigaciones por la aparici\u00f3n de fauna silvestre en Viedma\",\"isPartOf\":{\"@id\":\"https:\\\/\\\/patagoniambiental.com.ar\\\/info\\\/#website\"},\"primaryImageOfPage\":{\"@id\":\"https:\\\/\\\/patagoniambiental.com.ar\\\/info\\\/en-resguardo-de-los-ecosistemas-ambiente-realiza-investigaciones-por-la-aparicion-de-fauna-silvestre-en-viedma\\\/#primaryimage\"},\"image\":{\"@id\":\"https:\\\/\\\/patagoniambiental.com.ar\\\/info\\\/en-resguardo-de-los-ecosistemas-ambiente-realiza-investigaciones-por-la-aparicion-de-fauna-silvestre-en-viedma\\\/#primaryimage\"},\"thumbnailUrl\":\"https:\\\/\\\/patagoniambiental.com.ar\\\/info\\\/wp-content\\\/uploads\\\/2017\\\/11\\\/image_content_9009188_20171030210507.jpg\",\"datePublished\":\"2017-11-02T12:00:07+00:00\",\"dateModified\":\"2017-11-02T12:36:21+00:00\",\"breadcrumb\":{\"@id\":\"https:\\\/\\\/patagoniambiental.com.ar\\\/info\\\/en-resguardo-de-los-ecosistemas-ambiente-realiza-investigaciones-por-la-aparicion-de-fauna-silvestre-en-viedma\\\/#breadcrumb\"},\"inLanguage\":\"es\",\"potentialAction\":[{\"@type\":\"ReadAction\",\"target\":[\"https:\\\/\\\/patagoniambiental.com.ar\\\/info\\\/en-resguardo-de-los-ecosistemas-ambiente-realiza-investigaciones-por-la-aparicion-de-fauna-silvestre-en-viedma\\\/\"]}]},{\"@type\":\"ImageObject\",\"inLanguage\":\"es\",\"@id\":\"https:\\\/\\\/patagoniambiental.com.ar\\\/info\\\/en-resguardo-de-los-ecosistemas-ambiente-realiza-investigaciones-por-la-aparicion-de-fauna-silvestre-en-viedma\\\/#primaryimage\",\"url\":\"https:\\\/\\\/patagoniambiental.com.ar\\\/info\\\/wp-content\\\/uploads\\\/2017\\\/11\\\/image_content_9009188_20171030210507.jpg\",\"contentUrl\":\"https:\\\/\\\/patagoniambiental.com.ar\\\/info\\\/wp-content\\\/uploads\\\/2017\\\/11\\\/image_content_9009188_20171030210507.jpg\",\"width\":660,\"height\":370},{\"@type\":\"BreadcrumbList\",\"@id\":\"https:\\\/\\\/patagoniambiental.com.ar\\\/info\\\/en-resguardo-de-los-ecosistemas-ambiente-realiza-investigaciones-por-la-aparicion-de-fauna-silvestre-en-viedma\\\/#breadcrumb\",\"itemListElement\":[{\"@type\":\"ListItem\",\"position\":1,\"name\":\"Inicio\",\"item\":\"https:\\\/\\\/patagoniambiental.com.ar\\\/info\\\/\"},{\"@type\":\"ListItem\",\"position\":2,\"name\":\"En resguardo de los ecosistemas Ambiente realiza investigaciones por la aparici\u00f3n de fauna silvestre en Viedma\"}]},{\"@type\":\"WebSite\",\"@id\":\"https:\\\/\\\/patagoniambiental.com.ar\\\/info\\\/#website\",\"url\":\"https:\\\/\\\/patagoniambiental.com.ar\\\/info\\\/\",\"name\":\"Patagonia Ambiental\",\"description\":\"Monitoreo y an\u00e1lisis de la situaci\u00f3n geopol\u00edtica en el mundo y su implicancia en la Patagonia\",\"publisher\":{\"@id\":\"https:\\\/\\\/patagoniambiental.com.ar\\\/info\\\/#organization\"},\"potentialAction\":[{\"@type\":\"SearchAction\",\"target\":{\"@type\":\"EntryPoint\",\"urlTemplate\":\"https:\\\/\\\/patagoniambiental.com.ar\\\/info\\\/?s={search_term_string}\"},\"query-input\":{\"@type\":\"PropertyValueSpecification\",\"valueRequired\":true,\"valueName\":\"search_term_string\"}}],\"inLanguage\":\"es\"},{\"@type\":\"Organization\",\"@id\":\"https:\\\/\\\/patagoniambiental.com.ar\\\/info\\\/#organization\",\"name\":\"Patagonia Ambiental\",\"url\":\"https:\\\/\\\/patagoniambiental.com.ar\\\/info\\\/\",\"logo\":{\"@type\":\"ImageObject\",\"inLanguage\":\"es\",\"@id\":\"https:\\\/\\\/patagoniambiental.com.ar\\\/info\\\/#\\\/schema\\\/logo\\\/image\\\/\",\"url\":\"https:\\\/\\\/patagoniambiental.com.ar\\\/info\\\/wp-content\\\/uploads\\\/2025\\\/05\\\/LOGO-PATAGONIA-AMBIENTAL.png\",\"contentUrl\":\"https:\\\/\\\/patagoniambiental.com.ar\\\/info\\\/wp-content\\\/uploads\\\/2025\\\/05\\\/LOGO-PATAGONIA-AMBIENTAL.png\",\"width\":433,\"height\":250,\"caption\":\"Patagonia Ambiental\"},\"image\":{\"@id\":\"https:\\\/\\\/patagoniambiental.com.ar\\\/info\\\/#\\\/schema\\\/logo\\\/image\\\/\"},\"sameAs\":[\"https:\\\/\\\/www.facebook.com\\\/patagonia.ambiental\",\"https:\\\/\\\/x.com\\\/PatAmb\"]},{\"@type\":\"Person\",\"@id\":\"https:\\\/\\\/patagoniambiental.com.ar\\\/info\\\/#\\\/schema\\\/person\\\/db12bff64bbcbf6a253710bf0ea37b5d\",\"name\":\"Patagonia Ambiental\",\"description\":\"Andr\u00e9s Nievas T\u00e9cnico en manejo ambiental, consultor Ambiental y escritor para medios locales e internacionales sobre temas de geopolitica y medio ambiente.\",\"sameAs\":[\"http:\\\/\\\/www.patagoniambiental.com.ar\",\"https:\\\/\\\/www.facebook.com\\\/share\\\/1C1V8Gv9BX\\\/?mibextid=qi2Omg\",\"@patagoniambiental\",\"https:\\\/\\\/youtube.com\\\/@patagoniaambiental2023?si=BLt58t0wuXquxlYZ\"]}]}<\/script>\n<!-- \/ Yoast SEO Premium plugin. -->","yoast_head_json":{"title":"En resguardo de los ecosistemas Ambiente realiza investigaciones por la aparici\u00f3n de fauna silvestre en Viedma","robots":{"index":"index","follow":"follow","max-snippet":"max-snippet:-1","max-image-preview":"max-image-preview:large","max-video-preview":"max-video-preview:-1"},"canonical":"https:\/\/patagoniambiental.com.ar\/info\/en-resguardo-de-los-ecosistemas-ambiente-realiza-investigaciones-por-la-aparicion-de-fauna-silvestre-en-viedma\/","og_locale":"es_ES","og_type":"article","og_title":"En resguardo de los ecosistemas Ambiente realiza investigaciones por la aparici\u00f3n de fauna silvestre en Viedma","og_description":"Viedma.-Esto surgi\u00f3 a ra\u00edz de la aparici\u00f3n de un nuevo charito en el centro de la capital provincial. Hace un [&hellip;]","og_url":"https:\/\/patagoniambiental.com.ar\/info\/en-resguardo-de-los-ecosistemas-ambiente-realiza-investigaciones-por-la-aparicion-de-fauna-silvestre-en-viedma\/","og_site_name":"Patagonia Ambiental","article_publisher":"https:\/\/www.facebook.com\/patagonia.ambiental","article_author":"https:\/\/www.facebook.com\/share\/1C1V8Gv9BX\/?mibextid=qi2Omg","article_published_time":"2017-11-02T12:00:07+00:00","article_modified_time":"2017-11-02T12:36:21+00:00","og_image":[{"width":660,"height":370,"url":"https:\/\/patagoniambiental.com.ar\/info\/wp-content\/uploads\/2017\/11\/image_content_9009188_20171030210507.jpg","type":"image\/jpeg"}],"author":"Patagonia Ambiental","twitter_card":"summary_large_image","twitter_creator":"@PatAmb","twitter_site":"@PatAmb","schema":{"@context":"https:\/\/schema.org","@graph":[{"@type":"Article","@id":"https:\/\/patagoniambiental.com.ar\/info\/en-resguardo-de-los-ecosistemas-ambiente-realiza-investigaciones-por-la-aparicion-de-fauna-silvestre-en-viedma\/#article","isPartOf":{"@id":"https:\/\/patagoniambiental.com.ar\/info\/en-resguardo-de-los-ecosistemas-ambiente-realiza-investigaciones-por-la-aparicion-de-fauna-silvestre-en-viedma\/"},"author":{"name":"Patagonia Ambiental","@id":"https:\/\/patagoniambiental.com.ar\/info\/#\/schema\/person\/db12bff64bbcbf6a253710bf0ea37b5d"},"headline":"En resguardo de los ecosistemas Ambiente realiza investigaciones por la aparici\u00f3n de fauna silvestre en Viedma","datePublished":"2017-11-02T12:00:07+00:00","dateModified":"2017-11-02T12:36:21+00:00","mainEntityOfPage":{"@id":"https:\/\/patagoniambiental.com.ar\/info\/en-resguardo-de-los-ecosistemas-ambiente-realiza-investigaciones-por-la-aparicion-de-fauna-silvestre-en-viedma\/"},"wordCount":311,"commentCount":0,"publisher":{"@id":"https:\/\/patagoniambiental.com.ar\/info\/#organization"},"image":{"@id":"https:\/\/patagoniambiental.com.ar\/info\/en-resguardo-de-los-ecosistemas-ambiente-realiza-investigaciones-por-la-aparicion-de-fauna-silvestre-en-viedma\/#primaryimage"},"thumbnailUrl":"https:\/\/patagoniambiental.com.ar\/info\/wp-content\/uploads\/2017\/11\/image_content_9009188_20171030210507.jpg","articleSection":["Noticias","Provinciales","R\u00edo Negro"],"inLanguage":"es","potentialAction":[{"@type":"CommentAction","name":"Comment","target":["https:\/\/patagoniambiental.com.ar\/info\/en-resguardo-de-los-ecosistemas-ambiente-realiza-investigaciones-por-la-aparicion-de-fauna-silvestre-en-viedma\/#respond"]}]},{"@type":"WebPage","@id":"https:\/\/patagoniambiental.com.ar\/info\/en-resguardo-de-los-ecosistemas-ambiente-realiza-investigaciones-por-la-aparicion-de-fauna-silvestre-en-viedma\/","url":"https:\/\/patagoniambiental.com.ar\/info\/en-resguardo-de-los-ecosistemas-ambiente-realiza-investigaciones-por-la-aparicion-de-fauna-silvestre-en-viedma\/","name":"En resguardo de los ecosistemas Ambiente realiza investigaciones por la aparici\u00f3n de fauna silvestre en Viedma","isPartOf":{"@id":"https:\/\/patagoniambiental.com.ar\/info\/#website"},"primaryImageOfPage":{"@id":"https:\/\/patagoniambiental.com.ar\/info\/en-resguardo-de-los-ecosistemas-ambiente-realiza-investigaciones-por-la-aparicion-de-fauna-silvestre-en-viedma\/#primaryimage"},"image":{"@id":"https:\/\/patagoniambiental.com.ar\/info\/en-resguardo-de-los-ecosistemas-ambiente-realiza-investigaciones-por-la-aparicion-de-fauna-silvestre-en-viedma\/#primaryimage"},"thumbnailUrl":"https:\/\/patagoniambiental.com.ar\/info\/wp-content\/uploads\/2017\/11\/image_content_9009188_20171030210507.jpg","datePublished":"2017-11-02T12:00:07+00:00","dateModified":"2017-11-02T12:36:21+00:00","breadcrumb":{"@id":"https:\/\/patagoniambiental.com.ar\/info\/en-resguardo-de-los-ecosistemas-ambiente-realiza-investigaciones-por-la-aparicion-de-fauna-silvestre-en-viedma\/#breadcrumb"},"inLanguage":"es","potentialAction":[{"@type":"ReadAction","target":["https:\/\/patagoniambiental.com.ar\/info\/en-resguardo-de-los-ecosistemas-ambiente-realiza-investigaciones-por-la-aparicion-de-fauna-silvestre-en-viedma\/"]}]},{"@type":"ImageObject","inLanguage":"es","@id":"https:\/\/patagoniambiental.com.ar\/info\/en-resguardo-de-los-ecosistemas-ambiente-realiza-investigaciones-por-la-aparicion-de-fauna-silvestre-en-viedma\/#primaryimage","url":"https:\/\/patagoniambiental.com.ar\/info\/wp-content\/uploads\/2017\/11\/image_content_9009188_20171030210507.jpg","contentUrl":"https:\/\/patagoniambiental.com.ar\/info\/wp-content\/uploads\/2017\/11\/image_content_9009188_20171030210507.jpg","width":660,"height":370},{"@type":"BreadcrumbList","@id":"https:\/\/patagoniambiental.com.ar\/info\/en-resguardo-de-los-ecosistemas-ambiente-realiza-investigaciones-por-la-aparicion-de-fauna-silvestre-en-viedma\/#breadcrumb","itemListElement":[{"@type":"ListItem","position":1,"name":"Inicio","item":"https:\/\/patagoniambiental.com.ar\/info\/"},{"@type":"ListItem","position":2,"name":"En resguardo de los ecosistemas Ambiente realiza investigaciones por la aparici\u00f3n de fauna silvestre en Viedma"}]},{"@type":"WebSite","@id":"https:\/\/patagoniambiental.com.ar\/info\/#website","url":"https:\/\/patagoniambiental.com.ar\/info\/","name":"Patagonia Ambiental","description":"Monitoreo y an\u00e1lisis de la situaci\u00f3n geopol\u00edtica en el mundo y su implicancia en la Patagonia","publisher":{"@id":"https:\/\/patagoniambiental.com.ar\/info\/#organization"},"potentialAction":[{"@type":"SearchAction","target":{"@type":"EntryPoint","urlTemplate":"https:\/\/patagoniambiental.com.ar\/info\/?s={search_term_string}"},"query-input":{"@type":"PropertyValueSpecification","valueRequired":true,"valueName":"search_term_string"}}],"inLanguage":"es"},{"@type":"Organization","@id":"https:\/\/patagoniambiental.com.ar\/info\/#organization","name":"Patagonia Ambiental","url":"https:\/\/patagoniambiental.com.ar\/info\/","logo":{"@type":"ImageObject","inLanguage":"es","@id":"https:\/\/patagoniambiental.com.ar\/info\/#\/schema\/logo\/image\/","url":"https:\/\/patagoniambiental.com.ar\/info\/wp-content\/uploads\/2025\/05\/LOGO-PATAGONIA-AMBIENTAL.png","contentUrl":"https:\/\/patagoniambiental.com.ar\/info\/wp-content\/uploads\/2025\/05\/LOGO-PATAGONIA-AMBIENTAL.png","width":433,"height":250,"caption":"Patagonia Ambiental"},"image":{"@id":"https:\/\/patagoniambiental.com.ar\/info\/#\/schema\/logo\/image\/"},"sameAs":["https:\/\/www.facebook.com\/patagonia.ambiental","https:\/\/x.com\/PatAmb"]},{"@type":"Person","@id":"https:\/\/patagoniambiental.com.ar\/info\/#\/schema\/person\/db12bff64bbcbf6a253710bf0ea37b5d","name":"Patagonia Ambiental","description":"Andr\u00e9s Nievas T\u00e9cnico en manejo ambiental, consultor Ambiental y escritor para medios locales e internacionales sobre temas de geopolitica y medio ambiente.","sameAs":["http:\/\/www.patagoniambiental.com.ar","https:\/\/www.facebook.com\/share\/1C1V8Gv9BX\/?mibextid=qi2Omg","@patagoniambiental","https:\/\/youtube.com\/@patagoniaambiental2023?si=BLt58t0wuXquxlYZ"]}]}},"_links":{"self":[{"href":"https:\/\/patagoniambiental.com.ar\/info\/wp-json\/wp\/v2\/posts\/37492","targetHints":{"allow":["GET"]}}],"collection":[{"href":"https:\/\/patagoniambiental.com.ar\/info\/wp-json\/wp\/v2\/posts"}],"about":[{"href":"https:\/\/patagoniambiental.com.ar\/info\/wp-json\/wp\/v2\/types\/post"}],"author":[{"embeddable":true,"href":"https:\/\/patagoniambiental.com.ar\/info\/wp-json\/wp\/v2\/users\/2"}],"replies":[{"embeddable":true,"href":"https:\/\/patagoniambiental.com.ar\/info\/wp-json\/wp\/v2\/comments?post=37492"}],"version-history":[{"count":0,"href":"https:\/\/patagoniambiental.com.ar\/info\/wp-json\/wp\/v2\/posts\/37492\/revisions"}],"wp:featuredmedia":[{"embeddable":true,"href":"https:\/\/patagoniambiental.com.ar\/info\/wp-json\/wp\/v2\/media\/37493"}],"wp:attachment":[{"href":"https:\/\/patagoniambiental.com.ar\/info\/wp-json\/wp\/v2\/media?parent=37492"}],"wp:term":[{"taxonomy":"category","embeddable":true,"href":"https:\/\/patagoniambiental.com.ar\/info\/wp-json\/wp\/v2\/categories?post=37492"},{"taxonomy":"post_tag","embeddable":true,"href":"https:\/\/patagoniambiental.com.ar\/info\/wp-json\/wp\/v2\/tags?post=37492"}],"curies":[{"name":"wp","href":"https:\/\/api.w.org\/{rel}","templated":true}]}}