{"id":375,"date":"1994-10-19T20:52:56","date_gmt":"1994-10-19T23:52:56","guid":{"rendered":"http:\/\/patagoniambiental.com.ar\/?p=375"},"modified":"2017-02-07T23:02:46","modified_gmt":"2017-02-07T23:02:46","slug":"fundacion-madre-tierra-trabajando-por-una-mejor-calidad-de-vida","status":"publish","type":"post","link":"https:\/\/patagoniambiental.com.ar\/info\/fundacion-madre-tierra-trabajando-por-una-mejor-calidad-de-vida\/","title":{"rendered":"Fundaci\u00f3n Madre Tierra-Trabajando por una mejor calidad de vida"},"content":{"rendered":"<p style=\"text-align: justify;\">Fundaci\u00f3n Madre Tierra l 19-10-1994 l Fuente: Diario LA VOZ,.. El Doctor Lu\u00eds Nievas, su presidente estuvo con La Voz, nos inform\u00f3 de las actividades a las que se hallan abocados los grupos j\u00f3venes que \u201ctrabajan\u201d en ella,<!--more--> las campa\u00f1as a implementarse en la pr\u00f3xima temporada veraniega, en fin un pormenorizado informe de la Fundaci\u00f3n que el preside.<\/p>\n<p style=\"text-align: justify;\">\u201cLa Fundaci\u00f3n Madre Tierra, en su trabajo en la comarca ha hecho extensiva la invitaci\u00f3n al trabajo a toda la comunidad, pero en forma especial a los j\u00f3venes\u201d.<\/p>\n<p style=\"text-align: justify;\">\u201cPara llegar a esto se dictaron cursos de perfeccionamiento, lo que permiti\u00f3 que muchos chicos se integraran a la fundaci\u00f3n, ellos\u00a0 a su vez buscaron su propia individualidad y autoridades de esa forma se denominaron grupo \u201cSol y Car\u00fa\u201d dentro de nuestra fundaci\u00f3n, esto quiere decir \u201cSol y Verde\u201d ya que car\u00fa es verde en arauc\u00e1no\u201d<\/p>\n<p style=\"text-align: justify;\">Inquirimos sobre la entrega de premios que se va a realizar en fecha pr\u00f3xima y esto nos respond\u00eda el Dr. Lu\u00eds Nievas, \u201cUna de las actividades, aparte de los trabajos espec\u00edficos, que qued\u00f3 a cargo del grupo juvenil fue el logotipo de la fundaci\u00f3n y ellos decidieron hacerlo abierto a todos los j\u00f3venes, y por eso llamaron a un concurso de logotipos, este ya finaliz\u00f3 y el premio al ganador se va a entregar, junto con las distintas menciones especiales el d\u00eda viernes a las 10, 30 de la ma\u00f1ana, en el Centro Municipal de cultura\u201d.<\/p>\n<p style=\"text-align: justify;\">\u201cla actividad de los j\u00f3venes dentro de la fundaci\u00f3n esta intimamente ligado a la basura y forestaci\u00f3n, en esta primera etapa con un diagn\u00f3stico de situaci\u00f3n con propuestas inclusive efectuadas a quienes deber\u00edan ejecutar o compartir las funciones, que son las autoridades municipales\u201d<\/p>\n<p style=\"text-align: justify;\">Como se toc\u00f3 el tema de la basura deseamos saber que le dir\u00eda la fundaci\u00f3n a los j\u00f3venes que desaprensivamente arrojan \u201clas latitas\u201d en la v\u00eda p\u00fablica, al respecto nos dec\u00eda:<\/p>\n<p style=\"text-align: justify;\">\u201cjustamente dentro de este diagn\u00f3stico de situaci\u00f3n, estamos trabajando sobre esto, los chicos consideran que no es tanto juntar \u201clatitas\u201d, sino tratar de no se sigan utilizando como envases por una cuesti\u00f3n simplemente consumista o econ\u00f3mica.<\/p>\n<p style=\"text-align: justify;\">\u00bfEl llamado es a toda la juventud sin discriminaci\u00f3n de religi\u00f3n ni ideas pol\u00edticas?<\/p>\n<p style=\"text-align: justify;\">\u201cEst\u00e1 abierto a todos los chicos de Viedma, ac\u00e1 por encima de las ideolog\u00edas esta el gran tema entre la humanidad y la tierra y dentro de ese contexto es que los convocamos a todos, m\u00e1s all\u00e1 de que puedan tener sus ideas pol\u00edticas, que mejor de que las distintas ideas pol\u00edticas levanten las banderas de convivencia entre la humanidad y la tierra\u201d<\/p>\n<p style=\"text-align: justify;\">Sobre le tema de la limpieza, \u00bfno se esta implementando ning\u00fan tipo de campa\u00f1a para este verano en nuestro balneario municipal?<\/p>\n<p style=\"text-align: justify;\">\u201cEsa es una de las actividades que estamos implementando para desarrollar una vez que finalicemos el tema del logotipo, nos vamos a poner a trabajar sobre la campa\u00f1a del verano en Viedma y la zona de los balnearios costeros\u201d<\/p>\n<p style=\"text-align: justify;\">\u201cEsta campa\u00f1a va a estar basada en la educaci\u00f3n y en la persuasi\u00f3n, existen las autoridades para que se determinen otro tipo de medidas, pero nosotros vamos a trabajar sobre la persuasi\u00f3n y la educaci\u00f3n, la persuasi\u00f3n va a estar dada por el ejemplo\u201d<\/p>\n<p style=\"text-align: justify;\">\u201cEl mensaje final para la juventud de la Comarca por m\u00e1s que sea repetitivo vale la pena repetirlo, queremos que sean los fiscalizadores de la idea de la fundaci\u00f3n o sea los que nos digan si las cosas se hacen bien o mal y segundo que se integren y trabajen con nosotros con todo su tiempo y ganas por esta causa, que es la causa de la tierra y de la humanidad\u201d<\/p>\n<p style=\"text-align: justify;\">\u201cDeseo invitar a los j\u00f3venes y toda la comunidad para el d\u00eda viernes a las 10, 30 horas en el Centro municipal de Cultura, donde estar\u00e1n en exposici\u00f3n 63 logotipos realizados por los chicos de los colegios de Viedma, Patagones y San Javier, esto va a ser a partir del d\u00eda jueves a partir de las 13,30 horas, en Centro Municipal de Cultura y la entrega de los premios ser\u00e1 el viernes a la ma\u00f1ana\u201d<\/p>\n","protected":false},"excerpt":{"rendered":"<p>Fundaci\u00f3n Madre Tierra l 19-10-1994 l Fuente: Diario LA VOZ,.. El Doctor Lu\u00eds Nievas, su presidente estuvo con La Voz, [&hellip;]<\/p>\n","protected":false},"author":2,"featured_media":0,"comment_status":"closed","ping_status":"closed","sticky":false,"template":"","format":"standard","meta":{"site-sidebar-layout":"default","site-content-layout":"","ast-site-content-layout":"default","site-content-style":"default","site-sidebar-style":"default","ast-global-header-display":"","ast-banner-title-visibility":"","ast-main-header-display":"","ast-hfb-above-header-display":"","ast-hfb-below-header-display":"","ast-hfb-mobile-header-display":"","site-post-title":"","ast-breadcrumbs-content":"","ast-featured-img":"","footer-sml-layout":"","ast-disable-related-posts":"","theme-transparent-header-meta":"","adv-header-id-meta":"","stick-header-meta":"","header-above-stick-meta":"","header-main-stick-meta":"","header-below-stick-meta":"","astra-migrate-meta-layouts":"default","ast-page-background-enabled":"default","ast-page-background-meta":{"desktop":{"background-color":"var(--ast-global-color-5)","background-image":"","background-repeat":"repeat","background-position":"center center","background-size":"auto","background-attachment":"scroll","background-type":"","background-media":"","overlay-type":"","overlay-color":"","overlay-opacity":"","overlay-gradient":""},"tablet":{"background-color":"","background-image":"","background-repeat":"repeat","background-position":"center center","background-size":"auto","background-attachment":"scroll","background-type":"","background-media":"","overlay-type":"","overlay-color":"","overlay-opacity":"","overlay-gradient":""},"mobile":{"background-color":"","background-image":"","background-repeat":"repeat","background-position":"center center","background-size":"auto","background-attachment":"scroll","background-type":"","background-media":"","overlay-type":"","overlay-color":"","overlay-opacity":"","overlay-gradient":""}},"ast-content-background-meta":{"desktop":{"background-color":"var(--ast-global-color-4)","background-image":"","background-repeat":"repeat","background-position":"center center","background-size":"auto","background-attachment":"scroll","background-type":"","background-media":"","overlay-type":"","overlay-color":"","overlay-opacity":"","overlay-gradient":""},"tablet":{"background-color":"var(--ast-global-color-4)","background-image":"","background-repeat":"repeat","background-position":"center center","background-size":"auto","background-attachment":"scroll","background-type":"","background-media":"","overlay-type":"","overlay-color":"","overlay-opacity":"","overlay-gradient":""},"mobile":{"background-color":"var(--ast-global-color-4)","background-image":"","background-repeat":"repeat","background-position":"center center","background-size":"auto","background-attachment":"scroll","background-type":"","background-media":"","overlay-type":"","overlay-color":"","overlay-opacity":"","overlay-gradient":""}},"footnotes":""},"categories":[1,3],"tags":[],"class_list":["post-375","post","type-post","status-publish","format-standard","hentry","category-noticias","category-ong"],"yoast_head":"<!-- This site is optimized with the Yoast SEO Premium plugin v23.0 (Yoast SEO v27.5) - https:\/\/yoast.com\/product\/yoast-seo-premium-wordpress\/ -->\n<title>Fundaci\u00f3n Madre Tierra-Trabajando por una mejor calidad de vida<\/title>\n<meta name=\"robots\" content=\"index, follow, max-snippet:-1, max-image-preview:large, max-video-preview:-1\" \/>\n<link rel=\"canonical\" href=\"https:\/\/patagoniambiental.com.ar\/info\/fundacion-madre-tierra-trabajando-por-una-mejor-calidad-de-vida\/\" \/>\n<meta property=\"og:locale\" content=\"es_ES\" \/>\n<meta property=\"og:type\" content=\"article\" \/>\n<meta property=\"og:title\" content=\"Fundaci\u00f3n Madre Tierra-Trabajando por una mejor calidad de vida\" \/>\n<meta property=\"og:description\" content=\"Fundaci\u00f3n Madre Tierra l 19-10-1994 l Fuente: Diario LA VOZ,.. El Doctor Lu\u00eds Nievas, su presidente estuvo con La Voz, [&hellip;]\" \/>\n<meta property=\"og:url\" content=\"https:\/\/patagoniambiental.com.ar\/info\/fundacion-madre-tierra-trabajando-por-una-mejor-calidad-de-vida\/\" \/>\n<meta property=\"og:site_name\" content=\"Patagonia Ambiental\" \/>\n<meta property=\"article:publisher\" content=\"https:\/\/www.facebook.com\/patagonia.ambiental\" \/>\n<meta property=\"article:author\" content=\"https:\/\/www.facebook.com\/share\/1C1V8Gv9BX\/?mibextid=qi2Omg\" \/>\n<meta property=\"article:published_time\" content=\"1994-10-19T23:52:56+00:00\" \/>\n<meta property=\"article:modified_time\" content=\"2017-02-07T23:02:46+00:00\" \/>\n<meta name=\"author\" content=\"Patagonia Ambiental\" \/>\n<meta name=\"twitter:card\" content=\"summary_large_image\" \/>\n<meta name=\"twitter:creator\" content=\"@PatAmb\" \/>\n<meta name=\"twitter:site\" content=\"@PatAmb\" \/>\n<script type=\"application\/ld+json\" class=\"yoast-schema-graph\">{\"@context\":\"https:\\\/\\\/schema.org\",\"@graph\":[{\"@type\":\"Article\",\"@id\":\"https:\\\/\\\/patagoniambiental.com.ar\\\/info\\\/fundacion-madre-tierra-trabajando-por-una-mejor-calidad-de-vida\\\/#article\",\"isPartOf\":{\"@id\":\"https:\\\/\\\/patagoniambiental.com.ar\\\/info\\\/fundacion-madre-tierra-trabajando-por-una-mejor-calidad-de-vida\\\/\"},\"author\":{\"name\":\"Patagonia Ambiental\",\"@id\":\"https:\\\/\\\/patagoniambiental.com.ar\\\/info\\\/#\\\/schema\\\/person\\\/db12bff64bbcbf6a253710bf0ea37b5d\"},\"headline\":\"Fundaci\u00f3n Madre Tierra-Trabajando por una mejor calidad de vida\",\"datePublished\":\"1994-10-19T23:52:56+00:00\",\"dateModified\":\"2017-02-07T23:02:46+00:00\",\"mainEntityOfPage\":{\"@id\":\"https:\\\/\\\/patagoniambiental.com.ar\\\/info\\\/fundacion-madre-tierra-trabajando-por-una-mejor-calidad-de-vida\\\/\"},\"wordCount\":741,\"publisher\":{\"@id\":\"https:\\\/\\\/patagoniambiental.com.ar\\\/info\\\/#organization\"},\"articleSection\":[\"Noticias\",\"ONG\"],\"inLanguage\":\"es\"},{\"@type\":\"WebPage\",\"@id\":\"https:\\\/\\\/patagoniambiental.com.ar\\\/info\\\/fundacion-madre-tierra-trabajando-por-una-mejor-calidad-de-vida\\\/\",\"url\":\"https:\\\/\\\/patagoniambiental.com.ar\\\/info\\\/fundacion-madre-tierra-trabajando-por-una-mejor-calidad-de-vida\\\/\",\"name\":\"Fundaci\u00f3n Madre Tierra-Trabajando por una mejor calidad de vida\",\"isPartOf\":{\"@id\":\"https:\\\/\\\/patagoniambiental.com.ar\\\/info\\\/#website\"},\"datePublished\":\"1994-10-19T23:52:56+00:00\",\"dateModified\":\"2017-02-07T23:02:46+00:00\",\"breadcrumb\":{\"@id\":\"https:\\\/\\\/patagoniambiental.com.ar\\\/info\\\/fundacion-madre-tierra-trabajando-por-una-mejor-calidad-de-vida\\\/#breadcrumb\"},\"inLanguage\":\"es\",\"potentialAction\":[{\"@type\":\"ReadAction\",\"target\":[\"https:\\\/\\\/patagoniambiental.com.ar\\\/info\\\/fundacion-madre-tierra-trabajando-por-una-mejor-calidad-de-vida\\\/\"]}]},{\"@type\":\"BreadcrumbList\",\"@id\":\"https:\\\/\\\/patagoniambiental.com.ar\\\/info\\\/fundacion-madre-tierra-trabajando-por-una-mejor-calidad-de-vida\\\/#breadcrumb\",\"itemListElement\":[{\"@type\":\"ListItem\",\"position\":1,\"name\":\"Inicio\",\"item\":\"https:\\\/\\\/patagoniambiental.com.ar\\\/info\\\/\"},{\"@type\":\"ListItem\",\"position\":2,\"name\":\"Fundaci\u00f3n Madre Tierra-Trabajando por una mejor calidad de vida\"}]},{\"@type\":\"WebSite\",\"@id\":\"https:\\\/\\\/patagoniambiental.com.ar\\\/info\\\/#website\",\"url\":\"https:\\\/\\\/patagoniambiental.com.ar\\\/info\\\/\",\"name\":\"Patagonia Ambiental\",\"description\":\"Monitoreo y an\u00e1lisis de la situaci\u00f3n geopol\u00edtica en el mundo y su implicancia en la Patagonia\",\"publisher\":{\"@id\":\"https:\\\/\\\/patagoniambiental.com.ar\\\/info\\\/#organization\"},\"potentialAction\":[{\"@type\":\"SearchAction\",\"target\":{\"@type\":\"EntryPoint\",\"urlTemplate\":\"https:\\\/\\\/patagoniambiental.com.ar\\\/info\\\/?s={search_term_string}\"},\"query-input\":{\"@type\":\"PropertyValueSpecification\",\"valueRequired\":true,\"valueName\":\"search_term_string\"}}],\"inLanguage\":\"es\"},{\"@type\":\"Organization\",\"@id\":\"https:\\\/\\\/patagoniambiental.com.ar\\\/info\\\/#organization\",\"name\":\"Patagonia Ambiental\",\"url\":\"https:\\\/\\\/patagoniambiental.com.ar\\\/info\\\/\",\"logo\":{\"@type\":\"ImageObject\",\"inLanguage\":\"es\",\"@id\":\"https:\\\/\\\/patagoniambiental.com.ar\\\/info\\\/#\\\/schema\\\/logo\\\/image\\\/\",\"url\":\"https:\\\/\\\/patagoniambiental.com.ar\\\/info\\\/wp-content\\\/uploads\\\/2025\\\/05\\\/LOGO-PATAGONIA-AMBIENTAL.png\",\"contentUrl\":\"https:\\\/\\\/patagoniambiental.com.ar\\\/info\\\/wp-content\\\/uploads\\\/2025\\\/05\\\/LOGO-PATAGONIA-AMBIENTAL.png\",\"width\":433,\"height\":250,\"caption\":\"Patagonia Ambiental\"},\"image\":{\"@id\":\"https:\\\/\\\/patagoniambiental.com.ar\\\/info\\\/#\\\/schema\\\/logo\\\/image\\\/\"},\"sameAs\":[\"https:\\\/\\\/www.facebook.com\\\/patagonia.ambiental\",\"https:\\\/\\\/x.com\\\/PatAmb\"]},{\"@type\":\"Person\",\"@id\":\"https:\\\/\\\/patagoniambiental.com.ar\\\/info\\\/#\\\/schema\\\/person\\\/db12bff64bbcbf6a253710bf0ea37b5d\",\"name\":\"Patagonia Ambiental\",\"description\":\"Andr\u00e9s Nievas T\u00e9cnico en manejo ambiental, consultor Ambiental y escritor para medios locales e internacionales sobre temas de geopolitica y medio ambiente.\",\"sameAs\":[\"http:\\\/\\\/www.patagoniambiental.com.ar\",\"https:\\\/\\\/www.facebook.com\\\/share\\\/1C1V8Gv9BX\\\/?mibextid=qi2Omg\",\"@patagoniambiental\",\"https:\\\/\\\/youtube.com\\\/@patagoniaambiental2023?si=BLt58t0wuXquxlYZ\"]}]}<\/script>\n<!-- \/ Yoast SEO Premium plugin. -->","yoast_head_json":{"title":"Fundaci\u00f3n Madre Tierra-Trabajando por una mejor calidad de vida","robots":{"index":"index","follow":"follow","max-snippet":"max-snippet:-1","max-image-preview":"max-image-preview:large","max-video-preview":"max-video-preview:-1"},"canonical":"https:\/\/patagoniambiental.com.ar\/info\/fundacion-madre-tierra-trabajando-por-una-mejor-calidad-de-vida\/","og_locale":"es_ES","og_type":"article","og_title":"Fundaci\u00f3n Madre Tierra-Trabajando por una mejor calidad de vida","og_description":"Fundaci\u00f3n Madre Tierra l 19-10-1994 l Fuente: Diario LA VOZ,.. El Doctor Lu\u00eds Nievas, su presidente estuvo con La Voz, [&hellip;]","og_url":"https:\/\/patagoniambiental.com.ar\/info\/fundacion-madre-tierra-trabajando-por-una-mejor-calidad-de-vida\/","og_site_name":"Patagonia Ambiental","article_publisher":"https:\/\/www.facebook.com\/patagonia.ambiental","article_author":"https:\/\/www.facebook.com\/share\/1C1V8Gv9BX\/?mibextid=qi2Omg","article_published_time":"1994-10-19T23:52:56+00:00","article_modified_time":"2017-02-07T23:02:46+00:00","author":"Patagonia Ambiental","twitter_card":"summary_large_image","twitter_creator":"@PatAmb","twitter_site":"@PatAmb","schema":{"@context":"https:\/\/schema.org","@graph":[{"@type":"Article","@id":"https:\/\/patagoniambiental.com.ar\/info\/fundacion-madre-tierra-trabajando-por-una-mejor-calidad-de-vida\/#article","isPartOf":{"@id":"https:\/\/patagoniambiental.com.ar\/info\/fundacion-madre-tierra-trabajando-por-una-mejor-calidad-de-vida\/"},"author":{"name":"Patagonia Ambiental","@id":"https:\/\/patagoniambiental.com.ar\/info\/#\/schema\/person\/db12bff64bbcbf6a253710bf0ea37b5d"},"headline":"Fundaci\u00f3n Madre Tierra-Trabajando por una mejor calidad de vida","datePublished":"1994-10-19T23:52:56+00:00","dateModified":"2017-02-07T23:02:46+00:00","mainEntityOfPage":{"@id":"https:\/\/patagoniambiental.com.ar\/info\/fundacion-madre-tierra-trabajando-por-una-mejor-calidad-de-vida\/"},"wordCount":741,"publisher":{"@id":"https:\/\/patagoniambiental.com.ar\/info\/#organization"},"articleSection":["Noticias","ONG"],"inLanguage":"es"},{"@type":"WebPage","@id":"https:\/\/patagoniambiental.com.ar\/info\/fundacion-madre-tierra-trabajando-por-una-mejor-calidad-de-vida\/","url":"https:\/\/patagoniambiental.com.ar\/info\/fundacion-madre-tierra-trabajando-por-una-mejor-calidad-de-vida\/","name":"Fundaci\u00f3n Madre Tierra-Trabajando por una mejor calidad de vida","isPartOf":{"@id":"https:\/\/patagoniambiental.com.ar\/info\/#website"},"datePublished":"1994-10-19T23:52:56+00:00","dateModified":"2017-02-07T23:02:46+00:00","breadcrumb":{"@id":"https:\/\/patagoniambiental.com.ar\/info\/fundacion-madre-tierra-trabajando-por-una-mejor-calidad-de-vida\/#breadcrumb"},"inLanguage":"es","potentialAction":[{"@type":"ReadAction","target":["https:\/\/patagoniambiental.com.ar\/info\/fundacion-madre-tierra-trabajando-por-una-mejor-calidad-de-vida\/"]}]},{"@type":"BreadcrumbList","@id":"https:\/\/patagoniambiental.com.ar\/info\/fundacion-madre-tierra-trabajando-por-una-mejor-calidad-de-vida\/#breadcrumb","itemListElement":[{"@type":"ListItem","position":1,"name":"Inicio","item":"https:\/\/patagoniambiental.com.ar\/info\/"},{"@type":"ListItem","position":2,"name":"Fundaci\u00f3n Madre Tierra-Trabajando por una mejor calidad de vida"}]},{"@type":"WebSite","@id":"https:\/\/patagoniambiental.com.ar\/info\/#website","url":"https:\/\/patagoniambiental.com.ar\/info\/","name":"Patagonia Ambiental","description":"Monitoreo y an\u00e1lisis de la situaci\u00f3n geopol\u00edtica en el mundo y su implicancia en la Patagonia","publisher":{"@id":"https:\/\/patagoniambiental.com.ar\/info\/#organization"},"potentialAction":[{"@type":"SearchAction","target":{"@type":"EntryPoint","urlTemplate":"https:\/\/patagoniambiental.com.ar\/info\/?s={search_term_string}"},"query-input":{"@type":"PropertyValueSpecification","valueRequired":true,"valueName":"search_term_string"}}],"inLanguage":"es"},{"@type":"Organization","@id":"https:\/\/patagoniambiental.com.ar\/info\/#organization","name":"Patagonia Ambiental","url":"https:\/\/patagoniambiental.com.ar\/info\/","logo":{"@type":"ImageObject","inLanguage":"es","@id":"https:\/\/patagoniambiental.com.ar\/info\/#\/schema\/logo\/image\/","url":"https:\/\/patagoniambiental.com.ar\/info\/wp-content\/uploads\/2025\/05\/LOGO-PATAGONIA-AMBIENTAL.png","contentUrl":"https:\/\/patagoniambiental.com.ar\/info\/wp-content\/uploads\/2025\/05\/LOGO-PATAGONIA-AMBIENTAL.png","width":433,"height":250,"caption":"Patagonia Ambiental"},"image":{"@id":"https:\/\/patagoniambiental.com.ar\/info\/#\/schema\/logo\/image\/"},"sameAs":["https:\/\/www.facebook.com\/patagonia.ambiental","https:\/\/x.com\/PatAmb"]},{"@type":"Person","@id":"https:\/\/patagoniambiental.com.ar\/info\/#\/schema\/person\/db12bff64bbcbf6a253710bf0ea37b5d","name":"Patagonia Ambiental","description":"Andr\u00e9s Nievas T\u00e9cnico en manejo ambiental, consultor Ambiental y escritor para medios locales e internacionales sobre temas de geopolitica y medio ambiente.","sameAs":["http:\/\/www.patagoniambiental.com.ar","https:\/\/www.facebook.com\/share\/1C1V8Gv9BX\/?mibextid=qi2Omg","@patagoniambiental","https:\/\/youtube.com\/@patagoniaambiental2023?si=BLt58t0wuXquxlYZ"]}]}},"_links":{"self":[{"href":"https:\/\/patagoniambiental.com.ar\/info\/wp-json\/wp\/v2\/posts\/375","targetHints":{"allow":["GET"]}}],"collection":[{"href":"https:\/\/patagoniambiental.com.ar\/info\/wp-json\/wp\/v2\/posts"}],"about":[{"href":"https:\/\/patagoniambiental.com.ar\/info\/wp-json\/wp\/v2\/types\/post"}],"author":[{"embeddable":true,"href":"https:\/\/patagoniambiental.com.ar\/info\/wp-json\/wp\/v2\/users\/2"}],"replies":[{"embeddable":true,"href":"https:\/\/patagoniambiental.com.ar\/info\/wp-json\/wp\/v2\/comments?post=375"}],"version-history":[{"count":0,"href":"https:\/\/patagoniambiental.com.ar\/info\/wp-json\/wp\/v2\/posts\/375\/revisions"}],"wp:attachment":[{"href":"https:\/\/patagoniambiental.com.ar\/info\/wp-json\/wp\/v2\/media?parent=375"}],"wp:term":[{"taxonomy":"category","embeddable":true,"href":"https:\/\/patagoniambiental.com.ar\/info\/wp-json\/wp\/v2\/categories?post=375"},{"taxonomy":"post_tag","embeddable":true,"href":"https:\/\/patagoniambiental.com.ar\/info\/wp-json\/wp\/v2\/tags?post=375"}],"curies":[{"name":"wp","href":"https:\/\/api.w.org\/{rel}","templated":true}]}}